{"id":109767,"date":"2014-08-03T02:56:51","date_gmt":"2014-08-03T00:56:51","guid":{"rendered":"https:\/\/sandzakpress.net\/arhiva\/?p=109767"},"modified":"2014-08-03T02:56:51","modified_gmt":"2014-08-03T00:56:51","slug":"bajramsko-sijelo-za-zene","status":"publish","type":"post","link":"https:\/\/sandzakpress.net\/arhiva\/bajramsko-sijelo-za-zene\/","title":{"rendered":"Bajramsko sijelo za \u017eene"},"content":{"rendered":"<p><img loading=\"lazy\" decoding=\"async\" class=\"aligncenter size-full wp-image-109770\" src=\"https:\/\/sandzakpress.net\/arhiva\/wp-content\/uploads\/2014\/08\/10520656_10202443342626256_5080683665669377070_n.jpg\" alt=\"10520656_10202443342626256_5080683665669377070_n\" width=\"960\" height=\"720\" srcset=\"https:\/\/sandzakpress.net\/arhiva\/wp-content\/uploads\/2014\/08\/10520656_10202443342626256_5080683665669377070_n.jpg 960w, https:\/\/sandzakpress.net\/arhiva\/wp-content\/uploads\/2014\/08\/10520656_10202443342626256_5080683665669377070_n-616x462.jpg 616w\" sizes=\"(max-width: 960px) 100vw, 960px\" \/><\/p>\n<p><strong>Novi Pazar &#8211; U Novom Pazaru je ve\u0107 postala tradicija da se tre\u0107eg dana Bajrama \u017eene okupe i uz korisne savjete dru\u017ee. Ovog Bajrama, 30. 07. 2014, u organizaciji Muslimanskog omladinskog kluba i udru\u017eenja \u017eena &#8220;Merjem&#8221; organizirano je \u017eensko bajramsko sijelo u velikoj sali Me\u0161ihata. \u010clanice MOK-a, studentice Fakulteta za islamske studije i u\u010denice medrese Gazi Isa-beg su prisutne po\u010dastile u\u010denjem Kur'ana, svojim literalnim radovima, recitiranjem pjesama, kao i izvo\u0111enjem ilahija i sevdalinki.\u00a0<\/strong><\/p>\n<p>Medresa je \u0161kola koja odgaja i obrazuje mlade ljude, ali isto tako ih podu\u010dava i da budu kreativni. Kroz Medresu mnoge generacije u\u010dile su kako da kroz razne aktivnosti pri\u0111u ljudima i pozovu ih na \u010dinjenje dobra i ostavljanje zla. U okviru vannastavnih aktivnosti \u017eenskog odjeljenja medrese Gazi Isa-beg djeluje dramska sekcija. I ovaj put u\u010denice Medrese su se predstavile dramskim komadom koji je bio poziv prisutnima da se klone ogovaranja, jer je to djelo zbog kojeg \u0107e ljudi na Sudnjem danu i pored mnogobrojih dobrih djela, u\u0107i u D\u017eehennem. To je djelo zbog kojeg \u0107e onome koji ogovara biti oduzeta dobra djela na Sudnjem danu i data onima koje je ogovarao.<\/p>\n<p>Ovom prilikom su uru\u010dene hedije \u010dlanicama MOK-a i udru\u017eenja \u017eena &#8220;Merjem&#8221; prof. Zejni Plojovi\u0107 i Anisi D\u017eanefendi\u0107 u znak zahvalnosti za doprinos koji su dale u proteklim godinama. One se uskoro rastaju od nas, ali \u0107e uvijek ostati dio na\u0161ih srca.<\/p>\n<p style=\"color: #222222;\">Na ulazu u salu sve prisutne su dobile bombonu na \u010dijem omotu je ispisan hadis Poslanika, sallallahu alejhi ve sellem. Sestre kod kojih se nalazio hadis &#8220;Dova je oru\u017eje vjernika&#8221; dobile su hedije. Upravo su ove Poslanikove, sallallahu alejhi ve sellem, rije\u010di bile glavna poruku ovog dru\u017eenja.<\/p>\n<p style=\"color: #222222;\">&#8220;Suhim usnama \u0161aptali smo dove, uzdasima Gospodara veli\u010dali, \u017eedni pored vode prolazili tra\u017ee\u0107 zadovoljstvo Jedinog. Ispratismo mjesec Allahove milosti, sa dovom da smo ga na najljep\u0161i na\u010din ugostili i da \u0107emo ponovo do\u010dekati gost da nam bude. Uzvi\u0161enog Allaha smo u redovima poredani veli\u010dali, i javno i tajno mu ibadet \u010dinili, \u010dvrsto u djelima i rije\u010dima \u0161ehadet nose\u0107. Imamo pravo na bajramsku radost, ali nas radost ne smije tjerati u zaborav. I dok smo do\u010dekivale bajram nismo smjele zaboraviti fotografije ljudi koji su u ru\u0161evinama Ramazan ispostili i Bajram do\u010dekali. Dok svoje dijete u najnovijoj markiranoj garderobi privija\u0161 uza sebe sjeti se da tamo negdje u zemlji Palestini djecu ne grle tople maj\u010dine ruke, ve\u0107 tmina hladnih ru\u0161evina. Ni ju\u010der, ni danas, ni sutra, ne smijemo zaboraviti ranu na\u0161u, na\u0161u Palestinu. I ne\u0107emo zaboraviti djecu palestinsku koja se protiv tenkova i raketa bore si\u0107u\u0161nim kamenjem. Dova je na\u0161e oru\u017eje, oru\u017eje koje ni u jednom trenutku ne smije odlo\u017eeno biti!&#8221; &#8211; poru\u010deno je sa skupa.<\/p>\n<p style=\"color: #222222;\"><a href=\"https:\/\/sandzakpress.net\/arhiva\/wp-content\/uploads\/2014\/08\/10920_10202443313425526_2918191298492667818_n.jpg\"><img loading=\"lazy\" decoding=\"async\" class=\"aligncenter size-full wp-image-109768\" src=\"https:\/\/sandzakpress.net\/arhiva\/wp-content\/uploads\/2014\/08\/10920_10202443313425526_2918191298492667818_n.jpg\" alt=\"10920_10202443313425526_2918191298492667818_n\" width=\"960\" height=\"720\" srcset=\"https:\/\/sandzakpress.net\/arhiva\/wp-content\/uploads\/2014\/08\/10920_10202443313425526_2918191298492667818_n.jpg 960w, https:\/\/sandzakpress.net\/arhiva\/wp-content\/uploads\/2014\/08\/10920_10202443313425526_2918191298492667818_n-616x462.jpg 616w\" sizes=\"(max-width: 960px) 100vw, 960px\" \/><\/a> <a href=\"https:\/\/sandzakpress.net\/arhiva\/wp-content\/uploads\/2014\/08\/10513240_10202443400467702_1301625180583809045_n.jpg\"><img loading=\"lazy\" decoding=\"async\" class=\"aligncenter size-full wp-image-109769\" src=\"https:\/\/sandzakpress.net\/arhiva\/wp-content\/uploads\/2014\/08\/10513240_10202443400467702_1301625180583809045_n.jpg\" alt=\"10513240_10202443400467702_1301625180583809045_n\" width=\"960\" height=\"720\" srcset=\"https:\/\/sandzakpress.net\/arhiva\/wp-content\/uploads\/2014\/08\/10513240_10202443400467702_1301625180583809045_n.jpg 960w, https:\/\/sandzakpress.net\/arhiva\/wp-content\/uploads\/2014\/08\/10513240_10202443400467702_1301625180583809045_n-616x462.jpg 616w\" sizes=\"(max-width: 960px) 100vw, 960px\" \/><\/a> <a href=\"https:\/\/sandzakpress.net\/arhiva\/wp-content\/uploads\/2014\/08\/10576953_10202443430628456_6974780186739269128_n.jpg\"><img loading=\"lazy\" decoding=\"async\" class=\"aligncenter size-full wp-image-109771\" src=\"https:\/\/sandzakpress.net\/arhiva\/wp-content\/uploads\/2014\/08\/10576953_10202443430628456_6974780186739269128_n.jpg\" alt=\"10576953_10202443430628456_6974780186739269128_n\" width=\"960\" height=\"720\" srcset=\"https:\/\/sandzakpress.net\/arhiva\/wp-content\/uploads\/2014\/08\/10576953_10202443430628456_6974780186739269128_n.jpg 960w, https:\/\/sandzakpress.net\/arhiva\/wp-content\/uploads\/2014\/08\/10576953_10202443430628456_6974780186739269128_n-616x462.jpg 616w\" sizes=\"(max-width: 960px) 100vw, 960px\" \/><\/a> <a href=\"https:\/\/sandzakpress.net\/arhiva\/wp-content\/uploads\/2014\/08\/10593063_10202443320385700_791641501477471978_n.jpg\"><img loading=\"lazy\" decoding=\"async\" class=\"aligncenter size-full wp-image-109772\" src=\"https:\/\/sandzakpress.net\/arhiva\/wp-content\/uploads\/2014\/08\/10593063_10202443320385700_791641501477471978_n.jpg\" alt=\"10593063_10202443320385700_791641501477471978_n\" width=\"960\" height=\"720\" srcset=\"https:\/\/sandzakpress.net\/arhiva\/wp-content\/uploads\/2014\/08\/10593063_10202443320385700_791641501477471978_n.jpg 960w, https:\/\/sandzakpress.net\/arhiva\/wp-content\/uploads\/2014\/08\/10593063_10202443320385700_791641501477471978_n-616x462.jpg 616w\" sizes=\"(max-width: 960px) 100vw, 960px\" \/><\/a><\/p>\n<p style=\"color: #222222;\">(MOK)<\/p>\n","protected":false},"excerpt":{"rendered":"<p>Novi Pazar &#8211; U Novom Pazaru je ve\u0107 postala tradicija da se tre\u0107eg dana Bajrama \u017eene okupe i uz korisne savjete dru\u017ee. Ovog Bajrama, 30. 07. 2014, u organizaciji Muslimanskog omladinskog kluba i udru\u017eenja \u017eena &#8220;Merjem&#8221; organizirano je \u017eensko bajramsko sijelo u velikoj sali Me\u0161ihata. \u010clanice MOK-a, studentice Fakulteta za islamske studije i u\u010denice medrese [&hellip;]<\/p>\n","protected":false},"author":83,"featured_media":109770,"comment_status":"open","ping_status":"open","sticky":false,"template":"","format":"standard","meta":{"footnotes":""},"categories":[72,802],"tags":[10296],"class_list":{"0":"post-109767","1":"post","2":"type-post","3":"status-publish","4":"format-standard","5":"has-post-thumbnail","7":"category-novi-pazar","8":"category-islamska_zajednica","9":"tag-mok"},"yoast_head":"<!-- This site is optimized with the Yoast SEO Premium plugin v23.1 (Yoast SEO v24.9) - https:\/\/yoast.com\/wordpress\/plugins\/seo\/ -->\n<title>Bajramsko sijelo za \u017eene<\/title>\n<meta name=\"robots\" content=\"index, follow, max-snippet:-1, max-image-preview:large, max-video-preview:-1\" \/>\n<link rel=\"canonical\" href=\"https:\/\/sandzakpress.net\/arhiva\/bajramsko-sijelo-za-zene\/\" \/>\n<meta property=\"og:locale\" content=\"bs_BA\" \/>\n<meta property=\"og:type\" content=\"article\" \/>\n<meta property=\"og:title\" content=\"Bajramsko sijelo za \u017eene\" \/>\n<meta property=\"og:description\" content=\"Novi Pazar &#8211; U Novom Pazaru je ve\u0107 postala tradicija da se tre\u0107eg dana Bajrama \u017eene okupe i uz korisne savjete dru\u017ee. Ovog Bajrama, 30. 07. 2014, u organizaciji Muslimanskog omladinskog kluba i udru\u017eenja \u017eena &#8220;Merjem&#8221; organizirano je \u017eensko bajramsko sijelo u velikoj sali Me\u0161ihata. \u010clanice MOK-a, studentice Fakulteta za islamske studije i u\u010denice medrese [&hellip;]\" \/>\n<meta property=\"og:url\" content=\"https:\/\/sandzakpress.net\/arhiva\/bajramsko-sijelo-za-zene\/\" \/>\n<meta property=\"og:site_name\" content=\"Sand\u017eak PRESS\" \/>\n<meta property=\"article:published_time\" content=\"2014-08-03T00:56:51+00:00\" \/>\n<meta property=\"og:image\" content=\"https:\/\/sandzakpress.net\/arhiva\/wp-content\/uploads\/2014\/08\/10520656_10202443342626256_5080683665669377070_n.jpg\" \/>\n\t<meta property=\"og:image:width\" content=\"960\" \/>\n\t<meta property=\"og:image:height\" content=\"720\" \/>\n\t<meta property=\"og:image:type\" content=\"image\/jpeg\" \/>\n<meta name=\"author\" content=\"bosniak\" \/>\n<meta name=\"twitter:card\" content=\"summary_large_image\" \/>\n<meta name=\"twitter:label1\" content=\"Written by\" \/>\n\t<meta name=\"twitter:data1\" content=\"bosniak\" \/>\n\t<meta name=\"twitter:label2\" content=\"Est. reading time\" \/>\n\t<meta name=\"twitter:data2\" content=\"2 minute\" \/>\n<script type=\"application\/ld+json\" class=\"yoast-schema-graph\">{\"@context\":\"https:\/\/schema.org\",\"@graph\":[{\"@type\":\"Article\",\"@id\":\"https:\/\/sandzakpress.net\/arhiva\/bajramsko-sijelo-za-zene\/#article\",\"isPartOf\":{\"@id\":\"https:\/\/sandzakpress.net\/arhiva\/bajramsko-sijelo-za-zene\/\"},\"author\":{\"name\":\"bosniak\",\"@id\":\"https:\/\/sandzakpress.net\/arhiva\/#\/schema\/person\/c8baee722073534b583ea7bdb2e36c02\"},\"headline\":\"Bajramsko sijelo za \u017eene\",\"datePublished\":\"2014-08-03T00:56:51+00:00\",\"mainEntityOfPage\":{\"@id\":\"https:\/\/sandzakpress.net\/arhiva\/bajramsko-sijelo-za-zene\/\"},\"wordCount\":485,\"commentCount\":0,\"publisher\":{\"@id\":\"https:\/\/sandzakpress.net\/arhiva\/#\/schema\/person\/6e72b67d6e51910a1117b3b483ba20bd\"},\"image\":{\"@id\":\"https:\/\/sandzakpress.net\/arhiva\/bajramsko-sijelo-za-zene\/#primaryimage\"},\"thumbnailUrl\":\"https:\/\/sandzakpress.net\/arhiva\/wp-content\/uploads\/2014\/08\/10520656_10202443342626256_5080683665669377070_n.jpg\",\"keywords\":[\"MOK\"],\"articleSection\":[\"Novi Pazar\",\"Islamska zajednica\"],\"inLanguage\":\"bs-BA\",\"potentialAction\":[{\"@type\":\"CommentAction\",\"name\":\"Comment\",\"target\":[\"https:\/\/sandzakpress.net\/arhiva\/bajramsko-sijelo-za-zene\/#respond\"]}]},{\"@type\":\"WebPage\",\"@id\":\"https:\/\/sandzakpress.net\/arhiva\/bajramsko-sijelo-za-zene\/\",\"url\":\"https:\/\/sandzakpress.net\/arhiva\/bajramsko-sijelo-za-zene\/\",\"name\":\"Bajramsko sijelo za \u017eene\",\"isPartOf\":{\"@id\":\"https:\/\/sandzakpress.net\/arhiva\/#website\"},\"primaryImageOfPage\":{\"@id\":\"https:\/\/sandzakpress.net\/arhiva\/bajramsko-sijelo-za-zene\/#primaryimage\"},\"image\":{\"@id\":\"https:\/\/sandzakpress.net\/arhiva\/bajramsko-sijelo-za-zene\/#primaryimage\"},\"thumbnailUrl\":\"https:\/\/sandzakpress.net\/arhiva\/wp-content\/uploads\/2014\/08\/10520656_10202443342626256_5080683665669377070_n.jpg\",\"datePublished\":\"2014-08-03T00:56:51+00:00\",\"breadcrumb\":{\"@id\":\"https:\/\/sandzakpress.net\/arhiva\/bajramsko-sijelo-za-zene\/#breadcrumb\"},\"inLanguage\":\"bs-BA\",\"potentialAction\":[{\"@type\":\"ReadAction\",\"target\":[\"https:\/\/sandzakpress.net\/arhiva\/bajramsko-sijelo-za-zene\/\"]}]},{\"@type\":\"ImageObject\",\"inLanguage\":\"bs-BA\",\"@id\":\"https:\/\/sandzakpress.net\/arhiva\/bajramsko-sijelo-za-zene\/#primaryimage\",\"url\":\"https:\/\/sandzakpress.net\/arhiva\/wp-content\/uploads\/2014\/08\/10520656_10202443342626256_5080683665669377070_n.jpg\",\"contentUrl\":\"https:\/\/sandzakpress.net\/arhiva\/wp-content\/uploads\/2014\/08\/10520656_10202443342626256_5080683665669377070_n.jpg\",\"width\":960,\"height\":720},{\"@type\":\"BreadcrumbList\",\"@id\":\"https:\/\/sandzakpress.net\/arhiva\/bajramsko-sijelo-za-zene\/#breadcrumb\",\"itemListElement\":[{\"@type\":\"ListItem\",\"position\":1,\"name\":\"Home\",\"item\":\"https:\/\/sandzakpress.net\/arhiva\/\"},{\"@type\":\"ListItem\",\"position\":2,\"name\":\"Bajramsko sijelo za \u017eene\"}]},{\"@type\":\"WebSite\",\"@id\":\"https:\/\/sandzakpress.net\/arhiva\/#website\",\"url\":\"https:\/\/sandzakpress.net\/arhiva\/\",\"name\":\"Sand\u017eak PRESS\",\"description\":\"Prve elektronske novine u Sand\u017eaku\",\"publisher\":{\"@id\":\"https:\/\/sandzakpress.net\/arhiva\/#\/schema\/person\/6e72b67d6e51910a1117b3b483ba20bd\"},\"potentialAction\":[{\"@type\":\"SearchAction\",\"target\":{\"@type\":\"EntryPoint\",\"urlTemplate\":\"https:\/\/sandzakpress.net\/arhiva\/?s={search_term_string}\"},\"query-input\":{\"@type\":\"PropertyValueSpecification\",\"valueRequired\":true,\"valueName\":\"search_term_string\"}}],\"inLanguage\":\"bs-BA\"},{\"@type\":[\"Person\",\"Organization\"],\"@id\":\"https:\/\/sandzakpress.net\/arhiva\/#\/schema\/person\/6e72b67d6e51910a1117b3b483ba20bd\",\"name\":\"Kul\",\"image\":{\"@type\":\"ImageObject\",\"inLanguage\":\"bs-BA\",\"@id\":\"https:\/\/sandzakpress.net\/arhiva\/#\/schema\/person\/image\/\",\"url\":\"https:\/\/secure.gravatar.com\/avatar\/42263f39aa27ac04c43cab85c280eb2e?s=96&d=mm&r=pg\",\"contentUrl\":\"https:\/\/secure.gravatar.com\/avatar\/42263f39aa27ac04c43cab85c280eb2e?s=96&d=mm&r=pg\",\"caption\":\"Kul\"},\"logo\":{\"@id\":\"https:\/\/sandzakpress.net\/arhiva\/#\/schema\/person\/image\/\"}},{\"@type\":\"Person\",\"@id\":\"https:\/\/sandzakpress.net\/arhiva\/#\/schema\/person\/c8baee722073534b583ea7bdb2e36c02\",\"name\":\"bosniak\",\"image\":{\"@type\":\"ImageObject\",\"inLanguage\":\"bs-BA\",\"@id\":\"https:\/\/sandzakpress.net\/arhiva\/#\/schema\/person\/image\/\",\"url\":\"https:\/\/secure.gravatar.com\/avatar\/a04fd330bfe3a36a72a0ad4a6d89fca7?s=96&d=mm&r=pg\",\"contentUrl\":\"https:\/\/secure.gravatar.com\/avatar\/a04fd330bfe3a36a72a0ad4a6d89fca7?s=96&d=mm&r=pg\",\"caption\":\"bosniak\"},\"url\":\"https:\/\/sandzakpress.net\/arhiva\/author\/bosniak\/\"}]}<\/script>\n<!-- \/ Yoast SEO Premium plugin. -->","yoast_head_json":{"title":"Bajramsko sijelo za \u017eene","robots":{"index":"index","follow":"follow","max-snippet":"max-snippet:-1","max-image-preview":"max-image-preview:large","max-video-preview":"max-video-preview:-1"},"canonical":"https:\/\/sandzakpress.net\/arhiva\/bajramsko-sijelo-za-zene\/","og_locale":"bs_BA","og_type":"article","og_title":"Bajramsko sijelo za \u017eene","og_description":"Novi Pazar &#8211; U Novom Pazaru je ve\u0107 postala tradicija da se tre\u0107eg dana Bajrama \u017eene okupe i uz korisne savjete dru\u017ee. Ovog Bajrama, 30. 07. 2014, u organizaciji Muslimanskog omladinskog kluba i udru\u017eenja \u017eena &#8220;Merjem&#8221; organizirano je \u017eensko bajramsko sijelo u velikoj sali Me\u0161ihata. \u010clanice MOK-a, studentice Fakulteta za islamske studije i u\u010denice medrese [&hellip;]","og_url":"https:\/\/sandzakpress.net\/arhiva\/bajramsko-sijelo-za-zene\/","og_site_name":"Sand\u017eak PRESS","article_published_time":"2014-08-03T00:56:51+00:00","og_image":[{"width":960,"height":720,"url":"https:\/\/sandzakpress.net\/arhiva\/wp-content\/uploads\/2014\/08\/10520656_10202443342626256_5080683665669377070_n.jpg","type":"image\/jpeg"}],"author":"bosniak","twitter_card":"summary_large_image","twitter_misc":{"Written by":"bosniak","Est. reading time":"2 minute"},"schema":{"@context":"https:\/\/schema.org","@graph":[{"@type":"Article","@id":"https:\/\/sandzakpress.net\/arhiva\/bajramsko-sijelo-za-zene\/#article","isPartOf":{"@id":"https:\/\/sandzakpress.net\/arhiva\/bajramsko-sijelo-za-zene\/"},"author":{"name":"bosniak","@id":"https:\/\/sandzakpress.net\/arhiva\/#\/schema\/person\/c8baee722073534b583ea7bdb2e36c02"},"headline":"Bajramsko sijelo za \u017eene","datePublished":"2014-08-03T00:56:51+00:00","mainEntityOfPage":{"@id":"https:\/\/sandzakpress.net\/arhiva\/bajramsko-sijelo-za-zene\/"},"wordCount":485,"commentCount":0,"publisher":{"@id":"https:\/\/sandzakpress.net\/arhiva\/#\/schema\/person\/6e72b67d6e51910a1117b3b483ba20bd"},"image":{"@id":"https:\/\/sandzakpress.net\/arhiva\/bajramsko-sijelo-za-zene\/#primaryimage"},"thumbnailUrl":"https:\/\/sandzakpress.net\/arhiva\/wp-content\/uploads\/2014\/08\/10520656_10202443342626256_5080683665669377070_n.jpg","keywords":["MOK"],"articleSection":["Novi Pazar","Islamska zajednica"],"inLanguage":"bs-BA","potentialAction":[{"@type":"CommentAction","name":"Comment","target":["https:\/\/sandzakpress.net\/arhiva\/bajramsko-sijelo-za-zene\/#respond"]}]},{"@type":"WebPage","@id":"https:\/\/sandzakpress.net\/arhiva\/bajramsko-sijelo-za-zene\/","url":"https:\/\/sandzakpress.net\/arhiva\/bajramsko-sijelo-za-zene\/","name":"Bajramsko sijelo za \u017eene","isPartOf":{"@id":"https:\/\/sandzakpress.net\/arhiva\/#website"},"primaryImageOfPage":{"@id":"https:\/\/sandzakpress.net\/arhiva\/bajramsko-sijelo-za-zene\/#primaryimage"},"image":{"@id":"https:\/\/sandzakpress.net\/arhiva\/bajramsko-sijelo-za-zene\/#primaryimage"},"thumbnailUrl":"https:\/\/sandzakpress.net\/arhiva\/wp-content\/uploads\/2014\/08\/10520656_10202443342626256_5080683665669377070_n.jpg","datePublished":"2014-08-03T00:56:51+00:00","breadcrumb":{"@id":"https:\/\/sandzakpress.net\/arhiva\/bajramsko-sijelo-za-zene\/#breadcrumb"},"inLanguage":"bs-BA","potentialAction":[{"@type":"ReadAction","target":["https:\/\/sandzakpress.net\/arhiva\/bajramsko-sijelo-za-zene\/"]}]},{"@type":"ImageObject","inLanguage":"bs-BA","@id":"https:\/\/sandzakpress.net\/arhiva\/bajramsko-sijelo-za-zene\/#primaryimage","url":"https:\/\/sandzakpress.net\/arhiva\/wp-content\/uploads\/2014\/08\/10520656_10202443342626256_5080683665669377070_n.jpg","contentUrl":"https:\/\/sandzakpress.net\/arhiva\/wp-content\/uploads\/2014\/08\/10520656_10202443342626256_5080683665669377070_n.jpg","width":960,"height":720},{"@type":"BreadcrumbList","@id":"https:\/\/sandzakpress.net\/arhiva\/bajramsko-sijelo-za-zene\/#breadcrumb","itemListElement":[{"@type":"ListItem","position":1,"name":"Home","item":"https:\/\/sandzakpress.net\/arhiva\/"},{"@type":"ListItem","position":2,"name":"Bajramsko sijelo za \u017eene"}]},{"@type":"WebSite","@id":"https:\/\/sandzakpress.net\/arhiva\/#website","url":"https:\/\/sandzakpress.net\/arhiva\/","name":"Sand\u017eak PRESS","description":"Prve elektronske novine u Sand\u017eaku","publisher":{"@id":"https:\/\/sandzakpress.net\/arhiva\/#\/schema\/person\/6e72b67d6e51910a1117b3b483ba20bd"},"potentialAction":[{"@type":"SearchAction","target":{"@type":"EntryPoint","urlTemplate":"https:\/\/sandzakpress.net\/arhiva\/?s={search_term_string}"},"query-input":{"@type":"PropertyValueSpecification","valueRequired":true,"valueName":"search_term_string"}}],"inLanguage":"bs-BA"},{"@type":["Person","Organization"],"@id":"https:\/\/sandzakpress.net\/arhiva\/#\/schema\/person\/6e72b67d6e51910a1117b3b483ba20bd","name":"Kul","image":{"@type":"ImageObject","inLanguage":"bs-BA","@id":"https:\/\/sandzakpress.net\/arhiva\/#\/schema\/person\/image\/","url":"https:\/\/secure.gravatar.com\/avatar\/42263f39aa27ac04c43cab85c280eb2e?s=96&d=mm&r=pg","contentUrl":"https:\/\/secure.gravatar.com\/avatar\/42263f39aa27ac04c43cab85c280eb2e?s=96&d=mm&r=pg","caption":"Kul"},"logo":{"@id":"https:\/\/sandzakpress.net\/arhiva\/#\/schema\/person\/image\/"}},{"@type":"Person","@id":"https:\/\/sandzakpress.net\/arhiva\/#\/schema\/person\/c8baee722073534b583ea7bdb2e36c02","name":"bosniak","image":{"@type":"ImageObject","inLanguage":"bs-BA","@id":"https:\/\/sandzakpress.net\/arhiva\/#\/schema\/person\/image\/","url":"https:\/\/secure.gravatar.com\/avatar\/a04fd330bfe3a36a72a0ad4a6d89fca7?s=96&d=mm&r=pg","contentUrl":"https:\/\/secure.gravatar.com\/avatar\/a04fd330bfe3a36a72a0ad4a6d89fca7?s=96&d=mm&r=pg","caption":"bosniak"},"url":"https:\/\/sandzakpress.net\/arhiva\/author\/bosniak\/"}]}},"_links":{"self":[{"href":"https:\/\/sandzakpress.net\/arhiva\/wp-json\/wp\/v2\/posts\/109767"}],"collection":[{"href":"https:\/\/sandzakpress.net\/arhiva\/wp-json\/wp\/v2\/posts"}],"about":[{"href":"https:\/\/sandzakpress.net\/arhiva\/wp-json\/wp\/v2\/types\/post"}],"author":[{"embeddable":true,"href":"https:\/\/sandzakpress.net\/arhiva\/wp-json\/wp\/v2\/users\/83"}],"replies":[{"embeddable":true,"href":"https:\/\/sandzakpress.net\/arhiva\/wp-json\/wp\/v2\/comments?post=109767"}],"version-history":[{"count":0,"href":"https:\/\/sandzakpress.net\/arhiva\/wp-json\/wp\/v2\/posts\/109767\/revisions"}],"wp:featuredmedia":[{"embeddable":true,"href":"https:\/\/sandzakpress.net\/arhiva\/wp-json\/wp\/v2\/media\/109770"}],"wp:attachment":[{"href":"https:\/\/sandzakpress.net\/arhiva\/wp-json\/wp\/v2\/media?parent=109767"}],"wp:term":[{"taxonomy":"category","embeddable":true,"href":"https:\/\/sandzakpress.net\/arhiva\/wp-json\/wp\/v2\/categories?post=109767"},{"taxonomy":"post_tag","embeddable":true,"href":"https:\/\/sandzakpress.net\/arhiva\/wp-json\/wp\/v2\/tags?post=109767"}],"curies":[{"name":"wp","href":"https:\/\/api.w.org\/{rel}","templated":true}]}}