{"id":10972,"date":"2010-12-30T23:03:38","date_gmt":"2010-12-30T22:03:38","guid":{"rendered":"https:\/\/sandzakpress.net\/arhiva\/?p=10972"},"modified":"2010-12-30T23:03:38","modified_gmt":"2010-12-30T22:03:38","slug":"bnv-zahvaljuje-clanu-predsjednistva-bakiru-izetbegovicu-na-prijemu","status":"publish","type":"post","link":"https:\/\/sandzakpress.net\/arhiva\/bnv-zahvaljuje-clanu-predsjednistva-bakiru-izetbegovicu-na-prijemu\/","title":{"rendered":"BNV zahvaljuje \u010dlanu predsjedni\u0161tva Bakiru Izetbegovi\u0107u na prijemu"},"content":{"rendered":"<p><a href=\"https:\/\/sandzakpress.net\/arhiva\/wp-content\/uploads\/2010\/12\/sandzak1.jpg\"><img loading=\"lazy\" decoding=\"async\" class=\"alignleft size-full wp-image-10973\" title=\"sandzak\" src=\"https:\/\/sandzakpress.net\/arhiva\/wp-content\/uploads\/2010\/12\/sandzak1.jpg\" alt=\"\" width=\"125\" height=\"161\" \/><\/a>Bo\u0161nja\u010dko nacionalno vije\u0107e zahvaljuje \u010dlanu Predsjedni\u0161tva Bosne i Hercegovine g-dinu Bakiru Izetbegovi\u0107u na uprili\u010denom prijemu za rukovodstvo BNV-a 22.12.2010. god.<\/p>\n<p>Cilj posjete predsjedniku Izetbegovi\u0107u bio je upoznavanje sa sve u\u010destalijom pojavom diskriminacije i kr\u0161enja prava Bo\u0161njaka u Sand\u017eaku. Tom prilikom delegacija Vije\u0107a nije tra\u017eila nikakvu personalnu ili partikularnu podr\u0161ku za bilo koga. Razumijemo potrebu da predsjednik Izetbegovi\u0107 u dr\u017eavni\u010dkom maniru ostane iznad pojedina\u010dnih ili partijskih relacija u Sand\u017eaku.Ovom prilikom zahvaljujemo g-dinu Izetbegovi\u0107u i na stavovima izne\u0161enim u medijima posljednjih dana jer se poslije vi\u0161e godina dr\u017eavni\u010dki odva\u017eio potenciraju\u0107i na sopstvenoj obavezi i pravu da se bavi Bo\u0161njacima u Srbiji, kao \u0161to se predsjednici Srbije i Hrvatske bave Srbima i Hrvatima u Bosni i Hercegovini.<\/p>\n<p>Predsjednik Izetbegovi\u0107 je jasno i nedvosmisleno izrazio podr\u0161ku svima koji djeluju u cilju ostvarivanja prava Bo\u0161njaka u Sand\u017eaku ravnopravno sa drugim gra\u0111anima Srbije.<br \/>\n<strong> <\/strong><\/p>\n<p><strong>Predsjednik<br \/>\nProf. dr. Mevlud Dudi\u0107<\/strong><\/p>\n<p>Izvor:<strong> IslamskaZajednica.org<br \/>\n<\/strong><\/p>\n","protected":false},"excerpt":{"rendered":"<p>Bo\u0161nja\u010dko nacionalno vije\u0107e zahvaljuje \u010dlanu Predsjedni\u0161tva Bosne i Hercegovine g-dinu Bakiru Izetbegovi\u0107u na uprili\u010denom prijemu za rukovodstvo BNV-a 22.12.2010. god. Cilj posjete predsjedniku Izetbegovi\u0107u bio je upoznavanje sa sve u\u010destalijom pojavom diskriminacije i kr\u0161enja prava Bo\u0161njaka u Sand\u017eaku. Tom prilikom delegacija Vije\u0107a nije tra\u017eila nikakvu personalnu ili partikularnu podr\u0161ku za bilo koga. Razumijemo potrebu da [&hellip;]<\/p>\n","protected":false},"author":5,"featured_media":10973,"comment_status":"open","ping_status":"open","sticky":false,"template":"","format":"standard","meta":{"footnotes":""},"categories":[800,72,398,52,397,327,392,396,393,395,394,399],"tags":[],"class_list":{"0":"post-10972","1":"post","2":"type-post","3":"status-publish","4":"format-standard","5":"has-post-thumbnail","7":"category-nacija","8":"category-novi-pazar","9":"category-rozaje","10":"category-sjenica","11":"category-berane","12":"category-tutin","13":"category-prijepolje_","14":"category-bijelo_polje","15":"category-priboj","16":"category-pljevlja_","17":"category-nova-varos","18":"category-plav_"},"yoast_head":"<!-- This site is optimized with the Yoast SEO Premium plugin v23.1 (Yoast SEO v24.9) - https:\/\/yoast.com\/wordpress\/plugins\/seo\/ -->\n<title>BNV zahvaljuje \u010dlanu predsjedni\u0161tva Bakiru Izetbegovi\u0107u na prijemu<\/title>\n<meta name=\"robots\" content=\"index, follow, max-snippet:-1, max-image-preview:large, max-video-preview:-1\" \/>\n<link rel=\"canonical\" href=\"https:\/\/sandzakpress.net\/arhiva\/bnv-zahvaljuje-clanu-predsjednistva-bakiru-izetbegovicu-na-prijemu\/\" \/>\n<meta property=\"og:locale\" content=\"bs_BA\" \/>\n<meta property=\"og:type\" content=\"article\" \/>\n<meta property=\"og:title\" content=\"BNV zahvaljuje \u010dlanu predsjedni\u0161tva Bakiru Izetbegovi\u0107u na prijemu\" \/>\n<meta property=\"og:description\" content=\"Bo\u0161nja\u010dko nacionalno vije\u0107e zahvaljuje \u010dlanu Predsjedni\u0161tva Bosne i Hercegovine g-dinu Bakiru Izetbegovi\u0107u na uprili\u010denom prijemu za rukovodstvo BNV-a 22.12.2010. god. Cilj posjete predsjedniku Izetbegovi\u0107u bio je upoznavanje sa sve u\u010destalijom pojavom diskriminacije i kr\u0161enja prava Bo\u0161njaka u Sand\u017eaku. Tom prilikom delegacija Vije\u0107a nije tra\u017eila nikakvu personalnu ili partikularnu podr\u0161ku za bilo koga. Razumijemo potrebu da [&hellip;]\" \/>\n<meta property=\"og:url\" content=\"https:\/\/sandzakpress.net\/arhiva\/bnv-zahvaljuje-clanu-predsjednistva-bakiru-izetbegovicu-na-prijemu\/\" \/>\n<meta property=\"og:site_name\" content=\"Sand\u017eak PRESS\" \/>\n<meta property=\"article:published_time\" content=\"2010-12-30T22:03:38+00:00\" \/>\n<meta property=\"og:image\" content=\"https:\/\/sandzakpress.net\/arhiva\/wp-content\/uploads\/2010\/12\/sandzak1.jpg\" \/>\n\t<meta property=\"og:image:width\" content=\"125\" \/>\n\t<meta property=\"og:image:height\" content=\"161\" \/>\n\t<meta property=\"og:image:type\" content=\"image\/jpeg\" \/>\n<meta name=\"twitter:card\" content=\"summary_large_image\" \/>\n<meta name=\"twitter:label1\" content=\"Written by\" \/>\n\t<meta name=\"twitter:data1\" content=\"\" \/>\n\t<meta name=\"twitter:label2\" content=\"Est. reading time\" \/>\n\t<meta name=\"twitter:data2\" content=\"1 minuta\" \/>\n<script type=\"application\/ld+json\" class=\"yoast-schema-graph\">{\"@context\":\"https:\/\/schema.org\",\"@graph\":[{\"@type\":\"Article\",\"@id\":\"https:\/\/sandzakpress.net\/arhiva\/bnv-zahvaljuje-clanu-predsjednistva-bakiru-izetbegovicu-na-prijemu\/#article\",\"isPartOf\":{\"@id\":\"https:\/\/sandzakpress.net\/arhiva\/bnv-zahvaljuje-clanu-predsjednistva-bakiru-izetbegovicu-na-prijemu\/\"},\"author\":{\"name\":\"\",\"@id\":\"\"},\"headline\":\"BNV zahvaljuje \u010dlanu predsjedni\u0161tva Bakiru Izetbegovi\u0107u na prijemu\",\"datePublished\":\"2010-12-30T22:03:38+00:00\",\"mainEntityOfPage\":{\"@id\":\"https:\/\/sandzakpress.net\/arhiva\/bnv-zahvaljuje-clanu-predsjednistva-bakiru-izetbegovicu-na-prijemu\/\"},\"wordCount\":185,\"commentCount\":0,\"publisher\":{\"@id\":\"https:\/\/sandzakpress.net\/arhiva\/#\/schema\/person\/6e72b67d6e51910a1117b3b483ba20bd\"},\"image\":{\"@id\":\"https:\/\/sandzakpress.net\/arhiva\/bnv-zahvaljuje-clanu-predsjednistva-bakiru-izetbegovicu-na-prijemu\/#primaryimage\"},\"thumbnailUrl\":\"https:\/\/sandzakpress.net\/arhiva\/wp-content\/uploads\/2010\/12\/sandzak1.jpg\",\"articleSection\":[\"Nacija\",\"Novi Pazar\",\"Ro\u017eaje\",\"Sjenica\",\"Berane\",\"Tutin\",\"Prijepolje\",\"Bijelo Polje\",\"Priboj\",\"Pljevlja\",\"Nova Varo\u0161\",\"Plav\"],\"inLanguage\":\"bs-BA\",\"potentialAction\":[{\"@type\":\"CommentAction\",\"name\":\"Comment\",\"target\":[\"https:\/\/sandzakpress.net\/arhiva\/bnv-zahvaljuje-clanu-predsjednistva-bakiru-izetbegovicu-na-prijemu\/#respond\"]}]},{\"@type\":\"WebPage\",\"@id\":\"https:\/\/sandzakpress.net\/arhiva\/bnv-zahvaljuje-clanu-predsjednistva-bakiru-izetbegovicu-na-prijemu\/\",\"url\":\"https:\/\/sandzakpress.net\/arhiva\/bnv-zahvaljuje-clanu-predsjednistva-bakiru-izetbegovicu-na-prijemu\/\",\"name\":\"BNV zahvaljuje \u010dlanu predsjedni\u0161tva Bakiru Izetbegovi\u0107u na prijemu\",\"isPartOf\":{\"@id\":\"https:\/\/sandzakpress.net\/arhiva\/#website\"},\"primaryImageOfPage\":{\"@id\":\"https:\/\/sandzakpress.net\/arhiva\/bnv-zahvaljuje-clanu-predsjednistva-bakiru-izetbegovicu-na-prijemu\/#primaryimage\"},\"image\":{\"@id\":\"https:\/\/sandzakpress.net\/arhiva\/bnv-zahvaljuje-clanu-predsjednistva-bakiru-izetbegovicu-na-prijemu\/#primaryimage\"},\"thumbnailUrl\":\"https:\/\/sandzakpress.net\/arhiva\/wp-content\/uploads\/2010\/12\/sandzak1.jpg\",\"datePublished\":\"2010-12-30T22:03:38+00:00\",\"breadcrumb\":{\"@id\":\"https:\/\/sandzakpress.net\/arhiva\/bnv-zahvaljuje-clanu-predsjednistva-bakiru-izetbegovicu-na-prijemu\/#breadcrumb\"},\"inLanguage\":\"bs-BA\",\"potentialAction\":[{\"@type\":\"ReadAction\",\"target\":[\"https:\/\/sandzakpress.net\/arhiva\/bnv-zahvaljuje-clanu-predsjednistva-bakiru-izetbegovicu-na-prijemu\/\"]}]},{\"@type\":\"ImageObject\",\"inLanguage\":\"bs-BA\",\"@id\":\"https:\/\/sandzakpress.net\/arhiva\/bnv-zahvaljuje-clanu-predsjednistva-bakiru-izetbegovicu-na-prijemu\/#primaryimage\",\"url\":\"https:\/\/sandzakpress.net\/arhiva\/wp-content\/uploads\/2010\/12\/sandzak1.jpg\",\"contentUrl\":\"https:\/\/sandzakpress.net\/arhiva\/wp-content\/uploads\/2010\/12\/sandzak1.jpg\",\"width\":125,\"height\":161},{\"@type\":\"BreadcrumbList\",\"@id\":\"https:\/\/sandzakpress.net\/arhiva\/bnv-zahvaljuje-clanu-predsjednistva-bakiru-izetbegovicu-na-prijemu\/#breadcrumb\",\"itemListElement\":[{\"@type\":\"ListItem\",\"position\":1,\"name\":\"Home\",\"item\":\"https:\/\/sandzakpress.net\/arhiva\/\"},{\"@type\":\"ListItem\",\"position\":2,\"name\":\"BNV zahvaljuje \u010dlanu predsjedni\u0161tva Bakiru Izetbegovi\u0107u na prijemu\"}]},{\"@type\":\"WebSite\",\"@id\":\"https:\/\/sandzakpress.net\/arhiva\/#website\",\"url\":\"https:\/\/sandzakpress.net\/arhiva\/\",\"name\":\"Sand\u017eak PRESS\",\"description\":\"Prve elektronske novine u Sand\u017eaku\",\"publisher\":{\"@id\":\"https:\/\/sandzakpress.net\/arhiva\/#\/schema\/person\/6e72b67d6e51910a1117b3b483ba20bd\"},\"potentialAction\":[{\"@type\":\"SearchAction\",\"target\":{\"@type\":\"EntryPoint\",\"urlTemplate\":\"https:\/\/sandzakpress.net\/arhiva\/?s={search_term_string}\"},\"query-input\":{\"@type\":\"PropertyValueSpecification\",\"valueRequired\":true,\"valueName\":\"search_term_string\"}}],\"inLanguage\":\"bs-BA\"},{\"@type\":[\"Person\",\"Organization\"],\"@id\":\"https:\/\/sandzakpress.net\/arhiva\/#\/schema\/person\/6e72b67d6e51910a1117b3b483ba20bd\",\"name\":\"Kul\",\"image\":{\"@type\":\"ImageObject\",\"inLanguage\":\"bs-BA\",\"@id\":\"https:\/\/sandzakpress.net\/arhiva\/#\/schema\/person\/image\/\",\"url\":\"https:\/\/secure.gravatar.com\/avatar\/42263f39aa27ac04c43cab85c280eb2e?s=96&d=mm&r=pg\",\"contentUrl\":\"https:\/\/secure.gravatar.com\/avatar\/42263f39aa27ac04c43cab85c280eb2e?s=96&d=mm&r=pg\",\"caption\":\"Kul\"},\"logo\":{\"@id\":\"https:\/\/sandzakpress.net\/arhiva\/#\/schema\/person\/image\/\"}},{\"@type\":\"Person\",\"@id\":\"\",\"url\":\"https:\/\/sandzakpress.net\/arhiva\/author\/\"}]}<\/script>\n<!-- \/ Yoast SEO Premium plugin. -->","yoast_head_json":{"title":"BNV zahvaljuje \u010dlanu predsjedni\u0161tva Bakiru Izetbegovi\u0107u na prijemu","robots":{"index":"index","follow":"follow","max-snippet":"max-snippet:-1","max-image-preview":"max-image-preview:large","max-video-preview":"max-video-preview:-1"},"canonical":"https:\/\/sandzakpress.net\/arhiva\/bnv-zahvaljuje-clanu-predsjednistva-bakiru-izetbegovicu-na-prijemu\/","og_locale":"bs_BA","og_type":"article","og_title":"BNV zahvaljuje \u010dlanu predsjedni\u0161tva Bakiru Izetbegovi\u0107u na prijemu","og_description":"Bo\u0161nja\u010dko nacionalno vije\u0107e zahvaljuje \u010dlanu Predsjedni\u0161tva Bosne i Hercegovine g-dinu Bakiru Izetbegovi\u0107u na uprili\u010denom prijemu za rukovodstvo BNV-a 22.12.2010. god. Cilj posjete predsjedniku Izetbegovi\u0107u bio je upoznavanje sa sve u\u010destalijom pojavom diskriminacije i kr\u0161enja prava Bo\u0161njaka u Sand\u017eaku. Tom prilikom delegacija Vije\u0107a nije tra\u017eila nikakvu personalnu ili partikularnu podr\u0161ku za bilo koga. Razumijemo potrebu da [&hellip;]","og_url":"https:\/\/sandzakpress.net\/arhiva\/bnv-zahvaljuje-clanu-predsjednistva-bakiru-izetbegovicu-na-prijemu\/","og_site_name":"Sand\u017eak PRESS","article_published_time":"2010-12-30T22:03:38+00:00","og_image":[{"width":125,"height":161,"url":"https:\/\/sandzakpress.net\/arhiva\/wp-content\/uploads\/2010\/12\/sandzak1.jpg","type":"image\/jpeg"}],"twitter_card":"summary_large_image","twitter_misc":{"Written by":"","Est. reading time":"1 minuta"},"schema":{"@context":"https:\/\/schema.org","@graph":[{"@type":"Article","@id":"https:\/\/sandzakpress.net\/arhiva\/bnv-zahvaljuje-clanu-predsjednistva-bakiru-izetbegovicu-na-prijemu\/#article","isPartOf":{"@id":"https:\/\/sandzakpress.net\/arhiva\/bnv-zahvaljuje-clanu-predsjednistva-bakiru-izetbegovicu-na-prijemu\/"},"author":{"name":"","@id":""},"headline":"BNV zahvaljuje \u010dlanu predsjedni\u0161tva Bakiru Izetbegovi\u0107u na prijemu","datePublished":"2010-12-30T22:03:38+00:00","mainEntityOfPage":{"@id":"https:\/\/sandzakpress.net\/arhiva\/bnv-zahvaljuje-clanu-predsjednistva-bakiru-izetbegovicu-na-prijemu\/"},"wordCount":185,"commentCount":0,"publisher":{"@id":"https:\/\/sandzakpress.net\/arhiva\/#\/schema\/person\/6e72b67d6e51910a1117b3b483ba20bd"},"image":{"@id":"https:\/\/sandzakpress.net\/arhiva\/bnv-zahvaljuje-clanu-predsjednistva-bakiru-izetbegovicu-na-prijemu\/#primaryimage"},"thumbnailUrl":"https:\/\/sandzakpress.net\/arhiva\/wp-content\/uploads\/2010\/12\/sandzak1.jpg","articleSection":["Nacija","Novi Pazar","Ro\u017eaje","Sjenica","Berane","Tutin","Prijepolje","Bijelo Polje","Priboj","Pljevlja","Nova Varo\u0161","Plav"],"inLanguage":"bs-BA","potentialAction":[{"@type":"CommentAction","name":"Comment","target":["https:\/\/sandzakpress.net\/arhiva\/bnv-zahvaljuje-clanu-predsjednistva-bakiru-izetbegovicu-na-prijemu\/#respond"]}]},{"@type":"WebPage","@id":"https:\/\/sandzakpress.net\/arhiva\/bnv-zahvaljuje-clanu-predsjednistva-bakiru-izetbegovicu-na-prijemu\/","url":"https:\/\/sandzakpress.net\/arhiva\/bnv-zahvaljuje-clanu-predsjednistva-bakiru-izetbegovicu-na-prijemu\/","name":"BNV zahvaljuje \u010dlanu predsjedni\u0161tva Bakiru Izetbegovi\u0107u na prijemu","isPartOf":{"@id":"https:\/\/sandzakpress.net\/arhiva\/#website"},"primaryImageOfPage":{"@id":"https:\/\/sandzakpress.net\/arhiva\/bnv-zahvaljuje-clanu-predsjednistva-bakiru-izetbegovicu-na-prijemu\/#primaryimage"},"image":{"@id":"https:\/\/sandzakpress.net\/arhiva\/bnv-zahvaljuje-clanu-predsjednistva-bakiru-izetbegovicu-na-prijemu\/#primaryimage"},"thumbnailUrl":"https:\/\/sandzakpress.net\/arhiva\/wp-content\/uploads\/2010\/12\/sandzak1.jpg","datePublished":"2010-12-30T22:03:38+00:00","breadcrumb":{"@id":"https:\/\/sandzakpress.net\/arhiva\/bnv-zahvaljuje-clanu-predsjednistva-bakiru-izetbegovicu-na-prijemu\/#breadcrumb"},"inLanguage":"bs-BA","potentialAction":[{"@type":"ReadAction","target":["https:\/\/sandzakpress.net\/arhiva\/bnv-zahvaljuje-clanu-predsjednistva-bakiru-izetbegovicu-na-prijemu\/"]}]},{"@type":"ImageObject","inLanguage":"bs-BA","@id":"https:\/\/sandzakpress.net\/arhiva\/bnv-zahvaljuje-clanu-predsjednistva-bakiru-izetbegovicu-na-prijemu\/#primaryimage","url":"https:\/\/sandzakpress.net\/arhiva\/wp-content\/uploads\/2010\/12\/sandzak1.jpg","contentUrl":"https:\/\/sandzakpress.net\/arhiva\/wp-content\/uploads\/2010\/12\/sandzak1.jpg","width":125,"height":161},{"@type":"BreadcrumbList","@id":"https:\/\/sandzakpress.net\/arhiva\/bnv-zahvaljuje-clanu-predsjednistva-bakiru-izetbegovicu-na-prijemu\/#breadcrumb","itemListElement":[{"@type":"ListItem","position":1,"name":"Home","item":"https:\/\/sandzakpress.net\/arhiva\/"},{"@type":"ListItem","position":2,"name":"BNV zahvaljuje \u010dlanu predsjedni\u0161tva Bakiru Izetbegovi\u0107u na prijemu"}]},{"@type":"WebSite","@id":"https:\/\/sandzakpress.net\/arhiva\/#website","url":"https:\/\/sandzakpress.net\/arhiva\/","name":"Sand\u017eak PRESS","description":"Prve elektronske novine u Sand\u017eaku","publisher":{"@id":"https:\/\/sandzakpress.net\/arhiva\/#\/schema\/person\/6e72b67d6e51910a1117b3b483ba20bd"},"potentialAction":[{"@type":"SearchAction","target":{"@type":"EntryPoint","urlTemplate":"https:\/\/sandzakpress.net\/arhiva\/?s={search_term_string}"},"query-input":{"@type":"PropertyValueSpecification","valueRequired":true,"valueName":"search_term_string"}}],"inLanguage":"bs-BA"},{"@type":["Person","Organization"],"@id":"https:\/\/sandzakpress.net\/arhiva\/#\/schema\/person\/6e72b67d6e51910a1117b3b483ba20bd","name":"Kul","image":{"@type":"ImageObject","inLanguage":"bs-BA","@id":"https:\/\/sandzakpress.net\/arhiva\/#\/schema\/person\/image\/","url":"https:\/\/secure.gravatar.com\/avatar\/42263f39aa27ac04c43cab85c280eb2e?s=96&d=mm&r=pg","contentUrl":"https:\/\/secure.gravatar.com\/avatar\/42263f39aa27ac04c43cab85c280eb2e?s=96&d=mm&r=pg","caption":"Kul"},"logo":{"@id":"https:\/\/sandzakpress.net\/arhiva\/#\/schema\/person\/image\/"}},{"@type":"Person","@id":"","url":"https:\/\/sandzakpress.net\/arhiva\/author\/"}]}},"_links":{"self":[{"href":"https:\/\/sandzakpress.net\/arhiva\/wp-json\/wp\/v2\/posts\/10972"}],"collection":[{"href":"https:\/\/sandzakpress.net\/arhiva\/wp-json\/wp\/v2\/posts"}],"about":[{"href":"https:\/\/sandzakpress.net\/arhiva\/wp-json\/wp\/v2\/types\/post"}],"author":[{"embeddable":true,"href":"https:\/\/sandzakpress.net\/arhiva\/wp-json\/wp\/v2\/users\/5"}],"replies":[{"embeddable":true,"href":"https:\/\/sandzakpress.net\/arhiva\/wp-json\/wp\/v2\/comments?post=10972"}],"version-history":[{"count":0,"href":"https:\/\/sandzakpress.net\/arhiva\/wp-json\/wp\/v2\/posts\/10972\/revisions"}],"wp:featuredmedia":[{"embeddable":true,"href":"https:\/\/sandzakpress.net\/arhiva\/wp-json\/wp\/v2\/media\/10973"}],"wp:attachment":[{"href":"https:\/\/sandzakpress.net\/arhiva\/wp-json\/wp\/v2\/media?parent=10972"}],"wp:term":[{"taxonomy":"category","embeddable":true,"href":"https:\/\/sandzakpress.net\/arhiva\/wp-json\/wp\/v2\/categories?post=10972"},{"taxonomy":"post_tag","embeddable":true,"href":"https:\/\/sandzakpress.net\/arhiva\/wp-json\/wp\/v2\/tags?post=10972"}],"curies":[{"name":"wp","href":"https:\/\/api.w.org\/{rel}","templated":true}]}}