{"id":109695,"date":"2014-08-02T04:34:42","date_gmt":"2014-08-02T02:34:42","guid":{"rendered":"https:\/\/sandzakpress.net\/arhiva\/?p=109695"},"modified":"2014-08-02T04:34:42","modified_gmt":"2014-08-02T02:34:42","slug":"istanbul-vozac-izgubio-kontrolu-nad-autobusom-i-pregazio-18-osoba","status":"publish","type":"post","link":"https:\/\/sandzakpress.net\/arhiva\/istanbul-vozac-izgubio-kontrolu-nad-autobusom-i-pregazio-18-osoba\/","title":{"rendered":"Istanbul: Voza\u010d izgubio kontrolu nad autobusom i pregazio 18 osoba"},"content":{"rendered":"<p>https:\/\/www.youtube.com\/watch?v=Qn0hDukIWFs<\/p>\n<div class=\"uvod_holder\" style=\"color: #5d5d5d;\">\n<p class=\"uvod\"><span style=\"color: #000000;\"><strong>Dvije osobe su poginule, a najmanje 16 osoba je povrije\u0111eno u stravi\u010dnoj nesre\u0107i koja se dogodila danas u Istanbulu kada voza\u010d autobusa nije mogao zaustaviti vozilo i zabio se u vozilo pa u malu radnju u blizini puta.<\/strong><\/span><\/p>\n<\/div>\n<div class=\"rel\" style=\"color: #5d5d5d;\">\n<p class=\"tekst\"><span style=\"color: #000000;\">Autobus pripada op\u0107ini Denzil i trenutno se istra\u017euje uzrok nesre\u0107e. Poginuli su voza\u010d autobusa Fatih Hakyemez (35) i putnica Kevser G\u00fcrel (20). Sre\u0107om, u radnji nije bilo mu\u0161terija kada se autobus zabio u nju.\u00a0<\/span><\/p>\n<p><span style=\"color: #000000;\">Objavljen je i dramati\u010dni snima ove nesre\u0107e na kojem se vidi kako autobus odnosi automobil i ljude, te drugi ljudi koji tr\u010de kako bi spasili svoj \u017eivot.<\/span><\/p>\n<p><span style=\"color: #000000;\">Ovo je druga nesre\u0107a koja se danas dogodila u Istanbulu. U nesre\u0107i koja se dogodila jutro, povrije\u0111eno je najmanje 18 osoba, od kojih dvije te\u017ee, kada se autobus zabio u malu luku u Kabatasu. Voza\u010d tako\u0111er, iz za sada nepoznatih razloga, nije mogao zako\u010diti.<\/span><\/p>\n<p class=\"tekst\">(klix)<\/p>\n<\/div>\n","protected":false},"excerpt":{"rendered":"<p>https:\/\/www.youtube.com\/watch?v=Qn0hDukIWFs Dvije osobe su poginule, a najmanje 16 osoba je povrije\u0111eno u stravi\u010dnoj nesre\u0107i koja se dogodila danas u Istanbulu kada voza\u010d autobusa nije mogao zaustaviti vozilo i zabio se u vozilo pa u malu radnju u blizini puta. Autobus pripada op\u0107ini Denzil i trenutno se istra\u017euje uzrok nesre\u0107e. Poginuli su voza\u010d autobusa Fatih Hakyemez [&hellip;]<\/p>\n","protected":false},"author":83,"featured_media":109696,"comment_status":"open","ping_status":"open","sticky":false,"template":"","format":"standard","meta":{"footnotes":""},"categories":[9,2692],"tags":[],"class_list":{"0":"post-109695","1":"post","2":"type-post","3":"status-publish","4":"format-standard","5":"has-post-thumbnail","7":"category-svijet","8":"category-turska-gradovi"},"yoast_head":"<!-- This site is optimized with the Yoast SEO Premium plugin v23.1 (Yoast SEO v24.9) - https:\/\/yoast.com\/wordpress\/plugins\/seo\/ -->\n<title>Istanbul: Voza\u010d izgubio kontrolu nad autobusom i pregazio 18 osoba<\/title>\n<meta name=\"robots\" content=\"index, follow, max-snippet:-1, max-image-preview:large, max-video-preview:-1\" \/>\n<link rel=\"canonical\" href=\"https:\/\/sandzakpress.net\/arhiva\/istanbul-vozac-izgubio-kontrolu-nad-autobusom-i-pregazio-18-osoba\/\" \/>\n<meta property=\"og:locale\" content=\"bs_BA\" \/>\n<meta property=\"og:type\" content=\"article\" \/>\n<meta property=\"og:title\" content=\"Istanbul: Voza\u010d izgubio kontrolu nad autobusom i pregazio 18 osoba\" \/>\n<meta property=\"og:description\" content=\"https:\/\/www.youtube.com\/watch?v=Qn0hDukIWFs Dvije osobe su poginule, a najmanje 16 osoba je povrije\u0111eno u stravi\u010dnoj nesre\u0107i koja se dogodila danas u Istanbulu kada voza\u010d autobusa nije mogao zaustaviti vozilo i zabio se u vozilo pa u malu radnju u blizini puta. Autobus pripada op\u0107ini Denzil i trenutno se istra\u017euje uzrok nesre\u0107e. Poginuli su voza\u010d autobusa Fatih Hakyemez [&hellip;]\" \/>\n<meta property=\"og:url\" content=\"https:\/\/sandzakpress.net\/arhiva\/istanbul-vozac-izgubio-kontrolu-nad-autobusom-i-pregazio-18-osoba\/\" \/>\n<meta property=\"og:site_name\" content=\"Sand\u017eak PRESS\" \/>\n<meta property=\"article:published_time\" content=\"2014-08-02T02:34:42+00:00\" \/>\n<meta property=\"og:image\" content=\"https:\/\/sandzakpress.net\/arhiva\/wp-content\/uploads\/2014\/08\/01.jpg\" \/>\n\t<meta property=\"og:image:width\" content=\"480\" \/>\n\t<meta property=\"og:image:height\" content=\"360\" \/>\n\t<meta property=\"og:image:type\" content=\"image\/jpeg\" \/>\n<meta name=\"author\" content=\"bosniak\" \/>\n<meta name=\"twitter:card\" content=\"summary_large_image\" \/>\n<meta name=\"twitter:label1\" content=\"Written by\" \/>\n\t<meta name=\"twitter:data1\" content=\"bosniak\" \/>\n\t<meta name=\"twitter:label2\" content=\"Est. reading time\" \/>\n\t<meta name=\"twitter:data2\" content=\"1 minuta\" \/>\n<script type=\"application\/ld+json\" class=\"yoast-schema-graph\">{\"@context\":\"https:\/\/schema.org\",\"@graph\":[{\"@type\":\"Article\",\"@id\":\"https:\/\/sandzakpress.net\/arhiva\/istanbul-vozac-izgubio-kontrolu-nad-autobusom-i-pregazio-18-osoba\/#article\",\"isPartOf\":{\"@id\":\"https:\/\/sandzakpress.net\/arhiva\/istanbul-vozac-izgubio-kontrolu-nad-autobusom-i-pregazio-18-osoba\/\"},\"author\":{\"name\":\"bosniak\",\"@id\":\"https:\/\/sandzakpress.net\/arhiva\/#\/schema\/person\/c8baee722073534b583ea7bdb2e36c02\"},\"headline\":\"Istanbul: Voza\u010d izgubio kontrolu nad autobusom i pregazio 18 osoba\",\"datePublished\":\"2014-08-02T02:34:42+00:00\",\"mainEntityOfPage\":{\"@id\":\"https:\/\/sandzakpress.net\/arhiva\/istanbul-vozac-izgubio-kontrolu-nad-autobusom-i-pregazio-18-osoba\/\"},\"wordCount\":175,\"commentCount\":1,\"publisher\":{\"@id\":\"https:\/\/sandzakpress.net\/arhiva\/#\/schema\/person\/6e72b67d6e51910a1117b3b483ba20bd\"},\"image\":{\"@id\":\"https:\/\/sandzakpress.net\/arhiva\/istanbul-vozac-izgubio-kontrolu-nad-autobusom-i-pregazio-18-osoba\/#primaryimage\"},\"thumbnailUrl\":\"https:\/\/sandzakpress.net\/arhiva\/wp-content\/uploads\/2014\/08\/01.jpg\",\"articleSection\":[\"Svijet\",\"Turska\"],\"inLanguage\":\"bs-BA\",\"potentialAction\":[{\"@type\":\"CommentAction\",\"name\":\"Comment\",\"target\":[\"https:\/\/sandzakpress.net\/arhiva\/istanbul-vozac-izgubio-kontrolu-nad-autobusom-i-pregazio-18-osoba\/#respond\"]}]},{\"@type\":\"WebPage\",\"@id\":\"https:\/\/sandzakpress.net\/arhiva\/istanbul-vozac-izgubio-kontrolu-nad-autobusom-i-pregazio-18-osoba\/\",\"url\":\"https:\/\/sandzakpress.net\/arhiva\/istanbul-vozac-izgubio-kontrolu-nad-autobusom-i-pregazio-18-osoba\/\",\"name\":\"Istanbul: Voza\u010d izgubio kontrolu nad autobusom i pregazio 18 osoba\",\"isPartOf\":{\"@id\":\"https:\/\/sandzakpress.net\/arhiva\/#website\"},\"primaryImageOfPage\":{\"@id\":\"https:\/\/sandzakpress.net\/arhiva\/istanbul-vozac-izgubio-kontrolu-nad-autobusom-i-pregazio-18-osoba\/#primaryimage\"},\"image\":{\"@id\":\"https:\/\/sandzakpress.net\/arhiva\/istanbul-vozac-izgubio-kontrolu-nad-autobusom-i-pregazio-18-osoba\/#primaryimage\"},\"thumbnailUrl\":\"https:\/\/sandzakpress.net\/arhiva\/wp-content\/uploads\/2014\/08\/01.jpg\",\"datePublished\":\"2014-08-02T02:34:42+00:00\",\"breadcrumb\":{\"@id\":\"https:\/\/sandzakpress.net\/arhiva\/istanbul-vozac-izgubio-kontrolu-nad-autobusom-i-pregazio-18-osoba\/#breadcrumb\"},\"inLanguage\":\"bs-BA\",\"potentialAction\":[{\"@type\":\"ReadAction\",\"target\":[\"https:\/\/sandzakpress.net\/arhiva\/istanbul-vozac-izgubio-kontrolu-nad-autobusom-i-pregazio-18-osoba\/\"]}]},{\"@type\":\"ImageObject\",\"inLanguage\":\"bs-BA\",\"@id\":\"https:\/\/sandzakpress.net\/arhiva\/istanbul-vozac-izgubio-kontrolu-nad-autobusom-i-pregazio-18-osoba\/#primaryimage\",\"url\":\"https:\/\/sandzakpress.net\/arhiva\/wp-content\/uploads\/2014\/08\/01.jpg\",\"contentUrl\":\"https:\/\/sandzakpress.net\/arhiva\/wp-content\/uploads\/2014\/08\/01.jpg\",\"width\":480,\"height\":360},{\"@type\":\"BreadcrumbList\",\"@id\":\"https:\/\/sandzakpress.net\/arhiva\/istanbul-vozac-izgubio-kontrolu-nad-autobusom-i-pregazio-18-osoba\/#breadcrumb\",\"itemListElement\":[{\"@type\":\"ListItem\",\"position\":1,\"name\":\"Home\",\"item\":\"https:\/\/sandzakpress.net\/arhiva\/\"},{\"@type\":\"ListItem\",\"position\":2,\"name\":\"Istanbul: Voza\u010d izgubio kontrolu nad autobusom i pregazio 18 osoba\"}]},{\"@type\":\"WebSite\",\"@id\":\"https:\/\/sandzakpress.net\/arhiva\/#website\",\"url\":\"https:\/\/sandzakpress.net\/arhiva\/\",\"name\":\"Sand\u017eak PRESS\",\"description\":\"Prve elektronske novine u Sand\u017eaku\",\"publisher\":{\"@id\":\"https:\/\/sandzakpress.net\/arhiva\/#\/schema\/person\/6e72b67d6e51910a1117b3b483ba20bd\"},\"potentialAction\":[{\"@type\":\"SearchAction\",\"target\":{\"@type\":\"EntryPoint\",\"urlTemplate\":\"https:\/\/sandzakpress.net\/arhiva\/?s={search_term_string}\"},\"query-input\":{\"@type\":\"PropertyValueSpecification\",\"valueRequired\":true,\"valueName\":\"search_term_string\"}}],\"inLanguage\":\"bs-BA\"},{\"@type\":[\"Person\",\"Organization\"],\"@id\":\"https:\/\/sandzakpress.net\/arhiva\/#\/schema\/person\/6e72b67d6e51910a1117b3b483ba20bd\",\"name\":\"Kul\",\"image\":{\"@type\":\"ImageObject\",\"inLanguage\":\"bs-BA\",\"@id\":\"https:\/\/sandzakpress.net\/arhiva\/#\/schema\/person\/image\/\",\"url\":\"https:\/\/secure.gravatar.com\/avatar\/42263f39aa27ac04c43cab85c280eb2e?s=96&d=mm&r=pg\",\"contentUrl\":\"https:\/\/secure.gravatar.com\/avatar\/42263f39aa27ac04c43cab85c280eb2e?s=96&d=mm&r=pg\",\"caption\":\"Kul\"},\"logo\":{\"@id\":\"https:\/\/sandzakpress.net\/arhiva\/#\/schema\/person\/image\/\"}},{\"@type\":\"Person\",\"@id\":\"https:\/\/sandzakpress.net\/arhiva\/#\/schema\/person\/c8baee722073534b583ea7bdb2e36c02\",\"name\":\"bosniak\",\"image\":{\"@type\":\"ImageObject\",\"inLanguage\":\"bs-BA\",\"@id\":\"https:\/\/sandzakpress.net\/arhiva\/#\/schema\/person\/image\/\",\"url\":\"https:\/\/secure.gravatar.com\/avatar\/a04fd330bfe3a36a72a0ad4a6d89fca7?s=96&d=mm&r=pg\",\"contentUrl\":\"https:\/\/secure.gravatar.com\/avatar\/a04fd330bfe3a36a72a0ad4a6d89fca7?s=96&d=mm&r=pg\",\"caption\":\"bosniak\"},\"url\":\"https:\/\/sandzakpress.net\/arhiva\/author\/bosniak\/\"}]}<\/script>\n<!-- \/ Yoast SEO Premium plugin. -->","yoast_head_json":{"title":"Istanbul: Voza\u010d izgubio kontrolu nad autobusom i pregazio 18 osoba","robots":{"index":"index","follow":"follow","max-snippet":"max-snippet:-1","max-image-preview":"max-image-preview:large","max-video-preview":"max-video-preview:-1"},"canonical":"https:\/\/sandzakpress.net\/arhiva\/istanbul-vozac-izgubio-kontrolu-nad-autobusom-i-pregazio-18-osoba\/","og_locale":"bs_BA","og_type":"article","og_title":"Istanbul: Voza\u010d izgubio kontrolu nad autobusom i pregazio 18 osoba","og_description":"https:\/\/www.youtube.com\/watch?v=Qn0hDukIWFs Dvije osobe su poginule, a najmanje 16 osoba je povrije\u0111eno u stravi\u010dnoj nesre\u0107i koja se dogodila danas u Istanbulu kada voza\u010d autobusa nije mogao zaustaviti vozilo i zabio se u vozilo pa u malu radnju u blizini puta. Autobus pripada op\u0107ini Denzil i trenutno se istra\u017euje uzrok nesre\u0107e. Poginuli su voza\u010d autobusa Fatih Hakyemez [&hellip;]","og_url":"https:\/\/sandzakpress.net\/arhiva\/istanbul-vozac-izgubio-kontrolu-nad-autobusom-i-pregazio-18-osoba\/","og_site_name":"Sand\u017eak PRESS","article_published_time":"2014-08-02T02:34:42+00:00","og_image":[{"width":480,"height":360,"url":"https:\/\/sandzakpress.net\/arhiva\/wp-content\/uploads\/2014\/08\/01.jpg","type":"image\/jpeg"}],"author":"bosniak","twitter_card":"summary_large_image","twitter_misc":{"Written by":"bosniak","Est. reading time":"1 minuta"},"schema":{"@context":"https:\/\/schema.org","@graph":[{"@type":"Article","@id":"https:\/\/sandzakpress.net\/arhiva\/istanbul-vozac-izgubio-kontrolu-nad-autobusom-i-pregazio-18-osoba\/#article","isPartOf":{"@id":"https:\/\/sandzakpress.net\/arhiva\/istanbul-vozac-izgubio-kontrolu-nad-autobusom-i-pregazio-18-osoba\/"},"author":{"name":"bosniak","@id":"https:\/\/sandzakpress.net\/arhiva\/#\/schema\/person\/c8baee722073534b583ea7bdb2e36c02"},"headline":"Istanbul: Voza\u010d izgubio kontrolu nad autobusom i pregazio 18 osoba","datePublished":"2014-08-02T02:34:42+00:00","mainEntityOfPage":{"@id":"https:\/\/sandzakpress.net\/arhiva\/istanbul-vozac-izgubio-kontrolu-nad-autobusom-i-pregazio-18-osoba\/"},"wordCount":175,"commentCount":1,"publisher":{"@id":"https:\/\/sandzakpress.net\/arhiva\/#\/schema\/person\/6e72b67d6e51910a1117b3b483ba20bd"},"image":{"@id":"https:\/\/sandzakpress.net\/arhiva\/istanbul-vozac-izgubio-kontrolu-nad-autobusom-i-pregazio-18-osoba\/#primaryimage"},"thumbnailUrl":"https:\/\/sandzakpress.net\/arhiva\/wp-content\/uploads\/2014\/08\/01.jpg","articleSection":["Svijet","Turska"],"inLanguage":"bs-BA","potentialAction":[{"@type":"CommentAction","name":"Comment","target":["https:\/\/sandzakpress.net\/arhiva\/istanbul-vozac-izgubio-kontrolu-nad-autobusom-i-pregazio-18-osoba\/#respond"]}]},{"@type":"WebPage","@id":"https:\/\/sandzakpress.net\/arhiva\/istanbul-vozac-izgubio-kontrolu-nad-autobusom-i-pregazio-18-osoba\/","url":"https:\/\/sandzakpress.net\/arhiva\/istanbul-vozac-izgubio-kontrolu-nad-autobusom-i-pregazio-18-osoba\/","name":"Istanbul: Voza\u010d izgubio kontrolu nad autobusom i pregazio 18 osoba","isPartOf":{"@id":"https:\/\/sandzakpress.net\/arhiva\/#website"},"primaryImageOfPage":{"@id":"https:\/\/sandzakpress.net\/arhiva\/istanbul-vozac-izgubio-kontrolu-nad-autobusom-i-pregazio-18-osoba\/#primaryimage"},"image":{"@id":"https:\/\/sandzakpress.net\/arhiva\/istanbul-vozac-izgubio-kontrolu-nad-autobusom-i-pregazio-18-osoba\/#primaryimage"},"thumbnailUrl":"https:\/\/sandzakpress.net\/arhiva\/wp-content\/uploads\/2014\/08\/01.jpg","datePublished":"2014-08-02T02:34:42+00:00","breadcrumb":{"@id":"https:\/\/sandzakpress.net\/arhiva\/istanbul-vozac-izgubio-kontrolu-nad-autobusom-i-pregazio-18-osoba\/#breadcrumb"},"inLanguage":"bs-BA","potentialAction":[{"@type":"ReadAction","target":["https:\/\/sandzakpress.net\/arhiva\/istanbul-vozac-izgubio-kontrolu-nad-autobusom-i-pregazio-18-osoba\/"]}]},{"@type":"ImageObject","inLanguage":"bs-BA","@id":"https:\/\/sandzakpress.net\/arhiva\/istanbul-vozac-izgubio-kontrolu-nad-autobusom-i-pregazio-18-osoba\/#primaryimage","url":"https:\/\/sandzakpress.net\/arhiva\/wp-content\/uploads\/2014\/08\/01.jpg","contentUrl":"https:\/\/sandzakpress.net\/arhiva\/wp-content\/uploads\/2014\/08\/01.jpg","width":480,"height":360},{"@type":"BreadcrumbList","@id":"https:\/\/sandzakpress.net\/arhiva\/istanbul-vozac-izgubio-kontrolu-nad-autobusom-i-pregazio-18-osoba\/#breadcrumb","itemListElement":[{"@type":"ListItem","position":1,"name":"Home","item":"https:\/\/sandzakpress.net\/arhiva\/"},{"@type":"ListItem","position":2,"name":"Istanbul: Voza\u010d izgubio kontrolu nad autobusom i pregazio 18 osoba"}]},{"@type":"WebSite","@id":"https:\/\/sandzakpress.net\/arhiva\/#website","url":"https:\/\/sandzakpress.net\/arhiva\/","name":"Sand\u017eak PRESS","description":"Prve elektronske novine u Sand\u017eaku","publisher":{"@id":"https:\/\/sandzakpress.net\/arhiva\/#\/schema\/person\/6e72b67d6e51910a1117b3b483ba20bd"},"potentialAction":[{"@type":"SearchAction","target":{"@type":"EntryPoint","urlTemplate":"https:\/\/sandzakpress.net\/arhiva\/?s={search_term_string}"},"query-input":{"@type":"PropertyValueSpecification","valueRequired":true,"valueName":"search_term_string"}}],"inLanguage":"bs-BA"},{"@type":["Person","Organization"],"@id":"https:\/\/sandzakpress.net\/arhiva\/#\/schema\/person\/6e72b67d6e51910a1117b3b483ba20bd","name":"Kul","image":{"@type":"ImageObject","inLanguage":"bs-BA","@id":"https:\/\/sandzakpress.net\/arhiva\/#\/schema\/person\/image\/","url":"https:\/\/secure.gravatar.com\/avatar\/42263f39aa27ac04c43cab85c280eb2e?s=96&d=mm&r=pg","contentUrl":"https:\/\/secure.gravatar.com\/avatar\/42263f39aa27ac04c43cab85c280eb2e?s=96&d=mm&r=pg","caption":"Kul"},"logo":{"@id":"https:\/\/sandzakpress.net\/arhiva\/#\/schema\/person\/image\/"}},{"@type":"Person","@id":"https:\/\/sandzakpress.net\/arhiva\/#\/schema\/person\/c8baee722073534b583ea7bdb2e36c02","name":"bosniak","image":{"@type":"ImageObject","inLanguage":"bs-BA","@id":"https:\/\/sandzakpress.net\/arhiva\/#\/schema\/person\/image\/","url":"https:\/\/secure.gravatar.com\/avatar\/a04fd330bfe3a36a72a0ad4a6d89fca7?s=96&d=mm&r=pg","contentUrl":"https:\/\/secure.gravatar.com\/avatar\/a04fd330bfe3a36a72a0ad4a6d89fca7?s=96&d=mm&r=pg","caption":"bosniak"},"url":"https:\/\/sandzakpress.net\/arhiva\/author\/bosniak\/"}]}},"_links":{"self":[{"href":"https:\/\/sandzakpress.net\/arhiva\/wp-json\/wp\/v2\/posts\/109695"}],"collection":[{"href":"https:\/\/sandzakpress.net\/arhiva\/wp-json\/wp\/v2\/posts"}],"about":[{"href":"https:\/\/sandzakpress.net\/arhiva\/wp-json\/wp\/v2\/types\/post"}],"author":[{"embeddable":true,"href":"https:\/\/sandzakpress.net\/arhiva\/wp-json\/wp\/v2\/users\/83"}],"replies":[{"embeddable":true,"href":"https:\/\/sandzakpress.net\/arhiva\/wp-json\/wp\/v2\/comments?post=109695"}],"version-history":[{"count":0,"href":"https:\/\/sandzakpress.net\/arhiva\/wp-json\/wp\/v2\/posts\/109695\/revisions"}],"wp:featuredmedia":[{"embeddable":true,"href":"https:\/\/sandzakpress.net\/arhiva\/wp-json\/wp\/v2\/media\/109696"}],"wp:attachment":[{"href":"https:\/\/sandzakpress.net\/arhiva\/wp-json\/wp\/v2\/media?parent=109695"}],"wp:term":[{"taxonomy":"category","embeddable":true,"href":"https:\/\/sandzakpress.net\/arhiva\/wp-json\/wp\/v2\/categories?post=109695"},{"taxonomy":"post_tag","embeddable":true,"href":"https:\/\/sandzakpress.net\/arhiva\/wp-json\/wp\/v2\/tags?post=109695"}],"curies":[{"name":"wp","href":"https:\/\/api.w.org\/{rel}","templated":true}]}}