{"id":109651,"date":"2014-07-31T23:42:12","date_gmt":"2014-07-31T21:42:12","guid":{"rendered":"https:\/\/sandzakpress.net\/arhiva\/?p=109651"},"modified":"2014-07-31T23:42:12","modified_gmt":"2014-07-31T21:42:12","slug":"opozicija-nije-ucestvovala-u-radu-skupstine-opstine-gusinje-nece-u-salu-bez-drzavne-zastave","status":"publish","type":"post","link":"https:\/\/sandzakpress.net\/arhiva\/opozicija-nije-ucestvovala-u-radu-skupstine-opstine-gusinje-nece-u-salu-bez-drzavne-zastave\/","title":{"rendered":"Opozicija nije u\u010destvovala u radu Skup\u0161tine op\u0161tine Gusinje: Ne\u0107e u salu bez dr\u017eavne zastave"},"content":{"rendered":"<p><img decoding=\"async\" class=\"alignleft\" src=\"http:\/\/www.pobjeda.me\/wp-content\/uploads\/2014\/07\/2014-31-07-cgo-t-str-xx-v01-z-gu-so-300x168.jpg\" alt=\"\" \/><\/p>\n<p><strong><span style=\"color: #000000;\">Gusinje &#8211;\u00a0Drugu sjednicu gusinjskog parlamenta, na kojoj su razmatrane \u010detiri ta\u010dke dnevnog reda, napustili su odbornici poslani\u010dkog kluba opozicione Koalicije za Gusinje.<\/span><\/strong><\/p>\n<p style=\"color: #474747;\"><span style=\"color: #000000;\">Uo\u010di usvajanja dnevnog reda odbornik ove koalicije Ragip Deljanin zatra\u017eio je da se prije po\u010detka rada u salu donese i postavi dr\u017eavna zastava Crne Gore ili \u0107e on i njegove kolege napustiti sjednicu. Odbornik Enver Dedu\u0161aj (DUA), ina\u010de iskusni pravnik i u dva saziva sekretar Skup\u0161tine op\u0161tine Plav, odgovorio je da se, prema zakonskim propisima, na sjednicama lokalnog parlamenta ne postavljaju dr\u017eavni simboli. Predsjednik Skup\u0161tine op\u0161tine Gusinje dr Elvis Omeragi\u0107 potvrdio je rije\u010di Dedu\u0161ija i rekao da je demokratsko pravo svakog odborni\u010dkog kluba da odlu\u010di da li \u0107e u\u010destvovati u radu Skup\u0161tine. Nakon toga, odbornici Koalicije za Gusinje napustili su sjednicu.<\/span><\/p>\n<p style=\"color: #474747;\"><span style=\"color: #000000;\">Tako\u0111e prije razmatranja dnevnog reda, odbornici Demokratskog saveza tra\u017eili su da im se, kad se za to steknu uslovi, obezbijedi skup\u0161tinski materijal na albanskom jeziku i prevodilac u toku rada sjednice. Predsjednik Skup\u0161tine dr Elvis Omeragi\u0107 kazao je da ne postoje ni minimalni uslovi za normalan rad op\u0161tinskih slu\u017ebi, ali \u0107e, \u010dim bude mogu\u0107e, svim opravdanim zahtjevima biti udovoljeno.<\/span><\/p>\n<p style=\"color: #474747;\"><span style=\"color: #000000;\">Nakon rasprave usvojene su odluke o privremenom poslovniku o radu SO Gusinje, o imenovanju predsjednika i \u010dlanova odbora za izbor i imenovanje, predsjednika i \u010dlanova odbora za statut i propise, kao i imenovanje predsjednika i \u010dlanova odbora za finansije i ekonomski razvoj.<\/span><\/p>\n<p style=\"color: #474747;\"><span style=\"color: #000000;\">(pobjeda)<\/span><\/p>\n","protected":false},"excerpt":{"rendered":"<p>Gusinje &#8211;\u00a0Drugu sjednicu gusinjskog parlamenta, na kojoj su razmatrane \u010detiri ta\u010dke dnevnog reda, napustili su odbornici poslani\u010dkog kluba opozicione Koalicije za Gusinje. Uo\u010di usvajanja dnevnog reda odbornik ove koalicije Ragip Deljanin zatra\u017eio je da se prije po\u010detka rada u salu donese i postavi dr\u017eavna zastava Crne Gore ili \u0107e on i njegove kolege napustiti sjednicu. [&hellip;]<\/p>\n","protected":false},"author":83,"featured_media":109652,"comment_status":"open","ping_status":"open","sticky":false,"template":"","format":"standard","meta":{"footnotes":""},"categories":[1,10173],"tags":[],"class_list":{"0":"post-109651","1":"post","2":"type-post","3":"status-publish","4":"format-standard","5":"has-post-thumbnail","7":"category-politika","8":"category-gusinje-vase-vijesti"},"yoast_head":"<!-- This site is optimized with the Yoast SEO Premium plugin v23.1 (Yoast SEO v24.9) - https:\/\/yoast.com\/wordpress\/plugins\/seo\/ -->\n<title>Opozicija nije u\u010destvovala u radu Skup\u0161tine op\u0161tine Gusinje: Ne\u0107e u salu bez dr\u017eavne zastave<\/title>\n<meta name=\"robots\" content=\"index, follow, max-snippet:-1, max-image-preview:large, max-video-preview:-1\" \/>\n<link rel=\"canonical\" href=\"https:\/\/sandzakpress.net\/arhiva\/opozicija-nije-ucestvovala-u-radu-skupstine-opstine-gusinje-nece-u-salu-bez-drzavne-zastave\/\" \/>\n<meta property=\"og:locale\" content=\"bs_BA\" \/>\n<meta property=\"og:type\" content=\"article\" \/>\n<meta property=\"og:title\" content=\"Opozicija nije u\u010destvovala u radu Skup\u0161tine op\u0161tine Gusinje: Ne\u0107e u salu bez dr\u017eavne zastave\" \/>\n<meta property=\"og:description\" content=\"Gusinje &#8211;\u00a0Drugu sjednicu gusinjskog parlamenta, na kojoj su razmatrane \u010detiri ta\u010dke dnevnog reda, napustili su odbornici poslani\u010dkog kluba opozicione Koalicije za Gusinje. Uo\u010di usvajanja dnevnog reda odbornik ove koalicije Ragip Deljanin zatra\u017eio je da se prije po\u010detka rada u salu donese i postavi dr\u017eavna zastava Crne Gore ili \u0107e on i njegove kolege napustiti sjednicu. [&hellip;]\" \/>\n<meta property=\"og:url\" content=\"https:\/\/sandzakpress.net\/arhiva\/opozicija-nije-ucestvovala-u-radu-skupstine-opstine-gusinje-nece-u-salu-bez-drzavne-zastave\/\" \/>\n<meta property=\"og:site_name\" content=\"Sand\u017eak PRESS\" \/>\n<meta property=\"article:published_time\" content=\"2014-07-31T21:42:12+00:00\" \/>\n<meta property=\"og:image\" content=\"https:\/\/sandzakpress.net\/arhiva\/wp-content\/uploads\/2014\/07\/2014-31-07-cgo-t-str-xx-v01-z-gu-so-300x168.jpg\" \/>\n\t<meta property=\"og:image:width\" content=\"300\" \/>\n\t<meta property=\"og:image:height\" content=\"168\" \/>\n\t<meta property=\"og:image:type\" content=\"image\/jpeg\" \/>\n<meta name=\"author\" content=\"bosniak\" \/>\n<meta name=\"twitter:card\" content=\"summary_large_image\" \/>\n<meta name=\"twitter:label1\" content=\"Written by\" \/>\n\t<meta name=\"twitter:data1\" content=\"bosniak\" \/>\n\t<meta name=\"twitter:label2\" content=\"Est. reading time\" \/>\n\t<meta name=\"twitter:data2\" content=\"1 minuta\" \/>\n<script type=\"application\/ld+json\" class=\"yoast-schema-graph\">{\"@context\":\"https:\/\/schema.org\",\"@graph\":[{\"@type\":\"Article\",\"@id\":\"https:\/\/sandzakpress.net\/arhiva\/opozicija-nije-ucestvovala-u-radu-skupstine-opstine-gusinje-nece-u-salu-bez-drzavne-zastave\/#article\",\"isPartOf\":{\"@id\":\"https:\/\/sandzakpress.net\/arhiva\/opozicija-nije-ucestvovala-u-radu-skupstine-opstine-gusinje-nece-u-salu-bez-drzavne-zastave\/\"},\"author\":{\"name\":\"bosniak\",\"@id\":\"https:\/\/sandzakpress.net\/arhiva\/#\/schema\/person\/c8baee722073534b583ea7bdb2e36c02\"},\"headline\":\"Opozicija nije u\u010destvovala u radu Skup\u0161tine op\u0161tine Gusinje: Ne\u0107e u salu bez dr\u017eavne zastave\",\"datePublished\":\"2014-07-31T21:42:12+00:00\",\"mainEntityOfPage\":{\"@id\":\"https:\/\/sandzakpress.net\/arhiva\/opozicija-nije-ucestvovala-u-radu-skupstine-opstine-gusinje-nece-u-salu-bez-drzavne-zastave\/\"},\"wordCount\":271,\"commentCount\":0,\"publisher\":{\"@id\":\"https:\/\/sandzakpress.net\/arhiva\/#\/schema\/person\/6e72b67d6e51910a1117b3b483ba20bd\"},\"image\":{\"@id\":\"https:\/\/sandzakpress.net\/arhiva\/opozicija-nije-ucestvovala-u-radu-skupstine-opstine-gusinje-nece-u-salu-bez-drzavne-zastave\/#primaryimage\"},\"thumbnailUrl\":\"https:\/\/sandzakpress.net\/arhiva\/wp-content\/uploads\/2014\/07\/2014-31-07-cgo-t-str-xx-v01-z-gu-so-300x168.jpg\",\"articleSection\":[\"Politika\",\"Gusinje\"],\"inLanguage\":\"bs-BA\",\"potentialAction\":[{\"@type\":\"CommentAction\",\"name\":\"Comment\",\"target\":[\"https:\/\/sandzakpress.net\/arhiva\/opozicija-nije-ucestvovala-u-radu-skupstine-opstine-gusinje-nece-u-salu-bez-drzavne-zastave\/#respond\"]}]},{\"@type\":\"WebPage\",\"@id\":\"https:\/\/sandzakpress.net\/arhiva\/opozicija-nije-ucestvovala-u-radu-skupstine-opstine-gusinje-nece-u-salu-bez-drzavne-zastave\/\",\"url\":\"https:\/\/sandzakpress.net\/arhiva\/opozicija-nije-ucestvovala-u-radu-skupstine-opstine-gusinje-nece-u-salu-bez-drzavne-zastave\/\",\"name\":\"Opozicija nije u\u010destvovala u radu Skup\u0161tine op\u0161tine Gusinje: Ne\u0107e u salu bez dr\u017eavne zastave\",\"isPartOf\":{\"@id\":\"https:\/\/sandzakpress.net\/arhiva\/#website\"},\"primaryImageOfPage\":{\"@id\":\"https:\/\/sandzakpress.net\/arhiva\/opozicija-nije-ucestvovala-u-radu-skupstine-opstine-gusinje-nece-u-salu-bez-drzavne-zastave\/#primaryimage\"},\"image\":{\"@id\":\"https:\/\/sandzakpress.net\/arhiva\/opozicija-nije-ucestvovala-u-radu-skupstine-opstine-gusinje-nece-u-salu-bez-drzavne-zastave\/#primaryimage\"},\"thumbnailUrl\":\"https:\/\/sandzakpress.net\/arhiva\/wp-content\/uploads\/2014\/07\/2014-31-07-cgo-t-str-xx-v01-z-gu-so-300x168.jpg\",\"datePublished\":\"2014-07-31T21:42:12+00:00\",\"breadcrumb\":{\"@id\":\"https:\/\/sandzakpress.net\/arhiva\/opozicija-nije-ucestvovala-u-radu-skupstine-opstine-gusinje-nece-u-salu-bez-drzavne-zastave\/#breadcrumb\"},\"inLanguage\":\"bs-BA\",\"potentialAction\":[{\"@type\":\"ReadAction\",\"target\":[\"https:\/\/sandzakpress.net\/arhiva\/opozicija-nije-ucestvovala-u-radu-skupstine-opstine-gusinje-nece-u-salu-bez-drzavne-zastave\/\"]}]},{\"@type\":\"ImageObject\",\"inLanguage\":\"bs-BA\",\"@id\":\"https:\/\/sandzakpress.net\/arhiva\/opozicija-nije-ucestvovala-u-radu-skupstine-opstine-gusinje-nece-u-salu-bez-drzavne-zastave\/#primaryimage\",\"url\":\"https:\/\/sandzakpress.net\/arhiva\/wp-content\/uploads\/2014\/07\/2014-31-07-cgo-t-str-xx-v01-z-gu-so-300x168.jpg\",\"contentUrl\":\"https:\/\/sandzakpress.net\/arhiva\/wp-content\/uploads\/2014\/07\/2014-31-07-cgo-t-str-xx-v01-z-gu-so-300x168.jpg\",\"width\":300,\"height\":168},{\"@type\":\"BreadcrumbList\",\"@id\":\"https:\/\/sandzakpress.net\/arhiva\/opozicija-nije-ucestvovala-u-radu-skupstine-opstine-gusinje-nece-u-salu-bez-drzavne-zastave\/#breadcrumb\",\"itemListElement\":[{\"@type\":\"ListItem\",\"position\":1,\"name\":\"Home\",\"item\":\"https:\/\/sandzakpress.net\/arhiva\/\"},{\"@type\":\"ListItem\",\"position\":2,\"name\":\"Opozicija nije u\u010destvovala u radu Skup\u0161tine op\u0161tine Gusinje: Ne\u0107e u salu bez dr\u017eavne zastave\"}]},{\"@type\":\"WebSite\",\"@id\":\"https:\/\/sandzakpress.net\/arhiva\/#website\",\"url\":\"https:\/\/sandzakpress.net\/arhiva\/\",\"name\":\"Sand\u017eak PRESS\",\"description\":\"Prve elektronske novine u Sand\u017eaku\",\"publisher\":{\"@id\":\"https:\/\/sandzakpress.net\/arhiva\/#\/schema\/person\/6e72b67d6e51910a1117b3b483ba20bd\"},\"potentialAction\":[{\"@type\":\"SearchAction\",\"target\":{\"@type\":\"EntryPoint\",\"urlTemplate\":\"https:\/\/sandzakpress.net\/arhiva\/?s={search_term_string}\"},\"query-input\":{\"@type\":\"PropertyValueSpecification\",\"valueRequired\":true,\"valueName\":\"search_term_string\"}}],\"inLanguage\":\"bs-BA\"},{\"@type\":[\"Person\",\"Organization\"],\"@id\":\"https:\/\/sandzakpress.net\/arhiva\/#\/schema\/person\/6e72b67d6e51910a1117b3b483ba20bd\",\"name\":\"Kul\",\"image\":{\"@type\":\"ImageObject\",\"inLanguage\":\"bs-BA\",\"@id\":\"https:\/\/sandzakpress.net\/arhiva\/#\/schema\/person\/image\/\",\"url\":\"https:\/\/secure.gravatar.com\/avatar\/42263f39aa27ac04c43cab85c280eb2e?s=96&d=mm&r=pg\",\"contentUrl\":\"https:\/\/secure.gravatar.com\/avatar\/42263f39aa27ac04c43cab85c280eb2e?s=96&d=mm&r=pg\",\"caption\":\"Kul\"},\"logo\":{\"@id\":\"https:\/\/sandzakpress.net\/arhiva\/#\/schema\/person\/image\/\"}},{\"@type\":\"Person\",\"@id\":\"https:\/\/sandzakpress.net\/arhiva\/#\/schema\/person\/c8baee722073534b583ea7bdb2e36c02\",\"name\":\"bosniak\",\"image\":{\"@type\":\"ImageObject\",\"inLanguage\":\"bs-BA\",\"@id\":\"https:\/\/sandzakpress.net\/arhiva\/#\/schema\/person\/image\/\",\"url\":\"https:\/\/secure.gravatar.com\/avatar\/a04fd330bfe3a36a72a0ad4a6d89fca7?s=96&d=mm&r=pg\",\"contentUrl\":\"https:\/\/secure.gravatar.com\/avatar\/a04fd330bfe3a36a72a0ad4a6d89fca7?s=96&d=mm&r=pg\",\"caption\":\"bosniak\"},\"url\":\"https:\/\/sandzakpress.net\/arhiva\/author\/bosniak\/\"}]}<\/script>\n<!-- \/ Yoast SEO Premium plugin. -->","yoast_head_json":{"title":"Opozicija nije u\u010destvovala u radu Skup\u0161tine op\u0161tine Gusinje: Ne\u0107e u salu bez dr\u017eavne zastave","robots":{"index":"index","follow":"follow","max-snippet":"max-snippet:-1","max-image-preview":"max-image-preview:large","max-video-preview":"max-video-preview:-1"},"canonical":"https:\/\/sandzakpress.net\/arhiva\/opozicija-nije-ucestvovala-u-radu-skupstine-opstine-gusinje-nece-u-salu-bez-drzavne-zastave\/","og_locale":"bs_BA","og_type":"article","og_title":"Opozicija nije u\u010destvovala u radu Skup\u0161tine op\u0161tine Gusinje: Ne\u0107e u salu bez dr\u017eavne zastave","og_description":"Gusinje &#8211;\u00a0Drugu sjednicu gusinjskog parlamenta, na kojoj su razmatrane \u010detiri ta\u010dke dnevnog reda, napustili su odbornici poslani\u010dkog kluba opozicione Koalicije za Gusinje. Uo\u010di usvajanja dnevnog reda odbornik ove koalicije Ragip Deljanin zatra\u017eio je da se prije po\u010detka rada u salu donese i postavi dr\u017eavna zastava Crne Gore ili \u0107e on i njegove kolege napustiti sjednicu. [&hellip;]","og_url":"https:\/\/sandzakpress.net\/arhiva\/opozicija-nije-ucestvovala-u-radu-skupstine-opstine-gusinje-nece-u-salu-bez-drzavne-zastave\/","og_site_name":"Sand\u017eak PRESS","article_published_time":"2014-07-31T21:42:12+00:00","og_image":[{"width":300,"height":168,"url":"https:\/\/sandzakpress.net\/arhiva\/wp-content\/uploads\/2014\/07\/2014-31-07-cgo-t-str-xx-v01-z-gu-so-300x168.jpg","type":"image\/jpeg"}],"author":"bosniak","twitter_card":"summary_large_image","twitter_misc":{"Written by":"bosniak","Est. reading time":"1 minuta"},"schema":{"@context":"https:\/\/schema.org","@graph":[{"@type":"Article","@id":"https:\/\/sandzakpress.net\/arhiva\/opozicija-nije-ucestvovala-u-radu-skupstine-opstine-gusinje-nece-u-salu-bez-drzavne-zastave\/#article","isPartOf":{"@id":"https:\/\/sandzakpress.net\/arhiva\/opozicija-nije-ucestvovala-u-radu-skupstine-opstine-gusinje-nece-u-salu-bez-drzavne-zastave\/"},"author":{"name":"bosniak","@id":"https:\/\/sandzakpress.net\/arhiva\/#\/schema\/person\/c8baee722073534b583ea7bdb2e36c02"},"headline":"Opozicija nije u\u010destvovala u radu Skup\u0161tine op\u0161tine Gusinje: Ne\u0107e u salu bez dr\u017eavne zastave","datePublished":"2014-07-31T21:42:12+00:00","mainEntityOfPage":{"@id":"https:\/\/sandzakpress.net\/arhiva\/opozicija-nije-ucestvovala-u-radu-skupstine-opstine-gusinje-nece-u-salu-bez-drzavne-zastave\/"},"wordCount":271,"commentCount":0,"publisher":{"@id":"https:\/\/sandzakpress.net\/arhiva\/#\/schema\/person\/6e72b67d6e51910a1117b3b483ba20bd"},"image":{"@id":"https:\/\/sandzakpress.net\/arhiva\/opozicija-nije-ucestvovala-u-radu-skupstine-opstine-gusinje-nece-u-salu-bez-drzavne-zastave\/#primaryimage"},"thumbnailUrl":"https:\/\/sandzakpress.net\/arhiva\/wp-content\/uploads\/2014\/07\/2014-31-07-cgo-t-str-xx-v01-z-gu-so-300x168.jpg","articleSection":["Politika","Gusinje"],"inLanguage":"bs-BA","potentialAction":[{"@type":"CommentAction","name":"Comment","target":["https:\/\/sandzakpress.net\/arhiva\/opozicija-nije-ucestvovala-u-radu-skupstine-opstine-gusinje-nece-u-salu-bez-drzavne-zastave\/#respond"]}]},{"@type":"WebPage","@id":"https:\/\/sandzakpress.net\/arhiva\/opozicija-nije-ucestvovala-u-radu-skupstine-opstine-gusinje-nece-u-salu-bez-drzavne-zastave\/","url":"https:\/\/sandzakpress.net\/arhiva\/opozicija-nije-ucestvovala-u-radu-skupstine-opstine-gusinje-nece-u-salu-bez-drzavne-zastave\/","name":"Opozicija nije u\u010destvovala u radu Skup\u0161tine op\u0161tine Gusinje: Ne\u0107e u salu bez dr\u017eavne zastave","isPartOf":{"@id":"https:\/\/sandzakpress.net\/arhiva\/#website"},"primaryImageOfPage":{"@id":"https:\/\/sandzakpress.net\/arhiva\/opozicija-nije-ucestvovala-u-radu-skupstine-opstine-gusinje-nece-u-salu-bez-drzavne-zastave\/#primaryimage"},"image":{"@id":"https:\/\/sandzakpress.net\/arhiva\/opozicija-nije-ucestvovala-u-radu-skupstine-opstine-gusinje-nece-u-salu-bez-drzavne-zastave\/#primaryimage"},"thumbnailUrl":"https:\/\/sandzakpress.net\/arhiva\/wp-content\/uploads\/2014\/07\/2014-31-07-cgo-t-str-xx-v01-z-gu-so-300x168.jpg","datePublished":"2014-07-31T21:42:12+00:00","breadcrumb":{"@id":"https:\/\/sandzakpress.net\/arhiva\/opozicija-nije-ucestvovala-u-radu-skupstine-opstine-gusinje-nece-u-salu-bez-drzavne-zastave\/#breadcrumb"},"inLanguage":"bs-BA","potentialAction":[{"@type":"ReadAction","target":["https:\/\/sandzakpress.net\/arhiva\/opozicija-nije-ucestvovala-u-radu-skupstine-opstine-gusinje-nece-u-salu-bez-drzavne-zastave\/"]}]},{"@type":"ImageObject","inLanguage":"bs-BA","@id":"https:\/\/sandzakpress.net\/arhiva\/opozicija-nije-ucestvovala-u-radu-skupstine-opstine-gusinje-nece-u-salu-bez-drzavne-zastave\/#primaryimage","url":"https:\/\/sandzakpress.net\/arhiva\/wp-content\/uploads\/2014\/07\/2014-31-07-cgo-t-str-xx-v01-z-gu-so-300x168.jpg","contentUrl":"https:\/\/sandzakpress.net\/arhiva\/wp-content\/uploads\/2014\/07\/2014-31-07-cgo-t-str-xx-v01-z-gu-so-300x168.jpg","width":300,"height":168},{"@type":"BreadcrumbList","@id":"https:\/\/sandzakpress.net\/arhiva\/opozicija-nije-ucestvovala-u-radu-skupstine-opstine-gusinje-nece-u-salu-bez-drzavne-zastave\/#breadcrumb","itemListElement":[{"@type":"ListItem","position":1,"name":"Home","item":"https:\/\/sandzakpress.net\/arhiva\/"},{"@type":"ListItem","position":2,"name":"Opozicija nije u\u010destvovala u radu Skup\u0161tine op\u0161tine Gusinje: Ne\u0107e u salu bez dr\u017eavne zastave"}]},{"@type":"WebSite","@id":"https:\/\/sandzakpress.net\/arhiva\/#website","url":"https:\/\/sandzakpress.net\/arhiva\/","name":"Sand\u017eak PRESS","description":"Prve elektronske novine u Sand\u017eaku","publisher":{"@id":"https:\/\/sandzakpress.net\/arhiva\/#\/schema\/person\/6e72b67d6e51910a1117b3b483ba20bd"},"potentialAction":[{"@type":"SearchAction","target":{"@type":"EntryPoint","urlTemplate":"https:\/\/sandzakpress.net\/arhiva\/?s={search_term_string}"},"query-input":{"@type":"PropertyValueSpecification","valueRequired":true,"valueName":"search_term_string"}}],"inLanguage":"bs-BA"},{"@type":["Person","Organization"],"@id":"https:\/\/sandzakpress.net\/arhiva\/#\/schema\/person\/6e72b67d6e51910a1117b3b483ba20bd","name":"Kul","image":{"@type":"ImageObject","inLanguage":"bs-BA","@id":"https:\/\/sandzakpress.net\/arhiva\/#\/schema\/person\/image\/","url":"https:\/\/secure.gravatar.com\/avatar\/42263f39aa27ac04c43cab85c280eb2e?s=96&d=mm&r=pg","contentUrl":"https:\/\/secure.gravatar.com\/avatar\/42263f39aa27ac04c43cab85c280eb2e?s=96&d=mm&r=pg","caption":"Kul"},"logo":{"@id":"https:\/\/sandzakpress.net\/arhiva\/#\/schema\/person\/image\/"}},{"@type":"Person","@id":"https:\/\/sandzakpress.net\/arhiva\/#\/schema\/person\/c8baee722073534b583ea7bdb2e36c02","name":"bosniak","image":{"@type":"ImageObject","inLanguage":"bs-BA","@id":"https:\/\/sandzakpress.net\/arhiva\/#\/schema\/person\/image\/","url":"https:\/\/secure.gravatar.com\/avatar\/a04fd330bfe3a36a72a0ad4a6d89fca7?s=96&d=mm&r=pg","contentUrl":"https:\/\/secure.gravatar.com\/avatar\/a04fd330bfe3a36a72a0ad4a6d89fca7?s=96&d=mm&r=pg","caption":"bosniak"},"url":"https:\/\/sandzakpress.net\/arhiva\/author\/bosniak\/"}]}},"_links":{"self":[{"href":"https:\/\/sandzakpress.net\/arhiva\/wp-json\/wp\/v2\/posts\/109651"}],"collection":[{"href":"https:\/\/sandzakpress.net\/arhiva\/wp-json\/wp\/v2\/posts"}],"about":[{"href":"https:\/\/sandzakpress.net\/arhiva\/wp-json\/wp\/v2\/types\/post"}],"author":[{"embeddable":true,"href":"https:\/\/sandzakpress.net\/arhiva\/wp-json\/wp\/v2\/users\/83"}],"replies":[{"embeddable":true,"href":"https:\/\/sandzakpress.net\/arhiva\/wp-json\/wp\/v2\/comments?post=109651"}],"version-history":[{"count":0,"href":"https:\/\/sandzakpress.net\/arhiva\/wp-json\/wp\/v2\/posts\/109651\/revisions"}],"wp:featuredmedia":[{"embeddable":true,"href":"https:\/\/sandzakpress.net\/arhiva\/wp-json\/wp\/v2\/media\/109652"}],"wp:attachment":[{"href":"https:\/\/sandzakpress.net\/arhiva\/wp-json\/wp\/v2\/media?parent=109651"}],"wp:term":[{"taxonomy":"category","embeddable":true,"href":"https:\/\/sandzakpress.net\/arhiva\/wp-json\/wp\/v2\/categories?post=109651"},{"taxonomy":"post_tag","embeddable":true,"href":"https:\/\/sandzakpress.net\/arhiva\/wp-json\/wp\/v2\/tags?post=109651"}],"curies":[{"name":"wp","href":"https:\/\/api.w.org\/{rel}","templated":true}]}}