{"id":109641,"date":"2014-07-31T14:46:17","date_gmt":"2014-07-31T12:46:17","guid":{"rendered":"https:\/\/sandzakpress.net\/arhiva\/?p=109641"},"modified":"2014-07-31T18:49:36","modified_gmt":"2014-07-31T16:49:36","slug":"ceric-sramno-je-to-sto-vrh-bih-nije-osudio-ubijanje-nevinih-civila-u-gazi","status":"publish","type":"post","link":"https:\/\/sandzakpress.net\/arhiva\/ceric-sramno-je-to-sto-vrh-bih-nije-osudio-ubijanje-nevinih-civila-u-gazi\/","title":{"rendered":"Ceri\u0107: Sramno je to \u0161to vrh BiH nije osudio ubijanje nevinih civila u Gazi"},"content":{"rendered":"<p><a href=\"https:\/\/sandzakpress.net\/arhiva\/wp-content\/uploads\/2014\/07\/b_140731055.jpg\"><img loading=\"lazy\" decoding=\"async\" class=\"aligncenter size-full wp-image-109642\" src=\"https:\/\/sandzakpress.net\/arhiva\/wp-content\/uploads\/2014\/07\/b_140731055.jpg\" alt=\"b_140731055\" width=\"632\" height=\"350\" srcset=\"https:\/\/sandzakpress.net\/arhiva\/wp-content\/uploads\/2014\/07\/b_140731055.jpg 632w, https:\/\/sandzakpress.net\/arhiva\/wp-content\/uploads\/2014\/07\/b_140731055-616x341.jpg 616w\" sizes=\"(max-width: 632px) 100vw, 632px\" \/><\/a><\/p>\n<p><strong>BiH, Palestina &#8211;\u00a0Dr. Mustafa Ceri\u0107 kazao je, komentiraju\u0107i novu invaziju Izraela na Gazu i stradanja stotina Palestinaca, uklju\u010duju\u0107i i veliki broj djece, da je sramotno \u0161to u najvi\u0161em dr\u017eavnom organu na\u0161e zemlje, odnosno Predsjedni\u0161tvu BiH, nema jedinstvenog stava osude u vezi s ubijanjem nevinih civila u Palestini.<\/strong><\/p>\n<div class=\"rel\" style=\"color: #5d5d5d;\">\n<p class=\"tekst\"><span style=\"color: rgb(0, 0, 0);\">Prema njegovim rije\u010dima, svaki savjestan i odgovorna \u010dovjek mora dignuti svoj glas protiv ubijanja nevinog \u010dovjeka i nevinog djeteta u Svetoj zemlji &#8211; Palestini, u okupiranoj i zatvorenoj Gazi. Jer, rat nije sre\u0107a nikome.\u00a0<\/span><\/p>\n<p class=\"tekst\"><span style=\"color: rgb(0, 0, 0);\">&#8220;Ko ubije jednog nevinog \u010dovjeka isto je kao da je ubio sve ljude na svijetu. Ovo univerzalno Bo\u017eje pravilo izre\u010deno je prvi puta u Svetoj zemlji Palestini. Taj glas se mora \u010duti i iz na\u0161e svete zemlje Bosne, da onaj koji ubije jedno nevino dijete u Palestini, ma \u010dije ono bilo, isto je kao da je ubio svu djecu svijeta. Nema i ne mo\u017ee biti opravdanja za ubistvo niti jednog nevinog djeteta, niti jednog nevinog civila, a kamoli stotina i hiljada djece u Palestini. Stra\u0161no je to \u0161to se de\u0161ava u Svetoj zemlji Ibrahimovih potomaka. To zdrav ljudski razum ne mo\u017ee shvatiti; to plemenito ljudsko srce ne mo\u017ee podnijeti; to \u010dista ljudska du\u0161a ne mo\u017ee nositi, niti odgovorna ljudska savjest mo\u017ee prihvatiti&#8221;, kazao je dr. Ceri\u0107 za Klix.ba.\u00a0<\/span><\/p>\n<p class=\"tekst\"><span style=\"color: rgb(0, 0, 0);\">Ubijanje, rekao je, donosi nesre\u0107u svima i zato odmah i bezuvjetno treba zaustaviti rat u Palaestini.<\/span><\/p>\n<p class=\"tekst\"><span style=\"color: rgb(0, 0, 0);\">&#8220;Treba zaustaviti ubijanje nevine djece u Gazi, treba zaustaviti bol i patnju na du\u0161i \u010dovje\u010danstva, treba pozdraviti i podr\u017eati mirovne i diplomatske napore Turske, Katara, Egipta, Italije kao i ministra vanjskih poslova SAD-a Johna Kerrya da se zaustavi prolivanje nevine krvi u Palestini. Nu\u017eno je tra\u017eiti pravedno i trajno odr\u017eivo rje\u0161enje za palestinsko-izraelski sukob, nu\u017eno je uspostaviti sveti mir umjesto svetog rata u Svetoj zemlji&#8221;, istakao je Ceri\u0107, koji dobro poznaje prilike na Bliskom istoku.\u00a0<\/span><\/p>\n<p class=\"tekst\"><span style=\"color: rgb(0, 0, 0);\">Podsje\u0107a da se patnja palestinskog naroda ne odvija samo u Gazi.\u00a0<\/span><\/p>\n<p class=\"tekst\"><span style=\"color: rgb(0, 0, 0);\">&#8220;Te\u0161ko pate i oni na Zapadnoj Obali, ali i milioni onih koji su \u0161irom svijeta raseljeni i koji nemaju pravo na povratak. Izraelu treba sigurnost, ali samo mir sa Arapima im mo\u017ee donijeti tu sigurnost. Brojne mirovne ponude su na stolu i Izrael treba pokazati spremnost da ih prihvati i da prestane sa izgradnjom nelegalnih naselja na okupiranim teritorijima. Tu su brojne propu\u0161tene prilike za mir poput inicijative kralja Saudijske Arabije Abdullahabin Abdulaziza od prije nekih 12 godina, a koju su podr\u017eale 22 arapske dr\u017eave i 56 muslimanskih zemalja&#8221;, smatra Ceri\u0107.<\/span><\/p>\n<p class=\"tekst\"><span style=\"color: rgb(0, 0, 0);\">No, on podr\u017eava i ameri\u010dka nastojanja da se uspostavi mir.<\/span><\/p>\n<p class=\"tekst\"><span style=\"color: rgb(0, 0, 0);\">&#8220;I administracija predsjednika Obame je, tako\u0111er, pokazala spremnost da posreduje u postizanju mira. Nadam se da \u0107e Izrael shvatiti da ubijanjem nevinih i silom ne\u0107e posti\u0107i sigurnost za svoje gra\u0111ane i da nasilje ra\u0111a samo novi val nasilja. Jedino pravo i trajno rije\u0161enje za Ibrahimove potomke u Svetoj zemlji je istina, pravda i pomirenje na principu slobode i dostojanstva za sv<\/span>e&#8221;.<\/p>\n<p class=\"tekst\">(klix)<\/p>\n<\/div>\n","protected":false},"excerpt":{"rendered":"<p>BiH, Palestina &#8211;\u00a0Dr. Mustafa Ceri\u0107 kazao je, komentiraju\u0107i novu invaziju Izraela na Gazu i stradanja stotina Palestinaca, uklju\u010duju\u0107i i veliki broj djece, da je sramotno \u0161to u najvi\u0161em dr\u017eavnom organu na\u0161e zemlje, odnosno Predsjedni\u0161tvu BiH, nema jedinstvenog stava osude u vezi s ubijanjem nevinih civila u Palestini. Prema njegovim rije\u010dima, svaki savjestan i odgovorna \u010dovjek [&hellip;]<\/p>\n","protected":false},"author":83,"featured_media":109642,"comment_status":"open","ping_status":"open","sticky":false,"template":"","format":"standard","meta":{"footnotes":""},"categories":[800,2860,8957],"tags":[10233,10249],"class_list":{"0":"post-109641","1":"post","2":"type-post","3":"status-publish","4":"format-standard","5":"has-post-thumbnail","7":"category-nacija","8":"category-bosna-i-hercegovina-gradovi","9":"category-vijesti-dana","10":"tag-dr-mustafa-ceric","11":"tag-palestina"},"yoast_head":"<!-- This site is optimized with the Yoast SEO Premium plugin v23.1 (Yoast SEO v24.9) - https:\/\/yoast.com\/wordpress\/plugins\/seo\/ -->\n<title>Ceri\u0107: Sramno je to \u0161to vrh BiH nije osudio ubijanje nevinih civila u Gazi<\/title>\n<meta name=\"robots\" content=\"index, follow, max-snippet:-1, max-image-preview:large, max-video-preview:-1\" \/>\n<link rel=\"canonical\" href=\"https:\/\/sandzakpress.net\/arhiva\/ceric-sramno-je-to-sto-vrh-bih-nije-osudio-ubijanje-nevinih-civila-u-gazi\/\" \/>\n<meta property=\"og:locale\" content=\"bs_BA\" \/>\n<meta property=\"og:type\" content=\"article\" \/>\n<meta property=\"og:title\" content=\"Ceri\u0107: Sramno je to \u0161to vrh BiH nije osudio ubijanje nevinih civila u Gazi\" \/>\n<meta property=\"og:description\" content=\"BiH, Palestina &#8211;\u00a0Dr. Mustafa Ceri\u0107 kazao je, komentiraju\u0107i novu invaziju Izraela na Gazu i stradanja stotina Palestinaca, uklju\u010duju\u0107i i veliki broj djece, da je sramotno \u0161to u najvi\u0161em dr\u017eavnom organu na\u0161e zemlje, odnosno Predsjedni\u0161tvu BiH, nema jedinstvenog stava osude u vezi s ubijanjem nevinih civila u Palestini. Prema njegovim rije\u010dima, svaki savjestan i odgovorna \u010dovjek [&hellip;]\" \/>\n<meta property=\"og:url\" content=\"https:\/\/sandzakpress.net\/arhiva\/ceric-sramno-je-to-sto-vrh-bih-nije-osudio-ubijanje-nevinih-civila-u-gazi\/\" \/>\n<meta property=\"og:site_name\" content=\"Sand\u017eak PRESS\" \/>\n<meta property=\"article:published_time\" content=\"2014-07-31T12:46:17+00:00\" \/>\n<meta property=\"article:modified_time\" content=\"2014-07-31T16:49:36+00:00\" \/>\n<meta property=\"og:image\" content=\"https:\/\/sandzakpress.net\/arhiva\/wp-content\/uploads\/2014\/07\/b_140731055.jpg\" \/>\n\t<meta property=\"og:image:width\" content=\"632\" \/>\n\t<meta property=\"og:image:height\" content=\"350\" \/>\n\t<meta property=\"og:image:type\" content=\"image\/jpeg\" \/>\n<meta name=\"author\" content=\"bosniak\" \/>\n<meta name=\"twitter:card\" content=\"summary_large_image\" \/>\n<meta name=\"twitter:label1\" content=\"Written by\" \/>\n\t<meta name=\"twitter:data1\" content=\"bosniak\" \/>\n\t<meta name=\"twitter:label2\" content=\"Est. reading time\" \/>\n\t<meta name=\"twitter:data2\" content=\"3 minute\" \/>\n<script type=\"application\/ld+json\" class=\"yoast-schema-graph\">{\"@context\":\"https:\/\/schema.org\",\"@graph\":[{\"@type\":\"Article\",\"@id\":\"https:\/\/sandzakpress.net\/arhiva\/ceric-sramno-je-to-sto-vrh-bih-nije-osudio-ubijanje-nevinih-civila-u-gazi\/#article\",\"isPartOf\":{\"@id\":\"https:\/\/sandzakpress.net\/arhiva\/ceric-sramno-je-to-sto-vrh-bih-nije-osudio-ubijanje-nevinih-civila-u-gazi\/\"},\"author\":{\"name\":\"bosniak\",\"@id\":\"https:\/\/sandzakpress.net\/arhiva\/#\/schema\/person\/c8baee722073534b583ea7bdb2e36c02\"},\"headline\":\"Ceri\u0107: Sramno je to \u0161to vrh BiH nije osudio ubijanje nevinih civila u Gazi\",\"datePublished\":\"2014-07-31T12:46:17+00:00\",\"dateModified\":\"2014-07-31T16:49:36+00:00\",\"mainEntityOfPage\":{\"@id\":\"https:\/\/sandzakpress.net\/arhiva\/ceric-sramno-je-to-sto-vrh-bih-nije-osudio-ubijanje-nevinih-civila-u-gazi\/\"},\"wordCount\":530,\"commentCount\":2,\"publisher\":{\"@id\":\"https:\/\/sandzakpress.net\/arhiva\/#\/schema\/person\/6e72b67d6e51910a1117b3b483ba20bd\"},\"image\":{\"@id\":\"https:\/\/sandzakpress.net\/arhiva\/ceric-sramno-je-to-sto-vrh-bih-nije-osudio-ubijanje-nevinih-civila-u-gazi\/#primaryimage\"},\"thumbnailUrl\":\"https:\/\/sandzakpress.net\/arhiva\/wp-content\/uploads\/2014\/07\/b_140731055.jpg\",\"keywords\":[\"Dr. Mustafa Ceri\u0107\",\"Palestina\"],\"articleSection\":[\"Nacija\",\"Bosna i Hercegovina\",\"VIJESTI DANA\"],\"inLanguage\":\"bs-BA\",\"potentialAction\":[{\"@type\":\"CommentAction\",\"name\":\"Comment\",\"target\":[\"https:\/\/sandzakpress.net\/arhiva\/ceric-sramno-je-to-sto-vrh-bih-nije-osudio-ubijanje-nevinih-civila-u-gazi\/#respond\"]}]},{\"@type\":\"WebPage\",\"@id\":\"https:\/\/sandzakpress.net\/arhiva\/ceric-sramno-je-to-sto-vrh-bih-nije-osudio-ubijanje-nevinih-civila-u-gazi\/\",\"url\":\"https:\/\/sandzakpress.net\/arhiva\/ceric-sramno-je-to-sto-vrh-bih-nije-osudio-ubijanje-nevinih-civila-u-gazi\/\",\"name\":\"Ceri\u0107: Sramno je to \u0161to vrh BiH nije osudio ubijanje nevinih civila u Gazi\",\"isPartOf\":{\"@id\":\"https:\/\/sandzakpress.net\/arhiva\/#website\"},\"primaryImageOfPage\":{\"@id\":\"https:\/\/sandzakpress.net\/arhiva\/ceric-sramno-je-to-sto-vrh-bih-nije-osudio-ubijanje-nevinih-civila-u-gazi\/#primaryimage\"},\"image\":{\"@id\":\"https:\/\/sandzakpress.net\/arhiva\/ceric-sramno-je-to-sto-vrh-bih-nije-osudio-ubijanje-nevinih-civila-u-gazi\/#primaryimage\"},\"thumbnailUrl\":\"https:\/\/sandzakpress.net\/arhiva\/wp-content\/uploads\/2014\/07\/b_140731055.jpg\",\"datePublished\":\"2014-07-31T12:46:17+00:00\",\"dateModified\":\"2014-07-31T16:49:36+00:00\",\"breadcrumb\":{\"@id\":\"https:\/\/sandzakpress.net\/arhiva\/ceric-sramno-je-to-sto-vrh-bih-nije-osudio-ubijanje-nevinih-civila-u-gazi\/#breadcrumb\"},\"inLanguage\":\"bs-BA\",\"potentialAction\":[{\"@type\":\"ReadAction\",\"target\":[\"https:\/\/sandzakpress.net\/arhiva\/ceric-sramno-je-to-sto-vrh-bih-nije-osudio-ubijanje-nevinih-civila-u-gazi\/\"]}]},{\"@type\":\"ImageObject\",\"inLanguage\":\"bs-BA\",\"@id\":\"https:\/\/sandzakpress.net\/arhiva\/ceric-sramno-je-to-sto-vrh-bih-nije-osudio-ubijanje-nevinih-civila-u-gazi\/#primaryimage\",\"url\":\"https:\/\/sandzakpress.net\/arhiva\/wp-content\/uploads\/2014\/07\/b_140731055.jpg\",\"contentUrl\":\"https:\/\/sandzakpress.net\/arhiva\/wp-content\/uploads\/2014\/07\/b_140731055.jpg\",\"width\":632,\"height\":350},{\"@type\":\"BreadcrumbList\",\"@id\":\"https:\/\/sandzakpress.net\/arhiva\/ceric-sramno-je-to-sto-vrh-bih-nije-osudio-ubijanje-nevinih-civila-u-gazi\/#breadcrumb\",\"itemListElement\":[{\"@type\":\"ListItem\",\"position\":1,\"name\":\"Home\",\"item\":\"https:\/\/sandzakpress.net\/arhiva\/\"},{\"@type\":\"ListItem\",\"position\":2,\"name\":\"Ceri\u0107: Sramno je to \u0161to vrh BiH nije osudio ubijanje nevinih civila u Gazi\"}]},{\"@type\":\"WebSite\",\"@id\":\"https:\/\/sandzakpress.net\/arhiva\/#website\",\"url\":\"https:\/\/sandzakpress.net\/arhiva\/\",\"name\":\"Sand\u017eak PRESS\",\"description\":\"Prve elektronske novine u Sand\u017eaku\",\"publisher\":{\"@id\":\"https:\/\/sandzakpress.net\/arhiva\/#\/schema\/person\/6e72b67d6e51910a1117b3b483ba20bd\"},\"potentialAction\":[{\"@type\":\"SearchAction\",\"target\":{\"@type\":\"EntryPoint\",\"urlTemplate\":\"https:\/\/sandzakpress.net\/arhiva\/?s={search_term_string}\"},\"query-input\":{\"@type\":\"PropertyValueSpecification\",\"valueRequired\":true,\"valueName\":\"search_term_string\"}}],\"inLanguage\":\"bs-BA\"},{\"@type\":[\"Person\",\"Organization\"],\"@id\":\"https:\/\/sandzakpress.net\/arhiva\/#\/schema\/person\/6e72b67d6e51910a1117b3b483ba20bd\",\"name\":\"Kul\",\"image\":{\"@type\":\"ImageObject\",\"inLanguage\":\"bs-BA\",\"@id\":\"https:\/\/sandzakpress.net\/arhiva\/#\/schema\/person\/image\/\",\"url\":\"https:\/\/secure.gravatar.com\/avatar\/42263f39aa27ac04c43cab85c280eb2e?s=96&d=mm&r=pg\",\"contentUrl\":\"https:\/\/secure.gravatar.com\/avatar\/42263f39aa27ac04c43cab85c280eb2e?s=96&d=mm&r=pg\",\"caption\":\"Kul\"},\"logo\":{\"@id\":\"https:\/\/sandzakpress.net\/arhiva\/#\/schema\/person\/image\/\"}},{\"@type\":\"Person\",\"@id\":\"https:\/\/sandzakpress.net\/arhiva\/#\/schema\/person\/c8baee722073534b583ea7bdb2e36c02\",\"name\":\"bosniak\",\"image\":{\"@type\":\"ImageObject\",\"inLanguage\":\"bs-BA\",\"@id\":\"https:\/\/sandzakpress.net\/arhiva\/#\/schema\/person\/image\/\",\"url\":\"https:\/\/secure.gravatar.com\/avatar\/a04fd330bfe3a36a72a0ad4a6d89fca7?s=96&d=mm&r=pg\",\"contentUrl\":\"https:\/\/secure.gravatar.com\/avatar\/a04fd330bfe3a36a72a0ad4a6d89fca7?s=96&d=mm&r=pg\",\"caption\":\"bosniak\"},\"url\":\"https:\/\/sandzakpress.net\/arhiva\/author\/bosniak\/\"}]}<\/script>\n<!-- \/ Yoast SEO Premium plugin. -->","yoast_head_json":{"title":"Ceri\u0107: Sramno je to \u0161to vrh BiH nije osudio ubijanje nevinih civila u Gazi","robots":{"index":"index","follow":"follow","max-snippet":"max-snippet:-1","max-image-preview":"max-image-preview:large","max-video-preview":"max-video-preview:-1"},"canonical":"https:\/\/sandzakpress.net\/arhiva\/ceric-sramno-je-to-sto-vrh-bih-nije-osudio-ubijanje-nevinih-civila-u-gazi\/","og_locale":"bs_BA","og_type":"article","og_title":"Ceri\u0107: Sramno je to \u0161to vrh BiH nije osudio ubijanje nevinih civila u Gazi","og_description":"BiH, Palestina &#8211;\u00a0Dr. Mustafa Ceri\u0107 kazao je, komentiraju\u0107i novu invaziju Izraela na Gazu i stradanja stotina Palestinaca, uklju\u010duju\u0107i i veliki broj djece, da je sramotno \u0161to u najvi\u0161em dr\u017eavnom organu na\u0161e zemlje, odnosno Predsjedni\u0161tvu BiH, nema jedinstvenog stava osude u vezi s ubijanjem nevinih civila u Palestini. Prema njegovim rije\u010dima, svaki savjestan i odgovorna \u010dovjek [&hellip;]","og_url":"https:\/\/sandzakpress.net\/arhiva\/ceric-sramno-je-to-sto-vrh-bih-nije-osudio-ubijanje-nevinih-civila-u-gazi\/","og_site_name":"Sand\u017eak PRESS","article_published_time":"2014-07-31T12:46:17+00:00","article_modified_time":"2014-07-31T16:49:36+00:00","og_image":[{"width":632,"height":350,"url":"https:\/\/sandzakpress.net\/arhiva\/wp-content\/uploads\/2014\/07\/b_140731055.jpg","type":"image\/jpeg"}],"author":"bosniak","twitter_card":"summary_large_image","twitter_misc":{"Written by":"bosniak","Est. reading time":"3 minute"},"schema":{"@context":"https:\/\/schema.org","@graph":[{"@type":"Article","@id":"https:\/\/sandzakpress.net\/arhiva\/ceric-sramno-je-to-sto-vrh-bih-nije-osudio-ubijanje-nevinih-civila-u-gazi\/#article","isPartOf":{"@id":"https:\/\/sandzakpress.net\/arhiva\/ceric-sramno-je-to-sto-vrh-bih-nije-osudio-ubijanje-nevinih-civila-u-gazi\/"},"author":{"name":"bosniak","@id":"https:\/\/sandzakpress.net\/arhiva\/#\/schema\/person\/c8baee722073534b583ea7bdb2e36c02"},"headline":"Ceri\u0107: Sramno je to \u0161to vrh BiH nije osudio ubijanje nevinih civila u Gazi","datePublished":"2014-07-31T12:46:17+00:00","dateModified":"2014-07-31T16:49:36+00:00","mainEntityOfPage":{"@id":"https:\/\/sandzakpress.net\/arhiva\/ceric-sramno-je-to-sto-vrh-bih-nije-osudio-ubijanje-nevinih-civila-u-gazi\/"},"wordCount":530,"commentCount":2,"publisher":{"@id":"https:\/\/sandzakpress.net\/arhiva\/#\/schema\/person\/6e72b67d6e51910a1117b3b483ba20bd"},"image":{"@id":"https:\/\/sandzakpress.net\/arhiva\/ceric-sramno-je-to-sto-vrh-bih-nije-osudio-ubijanje-nevinih-civila-u-gazi\/#primaryimage"},"thumbnailUrl":"https:\/\/sandzakpress.net\/arhiva\/wp-content\/uploads\/2014\/07\/b_140731055.jpg","keywords":["Dr. Mustafa Ceri\u0107","Palestina"],"articleSection":["Nacija","Bosna i Hercegovina","VIJESTI DANA"],"inLanguage":"bs-BA","potentialAction":[{"@type":"CommentAction","name":"Comment","target":["https:\/\/sandzakpress.net\/arhiva\/ceric-sramno-je-to-sto-vrh-bih-nije-osudio-ubijanje-nevinih-civila-u-gazi\/#respond"]}]},{"@type":"WebPage","@id":"https:\/\/sandzakpress.net\/arhiva\/ceric-sramno-je-to-sto-vrh-bih-nije-osudio-ubijanje-nevinih-civila-u-gazi\/","url":"https:\/\/sandzakpress.net\/arhiva\/ceric-sramno-je-to-sto-vrh-bih-nije-osudio-ubijanje-nevinih-civila-u-gazi\/","name":"Ceri\u0107: Sramno je to \u0161to vrh BiH nije osudio ubijanje nevinih civila u Gazi","isPartOf":{"@id":"https:\/\/sandzakpress.net\/arhiva\/#website"},"primaryImageOfPage":{"@id":"https:\/\/sandzakpress.net\/arhiva\/ceric-sramno-je-to-sto-vrh-bih-nije-osudio-ubijanje-nevinih-civila-u-gazi\/#primaryimage"},"image":{"@id":"https:\/\/sandzakpress.net\/arhiva\/ceric-sramno-je-to-sto-vrh-bih-nije-osudio-ubijanje-nevinih-civila-u-gazi\/#primaryimage"},"thumbnailUrl":"https:\/\/sandzakpress.net\/arhiva\/wp-content\/uploads\/2014\/07\/b_140731055.jpg","datePublished":"2014-07-31T12:46:17+00:00","dateModified":"2014-07-31T16:49:36+00:00","breadcrumb":{"@id":"https:\/\/sandzakpress.net\/arhiva\/ceric-sramno-je-to-sto-vrh-bih-nije-osudio-ubijanje-nevinih-civila-u-gazi\/#breadcrumb"},"inLanguage":"bs-BA","potentialAction":[{"@type":"ReadAction","target":["https:\/\/sandzakpress.net\/arhiva\/ceric-sramno-je-to-sto-vrh-bih-nije-osudio-ubijanje-nevinih-civila-u-gazi\/"]}]},{"@type":"ImageObject","inLanguage":"bs-BA","@id":"https:\/\/sandzakpress.net\/arhiva\/ceric-sramno-je-to-sto-vrh-bih-nije-osudio-ubijanje-nevinih-civila-u-gazi\/#primaryimage","url":"https:\/\/sandzakpress.net\/arhiva\/wp-content\/uploads\/2014\/07\/b_140731055.jpg","contentUrl":"https:\/\/sandzakpress.net\/arhiva\/wp-content\/uploads\/2014\/07\/b_140731055.jpg","width":632,"height":350},{"@type":"BreadcrumbList","@id":"https:\/\/sandzakpress.net\/arhiva\/ceric-sramno-je-to-sto-vrh-bih-nije-osudio-ubijanje-nevinih-civila-u-gazi\/#breadcrumb","itemListElement":[{"@type":"ListItem","position":1,"name":"Home","item":"https:\/\/sandzakpress.net\/arhiva\/"},{"@type":"ListItem","position":2,"name":"Ceri\u0107: Sramno je to \u0161to vrh BiH nije osudio ubijanje nevinih civila u Gazi"}]},{"@type":"WebSite","@id":"https:\/\/sandzakpress.net\/arhiva\/#website","url":"https:\/\/sandzakpress.net\/arhiva\/","name":"Sand\u017eak PRESS","description":"Prve elektronske novine u Sand\u017eaku","publisher":{"@id":"https:\/\/sandzakpress.net\/arhiva\/#\/schema\/person\/6e72b67d6e51910a1117b3b483ba20bd"},"potentialAction":[{"@type":"SearchAction","target":{"@type":"EntryPoint","urlTemplate":"https:\/\/sandzakpress.net\/arhiva\/?s={search_term_string}"},"query-input":{"@type":"PropertyValueSpecification","valueRequired":true,"valueName":"search_term_string"}}],"inLanguage":"bs-BA"},{"@type":["Person","Organization"],"@id":"https:\/\/sandzakpress.net\/arhiva\/#\/schema\/person\/6e72b67d6e51910a1117b3b483ba20bd","name":"Kul","image":{"@type":"ImageObject","inLanguage":"bs-BA","@id":"https:\/\/sandzakpress.net\/arhiva\/#\/schema\/person\/image\/","url":"https:\/\/secure.gravatar.com\/avatar\/42263f39aa27ac04c43cab85c280eb2e?s=96&d=mm&r=pg","contentUrl":"https:\/\/secure.gravatar.com\/avatar\/42263f39aa27ac04c43cab85c280eb2e?s=96&d=mm&r=pg","caption":"Kul"},"logo":{"@id":"https:\/\/sandzakpress.net\/arhiva\/#\/schema\/person\/image\/"}},{"@type":"Person","@id":"https:\/\/sandzakpress.net\/arhiva\/#\/schema\/person\/c8baee722073534b583ea7bdb2e36c02","name":"bosniak","image":{"@type":"ImageObject","inLanguage":"bs-BA","@id":"https:\/\/sandzakpress.net\/arhiva\/#\/schema\/person\/image\/","url":"https:\/\/secure.gravatar.com\/avatar\/a04fd330bfe3a36a72a0ad4a6d89fca7?s=96&d=mm&r=pg","contentUrl":"https:\/\/secure.gravatar.com\/avatar\/a04fd330bfe3a36a72a0ad4a6d89fca7?s=96&d=mm&r=pg","caption":"bosniak"},"url":"https:\/\/sandzakpress.net\/arhiva\/author\/bosniak\/"}]}},"_links":{"self":[{"href":"https:\/\/sandzakpress.net\/arhiva\/wp-json\/wp\/v2\/posts\/109641"}],"collection":[{"href":"https:\/\/sandzakpress.net\/arhiva\/wp-json\/wp\/v2\/posts"}],"about":[{"href":"https:\/\/sandzakpress.net\/arhiva\/wp-json\/wp\/v2\/types\/post"}],"author":[{"embeddable":true,"href":"https:\/\/sandzakpress.net\/arhiva\/wp-json\/wp\/v2\/users\/83"}],"replies":[{"embeddable":true,"href":"https:\/\/sandzakpress.net\/arhiva\/wp-json\/wp\/v2\/comments?post=109641"}],"version-history":[{"count":0,"href":"https:\/\/sandzakpress.net\/arhiva\/wp-json\/wp\/v2\/posts\/109641\/revisions"}],"wp:featuredmedia":[{"embeddable":true,"href":"https:\/\/sandzakpress.net\/arhiva\/wp-json\/wp\/v2\/media\/109642"}],"wp:attachment":[{"href":"https:\/\/sandzakpress.net\/arhiva\/wp-json\/wp\/v2\/media?parent=109641"}],"wp:term":[{"taxonomy":"category","embeddable":true,"href":"https:\/\/sandzakpress.net\/arhiva\/wp-json\/wp\/v2\/categories?post=109641"},{"taxonomy":"post_tag","embeddable":true,"href":"https:\/\/sandzakpress.net\/arhiva\/wp-json\/wp\/v2\/tags?post=109641"}],"curies":[{"name":"wp","href":"https:\/\/api.w.org\/{rel}","templated":true}]}}