{"id":10948,"date":"2010-12-30T21:57:51","date_gmt":"2010-12-30T20:57:51","guid":{"rendered":"https:\/\/sandzakpress.net\/arhiva\/?p=10948"},"modified":"2010-12-30T22:15:06","modified_gmt":"2010-12-30T21:15:06","slug":"novopazarcu-cetiri-i-po-godine-zatvora","status":"publish","type":"post","link":"https:\/\/sandzakpress.net\/arhiva\/novopazarcu-cetiri-i-po-godine-zatvora\/","title":{"rendered":"Novopazarcu \u010detiri i po godine zatvora"},"content":{"rendered":"<p><strong><a href=\"https:\/\/sandzakpress.net\/arhiva\/wp-content\/uploads\/2010\/12\/drugs.jpg\"><img loading=\"lazy\" decoding=\"async\" class=\"alignleft size-medium wp-image-10959\" title=\"drugs\" src=\"https:\/\/sandzakpress.net\/arhiva\/wp-content\/uploads\/2010\/12\/drugs-300x208.jpg\" alt=\"\" width=\"259\" height=\"179\" \/><\/a>KRAGUJEVAC-<\/strong> Vi\u0161i sud u Kragujevcu  osudio je A.\u0110. iz Novog Pazara na  \u010detiri i po godine zatvora po\u0161to je  prihvatio njegovu nagodbu sa  tu\u017eila\u0161tvom da za pomenutu kaznu prizna da  je trgovao drogom, re\u010deno je u  tom sudu.<\/p>\n<p>Ovo je prvi slu\u010daj  da se sporazumom o priznaju krivice izme\u0111u  tu\u017eila\u0161tva i okrivljenog  okon\u010da krivi\u010dni postupak pred nekim vi\u0161im sudom  u Srbiji, a drugi od  uvo\u0111enja tog pravnog instituta u srpsko  zakonodavstvo pro\u0161logodi\u0161njim  izmjenama zakona.<\/p>\n<p>Prvi put je institut o priznanju krivice  primjenjen u slu\u010daju Miladina  Kova\u010devi\u0107a koji je poslije nagobde sa  tu\u017eila\u0161tvom osu\u0111en na dvije godine i  tri mjeseca zatvora pred Prvim  osnovnim sudom u Beogradu.<\/p>\n<p>Sporazum o priznanju krivice  zaklju\u010den je 2. decembra na prijedlog  odbrane, koja se kao i tu\u017eila\u0161tvo  odrekla prava na \u017ealbu, pa je A.\u0110.  odmah po usvajanju sporazuma od  strane suda upu\u0107en na izdr\u017eavanje  zatvorske kazne u KPZ Ni\u0161.<\/p>\n<p>Vr\u0161ilac du\u017enosti predsjednika Vi\u0161eg suda u Kragujevcu Zorica \u0110uri\u0107   izjavila je da je ovo prvi put da se krivi\u010dni postupak za tako te\u0161ko   krivi\u010dno delo, kao \u0161to je neovla\u0161\u0107ena proizvodnja i stavljanje u promet   opojnih droga, okon\u010da bez su\u0111enja, napominju\u0107i da je rije\u010d o koli\u010dini od   kilogram heroina.<\/p>\n<p>Zahvaljuju\u0107i sporazumu, A.\u0110. je osu\u0111en na  kaznu koja je znatno vi\u0161a od  zakonskog minimuma, rekla je \u0110uri\u0107eva i  napomenula da je za to krivi\u010dno  djelo zaprije\u0107ena kazna od tri godine do  12 godina zatvora.<\/p>\n<p>Ona je ukazala da su na taj na\u010din znatno  smanjeni tro\u0161kovi krivi\u010dnog  postupka a institut sporazuma o priznju  krivice, koji je do sada  primenjen samo u slu\u010daju Kova\u010devi\u0107a, dobio je  na svom punom zna\u010daju,  budu\u0107i da je cio postupak od podno\u0161enja zahtjeva  za sprovo\u0111enje istrage  do upu\u0107ivanja na izdr\u017eavanje kazne trajao dva  mjeseca.<\/p>\n","protected":false},"excerpt":{"rendered":"<p>KRAGUJEVAC- Vi\u0161i sud u Kragujevcu osudio je A.\u0110. iz Novog Pazara na \u010detiri i po godine zatvora po\u0161to je prihvatio njegovu nagodbu sa tu\u017eila\u0161tvom da za pomenutu kaznu prizna da je trgovao drogom, re\u010deno je u tom sudu. Ovo je prvi slu\u010daj da se sporazumom o priznaju krivice izme\u0111u tu\u017eila\u0161tva i okrivljenog okon\u010da krivi\u010dni postupak [&hellip;]<\/p>\n","protected":false},"author":5,"featured_media":10959,"comment_status":"open","ping_status":"open","sticky":false,"template":"","format":"standard","meta":{"footnotes":""},"categories":[801],"tags":[],"class_list":{"0":"post-10948","1":"post","2":"type-post","3":"status-publish","4":"format-standard","5":"has-post-thumbnail","7":"category-crna_hronika"},"yoast_head":"<!-- This site is optimized with the Yoast SEO Premium plugin v23.1 (Yoast SEO v24.9) - https:\/\/yoast.com\/wordpress\/plugins\/seo\/ -->\n<title>Novopazarcu \u010detiri i po godine zatvora<\/title>\n<meta name=\"robots\" content=\"index, follow, max-snippet:-1, max-image-preview:large, max-video-preview:-1\" \/>\n<link rel=\"canonical\" href=\"https:\/\/sandzakpress.net\/arhiva\/novopazarcu-cetiri-i-po-godine-zatvora\/\" \/>\n<meta property=\"og:locale\" content=\"bs_BA\" \/>\n<meta property=\"og:type\" content=\"article\" \/>\n<meta property=\"og:title\" content=\"Novopazarcu \u010detiri i po godine zatvora\" \/>\n<meta property=\"og:description\" content=\"KRAGUJEVAC- Vi\u0161i sud u Kragujevcu osudio je A.\u0110. iz Novog Pazara na \u010detiri i po godine zatvora po\u0161to je prihvatio njegovu nagodbu sa tu\u017eila\u0161tvom da za pomenutu kaznu prizna da je trgovao drogom, re\u010deno je u tom sudu. Ovo je prvi slu\u010daj da se sporazumom o priznaju krivice izme\u0111u tu\u017eila\u0161tva i okrivljenog okon\u010da krivi\u010dni postupak [&hellip;]\" \/>\n<meta property=\"og:url\" content=\"https:\/\/sandzakpress.net\/arhiva\/novopazarcu-cetiri-i-po-godine-zatvora\/\" \/>\n<meta property=\"og:site_name\" content=\"Sand\u017eak PRESS\" \/>\n<meta property=\"article:published_time\" content=\"2010-12-30T20:57:51+00:00\" \/>\n<meta property=\"article:modified_time\" content=\"2010-12-30T21:15:06+00:00\" \/>\n<meta property=\"og:image\" content=\"https:\/\/sandzakpress.net\/arhiva\/wp-content\/uploads\/2010\/12\/drugs.jpg\" \/>\n\t<meta property=\"og:image:width\" content=\"468\" \/>\n\t<meta property=\"og:image:height\" content=\"326\" \/>\n\t<meta property=\"og:image:type\" content=\"image\/jpeg\" \/>\n<meta name=\"twitter:card\" content=\"summary_large_image\" \/>\n<meta name=\"twitter:label1\" content=\"Written by\" \/>\n\t<meta name=\"twitter:data1\" content=\"\" \/>\n\t<meta name=\"twitter:label2\" content=\"Est. reading time\" \/>\n\t<meta name=\"twitter:data2\" content=\"2 minute\" \/>\n<script type=\"application\/ld+json\" class=\"yoast-schema-graph\">{\"@context\":\"https:\/\/schema.org\",\"@graph\":[{\"@type\":\"Article\",\"@id\":\"https:\/\/sandzakpress.net\/arhiva\/novopazarcu-cetiri-i-po-godine-zatvora\/#article\",\"isPartOf\":{\"@id\":\"https:\/\/sandzakpress.net\/arhiva\/novopazarcu-cetiri-i-po-godine-zatvora\/\"},\"author\":{\"name\":\"\",\"@id\":\"\"},\"headline\":\"Novopazarcu \u010detiri i po godine zatvora\",\"datePublished\":\"2010-12-30T20:57:51+00:00\",\"dateModified\":\"2010-12-30T21:15:06+00:00\",\"mainEntityOfPage\":{\"@id\":\"https:\/\/sandzakpress.net\/arhiva\/novopazarcu-cetiri-i-po-godine-zatvora\/\"},\"wordCount\":338,\"commentCount\":0,\"publisher\":{\"@id\":\"https:\/\/sandzakpress.net\/arhiva\/#\/schema\/person\/6e72b67d6e51910a1117b3b483ba20bd\"},\"image\":{\"@id\":\"https:\/\/sandzakpress.net\/arhiva\/novopazarcu-cetiri-i-po-godine-zatvora\/#primaryimage\"},\"thumbnailUrl\":\"https:\/\/sandzakpress.net\/arhiva\/wp-content\/uploads\/2010\/12\/drugs.jpg\",\"articleSection\":[\"Hronika\"],\"inLanguage\":\"bs-BA\",\"potentialAction\":[{\"@type\":\"CommentAction\",\"name\":\"Comment\",\"target\":[\"https:\/\/sandzakpress.net\/arhiva\/novopazarcu-cetiri-i-po-godine-zatvora\/#respond\"]}]},{\"@type\":\"WebPage\",\"@id\":\"https:\/\/sandzakpress.net\/arhiva\/novopazarcu-cetiri-i-po-godine-zatvora\/\",\"url\":\"https:\/\/sandzakpress.net\/arhiva\/novopazarcu-cetiri-i-po-godine-zatvora\/\",\"name\":\"Novopazarcu \u010detiri i po godine zatvora\",\"isPartOf\":{\"@id\":\"https:\/\/sandzakpress.net\/arhiva\/#website\"},\"primaryImageOfPage\":{\"@id\":\"https:\/\/sandzakpress.net\/arhiva\/novopazarcu-cetiri-i-po-godine-zatvora\/#primaryimage\"},\"image\":{\"@id\":\"https:\/\/sandzakpress.net\/arhiva\/novopazarcu-cetiri-i-po-godine-zatvora\/#primaryimage\"},\"thumbnailUrl\":\"https:\/\/sandzakpress.net\/arhiva\/wp-content\/uploads\/2010\/12\/drugs.jpg\",\"datePublished\":\"2010-12-30T20:57:51+00:00\",\"dateModified\":\"2010-12-30T21:15:06+00:00\",\"breadcrumb\":{\"@id\":\"https:\/\/sandzakpress.net\/arhiva\/novopazarcu-cetiri-i-po-godine-zatvora\/#breadcrumb\"},\"inLanguage\":\"bs-BA\",\"potentialAction\":[{\"@type\":\"ReadAction\",\"target\":[\"https:\/\/sandzakpress.net\/arhiva\/novopazarcu-cetiri-i-po-godine-zatvora\/\"]}]},{\"@type\":\"ImageObject\",\"inLanguage\":\"bs-BA\",\"@id\":\"https:\/\/sandzakpress.net\/arhiva\/novopazarcu-cetiri-i-po-godine-zatvora\/#primaryimage\",\"url\":\"https:\/\/sandzakpress.net\/arhiva\/wp-content\/uploads\/2010\/12\/drugs.jpg\",\"contentUrl\":\"https:\/\/sandzakpress.net\/arhiva\/wp-content\/uploads\/2010\/12\/drugs.jpg\",\"width\":468,\"height\":326},{\"@type\":\"BreadcrumbList\",\"@id\":\"https:\/\/sandzakpress.net\/arhiva\/novopazarcu-cetiri-i-po-godine-zatvora\/#breadcrumb\",\"itemListElement\":[{\"@type\":\"ListItem\",\"position\":1,\"name\":\"Home\",\"item\":\"https:\/\/sandzakpress.net\/arhiva\/\"},{\"@type\":\"ListItem\",\"position\":2,\"name\":\"Novopazarcu \u010detiri i po godine zatvora\"}]},{\"@type\":\"WebSite\",\"@id\":\"https:\/\/sandzakpress.net\/arhiva\/#website\",\"url\":\"https:\/\/sandzakpress.net\/arhiva\/\",\"name\":\"Sand\u017eak PRESS\",\"description\":\"Prve elektronske novine u Sand\u017eaku\",\"publisher\":{\"@id\":\"https:\/\/sandzakpress.net\/arhiva\/#\/schema\/person\/6e72b67d6e51910a1117b3b483ba20bd\"},\"potentialAction\":[{\"@type\":\"SearchAction\",\"target\":{\"@type\":\"EntryPoint\",\"urlTemplate\":\"https:\/\/sandzakpress.net\/arhiva\/?s={search_term_string}\"},\"query-input\":{\"@type\":\"PropertyValueSpecification\",\"valueRequired\":true,\"valueName\":\"search_term_string\"}}],\"inLanguage\":\"bs-BA\"},{\"@type\":[\"Person\",\"Organization\"],\"@id\":\"https:\/\/sandzakpress.net\/arhiva\/#\/schema\/person\/6e72b67d6e51910a1117b3b483ba20bd\",\"name\":\"Kul\",\"image\":{\"@type\":\"ImageObject\",\"inLanguage\":\"bs-BA\",\"@id\":\"https:\/\/sandzakpress.net\/arhiva\/#\/schema\/person\/image\/\",\"url\":\"https:\/\/secure.gravatar.com\/avatar\/42263f39aa27ac04c43cab85c280eb2e?s=96&d=mm&r=pg\",\"contentUrl\":\"https:\/\/secure.gravatar.com\/avatar\/42263f39aa27ac04c43cab85c280eb2e?s=96&d=mm&r=pg\",\"caption\":\"Kul\"},\"logo\":{\"@id\":\"https:\/\/sandzakpress.net\/arhiva\/#\/schema\/person\/image\/\"}},{\"@type\":\"Person\",\"@id\":\"\",\"url\":\"https:\/\/sandzakpress.net\/arhiva\/author\/\"}]}<\/script>\n<!-- \/ Yoast SEO Premium plugin. -->","yoast_head_json":{"title":"Novopazarcu \u010detiri i po godine zatvora","robots":{"index":"index","follow":"follow","max-snippet":"max-snippet:-1","max-image-preview":"max-image-preview:large","max-video-preview":"max-video-preview:-1"},"canonical":"https:\/\/sandzakpress.net\/arhiva\/novopazarcu-cetiri-i-po-godine-zatvora\/","og_locale":"bs_BA","og_type":"article","og_title":"Novopazarcu \u010detiri i po godine zatvora","og_description":"KRAGUJEVAC- Vi\u0161i sud u Kragujevcu osudio je A.\u0110. iz Novog Pazara na \u010detiri i po godine zatvora po\u0161to je prihvatio njegovu nagodbu sa tu\u017eila\u0161tvom da za pomenutu kaznu prizna da je trgovao drogom, re\u010deno je u tom sudu. Ovo je prvi slu\u010daj da se sporazumom o priznaju krivice izme\u0111u tu\u017eila\u0161tva i okrivljenog okon\u010da krivi\u010dni postupak [&hellip;]","og_url":"https:\/\/sandzakpress.net\/arhiva\/novopazarcu-cetiri-i-po-godine-zatvora\/","og_site_name":"Sand\u017eak PRESS","article_published_time":"2010-12-30T20:57:51+00:00","article_modified_time":"2010-12-30T21:15:06+00:00","og_image":[{"width":468,"height":326,"url":"https:\/\/sandzakpress.net\/arhiva\/wp-content\/uploads\/2010\/12\/drugs.jpg","type":"image\/jpeg"}],"twitter_card":"summary_large_image","twitter_misc":{"Written by":"","Est. reading time":"2 minute"},"schema":{"@context":"https:\/\/schema.org","@graph":[{"@type":"Article","@id":"https:\/\/sandzakpress.net\/arhiva\/novopazarcu-cetiri-i-po-godine-zatvora\/#article","isPartOf":{"@id":"https:\/\/sandzakpress.net\/arhiva\/novopazarcu-cetiri-i-po-godine-zatvora\/"},"author":{"name":"","@id":""},"headline":"Novopazarcu \u010detiri i po godine zatvora","datePublished":"2010-12-30T20:57:51+00:00","dateModified":"2010-12-30T21:15:06+00:00","mainEntityOfPage":{"@id":"https:\/\/sandzakpress.net\/arhiva\/novopazarcu-cetiri-i-po-godine-zatvora\/"},"wordCount":338,"commentCount":0,"publisher":{"@id":"https:\/\/sandzakpress.net\/arhiva\/#\/schema\/person\/6e72b67d6e51910a1117b3b483ba20bd"},"image":{"@id":"https:\/\/sandzakpress.net\/arhiva\/novopazarcu-cetiri-i-po-godine-zatvora\/#primaryimage"},"thumbnailUrl":"https:\/\/sandzakpress.net\/arhiva\/wp-content\/uploads\/2010\/12\/drugs.jpg","articleSection":["Hronika"],"inLanguage":"bs-BA","potentialAction":[{"@type":"CommentAction","name":"Comment","target":["https:\/\/sandzakpress.net\/arhiva\/novopazarcu-cetiri-i-po-godine-zatvora\/#respond"]}]},{"@type":"WebPage","@id":"https:\/\/sandzakpress.net\/arhiva\/novopazarcu-cetiri-i-po-godine-zatvora\/","url":"https:\/\/sandzakpress.net\/arhiva\/novopazarcu-cetiri-i-po-godine-zatvora\/","name":"Novopazarcu \u010detiri i po godine zatvora","isPartOf":{"@id":"https:\/\/sandzakpress.net\/arhiva\/#website"},"primaryImageOfPage":{"@id":"https:\/\/sandzakpress.net\/arhiva\/novopazarcu-cetiri-i-po-godine-zatvora\/#primaryimage"},"image":{"@id":"https:\/\/sandzakpress.net\/arhiva\/novopazarcu-cetiri-i-po-godine-zatvora\/#primaryimage"},"thumbnailUrl":"https:\/\/sandzakpress.net\/arhiva\/wp-content\/uploads\/2010\/12\/drugs.jpg","datePublished":"2010-12-30T20:57:51+00:00","dateModified":"2010-12-30T21:15:06+00:00","breadcrumb":{"@id":"https:\/\/sandzakpress.net\/arhiva\/novopazarcu-cetiri-i-po-godine-zatvora\/#breadcrumb"},"inLanguage":"bs-BA","potentialAction":[{"@type":"ReadAction","target":["https:\/\/sandzakpress.net\/arhiva\/novopazarcu-cetiri-i-po-godine-zatvora\/"]}]},{"@type":"ImageObject","inLanguage":"bs-BA","@id":"https:\/\/sandzakpress.net\/arhiva\/novopazarcu-cetiri-i-po-godine-zatvora\/#primaryimage","url":"https:\/\/sandzakpress.net\/arhiva\/wp-content\/uploads\/2010\/12\/drugs.jpg","contentUrl":"https:\/\/sandzakpress.net\/arhiva\/wp-content\/uploads\/2010\/12\/drugs.jpg","width":468,"height":326},{"@type":"BreadcrumbList","@id":"https:\/\/sandzakpress.net\/arhiva\/novopazarcu-cetiri-i-po-godine-zatvora\/#breadcrumb","itemListElement":[{"@type":"ListItem","position":1,"name":"Home","item":"https:\/\/sandzakpress.net\/arhiva\/"},{"@type":"ListItem","position":2,"name":"Novopazarcu \u010detiri i po godine zatvora"}]},{"@type":"WebSite","@id":"https:\/\/sandzakpress.net\/arhiva\/#website","url":"https:\/\/sandzakpress.net\/arhiva\/","name":"Sand\u017eak PRESS","description":"Prve elektronske novine u Sand\u017eaku","publisher":{"@id":"https:\/\/sandzakpress.net\/arhiva\/#\/schema\/person\/6e72b67d6e51910a1117b3b483ba20bd"},"potentialAction":[{"@type":"SearchAction","target":{"@type":"EntryPoint","urlTemplate":"https:\/\/sandzakpress.net\/arhiva\/?s={search_term_string}"},"query-input":{"@type":"PropertyValueSpecification","valueRequired":true,"valueName":"search_term_string"}}],"inLanguage":"bs-BA"},{"@type":["Person","Organization"],"@id":"https:\/\/sandzakpress.net\/arhiva\/#\/schema\/person\/6e72b67d6e51910a1117b3b483ba20bd","name":"Kul","image":{"@type":"ImageObject","inLanguage":"bs-BA","@id":"https:\/\/sandzakpress.net\/arhiva\/#\/schema\/person\/image\/","url":"https:\/\/secure.gravatar.com\/avatar\/42263f39aa27ac04c43cab85c280eb2e?s=96&d=mm&r=pg","contentUrl":"https:\/\/secure.gravatar.com\/avatar\/42263f39aa27ac04c43cab85c280eb2e?s=96&d=mm&r=pg","caption":"Kul"},"logo":{"@id":"https:\/\/sandzakpress.net\/arhiva\/#\/schema\/person\/image\/"}},{"@type":"Person","@id":"","url":"https:\/\/sandzakpress.net\/arhiva\/author\/"}]}},"_links":{"self":[{"href":"https:\/\/sandzakpress.net\/arhiva\/wp-json\/wp\/v2\/posts\/10948"}],"collection":[{"href":"https:\/\/sandzakpress.net\/arhiva\/wp-json\/wp\/v2\/posts"}],"about":[{"href":"https:\/\/sandzakpress.net\/arhiva\/wp-json\/wp\/v2\/types\/post"}],"author":[{"embeddable":true,"href":"https:\/\/sandzakpress.net\/arhiva\/wp-json\/wp\/v2\/users\/5"}],"replies":[{"embeddable":true,"href":"https:\/\/sandzakpress.net\/arhiva\/wp-json\/wp\/v2\/comments?post=10948"}],"version-history":[{"count":0,"href":"https:\/\/sandzakpress.net\/arhiva\/wp-json\/wp\/v2\/posts\/10948\/revisions"}],"wp:featuredmedia":[{"embeddable":true,"href":"https:\/\/sandzakpress.net\/arhiva\/wp-json\/wp\/v2\/media\/10959"}],"wp:attachment":[{"href":"https:\/\/sandzakpress.net\/arhiva\/wp-json\/wp\/v2\/media?parent=10948"}],"wp:term":[{"taxonomy":"category","embeddable":true,"href":"https:\/\/sandzakpress.net\/arhiva\/wp-json\/wp\/v2\/categories?post=10948"},{"taxonomy":"post_tag","embeddable":true,"href":"https:\/\/sandzakpress.net\/arhiva\/wp-json\/wp\/v2\/tags?post=10948"}],"curies":[{"name":"wp","href":"https:\/\/api.w.org\/{rel}","templated":true}]}}