{"id":109411,"date":"2014-07-25T22:55:42","date_gmt":"2014-07-25T20:55:42","guid":{"rendered":"https:\/\/sandzakpress.net\/arhiva\/?p=109411"},"modified":"2014-07-26T02:43:54","modified_gmt":"2014-07-26T00:43:54","slug":"novi-pazar-radnici-cistoce-nisu-primili-platu-od-januara","status":"publish","type":"post","link":"https:\/\/sandzakpress.net\/arhiva\/novi-pazar-radnici-cistoce-nisu-primili-platu-od-januara\/","title":{"rendered":"Novi Pazar: Radnici &#8216;\u010cisto\u0107e&#8217; nisu primili platu od januara"},"content":{"rendered":"<p><img loading=\"lazy\" decoding=\"async\" class=\"aligncenter size-full wp-image-109412\" src=\"https:\/\/sandzakpress.net\/arhiva\/wp-content\/uploads\/2014\/07\/Capture6.png\" alt=\"Capture\" width=\"570\" height=\"417\" srcset=\"https:\/\/sandzakpress.net\/arhiva\/wp-content\/uploads\/2014\/07\/Capture6.png 570w, https:\/\/sandzakpress.net\/arhiva\/wp-content\/uploads\/2014\/07\/Capture6-300x220.png 300w\" sizes=\"(max-width: 570px) 100vw, 570px\" \/><\/p>\n<p><strong>Novi Pazar &#8211; Problemi u \u201cJKP\u201d \u010cisto\u0107a radnike su natjerali da svoj rad obustave I \u00a0na taj na\u010din izbore za svoja prava. Neispla\u0107ene zarade, nedostatak novca za uplatu li\u010dnih dohodaka I lo\u0161i uslovi rada- klju\u010dni su problemi radnika ovog preduze\u0107a.<\/strong><\/p>\n<p>Kako SANAPRESS saznaje, sme\u0107e koje je zatrpalo ulice Novog Pazara-produkt je borbe, a \u010diste ga radnici koji su primili obe\u0107anu platu od februara, dok je vi\u0161e od 100 radnika obustavilo rad do daljnjeg.<\/p>\n<p>Radnici \u201cJKP\u201d \u010cisto\u0107a nemaju sredstava kojim bi podmirili osnovne \u017eivotne potrebe. Obe\u0107ana im je isplata martovskih plata, me\u0111utim, od toga nema jo\u0161 uvijek ni\u0161ta. Nekoliko radnika je primilo februarsku platu I oni trenutno rade, isti\u010de predsjednik sindikata ovog preduze\u0107a Ljutvo Mavri\u0107.<\/p>\n<p>Kako, za\u0161to, zbog \u010dega, ko je kriv \u0161to je stanje u Novom Pazaru haoticno, alarmantno, dovedeno na rub? Klju\u010dni razlog nastanka toga su rukovodioci I vlast, navode zaposleni ali gra\u0111ani koji su ogor\u010deni.<\/p>\n<p>Borba za egzistenciju kod \u010dovjeka je uvijek prisutna. Te\u0161ka finansijska situacija u kojoj se gu\u0161i grad Novi Pazar. Neophodne hitne promjene,nagla\u0161avaju iz odbora za Ekologiju BDZ Sandzaka.<\/p>\n<p>Ima I onih koji smatraju da im je mjesto u vo\u0111enju grada uskra\u0107eno, I da bi sa njihovim anga\u017eovanjem stanje bilo bolje, nagla\u0161ava Mithat Noki\u0107 ispred Zelene ekolo\u0161ke partije.<\/p>\n<p>Otpad ima svoje mjesto. Zelene povr\u0161ine I vodu trebalo bi \u010duvati, svijest gra\u0111ana znatno pobolj\u0161ati a vlast posebno aktivirati. Radnici imaju pravo na svoje zarade-za koje ce se kako isticu-boriti do kraja koliko god dugo trajalo!<\/p>\n<p>SANAPRESS &#8211; Selma Adilovi\u0107<\/p>\n<div class=\"youtube-embed\" data-video_id=\"I6MWiYTR_qI\"><iframe loading=\"lazy\" title=\"Sme\u0107e po gradu pred Bajram\" width=\"696\" height=\"522\" src=\"https:\/\/www.youtube.com\/embed\/I6MWiYTR_qI?feature=oembed&#038;enablejsapi=1\" frameborder=\"0\" allow=\"accelerometer; autoplay; encrypted-media; gyroscope; picture-in-picture\" allowfullscreen><\/iframe><\/div>\n<p>&nbsp;<\/p>\n","protected":false},"excerpt":{"rendered":"<p>Kakva je ovo izgubljena nada za promjenama?<\/p>\n","protected":false},"author":83,"featured_media":109412,"comment_status":"open","ping_status":"open","sticky":false,"template":"","format":"standard","meta":{"footnotes":""},"categories":[72,1,8957],"tags":[10248,10257],"class_list":{"0":"post-109411","1":"post","2":"type-post","3":"status-publish","4":"format-standard","5":"has-post-thumbnail","7":"category-novi-pazar","8":"category-politika","9":"category-vijesti-dana","10":"tag-gradska-uprava-novi-pazar","11":"tag-sdp"},"yoast_head":"<!-- This site is optimized with the Yoast SEO Premium plugin v23.1 (Yoast SEO v24.9) - https:\/\/yoast.com\/wordpress\/plugins\/seo\/ -->\n<title>Novi Pazar: Radnici &#039;\u010cisto\u0107e&#039; nisu primili platu od januara<\/title>\n<meta name=\"robots\" content=\"index, follow, max-snippet:-1, max-image-preview:large, max-video-preview:-1\" \/>\n<link rel=\"canonical\" href=\"https:\/\/sandzakpress.net\/arhiva\/novi-pazar-radnici-cistoce-nisu-primili-platu-od-januara\/\" \/>\n<meta property=\"og:locale\" content=\"bs_BA\" \/>\n<meta property=\"og:type\" content=\"article\" \/>\n<meta property=\"og:title\" content=\"Novi Pazar: Radnici &#039;\u010cisto\u0107e&#039; nisu primili platu od januara\" \/>\n<meta property=\"og:description\" content=\"Kakva je ovo izgubljena nada za promjenama?\" \/>\n<meta property=\"og:url\" content=\"https:\/\/sandzakpress.net\/arhiva\/novi-pazar-radnici-cistoce-nisu-primili-platu-od-januara\/\" \/>\n<meta property=\"og:site_name\" content=\"Sand\u017eak PRESS\" \/>\n<meta property=\"article:published_time\" content=\"2014-07-25T20:55:42+00:00\" \/>\n<meta property=\"article:modified_time\" content=\"2014-07-26T00:43:54+00:00\" \/>\n<meta property=\"og:image\" content=\"https:\/\/sandzakpress.net\/arhiva\/wp-content\/uploads\/2014\/07\/Capture6.png\" \/>\n\t<meta property=\"og:image:width\" content=\"570\" \/>\n\t<meta property=\"og:image:height\" content=\"417\" \/>\n\t<meta property=\"og:image:type\" content=\"image\/png\" \/>\n<meta name=\"author\" content=\"bosniak\" \/>\n<meta name=\"twitter:card\" content=\"summary_large_image\" \/>\n<meta name=\"twitter:label1\" content=\"Written by\" \/>\n\t<meta name=\"twitter:data1\" content=\"bosniak\" \/>\n\t<meta name=\"twitter:label2\" content=\"Est. reading time\" \/>\n\t<meta name=\"twitter:data2\" content=\"1 minuta\" \/>\n<script type=\"application\/ld+json\" class=\"yoast-schema-graph\">{\"@context\":\"https:\/\/schema.org\",\"@graph\":[{\"@type\":\"Article\",\"@id\":\"https:\/\/sandzakpress.net\/arhiva\/novi-pazar-radnici-cistoce-nisu-primili-platu-od-januara\/#article\",\"isPartOf\":{\"@id\":\"https:\/\/sandzakpress.net\/arhiva\/novi-pazar-radnici-cistoce-nisu-primili-platu-od-januara\/\"},\"author\":{\"name\":\"bosniak\",\"@id\":\"https:\/\/sandzakpress.net\/arhiva\/#\/schema\/person\/c8baee722073534b583ea7bdb2e36c02\"},\"headline\":\"Novi Pazar: Radnici &#8216;\u010cisto\u0107e&#8217; nisu primili platu od januara\",\"datePublished\":\"2014-07-25T20:55:42+00:00\",\"dateModified\":\"2014-07-26T00:43:54+00:00\",\"mainEntityOfPage\":{\"@id\":\"https:\/\/sandzakpress.net\/arhiva\/novi-pazar-radnici-cistoce-nisu-primili-platu-od-januara\/\"},\"wordCount\":294,\"commentCount\":19,\"publisher\":{\"@id\":\"https:\/\/sandzakpress.net\/arhiva\/#\/schema\/person\/6e72b67d6e51910a1117b3b483ba20bd\"},\"image\":{\"@id\":\"https:\/\/sandzakpress.net\/arhiva\/novi-pazar-radnici-cistoce-nisu-primili-platu-od-januara\/#primaryimage\"},\"thumbnailUrl\":\"https:\/\/sandzakpress.net\/arhiva\/wp-content\/uploads\/2014\/07\/Capture6.png\",\"keywords\":[\"Vlast u Novom Pazaru\",\"SDPS\"],\"articleSection\":[\"Novi Pazar\",\"Politika\",\"VIJESTI DANA\"],\"inLanguage\":\"bs-BA\",\"potentialAction\":[{\"@type\":\"CommentAction\",\"name\":\"Comment\",\"target\":[\"https:\/\/sandzakpress.net\/arhiva\/novi-pazar-radnici-cistoce-nisu-primili-platu-od-januara\/#respond\"]}]},{\"@type\":\"WebPage\",\"@id\":\"https:\/\/sandzakpress.net\/arhiva\/novi-pazar-radnici-cistoce-nisu-primili-platu-od-januara\/\",\"url\":\"https:\/\/sandzakpress.net\/arhiva\/novi-pazar-radnici-cistoce-nisu-primili-platu-od-januara\/\",\"name\":\"Novi Pazar: Radnici '\u010cisto\u0107e' nisu primili platu od januara\",\"isPartOf\":{\"@id\":\"https:\/\/sandzakpress.net\/arhiva\/#website\"},\"primaryImageOfPage\":{\"@id\":\"https:\/\/sandzakpress.net\/arhiva\/novi-pazar-radnici-cistoce-nisu-primili-platu-od-januara\/#primaryimage\"},\"image\":{\"@id\":\"https:\/\/sandzakpress.net\/arhiva\/novi-pazar-radnici-cistoce-nisu-primili-platu-od-januara\/#primaryimage\"},\"thumbnailUrl\":\"https:\/\/sandzakpress.net\/arhiva\/wp-content\/uploads\/2014\/07\/Capture6.png\",\"datePublished\":\"2014-07-25T20:55:42+00:00\",\"dateModified\":\"2014-07-26T00:43:54+00:00\",\"breadcrumb\":{\"@id\":\"https:\/\/sandzakpress.net\/arhiva\/novi-pazar-radnici-cistoce-nisu-primili-platu-od-januara\/#breadcrumb\"},\"inLanguage\":\"bs-BA\",\"potentialAction\":[{\"@type\":\"ReadAction\",\"target\":[\"https:\/\/sandzakpress.net\/arhiva\/novi-pazar-radnici-cistoce-nisu-primili-platu-od-januara\/\"]}]},{\"@type\":\"ImageObject\",\"inLanguage\":\"bs-BA\",\"@id\":\"https:\/\/sandzakpress.net\/arhiva\/novi-pazar-radnici-cistoce-nisu-primili-platu-od-januara\/#primaryimage\",\"url\":\"https:\/\/sandzakpress.net\/arhiva\/wp-content\/uploads\/2014\/07\/Capture6.png\",\"contentUrl\":\"https:\/\/sandzakpress.net\/arhiva\/wp-content\/uploads\/2014\/07\/Capture6.png\",\"width\":570,\"height\":417},{\"@type\":\"BreadcrumbList\",\"@id\":\"https:\/\/sandzakpress.net\/arhiva\/novi-pazar-radnici-cistoce-nisu-primili-platu-od-januara\/#breadcrumb\",\"itemListElement\":[{\"@type\":\"ListItem\",\"position\":1,\"name\":\"Home\",\"item\":\"https:\/\/sandzakpress.net\/arhiva\/\"},{\"@type\":\"ListItem\",\"position\":2,\"name\":\"Novi Pazar: Radnici &#8216;\u010cisto\u0107e&#8217; nisu primili platu od januara\"}]},{\"@type\":\"WebSite\",\"@id\":\"https:\/\/sandzakpress.net\/arhiva\/#website\",\"url\":\"https:\/\/sandzakpress.net\/arhiva\/\",\"name\":\"Sand\u017eak PRESS\",\"description\":\"Prve elektronske novine u Sand\u017eaku\",\"publisher\":{\"@id\":\"https:\/\/sandzakpress.net\/arhiva\/#\/schema\/person\/6e72b67d6e51910a1117b3b483ba20bd\"},\"potentialAction\":[{\"@type\":\"SearchAction\",\"target\":{\"@type\":\"EntryPoint\",\"urlTemplate\":\"https:\/\/sandzakpress.net\/arhiva\/?s={search_term_string}\"},\"query-input\":{\"@type\":\"PropertyValueSpecification\",\"valueRequired\":true,\"valueName\":\"search_term_string\"}}],\"inLanguage\":\"bs-BA\"},{\"@type\":[\"Person\",\"Organization\"],\"@id\":\"https:\/\/sandzakpress.net\/arhiva\/#\/schema\/person\/6e72b67d6e51910a1117b3b483ba20bd\",\"name\":\"Kul\",\"image\":{\"@type\":\"ImageObject\",\"inLanguage\":\"bs-BA\",\"@id\":\"https:\/\/sandzakpress.net\/arhiva\/#\/schema\/person\/image\/\",\"url\":\"https:\/\/secure.gravatar.com\/avatar\/42263f39aa27ac04c43cab85c280eb2e?s=96&d=mm&r=pg\",\"contentUrl\":\"https:\/\/secure.gravatar.com\/avatar\/42263f39aa27ac04c43cab85c280eb2e?s=96&d=mm&r=pg\",\"caption\":\"Kul\"},\"logo\":{\"@id\":\"https:\/\/sandzakpress.net\/arhiva\/#\/schema\/person\/image\/\"}},{\"@type\":\"Person\",\"@id\":\"https:\/\/sandzakpress.net\/arhiva\/#\/schema\/person\/c8baee722073534b583ea7bdb2e36c02\",\"name\":\"bosniak\",\"image\":{\"@type\":\"ImageObject\",\"inLanguage\":\"bs-BA\",\"@id\":\"https:\/\/sandzakpress.net\/arhiva\/#\/schema\/person\/image\/\",\"url\":\"https:\/\/secure.gravatar.com\/avatar\/a04fd330bfe3a36a72a0ad4a6d89fca7?s=96&d=mm&r=pg\",\"contentUrl\":\"https:\/\/secure.gravatar.com\/avatar\/a04fd330bfe3a36a72a0ad4a6d89fca7?s=96&d=mm&r=pg\",\"caption\":\"bosniak\"},\"url\":\"https:\/\/sandzakpress.net\/arhiva\/author\/bosniak\/\"}]}<\/script>\n<!-- \/ Yoast SEO Premium plugin. -->","yoast_head_json":{"title":"Novi Pazar: Radnici '\u010cisto\u0107e' nisu primili platu od januara","robots":{"index":"index","follow":"follow","max-snippet":"max-snippet:-1","max-image-preview":"max-image-preview:large","max-video-preview":"max-video-preview:-1"},"canonical":"https:\/\/sandzakpress.net\/arhiva\/novi-pazar-radnici-cistoce-nisu-primili-platu-od-januara\/","og_locale":"bs_BA","og_type":"article","og_title":"Novi Pazar: Radnici '\u010cisto\u0107e' nisu primili platu od januara","og_description":"Kakva je ovo izgubljena nada za promjenama?","og_url":"https:\/\/sandzakpress.net\/arhiva\/novi-pazar-radnici-cistoce-nisu-primili-platu-od-januara\/","og_site_name":"Sand\u017eak PRESS","article_published_time":"2014-07-25T20:55:42+00:00","article_modified_time":"2014-07-26T00:43:54+00:00","og_image":[{"width":570,"height":417,"url":"https:\/\/sandzakpress.net\/arhiva\/wp-content\/uploads\/2014\/07\/Capture6.png","type":"image\/png"}],"author":"bosniak","twitter_card":"summary_large_image","twitter_misc":{"Written by":"bosniak","Est. reading time":"1 minuta"},"schema":{"@context":"https:\/\/schema.org","@graph":[{"@type":"Article","@id":"https:\/\/sandzakpress.net\/arhiva\/novi-pazar-radnici-cistoce-nisu-primili-platu-od-januara\/#article","isPartOf":{"@id":"https:\/\/sandzakpress.net\/arhiva\/novi-pazar-radnici-cistoce-nisu-primili-platu-od-januara\/"},"author":{"name":"bosniak","@id":"https:\/\/sandzakpress.net\/arhiva\/#\/schema\/person\/c8baee722073534b583ea7bdb2e36c02"},"headline":"Novi Pazar: Radnici &#8216;\u010cisto\u0107e&#8217; nisu primili platu od januara","datePublished":"2014-07-25T20:55:42+00:00","dateModified":"2014-07-26T00:43:54+00:00","mainEntityOfPage":{"@id":"https:\/\/sandzakpress.net\/arhiva\/novi-pazar-radnici-cistoce-nisu-primili-platu-od-januara\/"},"wordCount":294,"commentCount":19,"publisher":{"@id":"https:\/\/sandzakpress.net\/arhiva\/#\/schema\/person\/6e72b67d6e51910a1117b3b483ba20bd"},"image":{"@id":"https:\/\/sandzakpress.net\/arhiva\/novi-pazar-radnici-cistoce-nisu-primili-platu-od-januara\/#primaryimage"},"thumbnailUrl":"https:\/\/sandzakpress.net\/arhiva\/wp-content\/uploads\/2014\/07\/Capture6.png","keywords":["Vlast u Novom Pazaru","SDPS"],"articleSection":["Novi Pazar","Politika","VIJESTI DANA"],"inLanguage":"bs-BA","potentialAction":[{"@type":"CommentAction","name":"Comment","target":["https:\/\/sandzakpress.net\/arhiva\/novi-pazar-radnici-cistoce-nisu-primili-platu-od-januara\/#respond"]}]},{"@type":"WebPage","@id":"https:\/\/sandzakpress.net\/arhiva\/novi-pazar-radnici-cistoce-nisu-primili-platu-od-januara\/","url":"https:\/\/sandzakpress.net\/arhiva\/novi-pazar-radnici-cistoce-nisu-primili-platu-od-januara\/","name":"Novi Pazar: Radnici '\u010cisto\u0107e' nisu primili platu od januara","isPartOf":{"@id":"https:\/\/sandzakpress.net\/arhiva\/#website"},"primaryImageOfPage":{"@id":"https:\/\/sandzakpress.net\/arhiva\/novi-pazar-radnici-cistoce-nisu-primili-platu-od-januara\/#primaryimage"},"image":{"@id":"https:\/\/sandzakpress.net\/arhiva\/novi-pazar-radnici-cistoce-nisu-primili-platu-od-januara\/#primaryimage"},"thumbnailUrl":"https:\/\/sandzakpress.net\/arhiva\/wp-content\/uploads\/2014\/07\/Capture6.png","datePublished":"2014-07-25T20:55:42+00:00","dateModified":"2014-07-26T00:43:54+00:00","breadcrumb":{"@id":"https:\/\/sandzakpress.net\/arhiva\/novi-pazar-radnici-cistoce-nisu-primili-platu-od-januara\/#breadcrumb"},"inLanguage":"bs-BA","potentialAction":[{"@type":"ReadAction","target":["https:\/\/sandzakpress.net\/arhiva\/novi-pazar-radnici-cistoce-nisu-primili-platu-od-januara\/"]}]},{"@type":"ImageObject","inLanguage":"bs-BA","@id":"https:\/\/sandzakpress.net\/arhiva\/novi-pazar-radnici-cistoce-nisu-primili-platu-od-januara\/#primaryimage","url":"https:\/\/sandzakpress.net\/arhiva\/wp-content\/uploads\/2014\/07\/Capture6.png","contentUrl":"https:\/\/sandzakpress.net\/arhiva\/wp-content\/uploads\/2014\/07\/Capture6.png","width":570,"height":417},{"@type":"BreadcrumbList","@id":"https:\/\/sandzakpress.net\/arhiva\/novi-pazar-radnici-cistoce-nisu-primili-platu-od-januara\/#breadcrumb","itemListElement":[{"@type":"ListItem","position":1,"name":"Home","item":"https:\/\/sandzakpress.net\/arhiva\/"},{"@type":"ListItem","position":2,"name":"Novi Pazar: Radnici &#8216;\u010cisto\u0107e&#8217; nisu primili platu od januara"}]},{"@type":"WebSite","@id":"https:\/\/sandzakpress.net\/arhiva\/#website","url":"https:\/\/sandzakpress.net\/arhiva\/","name":"Sand\u017eak PRESS","description":"Prve elektronske novine u Sand\u017eaku","publisher":{"@id":"https:\/\/sandzakpress.net\/arhiva\/#\/schema\/person\/6e72b67d6e51910a1117b3b483ba20bd"},"potentialAction":[{"@type":"SearchAction","target":{"@type":"EntryPoint","urlTemplate":"https:\/\/sandzakpress.net\/arhiva\/?s={search_term_string}"},"query-input":{"@type":"PropertyValueSpecification","valueRequired":true,"valueName":"search_term_string"}}],"inLanguage":"bs-BA"},{"@type":["Person","Organization"],"@id":"https:\/\/sandzakpress.net\/arhiva\/#\/schema\/person\/6e72b67d6e51910a1117b3b483ba20bd","name":"Kul","image":{"@type":"ImageObject","inLanguage":"bs-BA","@id":"https:\/\/sandzakpress.net\/arhiva\/#\/schema\/person\/image\/","url":"https:\/\/secure.gravatar.com\/avatar\/42263f39aa27ac04c43cab85c280eb2e?s=96&d=mm&r=pg","contentUrl":"https:\/\/secure.gravatar.com\/avatar\/42263f39aa27ac04c43cab85c280eb2e?s=96&d=mm&r=pg","caption":"Kul"},"logo":{"@id":"https:\/\/sandzakpress.net\/arhiva\/#\/schema\/person\/image\/"}},{"@type":"Person","@id":"https:\/\/sandzakpress.net\/arhiva\/#\/schema\/person\/c8baee722073534b583ea7bdb2e36c02","name":"bosniak","image":{"@type":"ImageObject","inLanguage":"bs-BA","@id":"https:\/\/sandzakpress.net\/arhiva\/#\/schema\/person\/image\/","url":"https:\/\/secure.gravatar.com\/avatar\/a04fd330bfe3a36a72a0ad4a6d89fca7?s=96&d=mm&r=pg","contentUrl":"https:\/\/secure.gravatar.com\/avatar\/a04fd330bfe3a36a72a0ad4a6d89fca7?s=96&d=mm&r=pg","caption":"bosniak"},"url":"https:\/\/sandzakpress.net\/arhiva\/author\/bosniak\/"}]}},"_links":{"self":[{"href":"https:\/\/sandzakpress.net\/arhiva\/wp-json\/wp\/v2\/posts\/109411"}],"collection":[{"href":"https:\/\/sandzakpress.net\/arhiva\/wp-json\/wp\/v2\/posts"}],"about":[{"href":"https:\/\/sandzakpress.net\/arhiva\/wp-json\/wp\/v2\/types\/post"}],"author":[{"embeddable":true,"href":"https:\/\/sandzakpress.net\/arhiva\/wp-json\/wp\/v2\/users\/83"}],"replies":[{"embeddable":true,"href":"https:\/\/sandzakpress.net\/arhiva\/wp-json\/wp\/v2\/comments?post=109411"}],"version-history":[{"count":0,"href":"https:\/\/sandzakpress.net\/arhiva\/wp-json\/wp\/v2\/posts\/109411\/revisions"}],"wp:featuredmedia":[{"embeddable":true,"href":"https:\/\/sandzakpress.net\/arhiva\/wp-json\/wp\/v2\/media\/109412"}],"wp:attachment":[{"href":"https:\/\/sandzakpress.net\/arhiva\/wp-json\/wp\/v2\/media?parent=109411"}],"wp:term":[{"taxonomy":"category","embeddable":true,"href":"https:\/\/sandzakpress.net\/arhiva\/wp-json\/wp\/v2\/categories?post=109411"},{"taxonomy":"post_tag","embeddable":true,"href":"https:\/\/sandzakpress.net\/arhiva\/wp-json\/wp\/v2\/tags?post=109411"}],"curies":[{"name":"wp","href":"https:\/\/api.w.org\/{rel}","templated":true}]}}