{"id":109395,"date":"2014-07-25T18:44:50","date_gmt":"2014-07-25T16:44:50","guid":{"rendered":"https:\/\/sandzakpress.net\/arhiva\/?p=109395"},"modified":"2014-07-25T18:45:52","modified_gmt":"2014-07-25T16:45:52","slug":"trebamo-se-boriti-da-sacuvamo-svoju-kulturu-a-kroz-nju-i-svoj-identitet","status":"publish","type":"post","link":"https:\/\/sandzakpress.net\/arhiva\/trebamo-se-boriti-da-sacuvamo-svoju-kulturu-a-kroz-nju-i-svoj-identitet\/","title":{"rendered":"Trebamo se boriti da sa\u010duvamo svoju kulturu a kroz nju i svoj identitet"},"content":{"rendered":"<p><a href=\"https:\/\/sandzakpress.net\/arhiva\/wp-content\/uploads\/2014\/07\/Hajrudin_Dazdarevic.jpg\"><img loading=\"lazy\" decoding=\"async\" class=\"aligncenter size-full wp-image-109397\" src=\"https:\/\/sandzakpress.net\/arhiva\/wp-content\/uploads\/2014\/07\/Hajrudin_Dazdarevic.jpg\" alt=\"Hajrudin_Dazdarevic\" width=\"350\" height=\"411\" \/><\/a><\/p>\n<p><span style=\"color: #000000;\">Na raznim izlo\u017ebama, me\u0111u raznim umjetnicima, ne mo\u017ee se desiti, a da vam ne upadnu u o\u010di odmah slike Hajrudina Dazdarevi\u0107a. Kao da iz njih zra\u010di snaga svjetlosti koja vu\u010de va\u0161 pogled, utapa ga u sebe, o\u010darava&#8230; Njegovi ste\u0107ci, ni\u0161ani, mezari su na njegovim slikama prikazani kao kamen u kojem \u017eivi ljudska du\u0161a. Vi mo\u017eete vidjeti u njima i tugu i ponos i snagu i srodstvo i \u017eivot onih kojima je podignut taj ni\u0161an.<\/span><br style=\"color: #000000;\" \/><span style=\"color: #000000;\">Ko je taj slikar Dazdarevi\u0107?<\/span><\/p>\n<p><span style=\"color: #000000;\">Hajrudin Dazdarevic\u0301 je vajar, slikar i grn\u010dar koji je ro\u0111en u Novom Pazaru 03.11.1978. god.<\/span><br style=\"color: #000000;\" \/><span style=\"color: #000000;\">Diplomirao na Fakultetu likovne umetnosti (FLU) \u2013 Univerzitetu Pri\u0161tina. Odsjek za vajarstvo.<\/span><br style=\"color: #000000;\" \/><span style=\"color: #000000;\">Prof. likovne kulture (OS \u201c\u0110ura Jak\u0161ic\u0301\u201c , OS \u201cRastko Nemanjic\u0301-Sava\u201d, OS \u201cSelakovac\u201d), trenutno na posdiplomskim studijama grafike na Internacionalnom univerzitetu u klasi Fehima Huskovic\u0301a.<\/span><br style=\"color: #000000;\" \/><span style=\"color: #000000;\">Izlagao na vi\u0161e kolektivnih izlo\u017ebi, u\u010destovao na raznim sajmovima starih zanata, me\u0111u njima i u Turskoj u gradu Kir\u0161ehiru kao predstavnik grada Novog Pazara.<\/span><br style=\"color: #000000;\" \/><br style=\"color: #000000;\" \/><span style=\"color: #000000;\">Potra\u017eili smo ga u Novom Pazaru u njegovom atelje-radionici koja se nalazi u njegovoj ku\u0107i u naselju Potoci. I tu su oka\u010dene nekolike njegove slike.<\/span><br style=\"color: #000000;\" \/><br style=\"color: #000000;\" \/><b style=\"color: #000000;\">Otkud ovi \u010dudni i specifi\u010dni motivi? Ti ljudski ni\u0161ani koji ne zra\u010de smr\u0107u, ve\u0107 kao da su sa du\u0161om ti kameni spava\u010di?<br \/>\nDAZDAREVI\u0106:\u00a0<\/b><span style=\"color: #000000;\">Objasni\u0107u ti kad ti poka\u017eem ne\u0161to. Moram ti to pokazat da bi bolje shvatila, rekao je i poveo me mjestu gdje on nalazi svoju inspiraciju.\u00a0<\/span><br style=\"color: #000000;\" \/><br style=\"color: #000000;\" \/><b style=\"color: #000000;\">Naselje Potoci kao da je mjesto mezara i raznih drugih grobova: od onih najstarijih bo\u0161nja\u010dkih, hri\u0161\u0107anskih sa ste\u0107cima, jevreskih, pravoslavnih do ovih modernih.<\/b><\/p>\n<p>DAZDAREVI\u0106:\u00a0<span style=\"color: #000000;\">Vidi ovo. Ja sam se kao dijete igrao u ovim mezarjima i grobljima. Porasto sam u tome, oko ovih ni\u0161ana sam igrao \u017emurke, skrivali smo se tu i igrali kao djeca. I ostalo mi je to da se i danas sa njima dru\u017eim, provodim svoje vrijeme ovdje, razmi\u0161ljam o nama kao narodu. Naravno, tu\u017ean sam \u0161to se ova na\u0161a svetinja ovdje ne \u010duva. Evo je parking na mezarima napravljen, i ku\u0107e su mnoge tako na grobljima&#8230;<\/span><\/p>\n<p><span style=\"color: #000000;\">A to je kultura koja nam treba. Kultura je specifi\u010dna za \u010dovjeka i \u0161to je imamo vi\u0161e, vi\u0161e smo ljudi. Trebamo se boriti da sa\u010duvamo svoju kulturu a kroz nju i svoj identitet. Ja se jedini sada u Novom Pazaru bavim jo\u0161 grn\u010darijom sa kojom sam se po\u010deo baviti kao student 1999. godine, upoznav\u0161i Bond\u017eukovic\u0301 Ljutva, starog vrsnog majstora iz Novog Pazara. Sa ovim zanatom sam se po\u010deo baviti koliko iz ljubavi, toliko i iz straha od izumiranja starog zanata. U po\u010detku, nakon \u0161to je had\u017eija Band\u017eukovic\u0301 preselio, uvidio sam zna\u010daj i vrijednost njegovog truda i rije\u0161io da po svaku cijenu to spasim od zaborava, da sa\u010duvam od izumiranja. Shvativ\u0161i da nema vi\u0161e ko da nastavi tradiciju grn\u010darenja, prihvatio sam se te du\u017enosti. Po\u010deo sam izra\u0111ivati alate i ma\u0161ine po sjec\u0301anjima i uzoru na njegove stare ma\u0161ine, jer mi je bilo nezgodno da tra\u017eim njegove ma\u0161ine od rodbine, zato \u0161to ti predmeti ve\u017eu majstora za porodicu. Polako sam po\u010deo izra\u0111ivati posude po uzoru na njegove, jer su one dio na\u0161eg naslije\u0111a i tradicije. Tradicionalne posude uglavnom dobijaju imena prema jelima ili na\u010dinima upotrebe, kao napri- mjer \u0111uve\u010d, grne za kuhanje pasulja, testija za uzimanje abdesta ili za no\u0161enje vode, taf\u010de na graf\u010de da bi se upekao pasulj u njemu. Sve je to na\u0161e staro posu\u0111e koje \u010duva duh starih vremena. Uz te posude lako je zamisliti djevojke koje nose vodu, a\u0161ikuju pored starih \u010desama, zamisliti nane i majke koje pripremaju \u0111uve\u010de od kojih zamiri\u0161e cijela kuc\u0301a, kako kisele mlijeko, kuhaju sutlija\u0161, kao nekad \u0161to se spremalo u na\u0161im kuc\u0301ama. Godina prou\u010davam ovaj\u00a0<\/span>zanat. Pomoc\u0301 i razumijevanje sam dobio od mnogih. Projektom sam dobio dva elektri\u010dna grn\u010darska to\u010dka i malu elektri\u010dnu pec\u0301, koja je mnogo olak\u0161ala proces pe\u010denja. Danas se u cijelom postupku izrade koriste savremenije ma\u0161ine, po\u010dev od ma\u0161ine za mljevenje gline, preko to\u010dka do pec\u0301i. Upravo zahvaljujuc\u0301i toj pomoc\u0301i, uspio sam da poka\u017eem ljudima da taj zanat ipak nije nestao, da je jo\u0161 uvijek tu. Nai\u0161ao sam na veliku zainteresovanost, posebno omladine, i od tad sam aktivniji u svom djelovanju. Prisutan sam na razli\u010ditim manifestacijama, po\u010dev od sajma u Novom Pazaru, Festivala starih zanata u gradu Kir\u0161ehiru u Turskoj, pa do volonterskih anga\u017emana, sve u cilju pribli\u017eavanja tog zanata publici, kako bih ga o\u010duvao, mo\u017eda i motivisao nekog da se po\u010dene baviti ovim zanatom.<\/p>\n<p><b style=\"color: #000000;\">Ja ga ponekad nagovaram da on svoj umjetni\u010dki talenat izmije\u0161a sa tim grn\u010darskim zanatom i zapo\u010dne proizvoriti dizajnirane grn\u010darske posude, dodaje njegova supruga, koja ga podr\u017eava u svim njegovim projektima. (Ona je zubar po zanimanju i imaju dva sina.)<\/b><\/p>\n<p><b style=\"color: #000000;\">DAZDAREVI\u0106:\u00a0<\/b><span style=\"color: #000000;\">Ne, ja ho\u0107u da sa\u010duvam tradiciju&#8230; Ne smijemo da zaboravimo tradiciju&#8230; Niko to nije htio da u\u010di, a ja sam taj zanat nau\u010dio. Mislim da mi taj zadatak nije tek onako dat. Bog ostavi uvijek svjedoka. Mo\u017eda sam, po\u0161to sam za sada jedini u Novom Pazaru krn\u010dar, ja taj koji to treba dalje da o\u010duva i da se bori da to ne izumre, nego naprotiv da procvjeta.<\/span><br style=\"color: #000000;\" \/><br style=\"color: #000000;\" \/><b style=\"color: #000000;\">Ali, se ipak mora\u0161 malo vi\u0161e prezentirati u javnost i pokazati to \u0161to radi\u0161 i \u010dime se bavi\u0161? Malo ljudi zna da ti to radi\u0161, dodaje prakti\u010dna Amra.<\/b><\/p>\n<p><b style=\"color: #000000;\">DAZDAREVI\u0106:\u00a0<\/b><span style=\"color: #000000;\">Neka, \u010du\u0107e se i to. Sazna\u0107e se i to&#8230; Na\u0161 narod se sve vi\u0161e vra\u0107a starinama i tradicionalnom, pa \u0107e vakat i tome do\u0107i. Tradiciju ovdje moramo o\u010duvati. Slikanje je ve\u0107 drugo. U slikanju ja idem za novinama, iako i tu koristim tradiciju. Vidi\u0161 mezar ovog \u0161ehida na mostu? (Pokazuje mi svoju sliku na zidu) Most je ovdje kao veza dva svijeta; most je put kojim se prelazi na sudnjemu danu; on je o\u0161triji od o\u0161trice ma\u010da, a tanji od dlake. Ali ovaj \u0161ehid ga prelazi lako. Eto, ja tako \u010duvam tradiciju i pored modernog i tog novog u slikarstu. Tradiciju mora\u0161 da ve\u017ee\u0161 za srce, i da kroz to istrazuje\u0161 i daje\u0161 ne\u0161to novo.<\/span><\/p>\n<p>Autor:\u00a0<strong>d<\/strong><strong style=\"color: #000000;\">r. Bisera Sulji\u0107-Bo\u0161kailo<\/strong><\/p>\n","protected":false},"excerpt":{"rendered":"<p>Hajrudin Dazdarevi\u0107<\/p>\n","protected":false},"author":83,"featured_media":109397,"comment_status":"open","ping_status":"open","sticky":false,"template":"","format":"standard","meta":{"footnotes":""},"categories":[10196],"tags":[],"class_list":{"0":"post-109395","1":"post","2":"type-post","3":"status-publish","4":"format-standard","5":"has-post-thumbnail","7":"category-iz-pera-nasih-autora"},"yoast_head":"<!-- This site is optimized with the Yoast SEO Premium plugin v23.1 (Yoast SEO v24.9) - https:\/\/yoast.com\/wordpress\/plugins\/seo\/ -->\n<title>Trebamo se boriti da sa\u010duvamo svoju kulturu a kroz nju i svoj identitet<\/title>\n<meta name=\"robots\" content=\"index, follow, max-snippet:-1, max-image-preview:large, max-video-preview:-1\" \/>\n<link rel=\"canonical\" href=\"https:\/\/sandzakpress.net\/arhiva\/trebamo-se-boriti-da-sacuvamo-svoju-kulturu-a-kroz-nju-i-svoj-identitet\/\" \/>\n<meta property=\"og:locale\" content=\"bs_BA\" \/>\n<meta property=\"og:type\" content=\"article\" \/>\n<meta property=\"og:title\" content=\"Trebamo se boriti da sa\u010duvamo svoju kulturu a kroz nju i svoj identitet\" \/>\n<meta property=\"og:description\" content=\"Hajrudin Dazdarevi\u0107\" \/>\n<meta property=\"og:url\" content=\"https:\/\/sandzakpress.net\/arhiva\/trebamo-se-boriti-da-sacuvamo-svoju-kulturu-a-kroz-nju-i-svoj-identitet\/\" \/>\n<meta property=\"og:site_name\" content=\"Sand\u017eak PRESS\" \/>\n<meta property=\"article:published_time\" content=\"2014-07-25T16:44:50+00:00\" \/>\n<meta property=\"article:modified_time\" content=\"2014-07-25T16:45:52+00:00\" \/>\n<meta property=\"og:image\" content=\"https:\/\/sandzakpress.net\/arhiva\/wp-content\/uploads\/2014\/07\/Hajrudin_Dazdarevic.jpg\" \/>\n\t<meta property=\"og:image:width\" content=\"350\" \/>\n\t<meta property=\"og:image:height\" content=\"411\" \/>\n\t<meta property=\"og:image:type\" content=\"image\/jpeg\" \/>\n<meta name=\"author\" content=\"bosniak\" \/>\n<meta name=\"twitter:card\" content=\"summary_large_image\" \/>\n<meta name=\"twitter:label1\" content=\"Written by\" \/>\n\t<meta name=\"twitter:data1\" content=\"bosniak\" \/>\n\t<meta name=\"twitter:label2\" content=\"Est. reading time\" \/>\n\t<meta name=\"twitter:data2\" content=\"6 minuta\" \/>\n<script type=\"application\/ld+json\" class=\"yoast-schema-graph\">{\"@context\":\"https:\/\/schema.org\",\"@graph\":[{\"@type\":\"Article\",\"@id\":\"https:\/\/sandzakpress.net\/arhiva\/trebamo-se-boriti-da-sacuvamo-svoju-kulturu-a-kroz-nju-i-svoj-identitet\/#article\",\"isPartOf\":{\"@id\":\"https:\/\/sandzakpress.net\/arhiva\/trebamo-se-boriti-da-sacuvamo-svoju-kulturu-a-kroz-nju-i-svoj-identitet\/\"},\"author\":{\"name\":\"bosniak\",\"@id\":\"https:\/\/sandzakpress.net\/arhiva\/#\/schema\/person\/c8baee722073534b583ea7bdb2e36c02\"},\"headline\":\"Trebamo se boriti da sa\u010duvamo svoju kulturu a kroz nju i svoj identitet\",\"datePublished\":\"2014-07-25T16:44:50+00:00\",\"dateModified\":\"2014-07-25T16:45:52+00:00\",\"mainEntityOfPage\":{\"@id\":\"https:\/\/sandzakpress.net\/arhiva\/trebamo-se-boriti-da-sacuvamo-svoju-kulturu-a-kroz-nju-i-svoj-identitet\/\"},\"wordCount\":1120,\"commentCount\":2,\"publisher\":{\"@id\":\"https:\/\/sandzakpress.net\/arhiva\/#\/schema\/person\/6e72b67d6e51910a1117b3b483ba20bd\"},\"image\":{\"@id\":\"https:\/\/sandzakpress.net\/arhiva\/trebamo-se-boriti-da-sacuvamo-svoju-kulturu-a-kroz-nju-i-svoj-identitet\/#primaryimage\"},\"thumbnailUrl\":\"https:\/\/sandzakpress.net\/arhiva\/wp-content\/uploads\/2014\/07\/Hajrudin_Dazdarevic.jpg\",\"articleSection\":[\"Iz pera na\u0161ih autora\"],\"inLanguage\":\"bs-BA\",\"potentialAction\":[{\"@type\":\"CommentAction\",\"name\":\"Comment\",\"target\":[\"https:\/\/sandzakpress.net\/arhiva\/trebamo-se-boriti-da-sacuvamo-svoju-kulturu-a-kroz-nju-i-svoj-identitet\/#respond\"]}]},{\"@type\":\"WebPage\",\"@id\":\"https:\/\/sandzakpress.net\/arhiva\/trebamo-se-boriti-da-sacuvamo-svoju-kulturu-a-kroz-nju-i-svoj-identitet\/\",\"url\":\"https:\/\/sandzakpress.net\/arhiva\/trebamo-se-boriti-da-sacuvamo-svoju-kulturu-a-kroz-nju-i-svoj-identitet\/\",\"name\":\"Trebamo se boriti da sa\u010duvamo svoju kulturu a kroz nju i svoj identitet\",\"isPartOf\":{\"@id\":\"https:\/\/sandzakpress.net\/arhiva\/#website\"},\"primaryImageOfPage\":{\"@id\":\"https:\/\/sandzakpress.net\/arhiva\/trebamo-se-boriti-da-sacuvamo-svoju-kulturu-a-kroz-nju-i-svoj-identitet\/#primaryimage\"},\"image\":{\"@id\":\"https:\/\/sandzakpress.net\/arhiva\/trebamo-se-boriti-da-sacuvamo-svoju-kulturu-a-kroz-nju-i-svoj-identitet\/#primaryimage\"},\"thumbnailUrl\":\"https:\/\/sandzakpress.net\/arhiva\/wp-content\/uploads\/2014\/07\/Hajrudin_Dazdarevic.jpg\",\"datePublished\":\"2014-07-25T16:44:50+00:00\",\"dateModified\":\"2014-07-25T16:45:52+00:00\",\"breadcrumb\":{\"@id\":\"https:\/\/sandzakpress.net\/arhiva\/trebamo-se-boriti-da-sacuvamo-svoju-kulturu-a-kroz-nju-i-svoj-identitet\/#breadcrumb\"},\"inLanguage\":\"bs-BA\",\"potentialAction\":[{\"@type\":\"ReadAction\",\"target\":[\"https:\/\/sandzakpress.net\/arhiva\/trebamo-se-boriti-da-sacuvamo-svoju-kulturu-a-kroz-nju-i-svoj-identitet\/\"]}]},{\"@type\":\"ImageObject\",\"inLanguage\":\"bs-BA\",\"@id\":\"https:\/\/sandzakpress.net\/arhiva\/trebamo-se-boriti-da-sacuvamo-svoju-kulturu-a-kroz-nju-i-svoj-identitet\/#primaryimage\",\"url\":\"https:\/\/sandzakpress.net\/arhiva\/wp-content\/uploads\/2014\/07\/Hajrudin_Dazdarevic.jpg\",\"contentUrl\":\"https:\/\/sandzakpress.net\/arhiva\/wp-content\/uploads\/2014\/07\/Hajrudin_Dazdarevic.jpg\",\"width\":350,\"height\":411},{\"@type\":\"BreadcrumbList\",\"@id\":\"https:\/\/sandzakpress.net\/arhiva\/trebamo-se-boriti-da-sacuvamo-svoju-kulturu-a-kroz-nju-i-svoj-identitet\/#breadcrumb\",\"itemListElement\":[{\"@type\":\"ListItem\",\"position\":1,\"name\":\"Home\",\"item\":\"https:\/\/sandzakpress.net\/arhiva\/\"},{\"@type\":\"ListItem\",\"position\":2,\"name\":\"Trebamo se boriti da sa\u010duvamo svoju kulturu a kroz nju i svoj identitet\"}]},{\"@type\":\"WebSite\",\"@id\":\"https:\/\/sandzakpress.net\/arhiva\/#website\",\"url\":\"https:\/\/sandzakpress.net\/arhiva\/\",\"name\":\"Sand\u017eak PRESS\",\"description\":\"Prve elektronske novine u Sand\u017eaku\",\"publisher\":{\"@id\":\"https:\/\/sandzakpress.net\/arhiva\/#\/schema\/person\/6e72b67d6e51910a1117b3b483ba20bd\"},\"potentialAction\":[{\"@type\":\"SearchAction\",\"target\":{\"@type\":\"EntryPoint\",\"urlTemplate\":\"https:\/\/sandzakpress.net\/arhiva\/?s={search_term_string}\"},\"query-input\":{\"@type\":\"PropertyValueSpecification\",\"valueRequired\":true,\"valueName\":\"search_term_string\"}}],\"inLanguage\":\"bs-BA\"},{\"@type\":[\"Person\",\"Organization\"],\"@id\":\"https:\/\/sandzakpress.net\/arhiva\/#\/schema\/person\/6e72b67d6e51910a1117b3b483ba20bd\",\"name\":\"Kul\",\"image\":{\"@type\":\"ImageObject\",\"inLanguage\":\"bs-BA\",\"@id\":\"https:\/\/sandzakpress.net\/arhiva\/#\/schema\/person\/image\/\",\"url\":\"https:\/\/secure.gravatar.com\/avatar\/42263f39aa27ac04c43cab85c280eb2e?s=96&d=mm&r=pg\",\"contentUrl\":\"https:\/\/secure.gravatar.com\/avatar\/42263f39aa27ac04c43cab85c280eb2e?s=96&d=mm&r=pg\",\"caption\":\"Kul\"},\"logo\":{\"@id\":\"https:\/\/sandzakpress.net\/arhiva\/#\/schema\/person\/image\/\"}},{\"@type\":\"Person\",\"@id\":\"https:\/\/sandzakpress.net\/arhiva\/#\/schema\/person\/c8baee722073534b583ea7bdb2e36c02\",\"name\":\"bosniak\",\"image\":{\"@type\":\"ImageObject\",\"inLanguage\":\"bs-BA\",\"@id\":\"https:\/\/sandzakpress.net\/arhiva\/#\/schema\/person\/image\/\",\"url\":\"https:\/\/secure.gravatar.com\/avatar\/a04fd330bfe3a36a72a0ad4a6d89fca7?s=96&d=mm&r=pg\",\"contentUrl\":\"https:\/\/secure.gravatar.com\/avatar\/a04fd330bfe3a36a72a0ad4a6d89fca7?s=96&d=mm&r=pg\",\"caption\":\"bosniak\"},\"url\":\"https:\/\/sandzakpress.net\/arhiva\/author\/bosniak\/\"}]}<\/script>\n<!-- \/ Yoast SEO Premium plugin. -->","yoast_head_json":{"title":"Trebamo se boriti da sa\u010duvamo svoju kulturu a kroz nju i svoj identitet","robots":{"index":"index","follow":"follow","max-snippet":"max-snippet:-1","max-image-preview":"max-image-preview:large","max-video-preview":"max-video-preview:-1"},"canonical":"https:\/\/sandzakpress.net\/arhiva\/trebamo-se-boriti-da-sacuvamo-svoju-kulturu-a-kroz-nju-i-svoj-identitet\/","og_locale":"bs_BA","og_type":"article","og_title":"Trebamo se boriti da sa\u010duvamo svoju kulturu a kroz nju i svoj identitet","og_description":"Hajrudin Dazdarevi\u0107","og_url":"https:\/\/sandzakpress.net\/arhiva\/trebamo-se-boriti-da-sacuvamo-svoju-kulturu-a-kroz-nju-i-svoj-identitet\/","og_site_name":"Sand\u017eak PRESS","article_published_time":"2014-07-25T16:44:50+00:00","article_modified_time":"2014-07-25T16:45:52+00:00","og_image":[{"width":350,"height":411,"url":"https:\/\/sandzakpress.net\/arhiva\/wp-content\/uploads\/2014\/07\/Hajrudin_Dazdarevic.jpg","type":"image\/jpeg"}],"author":"bosniak","twitter_card":"summary_large_image","twitter_misc":{"Written by":"bosniak","Est. reading time":"6 minuta"},"schema":{"@context":"https:\/\/schema.org","@graph":[{"@type":"Article","@id":"https:\/\/sandzakpress.net\/arhiva\/trebamo-se-boriti-da-sacuvamo-svoju-kulturu-a-kroz-nju-i-svoj-identitet\/#article","isPartOf":{"@id":"https:\/\/sandzakpress.net\/arhiva\/trebamo-se-boriti-da-sacuvamo-svoju-kulturu-a-kroz-nju-i-svoj-identitet\/"},"author":{"name":"bosniak","@id":"https:\/\/sandzakpress.net\/arhiva\/#\/schema\/person\/c8baee722073534b583ea7bdb2e36c02"},"headline":"Trebamo se boriti da sa\u010duvamo svoju kulturu a kroz nju i svoj identitet","datePublished":"2014-07-25T16:44:50+00:00","dateModified":"2014-07-25T16:45:52+00:00","mainEntityOfPage":{"@id":"https:\/\/sandzakpress.net\/arhiva\/trebamo-se-boriti-da-sacuvamo-svoju-kulturu-a-kroz-nju-i-svoj-identitet\/"},"wordCount":1120,"commentCount":2,"publisher":{"@id":"https:\/\/sandzakpress.net\/arhiva\/#\/schema\/person\/6e72b67d6e51910a1117b3b483ba20bd"},"image":{"@id":"https:\/\/sandzakpress.net\/arhiva\/trebamo-se-boriti-da-sacuvamo-svoju-kulturu-a-kroz-nju-i-svoj-identitet\/#primaryimage"},"thumbnailUrl":"https:\/\/sandzakpress.net\/arhiva\/wp-content\/uploads\/2014\/07\/Hajrudin_Dazdarevic.jpg","articleSection":["Iz pera na\u0161ih autora"],"inLanguage":"bs-BA","potentialAction":[{"@type":"CommentAction","name":"Comment","target":["https:\/\/sandzakpress.net\/arhiva\/trebamo-se-boriti-da-sacuvamo-svoju-kulturu-a-kroz-nju-i-svoj-identitet\/#respond"]}]},{"@type":"WebPage","@id":"https:\/\/sandzakpress.net\/arhiva\/trebamo-se-boriti-da-sacuvamo-svoju-kulturu-a-kroz-nju-i-svoj-identitet\/","url":"https:\/\/sandzakpress.net\/arhiva\/trebamo-se-boriti-da-sacuvamo-svoju-kulturu-a-kroz-nju-i-svoj-identitet\/","name":"Trebamo se boriti da sa\u010duvamo svoju kulturu a kroz nju i svoj identitet","isPartOf":{"@id":"https:\/\/sandzakpress.net\/arhiva\/#website"},"primaryImageOfPage":{"@id":"https:\/\/sandzakpress.net\/arhiva\/trebamo-se-boriti-da-sacuvamo-svoju-kulturu-a-kroz-nju-i-svoj-identitet\/#primaryimage"},"image":{"@id":"https:\/\/sandzakpress.net\/arhiva\/trebamo-se-boriti-da-sacuvamo-svoju-kulturu-a-kroz-nju-i-svoj-identitet\/#primaryimage"},"thumbnailUrl":"https:\/\/sandzakpress.net\/arhiva\/wp-content\/uploads\/2014\/07\/Hajrudin_Dazdarevic.jpg","datePublished":"2014-07-25T16:44:50+00:00","dateModified":"2014-07-25T16:45:52+00:00","breadcrumb":{"@id":"https:\/\/sandzakpress.net\/arhiva\/trebamo-se-boriti-da-sacuvamo-svoju-kulturu-a-kroz-nju-i-svoj-identitet\/#breadcrumb"},"inLanguage":"bs-BA","potentialAction":[{"@type":"ReadAction","target":["https:\/\/sandzakpress.net\/arhiva\/trebamo-se-boriti-da-sacuvamo-svoju-kulturu-a-kroz-nju-i-svoj-identitet\/"]}]},{"@type":"ImageObject","inLanguage":"bs-BA","@id":"https:\/\/sandzakpress.net\/arhiva\/trebamo-se-boriti-da-sacuvamo-svoju-kulturu-a-kroz-nju-i-svoj-identitet\/#primaryimage","url":"https:\/\/sandzakpress.net\/arhiva\/wp-content\/uploads\/2014\/07\/Hajrudin_Dazdarevic.jpg","contentUrl":"https:\/\/sandzakpress.net\/arhiva\/wp-content\/uploads\/2014\/07\/Hajrudin_Dazdarevic.jpg","width":350,"height":411},{"@type":"BreadcrumbList","@id":"https:\/\/sandzakpress.net\/arhiva\/trebamo-se-boriti-da-sacuvamo-svoju-kulturu-a-kroz-nju-i-svoj-identitet\/#breadcrumb","itemListElement":[{"@type":"ListItem","position":1,"name":"Home","item":"https:\/\/sandzakpress.net\/arhiva\/"},{"@type":"ListItem","position":2,"name":"Trebamo se boriti da sa\u010duvamo svoju kulturu a kroz nju i svoj identitet"}]},{"@type":"WebSite","@id":"https:\/\/sandzakpress.net\/arhiva\/#website","url":"https:\/\/sandzakpress.net\/arhiva\/","name":"Sand\u017eak PRESS","description":"Prve elektronske novine u Sand\u017eaku","publisher":{"@id":"https:\/\/sandzakpress.net\/arhiva\/#\/schema\/person\/6e72b67d6e51910a1117b3b483ba20bd"},"potentialAction":[{"@type":"SearchAction","target":{"@type":"EntryPoint","urlTemplate":"https:\/\/sandzakpress.net\/arhiva\/?s={search_term_string}"},"query-input":{"@type":"PropertyValueSpecification","valueRequired":true,"valueName":"search_term_string"}}],"inLanguage":"bs-BA"},{"@type":["Person","Organization"],"@id":"https:\/\/sandzakpress.net\/arhiva\/#\/schema\/person\/6e72b67d6e51910a1117b3b483ba20bd","name":"Kul","image":{"@type":"ImageObject","inLanguage":"bs-BA","@id":"https:\/\/sandzakpress.net\/arhiva\/#\/schema\/person\/image\/","url":"https:\/\/secure.gravatar.com\/avatar\/42263f39aa27ac04c43cab85c280eb2e?s=96&d=mm&r=pg","contentUrl":"https:\/\/secure.gravatar.com\/avatar\/42263f39aa27ac04c43cab85c280eb2e?s=96&d=mm&r=pg","caption":"Kul"},"logo":{"@id":"https:\/\/sandzakpress.net\/arhiva\/#\/schema\/person\/image\/"}},{"@type":"Person","@id":"https:\/\/sandzakpress.net\/arhiva\/#\/schema\/person\/c8baee722073534b583ea7bdb2e36c02","name":"bosniak","image":{"@type":"ImageObject","inLanguage":"bs-BA","@id":"https:\/\/sandzakpress.net\/arhiva\/#\/schema\/person\/image\/","url":"https:\/\/secure.gravatar.com\/avatar\/a04fd330bfe3a36a72a0ad4a6d89fca7?s=96&d=mm&r=pg","contentUrl":"https:\/\/secure.gravatar.com\/avatar\/a04fd330bfe3a36a72a0ad4a6d89fca7?s=96&d=mm&r=pg","caption":"bosniak"},"url":"https:\/\/sandzakpress.net\/arhiva\/author\/bosniak\/"}]}},"_links":{"self":[{"href":"https:\/\/sandzakpress.net\/arhiva\/wp-json\/wp\/v2\/posts\/109395"}],"collection":[{"href":"https:\/\/sandzakpress.net\/arhiva\/wp-json\/wp\/v2\/posts"}],"about":[{"href":"https:\/\/sandzakpress.net\/arhiva\/wp-json\/wp\/v2\/types\/post"}],"author":[{"embeddable":true,"href":"https:\/\/sandzakpress.net\/arhiva\/wp-json\/wp\/v2\/users\/83"}],"replies":[{"embeddable":true,"href":"https:\/\/sandzakpress.net\/arhiva\/wp-json\/wp\/v2\/comments?post=109395"}],"version-history":[{"count":0,"href":"https:\/\/sandzakpress.net\/arhiva\/wp-json\/wp\/v2\/posts\/109395\/revisions"}],"wp:featuredmedia":[{"embeddable":true,"href":"https:\/\/sandzakpress.net\/arhiva\/wp-json\/wp\/v2\/media\/109397"}],"wp:attachment":[{"href":"https:\/\/sandzakpress.net\/arhiva\/wp-json\/wp\/v2\/media?parent=109395"}],"wp:term":[{"taxonomy":"category","embeddable":true,"href":"https:\/\/sandzakpress.net\/arhiva\/wp-json\/wp\/v2\/categories?post=109395"},{"taxonomy":"post_tag","embeddable":true,"href":"https:\/\/sandzakpress.net\/arhiva\/wp-json\/wp\/v2\/tags?post=109395"}],"curies":[{"name":"wp","href":"https:\/\/api.w.org\/{rel}","templated":true}]}}