{"id":109363,"date":"2014-07-25T17:14:12","date_gmt":"2014-07-25T15:14:12","guid":{"rendered":"https:\/\/sandzakpress.net\/arhiva\/?p=109363"},"modified":"2014-07-25T17:14:12","modified_gmt":"2014-07-25T15:14:12","slug":"blokiran-visi-sud-u-novom-pazaru","status":"publish","type":"post","link":"https:\/\/sandzakpress.net\/arhiva\/blokiran-visi-sud-u-novom-pazaru\/","title":{"rendered":"Blokiran Vi\u0161i sud u Novom Pazaru"},"content":{"rendered":"<div class=\"youtube-embed\" data-video_id=\"I2pEtHpiG-s\"><iframe loading=\"lazy\" title=\"Blokiran Vi\u0161i sud u Novom Pazaru\" width=\"696\" height=\"522\" src=\"https:\/\/www.youtube.com\/embed\/I2pEtHpiG-s?feature=oembed&#038;enablejsapi=1\" frameborder=\"0\" allow=\"accelerometer; autoplay; encrypted-media; gyroscope; picture-in-picture\" allowfullscreen><\/iframe><\/div>\n<p><strong><span style=\"font-size: 10pt;\">Novi Pazar &#8211; U Vi\u0161em sudu u Novom Pazaru trenutno radi dvoje sudija koji ne mogu da formiraju ni tro\u010dlano Sudsko ve\u0107e, pa se zbog toga sva ro\u010di\u0161ta prosle\u0111uju pravosudnim organima u Kraljevu, Kragujevcu i \u010ca\u010dku, izjavio je danas predsednik tog suda Izet Suljovi\u0107.<\/span><\/strong><\/p>\n<p><span style=\"font-size: 10pt;\">Suljovi\u0107 je za radio Sto plus rekao da je problem nastao tokom aprila kada je dvoje sudija vra\u0107eno u Osnovni sud u Sjenici, a po jedan sudija oti\u0161ao u vi\u0161e sudove u Kraljevu i Beogradu.<\/span><\/p>\n<p><span style=\"font-size: 10pt;\">&#8220;Pored njih, dvoje sudija je na bolovanju, jedna koleginica je na porodiljskom odsustvu, tako da nas trenutno ima samo dvojica. Zbog toga ne mo\u017eemo da formiramo ni sudsko ve\u0107e od troje sudija, pa ni da donosimo bilo kakve odluke. Vi\u0161i sud je u blokadi&#8221;, izjavio je Suljovi\u0107.<\/span><\/p>\n<p><span style=\"font-size: 10pt;\">Odlukom Visokog saveta sudstva (VSS) Vi\u0161i sud u Novom Pazaru treba da ima devet sudija, pa je zbog manjka od \u010detvoro sudija raspisan konkurs za izbor novih, ali oni jo\u0161 nisu izabrani.<\/span><\/p>\n<p><span style=\"font-size: 10pt;\">&#8220;Znam da je sva konkursna procedura zavr\u0161ena, ali sudije jo\u0161 nisu izabrane. Obra\u0107ao sam se VSS-u da nam, u me\u0111uvremenu, bar delegiraju sudije, ali ni do toga nije do\u0161lo&#8221;, rekao je Suljovi\u0107.<\/span><\/p>\n<p><span style=\"font-size: 10pt;\">Prvi \u010dovek Vi\u0161eg suda u Novom Pazaru istakao je i da sve stranke koje su na ro\u010di\u0161ta morale da odlaze u druge gradove imaju pravo na nadoknadu tro\u0161kova i da \u0107e to biti samo dodatan tro\u0161ak za dr\u017eavu.<\/span><\/p>\n<p><span style=\"font-size: 10pt;\">Suljovi\u0107 je dodao i da sudovi i tu\u017eila\u0161tva u Novom Pazaru imaju velikih problema sa sme\u0161tajnim kapacitetima, ali da bi oni uskoro trebalo da budu re\u0161eni.<\/span><\/p>\n<p><span style=\"font-size: 10pt;\">&#8220;Ura\u0111en je projekat nadogradnje jo\u0161 jednog sprata i pro\u0161irenja prostornih kapaciteta na ostalim spratovima. Izgradnju \u0107e finansirati Turska razvojna agencija, sve dozvole su pribavljene i nadam se da \u0107e radovi uskoro po\u010deti&#8221;, rekao je Suljovi\u0107.<\/span><\/p>\n<p><span style=\"font-size: 10pt;\">U sklopu novoizgra\u0111enog sprata trebalo bi da budu prostorije Pravosudne akademije i sudske jedinice Privrednog suda u Kraljevu.<\/span><\/p>\n<p><span style=\"font-size: 10pt;\">N. Ko\u010dovi\u0107<\/span><\/p>\n","protected":false},"excerpt":{"rendered":"<p>Novi Pazar &#8211; U Vi\u0161em sudu u Novom Pazaru trenutno radi dvoje sudija koji ne mogu da formiraju ni tro\u010dlano Sudsko ve\u0107e, pa se zbog toga sva ro\u010di\u0161ta prosle\u0111uju pravosudnim organima u Kraljevu, Kragujevcu i \u010ca\u010dku, izjavio je danas predsednik tog suda Izet Suljovi\u0107. Suljovi\u0107 je za radio Sto plus rekao da je problem nastao [&hellip;]<\/p>\n","protected":false},"author":83,"featured_media":109364,"comment_status":"open","ping_status":"open","sticky":false,"template":"","format":"standard","meta":{"footnotes":""},"categories":[72,1,8957],"tags":[10248],"class_list":{"0":"post-109363","1":"post","2":"type-post","3":"status-publish","4":"format-standard","5":"has-post-thumbnail","7":"category-novi-pazar","8":"category-politika","9":"category-vijesti-dana","10":"tag-gradska-uprava-novi-pazar"},"yoast_head":"<!-- This site is optimized with the Yoast SEO Premium plugin v23.1 (Yoast SEO v24.9) - https:\/\/yoast.com\/wordpress\/plugins\/seo\/ -->\n<title>Blokiran Vi\u0161i sud u Novom Pazaru<\/title>\n<meta name=\"robots\" content=\"index, follow, max-snippet:-1, max-image-preview:large, max-video-preview:-1\" \/>\n<link rel=\"canonical\" href=\"https:\/\/sandzakpress.net\/arhiva\/blokiran-visi-sud-u-novom-pazaru\/\" \/>\n<meta property=\"og:locale\" content=\"bs_BA\" \/>\n<meta property=\"og:type\" content=\"article\" \/>\n<meta property=\"og:title\" content=\"Blokiran Vi\u0161i sud u Novom Pazaru\" \/>\n<meta property=\"og:description\" content=\"Novi Pazar &#8211; U Vi\u0161em sudu u Novom Pazaru trenutno radi dvoje sudija koji ne mogu da formiraju ni tro\u010dlano Sudsko ve\u0107e, pa se zbog toga sva ro\u010di\u0161ta prosle\u0111uju pravosudnim organima u Kraljevu, Kragujevcu i \u010ca\u010dku, izjavio je danas predsednik tog suda Izet Suljovi\u0107. Suljovi\u0107 je za radio Sto plus rekao da je problem nastao [&hellip;]\" \/>\n<meta property=\"og:url\" content=\"https:\/\/sandzakpress.net\/arhiva\/blokiran-visi-sud-u-novom-pazaru\/\" \/>\n<meta property=\"og:site_name\" content=\"Sand\u017eak PRESS\" \/>\n<meta property=\"article:published_time\" content=\"2014-07-25T15:14:12+00:00\" \/>\n<meta property=\"og:image\" content=\"https:\/\/sandzakpress.net\/arhiva\/wp-content\/uploads\/2014\/07\/039.jpg\" \/>\n\t<meta property=\"og:image:width\" content=\"480\" \/>\n\t<meta property=\"og:image:height\" content=\"360\" \/>\n\t<meta property=\"og:image:type\" content=\"image\/jpeg\" \/>\n<meta name=\"author\" content=\"bosniak\" \/>\n<meta name=\"twitter:card\" content=\"summary_large_image\" \/>\n<meta name=\"twitter:label1\" content=\"Written by\" \/>\n\t<meta name=\"twitter:data1\" content=\"bosniak\" \/>\n\t<meta name=\"twitter:label2\" content=\"Est. reading time\" \/>\n\t<meta name=\"twitter:data2\" content=\"2 minute\" \/>\n<script type=\"application\/ld+json\" class=\"yoast-schema-graph\">{\"@context\":\"https:\/\/schema.org\",\"@graph\":[{\"@type\":\"Article\",\"@id\":\"https:\/\/sandzakpress.net\/arhiva\/blokiran-visi-sud-u-novom-pazaru\/#article\",\"isPartOf\":{\"@id\":\"https:\/\/sandzakpress.net\/arhiva\/blokiran-visi-sud-u-novom-pazaru\/\"},\"author\":{\"name\":\"bosniak\",\"@id\":\"https:\/\/sandzakpress.net\/arhiva\/#\/schema\/person\/c8baee722073534b583ea7bdb2e36c02\"},\"headline\":\"Blokiran Vi\u0161i sud u Novom Pazaru\",\"datePublished\":\"2014-07-25T15:14:12+00:00\",\"mainEntityOfPage\":{\"@id\":\"https:\/\/sandzakpress.net\/arhiva\/blokiran-visi-sud-u-novom-pazaru\/\"},\"wordCount\":357,\"commentCount\":1,\"publisher\":{\"@id\":\"https:\/\/sandzakpress.net\/arhiva\/#\/schema\/person\/6e72b67d6e51910a1117b3b483ba20bd\"},\"image\":{\"@id\":\"https:\/\/sandzakpress.net\/arhiva\/blokiran-visi-sud-u-novom-pazaru\/#primaryimage\"},\"thumbnailUrl\":\"https:\/\/sandzakpress.net\/arhiva\/wp-content\/uploads\/2014\/07\/039.jpg\",\"keywords\":[\"Vlast u Novom Pazaru\"],\"articleSection\":[\"Novi Pazar\",\"Politika\",\"VIJESTI DANA\"],\"inLanguage\":\"bs-BA\",\"potentialAction\":[{\"@type\":\"CommentAction\",\"name\":\"Comment\",\"target\":[\"https:\/\/sandzakpress.net\/arhiva\/blokiran-visi-sud-u-novom-pazaru\/#respond\"]}]},{\"@type\":\"WebPage\",\"@id\":\"https:\/\/sandzakpress.net\/arhiva\/blokiran-visi-sud-u-novom-pazaru\/\",\"url\":\"https:\/\/sandzakpress.net\/arhiva\/blokiran-visi-sud-u-novom-pazaru\/\",\"name\":\"Blokiran Vi\u0161i sud u Novom Pazaru\",\"isPartOf\":{\"@id\":\"https:\/\/sandzakpress.net\/arhiva\/#website\"},\"primaryImageOfPage\":{\"@id\":\"https:\/\/sandzakpress.net\/arhiva\/blokiran-visi-sud-u-novom-pazaru\/#primaryimage\"},\"image\":{\"@id\":\"https:\/\/sandzakpress.net\/arhiva\/blokiran-visi-sud-u-novom-pazaru\/#primaryimage\"},\"thumbnailUrl\":\"https:\/\/sandzakpress.net\/arhiva\/wp-content\/uploads\/2014\/07\/039.jpg\",\"datePublished\":\"2014-07-25T15:14:12+00:00\",\"breadcrumb\":{\"@id\":\"https:\/\/sandzakpress.net\/arhiva\/blokiran-visi-sud-u-novom-pazaru\/#breadcrumb\"},\"inLanguage\":\"bs-BA\",\"potentialAction\":[{\"@type\":\"ReadAction\",\"target\":[\"https:\/\/sandzakpress.net\/arhiva\/blokiran-visi-sud-u-novom-pazaru\/\"]}]},{\"@type\":\"ImageObject\",\"inLanguage\":\"bs-BA\",\"@id\":\"https:\/\/sandzakpress.net\/arhiva\/blokiran-visi-sud-u-novom-pazaru\/#primaryimage\",\"url\":\"https:\/\/sandzakpress.net\/arhiva\/wp-content\/uploads\/2014\/07\/039.jpg\",\"contentUrl\":\"https:\/\/sandzakpress.net\/arhiva\/wp-content\/uploads\/2014\/07\/039.jpg\",\"width\":480,\"height\":360},{\"@type\":\"BreadcrumbList\",\"@id\":\"https:\/\/sandzakpress.net\/arhiva\/blokiran-visi-sud-u-novom-pazaru\/#breadcrumb\",\"itemListElement\":[{\"@type\":\"ListItem\",\"position\":1,\"name\":\"Home\",\"item\":\"https:\/\/sandzakpress.net\/arhiva\/\"},{\"@type\":\"ListItem\",\"position\":2,\"name\":\"Blokiran Vi\u0161i sud u Novom Pazaru\"}]},{\"@type\":\"WebSite\",\"@id\":\"https:\/\/sandzakpress.net\/arhiva\/#website\",\"url\":\"https:\/\/sandzakpress.net\/arhiva\/\",\"name\":\"Sand\u017eak PRESS\",\"description\":\"Prve elektronske novine u Sand\u017eaku\",\"publisher\":{\"@id\":\"https:\/\/sandzakpress.net\/arhiva\/#\/schema\/person\/6e72b67d6e51910a1117b3b483ba20bd\"},\"potentialAction\":[{\"@type\":\"SearchAction\",\"target\":{\"@type\":\"EntryPoint\",\"urlTemplate\":\"https:\/\/sandzakpress.net\/arhiva\/?s={search_term_string}\"},\"query-input\":{\"@type\":\"PropertyValueSpecification\",\"valueRequired\":true,\"valueName\":\"search_term_string\"}}],\"inLanguage\":\"bs-BA\"},{\"@type\":[\"Person\",\"Organization\"],\"@id\":\"https:\/\/sandzakpress.net\/arhiva\/#\/schema\/person\/6e72b67d6e51910a1117b3b483ba20bd\",\"name\":\"Kul\",\"image\":{\"@type\":\"ImageObject\",\"inLanguage\":\"bs-BA\",\"@id\":\"https:\/\/sandzakpress.net\/arhiva\/#\/schema\/person\/image\/\",\"url\":\"https:\/\/secure.gravatar.com\/avatar\/42263f39aa27ac04c43cab85c280eb2e?s=96&d=mm&r=pg\",\"contentUrl\":\"https:\/\/secure.gravatar.com\/avatar\/42263f39aa27ac04c43cab85c280eb2e?s=96&d=mm&r=pg\",\"caption\":\"Kul\"},\"logo\":{\"@id\":\"https:\/\/sandzakpress.net\/arhiva\/#\/schema\/person\/image\/\"}},{\"@type\":\"Person\",\"@id\":\"https:\/\/sandzakpress.net\/arhiva\/#\/schema\/person\/c8baee722073534b583ea7bdb2e36c02\",\"name\":\"bosniak\",\"image\":{\"@type\":\"ImageObject\",\"inLanguage\":\"bs-BA\",\"@id\":\"https:\/\/sandzakpress.net\/arhiva\/#\/schema\/person\/image\/\",\"url\":\"https:\/\/secure.gravatar.com\/avatar\/a04fd330bfe3a36a72a0ad4a6d89fca7?s=96&d=mm&r=pg\",\"contentUrl\":\"https:\/\/secure.gravatar.com\/avatar\/a04fd330bfe3a36a72a0ad4a6d89fca7?s=96&d=mm&r=pg\",\"caption\":\"bosniak\"},\"url\":\"https:\/\/sandzakpress.net\/arhiva\/author\/bosniak\/\"}]}<\/script>\n<!-- \/ Yoast SEO Premium plugin. -->","yoast_head_json":{"title":"Blokiran Vi\u0161i sud u Novom Pazaru","robots":{"index":"index","follow":"follow","max-snippet":"max-snippet:-1","max-image-preview":"max-image-preview:large","max-video-preview":"max-video-preview:-1"},"canonical":"https:\/\/sandzakpress.net\/arhiva\/blokiran-visi-sud-u-novom-pazaru\/","og_locale":"bs_BA","og_type":"article","og_title":"Blokiran Vi\u0161i sud u Novom Pazaru","og_description":"Novi Pazar &#8211; U Vi\u0161em sudu u Novom Pazaru trenutno radi dvoje sudija koji ne mogu da formiraju ni tro\u010dlano Sudsko ve\u0107e, pa se zbog toga sva ro\u010di\u0161ta prosle\u0111uju pravosudnim organima u Kraljevu, Kragujevcu i \u010ca\u010dku, izjavio je danas predsednik tog suda Izet Suljovi\u0107. Suljovi\u0107 je za radio Sto plus rekao da je problem nastao [&hellip;]","og_url":"https:\/\/sandzakpress.net\/arhiva\/blokiran-visi-sud-u-novom-pazaru\/","og_site_name":"Sand\u017eak PRESS","article_published_time":"2014-07-25T15:14:12+00:00","og_image":[{"width":480,"height":360,"url":"https:\/\/sandzakpress.net\/arhiva\/wp-content\/uploads\/2014\/07\/039.jpg","type":"image\/jpeg"}],"author":"bosniak","twitter_card":"summary_large_image","twitter_misc":{"Written by":"bosniak","Est. reading time":"2 minute"},"schema":{"@context":"https:\/\/schema.org","@graph":[{"@type":"Article","@id":"https:\/\/sandzakpress.net\/arhiva\/blokiran-visi-sud-u-novom-pazaru\/#article","isPartOf":{"@id":"https:\/\/sandzakpress.net\/arhiva\/blokiran-visi-sud-u-novom-pazaru\/"},"author":{"name":"bosniak","@id":"https:\/\/sandzakpress.net\/arhiva\/#\/schema\/person\/c8baee722073534b583ea7bdb2e36c02"},"headline":"Blokiran Vi\u0161i sud u Novom Pazaru","datePublished":"2014-07-25T15:14:12+00:00","mainEntityOfPage":{"@id":"https:\/\/sandzakpress.net\/arhiva\/blokiran-visi-sud-u-novom-pazaru\/"},"wordCount":357,"commentCount":1,"publisher":{"@id":"https:\/\/sandzakpress.net\/arhiva\/#\/schema\/person\/6e72b67d6e51910a1117b3b483ba20bd"},"image":{"@id":"https:\/\/sandzakpress.net\/arhiva\/blokiran-visi-sud-u-novom-pazaru\/#primaryimage"},"thumbnailUrl":"https:\/\/sandzakpress.net\/arhiva\/wp-content\/uploads\/2014\/07\/039.jpg","keywords":["Vlast u Novom Pazaru"],"articleSection":["Novi Pazar","Politika","VIJESTI DANA"],"inLanguage":"bs-BA","potentialAction":[{"@type":"CommentAction","name":"Comment","target":["https:\/\/sandzakpress.net\/arhiva\/blokiran-visi-sud-u-novom-pazaru\/#respond"]}]},{"@type":"WebPage","@id":"https:\/\/sandzakpress.net\/arhiva\/blokiran-visi-sud-u-novom-pazaru\/","url":"https:\/\/sandzakpress.net\/arhiva\/blokiran-visi-sud-u-novom-pazaru\/","name":"Blokiran Vi\u0161i sud u Novom Pazaru","isPartOf":{"@id":"https:\/\/sandzakpress.net\/arhiva\/#website"},"primaryImageOfPage":{"@id":"https:\/\/sandzakpress.net\/arhiva\/blokiran-visi-sud-u-novom-pazaru\/#primaryimage"},"image":{"@id":"https:\/\/sandzakpress.net\/arhiva\/blokiran-visi-sud-u-novom-pazaru\/#primaryimage"},"thumbnailUrl":"https:\/\/sandzakpress.net\/arhiva\/wp-content\/uploads\/2014\/07\/039.jpg","datePublished":"2014-07-25T15:14:12+00:00","breadcrumb":{"@id":"https:\/\/sandzakpress.net\/arhiva\/blokiran-visi-sud-u-novom-pazaru\/#breadcrumb"},"inLanguage":"bs-BA","potentialAction":[{"@type":"ReadAction","target":["https:\/\/sandzakpress.net\/arhiva\/blokiran-visi-sud-u-novom-pazaru\/"]}]},{"@type":"ImageObject","inLanguage":"bs-BA","@id":"https:\/\/sandzakpress.net\/arhiva\/blokiran-visi-sud-u-novom-pazaru\/#primaryimage","url":"https:\/\/sandzakpress.net\/arhiva\/wp-content\/uploads\/2014\/07\/039.jpg","contentUrl":"https:\/\/sandzakpress.net\/arhiva\/wp-content\/uploads\/2014\/07\/039.jpg","width":480,"height":360},{"@type":"BreadcrumbList","@id":"https:\/\/sandzakpress.net\/arhiva\/blokiran-visi-sud-u-novom-pazaru\/#breadcrumb","itemListElement":[{"@type":"ListItem","position":1,"name":"Home","item":"https:\/\/sandzakpress.net\/arhiva\/"},{"@type":"ListItem","position":2,"name":"Blokiran Vi\u0161i sud u Novom Pazaru"}]},{"@type":"WebSite","@id":"https:\/\/sandzakpress.net\/arhiva\/#website","url":"https:\/\/sandzakpress.net\/arhiva\/","name":"Sand\u017eak PRESS","description":"Prve elektronske novine u Sand\u017eaku","publisher":{"@id":"https:\/\/sandzakpress.net\/arhiva\/#\/schema\/person\/6e72b67d6e51910a1117b3b483ba20bd"},"potentialAction":[{"@type":"SearchAction","target":{"@type":"EntryPoint","urlTemplate":"https:\/\/sandzakpress.net\/arhiva\/?s={search_term_string}"},"query-input":{"@type":"PropertyValueSpecification","valueRequired":true,"valueName":"search_term_string"}}],"inLanguage":"bs-BA"},{"@type":["Person","Organization"],"@id":"https:\/\/sandzakpress.net\/arhiva\/#\/schema\/person\/6e72b67d6e51910a1117b3b483ba20bd","name":"Kul","image":{"@type":"ImageObject","inLanguage":"bs-BA","@id":"https:\/\/sandzakpress.net\/arhiva\/#\/schema\/person\/image\/","url":"https:\/\/secure.gravatar.com\/avatar\/42263f39aa27ac04c43cab85c280eb2e?s=96&d=mm&r=pg","contentUrl":"https:\/\/secure.gravatar.com\/avatar\/42263f39aa27ac04c43cab85c280eb2e?s=96&d=mm&r=pg","caption":"Kul"},"logo":{"@id":"https:\/\/sandzakpress.net\/arhiva\/#\/schema\/person\/image\/"}},{"@type":"Person","@id":"https:\/\/sandzakpress.net\/arhiva\/#\/schema\/person\/c8baee722073534b583ea7bdb2e36c02","name":"bosniak","image":{"@type":"ImageObject","inLanguage":"bs-BA","@id":"https:\/\/sandzakpress.net\/arhiva\/#\/schema\/person\/image\/","url":"https:\/\/secure.gravatar.com\/avatar\/a04fd330bfe3a36a72a0ad4a6d89fca7?s=96&d=mm&r=pg","contentUrl":"https:\/\/secure.gravatar.com\/avatar\/a04fd330bfe3a36a72a0ad4a6d89fca7?s=96&d=mm&r=pg","caption":"bosniak"},"url":"https:\/\/sandzakpress.net\/arhiva\/author\/bosniak\/"}]}},"_links":{"self":[{"href":"https:\/\/sandzakpress.net\/arhiva\/wp-json\/wp\/v2\/posts\/109363"}],"collection":[{"href":"https:\/\/sandzakpress.net\/arhiva\/wp-json\/wp\/v2\/posts"}],"about":[{"href":"https:\/\/sandzakpress.net\/arhiva\/wp-json\/wp\/v2\/types\/post"}],"author":[{"embeddable":true,"href":"https:\/\/sandzakpress.net\/arhiva\/wp-json\/wp\/v2\/users\/83"}],"replies":[{"embeddable":true,"href":"https:\/\/sandzakpress.net\/arhiva\/wp-json\/wp\/v2\/comments?post=109363"}],"version-history":[{"count":0,"href":"https:\/\/sandzakpress.net\/arhiva\/wp-json\/wp\/v2\/posts\/109363\/revisions"}],"wp:featuredmedia":[{"embeddable":true,"href":"https:\/\/sandzakpress.net\/arhiva\/wp-json\/wp\/v2\/media\/109364"}],"wp:attachment":[{"href":"https:\/\/sandzakpress.net\/arhiva\/wp-json\/wp\/v2\/media?parent=109363"}],"wp:term":[{"taxonomy":"category","embeddable":true,"href":"https:\/\/sandzakpress.net\/arhiva\/wp-json\/wp\/v2\/categories?post=109363"},{"taxonomy":"post_tag","embeddable":true,"href":"https:\/\/sandzakpress.net\/arhiva\/wp-json\/wp\/v2\/tags?post=109363"}],"curies":[{"name":"wp","href":"https:\/\/api.w.org\/{rel}","templated":true}]}}