{"id":109310,"date":"2014-07-25T11:10:16","date_gmt":"2014-07-25T09:10:16","guid":{"rendered":"https:\/\/sandzakpress.net\/arhiva\/?p=109310"},"modified":"2014-08-19T14:53:17","modified_gmt":"2014-08-19T12:53:17","slug":"bosnjacko-nacionalno-vijece-bkz-pred-skorasnje-izbore","status":"publish","type":"post","link":"https:\/\/sandzakpress.net\/arhiva\/%3Fp%3D109310","title":{"rendered":"Bo\u0161nja\u010dko nacionalno vije\u0107e &#8211; BKZ pred skora\u0161nje izbore"},"content":{"rendered":"<p><img decoding=\"async\" src=\"https:\/\/sandzakpress.net\/arhiva\/wp-content\/uploads\/2011\/01\/izbori-za-bnv1.jpg\" alt=\"\" \/><\/p>\n<p><strong>Sjeverni Sand\u017eak &#8211; Borba za opstanak Bo\u0161njaka u Sand\u017eaku idalje traje. \u010cija se prava osporavaju, na koji na\u010din i zbog \u010dega ? 2010. godine Bo\u0161njaci su, zajedno sa\u00a0 prvim legalno izabranim predsjednikaom Vije\u0107a prof.dr.\u00a0 Mevludom Dudi\u0107em slavili pobjedu, slobodu i pravdu.<\/strong><\/p>\n<p>\u201e Bo\u0161nja\u010dka kulturna zajednica predvo\u0111ena muftijom Muamer ef. Zukorli\u0107em osvojila je tada ubjedljivu pobjedu i taj procenat od blizu 50% osvojenih glasova je vrlo simptomati\u010dan. Mi smo mislili da \u0107emo mo\u0107i normalno da funkcioni\u0161emo, ali kao i sve \u0161to se de\u0161ava prema Bo\u0161njacima u Sad\u017eaku, se osporava pa i Bo\u0161nja\u010dko nacionalno vije\u0107e, a sve od strane re\u017eima u Beogradu koji nikada nije htelo priznati BNV\u00a0 koje ima legitimitet od naroda\u201c, istakao je dr. Dudi\u0107.<\/p>\n<p>Navodi i da na odre\u0111enim funkcijama mogu biti samo oni koji su po mjeri Beograda i kada je u pitanju BNV, Islamska zajednica, IUNP kao i sve ostalo.<\/p>\n<div class=\"youtube-embed\" data-video_id=\"5-60qezglqY\"><iframe loading=\"lazy\" title=\"Ponovo po\u010dinje pri\u010da o BNV-u\" width=\"696\" height=\"522\" src=\"https:\/\/www.youtube.com\/embed\/5-60qezglqY?feature=oembed&#038;enablejsapi=1\" frameborder=\"0\" allow=\"accelerometer; autoplay; encrypted-media; gyroscope; picture-in-picture\" allowfullscreen><\/iframe><\/div>\n<h3><strong>Ko \u017eeli diktirati pravila?<\/strong><\/h3>\n<p>Bo\u0161nja\u010dko nacionalno vije\u0107e ( BNV ), navji\u0161e predstavni\u010dko tijelo sand\u017ea\u010dkih Bo\u0161njaka, izabrano voljom naroda, smetalo je bo\u0161nja\u010dkim ali i srbijanskim ministrima. Osnovano novo, \u010dija su pravila, po svemu sude\u0107i\u00a0 diktirali uzurpatori. Tehni\u010dki mandat, samo \u010diji?<\/p>\n<p>Bilo kakav izborni proces koji se najavljuje za ovu godinu nemogu\u0107e je sprovesti ako u potpunosti ne utvrdimo odgvornost, svih onih koji su opstuirali izbornu volju koju su Bo\u0161njaci iskazali na izborima 2010.godine, navodi predsjednik Bo\u0161nja\u010dkog nacionalnog vije\u0107a Samir Tandir.<\/p>\n<p>\u201e Sve te virtuelne institucije, bez obzira da li se one nazivale Vije\u0107e u Sjenici ili tehni\u010dkom mandatu ne \u017eelim komentirati. Legitimitet se dobija na izborima i to je svetinja u svakom demokratskom dru\u0161tvu\u201c, nagla\u0161ava Tandir.<\/p>\n<p>Od Bo\u0161nja\u010dkog nacionalnog vije\u0107a Sand\u017eaka, do Bo\u0161nja\u010dkog nacionalnog vije\u0107a u tehni\u010dkom mandatu. Po\u010deo Sulejman Ugljanin, preuzeo Esad D\u017eud\u017eevi\u0107 . Od Slobodana Milo\u0161evi\u0107a, do Borisa Tadi\u0107a stanje Bo\u0161njaka stagnira. Sve se mo\u017ee prihvatiti, ali izgleda volja Sand\u017eaklija NE! Ko servira probleme u Sand\u017eaku?<\/p>\n<p>Poku\u0161ali smo kontaktirati i Esada D\u017eud\u017eevi\u0107a, kako bismo dobili konkretnije informacije o razlozima ostavki klju\u010dnih ljudi u njegovom Vije\u0107u ali bezuspe\u0161no. Izgleda da D\u017eud\u017eevi\u0107 jo\u0161 uvijek nije spreman govoriti o problemima koji se de\u0161avaju, \u0161to govori i \u010dinjenica da se nije pojavio na posljednoj konferenciji za medije.<\/p>\n<h3><strong>S kojim razlog i bez \u010dije podr\u0161ke je ostao D\u017eud\u017eevi\u0107 ?<\/strong><\/h3>\n<p>Klju\u010dni ljudi u sektoru za obrazovanje, napustili tehni\u010dki mandat. Elijas Rebronja, biv\u0161i \u0161ef Resora za obrazovanje pri Bo\u0161nja\u010dkom nacionalnom ve\u0107u u tehni\u010dkom mandatu kojeg\u00a0 Esad D\u017eud\u017eevi\u0107 putem svojih medija optu\u017euje da iza njegove ideje za formiranje Bo\u0161nja\u010dke jedinstvene liste stoji Rasim Ljaji\u0107, smatraju\u0107i da je to, kako prenose bliski D\u017eud\u017eevi\u0107evi portali,\u00a0 jo\u0161 jedna podvala Bo\u0161njacima.<\/p>\n<p>\u201e Budu\u0107i saziv Bo\u0161nja\u010dkog nacionalnog vije\u0107a trebao bi biti sastavljen od svih opcija i od svih ljudi koji se bave obrazovanjem , kulturom , informisanjem i slu\u017ebenom upotrebom jezika. Te opcije treba da dolaze iz redova BNV, Bo\u0161nja\u010dke kulturne zajednice ( BKZ ), ali i svih drugih intelektualaca iz redova Bo\u0161njaka koji pripadaju svim opcijama ili ne pripadaju ni jednoj opciji\u201c, isti\u010de Rebronja .<\/p>\n<p>Jo\u0161 jedan biv\u0161i \u0161ef iz redova BNV u tehni\u010dkom mandatu, Red\u017eep \u0160krijelj, \u010diju je D\u017eud\u017eevi\u0107 ostavku okarakterisao kao pritisak Dr\u017eavnog univerziteta, za SANAPRESS nagla\u0161ava, da \u017eeli da se posveti nau\u010dnim radovima i svojoj profesionalnoj karijeri.<\/p>\n<p>\u201e Smatram da vi\u0161e nisam u stanju da obna\u0161am bilo kakvu funkciju u BNV u tehni\u010dkom mandatu. Previ\u0161e sam svojim prisustvom opteretio javnost i moram da se povu\u010dem. Imam previ\u0161e obaveza prema fakultetu na kojem radim, kao i nau\u010dnim radovima koje sam zapo\u010deo. Ostavku iz ovih razloga planirao sam da podnesem jo\u0161 prije godinu dana, ali sam se zadr\u017eao zbog nastavnog procesa koji je bio u toku\u201c, navodi \u0160krijelj i dodaje, da nikakvog pritiska sa Univerziteta na kojem radi nije bilo.<\/p>\n<p>Vlada Republike Srbije\u00a0 jo\u0161 uvijek nije preuzela konkretne korake po pitanju Bo\u0161njaka. Promjene najavljuju i zakone mijenjaju.<\/p>\n<p>Uskoro bi Vlada trebala da donese podzakonska akta u vezi sa ve\u0107 izmenjenim Zakonom o nacionalnim savjetima nacionalnih manjina. \u00a0Predvi\u0111eno je da izbori za BNV budu odr\u017eani do 30. oktobra.<\/p>\n<p><strong>SANAPRESS &#8211; Meka De\u010dkovi\u0107<\/strong><\/p>\n<p>&nbsp;<\/p>\n","protected":false},"excerpt":{"rendered":"<p>Sjeverni Sand\u017eak &#8211; Borba za opstanak Bo\u0161njaka u Sand\u017eaku idalje traje. \u010cija se prava osporavaju, na koji na\u010din i zbog \u010dega ? 2010. godine Bo\u0161njaci su, zajedno sa\u00a0 prvim legalno izabranim predsjednikaom Vije\u0107a prof.dr.\u00a0 Mevludom Dudi\u0107em slavili pobjedu, slobodu i pravdu. \u201e Bo\u0161nja\u010dka kulturna zajednica predvo\u0111ena muftijom Muamer ef. Zukorli\u0107em osvojila je tada ubjedljivu pobjedu [&hellip;]<\/p>\n","protected":false},"author":83,"featured_media":11891,"comment_status":"open","ping_status":"open","sticky":false,"template":"","format":"standard","meta":{"footnotes":""},"categories":[72,800,52,327,392,393,394,8957],"tags":[10238,10240,10243],"class_list":{"0":"post-109310","1":"post","2":"type-post","3":"status-publish","4":"format-standard","5":"has-post-thumbnail","7":"category-novi-pazar","8":"category-nacija","9":"category-sjenica","10":"category-tutin","11":"category-prijepolje_","12":"category-priboj","13":"category-nova-varos","14":"category-vijesti-dana","15":"tag-esad-dzudzevic","16":"tag-bkz","17":"tag-bnv"},"yoast_head":"<!-- This site is optimized with the Yoast SEO Premium plugin v23.1 (Yoast SEO v24.9) - https:\/\/yoast.com\/wordpress\/plugins\/seo\/ -->\n<title>Bo\u0161nja\u010dko nacionalno vije\u0107e - BKZ pred skora\u0161nje izbore<\/title>\n<meta name=\"robots\" content=\"index, follow, max-snippet:-1, max-image-preview:large, max-video-preview:-1\" \/>\n<link rel=\"canonical\" href=\"https:\/\/sandzakpress.net\/arhiva\/?p=109310\/\" \/>\n<meta property=\"og:locale\" content=\"bs_BA\" \/>\n<meta property=\"og:type\" content=\"article\" \/>\n<meta property=\"og:title\" content=\"Bo\u0161nja\u010dko nacionalno vije\u0107e - BKZ pred skora\u0161nje izbore\" \/>\n<meta property=\"og:description\" content=\"Sjeverni Sand\u017eak &#8211; Borba za opstanak Bo\u0161njaka u Sand\u017eaku idalje traje. \u010cija se prava osporavaju, na koji na\u010din i zbog \u010dega ? 2010. godine Bo\u0161njaci su, zajedno sa\u00a0 prvim legalno izabranim predsjednikaom Vije\u0107a prof.dr.\u00a0 Mevludom Dudi\u0107em slavili pobjedu, slobodu i pravdu. \u201e Bo\u0161nja\u010dka kulturna zajednica predvo\u0111ena muftijom Muamer ef. Zukorli\u0107em osvojila je tada ubjedljivu pobjedu [&hellip;]\" \/>\n<meta property=\"og:url\" content=\"https:\/\/sandzakpress.net\/arhiva\/?p=109310\/\" \/>\n<meta property=\"og:site_name\" content=\"Sand\u017eak PRESS\" \/>\n<meta property=\"article:published_time\" content=\"2014-07-25T09:10:16+00:00\" \/>\n<meta property=\"article:modified_time\" content=\"2014-08-19T12:53:17+00:00\" \/>\n<meta property=\"og:image\" content=\"https:\/\/sandzakpress.net\/arhiva\/wp-content\/uploads\/2011\/01\/izbori-za-bnv1.jpg\" \/>\n\t<meta property=\"og:image:width\" content=\"616\" \/>\n\t<meta property=\"og:image:height\" content=\"285\" \/>\n\t<meta property=\"og:image:type\" content=\"image\/jpeg\" \/>\n<meta name=\"author\" content=\"bosniak\" \/>\n<meta name=\"twitter:card\" content=\"summary_large_image\" \/>\n<meta name=\"twitter:label1\" content=\"Written by\" \/>\n\t<meta name=\"twitter:data1\" content=\"bosniak\" \/>\n\t<meta name=\"twitter:label2\" content=\"Est. reading time\" \/>\n\t<meta name=\"twitter:data2\" content=\"4 minute\" \/>\n<script type=\"application\/ld+json\" class=\"yoast-schema-graph\">{\"@context\":\"https:\/\/schema.org\",\"@graph\":[{\"@type\":\"Article\",\"@id\":\"https:\/\/sandzakpress.net\/arhiva\/%3Fp%3D109310\/#article\",\"isPartOf\":{\"@id\":\"https:\/\/sandzakpress.net\/arhiva\/%3Fp%3D109310\/\"},\"author\":{\"name\":\"bosniak\",\"@id\":\"https:\/\/sandzakpress.net\/arhiva\/#\/schema\/person\/c8baee722073534b583ea7bdb2e36c02\"},\"headline\":\"Bo\u0161nja\u010dko nacionalno vije\u0107e &#8211; BKZ pred skora\u0161nje izbore\",\"datePublished\":\"2014-07-25T09:10:16+00:00\",\"dateModified\":\"2014-08-19T12:53:17+00:00\",\"mainEntityOfPage\":{\"@id\":\"https:\/\/sandzakpress.net\/arhiva\/%3Fp%3D109310\/\"},\"wordCount\":770,\"commentCount\":0,\"publisher\":{\"@id\":\"https:\/\/sandzakpress.net\/arhiva\/#\/schema\/person\/6e72b67d6e51910a1117b3b483ba20bd\"},\"image\":{\"@id\":\"https:\/\/sandzakpress.net\/arhiva\/%3Fp%3D109310\/#primaryimage\"},\"thumbnailUrl\":\"https:\/\/sandzakpress.net\/arhiva\/wp-content\/uploads\/2011\/01\/izbori-za-bnv1.jpg\",\"keywords\":[\"Esad D\u017eud\u017eo\",\"BKZ\",\"BNV\"],\"articleSection\":[\"Novi Pazar\",\"Nacija\",\"Sjenica\",\"Tutin\",\"Prijepolje\",\"Priboj\",\"Nova Varo\u0161\",\"VIJESTI DANA\"],\"inLanguage\":\"bs-BA\",\"potentialAction\":[{\"@type\":\"CommentAction\",\"name\":\"Comment\",\"target\":[\"https:\/\/sandzakpress.net\/arhiva\/%3Fp%3D109310\/#respond\"]}]},{\"@type\":\"WebPage\",\"@id\":\"https:\/\/sandzakpress.net\/arhiva\/%3Fp%3D109310\/\",\"url\":\"https:\/\/sandzakpress.net\/arhiva\/%3Fp%3D109310\/\",\"name\":\"Bo\u0161nja\u010dko nacionalno vije\u0107e - BKZ pred skora\u0161nje izbore\",\"isPartOf\":{\"@id\":\"https:\/\/sandzakpress.net\/arhiva\/#website\"},\"primaryImageOfPage\":{\"@id\":\"https:\/\/sandzakpress.net\/arhiva\/%3Fp%3D109310\/#primaryimage\"},\"image\":{\"@id\":\"https:\/\/sandzakpress.net\/arhiva\/%3Fp%3D109310\/#primaryimage\"},\"thumbnailUrl\":\"https:\/\/sandzakpress.net\/arhiva\/wp-content\/uploads\/2011\/01\/izbori-za-bnv1.jpg\",\"datePublished\":\"2014-07-25T09:10:16+00:00\",\"dateModified\":\"2014-08-19T12:53:17+00:00\",\"breadcrumb\":{\"@id\":\"https:\/\/sandzakpress.net\/arhiva\/%3Fp%3D109310\/#breadcrumb\"},\"inLanguage\":\"bs-BA\",\"potentialAction\":[{\"@type\":\"ReadAction\",\"target\":[\"https:\/\/sandzakpress.net\/arhiva\/%3Fp%3D109310\/\"]}]},{\"@type\":\"ImageObject\",\"inLanguage\":\"bs-BA\",\"@id\":\"https:\/\/sandzakpress.net\/arhiva\/%3Fp%3D109310\/#primaryimage\",\"url\":\"https:\/\/sandzakpress.net\/arhiva\/wp-content\/uploads\/2011\/01\/izbori-za-bnv1.jpg\",\"contentUrl\":\"https:\/\/sandzakpress.net\/arhiva\/wp-content\/uploads\/2011\/01\/izbori-za-bnv1.jpg\",\"width\":616,\"height\":285},{\"@type\":\"BreadcrumbList\",\"@id\":\"https:\/\/sandzakpress.net\/arhiva\/%3Fp%3D109310\/#breadcrumb\",\"itemListElement\":[{\"@type\":\"ListItem\",\"position\":1,\"name\":\"Home\",\"item\":\"https:\/\/sandzakpress.net\/arhiva\/\"},{\"@type\":\"ListItem\",\"position\":2,\"name\":\"Bo\u0161nja\u010dko nacionalno vije\u0107e &#8211; BKZ pred skora\u0161nje izbore\"}]},{\"@type\":\"WebSite\",\"@id\":\"https:\/\/sandzakpress.net\/arhiva\/#website\",\"url\":\"https:\/\/sandzakpress.net\/arhiva\/\",\"name\":\"Sand\u017eak PRESS\",\"description\":\"Prve elektronske novine u Sand\u017eaku\",\"publisher\":{\"@id\":\"https:\/\/sandzakpress.net\/arhiva\/#\/schema\/person\/6e72b67d6e51910a1117b3b483ba20bd\"},\"potentialAction\":[{\"@type\":\"SearchAction\",\"target\":{\"@type\":\"EntryPoint\",\"urlTemplate\":\"https:\/\/sandzakpress.net\/arhiva\/?s={search_term_string}\"},\"query-input\":{\"@type\":\"PropertyValueSpecification\",\"valueRequired\":true,\"valueName\":\"search_term_string\"}}],\"inLanguage\":\"bs-BA\"},{\"@type\":[\"Person\",\"Organization\"],\"@id\":\"https:\/\/sandzakpress.net\/arhiva\/#\/schema\/person\/6e72b67d6e51910a1117b3b483ba20bd\",\"name\":\"Kul\",\"image\":{\"@type\":\"ImageObject\",\"inLanguage\":\"bs-BA\",\"@id\":\"https:\/\/sandzakpress.net\/arhiva\/#\/schema\/person\/image\/\",\"url\":\"https:\/\/secure.gravatar.com\/avatar\/42263f39aa27ac04c43cab85c280eb2e?s=96&d=mm&r=pg\",\"contentUrl\":\"https:\/\/secure.gravatar.com\/avatar\/42263f39aa27ac04c43cab85c280eb2e?s=96&d=mm&r=pg\",\"caption\":\"Kul\"},\"logo\":{\"@id\":\"https:\/\/sandzakpress.net\/arhiva\/#\/schema\/person\/image\/\"}},{\"@type\":\"Person\",\"@id\":\"https:\/\/sandzakpress.net\/arhiva\/#\/schema\/person\/c8baee722073534b583ea7bdb2e36c02\",\"name\":\"bosniak\",\"image\":{\"@type\":\"ImageObject\",\"inLanguage\":\"bs-BA\",\"@id\":\"https:\/\/sandzakpress.net\/arhiva\/#\/schema\/person\/image\/\",\"url\":\"https:\/\/secure.gravatar.com\/avatar\/a04fd330bfe3a36a72a0ad4a6d89fca7?s=96&d=mm&r=pg\",\"contentUrl\":\"https:\/\/secure.gravatar.com\/avatar\/a04fd330bfe3a36a72a0ad4a6d89fca7?s=96&d=mm&r=pg\",\"caption\":\"bosniak\"},\"url\":\"https:\/\/sandzakpress.net\/arhiva\/author\/bosniak\/\"}]}<\/script>\n<!-- \/ Yoast SEO Premium plugin. -->","yoast_head_json":{"title":"Bo\u0161nja\u010dko nacionalno vije\u0107e - BKZ pred skora\u0161nje izbore","robots":{"index":"index","follow":"follow","max-snippet":"max-snippet:-1","max-image-preview":"max-image-preview:large","max-video-preview":"max-video-preview:-1"},"canonical":"https:\/\/sandzakpress.net\/arhiva\/?p=109310\/","og_locale":"bs_BA","og_type":"article","og_title":"Bo\u0161nja\u010dko nacionalno vije\u0107e - BKZ pred skora\u0161nje izbore","og_description":"Sjeverni Sand\u017eak &#8211; Borba za opstanak Bo\u0161njaka u Sand\u017eaku idalje traje. \u010cija se prava osporavaju, na koji na\u010din i zbog \u010dega ? 2010. godine Bo\u0161njaci su, zajedno sa\u00a0 prvim legalno izabranim predsjednikaom Vije\u0107a prof.dr.\u00a0 Mevludom Dudi\u0107em slavili pobjedu, slobodu i pravdu. \u201e Bo\u0161nja\u010dka kulturna zajednica predvo\u0111ena muftijom Muamer ef. Zukorli\u0107em osvojila je tada ubjedljivu pobjedu [&hellip;]","og_url":"https:\/\/sandzakpress.net\/arhiva\/?p=109310\/","og_site_name":"Sand\u017eak PRESS","article_published_time":"2014-07-25T09:10:16+00:00","article_modified_time":"2014-08-19T12:53:17+00:00","og_image":[{"width":616,"height":285,"url":"https:\/\/sandzakpress.net\/arhiva\/wp-content\/uploads\/2011\/01\/izbori-za-bnv1.jpg","type":"image\/jpeg"}],"author":"bosniak","twitter_card":"summary_large_image","twitter_misc":{"Written by":"bosniak","Est. reading time":"4 minute"},"schema":{"@context":"https:\/\/schema.org","@graph":[{"@type":"Article","@id":"https:\/\/sandzakpress.net\/arhiva\/%3Fp%3D109310\/#article","isPartOf":{"@id":"https:\/\/sandzakpress.net\/arhiva\/%3Fp%3D109310\/"},"author":{"name":"bosniak","@id":"https:\/\/sandzakpress.net\/arhiva\/#\/schema\/person\/c8baee722073534b583ea7bdb2e36c02"},"headline":"Bo\u0161nja\u010dko nacionalno vije\u0107e &#8211; BKZ pred skora\u0161nje izbore","datePublished":"2014-07-25T09:10:16+00:00","dateModified":"2014-08-19T12:53:17+00:00","mainEntityOfPage":{"@id":"https:\/\/sandzakpress.net\/arhiva\/%3Fp%3D109310\/"},"wordCount":770,"commentCount":0,"publisher":{"@id":"https:\/\/sandzakpress.net\/arhiva\/#\/schema\/person\/6e72b67d6e51910a1117b3b483ba20bd"},"image":{"@id":"https:\/\/sandzakpress.net\/arhiva\/%3Fp%3D109310\/#primaryimage"},"thumbnailUrl":"https:\/\/sandzakpress.net\/arhiva\/wp-content\/uploads\/2011\/01\/izbori-za-bnv1.jpg","keywords":["Esad D\u017eud\u017eo","BKZ","BNV"],"articleSection":["Novi Pazar","Nacija","Sjenica","Tutin","Prijepolje","Priboj","Nova Varo\u0161","VIJESTI DANA"],"inLanguage":"bs-BA","potentialAction":[{"@type":"CommentAction","name":"Comment","target":["https:\/\/sandzakpress.net\/arhiva\/%3Fp%3D109310\/#respond"]}]},{"@type":"WebPage","@id":"https:\/\/sandzakpress.net\/arhiva\/%3Fp%3D109310\/","url":"https:\/\/sandzakpress.net\/arhiva\/%3Fp%3D109310\/","name":"Bo\u0161nja\u010dko nacionalno vije\u0107e - BKZ pred skora\u0161nje izbore","isPartOf":{"@id":"https:\/\/sandzakpress.net\/arhiva\/#website"},"primaryImageOfPage":{"@id":"https:\/\/sandzakpress.net\/arhiva\/%3Fp%3D109310\/#primaryimage"},"image":{"@id":"https:\/\/sandzakpress.net\/arhiva\/%3Fp%3D109310\/#primaryimage"},"thumbnailUrl":"https:\/\/sandzakpress.net\/arhiva\/wp-content\/uploads\/2011\/01\/izbori-za-bnv1.jpg","datePublished":"2014-07-25T09:10:16+00:00","dateModified":"2014-08-19T12:53:17+00:00","breadcrumb":{"@id":"https:\/\/sandzakpress.net\/arhiva\/%3Fp%3D109310\/#breadcrumb"},"inLanguage":"bs-BA","potentialAction":[{"@type":"ReadAction","target":["https:\/\/sandzakpress.net\/arhiva\/%3Fp%3D109310\/"]}]},{"@type":"ImageObject","inLanguage":"bs-BA","@id":"https:\/\/sandzakpress.net\/arhiva\/%3Fp%3D109310\/#primaryimage","url":"https:\/\/sandzakpress.net\/arhiva\/wp-content\/uploads\/2011\/01\/izbori-za-bnv1.jpg","contentUrl":"https:\/\/sandzakpress.net\/arhiva\/wp-content\/uploads\/2011\/01\/izbori-za-bnv1.jpg","width":616,"height":285},{"@type":"BreadcrumbList","@id":"https:\/\/sandzakpress.net\/arhiva\/%3Fp%3D109310\/#breadcrumb","itemListElement":[{"@type":"ListItem","position":1,"name":"Home","item":"https:\/\/sandzakpress.net\/arhiva\/"},{"@type":"ListItem","position":2,"name":"Bo\u0161nja\u010dko nacionalno vije\u0107e &#8211; BKZ pred skora\u0161nje izbore"}]},{"@type":"WebSite","@id":"https:\/\/sandzakpress.net\/arhiva\/#website","url":"https:\/\/sandzakpress.net\/arhiva\/","name":"Sand\u017eak PRESS","description":"Prve elektronske novine u Sand\u017eaku","publisher":{"@id":"https:\/\/sandzakpress.net\/arhiva\/#\/schema\/person\/6e72b67d6e51910a1117b3b483ba20bd"},"potentialAction":[{"@type":"SearchAction","target":{"@type":"EntryPoint","urlTemplate":"https:\/\/sandzakpress.net\/arhiva\/?s={search_term_string}"},"query-input":{"@type":"PropertyValueSpecification","valueRequired":true,"valueName":"search_term_string"}}],"inLanguage":"bs-BA"},{"@type":["Person","Organization"],"@id":"https:\/\/sandzakpress.net\/arhiva\/#\/schema\/person\/6e72b67d6e51910a1117b3b483ba20bd","name":"Kul","image":{"@type":"ImageObject","inLanguage":"bs-BA","@id":"https:\/\/sandzakpress.net\/arhiva\/#\/schema\/person\/image\/","url":"https:\/\/secure.gravatar.com\/avatar\/42263f39aa27ac04c43cab85c280eb2e?s=96&d=mm&r=pg","contentUrl":"https:\/\/secure.gravatar.com\/avatar\/42263f39aa27ac04c43cab85c280eb2e?s=96&d=mm&r=pg","caption":"Kul"},"logo":{"@id":"https:\/\/sandzakpress.net\/arhiva\/#\/schema\/person\/image\/"}},{"@type":"Person","@id":"https:\/\/sandzakpress.net\/arhiva\/#\/schema\/person\/c8baee722073534b583ea7bdb2e36c02","name":"bosniak","image":{"@type":"ImageObject","inLanguage":"bs-BA","@id":"https:\/\/sandzakpress.net\/arhiva\/#\/schema\/person\/image\/","url":"https:\/\/secure.gravatar.com\/avatar\/a04fd330bfe3a36a72a0ad4a6d89fca7?s=96&d=mm&r=pg","contentUrl":"https:\/\/secure.gravatar.com\/avatar\/a04fd330bfe3a36a72a0ad4a6d89fca7?s=96&d=mm&r=pg","caption":"bosniak"},"url":"https:\/\/sandzakpress.net\/arhiva\/author\/bosniak\/"}]}},"_links":{"self":[{"href":"https:\/\/sandzakpress.net\/arhiva\/wp-json\/wp\/v2\/posts\/109310"}],"collection":[{"href":"https:\/\/sandzakpress.net\/arhiva\/wp-json\/wp\/v2\/posts"}],"about":[{"href":"https:\/\/sandzakpress.net\/arhiva\/wp-json\/wp\/v2\/types\/post"}],"author":[{"embeddable":true,"href":"https:\/\/sandzakpress.net\/arhiva\/wp-json\/wp\/v2\/users\/83"}],"replies":[{"embeddable":true,"href":"https:\/\/sandzakpress.net\/arhiva\/wp-json\/wp\/v2\/comments?post=109310"}],"version-history":[{"count":0,"href":"https:\/\/sandzakpress.net\/arhiva\/wp-json\/wp\/v2\/posts\/109310\/revisions"}],"wp:featuredmedia":[{"embeddable":true,"href":"https:\/\/sandzakpress.net\/arhiva\/wp-json\/wp\/v2\/media\/11891"}],"wp:attachment":[{"href":"https:\/\/sandzakpress.net\/arhiva\/wp-json\/wp\/v2\/media?parent=109310"}],"wp:term":[{"taxonomy":"category","embeddable":true,"href":"https:\/\/sandzakpress.net\/arhiva\/wp-json\/wp\/v2\/categories?post=109310"},{"taxonomy":"post_tag","embeddable":true,"href":"https:\/\/sandzakpress.net\/arhiva\/wp-json\/wp\/v2\/tags?post=109310"}],"curies":[{"name":"wp","href":"https:\/\/api.w.org\/{rel}","templated":true}]}}