{"id":109241,"date":"2014-07-23T21:33:42","date_gmt":"2014-07-23T19:33:42","guid":{"rendered":"https:\/\/sandzakpress.net\/arhiva\/?p=109241"},"modified":"2014-07-23T21:34:01","modified_gmt":"2014-07-23T19:34:01","slug":"u-invaziji-na-gazu-ucestvuju-i-jevrejski-dobrovoljci-iz-bih-srbije-hrvatske","status":"publish","type":"post","link":"https:\/\/sandzakpress.net\/arhiva\/u-invaziji-na-gazu-ucestvuju-i-jevrejski-dobrovoljci-iz-bih-srbije-hrvatske\/","title":{"rendered":"U invaziji na Gazu u\u010destvuju i jevrejski dobrovoljci iz BiH, Srbije, Hrvatske&#8230;"},"content":{"rendered":"<p><img decoding=\"async\" class=\"aligncenter\" src=\"http:\/\/saff.ba\/wp-content\/uploads\/2014\/07\/1002272_572043582817947_757050176_n-650x650.jpg\" alt=\"U invaziji na Gazu u\u010destvuju i jevrejski dobrovoljci iz Bosne i Hercegovine, Srbije, Hrvatske\u2026\" \/><\/p>\n<p><strong>Palestina &#8211; U izraelskoj invaziji na Gazu ginu i jevrejski dobrovoljci iz drugih zemalja. Ju\u010der su sahranjena dva ameri\u010dko &#8211; jevrejska dobrovoljca, koji su poginuli u Gazi. Saff saznaje da me\u0111u jevrejskim dobrovoljcima u izraelskoj vojci ima i jevreja iz Bosne i Hercegovine, Srbije, Hrvatske i drugih zemalja u regiji.<\/strong><\/p>\n<p>Jevreji koji ne \u017eive u Izraelu na razne na\u010dine poma\u017eu ideju stvaranja i ja\u010danja Izraela.Rijetki su jevreji koji \u017eive izvan Izraela, a koji nisu uklju\u010deni u neki program izraelske vlade. Slu\u017eenje vojnog roka u Izraelu je obaveza koju moraju ispuniti svi gra\u0111ani ove zemlje. Obzirom da je vojska najva\u017eniji segment izraelskog dru\u0161tva, izraelska vlada je razvila program regrutacije u vojsku jevreja koji ne \u017eive u Izraelu. Ta regrutacija se vr\u0161i na dva na\u010dina: Jevreji koji su dr\u017eavljani Izraela, a \u017eive u inostranstvu, naprimjer u Bosni i Hercegovini, oni su obavezni da slu\u017ee vojni rok i na ku\u0107ne adrese dobiju poziv za vojsku od Ministarstva odbrane Izraela. Drugi vid regrutacije jevreja, kako to ka\u017eu u Izraelu, iz dijaspore u izraelsku vojsku sprovodi se na dobrovolja\u010dkoj osnovi.Ti jevrejski dobrovoljci u izraelskoj vojsci se zovu \u201cchayal boded\u201d, ili usamljeni vojnik. \u201d Chayal boded je vojnik koji je napustio svoje prijatelje i rodbinu i pridru\u017eio se Izraelskim odbranbenim snagama da bi se borio za pravo Izraela da postoji! Ovaj naziv se odnosi samo za one koji nisu porijeklom iz Izraela ali su pro\u0161li sve kontrole i obuke. Mi smo vojnici u armiji koja se bori za Svemogu\u0107ega Tvorca i Njegov narod u Obe\u0107anoj zemlji! Mi se ne borimo iz mr\u017enje nego iz ljubavi i ne samo protiv ideje koja je neprijatelj cijeloga svijeta nego i protiv onih medija koji pla\u0107eni novcem od nafte \u0161ire la\u017ei i dezinformacije a sve u svrhu promocije ove zlo\u010dina\u010dke ideje. Am Yisrael chai\u201d, ovo je citat sa Facebook profila Dinka \u0160imunjka, bosanskog jevreja i vojnika izraelske vojske.<\/p>\n<p><img loading=\"lazy\" decoding=\"async\" class=\"wp-image-5900 alignleft\" src=\"http:\/\/saff.ba\/wp-content\/uploads\/2014\/07\/3-300x199.jpg\" alt=\"3\" width=\"353\" height=\"234\" \/>Chayal boded dobrovoljci imaju isti tretman kao i reguralni izraelski vojnici. Prema zvani\u010dnim podacima, koji se nalaze na web stranici Ministarstva odbrane Izraela, jevreji iz 40 zemalja \u0161irom svijeta redovno se odazivaju na slu\u017eenje vojnog roka u Izrael. Me\u0111u tim zemljama je i Bosna i Hercegovina i zemlje u na\u0161em okru\u017eenju. Godinama jevrejski mladi\u0107i i djevojke iz Bosne i Hercegovine odlaze na slu\u017eenje vojnog roka u Irael. Nakon zavr\u0161ene obuke i svih testiranja chayal bodedi iz Bosne i Hercegovine i drugih zemalja raspore\u0111uju se u jedinice izraelske vojske i uklju\u010duju se u sve operacije koje se u tom momentu izvode. To zna\u010di da su pojedini jevreji iz Bosne i Hercegovine u\u010destvovali i jo\u0161 uvijek u\u010destvuju u svim onim represivnim, odnosno nasilnim akcijama nad palestinskim narodom: Ubijanje, hap\u0161enje, otimanje zemlje, poni\u017eavanje i druge vrste nasilja nad Palestincima. I sada dok traje invazija na Gazu u tom ratu u\u010destvuju i pojedini jevreji iz Bosne i Hercegovine, Srbije, Hrvatske i drugih zemalja.<\/p>\n<p>Jedan od bosanskih jevreja koji je trenutno aktivan u Izraelu je i Dino \u0160imunjak iz Br\u010dkog. On na svom Facebook profilu \u010desto \u0161alje poruke prijateljima u Bosni i Hercegovini.Jedna od \u0160imunjkovih poruka prijateljici u Br\u010dkom ovako glasi: \u201d Kad budemo zauzimali Gazu imat \u0107e\u0161 po\u010dasno mjesto u tenku\u201d.<\/p>\n<p>Mnogi \u201d usamljeni vojnici\u201d nakon zavr\u0161ene vojne misije u Izraelu vra\u0107aju se ku\u0107i sa novim obavezama. Neke od njih anga\u017eira Mosad ili neka druga agencija koja radi po programu i pod kontrolom izraelske vlade.<\/p>\n<p>U Americi je ova stvar javna, dok se u Bosni i Hercegovini i zemljama u okru\u017eenju skoro ni\u0161ta ne zna o \u201d usamljenim vojnicima\u201d i njihovim misijama.<\/p>\n<p>&nbsp;<\/p>\n<p><img loading=\"lazy\" decoding=\"async\" class=\"alignnone wp-image-5901 \" src=\"http:\/\/saff.ba\/wp-content\/uploads\/2014\/07\/968956_574037362618569_843112992_n.jpg\" alt=\"968956_574037362618569_843112992_n\" width=\"455\" height=\"483\" \/> <img loading=\"lazy\" decoding=\"async\" class=\"alignnone  wp-image-5903\" src=\"http:\/\/saff.ba\/wp-content\/uploads\/2014\/07\/filip-baruhovic1-173x300.jpg\" alt=\"filip-baruhovic\" width=\"277\" height=\"481\" \/><\/p>\n<p>&nbsp;<\/p>\n<p><img loading=\"lazy\" decoding=\"async\" class=\"alignnone wp-image-5904 size-full\" src=\"http:\/\/saff.ba\/wp-content\/uploads\/2014\/07\/5.jpg\" alt=\"5\" width=\"633\" height=\"341\" \/><\/p>\n<p>Pi\u0161e: Ezher Beganovi\u0107<\/p>\n<p>(saff)<\/p>\n<p>&nbsp;<\/p>\n","protected":false},"excerpt":{"rendered":"<p>Palestina &#8211; U izraelskoj invaziji na Gazu ginu i jevrejski dobrovoljci iz drugih zemalja. Ju\u010der su sahranjena dva ameri\u010dko &#8211; jevrejska dobrovoljca, koji su poginuli u Gazi. Saff saznaje da me\u0111u jevrejskim dobrovoljcima u izraelskoj vojci ima i jevreja iz Bosne i Hercegovine, Srbije, Hrvatske i drugih zemalja u regiji. Jevreji koji ne \u017eive u [&hellip;]<\/p>\n","protected":false},"author":83,"featured_media":109242,"comment_status":"open","ping_status":"open","sticky":false,"template":"","format":"standard","meta":{"footnotes":""},"categories":[2860,10307,10306,9],"tags":[10249],"class_list":{"0":"post-109241","1":"post","2":"type-post","3":"status-publish","4":"format-standard","5":"has-post-thumbnail","7":"category-bosna-i-hercegovina-gradovi","8":"category-srbija","9":"category-hrvatska","10":"category-svijet","11":"tag-palestina"},"yoast_head":"<!-- This site is optimized with the Yoast SEO Premium plugin v23.1 (Yoast SEO v24.9) - https:\/\/yoast.com\/wordpress\/plugins\/seo\/ -->\n<title>U invaziji na Gazu u\u010destvuju i jevrejski dobrovoljci iz BiH, Srbije, Hrvatske...<\/title>\n<meta name=\"robots\" content=\"index, follow, max-snippet:-1, max-image-preview:large, max-video-preview:-1\" \/>\n<link rel=\"canonical\" href=\"https:\/\/sandzakpress.net\/arhiva\/u-invaziji-na-gazu-ucestvuju-i-jevrejski-dobrovoljci-iz-bih-srbije-hrvatske\/\" \/>\n<meta property=\"og:locale\" content=\"bs_BA\" \/>\n<meta property=\"og:type\" content=\"article\" \/>\n<meta property=\"og:title\" content=\"U invaziji na Gazu u\u010destvuju i jevrejski dobrovoljci iz BiH, Srbije, Hrvatske...\" \/>\n<meta property=\"og:description\" content=\"Palestina &#8211; U izraelskoj invaziji na Gazu ginu i jevrejski dobrovoljci iz drugih zemalja. Ju\u010der su sahranjena dva ameri\u010dko &#8211; jevrejska dobrovoljca, koji su poginuli u Gazi. Saff saznaje da me\u0111u jevrejskim dobrovoljcima u izraelskoj vojci ima i jevreja iz Bosne i Hercegovine, Srbije, Hrvatske i drugih zemalja u regiji. Jevreji koji ne \u017eive u [&hellip;]\" \/>\n<meta property=\"og:url\" content=\"https:\/\/sandzakpress.net\/arhiva\/u-invaziji-na-gazu-ucestvuju-i-jevrejski-dobrovoljci-iz-bih-srbije-hrvatske\/\" \/>\n<meta property=\"og:site_name\" content=\"Sand\u017eak PRESS\" \/>\n<meta property=\"article:published_time\" content=\"2014-07-23T19:33:42+00:00\" \/>\n<meta property=\"article:modified_time\" content=\"2014-07-23T19:34:01+00:00\" \/>\n<meta property=\"og:image\" content=\"https:\/\/sandzakpress.net\/arhiva\/wp-content\/uploads\/2014\/07\/1002272_572043582817947_757050176_n-650x650.jpg\" \/>\n\t<meta property=\"og:image:width\" content=\"650\" \/>\n\t<meta property=\"og:image:height\" content=\"650\" \/>\n\t<meta property=\"og:image:type\" content=\"image\/jpeg\" \/>\n<meta name=\"author\" content=\"bosniak\" \/>\n<meta name=\"twitter:card\" content=\"summary_large_image\" \/>\n<meta name=\"twitter:label1\" content=\"Written by\" \/>\n\t<meta name=\"twitter:data1\" content=\"bosniak\" \/>\n\t<meta name=\"twitter:label2\" content=\"Est. reading time\" \/>\n\t<meta name=\"twitter:data2\" content=\"3 minute\" \/>\n<script type=\"application\/ld+json\" class=\"yoast-schema-graph\">{\"@context\":\"https:\/\/schema.org\",\"@graph\":[{\"@type\":\"Article\",\"@id\":\"https:\/\/sandzakpress.net\/arhiva\/u-invaziji-na-gazu-ucestvuju-i-jevrejski-dobrovoljci-iz-bih-srbije-hrvatske\/#article\",\"isPartOf\":{\"@id\":\"https:\/\/sandzakpress.net\/arhiva\/u-invaziji-na-gazu-ucestvuju-i-jevrejski-dobrovoljci-iz-bih-srbije-hrvatske\/\"},\"author\":{\"name\":\"bosniak\",\"@id\":\"https:\/\/sandzakpress.net\/arhiva\/#\/schema\/person\/c8baee722073534b583ea7bdb2e36c02\"},\"headline\":\"U invaziji na Gazu u\u010destvuju i jevrejski dobrovoljci iz BiH, Srbije, Hrvatske&#8230;\",\"datePublished\":\"2014-07-23T19:33:42+00:00\",\"dateModified\":\"2014-07-23T19:34:01+00:00\",\"mainEntityOfPage\":{\"@id\":\"https:\/\/sandzakpress.net\/arhiva\/u-invaziji-na-gazu-ucestvuju-i-jevrejski-dobrovoljci-iz-bih-srbije-hrvatske\/\"},\"wordCount\":647,\"commentCount\":9,\"publisher\":{\"@id\":\"https:\/\/sandzakpress.net\/arhiva\/#\/schema\/person\/6e72b67d6e51910a1117b3b483ba20bd\"},\"image\":{\"@id\":\"https:\/\/sandzakpress.net\/arhiva\/u-invaziji-na-gazu-ucestvuju-i-jevrejski-dobrovoljci-iz-bih-srbije-hrvatske\/#primaryimage\"},\"thumbnailUrl\":\"https:\/\/sandzakpress.net\/arhiva\/wp-content\/uploads\/2014\/07\/1002272_572043582817947_757050176_n-650x650.jpg\",\"keywords\":[\"Palestina\"],\"articleSection\":[\"Bosna i Hercegovina\",\"Srbija\",\"Hrvatska\",\"Svijet\"],\"inLanguage\":\"bs-BA\",\"potentialAction\":[{\"@type\":\"CommentAction\",\"name\":\"Comment\",\"target\":[\"https:\/\/sandzakpress.net\/arhiva\/u-invaziji-na-gazu-ucestvuju-i-jevrejski-dobrovoljci-iz-bih-srbije-hrvatske\/#respond\"]}]},{\"@type\":\"WebPage\",\"@id\":\"https:\/\/sandzakpress.net\/arhiva\/u-invaziji-na-gazu-ucestvuju-i-jevrejski-dobrovoljci-iz-bih-srbije-hrvatske\/\",\"url\":\"https:\/\/sandzakpress.net\/arhiva\/u-invaziji-na-gazu-ucestvuju-i-jevrejski-dobrovoljci-iz-bih-srbije-hrvatske\/\",\"name\":\"U invaziji na Gazu u\u010destvuju i jevrejski dobrovoljci iz BiH, Srbije, Hrvatske...\",\"isPartOf\":{\"@id\":\"https:\/\/sandzakpress.net\/arhiva\/#website\"},\"primaryImageOfPage\":{\"@id\":\"https:\/\/sandzakpress.net\/arhiva\/u-invaziji-na-gazu-ucestvuju-i-jevrejski-dobrovoljci-iz-bih-srbije-hrvatske\/#primaryimage\"},\"image\":{\"@id\":\"https:\/\/sandzakpress.net\/arhiva\/u-invaziji-na-gazu-ucestvuju-i-jevrejski-dobrovoljci-iz-bih-srbije-hrvatske\/#primaryimage\"},\"thumbnailUrl\":\"https:\/\/sandzakpress.net\/arhiva\/wp-content\/uploads\/2014\/07\/1002272_572043582817947_757050176_n-650x650.jpg\",\"datePublished\":\"2014-07-23T19:33:42+00:00\",\"dateModified\":\"2014-07-23T19:34:01+00:00\",\"breadcrumb\":{\"@id\":\"https:\/\/sandzakpress.net\/arhiva\/u-invaziji-na-gazu-ucestvuju-i-jevrejski-dobrovoljci-iz-bih-srbije-hrvatske\/#breadcrumb\"},\"inLanguage\":\"bs-BA\",\"potentialAction\":[{\"@type\":\"ReadAction\",\"target\":[\"https:\/\/sandzakpress.net\/arhiva\/u-invaziji-na-gazu-ucestvuju-i-jevrejski-dobrovoljci-iz-bih-srbije-hrvatske\/\"]}]},{\"@type\":\"ImageObject\",\"inLanguage\":\"bs-BA\",\"@id\":\"https:\/\/sandzakpress.net\/arhiva\/u-invaziji-na-gazu-ucestvuju-i-jevrejski-dobrovoljci-iz-bih-srbije-hrvatske\/#primaryimage\",\"url\":\"https:\/\/sandzakpress.net\/arhiva\/wp-content\/uploads\/2014\/07\/1002272_572043582817947_757050176_n-650x650.jpg\",\"contentUrl\":\"https:\/\/sandzakpress.net\/arhiva\/wp-content\/uploads\/2014\/07\/1002272_572043582817947_757050176_n-650x650.jpg\",\"width\":650,\"height\":650},{\"@type\":\"BreadcrumbList\",\"@id\":\"https:\/\/sandzakpress.net\/arhiva\/u-invaziji-na-gazu-ucestvuju-i-jevrejski-dobrovoljci-iz-bih-srbije-hrvatske\/#breadcrumb\",\"itemListElement\":[{\"@type\":\"ListItem\",\"position\":1,\"name\":\"Home\",\"item\":\"https:\/\/sandzakpress.net\/arhiva\/\"},{\"@type\":\"ListItem\",\"position\":2,\"name\":\"U invaziji na Gazu u\u010destvuju i jevrejski dobrovoljci iz BiH, Srbije, Hrvatske&#8230;\"}]},{\"@type\":\"WebSite\",\"@id\":\"https:\/\/sandzakpress.net\/arhiva\/#website\",\"url\":\"https:\/\/sandzakpress.net\/arhiva\/\",\"name\":\"Sand\u017eak PRESS\",\"description\":\"Prve elektronske novine u Sand\u017eaku\",\"publisher\":{\"@id\":\"https:\/\/sandzakpress.net\/arhiva\/#\/schema\/person\/6e72b67d6e51910a1117b3b483ba20bd\"},\"potentialAction\":[{\"@type\":\"SearchAction\",\"target\":{\"@type\":\"EntryPoint\",\"urlTemplate\":\"https:\/\/sandzakpress.net\/arhiva\/?s={search_term_string}\"},\"query-input\":{\"@type\":\"PropertyValueSpecification\",\"valueRequired\":true,\"valueName\":\"search_term_string\"}}],\"inLanguage\":\"bs-BA\"},{\"@type\":[\"Person\",\"Organization\"],\"@id\":\"https:\/\/sandzakpress.net\/arhiva\/#\/schema\/person\/6e72b67d6e51910a1117b3b483ba20bd\",\"name\":\"Kul\",\"image\":{\"@type\":\"ImageObject\",\"inLanguage\":\"bs-BA\",\"@id\":\"https:\/\/sandzakpress.net\/arhiva\/#\/schema\/person\/image\/\",\"url\":\"https:\/\/secure.gravatar.com\/avatar\/42263f39aa27ac04c43cab85c280eb2e?s=96&d=mm&r=pg\",\"contentUrl\":\"https:\/\/secure.gravatar.com\/avatar\/42263f39aa27ac04c43cab85c280eb2e?s=96&d=mm&r=pg\",\"caption\":\"Kul\"},\"logo\":{\"@id\":\"https:\/\/sandzakpress.net\/arhiva\/#\/schema\/person\/image\/\"}},{\"@type\":\"Person\",\"@id\":\"https:\/\/sandzakpress.net\/arhiva\/#\/schema\/person\/c8baee722073534b583ea7bdb2e36c02\",\"name\":\"bosniak\",\"image\":{\"@type\":\"ImageObject\",\"inLanguage\":\"bs-BA\",\"@id\":\"https:\/\/sandzakpress.net\/arhiva\/#\/schema\/person\/image\/\",\"url\":\"https:\/\/secure.gravatar.com\/avatar\/a04fd330bfe3a36a72a0ad4a6d89fca7?s=96&d=mm&r=pg\",\"contentUrl\":\"https:\/\/secure.gravatar.com\/avatar\/a04fd330bfe3a36a72a0ad4a6d89fca7?s=96&d=mm&r=pg\",\"caption\":\"bosniak\"},\"url\":\"https:\/\/sandzakpress.net\/arhiva\/author\/bosniak\/\"}]}<\/script>\n<!-- \/ Yoast SEO Premium plugin. -->","yoast_head_json":{"title":"U invaziji na Gazu u\u010destvuju i jevrejski dobrovoljci iz BiH, Srbije, Hrvatske...","robots":{"index":"index","follow":"follow","max-snippet":"max-snippet:-1","max-image-preview":"max-image-preview:large","max-video-preview":"max-video-preview:-1"},"canonical":"https:\/\/sandzakpress.net\/arhiva\/u-invaziji-na-gazu-ucestvuju-i-jevrejski-dobrovoljci-iz-bih-srbije-hrvatske\/","og_locale":"bs_BA","og_type":"article","og_title":"U invaziji na Gazu u\u010destvuju i jevrejski dobrovoljci iz BiH, Srbije, Hrvatske...","og_description":"Palestina &#8211; U izraelskoj invaziji na Gazu ginu i jevrejski dobrovoljci iz drugih zemalja. Ju\u010der su sahranjena dva ameri\u010dko &#8211; jevrejska dobrovoljca, koji su poginuli u Gazi. Saff saznaje da me\u0111u jevrejskim dobrovoljcima u izraelskoj vojci ima i jevreja iz Bosne i Hercegovine, Srbije, Hrvatske i drugih zemalja u regiji. Jevreji koji ne \u017eive u [&hellip;]","og_url":"https:\/\/sandzakpress.net\/arhiva\/u-invaziji-na-gazu-ucestvuju-i-jevrejski-dobrovoljci-iz-bih-srbije-hrvatske\/","og_site_name":"Sand\u017eak PRESS","article_published_time":"2014-07-23T19:33:42+00:00","article_modified_time":"2014-07-23T19:34:01+00:00","og_image":[{"width":650,"height":650,"url":"https:\/\/sandzakpress.net\/arhiva\/wp-content\/uploads\/2014\/07\/1002272_572043582817947_757050176_n-650x650.jpg","type":"image\/jpeg"}],"author":"bosniak","twitter_card":"summary_large_image","twitter_misc":{"Written by":"bosniak","Est. reading time":"3 minute"},"schema":{"@context":"https:\/\/schema.org","@graph":[{"@type":"Article","@id":"https:\/\/sandzakpress.net\/arhiva\/u-invaziji-na-gazu-ucestvuju-i-jevrejski-dobrovoljci-iz-bih-srbije-hrvatske\/#article","isPartOf":{"@id":"https:\/\/sandzakpress.net\/arhiva\/u-invaziji-na-gazu-ucestvuju-i-jevrejski-dobrovoljci-iz-bih-srbije-hrvatske\/"},"author":{"name":"bosniak","@id":"https:\/\/sandzakpress.net\/arhiva\/#\/schema\/person\/c8baee722073534b583ea7bdb2e36c02"},"headline":"U invaziji na Gazu u\u010destvuju i jevrejski dobrovoljci iz BiH, Srbije, Hrvatske&#8230;","datePublished":"2014-07-23T19:33:42+00:00","dateModified":"2014-07-23T19:34:01+00:00","mainEntityOfPage":{"@id":"https:\/\/sandzakpress.net\/arhiva\/u-invaziji-na-gazu-ucestvuju-i-jevrejski-dobrovoljci-iz-bih-srbije-hrvatske\/"},"wordCount":647,"commentCount":9,"publisher":{"@id":"https:\/\/sandzakpress.net\/arhiva\/#\/schema\/person\/6e72b67d6e51910a1117b3b483ba20bd"},"image":{"@id":"https:\/\/sandzakpress.net\/arhiva\/u-invaziji-na-gazu-ucestvuju-i-jevrejski-dobrovoljci-iz-bih-srbije-hrvatske\/#primaryimage"},"thumbnailUrl":"https:\/\/sandzakpress.net\/arhiva\/wp-content\/uploads\/2014\/07\/1002272_572043582817947_757050176_n-650x650.jpg","keywords":["Palestina"],"articleSection":["Bosna i Hercegovina","Srbija","Hrvatska","Svijet"],"inLanguage":"bs-BA","potentialAction":[{"@type":"CommentAction","name":"Comment","target":["https:\/\/sandzakpress.net\/arhiva\/u-invaziji-na-gazu-ucestvuju-i-jevrejski-dobrovoljci-iz-bih-srbije-hrvatske\/#respond"]}]},{"@type":"WebPage","@id":"https:\/\/sandzakpress.net\/arhiva\/u-invaziji-na-gazu-ucestvuju-i-jevrejski-dobrovoljci-iz-bih-srbije-hrvatske\/","url":"https:\/\/sandzakpress.net\/arhiva\/u-invaziji-na-gazu-ucestvuju-i-jevrejski-dobrovoljci-iz-bih-srbije-hrvatske\/","name":"U invaziji na Gazu u\u010destvuju i jevrejski dobrovoljci iz BiH, Srbije, Hrvatske...","isPartOf":{"@id":"https:\/\/sandzakpress.net\/arhiva\/#website"},"primaryImageOfPage":{"@id":"https:\/\/sandzakpress.net\/arhiva\/u-invaziji-na-gazu-ucestvuju-i-jevrejski-dobrovoljci-iz-bih-srbije-hrvatske\/#primaryimage"},"image":{"@id":"https:\/\/sandzakpress.net\/arhiva\/u-invaziji-na-gazu-ucestvuju-i-jevrejski-dobrovoljci-iz-bih-srbije-hrvatske\/#primaryimage"},"thumbnailUrl":"https:\/\/sandzakpress.net\/arhiva\/wp-content\/uploads\/2014\/07\/1002272_572043582817947_757050176_n-650x650.jpg","datePublished":"2014-07-23T19:33:42+00:00","dateModified":"2014-07-23T19:34:01+00:00","breadcrumb":{"@id":"https:\/\/sandzakpress.net\/arhiva\/u-invaziji-na-gazu-ucestvuju-i-jevrejski-dobrovoljci-iz-bih-srbije-hrvatske\/#breadcrumb"},"inLanguage":"bs-BA","potentialAction":[{"@type":"ReadAction","target":["https:\/\/sandzakpress.net\/arhiva\/u-invaziji-na-gazu-ucestvuju-i-jevrejski-dobrovoljci-iz-bih-srbije-hrvatske\/"]}]},{"@type":"ImageObject","inLanguage":"bs-BA","@id":"https:\/\/sandzakpress.net\/arhiva\/u-invaziji-na-gazu-ucestvuju-i-jevrejski-dobrovoljci-iz-bih-srbije-hrvatske\/#primaryimage","url":"https:\/\/sandzakpress.net\/arhiva\/wp-content\/uploads\/2014\/07\/1002272_572043582817947_757050176_n-650x650.jpg","contentUrl":"https:\/\/sandzakpress.net\/arhiva\/wp-content\/uploads\/2014\/07\/1002272_572043582817947_757050176_n-650x650.jpg","width":650,"height":650},{"@type":"BreadcrumbList","@id":"https:\/\/sandzakpress.net\/arhiva\/u-invaziji-na-gazu-ucestvuju-i-jevrejski-dobrovoljci-iz-bih-srbije-hrvatske\/#breadcrumb","itemListElement":[{"@type":"ListItem","position":1,"name":"Home","item":"https:\/\/sandzakpress.net\/arhiva\/"},{"@type":"ListItem","position":2,"name":"U invaziji na Gazu u\u010destvuju i jevrejski dobrovoljci iz BiH, Srbije, Hrvatske&#8230;"}]},{"@type":"WebSite","@id":"https:\/\/sandzakpress.net\/arhiva\/#website","url":"https:\/\/sandzakpress.net\/arhiva\/","name":"Sand\u017eak PRESS","description":"Prve elektronske novine u Sand\u017eaku","publisher":{"@id":"https:\/\/sandzakpress.net\/arhiva\/#\/schema\/person\/6e72b67d6e51910a1117b3b483ba20bd"},"potentialAction":[{"@type":"SearchAction","target":{"@type":"EntryPoint","urlTemplate":"https:\/\/sandzakpress.net\/arhiva\/?s={search_term_string}"},"query-input":{"@type":"PropertyValueSpecification","valueRequired":true,"valueName":"search_term_string"}}],"inLanguage":"bs-BA"},{"@type":["Person","Organization"],"@id":"https:\/\/sandzakpress.net\/arhiva\/#\/schema\/person\/6e72b67d6e51910a1117b3b483ba20bd","name":"Kul","image":{"@type":"ImageObject","inLanguage":"bs-BA","@id":"https:\/\/sandzakpress.net\/arhiva\/#\/schema\/person\/image\/","url":"https:\/\/secure.gravatar.com\/avatar\/42263f39aa27ac04c43cab85c280eb2e?s=96&d=mm&r=pg","contentUrl":"https:\/\/secure.gravatar.com\/avatar\/42263f39aa27ac04c43cab85c280eb2e?s=96&d=mm&r=pg","caption":"Kul"},"logo":{"@id":"https:\/\/sandzakpress.net\/arhiva\/#\/schema\/person\/image\/"}},{"@type":"Person","@id":"https:\/\/sandzakpress.net\/arhiva\/#\/schema\/person\/c8baee722073534b583ea7bdb2e36c02","name":"bosniak","image":{"@type":"ImageObject","inLanguage":"bs-BA","@id":"https:\/\/sandzakpress.net\/arhiva\/#\/schema\/person\/image\/","url":"https:\/\/secure.gravatar.com\/avatar\/a04fd330bfe3a36a72a0ad4a6d89fca7?s=96&d=mm&r=pg","contentUrl":"https:\/\/secure.gravatar.com\/avatar\/a04fd330bfe3a36a72a0ad4a6d89fca7?s=96&d=mm&r=pg","caption":"bosniak"},"url":"https:\/\/sandzakpress.net\/arhiva\/author\/bosniak\/"}]}},"_links":{"self":[{"href":"https:\/\/sandzakpress.net\/arhiva\/wp-json\/wp\/v2\/posts\/109241"}],"collection":[{"href":"https:\/\/sandzakpress.net\/arhiva\/wp-json\/wp\/v2\/posts"}],"about":[{"href":"https:\/\/sandzakpress.net\/arhiva\/wp-json\/wp\/v2\/types\/post"}],"author":[{"embeddable":true,"href":"https:\/\/sandzakpress.net\/arhiva\/wp-json\/wp\/v2\/users\/83"}],"replies":[{"embeddable":true,"href":"https:\/\/sandzakpress.net\/arhiva\/wp-json\/wp\/v2\/comments?post=109241"}],"version-history":[{"count":0,"href":"https:\/\/sandzakpress.net\/arhiva\/wp-json\/wp\/v2\/posts\/109241\/revisions"}],"wp:featuredmedia":[{"embeddable":true,"href":"https:\/\/sandzakpress.net\/arhiva\/wp-json\/wp\/v2\/media\/109242"}],"wp:attachment":[{"href":"https:\/\/sandzakpress.net\/arhiva\/wp-json\/wp\/v2\/media?parent=109241"}],"wp:term":[{"taxonomy":"category","embeddable":true,"href":"https:\/\/sandzakpress.net\/arhiva\/wp-json\/wp\/v2\/categories?post=109241"},{"taxonomy":"post_tag","embeddable":true,"href":"https:\/\/sandzakpress.net\/arhiva\/wp-json\/wp\/v2\/tags?post=109241"}],"curies":[{"name":"wp","href":"https:\/\/api.w.org\/{rel}","templated":true}]}}