{"id":109180,"date":"2014-07-23T15:38:39","date_gmt":"2014-07-23T13:38:39","guid":{"rendered":"https:\/\/sandzakpress.net\/arhiva\/?p=109180"},"modified":"2014-07-23T17:01:05","modified_gmt":"2014-07-23T15:01:05","slug":"narode-vi-ste-tada-dali-legitimitet-bkz-u-ali-to-nije-prijalo-tadasnjoj-vladi-oni-su-vama-ukrali-4-godine-e-sada-hajmo-ponovo","status":"publish","type":"post","link":"https:\/\/sandzakpress.net\/arhiva\/narode-vi-ste-tada-dali-legitimitet-bkz-u-ali-to-nije-prijalo-tadasnjoj-vladi-oni-su-vama-ukrali-4-godine-e-sada-hajmo-ponovo\/","title":{"rendered":"\u201eNarode, vi ste  dali legitimitet BKZ-u, ali to nije prijalo Vladi, oni su vam ukrali 4  godine, e sada hajmo ponovo\u201c"},"content":{"rendered":"<p style=\"color: #474747;\"><a style=\"color: #045f9f;\" href=\"http:\/\/nedeljnikafera.com\/wp-content\/uploads\/2014\/07\/zukorlic.jpg\"><img loading=\"lazy\" decoding=\"async\" class=\" wp-image-504 aligncenter\" src=\"http:\/\/nedeljnikafera.com\/wp-content\/uploads\/2014\/07\/zukorlic-1024x680.jpg\" alt=\"zukorlic\" width=\"614\" height=\"408\" \/><\/a><\/p>\n<p style=\"color: #474747;\"><strong>Sand\u017eak \u2013 Navr\u0161ilo se \u010detiri godine otkada je Bo\u0161nja\u010dka kulturna zajednica uvjerljivo pobijedila na izborima za Bo\u0161nja\u010dko nacionalno vije\u0107e, sa ne\u0161to vi\u0161e od 49 odsto glasova. Na\u017ealost, desilo se ne\u0161to \u0161to nije bilo zamislivo za 21. vijek, da tada\u0161nja vlada ka\u017ee: \u201eNe va\u017ei to \u0161to ste pobijedili\u201c, bez obzira na to \u0161to je to bilo toliko uvjerljivo, i da pristupi nizu insinuacija, kr\u0161enja zakona, osporavanja izborne volje Bo\u0161njaka, te da na kraju sve to rezultira nezakonitim priznanjem prethodnog saziva Ve\u0107a. I, evo, ve\u0107 deset godina dr\u017ee Bo\u0161njake kao taoce u svim va\u017enim segmentima i pitanjima za njihov nacionalni i kulturni, jezi\u010dki identitet, kao i sve drugo \u0161to je od va\u017enosti za ovaj narod \u2013 rekao je muftija sand\u017ea\u010dki Muamer Zukorli\u0107 na po\u010detku intervjua za \u201eAferu\u201c.<\/strong><\/p>\n<p style=\"color: #474747;\">\u2013 Evo, ve\u0107 se najavljuju novi izbori, ali ne znam kako \u0107e uop\u0107e ova dr\u017eava na\u0107i na\u010dina da se minimizira ta bruka. To nije samo pitanje Ve\u0107a, to je bila jedna stravi\u010dna poruka, da narod koji se odlu\u010dio da da nekom legitimitet u tako visokom procentu, iako, moramo kazati, da je 49,5 odsto veoma simptomati\u010dno, s obzirom na sve okolnosti pod kojima su se izbori odvijali, po\u010dev\u0161i od bira\u010dkih spiskova, od strane svih onih koji su bili zainteresovani da sprije\u010de BKZ da formira BNV, \u0161to \u0107e re\u0107i da je zapravo pobjeda bila iznad 50 odsto, ali, eto, psiholo\u0161ki ona je, uz sve kra\u0111e i insinuacije, oborena ispod 50 odsto. Bojim se da \u0107e trebati jako mnogo vremena da se rana koja je time izazvana nekako izlije\u010di.<\/p>\n<p style=\"color: #474747;\"><b>Novi izbori za BNV najavljeni su za oktobar. Da li tada to mo\u017ee da bude ispravljeno?<\/b><\/p>\n<p style=\"color: #474747;\">\u2013 Bojim se da se to ne mo\u017ee ispraviti jednim izborima. Zamislite sada da treba re\u0107i narodu: \u201eNarode, vi ste tada dali legitimitet BKZ, ali to nije prijalo tada\u0161njoj vladi i oni su vama ukrali \u010detiri godine, e sada hajmo ponovo\u201c. To je kolektivna uvrijeda inteligencije jednog naroda, omalova\u017eavanje, poni\u017eavanje. Onaj ko ne \u017eeli biti poltronski opredjeljen prema vlastodr\u0161cima u Beogradu, sa jedne strane, a sa druge strane, to \u0161to taj neko nema kriminalni dosije, nije korumpiran, drugim rije\u010dima nema \u010dime biti ucjenjivan, e, takav o\u010dito tada, prije \u010detiri godine, nije mogao predstavljati Bo\u0161njake. Ovdje se mora na neki na\u010din na\u0107i jedna moralna, emotivna satisfakcija ljudima, da ti ljudi shvate da je to bila brutalna nepravda neke vlade, koja mora da ostane zapisana kao najcrnji primjer diskriminacije jednog manjinskog naroda. Neko je ukrao \u010detiri godine tom narodu, ukrao mu je nadu, emociju, pravo na fondove, pravo na razvojne projekte, dobru volju\u2026 sve mu je ukrao. Mislim da bi u narednim mjesecima Vlada morala u\u010diniti ne\u0161to da bi Bo\u0161njaci kazali: \u201eHo\u0107emo u\u010destvovati na izborima, jer ova Vlada nije kao pro\u0161la\u201c. Neko se mora pozvati na odgovornost. Tada\u0161nji ministar Svetozar \u010cipli\u0107 i njegovi pomo\u0107nici moraju krivi\u010dno da odgovaraju. To nije pitanje razli\u010ditog mi\u0161ljenja, to je pitanje totalnog kr\u0161enja zakona i ga\u017eenje prava jednog naroda.<\/p>\n<p style=\"color: #474747;\"><b>\u010cini se da ova Vlada \u017eeli da ispravi gre\u0161ke prethodnog dr\u017eavnog rukovodstva. Imali smo prije neki dan susret muftije dr Mevluda ef. Dudi\u0107a i ministra Nikole Selakovi\u0107a.<\/b><\/p>\n<p style=\"color: #474747;\">\u2013 Prvo moram da ka\u017eem da je, otkada je oborena vlada koja je sve ovo lo\u0161e \u010dinila, vlada Borisa Tadi\u0107a, zna\u010dajno opao pritisak na Bo\u0161njake i njihove nacionalne i vejrske institucije. Mi smo u to vrijeme bili prinu\u0111eni da svako jutro kada se probudimo da o\u010dekujemo neku \u017eandarmeriju, policiju, inspekciju\u2026 O\u010dekivali smo neku polugu dr\u017eave koja \u0107e tog dana da nas proganja. Bilo da je to vezano za Islamsku zajednicu, Univerzitet, vakufsku imovinu\u2026 Imali smo kao neko ratno stanje, koje se nadvilo nad Sand\u017eakom. Moramo da ka\u017eemo da toga sada nema. To je jedan iskorak i to smo u vi\u0161e javnih nastupa pozdravili. Ali, taj iskorak je dobar kao prelazni i ne mo\u017eemo se zaustaviti na samo papirnoj relaciji represije. Imali smo dobrih signala od strane Vlade na svim nivoima, pa do samog premijera Aleksandra Vu\u010di\u0107a. Susret ministra Selakovi\u0107a i muftije Dudi\u0107a je tako\u0111er dobar signal. Ali nekoliko dobrih signala je potrebno da se u\u0111e u rje\u0161avanje problema. Nema vi\u0161e prostora da ka\u017eemo da ima vremena da rije\u0161imo ove probleme. Nema vi\u0161e vremena, Bo\u0161njaci su previ\u0161e \u010dekali.<\/p>\n<p style=\"color: #474747;\"><b>Da li postoji neki pomak kada je u pitanju akreditacija Internacionalnog univerziteta?<\/b><\/p>\n<p style=\"color: #474747;\">\u2013 Mi smo tu imali veoma \u010dvrsta obe\u0107anja, obe\u0107anja o akreditaciji Univerziteta bila su vezana za maj, ali tada su se desile one katastrofalne poplave. Naprosto smo i mi zastali da zovemo i pitamo \u0161ta je s obe\u0107anjem o akreditaciji. Dakle, usred katastrofe koja se desila, kao i \u010dinjenice da je Vlada sve svoje kapacitete podredila tom problemu i spasavanju gra\u0111ana i njihove imovine, kao i rje\u0161avanju tih posljedica koje su se desile, mislim da nije bilo na mjestu da tada tra\u017eimo rje\u0161avanje tog pitanja. Ali mislim da i dr\u017eava i prava gra\u0111ana, \u0161to se ti\u010de Internacionalnog univerziteta, imaju svoje mjesto, i ako ne\u0161to nije moglo da se rije\u0161i u maju zbog poplava, mo\u017ee da bude rije\u0161eno u junu. Imamo \u010dvrsta obe\u0107anja da \u0107e, od velikog broja otvorenih pitanja, pitanje Internacionalnog univerziteta biti najprije rije\u0161eno.<\/p>\n<p style=\"color: #474747;\"><b>Me\u0161ihat Islamske zajednice u Srbiji uputio je pomo\u0107 mnogim gradovima koji su se na\u0161li pod udarom poplava\u2026<\/b><\/p>\n<p style=\"color: #474747;\">\u2013 Kao prvo, to je sastavni dio na\u0161e uloge. Islamska zajednica je organizacija koja prevashodno vr\u0161i duhovnu i obrazovnu uslugu, ali isto tako, organizacija koja mora da \u017eivi sa svojim narodom i sa svim onim \u0161to je va\u017eno za narod. U tom pogledu, mi smo se i prije nekoliko godina, kada je Kraljevo pogodio onaj stra\u0161an zemljotres, organizovali i poslali Kraljevu jedan veoma ozbiljan konvoj pomo\u0107i. To je ostavilo jako pozitivne efekte, pa moram re\u0107i i li\u010dne. \u010cesto se sada, kada pro\u0111em kroz Kraljevo, bilo da sam u kontaktu sa obi\u010dnim gra\u0111anima, a nekad i sa saobra\u0107ajnom policijom, osje\u0107a ta pozitivna relacija zahvalnosti, gdje oni sami ka\u017eu: \u201eMuftija, hvala ti, vi ste nama pritekli u pomo\u0107 kad nam je bilo najte\u017ee\u201c. Dobro djelo treba da bude vezano za svakog \u010dovjeka. Pa tako, kada su se desile i ove poplave, mi smo se prvog dana sastali i formirali \u0161tab, jer se ovdje javilo vi\u0161e institucija koje su na neki na\u010din vezane za Islamsku zajednicu, sa \u017eeljom da pomognu. Da ne bi sada svako pojedina\u010dno \u2013 Internacionalni univerzitet, Fakultet za islamske studije, Muslimanski omladinski klub, a prije svega Centar za humanitarni klub, \u010dija je to i primarna obaveza \u2013 formirao jedan \u0161tab koji je koordinirao tu akciju, to je bila jedna poplava dobro\u010dinstva, koja je trebalo da se suprotstavi poplavama. Prvi konvoj smo uputili u Krupanj, gde je bilo jako alarmantno, kao i u drugim mjestima, a onda smo uputili i konvoj u BiH, gdje je tako\u0111er bila katastrofalna poplava. Upravo to i jeste ta na\u0161a sudbina, ali i prednost, da mi imamo tu relaciju sa svojim nacionalnim, vjerskim sunarodnicima u BiH, i sa svojom maticom, a onda, isto tako, da imamo i ovu kom\u0161ijsku relaciju sa svojim sugra\u0111anima u Srbiji. Tre\u0107i konvoj je i\u0161ao preko centralnog \u0161taba u Beogradu.<\/p>\n<p style=\"color: #474747;\"><b>Ima i dalje pojedinaca koji vas i dalje svrstavaju me\u0111u one koji \u017eele nezavisnost Sand\u017eaka.<\/b><\/p>\n<p style=\"color: #474747;\">\u2013 Ljude treba posmatrati kroz ono \u0161to rade, a ne kroz ono \u0161to njihovi neprijatelji govore o njima. Ja sam, i institucija koju predstavljam, u javnosti Srbije predstavljen na ta dva na\u010dina. \u0160ta pi\u0161u o meni novinari koje je anga\u017eovao neki politi\u010dar, koji je zainteresovan za na\u0161 nestanak ovdje i onda to je, na\u017ealost, prisutnije u javnosti od onoga \u0161to je istina i od onoga \u0161to bi trebalo srbijanska javnost da zna i, sa druge strane, od onoga \u0161to mi \u010dinimo. Svi ti ljudi, koji mene ili na\u0161e institucije optu\u017euju takvim ili nekim drugim optu\u017ebama, nikada nisu bili u prilici da bilo \u0161ta ili citiraju kao autenti\u010dnu moju izjavu iz teme secenionizma, ili bilo \u010dega \u0161to ima vezu s tim, a pogotovo ne da navedu primjer nekog mog postupka, koji ima intenciju ru\u0161ila\u010dku, da li prema dr\u017eavi, drugom narodu, nacionalnim odnosima, bilo \u010demu drugom \u0161to predstavlja jednu vrijednost. Svi napadi na mene su iz korpusa poku\u0161aja da se natjeramo da budemo kao neki drugi predstavnici Bo\u0161njaka, to jest poltroni, da interes svog naroda prodajemo zarad svojih li\u010dnih politi\u010dkih interesa. Poltroni nude la\u017enu sliku i poltroni to koriste samo da se napravi privid u odnosima. Mi tra\u017eimo partnerske odnose sa svim politi\u010dkim, a pogotovo vladaju\u0107im politi\u010dkim faktorima u dr\u017eavi. Samo insistiram i poru\u010dujem, i premijeru Vu\u010di\u0107u i ostalim nosiocima visokih odgovornosti u Vladi, da u pogledu razumijevanja zahtjeva Bo\u0161njaka prosto okrenu poziciju i zamisle da su ovo Srbi, a da su oni neko drugi i \u0161ta bi oni tra\u017eili za Srbe, kojih ima toliko koliko Bo\u0161njaka, koji su ovdje u Sand\u017eaku autohtoni stotinama godina i koji upravo \u017eele ono \u0161to drugi ve\u0107 imaju, da u\u017eivaju svoja prava, da vr\u0161e obaveze prema svojoj dr\u017eavi, ali, isto tako, i da dr\u017eava vr\u0161i obaveze prema njima.<b><\/b><\/p>\n<p style=\"color: #474747;\">P. J.<\/p>\n","protected":false},"excerpt":{"rendered":"<p>Navr\u0161ilo se \u010detiri godine otkada je Bo\u0161nja\u010dka kulturna zajednica uverljivo pobedila na izborima za Bo\u0161nja\u010dko nacionalno ve\u0107e, sa ne\u0161to vi\u0161e od 49 odsto glasova. Na\u017ealost, desilo se ne\u0161to \u0161to nije bilo zamislivo za 21. vek, da tada\u0161nja vlada ka\u017ee:<\/p>\n","protected":false},"author":83,"featured_media":109186,"comment_status":"open","ping_status":"open","sticky":false,"template":"","format":"standard","meta":{"footnotes":""},"categories":[800,72,52,327,392,393,394,8957],"tags":[10204,10240],"class_list":{"0":"post-109180","1":"post","2":"type-post","3":"status-publish","4":"format-standard","5":"has-post-thumbnail","7":"category-nacija","8":"category-novi-pazar","9":"category-sjenica","10":"category-tutin","11":"category-prijepolje_","12":"category-priboj","13":"category-nova-varos","14":"category-vijesti-dana","15":"tag-muftija-muamer-zukorlic","16":"tag-bkz"},"yoast_head":"<!-- This site is optimized with the Yoast SEO Premium plugin v23.1 (Yoast SEO v24.9) - https:\/\/yoast.com\/wordpress\/plugins\/seo\/ -->\n<title>\u201eNarode, vi ste dali legitimitet BKZ-u, ali to nije prijalo Vladi, oni su vam ukrali 4 godine, e sada hajmo ponovo\u201c<\/title>\n<meta name=\"robots\" content=\"index, follow, max-snippet:-1, max-image-preview:large, max-video-preview:-1\" \/>\n<link rel=\"canonical\" href=\"https:\/\/sandzakpress.net\/arhiva\/narode-vi-ste-tada-dali-legitimitet-bkz-u-ali-to-nije-prijalo-tadasnjoj-vladi-oni-su-vama-ukrali-4-godine-e-sada-hajmo-ponovo\/\" \/>\n<meta property=\"og:locale\" content=\"bs_BA\" \/>\n<meta property=\"og:type\" content=\"article\" \/>\n<meta property=\"og:title\" content=\"\u201eNarode, vi ste dali legitimitet BKZ-u, ali to nije prijalo Vladi, oni su vam ukrali 4 godine, e sada hajmo ponovo\u201c\" \/>\n<meta property=\"og:description\" content=\"Navr\u0161ilo se \u010detiri godine otkada je Bo\u0161nja\u010dka kulturna zajednica uverljivo pobedila na izborima za Bo\u0161nja\u010dko nacionalno ve\u0107e, sa ne\u0161to vi\u0161e od 49 odsto glasova. Na\u017ealost, desilo se ne\u0161to \u0161to nije bilo zamislivo za 21. vek, da tada\u0161nja vlada ka\u017ee:\" \/>\n<meta property=\"og:url\" content=\"https:\/\/sandzakpress.net\/arhiva\/narode-vi-ste-tada-dali-legitimitet-bkz-u-ali-to-nije-prijalo-tadasnjoj-vladi-oni-su-vama-ukrali-4-godine-e-sada-hajmo-ponovo\/\" \/>\n<meta property=\"og:site_name\" content=\"Sand\u017eak PRESS\" \/>\n<meta property=\"article:published_time\" content=\"2014-07-23T13:38:39+00:00\" \/>\n<meta property=\"article:modified_time\" content=\"2014-07-23T15:01:05+00:00\" \/>\n<meta property=\"og:image\" content=\"https:\/\/sandzakpress.net\/arhiva\/wp-content\/uploads\/2014\/07\/zukorlic-1024x680.jpg\" \/>\n\t<meta property=\"og:image:width\" content=\"1024\" \/>\n\t<meta property=\"og:image:height\" content=\"680\" \/>\n\t<meta property=\"og:image:type\" content=\"image\/jpeg\" \/>\n<meta name=\"author\" content=\"bosniak\" \/>\n<meta name=\"twitter:card\" content=\"summary_large_image\" \/>\n<meta name=\"twitter:label1\" content=\"Written by\" \/>\n\t<meta name=\"twitter:data1\" content=\"bosniak\" \/>\n\t<meta name=\"twitter:label2\" content=\"Est. reading time\" \/>\n\t<meta name=\"twitter:data2\" content=\"8 minuta\" \/>\n<script type=\"application\/ld+json\" class=\"yoast-schema-graph\">{\"@context\":\"https:\/\/schema.org\",\"@graph\":[{\"@type\":\"Article\",\"@id\":\"https:\/\/sandzakpress.net\/arhiva\/narode-vi-ste-tada-dali-legitimitet-bkz-u-ali-to-nije-prijalo-tadasnjoj-vladi-oni-su-vama-ukrali-4-godine-e-sada-hajmo-ponovo\/#article\",\"isPartOf\":{\"@id\":\"https:\/\/sandzakpress.net\/arhiva\/narode-vi-ste-tada-dali-legitimitet-bkz-u-ali-to-nije-prijalo-tadasnjoj-vladi-oni-su-vama-ukrali-4-godine-e-sada-hajmo-ponovo\/\"},\"author\":{\"name\":\"bosniak\",\"@id\":\"https:\/\/sandzakpress.net\/arhiva\/#\/schema\/person\/c8baee722073534b583ea7bdb2e36c02\"},\"headline\":\"\u201eNarode, vi ste dali legitimitet BKZ-u, ali to nije prijalo Vladi, oni su vam ukrali 4 godine, e sada hajmo ponovo\u201c\",\"datePublished\":\"2014-07-23T13:38:39+00:00\",\"dateModified\":\"2014-07-23T15:01:05+00:00\",\"mainEntityOfPage\":{\"@id\":\"https:\/\/sandzakpress.net\/arhiva\/narode-vi-ste-tada-dali-legitimitet-bkz-u-ali-to-nije-prijalo-tadasnjoj-vladi-oni-su-vama-ukrali-4-godine-e-sada-hajmo-ponovo\/\"},\"wordCount\":1633,\"commentCount\":4,\"publisher\":{\"@id\":\"https:\/\/sandzakpress.net\/arhiva\/#\/schema\/person\/6e72b67d6e51910a1117b3b483ba20bd\"},\"image\":{\"@id\":\"https:\/\/sandzakpress.net\/arhiva\/narode-vi-ste-tada-dali-legitimitet-bkz-u-ali-to-nije-prijalo-tadasnjoj-vladi-oni-su-vama-ukrali-4-godine-e-sada-hajmo-ponovo\/#primaryimage\"},\"thumbnailUrl\":\"https:\/\/sandzakpress.net\/arhiva\/wp-content\/uploads\/2014\/07\/zukorlic-1024x680.jpg\",\"keywords\":[\"muftija Muamer Zukorli\u0107\",\"BKZ\"],\"articleSection\":[\"Nacija\",\"Novi Pazar\",\"Sjenica\",\"Tutin\",\"Prijepolje\",\"Priboj\",\"Nova Varo\u0161\",\"VIJESTI DANA\"],\"inLanguage\":\"bs-BA\",\"potentialAction\":[{\"@type\":\"CommentAction\",\"name\":\"Comment\",\"target\":[\"https:\/\/sandzakpress.net\/arhiva\/narode-vi-ste-tada-dali-legitimitet-bkz-u-ali-to-nije-prijalo-tadasnjoj-vladi-oni-su-vama-ukrali-4-godine-e-sada-hajmo-ponovo\/#respond\"]}]},{\"@type\":\"WebPage\",\"@id\":\"https:\/\/sandzakpress.net\/arhiva\/narode-vi-ste-tada-dali-legitimitet-bkz-u-ali-to-nije-prijalo-tadasnjoj-vladi-oni-su-vama-ukrali-4-godine-e-sada-hajmo-ponovo\/\",\"url\":\"https:\/\/sandzakpress.net\/arhiva\/narode-vi-ste-tada-dali-legitimitet-bkz-u-ali-to-nije-prijalo-tadasnjoj-vladi-oni-su-vama-ukrali-4-godine-e-sada-hajmo-ponovo\/\",\"name\":\"\u201eNarode, vi ste dali legitimitet BKZ-u, ali to nije prijalo Vladi, oni su vam ukrali 4 godine, e sada hajmo ponovo\u201c\",\"isPartOf\":{\"@id\":\"https:\/\/sandzakpress.net\/arhiva\/#website\"},\"primaryImageOfPage\":{\"@id\":\"https:\/\/sandzakpress.net\/arhiva\/narode-vi-ste-tada-dali-legitimitet-bkz-u-ali-to-nije-prijalo-tadasnjoj-vladi-oni-su-vama-ukrali-4-godine-e-sada-hajmo-ponovo\/#primaryimage\"},\"image\":{\"@id\":\"https:\/\/sandzakpress.net\/arhiva\/narode-vi-ste-tada-dali-legitimitet-bkz-u-ali-to-nije-prijalo-tadasnjoj-vladi-oni-su-vama-ukrali-4-godine-e-sada-hajmo-ponovo\/#primaryimage\"},\"thumbnailUrl\":\"https:\/\/sandzakpress.net\/arhiva\/wp-content\/uploads\/2014\/07\/zukorlic-1024x680.jpg\",\"datePublished\":\"2014-07-23T13:38:39+00:00\",\"dateModified\":\"2014-07-23T15:01:05+00:00\",\"breadcrumb\":{\"@id\":\"https:\/\/sandzakpress.net\/arhiva\/narode-vi-ste-tada-dali-legitimitet-bkz-u-ali-to-nije-prijalo-tadasnjoj-vladi-oni-su-vama-ukrali-4-godine-e-sada-hajmo-ponovo\/#breadcrumb\"},\"inLanguage\":\"bs-BA\",\"potentialAction\":[{\"@type\":\"ReadAction\",\"target\":[\"https:\/\/sandzakpress.net\/arhiva\/narode-vi-ste-tada-dali-legitimitet-bkz-u-ali-to-nije-prijalo-tadasnjoj-vladi-oni-su-vama-ukrali-4-godine-e-sada-hajmo-ponovo\/\"]}]},{\"@type\":\"ImageObject\",\"inLanguage\":\"bs-BA\",\"@id\":\"https:\/\/sandzakpress.net\/arhiva\/narode-vi-ste-tada-dali-legitimitet-bkz-u-ali-to-nije-prijalo-tadasnjoj-vladi-oni-su-vama-ukrali-4-godine-e-sada-hajmo-ponovo\/#primaryimage\",\"url\":\"https:\/\/sandzakpress.net\/arhiva\/wp-content\/uploads\/2014\/07\/zukorlic-1024x680.jpg\",\"contentUrl\":\"https:\/\/sandzakpress.net\/arhiva\/wp-content\/uploads\/2014\/07\/zukorlic-1024x680.jpg\",\"width\":1024,\"height\":680},{\"@type\":\"BreadcrumbList\",\"@id\":\"https:\/\/sandzakpress.net\/arhiva\/narode-vi-ste-tada-dali-legitimitet-bkz-u-ali-to-nije-prijalo-tadasnjoj-vladi-oni-su-vama-ukrali-4-godine-e-sada-hajmo-ponovo\/#breadcrumb\",\"itemListElement\":[{\"@type\":\"ListItem\",\"position\":1,\"name\":\"Home\",\"item\":\"https:\/\/sandzakpress.net\/arhiva\/\"},{\"@type\":\"ListItem\",\"position\":2,\"name\":\"\u201eNarode, vi ste dali legitimitet BKZ-u, ali to nije prijalo Vladi, oni su vam ukrali 4 godine, e sada hajmo ponovo\u201c\"}]},{\"@type\":\"WebSite\",\"@id\":\"https:\/\/sandzakpress.net\/arhiva\/#website\",\"url\":\"https:\/\/sandzakpress.net\/arhiva\/\",\"name\":\"Sand\u017eak PRESS\",\"description\":\"Prve elektronske novine u Sand\u017eaku\",\"publisher\":{\"@id\":\"https:\/\/sandzakpress.net\/arhiva\/#\/schema\/person\/6e72b67d6e51910a1117b3b483ba20bd\"},\"potentialAction\":[{\"@type\":\"SearchAction\",\"target\":{\"@type\":\"EntryPoint\",\"urlTemplate\":\"https:\/\/sandzakpress.net\/arhiva\/?s={search_term_string}\"},\"query-input\":{\"@type\":\"PropertyValueSpecification\",\"valueRequired\":true,\"valueName\":\"search_term_string\"}}],\"inLanguage\":\"bs-BA\"},{\"@type\":[\"Person\",\"Organization\"],\"@id\":\"https:\/\/sandzakpress.net\/arhiva\/#\/schema\/person\/6e72b67d6e51910a1117b3b483ba20bd\",\"name\":\"Kul\",\"image\":{\"@type\":\"ImageObject\",\"inLanguage\":\"bs-BA\",\"@id\":\"https:\/\/sandzakpress.net\/arhiva\/#\/schema\/person\/image\/\",\"url\":\"https:\/\/secure.gravatar.com\/avatar\/42263f39aa27ac04c43cab85c280eb2e?s=96&d=mm&r=pg\",\"contentUrl\":\"https:\/\/secure.gravatar.com\/avatar\/42263f39aa27ac04c43cab85c280eb2e?s=96&d=mm&r=pg\",\"caption\":\"Kul\"},\"logo\":{\"@id\":\"https:\/\/sandzakpress.net\/arhiva\/#\/schema\/person\/image\/\"}},{\"@type\":\"Person\",\"@id\":\"https:\/\/sandzakpress.net\/arhiva\/#\/schema\/person\/c8baee722073534b583ea7bdb2e36c02\",\"name\":\"bosniak\",\"image\":{\"@type\":\"ImageObject\",\"inLanguage\":\"bs-BA\",\"@id\":\"https:\/\/sandzakpress.net\/arhiva\/#\/schema\/person\/image\/\",\"url\":\"https:\/\/secure.gravatar.com\/avatar\/a04fd330bfe3a36a72a0ad4a6d89fca7?s=96&d=mm&r=pg\",\"contentUrl\":\"https:\/\/secure.gravatar.com\/avatar\/a04fd330bfe3a36a72a0ad4a6d89fca7?s=96&d=mm&r=pg\",\"caption\":\"bosniak\"},\"url\":\"https:\/\/sandzakpress.net\/arhiva\/author\/bosniak\/\"}]}<\/script>\n<!-- \/ Yoast SEO Premium plugin. -->","yoast_head_json":{"title":"\u201eNarode, vi ste dali legitimitet BKZ-u, ali to nije prijalo Vladi, oni su vam ukrali 4 godine, e sada hajmo ponovo\u201c","robots":{"index":"index","follow":"follow","max-snippet":"max-snippet:-1","max-image-preview":"max-image-preview:large","max-video-preview":"max-video-preview:-1"},"canonical":"https:\/\/sandzakpress.net\/arhiva\/narode-vi-ste-tada-dali-legitimitet-bkz-u-ali-to-nije-prijalo-tadasnjoj-vladi-oni-su-vama-ukrali-4-godine-e-sada-hajmo-ponovo\/","og_locale":"bs_BA","og_type":"article","og_title":"\u201eNarode, vi ste dali legitimitet BKZ-u, ali to nije prijalo Vladi, oni su vam ukrali 4 godine, e sada hajmo ponovo\u201c","og_description":"Navr\u0161ilo se \u010detiri godine otkada je Bo\u0161nja\u010dka kulturna zajednica uverljivo pobedila na izborima za Bo\u0161nja\u010dko nacionalno ve\u0107e, sa ne\u0161to vi\u0161e od 49 odsto glasova. Na\u017ealost, desilo se ne\u0161to \u0161to nije bilo zamislivo za 21. vek, da tada\u0161nja vlada ka\u017ee:","og_url":"https:\/\/sandzakpress.net\/arhiva\/narode-vi-ste-tada-dali-legitimitet-bkz-u-ali-to-nije-prijalo-tadasnjoj-vladi-oni-su-vama-ukrali-4-godine-e-sada-hajmo-ponovo\/","og_site_name":"Sand\u017eak PRESS","article_published_time":"2014-07-23T13:38:39+00:00","article_modified_time":"2014-07-23T15:01:05+00:00","og_image":[{"width":1024,"height":680,"url":"https:\/\/sandzakpress.net\/arhiva\/wp-content\/uploads\/2014\/07\/zukorlic-1024x680.jpg","type":"image\/jpeg"}],"author":"bosniak","twitter_card":"summary_large_image","twitter_misc":{"Written by":"bosniak","Est. reading time":"8 minuta"},"schema":{"@context":"https:\/\/schema.org","@graph":[{"@type":"Article","@id":"https:\/\/sandzakpress.net\/arhiva\/narode-vi-ste-tada-dali-legitimitet-bkz-u-ali-to-nije-prijalo-tadasnjoj-vladi-oni-su-vama-ukrali-4-godine-e-sada-hajmo-ponovo\/#article","isPartOf":{"@id":"https:\/\/sandzakpress.net\/arhiva\/narode-vi-ste-tada-dali-legitimitet-bkz-u-ali-to-nije-prijalo-tadasnjoj-vladi-oni-su-vama-ukrali-4-godine-e-sada-hajmo-ponovo\/"},"author":{"name":"bosniak","@id":"https:\/\/sandzakpress.net\/arhiva\/#\/schema\/person\/c8baee722073534b583ea7bdb2e36c02"},"headline":"\u201eNarode, vi ste dali legitimitet BKZ-u, ali to nije prijalo Vladi, oni su vam ukrali 4 godine, e sada hajmo ponovo\u201c","datePublished":"2014-07-23T13:38:39+00:00","dateModified":"2014-07-23T15:01:05+00:00","mainEntityOfPage":{"@id":"https:\/\/sandzakpress.net\/arhiva\/narode-vi-ste-tada-dali-legitimitet-bkz-u-ali-to-nije-prijalo-tadasnjoj-vladi-oni-su-vama-ukrali-4-godine-e-sada-hajmo-ponovo\/"},"wordCount":1633,"commentCount":4,"publisher":{"@id":"https:\/\/sandzakpress.net\/arhiva\/#\/schema\/person\/6e72b67d6e51910a1117b3b483ba20bd"},"image":{"@id":"https:\/\/sandzakpress.net\/arhiva\/narode-vi-ste-tada-dali-legitimitet-bkz-u-ali-to-nije-prijalo-tadasnjoj-vladi-oni-su-vama-ukrali-4-godine-e-sada-hajmo-ponovo\/#primaryimage"},"thumbnailUrl":"https:\/\/sandzakpress.net\/arhiva\/wp-content\/uploads\/2014\/07\/zukorlic-1024x680.jpg","keywords":["muftija Muamer Zukorli\u0107","BKZ"],"articleSection":["Nacija","Novi Pazar","Sjenica","Tutin","Prijepolje","Priboj","Nova Varo\u0161","VIJESTI DANA"],"inLanguage":"bs-BA","potentialAction":[{"@type":"CommentAction","name":"Comment","target":["https:\/\/sandzakpress.net\/arhiva\/narode-vi-ste-tada-dali-legitimitet-bkz-u-ali-to-nije-prijalo-tadasnjoj-vladi-oni-su-vama-ukrali-4-godine-e-sada-hajmo-ponovo\/#respond"]}]},{"@type":"WebPage","@id":"https:\/\/sandzakpress.net\/arhiva\/narode-vi-ste-tada-dali-legitimitet-bkz-u-ali-to-nije-prijalo-tadasnjoj-vladi-oni-su-vama-ukrali-4-godine-e-sada-hajmo-ponovo\/","url":"https:\/\/sandzakpress.net\/arhiva\/narode-vi-ste-tada-dali-legitimitet-bkz-u-ali-to-nije-prijalo-tadasnjoj-vladi-oni-su-vama-ukrali-4-godine-e-sada-hajmo-ponovo\/","name":"\u201eNarode, vi ste dali legitimitet BKZ-u, ali to nije prijalo Vladi, oni su vam ukrali 4 godine, e sada hajmo ponovo\u201c","isPartOf":{"@id":"https:\/\/sandzakpress.net\/arhiva\/#website"},"primaryImageOfPage":{"@id":"https:\/\/sandzakpress.net\/arhiva\/narode-vi-ste-tada-dali-legitimitet-bkz-u-ali-to-nije-prijalo-tadasnjoj-vladi-oni-su-vama-ukrali-4-godine-e-sada-hajmo-ponovo\/#primaryimage"},"image":{"@id":"https:\/\/sandzakpress.net\/arhiva\/narode-vi-ste-tada-dali-legitimitet-bkz-u-ali-to-nije-prijalo-tadasnjoj-vladi-oni-su-vama-ukrali-4-godine-e-sada-hajmo-ponovo\/#primaryimage"},"thumbnailUrl":"https:\/\/sandzakpress.net\/arhiva\/wp-content\/uploads\/2014\/07\/zukorlic-1024x680.jpg","datePublished":"2014-07-23T13:38:39+00:00","dateModified":"2014-07-23T15:01:05+00:00","breadcrumb":{"@id":"https:\/\/sandzakpress.net\/arhiva\/narode-vi-ste-tada-dali-legitimitet-bkz-u-ali-to-nije-prijalo-tadasnjoj-vladi-oni-su-vama-ukrali-4-godine-e-sada-hajmo-ponovo\/#breadcrumb"},"inLanguage":"bs-BA","potentialAction":[{"@type":"ReadAction","target":["https:\/\/sandzakpress.net\/arhiva\/narode-vi-ste-tada-dali-legitimitet-bkz-u-ali-to-nije-prijalo-tadasnjoj-vladi-oni-su-vama-ukrali-4-godine-e-sada-hajmo-ponovo\/"]}]},{"@type":"ImageObject","inLanguage":"bs-BA","@id":"https:\/\/sandzakpress.net\/arhiva\/narode-vi-ste-tada-dali-legitimitet-bkz-u-ali-to-nije-prijalo-tadasnjoj-vladi-oni-su-vama-ukrali-4-godine-e-sada-hajmo-ponovo\/#primaryimage","url":"https:\/\/sandzakpress.net\/arhiva\/wp-content\/uploads\/2014\/07\/zukorlic-1024x680.jpg","contentUrl":"https:\/\/sandzakpress.net\/arhiva\/wp-content\/uploads\/2014\/07\/zukorlic-1024x680.jpg","width":1024,"height":680},{"@type":"BreadcrumbList","@id":"https:\/\/sandzakpress.net\/arhiva\/narode-vi-ste-tada-dali-legitimitet-bkz-u-ali-to-nije-prijalo-tadasnjoj-vladi-oni-su-vama-ukrali-4-godine-e-sada-hajmo-ponovo\/#breadcrumb","itemListElement":[{"@type":"ListItem","position":1,"name":"Home","item":"https:\/\/sandzakpress.net\/arhiva\/"},{"@type":"ListItem","position":2,"name":"\u201eNarode, vi ste dali legitimitet BKZ-u, ali to nije prijalo Vladi, oni su vam ukrali 4 godine, e sada hajmo ponovo\u201c"}]},{"@type":"WebSite","@id":"https:\/\/sandzakpress.net\/arhiva\/#website","url":"https:\/\/sandzakpress.net\/arhiva\/","name":"Sand\u017eak PRESS","description":"Prve elektronske novine u Sand\u017eaku","publisher":{"@id":"https:\/\/sandzakpress.net\/arhiva\/#\/schema\/person\/6e72b67d6e51910a1117b3b483ba20bd"},"potentialAction":[{"@type":"SearchAction","target":{"@type":"EntryPoint","urlTemplate":"https:\/\/sandzakpress.net\/arhiva\/?s={search_term_string}"},"query-input":{"@type":"PropertyValueSpecification","valueRequired":true,"valueName":"search_term_string"}}],"inLanguage":"bs-BA"},{"@type":["Person","Organization"],"@id":"https:\/\/sandzakpress.net\/arhiva\/#\/schema\/person\/6e72b67d6e51910a1117b3b483ba20bd","name":"Kul","image":{"@type":"ImageObject","inLanguage":"bs-BA","@id":"https:\/\/sandzakpress.net\/arhiva\/#\/schema\/person\/image\/","url":"https:\/\/secure.gravatar.com\/avatar\/42263f39aa27ac04c43cab85c280eb2e?s=96&d=mm&r=pg","contentUrl":"https:\/\/secure.gravatar.com\/avatar\/42263f39aa27ac04c43cab85c280eb2e?s=96&d=mm&r=pg","caption":"Kul"},"logo":{"@id":"https:\/\/sandzakpress.net\/arhiva\/#\/schema\/person\/image\/"}},{"@type":"Person","@id":"https:\/\/sandzakpress.net\/arhiva\/#\/schema\/person\/c8baee722073534b583ea7bdb2e36c02","name":"bosniak","image":{"@type":"ImageObject","inLanguage":"bs-BA","@id":"https:\/\/sandzakpress.net\/arhiva\/#\/schema\/person\/image\/","url":"https:\/\/secure.gravatar.com\/avatar\/a04fd330bfe3a36a72a0ad4a6d89fca7?s=96&d=mm&r=pg","contentUrl":"https:\/\/secure.gravatar.com\/avatar\/a04fd330bfe3a36a72a0ad4a6d89fca7?s=96&d=mm&r=pg","caption":"bosniak"},"url":"https:\/\/sandzakpress.net\/arhiva\/author\/bosniak\/"}]}},"_links":{"self":[{"href":"https:\/\/sandzakpress.net\/arhiva\/wp-json\/wp\/v2\/posts\/109180"}],"collection":[{"href":"https:\/\/sandzakpress.net\/arhiva\/wp-json\/wp\/v2\/posts"}],"about":[{"href":"https:\/\/sandzakpress.net\/arhiva\/wp-json\/wp\/v2\/types\/post"}],"author":[{"embeddable":true,"href":"https:\/\/sandzakpress.net\/arhiva\/wp-json\/wp\/v2\/users\/83"}],"replies":[{"embeddable":true,"href":"https:\/\/sandzakpress.net\/arhiva\/wp-json\/wp\/v2\/comments?post=109180"}],"version-history":[{"count":0,"href":"https:\/\/sandzakpress.net\/arhiva\/wp-json\/wp\/v2\/posts\/109180\/revisions"}],"wp:featuredmedia":[{"embeddable":true,"href":"https:\/\/sandzakpress.net\/arhiva\/wp-json\/wp\/v2\/media\/109186"}],"wp:attachment":[{"href":"https:\/\/sandzakpress.net\/arhiva\/wp-json\/wp\/v2\/media?parent=109180"}],"wp:term":[{"taxonomy":"category","embeddable":true,"href":"https:\/\/sandzakpress.net\/arhiva\/wp-json\/wp\/v2\/categories?post=109180"},{"taxonomy":"post_tag","embeddable":true,"href":"https:\/\/sandzakpress.net\/arhiva\/wp-json\/wp\/v2\/tags?post=109180"}],"curies":[{"name":"wp","href":"https:\/\/api.w.org\/{rel}","templated":true}]}}