{"id":109173,"date":"2014-07-23T15:04:43","date_gmt":"2014-07-23T13:04:43","guid":{"rendered":"https:\/\/sandzakpress.net\/arhiva\/?p=109173"},"modified":"2014-07-23T15:08:19","modified_gmt":"2014-07-23T13:08:19","slug":"festival-islama-zajednicki-iftar-bosnjaka-i-albanaca-u-organizaciji-bkz-a-u-plavu","status":"publish","type":"post","link":"https:\/\/sandzakpress.net\/arhiva\/festival-islama-zajednicki-iftar-bosnjaka-i-albanaca-u-organizaciji-bkz-a-u-plavu\/","title":{"rendered":"Festival islama &#8211; Zajedni\u010dki iftar Bo\u0161njaka i Albanaca u organizaciji BKZ-a u Plavu"},"content":{"rendered":"<p><img loading=\"lazy\" decoding=\"async\" class=\"aligncenter size-full wp-image-109174\" src=\"https:\/\/sandzakpress.net\/arhiva\/wp-content\/uploads\/2014\/07\/iftar-u-plavu-23.07.2014-4.jpg\" alt=\"iftar u plavu, 23.07.2014 (4)\" width=\"1000\" height=\"665\" srcset=\"https:\/\/sandzakpress.net\/arhiva\/wp-content\/uploads\/2014\/07\/iftar-u-plavu-23.07.2014-4.jpg 1000w, https:\/\/sandzakpress.net\/arhiva\/wp-content\/uploads\/2014\/07\/iftar-u-plavu-23.07.2014-4-616x409.jpg 616w\" sizes=\"(max-width: 1000px) 100vw, 1000px\" \/><\/p>\n<p><strong><span style=\"color: #000000;\">Plav &#8211; U srijedu, 22.07.2014. godine, u organizaciji BKZ-a u tom gradu, uprili\u010den je zajedni\u010dki iftar kojem su prisustvovali brojni \u017eitelja Plava, Gusinja i okolnih sand\u017ea\u010dkih gradova.<\/span><\/strong><\/p>\n<p style=\"color: #000000;\">Me\u0111u gostima, bili su i predstavnici vjerskog, kulturnog i javnog \u017eivota: muftija sand\u017ea\u010dki Muamer-ef. Zukorli\u0107 sa svojom delegacijom, predsjednik BKZ-a u Crnoj Gori Hazbija Kala\u010d, potpredsjednik Zajednice sand\u017ea\u010dke dijaspore, predstavnici Med\u017elisa iz Ju\u017enog Sand\u017eaka te brojni drugi.<\/p>\n<p style=\"color: #000000;\">Na po\u010detku se je u svojstvu doma\u0107ina obratio predsjednik BKZ-ovog odbora u Plavu, D\u017eevad Musi\u0107, koji se zahvalio prisutnim gostima na odazivu, posebno Muftiji sand\u017ea\u010dkom.<\/p>\n<p style=\"color: #000000;\">On je uputio rije\u010di zahvale Uzvi\u0161enom Allahu, zbog prelijepe atmosfere u kojoj su se bra\u0107a Bo\u0161njaci i Albanci okupili zajedno iftariti.<\/p>\n<p style=\"color: #000000;\">Potom se obratio muftija sand\u017ea\u010dki Muamer-ef. Zukorli\u0107 koji je govorio o beri\u0107et iftara i Ramazana te se posebno osvrnuo na stanje muslimana danas u cijelome svijetu.<\/p>\n<p style=\"color: #000000;\">Muftija je kazao da je blagoslovljen skup gdje se okupe razli\u010diti ljudi, koji u svojim grudima gaje iste vrjednosti, kakav je iftar bra\u0107e Albanaca i Bo\u0161njaka u Plavu. Muftija je kroz ku'ansko-hadiske poruke kazao da je Uzvi\u0161eni Allah stvorio ljude razli\u010ditima, da bi se me\u0111usobno upoznavali, \u0161to zna\u010di da je Allah d\u017e.\u0161. u Kur'anu kazao da se ljudi razlikuju po nacijama, ali te razlike upravo i jesu razlogom me\u0111usobnog zbli\u017eavanja i upoznavanja.<\/p>\n<p style=\"color: #000000;\">Muftija se osvrnuo i na stradanja muslimana \u0161irom svijeta, od Palestine, Egipta, preko Sirije, Mijanmara i drugih strati\u0161ta, i kazao da musliman ne smije ostati nijem na ta de\u0161avanja u svijetu. On je kazao da ono \u0161to se desilo u Egiptu je najve\u0107a promocija terorizma, te da pri\u010de velesila o bilo kakvom terorizmu nakon toga padaju u vodu, jer je svijet na tom primjeru izgubio obraz.<\/p>\n<p style=\"color: #000000;\">Nakon obra\u0107anja Muftije sand\u017ea\u010dkog dovu je prou\u010dio dekan Fakulteta za islamske studije dr. Enver Gici\u0107.<\/p>\n<p style=\"color: #000000;\"><img decoding=\"async\" src=\"http:\/\/mesihat.org\/images\/stories\/iftar%20u%20plavu,%2023.07.2014\/iftar%20u%20plavu,%2023.07.2014%20(3).JPG\" alt=\"\" \/><\/p>\n<p style=\"color: #000000;\"><img decoding=\"async\" src=\"http:\/\/mesihat.org\/images\/stories\/iftar%20u%20plavu,%2023.07.2014\/iftar%20u%20plavu,%2023.07.2014%20(1).JPG\" alt=\"\" width=\"690\" \/>\u00a0<img decoding=\"async\" src=\"http:\/\/mesihat.org\/images\/stories\/iftar%20u%20plavu,%2023.07.2014\/iftar%20u%20plavu,%2023.07.2014%20(2).JPG\" alt=\"\" width=\"690\" \/>\u00a0<img decoding=\"async\" src=\"http:\/\/mesihat.org\/images\/stories\/iftar%20u%20plavu,%2023.07.2014\/iftar%20u%20plavu,%2023.07.2014%20(3).JPG\" alt=\"\" width=\"690\" \/>\u00a0<img decoding=\"async\" src=\"http:\/\/mesihat.org\/images\/stories\/iftar%20u%20plavu,%2023.07.2014\/iftar%20u%20plavu,%2023.07.2014%20(4).JPG\" alt=\"\" width=\"690\" \/>\u00a0<img decoding=\"async\" src=\"http:\/\/mesihat.org\/images\/stories\/iftar%20u%20plavu,%2023.07.2014\/iftar%20u%20plavu,%2023.07.2014%20(5).JPG\" alt=\"\" width=\"690\" \/>\u00a0<img decoding=\"async\" src=\"http:\/\/mesihat.org\/images\/stories\/iftar%20u%20plavu,%2023.07.2014\/iftar%20u%20plavu,%2023.07.2014%20(6).JPG\" alt=\"\" width=\"690\" \/>\u00a0<img decoding=\"async\" src=\"http:\/\/mesihat.org\/images\/stories\/iftar%20u%20plavu,%2023.07.2014\/iftar%20u%20plavu,%2023.07.2014%20(7).JPG\" alt=\"\" width=\"690\" \/>\u00a0<img decoding=\"async\" src=\"http:\/\/mesihat.org\/images\/stories\/iftar%20u%20plavu,%2023.07.2014\/iftar%20u%20plavu,%2023.07.2014%20(8).JPG\" alt=\"\" width=\"690\" \/>\u00a0<img decoding=\"async\" src=\"http:\/\/mesihat.org\/images\/stories\/iftar%20u%20plavu,%2023.07.2014\/iftar%20u%20plavu,%2023.07.2014%20(9).JPG\" alt=\"\" width=\"690\" \/><\/p>\n","protected":false},"excerpt":{"rendered":"<p>Plav &#8211; U srijedu, 22.07.2014. godine, u organizaciji BKZ-a u tom gradu, uprili\u010den je zajedni\u010dki iftar kojem su prisustvovali brojni \u017eitelja Plava, Gusinja i okolnih sand\u017ea\u010dkih gradova. Me\u0111u gostima, bili su i predstavnici vjerskog, kulturnog i javnog \u017eivota: muftija sand\u017ea\u010dki Muamer-ef. Zukorli\u0107 sa svojom delegacijom, predsjednik BKZ-a u Crnoj Gori Hazbija Kala\u010d, potpredsjednik Zajednice sand\u017ea\u010dke [&hellip;]<\/p>\n","protected":false},"author":83,"featured_media":109174,"comment_status":"open","ping_status":"open","sticky":false,"template":"","format":"standard","meta":{"footnotes":""},"categories":[800,399,10173,8957],"tags":[10204,10240],"class_list":{"0":"post-109173","1":"post","2":"type-post","3":"status-publish","4":"format-standard","5":"has-post-thumbnail","7":"category-nacija","8":"category-plav_","9":"category-gusinje-vase-vijesti","10":"category-vijesti-dana","11":"tag-muftija-muamer-zukorlic","12":"tag-bkz"},"yoast_head":"<!-- This site is optimized with the Yoast SEO Premium plugin v23.1 (Yoast SEO v24.9) - https:\/\/yoast.com\/wordpress\/plugins\/seo\/ -->\n<title>Festival islama - Zajedni\u010dki iftar Bo\u0161njaka i Albanaca u organizaciji BKZ-a u Plavu<\/title>\n<meta name=\"robots\" content=\"index, follow, max-snippet:-1, max-image-preview:large, max-video-preview:-1\" \/>\n<link rel=\"canonical\" href=\"https:\/\/sandzakpress.net\/arhiva\/festival-islama-zajednicki-iftar-bosnjaka-i-albanaca-u-organizaciji-bkz-a-u-plavu\/\" \/>\n<meta property=\"og:locale\" content=\"bs_BA\" \/>\n<meta property=\"og:type\" content=\"article\" \/>\n<meta property=\"og:title\" content=\"Festival islama - Zajedni\u010dki iftar Bo\u0161njaka i Albanaca u organizaciji BKZ-a u Plavu\" \/>\n<meta property=\"og:description\" content=\"Plav &#8211; U srijedu, 22.07.2014. godine, u organizaciji BKZ-a u tom gradu, uprili\u010den je zajedni\u010dki iftar kojem su prisustvovali brojni \u017eitelja Plava, Gusinja i okolnih sand\u017ea\u010dkih gradova. Me\u0111u gostima, bili su i predstavnici vjerskog, kulturnog i javnog \u017eivota: muftija sand\u017ea\u010dki Muamer-ef. Zukorli\u0107 sa svojom delegacijom, predsjednik BKZ-a u Crnoj Gori Hazbija Kala\u010d, potpredsjednik Zajednice sand\u017ea\u010dke [&hellip;]\" \/>\n<meta property=\"og:url\" content=\"https:\/\/sandzakpress.net\/arhiva\/festival-islama-zajednicki-iftar-bosnjaka-i-albanaca-u-organizaciji-bkz-a-u-plavu\/\" \/>\n<meta property=\"og:site_name\" content=\"Sand\u017eak PRESS\" \/>\n<meta property=\"article:published_time\" content=\"2014-07-23T13:04:43+00:00\" \/>\n<meta property=\"article:modified_time\" content=\"2014-07-23T13:08:19+00:00\" \/>\n<meta property=\"og:image\" content=\"https:\/\/sandzakpress.net\/arhiva\/wp-content\/uploads\/2014\/07\/iftar-u-plavu-23.07.2014-4.jpg\" \/>\n\t<meta property=\"og:image:width\" content=\"1000\" \/>\n\t<meta property=\"og:image:height\" content=\"665\" \/>\n\t<meta property=\"og:image:type\" content=\"image\/jpeg\" \/>\n<meta name=\"author\" content=\"bosniak\" \/>\n<meta name=\"twitter:card\" content=\"summary_large_image\" \/>\n<meta name=\"twitter:label1\" content=\"Written by\" \/>\n\t<meta name=\"twitter:data1\" content=\"bosniak\" \/>\n\t<meta name=\"twitter:label2\" content=\"Est. reading time\" \/>\n\t<meta name=\"twitter:data2\" content=\"2 minute\" \/>\n<script type=\"application\/ld+json\" class=\"yoast-schema-graph\">{\"@context\":\"https:\/\/schema.org\",\"@graph\":[{\"@type\":\"Article\",\"@id\":\"https:\/\/sandzakpress.net\/arhiva\/festival-islama-zajednicki-iftar-bosnjaka-i-albanaca-u-organizaciji-bkz-a-u-plavu\/#article\",\"isPartOf\":{\"@id\":\"https:\/\/sandzakpress.net\/arhiva\/festival-islama-zajednicki-iftar-bosnjaka-i-albanaca-u-organizaciji-bkz-a-u-plavu\/\"},\"author\":{\"name\":\"bosniak\",\"@id\":\"https:\/\/sandzakpress.net\/arhiva\/#\/schema\/person\/c8baee722073534b583ea7bdb2e36c02\"},\"headline\":\"Festival islama &#8211; Zajedni\u010dki iftar Bo\u0161njaka i Albanaca u organizaciji BKZ-a u Plavu\",\"datePublished\":\"2014-07-23T13:04:43+00:00\",\"dateModified\":\"2014-07-23T13:08:19+00:00\",\"mainEntityOfPage\":{\"@id\":\"https:\/\/sandzakpress.net\/arhiva\/festival-islama-zajednicki-iftar-bosnjaka-i-albanaca-u-organizaciji-bkz-a-u-plavu\/\"},\"wordCount\":346,\"commentCount\":13,\"publisher\":{\"@id\":\"https:\/\/sandzakpress.net\/arhiva\/#\/schema\/person\/6e72b67d6e51910a1117b3b483ba20bd\"},\"image\":{\"@id\":\"https:\/\/sandzakpress.net\/arhiva\/festival-islama-zajednicki-iftar-bosnjaka-i-albanaca-u-organizaciji-bkz-a-u-plavu\/#primaryimage\"},\"thumbnailUrl\":\"https:\/\/sandzakpress.net\/arhiva\/wp-content\/uploads\/2014\/07\/iftar-u-plavu-23.07.2014-4.jpg\",\"keywords\":[\"muftija Muamer Zukorli\u0107\",\"BKZ\"],\"articleSection\":[\"Nacija\",\"Plav\",\"Gusinje\",\"VIJESTI DANA\"],\"inLanguage\":\"bs-BA\",\"potentialAction\":[{\"@type\":\"CommentAction\",\"name\":\"Comment\",\"target\":[\"https:\/\/sandzakpress.net\/arhiva\/festival-islama-zajednicki-iftar-bosnjaka-i-albanaca-u-organizaciji-bkz-a-u-plavu\/#respond\"]}]},{\"@type\":\"WebPage\",\"@id\":\"https:\/\/sandzakpress.net\/arhiva\/festival-islama-zajednicki-iftar-bosnjaka-i-albanaca-u-organizaciji-bkz-a-u-plavu\/\",\"url\":\"https:\/\/sandzakpress.net\/arhiva\/festival-islama-zajednicki-iftar-bosnjaka-i-albanaca-u-organizaciji-bkz-a-u-plavu\/\",\"name\":\"Festival islama - Zajedni\u010dki iftar Bo\u0161njaka i Albanaca u organizaciji BKZ-a u Plavu\",\"isPartOf\":{\"@id\":\"https:\/\/sandzakpress.net\/arhiva\/#website\"},\"primaryImageOfPage\":{\"@id\":\"https:\/\/sandzakpress.net\/arhiva\/festival-islama-zajednicki-iftar-bosnjaka-i-albanaca-u-organizaciji-bkz-a-u-plavu\/#primaryimage\"},\"image\":{\"@id\":\"https:\/\/sandzakpress.net\/arhiva\/festival-islama-zajednicki-iftar-bosnjaka-i-albanaca-u-organizaciji-bkz-a-u-plavu\/#primaryimage\"},\"thumbnailUrl\":\"https:\/\/sandzakpress.net\/arhiva\/wp-content\/uploads\/2014\/07\/iftar-u-plavu-23.07.2014-4.jpg\",\"datePublished\":\"2014-07-23T13:04:43+00:00\",\"dateModified\":\"2014-07-23T13:08:19+00:00\",\"breadcrumb\":{\"@id\":\"https:\/\/sandzakpress.net\/arhiva\/festival-islama-zajednicki-iftar-bosnjaka-i-albanaca-u-organizaciji-bkz-a-u-plavu\/#breadcrumb\"},\"inLanguage\":\"bs-BA\",\"potentialAction\":[{\"@type\":\"ReadAction\",\"target\":[\"https:\/\/sandzakpress.net\/arhiva\/festival-islama-zajednicki-iftar-bosnjaka-i-albanaca-u-organizaciji-bkz-a-u-plavu\/\"]}]},{\"@type\":\"ImageObject\",\"inLanguage\":\"bs-BA\",\"@id\":\"https:\/\/sandzakpress.net\/arhiva\/festival-islama-zajednicki-iftar-bosnjaka-i-albanaca-u-organizaciji-bkz-a-u-plavu\/#primaryimage\",\"url\":\"https:\/\/sandzakpress.net\/arhiva\/wp-content\/uploads\/2014\/07\/iftar-u-plavu-23.07.2014-4.jpg\",\"contentUrl\":\"https:\/\/sandzakpress.net\/arhiva\/wp-content\/uploads\/2014\/07\/iftar-u-plavu-23.07.2014-4.jpg\",\"width\":1000,\"height\":665},{\"@type\":\"BreadcrumbList\",\"@id\":\"https:\/\/sandzakpress.net\/arhiva\/festival-islama-zajednicki-iftar-bosnjaka-i-albanaca-u-organizaciji-bkz-a-u-plavu\/#breadcrumb\",\"itemListElement\":[{\"@type\":\"ListItem\",\"position\":1,\"name\":\"Home\",\"item\":\"https:\/\/sandzakpress.net\/arhiva\/\"},{\"@type\":\"ListItem\",\"position\":2,\"name\":\"Festival islama &#8211; Zajedni\u010dki iftar Bo\u0161njaka i Albanaca u organizaciji BKZ-a u Plavu\"}]},{\"@type\":\"WebSite\",\"@id\":\"https:\/\/sandzakpress.net\/arhiva\/#website\",\"url\":\"https:\/\/sandzakpress.net\/arhiva\/\",\"name\":\"Sand\u017eak PRESS\",\"description\":\"Prve elektronske novine u Sand\u017eaku\",\"publisher\":{\"@id\":\"https:\/\/sandzakpress.net\/arhiva\/#\/schema\/person\/6e72b67d6e51910a1117b3b483ba20bd\"},\"potentialAction\":[{\"@type\":\"SearchAction\",\"target\":{\"@type\":\"EntryPoint\",\"urlTemplate\":\"https:\/\/sandzakpress.net\/arhiva\/?s={search_term_string}\"},\"query-input\":{\"@type\":\"PropertyValueSpecification\",\"valueRequired\":true,\"valueName\":\"search_term_string\"}}],\"inLanguage\":\"bs-BA\"},{\"@type\":[\"Person\",\"Organization\"],\"@id\":\"https:\/\/sandzakpress.net\/arhiva\/#\/schema\/person\/6e72b67d6e51910a1117b3b483ba20bd\",\"name\":\"Kul\",\"image\":{\"@type\":\"ImageObject\",\"inLanguage\":\"bs-BA\",\"@id\":\"https:\/\/sandzakpress.net\/arhiva\/#\/schema\/person\/image\/\",\"url\":\"https:\/\/secure.gravatar.com\/avatar\/42263f39aa27ac04c43cab85c280eb2e?s=96&d=mm&r=pg\",\"contentUrl\":\"https:\/\/secure.gravatar.com\/avatar\/42263f39aa27ac04c43cab85c280eb2e?s=96&d=mm&r=pg\",\"caption\":\"Kul\"},\"logo\":{\"@id\":\"https:\/\/sandzakpress.net\/arhiva\/#\/schema\/person\/image\/\"}},{\"@type\":\"Person\",\"@id\":\"https:\/\/sandzakpress.net\/arhiva\/#\/schema\/person\/c8baee722073534b583ea7bdb2e36c02\",\"name\":\"bosniak\",\"image\":{\"@type\":\"ImageObject\",\"inLanguage\":\"bs-BA\",\"@id\":\"https:\/\/sandzakpress.net\/arhiva\/#\/schema\/person\/image\/\",\"url\":\"https:\/\/secure.gravatar.com\/avatar\/a04fd330bfe3a36a72a0ad4a6d89fca7?s=96&d=mm&r=pg\",\"contentUrl\":\"https:\/\/secure.gravatar.com\/avatar\/a04fd330bfe3a36a72a0ad4a6d89fca7?s=96&d=mm&r=pg\",\"caption\":\"bosniak\"},\"url\":\"https:\/\/sandzakpress.net\/arhiva\/author\/bosniak\/\"}]}<\/script>\n<!-- \/ Yoast SEO Premium plugin. -->","yoast_head_json":{"title":"Festival islama - Zajedni\u010dki iftar Bo\u0161njaka i Albanaca u organizaciji BKZ-a u Plavu","robots":{"index":"index","follow":"follow","max-snippet":"max-snippet:-1","max-image-preview":"max-image-preview:large","max-video-preview":"max-video-preview:-1"},"canonical":"https:\/\/sandzakpress.net\/arhiva\/festival-islama-zajednicki-iftar-bosnjaka-i-albanaca-u-organizaciji-bkz-a-u-plavu\/","og_locale":"bs_BA","og_type":"article","og_title":"Festival islama - Zajedni\u010dki iftar Bo\u0161njaka i Albanaca u organizaciji BKZ-a u Plavu","og_description":"Plav &#8211; U srijedu, 22.07.2014. godine, u organizaciji BKZ-a u tom gradu, uprili\u010den je zajedni\u010dki iftar kojem su prisustvovali brojni \u017eitelja Plava, Gusinja i okolnih sand\u017ea\u010dkih gradova. Me\u0111u gostima, bili su i predstavnici vjerskog, kulturnog i javnog \u017eivota: muftija sand\u017ea\u010dki Muamer-ef. Zukorli\u0107 sa svojom delegacijom, predsjednik BKZ-a u Crnoj Gori Hazbija Kala\u010d, potpredsjednik Zajednice sand\u017ea\u010dke [&hellip;]","og_url":"https:\/\/sandzakpress.net\/arhiva\/festival-islama-zajednicki-iftar-bosnjaka-i-albanaca-u-organizaciji-bkz-a-u-plavu\/","og_site_name":"Sand\u017eak PRESS","article_published_time":"2014-07-23T13:04:43+00:00","article_modified_time":"2014-07-23T13:08:19+00:00","og_image":[{"width":1000,"height":665,"url":"https:\/\/sandzakpress.net\/arhiva\/wp-content\/uploads\/2014\/07\/iftar-u-plavu-23.07.2014-4.jpg","type":"image\/jpeg"}],"author":"bosniak","twitter_card":"summary_large_image","twitter_misc":{"Written by":"bosniak","Est. reading time":"2 minute"},"schema":{"@context":"https:\/\/schema.org","@graph":[{"@type":"Article","@id":"https:\/\/sandzakpress.net\/arhiva\/festival-islama-zajednicki-iftar-bosnjaka-i-albanaca-u-organizaciji-bkz-a-u-plavu\/#article","isPartOf":{"@id":"https:\/\/sandzakpress.net\/arhiva\/festival-islama-zajednicki-iftar-bosnjaka-i-albanaca-u-organizaciji-bkz-a-u-plavu\/"},"author":{"name":"bosniak","@id":"https:\/\/sandzakpress.net\/arhiva\/#\/schema\/person\/c8baee722073534b583ea7bdb2e36c02"},"headline":"Festival islama &#8211; Zajedni\u010dki iftar Bo\u0161njaka i Albanaca u organizaciji BKZ-a u Plavu","datePublished":"2014-07-23T13:04:43+00:00","dateModified":"2014-07-23T13:08:19+00:00","mainEntityOfPage":{"@id":"https:\/\/sandzakpress.net\/arhiva\/festival-islama-zajednicki-iftar-bosnjaka-i-albanaca-u-organizaciji-bkz-a-u-plavu\/"},"wordCount":346,"commentCount":13,"publisher":{"@id":"https:\/\/sandzakpress.net\/arhiva\/#\/schema\/person\/6e72b67d6e51910a1117b3b483ba20bd"},"image":{"@id":"https:\/\/sandzakpress.net\/arhiva\/festival-islama-zajednicki-iftar-bosnjaka-i-albanaca-u-organizaciji-bkz-a-u-plavu\/#primaryimage"},"thumbnailUrl":"https:\/\/sandzakpress.net\/arhiva\/wp-content\/uploads\/2014\/07\/iftar-u-plavu-23.07.2014-4.jpg","keywords":["muftija Muamer Zukorli\u0107","BKZ"],"articleSection":["Nacija","Plav","Gusinje","VIJESTI DANA"],"inLanguage":"bs-BA","potentialAction":[{"@type":"CommentAction","name":"Comment","target":["https:\/\/sandzakpress.net\/arhiva\/festival-islama-zajednicki-iftar-bosnjaka-i-albanaca-u-organizaciji-bkz-a-u-plavu\/#respond"]}]},{"@type":"WebPage","@id":"https:\/\/sandzakpress.net\/arhiva\/festival-islama-zajednicki-iftar-bosnjaka-i-albanaca-u-organizaciji-bkz-a-u-plavu\/","url":"https:\/\/sandzakpress.net\/arhiva\/festival-islama-zajednicki-iftar-bosnjaka-i-albanaca-u-organizaciji-bkz-a-u-plavu\/","name":"Festival islama - Zajedni\u010dki iftar Bo\u0161njaka i Albanaca u organizaciji BKZ-a u Plavu","isPartOf":{"@id":"https:\/\/sandzakpress.net\/arhiva\/#website"},"primaryImageOfPage":{"@id":"https:\/\/sandzakpress.net\/arhiva\/festival-islama-zajednicki-iftar-bosnjaka-i-albanaca-u-organizaciji-bkz-a-u-plavu\/#primaryimage"},"image":{"@id":"https:\/\/sandzakpress.net\/arhiva\/festival-islama-zajednicki-iftar-bosnjaka-i-albanaca-u-organizaciji-bkz-a-u-plavu\/#primaryimage"},"thumbnailUrl":"https:\/\/sandzakpress.net\/arhiva\/wp-content\/uploads\/2014\/07\/iftar-u-plavu-23.07.2014-4.jpg","datePublished":"2014-07-23T13:04:43+00:00","dateModified":"2014-07-23T13:08:19+00:00","breadcrumb":{"@id":"https:\/\/sandzakpress.net\/arhiva\/festival-islama-zajednicki-iftar-bosnjaka-i-albanaca-u-organizaciji-bkz-a-u-plavu\/#breadcrumb"},"inLanguage":"bs-BA","potentialAction":[{"@type":"ReadAction","target":["https:\/\/sandzakpress.net\/arhiva\/festival-islama-zajednicki-iftar-bosnjaka-i-albanaca-u-organizaciji-bkz-a-u-plavu\/"]}]},{"@type":"ImageObject","inLanguage":"bs-BA","@id":"https:\/\/sandzakpress.net\/arhiva\/festival-islama-zajednicki-iftar-bosnjaka-i-albanaca-u-organizaciji-bkz-a-u-plavu\/#primaryimage","url":"https:\/\/sandzakpress.net\/arhiva\/wp-content\/uploads\/2014\/07\/iftar-u-plavu-23.07.2014-4.jpg","contentUrl":"https:\/\/sandzakpress.net\/arhiva\/wp-content\/uploads\/2014\/07\/iftar-u-plavu-23.07.2014-4.jpg","width":1000,"height":665},{"@type":"BreadcrumbList","@id":"https:\/\/sandzakpress.net\/arhiva\/festival-islama-zajednicki-iftar-bosnjaka-i-albanaca-u-organizaciji-bkz-a-u-plavu\/#breadcrumb","itemListElement":[{"@type":"ListItem","position":1,"name":"Home","item":"https:\/\/sandzakpress.net\/arhiva\/"},{"@type":"ListItem","position":2,"name":"Festival islama &#8211; Zajedni\u010dki iftar Bo\u0161njaka i Albanaca u organizaciji BKZ-a u Plavu"}]},{"@type":"WebSite","@id":"https:\/\/sandzakpress.net\/arhiva\/#website","url":"https:\/\/sandzakpress.net\/arhiva\/","name":"Sand\u017eak PRESS","description":"Prve elektronske novine u Sand\u017eaku","publisher":{"@id":"https:\/\/sandzakpress.net\/arhiva\/#\/schema\/person\/6e72b67d6e51910a1117b3b483ba20bd"},"potentialAction":[{"@type":"SearchAction","target":{"@type":"EntryPoint","urlTemplate":"https:\/\/sandzakpress.net\/arhiva\/?s={search_term_string}"},"query-input":{"@type":"PropertyValueSpecification","valueRequired":true,"valueName":"search_term_string"}}],"inLanguage":"bs-BA"},{"@type":["Person","Organization"],"@id":"https:\/\/sandzakpress.net\/arhiva\/#\/schema\/person\/6e72b67d6e51910a1117b3b483ba20bd","name":"Kul","image":{"@type":"ImageObject","inLanguage":"bs-BA","@id":"https:\/\/sandzakpress.net\/arhiva\/#\/schema\/person\/image\/","url":"https:\/\/secure.gravatar.com\/avatar\/42263f39aa27ac04c43cab85c280eb2e?s=96&d=mm&r=pg","contentUrl":"https:\/\/secure.gravatar.com\/avatar\/42263f39aa27ac04c43cab85c280eb2e?s=96&d=mm&r=pg","caption":"Kul"},"logo":{"@id":"https:\/\/sandzakpress.net\/arhiva\/#\/schema\/person\/image\/"}},{"@type":"Person","@id":"https:\/\/sandzakpress.net\/arhiva\/#\/schema\/person\/c8baee722073534b583ea7bdb2e36c02","name":"bosniak","image":{"@type":"ImageObject","inLanguage":"bs-BA","@id":"https:\/\/sandzakpress.net\/arhiva\/#\/schema\/person\/image\/","url":"https:\/\/secure.gravatar.com\/avatar\/a04fd330bfe3a36a72a0ad4a6d89fca7?s=96&d=mm&r=pg","contentUrl":"https:\/\/secure.gravatar.com\/avatar\/a04fd330bfe3a36a72a0ad4a6d89fca7?s=96&d=mm&r=pg","caption":"bosniak"},"url":"https:\/\/sandzakpress.net\/arhiva\/author\/bosniak\/"}]}},"_links":{"self":[{"href":"https:\/\/sandzakpress.net\/arhiva\/wp-json\/wp\/v2\/posts\/109173"}],"collection":[{"href":"https:\/\/sandzakpress.net\/arhiva\/wp-json\/wp\/v2\/posts"}],"about":[{"href":"https:\/\/sandzakpress.net\/arhiva\/wp-json\/wp\/v2\/types\/post"}],"author":[{"embeddable":true,"href":"https:\/\/sandzakpress.net\/arhiva\/wp-json\/wp\/v2\/users\/83"}],"replies":[{"embeddable":true,"href":"https:\/\/sandzakpress.net\/arhiva\/wp-json\/wp\/v2\/comments?post=109173"}],"version-history":[{"count":0,"href":"https:\/\/sandzakpress.net\/arhiva\/wp-json\/wp\/v2\/posts\/109173\/revisions"}],"wp:featuredmedia":[{"embeddable":true,"href":"https:\/\/sandzakpress.net\/arhiva\/wp-json\/wp\/v2\/media\/109174"}],"wp:attachment":[{"href":"https:\/\/sandzakpress.net\/arhiva\/wp-json\/wp\/v2\/media?parent=109173"}],"wp:term":[{"taxonomy":"category","embeddable":true,"href":"https:\/\/sandzakpress.net\/arhiva\/wp-json\/wp\/v2\/categories?post=109173"},{"taxonomy":"post_tag","embeddable":true,"href":"https:\/\/sandzakpress.net\/arhiva\/wp-json\/wp\/v2\/tags?post=109173"}],"curies":[{"name":"wp","href":"https:\/\/api.w.org\/{rel}","templated":true}]}}