{"id":109145,"date":"2014-07-22T19:00:33","date_gmt":"2014-07-22T17:00:33","guid":{"rendered":"https:\/\/sandzakpress.net\/arhiva\/?p=109145"},"modified":"2014-07-22T19:19:52","modified_gmt":"2014-07-22T17:19:52","slug":"ispovijest-izraelskog-vojnika-o-borbama-sa-hamasovim-komandosima-izlaze-iz-zemlje-i-krecu-se-poput-duhova","status":"publish","type":"post","link":"https:\/\/sandzakpress.net\/arhiva\/ispovijest-izraelskog-vojnika-o-borbama-sa-hamasovim-komandosima-izlaze-iz-zemlje-i-krecu-se-poput-duhova\/","title":{"rendered":"Ispovijest izraelskog vojnika o borbama sa Hamasovim komandosima: &#8220;Izlaze iz zemlje i kre\u0107u se poput duhova&#8221;"},"content":{"rendered":"<p><img decoding=\"async\" class=\"aligncenter\" src=\"http:\/\/saff.ba\/wp-content\/uploads\/2014\/07\/1750817-18.jpg\" alt=\"\" \/> <strong>Palestina &#8211; Jedan od izraelskih vojnika, pripadnik \u201dGolanske brigade\u201d, koji je pre\u017eivio veliku bitku u \u010detvrti \u0160ud\u017eaijje u Gazi i koji je bio svjedok napada od strane mud\u017eahida, pripadnika \u201dBrigada Izuddin al-Kasam\u201d, priznao je da je u toj akciji poginulo 13 pripadnika \u201dGolanske brigade\u201d, a da je 50 ranjeno, me\u0111u kojima je i nekoliko visokih oficira.<\/strong><\/p>\n<p>Izraelska web stranica Walla objavila je intervju sa spomenutim vojnikom koji je pre\u017eivio napad palestinskih mud\u017eahida i koji je, izme\u0111u ostalog, rekao: \u201dJu\u010der je (nedjelja) \u2018Golanska brigada\u2019 imala jedan od najte\u017eih dana u svojoj povijesti, kada je poginulo 13 njezinih pripadnika, a 50 ih je ranjeno u toku operacije u Pojasu Gaze, u jednoj od najte\u017eih bitaka izraelske vojske uop\u0107e.\u201d<\/p>\n<p>Spominju\u0107i evakuaciju mrtvih i ranjenih u nedjelju nave\u010der u \u010detvrti \u0160ud\u017eaijje u Gazi, on je kazao da je psihi\u010dko stanje izraelskih vojnika nakon te operacije bilo izuzetno te\u0161ko. \u201dAtmosfera u na\u0161oj brigadi bila je izuzetno te\u0161ka. Vidjeli smo komandanta na\u0161e brigade koji je bio sav u krvi, noga mu je otkinuta pred na\u0161im o\u010dima, komandant na\u0161ih vojnih operacija je poginuo, zamjenik komandanta brigade je poginuo, dok je komandant vojno-obavje\u0161tajne brigade bio te\u0161ko ranjen.\u201d Zatim je dodao: \u201dNa\u0161e oklopno vozilo pogo\u0111eno je i onesposobljeno na samom po\u010detku kao posljedica eksplozije ogromne bombe (eksplozivne naprave), od koje smo, u prvi mah, mislili da je protivoklopna raketa tipa \u2018Kornet&#8217;, jer je mjesto na kojem se desio napad vrlo usko i tijesno. Nakon toga su po\u010deli sa neprekidnom paljbom, a cilj im je bio otmica mrtvih tijela ili dijelova mrtvih tijela. Me\u0111utim, na\u0161i oficiri su nam rekli da je takva mogu\u0107nost malo vjerovatna. Mi smo ih gledali kako izlaze iz zemlje, naprosto je bilo te\u0161ko shvatiti i znati odakle dolaze. Kretali su se poput duhova i izlazili iz tunela ne obaziru\u0107i se na na\u0161e tenkove. Cilj su im izgleda bili transporteri, a mi ne znamo za\u0161to.\u201d<\/p>\n<p>Izraeslki vojnik dalje pri\u010da: \u201dDva sata nakon tog napada, mi smo krenuli sa neprestanom paljbom s ciljem da ih otjeramo, a onda je jedan od njih iznenada izmigoljio iz zemlje i stvorio se pred nama i po\u010deo pucati. Mi smo uzvratili, osuli smo paljbu po njemu. Dva sata smo pucali kako bi ih udaljili i sprije\u010dili da ne do\u0111u do na\u0161ih oklopnih vozila.<\/p>\n<p>Sve se to odvijalo pred na\u0161im o\u010dima. Prostor oko nas je bio pun krvi i dijelova ljudskih tijela, nismo mogli raspoznati na\u0161e kolege, stanje razorenosti i zbunjenosti potpuno nas je osvojilo. Ovakve scene nikada prije nismo vidjeli. Bili smo zapanjeni onim \u0161to smo vidjeli. Nakon bitke nismo bili u stanju raspoznati \u010dlanove na\u0161e brigade, niti smo znali ko je \u017eiv a ko mrtav, ko je prisutan, a ko je otet i zarobljen.\u201d<\/p>\n<p>Na kraju intervjua, vojnik je rekao: \u201dPo zavr\u0161etku borbe, jedan od oficira naredio nam je da \u2018pro\u010de\u0161ljamo\u2019 teren. Po\u010deli smo puzati kako bismo do\u0161li do na\u0161ih ranjenih i mrtvih suboraca u transporteru. Prizor je bio jeziv. Taj trenutka ne\u0107u nikada zaboraviti. Puzali smo ulicom tra\u017ee\u0107i tijela na\u0161ih ranjenih i poginulih, dok su nas saborci pokrivali vatrom. Pretra\u017eivanje i \u010de\u0161ljanje terena dugo je trajalo.\u201d<\/p>\n<p><img decoding=\"async\" class=\"wp-image-5855 size-full aligncenter\" src=\"http:\/\/saff.ba\/wp-content\/uploads\/2014\/07\/10489903_702150693195168_582156233254536511_n.jpg\" alt=\"\" \/><\/p>\n<p>(saff)<\/p>\n","protected":false},"excerpt":{"rendered":"<p>Palestina &#8211; Jedan od izraelskih vojnika, pripadnik \u201dGolanske brigade\u201d, koji je pre\u017eivio veliku bitku u \u010detvrti \u0160ud\u017eaijje u Gazi i koji je bio svjedok napada od strane mud\u017eahida, pripadnika \u201dBrigada Izuddin al-Kasam\u201d, priznao je da je u toj akciji poginulo 13 pripadnika \u201dGolanske brigade\u201d, a da je 50 ranjeno, me\u0111u kojima je i nekoliko visokih [&hellip;]<\/p>\n","protected":false},"author":83,"featured_media":109146,"comment_status":"open","ping_status":"open","sticky":false,"template":"","format":"standard","meta":{"footnotes":""},"categories":[9,10429],"tags":[10249],"class_list":{"0":"post-109145","1":"post","2":"type-post","3":"status-publish","4":"format-standard","5":"has-post-thumbnail","7":"category-svijet","8":"category-vazno","9":"tag-palestina"},"yoast_head":"<!-- This site is optimized with the Yoast SEO Premium plugin v23.1 (Yoast SEO v24.9) - https:\/\/yoast.com\/wordpress\/plugins\/seo\/ -->\n<title>Ispovijest izraelskog vojnika o borbama sa Hamasovim komandosima: &quot;Izlaze iz zemlje i kre\u0107u se poput duhova&quot;<\/title>\n<meta name=\"robots\" content=\"index, follow, max-snippet:-1, max-image-preview:large, max-video-preview:-1\" \/>\n<link rel=\"canonical\" href=\"https:\/\/sandzakpress.net\/arhiva\/ispovijest-izraelskog-vojnika-o-borbama-sa-hamasovim-komandosima-izlaze-iz-zemlje-i-krecu-se-poput-duhova\/\" \/>\n<meta property=\"og:locale\" content=\"bs_BA\" \/>\n<meta property=\"og:type\" content=\"article\" \/>\n<meta property=\"og:title\" content=\"Ispovijest izraelskog vojnika o borbama sa Hamasovim komandosima: &quot;Izlaze iz zemlje i kre\u0107u se poput duhova&quot;\" \/>\n<meta property=\"og:description\" content=\"Palestina &#8211; Jedan od izraelskih vojnika, pripadnik \u201dGolanske brigade\u201d, koji je pre\u017eivio veliku bitku u \u010detvrti \u0160ud\u017eaijje u Gazi i koji je bio svjedok napada od strane mud\u017eahida, pripadnika \u201dBrigada Izuddin al-Kasam\u201d, priznao je da je u toj akciji poginulo 13 pripadnika \u201dGolanske brigade\u201d, a da je 50 ranjeno, me\u0111u kojima je i nekoliko visokih [&hellip;]\" \/>\n<meta property=\"og:url\" content=\"https:\/\/sandzakpress.net\/arhiva\/ispovijest-izraelskog-vojnika-o-borbama-sa-hamasovim-komandosima-izlaze-iz-zemlje-i-krecu-se-poput-duhova\/\" \/>\n<meta property=\"og:site_name\" content=\"Sand\u017eak PRESS\" \/>\n<meta property=\"article:published_time\" content=\"2014-07-22T17:00:33+00:00\" \/>\n<meta property=\"article:modified_time\" content=\"2014-07-22T17:19:52+00:00\" \/>\n<meta property=\"og:image\" content=\"https:\/\/sandzakpress.net\/arhiva\/wp-content\/uploads\/2014\/07\/1750817-18.jpg\" \/>\n\t<meta property=\"og:image:width\" content=\"466\" \/>\n\t<meta property=\"og:image:height\" content=\"349\" \/>\n\t<meta property=\"og:image:type\" content=\"image\/jpeg\" \/>\n<meta name=\"author\" content=\"bosniak\" \/>\n<meta name=\"twitter:card\" content=\"summary_large_image\" \/>\n<meta name=\"twitter:label1\" content=\"Written by\" \/>\n\t<meta name=\"twitter:data1\" content=\"bosniak\" \/>\n\t<meta name=\"twitter:label2\" content=\"Est. reading time\" \/>\n\t<meta name=\"twitter:data2\" content=\"3 minute\" \/>\n<script type=\"application\/ld+json\" class=\"yoast-schema-graph\">{\"@context\":\"https:\/\/schema.org\",\"@graph\":[{\"@type\":\"Article\",\"@id\":\"https:\/\/sandzakpress.net\/arhiva\/ispovijest-izraelskog-vojnika-o-borbama-sa-hamasovim-komandosima-izlaze-iz-zemlje-i-krecu-se-poput-duhova\/#article\",\"isPartOf\":{\"@id\":\"https:\/\/sandzakpress.net\/arhiva\/ispovijest-izraelskog-vojnika-o-borbama-sa-hamasovim-komandosima-izlaze-iz-zemlje-i-krecu-se-poput-duhova\/\"},\"author\":{\"name\":\"bosniak\",\"@id\":\"https:\/\/sandzakpress.net\/arhiva\/#\/schema\/person\/c8baee722073534b583ea7bdb2e36c02\"},\"headline\":\"Ispovijest izraelskog vojnika o borbama sa Hamasovim komandosima: &#8220;Izlaze iz zemlje i kre\u0107u se poput duhova&#8221;\",\"datePublished\":\"2014-07-22T17:00:33+00:00\",\"dateModified\":\"2014-07-22T17:19:52+00:00\",\"mainEntityOfPage\":{\"@id\":\"https:\/\/sandzakpress.net\/arhiva\/ispovijest-izraelskog-vojnika-o-borbama-sa-hamasovim-komandosima-izlaze-iz-zemlje-i-krecu-se-poput-duhova\/\"},\"wordCount\":576,\"commentCount\":5,\"publisher\":{\"@id\":\"https:\/\/sandzakpress.net\/arhiva\/#\/schema\/person\/6e72b67d6e51910a1117b3b483ba20bd\"},\"image\":{\"@id\":\"https:\/\/sandzakpress.net\/arhiva\/ispovijest-izraelskog-vojnika-o-borbama-sa-hamasovim-komandosima-izlaze-iz-zemlje-i-krecu-se-poput-duhova\/#primaryimage\"},\"thumbnailUrl\":\"https:\/\/sandzakpress.net\/arhiva\/wp-content\/uploads\/2014\/07\/1750817-18.jpg\",\"keywords\":[\"Palestina\"],\"articleSection\":[\"Svijet\",\"VA\u017dNO!\"],\"inLanguage\":\"bs-BA\",\"potentialAction\":[{\"@type\":\"CommentAction\",\"name\":\"Comment\",\"target\":[\"https:\/\/sandzakpress.net\/arhiva\/ispovijest-izraelskog-vojnika-o-borbama-sa-hamasovim-komandosima-izlaze-iz-zemlje-i-krecu-se-poput-duhova\/#respond\"]}]},{\"@type\":\"WebPage\",\"@id\":\"https:\/\/sandzakpress.net\/arhiva\/ispovijest-izraelskog-vojnika-o-borbama-sa-hamasovim-komandosima-izlaze-iz-zemlje-i-krecu-se-poput-duhova\/\",\"url\":\"https:\/\/sandzakpress.net\/arhiva\/ispovijest-izraelskog-vojnika-o-borbama-sa-hamasovim-komandosima-izlaze-iz-zemlje-i-krecu-se-poput-duhova\/\",\"name\":\"Ispovijest izraelskog vojnika o borbama sa Hamasovim komandosima: \\\"Izlaze iz zemlje i kre\u0107u se poput duhova\\\"\",\"isPartOf\":{\"@id\":\"https:\/\/sandzakpress.net\/arhiva\/#website\"},\"primaryImageOfPage\":{\"@id\":\"https:\/\/sandzakpress.net\/arhiva\/ispovijest-izraelskog-vojnika-o-borbama-sa-hamasovim-komandosima-izlaze-iz-zemlje-i-krecu-se-poput-duhova\/#primaryimage\"},\"image\":{\"@id\":\"https:\/\/sandzakpress.net\/arhiva\/ispovijest-izraelskog-vojnika-o-borbama-sa-hamasovim-komandosima-izlaze-iz-zemlje-i-krecu-se-poput-duhova\/#primaryimage\"},\"thumbnailUrl\":\"https:\/\/sandzakpress.net\/arhiva\/wp-content\/uploads\/2014\/07\/1750817-18.jpg\",\"datePublished\":\"2014-07-22T17:00:33+00:00\",\"dateModified\":\"2014-07-22T17:19:52+00:00\",\"breadcrumb\":{\"@id\":\"https:\/\/sandzakpress.net\/arhiva\/ispovijest-izraelskog-vojnika-o-borbama-sa-hamasovim-komandosima-izlaze-iz-zemlje-i-krecu-se-poput-duhova\/#breadcrumb\"},\"inLanguage\":\"bs-BA\",\"potentialAction\":[{\"@type\":\"ReadAction\",\"target\":[\"https:\/\/sandzakpress.net\/arhiva\/ispovijest-izraelskog-vojnika-o-borbama-sa-hamasovim-komandosima-izlaze-iz-zemlje-i-krecu-se-poput-duhova\/\"]}]},{\"@type\":\"ImageObject\",\"inLanguage\":\"bs-BA\",\"@id\":\"https:\/\/sandzakpress.net\/arhiva\/ispovijest-izraelskog-vojnika-o-borbama-sa-hamasovim-komandosima-izlaze-iz-zemlje-i-krecu-se-poput-duhova\/#primaryimage\",\"url\":\"https:\/\/sandzakpress.net\/arhiva\/wp-content\/uploads\/2014\/07\/1750817-18.jpg\",\"contentUrl\":\"https:\/\/sandzakpress.net\/arhiva\/wp-content\/uploads\/2014\/07\/1750817-18.jpg\",\"width\":466,\"height\":349},{\"@type\":\"BreadcrumbList\",\"@id\":\"https:\/\/sandzakpress.net\/arhiva\/ispovijest-izraelskog-vojnika-o-borbama-sa-hamasovim-komandosima-izlaze-iz-zemlje-i-krecu-se-poput-duhova\/#breadcrumb\",\"itemListElement\":[{\"@type\":\"ListItem\",\"position\":1,\"name\":\"Home\",\"item\":\"https:\/\/sandzakpress.net\/arhiva\/\"},{\"@type\":\"ListItem\",\"position\":2,\"name\":\"Ispovijest izraelskog vojnika o borbama sa Hamasovim komandosima: &#8220;Izlaze iz zemlje i kre\u0107u se poput duhova&#8221;\"}]},{\"@type\":\"WebSite\",\"@id\":\"https:\/\/sandzakpress.net\/arhiva\/#website\",\"url\":\"https:\/\/sandzakpress.net\/arhiva\/\",\"name\":\"Sand\u017eak PRESS\",\"description\":\"Prve elektronske novine u Sand\u017eaku\",\"publisher\":{\"@id\":\"https:\/\/sandzakpress.net\/arhiva\/#\/schema\/person\/6e72b67d6e51910a1117b3b483ba20bd\"},\"potentialAction\":[{\"@type\":\"SearchAction\",\"target\":{\"@type\":\"EntryPoint\",\"urlTemplate\":\"https:\/\/sandzakpress.net\/arhiva\/?s={search_term_string}\"},\"query-input\":{\"@type\":\"PropertyValueSpecification\",\"valueRequired\":true,\"valueName\":\"search_term_string\"}}],\"inLanguage\":\"bs-BA\"},{\"@type\":[\"Person\",\"Organization\"],\"@id\":\"https:\/\/sandzakpress.net\/arhiva\/#\/schema\/person\/6e72b67d6e51910a1117b3b483ba20bd\",\"name\":\"Kul\",\"image\":{\"@type\":\"ImageObject\",\"inLanguage\":\"bs-BA\",\"@id\":\"https:\/\/sandzakpress.net\/arhiva\/#\/schema\/person\/image\/\",\"url\":\"https:\/\/secure.gravatar.com\/avatar\/42263f39aa27ac04c43cab85c280eb2e?s=96&d=mm&r=pg\",\"contentUrl\":\"https:\/\/secure.gravatar.com\/avatar\/42263f39aa27ac04c43cab85c280eb2e?s=96&d=mm&r=pg\",\"caption\":\"Kul\"},\"logo\":{\"@id\":\"https:\/\/sandzakpress.net\/arhiva\/#\/schema\/person\/image\/\"}},{\"@type\":\"Person\",\"@id\":\"https:\/\/sandzakpress.net\/arhiva\/#\/schema\/person\/c8baee722073534b583ea7bdb2e36c02\",\"name\":\"bosniak\",\"image\":{\"@type\":\"ImageObject\",\"inLanguage\":\"bs-BA\",\"@id\":\"https:\/\/sandzakpress.net\/arhiva\/#\/schema\/person\/image\/\",\"url\":\"https:\/\/secure.gravatar.com\/avatar\/a04fd330bfe3a36a72a0ad4a6d89fca7?s=96&d=mm&r=pg\",\"contentUrl\":\"https:\/\/secure.gravatar.com\/avatar\/a04fd330bfe3a36a72a0ad4a6d89fca7?s=96&d=mm&r=pg\",\"caption\":\"bosniak\"},\"url\":\"https:\/\/sandzakpress.net\/arhiva\/author\/bosniak\/\"}]}<\/script>\n<!-- \/ Yoast SEO Premium plugin. -->","yoast_head_json":{"title":"Ispovijest izraelskog vojnika o borbama sa Hamasovim komandosima: \"Izlaze iz zemlje i kre\u0107u se poput duhova\"","robots":{"index":"index","follow":"follow","max-snippet":"max-snippet:-1","max-image-preview":"max-image-preview:large","max-video-preview":"max-video-preview:-1"},"canonical":"https:\/\/sandzakpress.net\/arhiva\/ispovijest-izraelskog-vojnika-o-borbama-sa-hamasovim-komandosima-izlaze-iz-zemlje-i-krecu-se-poput-duhova\/","og_locale":"bs_BA","og_type":"article","og_title":"Ispovijest izraelskog vojnika o borbama sa Hamasovim komandosima: \"Izlaze iz zemlje i kre\u0107u se poput duhova\"","og_description":"Palestina &#8211; Jedan od izraelskih vojnika, pripadnik \u201dGolanske brigade\u201d, koji je pre\u017eivio veliku bitku u \u010detvrti \u0160ud\u017eaijje u Gazi i koji je bio svjedok napada od strane mud\u017eahida, pripadnika \u201dBrigada Izuddin al-Kasam\u201d, priznao je da je u toj akciji poginulo 13 pripadnika \u201dGolanske brigade\u201d, a da je 50 ranjeno, me\u0111u kojima je i nekoliko visokih [&hellip;]","og_url":"https:\/\/sandzakpress.net\/arhiva\/ispovijest-izraelskog-vojnika-o-borbama-sa-hamasovim-komandosima-izlaze-iz-zemlje-i-krecu-se-poput-duhova\/","og_site_name":"Sand\u017eak PRESS","article_published_time":"2014-07-22T17:00:33+00:00","article_modified_time":"2014-07-22T17:19:52+00:00","og_image":[{"width":466,"height":349,"url":"https:\/\/sandzakpress.net\/arhiva\/wp-content\/uploads\/2014\/07\/1750817-18.jpg","type":"image\/jpeg"}],"author":"bosniak","twitter_card":"summary_large_image","twitter_misc":{"Written by":"bosniak","Est. reading time":"3 minute"},"schema":{"@context":"https:\/\/schema.org","@graph":[{"@type":"Article","@id":"https:\/\/sandzakpress.net\/arhiva\/ispovijest-izraelskog-vojnika-o-borbama-sa-hamasovim-komandosima-izlaze-iz-zemlje-i-krecu-se-poput-duhova\/#article","isPartOf":{"@id":"https:\/\/sandzakpress.net\/arhiva\/ispovijest-izraelskog-vojnika-o-borbama-sa-hamasovim-komandosima-izlaze-iz-zemlje-i-krecu-se-poput-duhova\/"},"author":{"name":"bosniak","@id":"https:\/\/sandzakpress.net\/arhiva\/#\/schema\/person\/c8baee722073534b583ea7bdb2e36c02"},"headline":"Ispovijest izraelskog vojnika o borbama sa Hamasovim komandosima: &#8220;Izlaze iz zemlje i kre\u0107u se poput duhova&#8221;","datePublished":"2014-07-22T17:00:33+00:00","dateModified":"2014-07-22T17:19:52+00:00","mainEntityOfPage":{"@id":"https:\/\/sandzakpress.net\/arhiva\/ispovijest-izraelskog-vojnika-o-borbama-sa-hamasovim-komandosima-izlaze-iz-zemlje-i-krecu-se-poput-duhova\/"},"wordCount":576,"commentCount":5,"publisher":{"@id":"https:\/\/sandzakpress.net\/arhiva\/#\/schema\/person\/6e72b67d6e51910a1117b3b483ba20bd"},"image":{"@id":"https:\/\/sandzakpress.net\/arhiva\/ispovijest-izraelskog-vojnika-o-borbama-sa-hamasovim-komandosima-izlaze-iz-zemlje-i-krecu-se-poput-duhova\/#primaryimage"},"thumbnailUrl":"https:\/\/sandzakpress.net\/arhiva\/wp-content\/uploads\/2014\/07\/1750817-18.jpg","keywords":["Palestina"],"articleSection":["Svijet","VA\u017dNO!"],"inLanguage":"bs-BA","potentialAction":[{"@type":"CommentAction","name":"Comment","target":["https:\/\/sandzakpress.net\/arhiva\/ispovijest-izraelskog-vojnika-o-borbama-sa-hamasovim-komandosima-izlaze-iz-zemlje-i-krecu-se-poput-duhova\/#respond"]}]},{"@type":"WebPage","@id":"https:\/\/sandzakpress.net\/arhiva\/ispovijest-izraelskog-vojnika-o-borbama-sa-hamasovim-komandosima-izlaze-iz-zemlje-i-krecu-se-poput-duhova\/","url":"https:\/\/sandzakpress.net\/arhiva\/ispovijest-izraelskog-vojnika-o-borbama-sa-hamasovim-komandosima-izlaze-iz-zemlje-i-krecu-se-poput-duhova\/","name":"Ispovijest izraelskog vojnika o borbama sa Hamasovim komandosima: \"Izlaze iz zemlje i kre\u0107u se poput duhova\"","isPartOf":{"@id":"https:\/\/sandzakpress.net\/arhiva\/#website"},"primaryImageOfPage":{"@id":"https:\/\/sandzakpress.net\/arhiva\/ispovijest-izraelskog-vojnika-o-borbama-sa-hamasovim-komandosima-izlaze-iz-zemlje-i-krecu-se-poput-duhova\/#primaryimage"},"image":{"@id":"https:\/\/sandzakpress.net\/arhiva\/ispovijest-izraelskog-vojnika-o-borbama-sa-hamasovim-komandosima-izlaze-iz-zemlje-i-krecu-se-poput-duhova\/#primaryimage"},"thumbnailUrl":"https:\/\/sandzakpress.net\/arhiva\/wp-content\/uploads\/2014\/07\/1750817-18.jpg","datePublished":"2014-07-22T17:00:33+00:00","dateModified":"2014-07-22T17:19:52+00:00","breadcrumb":{"@id":"https:\/\/sandzakpress.net\/arhiva\/ispovijest-izraelskog-vojnika-o-borbama-sa-hamasovim-komandosima-izlaze-iz-zemlje-i-krecu-se-poput-duhova\/#breadcrumb"},"inLanguage":"bs-BA","potentialAction":[{"@type":"ReadAction","target":["https:\/\/sandzakpress.net\/arhiva\/ispovijest-izraelskog-vojnika-o-borbama-sa-hamasovim-komandosima-izlaze-iz-zemlje-i-krecu-se-poput-duhova\/"]}]},{"@type":"ImageObject","inLanguage":"bs-BA","@id":"https:\/\/sandzakpress.net\/arhiva\/ispovijest-izraelskog-vojnika-o-borbama-sa-hamasovim-komandosima-izlaze-iz-zemlje-i-krecu-se-poput-duhova\/#primaryimage","url":"https:\/\/sandzakpress.net\/arhiva\/wp-content\/uploads\/2014\/07\/1750817-18.jpg","contentUrl":"https:\/\/sandzakpress.net\/arhiva\/wp-content\/uploads\/2014\/07\/1750817-18.jpg","width":466,"height":349},{"@type":"BreadcrumbList","@id":"https:\/\/sandzakpress.net\/arhiva\/ispovijest-izraelskog-vojnika-o-borbama-sa-hamasovim-komandosima-izlaze-iz-zemlje-i-krecu-se-poput-duhova\/#breadcrumb","itemListElement":[{"@type":"ListItem","position":1,"name":"Home","item":"https:\/\/sandzakpress.net\/arhiva\/"},{"@type":"ListItem","position":2,"name":"Ispovijest izraelskog vojnika o borbama sa Hamasovim komandosima: &#8220;Izlaze iz zemlje i kre\u0107u se poput duhova&#8221;"}]},{"@type":"WebSite","@id":"https:\/\/sandzakpress.net\/arhiva\/#website","url":"https:\/\/sandzakpress.net\/arhiva\/","name":"Sand\u017eak PRESS","description":"Prve elektronske novine u Sand\u017eaku","publisher":{"@id":"https:\/\/sandzakpress.net\/arhiva\/#\/schema\/person\/6e72b67d6e51910a1117b3b483ba20bd"},"potentialAction":[{"@type":"SearchAction","target":{"@type":"EntryPoint","urlTemplate":"https:\/\/sandzakpress.net\/arhiva\/?s={search_term_string}"},"query-input":{"@type":"PropertyValueSpecification","valueRequired":true,"valueName":"search_term_string"}}],"inLanguage":"bs-BA"},{"@type":["Person","Organization"],"@id":"https:\/\/sandzakpress.net\/arhiva\/#\/schema\/person\/6e72b67d6e51910a1117b3b483ba20bd","name":"Kul","image":{"@type":"ImageObject","inLanguage":"bs-BA","@id":"https:\/\/sandzakpress.net\/arhiva\/#\/schema\/person\/image\/","url":"https:\/\/secure.gravatar.com\/avatar\/42263f39aa27ac04c43cab85c280eb2e?s=96&d=mm&r=pg","contentUrl":"https:\/\/secure.gravatar.com\/avatar\/42263f39aa27ac04c43cab85c280eb2e?s=96&d=mm&r=pg","caption":"Kul"},"logo":{"@id":"https:\/\/sandzakpress.net\/arhiva\/#\/schema\/person\/image\/"}},{"@type":"Person","@id":"https:\/\/sandzakpress.net\/arhiva\/#\/schema\/person\/c8baee722073534b583ea7bdb2e36c02","name":"bosniak","image":{"@type":"ImageObject","inLanguage":"bs-BA","@id":"https:\/\/sandzakpress.net\/arhiva\/#\/schema\/person\/image\/","url":"https:\/\/secure.gravatar.com\/avatar\/a04fd330bfe3a36a72a0ad4a6d89fca7?s=96&d=mm&r=pg","contentUrl":"https:\/\/secure.gravatar.com\/avatar\/a04fd330bfe3a36a72a0ad4a6d89fca7?s=96&d=mm&r=pg","caption":"bosniak"},"url":"https:\/\/sandzakpress.net\/arhiva\/author\/bosniak\/"}]}},"_links":{"self":[{"href":"https:\/\/sandzakpress.net\/arhiva\/wp-json\/wp\/v2\/posts\/109145"}],"collection":[{"href":"https:\/\/sandzakpress.net\/arhiva\/wp-json\/wp\/v2\/posts"}],"about":[{"href":"https:\/\/sandzakpress.net\/arhiva\/wp-json\/wp\/v2\/types\/post"}],"author":[{"embeddable":true,"href":"https:\/\/sandzakpress.net\/arhiva\/wp-json\/wp\/v2\/users\/83"}],"replies":[{"embeddable":true,"href":"https:\/\/sandzakpress.net\/arhiva\/wp-json\/wp\/v2\/comments?post=109145"}],"version-history":[{"count":0,"href":"https:\/\/sandzakpress.net\/arhiva\/wp-json\/wp\/v2\/posts\/109145\/revisions"}],"wp:featuredmedia":[{"embeddable":true,"href":"https:\/\/sandzakpress.net\/arhiva\/wp-json\/wp\/v2\/media\/109146"}],"wp:attachment":[{"href":"https:\/\/sandzakpress.net\/arhiva\/wp-json\/wp\/v2\/media?parent=109145"}],"wp:term":[{"taxonomy":"category","embeddable":true,"href":"https:\/\/sandzakpress.net\/arhiva\/wp-json\/wp\/v2\/categories?post=109145"},{"taxonomy":"post_tag","embeddable":true,"href":"https:\/\/sandzakpress.net\/arhiva\/wp-json\/wp\/v2\/tags?post=109145"}],"curies":[{"name":"wp","href":"https:\/\/api.w.org\/{rel}","templated":true}]}}