{"id":109053,"date":"2014-07-21T16:02:50","date_gmt":"2014-07-21T14:02:50","guid":{"rendered":"https:\/\/sandzakpress.net\/arhiva\/?p=109053"},"modified":"2014-07-21T16:05:03","modified_gmt":"2014-07-21T14:05:03","slug":"john-kerry-kritizirao-izrael-ne-znajuci-da-ga-snimaju","status":"publish","type":"post","link":"https:\/\/sandzakpress.net\/arhiva\/john-kerry-kritizirao-izrael-ne-znajuci-da-ga-snimaju\/","title":{"rendered":"John Kerry kritizirao Izrael ne znaju\u0107i da ga snimaju"},"content":{"rendered":"<p><a href=\"https:\/\/sandzakpress.net\/arhiva\/wp-content\/uploads\/2014\/07\/John_Kerry__Ukrain_2843912b.jpg\"><img loading=\"lazy\" decoding=\"async\" class=\"aligncenter size-full wp-image-109055\" src=\"https:\/\/sandzakpress.net\/arhiva\/wp-content\/uploads\/2014\/07\/John_Kerry__Ukrain_2843912b.jpg\" alt=\"U.S. Secretary of State Kerry speaks about the Ukraine crisis after his meetings with other foreign ministers in Paris\" width=\"620\" height=\"388\" srcset=\"https:\/\/sandzakpress.net\/arhiva\/wp-content\/uploads\/2014\/07\/John_Kerry__Ukrain_2843912b.jpg 620w, https:\/\/sandzakpress.net\/arhiva\/wp-content\/uploads\/2014\/07\/John_Kerry__Ukrain_2843912b-616x385.jpg 616w\" sizes=\"(max-width: 620px) 100vw, 620px\" \/><\/a><br \/>\n<strong>Amerika, Palestina &#8211;\u00a0Dr\u017eavni sekretar Sjedinjenih Ameri\u010dkih Dr\u017eava John Kerry uputio je kritiku na ra\u010dun Izraela, sude\u0107i prema onome \u0161to je rekao, ne znaju\u0107i da je mikrofon uklju\u010den, izme\u0111u televizijskih intervjua u nedjelju, javljaju agencije.<\/strong><\/p>\n<p style=\"color: #323232;\">Kerry se \u010duje kako govori o izraelskim vojnicima ubijenim u Gazi zvani\u010dniku State Departmenta Jonathanu Fineru, prije nego \u0161to se pojavio u emisiji &#8220;Fox News Sunday&#8221;.<\/p>\n<p style=\"color: #323232;\"><object id=\"flashObj\" width=\"370\" height=\"208\" classid=\"clsid:D27CDB6E-AE6D-11cf-96B8-444553540000\" codebase=\"http:\/\/download.macromedia.com\/pub\/shockwave\/cabs\/flash\/swflash.cab#version=9,0,47,0\"><param name=\"movie\" value=\"http:\/\/c.brightcove.com\/services\/viewer\/federated_f9?isVid=1&#038;isUI=1\" \/><param name=\"bgcolor\" value=\"#FFFFFF\" \/><param name=\"flashVars\" value=\"videoId=3686991524001&#038;playerID=1638546175001&#038;playerKey=AQ~~,AAAAmtVJIFk~,TVGOQ5ZTwJZhmi7steBjnvKikk1S5nut&#038;domain=embed&#038;dynamicStreaming=true\" \/><param name=\"base\" value=\"http:\/\/admin.brightcove.com\" \/><param name=\"seamlesstabbing\" value=\"false\" \/><param name=\"allowFullScreen\" value=\"true\" \/><param name=\"swLiveConnect\" value=\"true\" \/><param name=\"allowScriptAccess\" value=\"always\" \/><embed src=\"http:\/\/c.brightcove.com\/services\/viewer\/federated_f9?isVid=1&#038;isUI=1\" bgcolor=\"#FFFFFF\" flashVars=\"videoId=3686991524001&#038;playerID=1638546175001&#038;playerKey=AQ~~,AAAAmtVJIFk~,TVGOQ5ZTwJZhmi7steBjnvKikk1S5nut&#038;domain=embed&#038;dynamicStreaming=true\" base=\"http:\/\/admin.brightcove.com\" name=\"flashObj\" width=\"370\" height=\"208\" seamlesstabbing=\"false\" type=\"application\/x-shockwave-flash\" allowFullScreen=\"true\" allowScriptAccess=\"always\" swLiveConnect=\"true\" pluginspage=\"http:\/\/www.macromedia.com\/shockwave\/download\/index.cgi?P1_Prod_Version=ShockwaveFlash\"\/><\/object>&#8220;Nadam se da ne misle da je to poziv da idu da urade vi\u0161e. Bolje bi bilo da im je to upozorenje&#8221;, rekao je Kerry, dodav\u0161i: &#8220;\u00d0avola je to precizna operacija&#8221;, o\u010dito frustriran zbog velikog broja ubijenih civila u izraelskoj ofanzivi, prenose agencije.<\/p>\n<p style=\"color: #323232;\">&#8220;Moramo to prevazi\u0107i tamo. Mislim, Johne, da bi trebalo da idemo no\u0107as. Mislim da je ludo da samo sjedimo. Hajdemo&#8221;, \u010duo se Kerry kako ka\u017ee.<\/p>\n<p style=\"color: #323232;\">Kada ga je voditelj emisije upitao \u0161ta je to rekao, Kerry je ponovio da Izrael ima pravo na samoodbranu.<\/p>\n<p style=\"color: #323232;\">&#8220;Mislim da je vrlo, vrlo te\u0161ko u takvim situacijama, o\u010dito je vrlo te\u0161ko&#8221;, rekao je Kerry. &#8220;Imate ljude koji izlaze iz tunela. Imate pravo da u\u0111ete i uni\u0161tite te tunele. U potpunosti to podr\u017eavamo. I podr\u017eavamo pravo Izraela da se brani protiv raketa koje nastavljaju dolaziti. Hamas je po\u010deo taj proces raketiranja, nakon \u0161to je Izrael poku\u0161ao na\u0107i ljude koji su ubili trojicu mladi\u0107a&#8230; Znate &#8211; jedno ameri\u010dko dijete, tri mlada gra\u0111anina Izraela. To je sramota&#8221;, kazao je.<\/p>\n<p style=\"color: #323232;\">&#8220;Te\u0161ko je imati takvu vrstu operacije. Reagirao sam o\u010dito na na\u010din kako svako reagira uz po\u0161tovanje prema maloj djeci i civilima&#8221;, rekao je Kerry, dodav\u0161i: &#8220;Ali, rat je te\u017eak i rekao sam to javno i sada ka\u017eem to ponovo. Branimo pravo Izraela da uradi ono \u0161to radi kako bi stigao do tih tunela.&#8221;<\/p>\n<p style=\"color: #323232;\">Prvi diplomata SAD-a je apelirao na Hamas da bude razuman i shvati da prihvatanjem prekida vatre spa\u0161ava \u017eivote.<\/p>\n<p style=\"color: #323232;\">Kerry je u ponedjeljak otputovao u Kairo da razgovora o krizi u Gazi.<\/p>\n<p style=\"color: #323232;\">(aljazeera)<\/p>\n","protected":false},"excerpt":{"rendered":"<p>Amerika, Palestina &#8211;\u00a0Dr\u017eavni sekretar Sjedinjenih Ameri\u010dkih Dr\u017eava John Kerry uputio je kritiku na ra\u010dun Izraela, sude\u0107i prema onome \u0161to je rekao, ne znaju\u0107i da je mikrofon uklju\u010den, izme\u0111u televizijskih intervjua u nedjelju, javljaju agencije. Kerry se \u010duje kako govori o izraelskim vojnicima ubijenim u Gazi zvani\u010dniku State Departmenta Jonathanu Fineru, prije nego \u0161to se pojavio [&hellip;]<\/p>\n","protected":false},"author":83,"featured_media":109055,"comment_status":"open","ping_status":"open","sticky":false,"template":"","format":"standard","meta":{"footnotes":""},"categories":[3012,9],"tags":[10249],"class_list":{"0":"post-109053","1":"post","2":"type-post","3":"status-publish","4":"format-standard","5":"has-post-thumbnail","7":"category-amerika-gradovi","8":"category-svijet","9":"tag-palestina"},"yoast_head":"<!-- This site is optimized with the Yoast SEO Premium plugin v23.1 (Yoast SEO v24.9) - https:\/\/yoast.com\/wordpress\/plugins\/seo\/ -->\n<title>John Kerry kritizirao Izrael ne znaju\u0107i da ga snimaju<\/title>\n<meta name=\"robots\" content=\"index, follow, max-snippet:-1, max-image-preview:large, max-video-preview:-1\" \/>\n<link rel=\"canonical\" href=\"https:\/\/sandzakpress.net\/arhiva\/john-kerry-kritizirao-izrael-ne-znajuci-da-ga-snimaju\/\" \/>\n<meta property=\"og:locale\" content=\"bs_BA\" \/>\n<meta property=\"og:type\" content=\"article\" \/>\n<meta property=\"og:title\" content=\"John Kerry kritizirao Izrael ne znaju\u0107i da ga snimaju\" \/>\n<meta property=\"og:description\" content=\"Amerika, Palestina &#8211;\u00a0Dr\u017eavni sekretar Sjedinjenih Ameri\u010dkih Dr\u017eava John Kerry uputio je kritiku na ra\u010dun Izraela, sude\u0107i prema onome \u0161to je rekao, ne znaju\u0107i da je mikrofon uklju\u010den, izme\u0111u televizijskih intervjua u nedjelju, javljaju agencije. Kerry se \u010duje kako govori o izraelskim vojnicima ubijenim u Gazi zvani\u010dniku State Departmenta Jonathanu Fineru, prije nego \u0161to se pojavio [&hellip;]\" \/>\n<meta property=\"og:url\" content=\"https:\/\/sandzakpress.net\/arhiva\/john-kerry-kritizirao-izrael-ne-znajuci-da-ga-snimaju\/\" \/>\n<meta property=\"og:site_name\" content=\"Sand\u017eak PRESS\" \/>\n<meta property=\"article:published_time\" content=\"2014-07-21T14:02:50+00:00\" \/>\n<meta property=\"article:modified_time\" content=\"2014-07-21T14:05:03+00:00\" \/>\n<meta property=\"og:image\" content=\"https:\/\/sandzakpress.net\/arhiva\/wp-content\/uploads\/2014\/07\/John_Kerry__Ukrain_2843912b.jpg\" \/>\n\t<meta property=\"og:image:width\" content=\"620\" \/>\n\t<meta property=\"og:image:height\" content=\"388\" \/>\n\t<meta property=\"og:image:type\" content=\"image\/jpeg\" \/>\n<meta name=\"author\" content=\"bosniak\" \/>\n<meta name=\"twitter:card\" content=\"summary_large_image\" \/>\n<meta name=\"twitter:label1\" content=\"Written by\" \/>\n\t<meta name=\"twitter:data1\" content=\"bosniak\" \/>\n\t<meta name=\"twitter:label2\" content=\"Est. reading time\" \/>\n\t<meta name=\"twitter:data2\" content=\"2 minute\" \/>\n<script type=\"application\/ld+json\" class=\"yoast-schema-graph\">{\"@context\":\"https:\/\/schema.org\",\"@graph\":[{\"@type\":\"Article\",\"@id\":\"https:\/\/sandzakpress.net\/arhiva\/john-kerry-kritizirao-izrael-ne-znajuci-da-ga-snimaju\/#article\",\"isPartOf\":{\"@id\":\"https:\/\/sandzakpress.net\/arhiva\/john-kerry-kritizirao-izrael-ne-znajuci-da-ga-snimaju\/\"},\"author\":{\"name\":\"bosniak\",\"@id\":\"https:\/\/sandzakpress.net\/arhiva\/#\/schema\/person\/c8baee722073534b583ea7bdb2e36c02\"},\"headline\":\"John Kerry kritizirao Izrael ne znaju\u0107i da ga snimaju\",\"datePublished\":\"2014-07-21T14:02:50+00:00\",\"dateModified\":\"2014-07-21T14:05:03+00:00\",\"mainEntityOfPage\":{\"@id\":\"https:\/\/sandzakpress.net\/arhiva\/john-kerry-kritizirao-izrael-ne-znajuci-da-ga-snimaju\/\"},\"wordCount\":357,\"commentCount\":2,\"publisher\":{\"@id\":\"https:\/\/sandzakpress.net\/arhiva\/#\/schema\/person\/6e72b67d6e51910a1117b3b483ba20bd\"},\"image\":{\"@id\":\"https:\/\/sandzakpress.net\/arhiva\/john-kerry-kritizirao-izrael-ne-znajuci-da-ga-snimaju\/#primaryimage\"},\"thumbnailUrl\":\"https:\/\/sandzakpress.net\/arhiva\/wp-content\/uploads\/2014\/07\/John_Kerry__Ukrain_2843912b.jpg\",\"keywords\":[\"Palestina\"],\"articleSection\":[\"Amerika\",\"Svijet\"],\"inLanguage\":\"bs-BA\",\"potentialAction\":[{\"@type\":\"CommentAction\",\"name\":\"Comment\",\"target\":[\"https:\/\/sandzakpress.net\/arhiva\/john-kerry-kritizirao-izrael-ne-znajuci-da-ga-snimaju\/#respond\"]}]},{\"@type\":\"WebPage\",\"@id\":\"https:\/\/sandzakpress.net\/arhiva\/john-kerry-kritizirao-izrael-ne-znajuci-da-ga-snimaju\/\",\"url\":\"https:\/\/sandzakpress.net\/arhiva\/john-kerry-kritizirao-izrael-ne-znajuci-da-ga-snimaju\/\",\"name\":\"John Kerry kritizirao Izrael ne znaju\u0107i da ga snimaju\",\"isPartOf\":{\"@id\":\"https:\/\/sandzakpress.net\/arhiva\/#website\"},\"primaryImageOfPage\":{\"@id\":\"https:\/\/sandzakpress.net\/arhiva\/john-kerry-kritizirao-izrael-ne-znajuci-da-ga-snimaju\/#primaryimage\"},\"image\":{\"@id\":\"https:\/\/sandzakpress.net\/arhiva\/john-kerry-kritizirao-izrael-ne-znajuci-da-ga-snimaju\/#primaryimage\"},\"thumbnailUrl\":\"https:\/\/sandzakpress.net\/arhiva\/wp-content\/uploads\/2014\/07\/John_Kerry__Ukrain_2843912b.jpg\",\"datePublished\":\"2014-07-21T14:02:50+00:00\",\"dateModified\":\"2014-07-21T14:05:03+00:00\",\"breadcrumb\":{\"@id\":\"https:\/\/sandzakpress.net\/arhiva\/john-kerry-kritizirao-izrael-ne-znajuci-da-ga-snimaju\/#breadcrumb\"},\"inLanguage\":\"bs-BA\",\"potentialAction\":[{\"@type\":\"ReadAction\",\"target\":[\"https:\/\/sandzakpress.net\/arhiva\/john-kerry-kritizirao-izrael-ne-znajuci-da-ga-snimaju\/\"]}]},{\"@type\":\"ImageObject\",\"inLanguage\":\"bs-BA\",\"@id\":\"https:\/\/sandzakpress.net\/arhiva\/john-kerry-kritizirao-izrael-ne-znajuci-da-ga-snimaju\/#primaryimage\",\"url\":\"https:\/\/sandzakpress.net\/arhiva\/wp-content\/uploads\/2014\/07\/John_Kerry__Ukrain_2843912b.jpg\",\"contentUrl\":\"https:\/\/sandzakpress.net\/arhiva\/wp-content\/uploads\/2014\/07\/John_Kerry__Ukrain_2843912b.jpg\",\"width\":620,\"height\":388},{\"@type\":\"BreadcrumbList\",\"@id\":\"https:\/\/sandzakpress.net\/arhiva\/john-kerry-kritizirao-izrael-ne-znajuci-da-ga-snimaju\/#breadcrumb\",\"itemListElement\":[{\"@type\":\"ListItem\",\"position\":1,\"name\":\"Home\",\"item\":\"https:\/\/sandzakpress.net\/arhiva\/\"},{\"@type\":\"ListItem\",\"position\":2,\"name\":\"John Kerry kritizirao Izrael ne znaju\u0107i da ga snimaju\"}]},{\"@type\":\"WebSite\",\"@id\":\"https:\/\/sandzakpress.net\/arhiva\/#website\",\"url\":\"https:\/\/sandzakpress.net\/arhiva\/\",\"name\":\"Sand\u017eak PRESS\",\"description\":\"Prve elektronske novine u Sand\u017eaku\",\"publisher\":{\"@id\":\"https:\/\/sandzakpress.net\/arhiva\/#\/schema\/person\/6e72b67d6e51910a1117b3b483ba20bd\"},\"potentialAction\":[{\"@type\":\"SearchAction\",\"target\":{\"@type\":\"EntryPoint\",\"urlTemplate\":\"https:\/\/sandzakpress.net\/arhiva\/?s={search_term_string}\"},\"query-input\":{\"@type\":\"PropertyValueSpecification\",\"valueRequired\":true,\"valueName\":\"search_term_string\"}}],\"inLanguage\":\"bs-BA\"},{\"@type\":[\"Person\",\"Organization\"],\"@id\":\"https:\/\/sandzakpress.net\/arhiva\/#\/schema\/person\/6e72b67d6e51910a1117b3b483ba20bd\",\"name\":\"Kul\",\"image\":{\"@type\":\"ImageObject\",\"inLanguage\":\"bs-BA\",\"@id\":\"https:\/\/sandzakpress.net\/arhiva\/#\/schema\/person\/image\/\",\"url\":\"https:\/\/secure.gravatar.com\/avatar\/42263f39aa27ac04c43cab85c280eb2e?s=96&d=mm&r=pg\",\"contentUrl\":\"https:\/\/secure.gravatar.com\/avatar\/42263f39aa27ac04c43cab85c280eb2e?s=96&d=mm&r=pg\",\"caption\":\"Kul\"},\"logo\":{\"@id\":\"https:\/\/sandzakpress.net\/arhiva\/#\/schema\/person\/image\/\"}},{\"@type\":\"Person\",\"@id\":\"https:\/\/sandzakpress.net\/arhiva\/#\/schema\/person\/c8baee722073534b583ea7bdb2e36c02\",\"name\":\"bosniak\",\"image\":{\"@type\":\"ImageObject\",\"inLanguage\":\"bs-BA\",\"@id\":\"https:\/\/sandzakpress.net\/arhiva\/#\/schema\/person\/image\/\",\"url\":\"https:\/\/secure.gravatar.com\/avatar\/a04fd330bfe3a36a72a0ad4a6d89fca7?s=96&d=mm&r=pg\",\"contentUrl\":\"https:\/\/secure.gravatar.com\/avatar\/a04fd330bfe3a36a72a0ad4a6d89fca7?s=96&d=mm&r=pg\",\"caption\":\"bosniak\"},\"url\":\"https:\/\/sandzakpress.net\/arhiva\/author\/bosniak\/\"}]}<\/script>\n<!-- \/ Yoast SEO Premium plugin. -->","yoast_head_json":{"title":"John Kerry kritizirao Izrael ne znaju\u0107i da ga snimaju","robots":{"index":"index","follow":"follow","max-snippet":"max-snippet:-1","max-image-preview":"max-image-preview:large","max-video-preview":"max-video-preview:-1"},"canonical":"https:\/\/sandzakpress.net\/arhiva\/john-kerry-kritizirao-izrael-ne-znajuci-da-ga-snimaju\/","og_locale":"bs_BA","og_type":"article","og_title":"John Kerry kritizirao Izrael ne znaju\u0107i da ga snimaju","og_description":"Amerika, Palestina &#8211;\u00a0Dr\u017eavni sekretar Sjedinjenih Ameri\u010dkih Dr\u017eava John Kerry uputio je kritiku na ra\u010dun Izraela, sude\u0107i prema onome \u0161to je rekao, ne znaju\u0107i da je mikrofon uklju\u010den, izme\u0111u televizijskih intervjua u nedjelju, javljaju agencije. Kerry se \u010duje kako govori o izraelskim vojnicima ubijenim u Gazi zvani\u010dniku State Departmenta Jonathanu Fineru, prije nego \u0161to se pojavio [&hellip;]","og_url":"https:\/\/sandzakpress.net\/arhiva\/john-kerry-kritizirao-izrael-ne-znajuci-da-ga-snimaju\/","og_site_name":"Sand\u017eak PRESS","article_published_time":"2014-07-21T14:02:50+00:00","article_modified_time":"2014-07-21T14:05:03+00:00","og_image":[{"width":620,"height":388,"url":"https:\/\/sandzakpress.net\/arhiva\/wp-content\/uploads\/2014\/07\/John_Kerry__Ukrain_2843912b.jpg","type":"image\/jpeg"}],"author":"bosniak","twitter_card":"summary_large_image","twitter_misc":{"Written by":"bosniak","Est. reading time":"2 minute"},"schema":{"@context":"https:\/\/schema.org","@graph":[{"@type":"Article","@id":"https:\/\/sandzakpress.net\/arhiva\/john-kerry-kritizirao-izrael-ne-znajuci-da-ga-snimaju\/#article","isPartOf":{"@id":"https:\/\/sandzakpress.net\/arhiva\/john-kerry-kritizirao-izrael-ne-znajuci-da-ga-snimaju\/"},"author":{"name":"bosniak","@id":"https:\/\/sandzakpress.net\/arhiva\/#\/schema\/person\/c8baee722073534b583ea7bdb2e36c02"},"headline":"John Kerry kritizirao Izrael ne znaju\u0107i da ga snimaju","datePublished":"2014-07-21T14:02:50+00:00","dateModified":"2014-07-21T14:05:03+00:00","mainEntityOfPage":{"@id":"https:\/\/sandzakpress.net\/arhiva\/john-kerry-kritizirao-izrael-ne-znajuci-da-ga-snimaju\/"},"wordCount":357,"commentCount":2,"publisher":{"@id":"https:\/\/sandzakpress.net\/arhiva\/#\/schema\/person\/6e72b67d6e51910a1117b3b483ba20bd"},"image":{"@id":"https:\/\/sandzakpress.net\/arhiva\/john-kerry-kritizirao-izrael-ne-znajuci-da-ga-snimaju\/#primaryimage"},"thumbnailUrl":"https:\/\/sandzakpress.net\/arhiva\/wp-content\/uploads\/2014\/07\/John_Kerry__Ukrain_2843912b.jpg","keywords":["Palestina"],"articleSection":["Amerika","Svijet"],"inLanguage":"bs-BA","potentialAction":[{"@type":"CommentAction","name":"Comment","target":["https:\/\/sandzakpress.net\/arhiva\/john-kerry-kritizirao-izrael-ne-znajuci-da-ga-snimaju\/#respond"]}]},{"@type":"WebPage","@id":"https:\/\/sandzakpress.net\/arhiva\/john-kerry-kritizirao-izrael-ne-znajuci-da-ga-snimaju\/","url":"https:\/\/sandzakpress.net\/arhiva\/john-kerry-kritizirao-izrael-ne-znajuci-da-ga-snimaju\/","name":"John Kerry kritizirao Izrael ne znaju\u0107i da ga snimaju","isPartOf":{"@id":"https:\/\/sandzakpress.net\/arhiva\/#website"},"primaryImageOfPage":{"@id":"https:\/\/sandzakpress.net\/arhiva\/john-kerry-kritizirao-izrael-ne-znajuci-da-ga-snimaju\/#primaryimage"},"image":{"@id":"https:\/\/sandzakpress.net\/arhiva\/john-kerry-kritizirao-izrael-ne-znajuci-da-ga-snimaju\/#primaryimage"},"thumbnailUrl":"https:\/\/sandzakpress.net\/arhiva\/wp-content\/uploads\/2014\/07\/John_Kerry__Ukrain_2843912b.jpg","datePublished":"2014-07-21T14:02:50+00:00","dateModified":"2014-07-21T14:05:03+00:00","breadcrumb":{"@id":"https:\/\/sandzakpress.net\/arhiva\/john-kerry-kritizirao-izrael-ne-znajuci-da-ga-snimaju\/#breadcrumb"},"inLanguage":"bs-BA","potentialAction":[{"@type":"ReadAction","target":["https:\/\/sandzakpress.net\/arhiva\/john-kerry-kritizirao-izrael-ne-znajuci-da-ga-snimaju\/"]}]},{"@type":"ImageObject","inLanguage":"bs-BA","@id":"https:\/\/sandzakpress.net\/arhiva\/john-kerry-kritizirao-izrael-ne-znajuci-da-ga-snimaju\/#primaryimage","url":"https:\/\/sandzakpress.net\/arhiva\/wp-content\/uploads\/2014\/07\/John_Kerry__Ukrain_2843912b.jpg","contentUrl":"https:\/\/sandzakpress.net\/arhiva\/wp-content\/uploads\/2014\/07\/John_Kerry__Ukrain_2843912b.jpg","width":620,"height":388},{"@type":"BreadcrumbList","@id":"https:\/\/sandzakpress.net\/arhiva\/john-kerry-kritizirao-izrael-ne-znajuci-da-ga-snimaju\/#breadcrumb","itemListElement":[{"@type":"ListItem","position":1,"name":"Home","item":"https:\/\/sandzakpress.net\/arhiva\/"},{"@type":"ListItem","position":2,"name":"John Kerry kritizirao Izrael ne znaju\u0107i da ga snimaju"}]},{"@type":"WebSite","@id":"https:\/\/sandzakpress.net\/arhiva\/#website","url":"https:\/\/sandzakpress.net\/arhiva\/","name":"Sand\u017eak PRESS","description":"Prve elektronske novine u Sand\u017eaku","publisher":{"@id":"https:\/\/sandzakpress.net\/arhiva\/#\/schema\/person\/6e72b67d6e51910a1117b3b483ba20bd"},"potentialAction":[{"@type":"SearchAction","target":{"@type":"EntryPoint","urlTemplate":"https:\/\/sandzakpress.net\/arhiva\/?s={search_term_string}"},"query-input":{"@type":"PropertyValueSpecification","valueRequired":true,"valueName":"search_term_string"}}],"inLanguage":"bs-BA"},{"@type":["Person","Organization"],"@id":"https:\/\/sandzakpress.net\/arhiva\/#\/schema\/person\/6e72b67d6e51910a1117b3b483ba20bd","name":"Kul","image":{"@type":"ImageObject","inLanguage":"bs-BA","@id":"https:\/\/sandzakpress.net\/arhiva\/#\/schema\/person\/image\/","url":"https:\/\/secure.gravatar.com\/avatar\/42263f39aa27ac04c43cab85c280eb2e?s=96&d=mm&r=pg","contentUrl":"https:\/\/secure.gravatar.com\/avatar\/42263f39aa27ac04c43cab85c280eb2e?s=96&d=mm&r=pg","caption":"Kul"},"logo":{"@id":"https:\/\/sandzakpress.net\/arhiva\/#\/schema\/person\/image\/"}},{"@type":"Person","@id":"https:\/\/sandzakpress.net\/arhiva\/#\/schema\/person\/c8baee722073534b583ea7bdb2e36c02","name":"bosniak","image":{"@type":"ImageObject","inLanguage":"bs-BA","@id":"https:\/\/sandzakpress.net\/arhiva\/#\/schema\/person\/image\/","url":"https:\/\/secure.gravatar.com\/avatar\/a04fd330bfe3a36a72a0ad4a6d89fca7?s=96&d=mm&r=pg","contentUrl":"https:\/\/secure.gravatar.com\/avatar\/a04fd330bfe3a36a72a0ad4a6d89fca7?s=96&d=mm&r=pg","caption":"bosniak"},"url":"https:\/\/sandzakpress.net\/arhiva\/author\/bosniak\/"}]}},"_links":{"self":[{"href":"https:\/\/sandzakpress.net\/arhiva\/wp-json\/wp\/v2\/posts\/109053"}],"collection":[{"href":"https:\/\/sandzakpress.net\/arhiva\/wp-json\/wp\/v2\/posts"}],"about":[{"href":"https:\/\/sandzakpress.net\/arhiva\/wp-json\/wp\/v2\/types\/post"}],"author":[{"embeddable":true,"href":"https:\/\/sandzakpress.net\/arhiva\/wp-json\/wp\/v2\/users\/83"}],"replies":[{"embeddable":true,"href":"https:\/\/sandzakpress.net\/arhiva\/wp-json\/wp\/v2\/comments?post=109053"}],"version-history":[{"count":0,"href":"https:\/\/sandzakpress.net\/arhiva\/wp-json\/wp\/v2\/posts\/109053\/revisions"}],"wp:featuredmedia":[{"embeddable":true,"href":"https:\/\/sandzakpress.net\/arhiva\/wp-json\/wp\/v2\/media\/109055"}],"wp:attachment":[{"href":"https:\/\/sandzakpress.net\/arhiva\/wp-json\/wp\/v2\/media?parent=109053"}],"wp:term":[{"taxonomy":"category","embeddable":true,"href":"https:\/\/sandzakpress.net\/arhiva\/wp-json\/wp\/v2\/categories?post=109053"},{"taxonomy":"post_tag","embeddable":true,"href":"https:\/\/sandzakpress.net\/arhiva\/wp-json\/wp\/v2\/tags?post=109053"}],"curies":[{"name":"wp","href":"https:\/\/api.w.org\/{rel}","templated":true}]}}