{"id":109020,"date":"2014-07-21T08:34:24","date_gmt":"2014-07-21T06:34:24","guid":{"rendered":"https:\/\/sandzakpress.net\/arhiva\/?p=109020"},"modified":"2014-07-20T21:39:35","modified_gmt":"2014-07-20T19:39:35","slug":"postoje-organizacije-koje-preusmjeravaju-zekat-van-islamske-zajednice","status":"publish","type":"post","link":"https:\/\/sandzakpress.net\/arhiva\/postoje-organizacije-koje-preusmjeravaju-zekat-van-islamske-zajednice\/","title":{"rendered":"Postoje organizacije koje preusmjeravaju zekat van Islamske zajednice"},"content":{"rendered":"<p class=\"p1\" style=\"color: #000000;\"><img decoding=\"async\" class=\"aligncenter\" src=\"http:\/\/akos.ba\/media\/k2\/items\/cache\/041e8b38a045f7840b1eddc11ba0d45d_XL.jpg\" alt=\"\" \/>Sa dr. Kurdi\u0107em razgovarali smo o postu u ljetnim danima, predava\u010dima u toku ramazana i pravilnom razumijevanju institucije zekata<\/p>\n<p class=\"p1\" style=\"color: #000000;\"><span class=\"s1\"><b>Jedan dio BiH ramazan do\u010dekuje bez domova, mnogima \u0107e te\u0161ko biti osjetiti ku\u0107nu atmosferu kakvu su imali prethodnih ramazana.\u00a0<\/b><\/span><\/p>\n<p class=\"p1\" style=\"color: #000000;\"><span class=\"s1\">Posljednja isku\u0161enja koja su zadesela na\u0161u domovinu, kroz poplave i klizi\u0161ta, u\u010dinila su da su mnogi ljudi ostali bez svojih domova, \u0161to nas uveliko podsje\u0107a na ratna stradanja koja su jo\u0161 svje\u017ea u na\u0161im sje\u0107anjima. Na\u017ealost, brojni vjernici ne\u0107e imati priliku do\u010dekivati iftare i sehure u svojim domovima, ve\u0107 \u0107e tu atmosferu zamijeniti tu\u0111e ku\u0107e ili kolektivni smje\u0161taji, \u010dime se ni izbliza ne mo\u017ee o\u0107utiti ljepota svoga doma i njegove topline. Me\u0111utim, upravo ova situacija pospje\u0161uje na\u0161u solidarnost i \u010dini da se kod ljudi razvija osje\u0107aj drugoga i nutarnji podsticaj na pomo\u0107 ugro\u017eenima kroz na\u0161e aktiviranje da budemo potrebnima na usluzi, a ramazan nas, s nagradama koje se obe\u0107avaju, jo\u0161 vi\u0161e podsti\u010de da svoje osje\u0107aje i emocije usmjerimo ka onima koji su potrebni na\u0161e pomo\u0107i.\u00a0 primjer za to je atmosfera u vrijeme ratnih stradanja, kada se dijelio posljednji zalogaj hrane i kada je me\u0111usobna solidarnost dosezala do krajnjih granica, koje nije mogu\u0107e bilo uop\u0107e opisati. \u00a0<\/span><\/p>\n<h3 class=\"p3\" style=\"color: #000000;\"><span class=\"s2\">Padali u nesvijest, ali se nisu mrsili<\/span><\/h3>\n<h4 class=\"p1\" style=\"color: #000000;\"><span class=\"s1\"><b>Kako motivirati ljude koji se pla\u0161e da ne\u0107e mo\u0107i postiti tokom ljetnih dana?<\/b><\/span><\/h4>\n<p class=\"p1\" style=\"color: #000000;\"><span class=\"s1\">Post, kao i svaki drugi vid ibadeta, predstavlja emaniranje \u010dovjekove vjere i njeno istinsko manifestiranje u na\u0161oj \u017eivotnoj stvarnosti. Za istinske vjernike, ogrnute pla\u0161tom milosti Plemenitog Gospodara, post i u dugim, vru\u0107im, ljetnim danima, predstavlja samo jo\u0161 jedan dokaz vi\u0161e u njihovom istinskom manifestiranju vjere u Allaha. Za one koji nemaju istinske vjere, svaka i najmanja pote\u0161ko\u0107a pogoduje im da tra\u017ee opravdanje za njihovo ostavljanje Allahovih propisa. Onaj koji nema istinske vjere i svijesti, njemu \u0107e i dva sata u ljetnom periodu biti preduga, pa \u0107e na\u0107i razloga da prekine post konzumiranjem hrane ili upotrebom gutljaja vode ili druge teku\u0107ine.<\/span><\/p>\n<p class=\"p1\" style=\"color: #000000;\"><span class=\"s1\">Me\u0111utim, onaj koji pravilno shvata su\u0161tinu ovog propisa, kojim Allah ne \u017eeli da nam na\u0161teti, nego, naprotiv, njegovim izvr\u0161avanjem dosti\u017eemo duhovne visine, moralno ja\u010damo, fizi\u010dki se osna\u017eujemo, odagnavamo masno\u0107e i sve druge negativne sastojke u na\u0161em organizmu, razvijamo me\u0111usobnu solidarnost i postajemo sve vi\u0161e bogobojazni, on \u0107e sa zadovoljstvom postiti ramazanske dane, bez obzira na godi\u0161nje doba ili duljinu njihove apstinencije od jela i pi\u0107a. Na to nas trebaju podsticati prethodne generacije muslimana. \u010cak su i na\u0161i stariji toliko bili revnosni u ovom mjesecu posta, da nisu htjeli prekidati post i u onim situacijama kada su se onesvje\u0161\u0107ivali od gladi ili \u017ee\u0111i. zar mo\u017ee biti ve\u0107i i bolji podsticaj od Vjerovjsnikovog, s.a.v.s., obe\u0107anja da \u0107e nagrada za ispravno obavljeni post biti D\u017eennet i njegove ljepote!? Zar nakon ovakvog obe\u0107anja mo\u017ee dugi ljetni dan vjernika zaustaviti ka njegovom trijumafalnom pohodu ka d\u017eennetskim ba\u0161\u010dama i perivojima, punim duboke hladovine, s prekrasnim izvorima pitke i hladne vode i svakom vrstom divnih u\u017eivanja?!<\/span><\/p>\n<p class=\"p1\" style=\"color: #000000;\"><span class=\"s1\"><b>Kako obja\u0161njavete da svakog ramazana sve ve\u0107i broj mladih dolazi radije na no\u0107ni namaz nego na teravih-namaz?<\/b><\/span><\/p>\n<p class=\"p1\" style=\"color: #000000;\"><span class=\"s1\">Sve je ovo vezano za pravilno razumijevanje vjere. Na nama je zadatak da vjernicima podastremo argumente za svaki ibadet koji oni \u010dine. Trebalo bi ispravno poznavati vjeru, a kada nju dovoljno poznajemo, onda redamo propise prema njihovim priroritetima. Zato se, prije svega, favoriziraju farzovi, a iza toga dobrovoljni namazi.\u00a0 Obzirom da je ramazan mjesec kijama, stajanja na namazu i u\u010denju Kur\u2019ana, koji i jeste objavljen u ovom mjesecu.\u00a0 Vjernik, nakon farz-namaza, treba \u0161to vi\u0161e da vodi ra\u010duna o teravih-namazu, pa iako je on dobrovoljni namaz, on se ipak isklju\u010divo klanja za vrijeme ramazana. Zbog toga bi je trebali ljubomorno \u010duvati.\u00a0 Me\u0111utim i svaki drugi vid namaza u tim no\u0107ima je dobro do\u0161ao, kako bi \u0161to vi\u0161e probdjeli na kijamu pred svojim Gospodarom i time zaslu\u017eili Njegovu milost i oprost.<\/span><\/p>\n<p class=\"p2\" style=\"color: #000000;\">Na\u0161a predavanja su stereotipna<\/p>\n<p class=\"p1\" style=\"color: #000000;\"><span class=\"s1\"><b>Na\u00a0 koje teme biste skrenuli pa\u017enju predava\u010dima u ramazanu, ali i op\u0107enito u dana\u0161njici?<\/b><\/span><\/p>\n<p class=\"p1\" style=\"color: #000000;\"><span class=\"s1\">Na\u0161a predavanja naj\u010de\u0161\u0107e su stereotipna. Ponavljaju se iz godine u godinu. Mnoge stvari se u dru\u0161tvu mijenjaju, ali na\u0161i programi i predavanja ostaju isti godinama, pa i desetlje\u0107ima.\u00a0 Tako, naprimjer, tekst mevluda, s brojnim terminima koje mnogi vjernici i ne razumiju i dalje se recitiraju, odnosno u\u010de, kao da su sveti tekstovi, koji se ne smiju, ni pod koju cijenu, mijenjati. Taj tekst je bio namijenjen najobi\u010dnijem vjerniku, koji je u to vrijeme, mogao takav tekst da razumije.<\/span><\/p>\n<p class=\"p1\" style=\"color: #000000;\"><span class=\"s1\">Me\u0111utim, u vremenu komjutera, interneta i facebook-a, drasti\u010dno se moraju mijenjati programi i predavanja. Na\u017ealost, u ovoj na\u0161oj nemo\u0107i da jezikom dana\u0161njeg vjernika artikuliramo islam i njegovu poruku, mislim da nam dru\u0161tvene mre\u017ee sve vi\u0161e \u201cpreotimaju\u201d vjernike i kreiraju njihovu vjersku svijest u sasvim drugom pravcu, \u010dije \u0107emo posljedice tek osjetiti nakon izvjesnog vremena. Zbog toga, sugeriram da na\u0161a predavanja budu \u0161to aktualnija, da tretiraju teme koje se ti\u010du konkretnih dilema i problema savremenog \u010dovjeka, da budu nadnesena nad problemima savremenog \u010dovjeka i rje\u0161avanju njegovih dana\u0161njih akutnih problema, devijantnih pojava i socijalne isklju\u010denosti, a da se klonemo teorijskih rasprava, demoga\u0161kih naga\u0111anja i neutemeljenih predanja, \u010dime su \u010desto preplavljena na\u0161a obra\u0107anja.<\/span><\/p>\n<p class=\"p1\" style=\"color: #000000;\"><span class=\"s1\"><b>Za\u0161to nemamo ve\u0107i broj organiziranih posjeta imama, d\u017eemata, uposlenika Islamske zajednice bolnicama, domovima za stare i dr. ustanovama u toku mjeseca ramazana?\u00a0<\/b><\/span><\/p>\n<p class=\"p1\" style=\"color: #000000;\"><span class=\"s1\">Izuzetno dobro pitanje! Na\u017ealost, iako je islam do\u0161ao sa misijom da se \u010dovjeku pomogne i da je najbolji musliman onaj koji najvi\u0161e koristi drugom \u010dovjeku, mislim da je ovakva aktivnost obilaska bolesnih, starih i hendikepiranih osoba gotovo skroz zapostavljena. Treba prona\u0107i najbolje modalitete takvoga\u00a0 djelovanja u bolnicama, domovima za stare i hendikepirane osobe i drugim institucijama. Sretna je okolnost \u0161to danas imamo nekoliko generacija studenata, svr\u0161enika Odsjeka za Socijalnu pedagogiju na Islamskom pedago\u0161kom fakultetu Univerziteta u Zenici, koji su osposobljeni za ovaj vid djelovanja i koji bi, uvjeren sam, postigli zavidne rezultate na ovom polju.\u00a0 Potrebno je samo da IZ koordinira u ovim aktivnostima i da evidentira priroritete u ovom segmentu na\u0161eg djelovanja.<\/span><\/p>\n<p class=\"p2\" style=\"color: #000000;\">O zekatu govoriti tokom cijele godine<\/p>\n<p class=\"p1\" style=\"color: #000000;\"><span class=\"s1\"><b>Sve je vi\u0161e onih koji nastoje diskreditirati Islamsku zajednicu tokom ramazana te joj naru\u0161iti pravo prikupljanja zekata i sadekatu-l-fitra. Navode primjere da skupljaju za studentske domove i stipendije, dok ne pomi\u0161ljaju da finansiraju jednu od bh medresa, fakulteta za koje IZ izdvaja velika sredstva; obja\u0161njavaju ljudima da skupljaju za siroma\u0161ne dok ne spominju sredstva koja izdvaja IZ za narodne kuhinje i sl.<\/b><\/span><\/p>\n<p class=\"p1\" style=\"color: #000000;\"><span class=\"s1\">Ta\u010dno. To je \u010dinjenica! Mnogi pojedinci i organizacije, uistinu, manipuliraju osje\u0107anjima vjernika i, nerijetko, sredstva od zekata i sadakatu-l-fitra preusmjeravaju van institucija IZ, gdje su desetlje\u0107ima bile usmjeravane.\u00a0 Poznato je da je najvi\u0161e manipulacija upravo u sferi materijalnih sredstava. Budu\u0107i da sam \u010desto boravio u dijaspori i da sam zijaretio sve kontinente, gdje se, mo\u017eda, i naj\u010de\u0161\u0107e remeti ova do sada ustaljena praksa za vrijeme ramazana, sugerirao bih na\u0161im odgovornim licima i institucijama u BiH, da se o zekjatu i sadakatu-l-fitru vodi ra\u010duna tokom \u010ditave godine, a ne samo za vrijeme mubarek-ramazana. \u010cesto aktualiziranje zekjata i sadakatu-l-fitra u vrijeme ramazana mo\u017ee biti kontraproduktivno, kao \u0161to kod politi\u010dara bude izgranja puteva pred izbore.Konstantna posjeta na\u0161im d\u017eematima u BiH i dijaspori, na\u0161a kontinuirana briga o njihovim potrebama, \u017eeljama i aspiracijama, razvijanje imanske svijesti u njihovim srcima u toku \u010ditave godine, najbolje \u0107e doprinijeti\u00a0 da se instituciji zekjata i sadakatu-l-fitra vrati ono mjesto koje je nekada zauzimala, \u010dime bi se minimizirale manipulacije odre\u0111enih pojedinaca i organizacija, koje koriste ovaj vakum van ramazana, da se nametnu kao mehanizmi boljeg realizatora potreba, \u017eelja i opsesija dana\u0161njih vjernika. Dana\u0161nji vjernik ne\u0107e samo da daje, nego \u017eeli i da dobije. IZ nikada nije imala vi\u0161e osposobljenog kadra od imama, preko hafiza do doktora nauka, koji mogu ispuniti i najtananije \u017eelje na\u0161ih vjernika, u smislu usmjeravanja, sugestija, savjeta, lijepe rije\u010di&#8230; To je ono \u0161to oni od nas tra\u017ee, a zauzvrat \u0107e dati ono \u0161to se od njih tra\u017ee i to draga srca! Mislim da mi izuzetno malo koristimo svoje resurse. \u010cak smo dopustili da pojedinci i institucije, izvan IZ, veoma vje\u0161to koriste na\u0161e kadrove u svoje svrhe daleko vi\u0161e nego \u0161to mi \u010dinimo! Ukoliko se ne sa\u010dini detaljna analiza ovakvog stanja, ne sa\u010dini posebna strategija, i ne iskoriste svi potencijali IZ, \u0161to do sada nije slu\u010daj, mislim da \u0107e Islamska zajednica sve vi\u0161e biti marginalizirana i to \u0107e biti najve\u0107a njena gre\u0161ka!<\/span><\/p>\n<h3 class=\"p3\" style=\"color: #000000;\"><span class=\"s2\">Bez politike u d\u017eamijama<\/span><\/h3>\n<p class=\"p1\" style=\"color: #000000;\"><span class=\"s1\"><b>Ovo je izborna godina. Pla\u0161ite li se da \u0107e biti poku\u0161aja iskori\u0161tavanja d\u017eamijskih prostora za politi\u010dke agitacije?\u00a0<\/b><\/span><\/p>\n<p class=\"p1\" style=\"color: #000000;\"><span class=\"s1\">To je uvijek bilo! \u0160to bi ova godina bila izuzetak!? Svaka politika poku\u0161ava da na\u0111e glasa\u010de. Ona ih ne tra\u017ei samo u d\u017eamijama i me\u0111u na\u0161im d\u017eematlijama. Ona ih tra\u017ei na svakom mjestu!<\/span><\/p>\n<p class=\"p1\" style=\"color: #000000;\"><span class=\"s1\">Svaka politika je svjesna da,\u00a0 ako ima na\u0161e d\u017eemate, imat \u0107e i dobar broj svojih glasa\u010da.\u00a0 To je njihov cilj. Me\u0111utim, cilj IZ ne treba da bude utapanje u bilo kakvu stranu ili politiku. Na\u0161 cilj bi trebao biti nadstrana\u010dki. Koja politika nam najvi\u0161e pru\u017ea, ali ne deklarativno, nego su\u0161tinski i koja \u0107e omogu\u0107iti bolji status IZ u dru\u0161tvu, na\u0161ih imama, obrazovnih i odgojnih institucija, povratka vakufske imovine i drugih interesa IZ, logi\u010dno bi bilo da\u00a0 ih blagonaklonije gledamo. \u017dalosno bi bilo da IZ bude samo glasa\u010dko tijelo onim strankama i politi\u010dkim subjektima koji \u0107e je iskoristiti samo za svoje pojedina\u010dne ili uskostrana\u010dke interese, a da joj ne\u0107e ni\u0161ta pru\u017eiti niti joj doprinijeti u realizaciji njenih ciljeva i zacrtanih projekata.\u00a0<\/span><\/p>\n<p class=\"p1\" style=\"color: #000000;\">(preporod)<\/p>\n","protected":false},"excerpt":{"rendered":"<p>Dr. \u0160efik Kurdi\u0107<\/p>\n","protected":false},"author":83,"featured_media":109023,"comment_status":"open","ping_status":"open","sticky":false,"template":"","format":"standard","meta":{"footnotes":""},"categories":[10196],"tags":[],"class_list":{"0":"post-109020","1":"post","2":"type-post","3":"status-publish","4":"format-standard","5":"has-post-thumbnail","7":"category-iz-pera-nasih-autora"},"yoast_head":"<!-- This site is optimized with the Yoast SEO Premium plugin v23.1 (Yoast SEO v24.9) - https:\/\/yoast.com\/wordpress\/plugins\/seo\/ -->\n<title>Postoje organizacije koje preusmjeravaju zekat van Islamske zajednice<\/title>\n<meta name=\"robots\" content=\"index, follow, max-snippet:-1, max-image-preview:large, max-video-preview:-1\" \/>\n<link rel=\"canonical\" href=\"https:\/\/sandzakpress.net\/arhiva\/postoje-organizacije-koje-preusmjeravaju-zekat-van-islamske-zajednice\/\" \/>\n<meta property=\"og:locale\" content=\"bs_BA\" \/>\n<meta property=\"og:type\" content=\"article\" \/>\n<meta property=\"og:title\" content=\"Postoje organizacije koje preusmjeravaju zekat van Islamske zajednice\" \/>\n<meta property=\"og:description\" content=\"Dr. \u0160efik Kurdi\u0107\" \/>\n<meta property=\"og:url\" content=\"https:\/\/sandzakpress.net\/arhiva\/postoje-organizacije-koje-preusmjeravaju-zekat-van-islamske-zajednice\/\" \/>\n<meta property=\"og:site_name\" content=\"Sand\u017eak PRESS\" \/>\n<meta property=\"article:published_time\" content=\"2014-07-21T06:34:24+00:00\" \/>\n<meta property=\"og:image\" content=\"https:\/\/sandzakpress.net\/arhiva\/wp-content\/uploads\/2014\/07\/041e8b38a045f7840b1eddc11ba0d45d_XL.jpg\" \/>\n\t<meta property=\"og:image:width\" content=\"647\" \/>\n\t<meta property=\"og:image:height\" content=\"453\" \/>\n\t<meta property=\"og:image:type\" content=\"image\/jpeg\" \/>\n<meta name=\"author\" content=\"bosniak\" \/>\n<meta name=\"twitter:card\" content=\"summary_large_image\" \/>\n<meta name=\"twitter:label1\" content=\"Written by\" \/>\n\t<meta name=\"twitter:data1\" content=\"bosniak\" \/>\n\t<meta name=\"twitter:label2\" content=\"Est. reading time\" \/>\n\t<meta name=\"twitter:data2\" content=\"9 minuta\" \/>\n<script type=\"application\/ld+json\" class=\"yoast-schema-graph\">{\"@context\":\"https:\/\/schema.org\",\"@graph\":[{\"@type\":\"Article\",\"@id\":\"https:\/\/sandzakpress.net\/arhiva\/postoje-organizacije-koje-preusmjeravaju-zekat-van-islamske-zajednice\/#article\",\"isPartOf\":{\"@id\":\"https:\/\/sandzakpress.net\/arhiva\/postoje-organizacije-koje-preusmjeravaju-zekat-van-islamske-zajednice\/\"},\"author\":{\"name\":\"bosniak\",\"@id\":\"https:\/\/sandzakpress.net\/arhiva\/#\/schema\/person\/c8baee722073534b583ea7bdb2e36c02\"},\"headline\":\"Postoje organizacije koje preusmjeravaju zekat van Islamske zajednice\",\"datePublished\":\"2014-07-21T06:34:24+00:00\",\"mainEntityOfPage\":{\"@id\":\"https:\/\/sandzakpress.net\/arhiva\/postoje-organizacije-koje-preusmjeravaju-zekat-van-islamske-zajednice\/\"},\"wordCount\":1728,\"commentCount\":2,\"publisher\":{\"@id\":\"https:\/\/sandzakpress.net\/arhiva\/#\/schema\/person\/6e72b67d6e51910a1117b3b483ba20bd\"},\"image\":{\"@id\":\"https:\/\/sandzakpress.net\/arhiva\/postoje-organizacije-koje-preusmjeravaju-zekat-van-islamske-zajednice\/#primaryimage\"},\"thumbnailUrl\":\"https:\/\/sandzakpress.net\/arhiva\/wp-content\/uploads\/2014\/07\/041e8b38a045f7840b1eddc11ba0d45d_XL.jpg\",\"articleSection\":[\"Iz pera na\u0161ih autora\"],\"inLanguage\":\"bs-BA\",\"potentialAction\":[{\"@type\":\"CommentAction\",\"name\":\"Comment\",\"target\":[\"https:\/\/sandzakpress.net\/arhiva\/postoje-organizacije-koje-preusmjeravaju-zekat-van-islamske-zajednice\/#respond\"]}]},{\"@type\":\"WebPage\",\"@id\":\"https:\/\/sandzakpress.net\/arhiva\/postoje-organizacije-koje-preusmjeravaju-zekat-van-islamske-zajednice\/\",\"url\":\"https:\/\/sandzakpress.net\/arhiva\/postoje-organizacije-koje-preusmjeravaju-zekat-van-islamske-zajednice\/\",\"name\":\"Postoje organizacije koje preusmjeravaju zekat van Islamske zajednice\",\"isPartOf\":{\"@id\":\"https:\/\/sandzakpress.net\/arhiva\/#website\"},\"primaryImageOfPage\":{\"@id\":\"https:\/\/sandzakpress.net\/arhiva\/postoje-organizacije-koje-preusmjeravaju-zekat-van-islamske-zajednice\/#primaryimage\"},\"image\":{\"@id\":\"https:\/\/sandzakpress.net\/arhiva\/postoje-organizacije-koje-preusmjeravaju-zekat-van-islamske-zajednice\/#primaryimage\"},\"thumbnailUrl\":\"https:\/\/sandzakpress.net\/arhiva\/wp-content\/uploads\/2014\/07\/041e8b38a045f7840b1eddc11ba0d45d_XL.jpg\",\"datePublished\":\"2014-07-21T06:34:24+00:00\",\"breadcrumb\":{\"@id\":\"https:\/\/sandzakpress.net\/arhiva\/postoje-organizacije-koje-preusmjeravaju-zekat-van-islamske-zajednice\/#breadcrumb\"},\"inLanguage\":\"bs-BA\",\"potentialAction\":[{\"@type\":\"ReadAction\",\"target\":[\"https:\/\/sandzakpress.net\/arhiva\/postoje-organizacije-koje-preusmjeravaju-zekat-van-islamske-zajednice\/\"]}]},{\"@type\":\"ImageObject\",\"inLanguage\":\"bs-BA\",\"@id\":\"https:\/\/sandzakpress.net\/arhiva\/postoje-organizacije-koje-preusmjeravaju-zekat-van-islamske-zajednice\/#primaryimage\",\"url\":\"https:\/\/sandzakpress.net\/arhiva\/wp-content\/uploads\/2014\/07\/041e8b38a045f7840b1eddc11ba0d45d_XL.jpg\",\"contentUrl\":\"https:\/\/sandzakpress.net\/arhiva\/wp-content\/uploads\/2014\/07\/041e8b38a045f7840b1eddc11ba0d45d_XL.jpg\",\"width\":647,\"height\":453},{\"@type\":\"BreadcrumbList\",\"@id\":\"https:\/\/sandzakpress.net\/arhiva\/postoje-organizacije-koje-preusmjeravaju-zekat-van-islamske-zajednice\/#breadcrumb\",\"itemListElement\":[{\"@type\":\"ListItem\",\"position\":1,\"name\":\"Home\",\"item\":\"https:\/\/sandzakpress.net\/arhiva\/\"},{\"@type\":\"ListItem\",\"position\":2,\"name\":\"Postoje organizacije koje preusmjeravaju zekat van Islamske zajednice\"}]},{\"@type\":\"WebSite\",\"@id\":\"https:\/\/sandzakpress.net\/arhiva\/#website\",\"url\":\"https:\/\/sandzakpress.net\/arhiva\/\",\"name\":\"Sand\u017eak PRESS\",\"description\":\"Prve elektronske novine u Sand\u017eaku\",\"publisher\":{\"@id\":\"https:\/\/sandzakpress.net\/arhiva\/#\/schema\/person\/6e72b67d6e51910a1117b3b483ba20bd\"},\"potentialAction\":[{\"@type\":\"SearchAction\",\"target\":{\"@type\":\"EntryPoint\",\"urlTemplate\":\"https:\/\/sandzakpress.net\/arhiva\/?s={search_term_string}\"},\"query-input\":{\"@type\":\"PropertyValueSpecification\",\"valueRequired\":true,\"valueName\":\"search_term_string\"}}],\"inLanguage\":\"bs-BA\"},{\"@type\":[\"Person\",\"Organization\"],\"@id\":\"https:\/\/sandzakpress.net\/arhiva\/#\/schema\/person\/6e72b67d6e51910a1117b3b483ba20bd\",\"name\":\"Kul\",\"image\":{\"@type\":\"ImageObject\",\"inLanguage\":\"bs-BA\",\"@id\":\"https:\/\/sandzakpress.net\/arhiva\/#\/schema\/person\/image\/\",\"url\":\"https:\/\/secure.gravatar.com\/avatar\/42263f39aa27ac04c43cab85c280eb2e?s=96&d=mm&r=pg\",\"contentUrl\":\"https:\/\/secure.gravatar.com\/avatar\/42263f39aa27ac04c43cab85c280eb2e?s=96&d=mm&r=pg\",\"caption\":\"Kul\"},\"logo\":{\"@id\":\"https:\/\/sandzakpress.net\/arhiva\/#\/schema\/person\/image\/\"}},{\"@type\":\"Person\",\"@id\":\"https:\/\/sandzakpress.net\/arhiva\/#\/schema\/person\/c8baee722073534b583ea7bdb2e36c02\",\"name\":\"bosniak\",\"image\":{\"@type\":\"ImageObject\",\"inLanguage\":\"bs-BA\",\"@id\":\"https:\/\/sandzakpress.net\/arhiva\/#\/schema\/person\/image\/\",\"url\":\"https:\/\/secure.gravatar.com\/avatar\/a04fd330bfe3a36a72a0ad4a6d89fca7?s=96&d=mm&r=pg\",\"contentUrl\":\"https:\/\/secure.gravatar.com\/avatar\/a04fd330bfe3a36a72a0ad4a6d89fca7?s=96&d=mm&r=pg\",\"caption\":\"bosniak\"},\"url\":\"https:\/\/sandzakpress.net\/arhiva\/author\/bosniak\/\"}]}<\/script>\n<!-- \/ Yoast SEO Premium plugin. -->","yoast_head_json":{"title":"Postoje organizacije koje preusmjeravaju zekat van Islamske zajednice","robots":{"index":"index","follow":"follow","max-snippet":"max-snippet:-1","max-image-preview":"max-image-preview:large","max-video-preview":"max-video-preview:-1"},"canonical":"https:\/\/sandzakpress.net\/arhiva\/postoje-organizacije-koje-preusmjeravaju-zekat-van-islamske-zajednice\/","og_locale":"bs_BA","og_type":"article","og_title":"Postoje organizacije koje preusmjeravaju zekat van Islamske zajednice","og_description":"Dr. \u0160efik Kurdi\u0107","og_url":"https:\/\/sandzakpress.net\/arhiva\/postoje-organizacije-koje-preusmjeravaju-zekat-van-islamske-zajednice\/","og_site_name":"Sand\u017eak PRESS","article_published_time":"2014-07-21T06:34:24+00:00","og_image":[{"width":647,"height":453,"url":"https:\/\/sandzakpress.net\/arhiva\/wp-content\/uploads\/2014\/07\/041e8b38a045f7840b1eddc11ba0d45d_XL.jpg","type":"image\/jpeg"}],"author":"bosniak","twitter_card":"summary_large_image","twitter_misc":{"Written by":"bosniak","Est. reading time":"9 minuta"},"schema":{"@context":"https:\/\/schema.org","@graph":[{"@type":"Article","@id":"https:\/\/sandzakpress.net\/arhiva\/postoje-organizacije-koje-preusmjeravaju-zekat-van-islamske-zajednice\/#article","isPartOf":{"@id":"https:\/\/sandzakpress.net\/arhiva\/postoje-organizacije-koje-preusmjeravaju-zekat-van-islamske-zajednice\/"},"author":{"name":"bosniak","@id":"https:\/\/sandzakpress.net\/arhiva\/#\/schema\/person\/c8baee722073534b583ea7bdb2e36c02"},"headline":"Postoje organizacije koje preusmjeravaju zekat van Islamske zajednice","datePublished":"2014-07-21T06:34:24+00:00","mainEntityOfPage":{"@id":"https:\/\/sandzakpress.net\/arhiva\/postoje-organizacije-koje-preusmjeravaju-zekat-van-islamske-zajednice\/"},"wordCount":1728,"commentCount":2,"publisher":{"@id":"https:\/\/sandzakpress.net\/arhiva\/#\/schema\/person\/6e72b67d6e51910a1117b3b483ba20bd"},"image":{"@id":"https:\/\/sandzakpress.net\/arhiva\/postoje-organizacije-koje-preusmjeravaju-zekat-van-islamske-zajednice\/#primaryimage"},"thumbnailUrl":"https:\/\/sandzakpress.net\/arhiva\/wp-content\/uploads\/2014\/07\/041e8b38a045f7840b1eddc11ba0d45d_XL.jpg","articleSection":["Iz pera na\u0161ih autora"],"inLanguage":"bs-BA","potentialAction":[{"@type":"CommentAction","name":"Comment","target":["https:\/\/sandzakpress.net\/arhiva\/postoje-organizacije-koje-preusmjeravaju-zekat-van-islamske-zajednice\/#respond"]}]},{"@type":"WebPage","@id":"https:\/\/sandzakpress.net\/arhiva\/postoje-organizacije-koje-preusmjeravaju-zekat-van-islamske-zajednice\/","url":"https:\/\/sandzakpress.net\/arhiva\/postoje-organizacije-koje-preusmjeravaju-zekat-van-islamske-zajednice\/","name":"Postoje organizacije koje preusmjeravaju zekat van Islamske zajednice","isPartOf":{"@id":"https:\/\/sandzakpress.net\/arhiva\/#website"},"primaryImageOfPage":{"@id":"https:\/\/sandzakpress.net\/arhiva\/postoje-organizacije-koje-preusmjeravaju-zekat-van-islamske-zajednice\/#primaryimage"},"image":{"@id":"https:\/\/sandzakpress.net\/arhiva\/postoje-organizacije-koje-preusmjeravaju-zekat-van-islamske-zajednice\/#primaryimage"},"thumbnailUrl":"https:\/\/sandzakpress.net\/arhiva\/wp-content\/uploads\/2014\/07\/041e8b38a045f7840b1eddc11ba0d45d_XL.jpg","datePublished":"2014-07-21T06:34:24+00:00","breadcrumb":{"@id":"https:\/\/sandzakpress.net\/arhiva\/postoje-organizacije-koje-preusmjeravaju-zekat-van-islamske-zajednice\/#breadcrumb"},"inLanguage":"bs-BA","potentialAction":[{"@type":"ReadAction","target":["https:\/\/sandzakpress.net\/arhiva\/postoje-organizacije-koje-preusmjeravaju-zekat-van-islamske-zajednice\/"]}]},{"@type":"ImageObject","inLanguage":"bs-BA","@id":"https:\/\/sandzakpress.net\/arhiva\/postoje-organizacije-koje-preusmjeravaju-zekat-van-islamske-zajednice\/#primaryimage","url":"https:\/\/sandzakpress.net\/arhiva\/wp-content\/uploads\/2014\/07\/041e8b38a045f7840b1eddc11ba0d45d_XL.jpg","contentUrl":"https:\/\/sandzakpress.net\/arhiva\/wp-content\/uploads\/2014\/07\/041e8b38a045f7840b1eddc11ba0d45d_XL.jpg","width":647,"height":453},{"@type":"BreadcrumbList","@id":"https:\/\/sandzakpress.net\/arhiva\/postoje-organizacije-koje-preusmjeravaju-zekat-van-islamske-zajednice\/#breadcrumb","itemListElement":[{"@type":"ListItem","position":1,"name":"Home","item":"https:\/\/sandzakpress.net\/arhiva\/"},{"@type":"ListItem","position":2,"name":"Postoje organizacije koje preusmjeravaju zekat van Islamske zajednice"}]},{"@type":"WebSite","@id":"https:\/\/sandzakpress.net\/arhiva\/#website","url":"https:\/\/sandzakpress.net\/arhiva\/","name":"Sand\u017eak PRESS","description":"Prve elektronske novine u Sand\u017eaku","publisher":{"@id":"https:\/\/sandzakpress.net\/arhiva\/#\/schema\/person\/6e72b67d6e51910a1117b3b483ba20bd"},"potentialAction":[{"@type":"SearchAction","target":{"@type":"EntryPoint","urlTemplate":"https:\/\/sandzakpress.net\/arhiva\/?s={search_term_string}"},"query-input":{"@type":"PropertyValueSpecification","valueRequired":true,"valueName":"search_term_string"}}],"inLanguage":"bs-BA"},{"@type":["Person","Organization"],"@id":"https:\/\/sandzakpress.net\/arhiva\/#\/schema\/person\/6e72b67d6e51910a1117b3b483ba20bd","name":"Kul","image":{"@type":"ImageObject","inLanguage":"bs-BA","@id":"https:\/\/sandzakpress.net\/arhiva\/#\/schema\/person\/image\/","url":"https:\/\/secure.gravatar.com\/avatar\/42263f39aa27ac04c43cab85c280eb2e?s=96&d=mm&r=pg","contentUrl":"https:\/\/secure.gravatar.com\/avatar\/42263f39aa27ac04c43cab85c280eb2e?s=96&d=mm&r=pg","caption":"Kul"},"logo":{"@id":"https:\/\/sandzakpress.net\/arhiva\/#\/schema\/person\/image\/"}},{"@type":"Person","@id":"https:\/\/sandzakpress.net\/arhiva\/#\/schema\/person\/c8baee722073534b583ea7bdb2e36c02","name":"bosniak","image":{"@type":"ImageObject","inLanguage":"bs-BA","@id":"https:\/\/sandzakpress.net\/arhiva\/#\/schema\/person\/image\/","url":"https:\/\/secure.gravatar.com\/avatar\/a04fd330bfe3a36a72a0ad4a6d89fca7?s=96&d=mm&r=pg","contentUrl":"https:\/\/secure.gravatar.com\/avatar\/a04fd330bfe3a36a72a0ad4a6d89fca7?s=96&d=mm&r=pg","caption":"bosniak"},"url":"https:\/\/sandzakpress.net\/arhiva\/author\/bosniak\/"}]}},"_links":{"self":[{"href":"https:\/\/sandzakpress.net\/arhiva\/wp-json\/wp\/v2\/posts\/109020"}],"collection":[{"href":"https:\/\/sandzakpress.net\/arhiva\/wp-json\/wp\/v2\/posts"}],"about":[{"href":"https:\/\/sandzakpress.net\/arhiva\/wp-json\/wp\/v2\/types\/post"}],"author":[{"embeddable":true,"href":"https:\/\/sandzakpress.net\/arhiva\/wp-json\/wp\/v2\/users\/83"}],"replies":[{"embeddable":true,"href":"https:\/\/sandzakpress.net\/arhiva\/wp-json\/wp\/v2\/comments?post=109020"}],"version-history":[{"count":0,"href":"https:\/\/sandzakpress.net\/arhiva\/wp-json\/wp\/v2\/posts\/109020\/revisions"}],"wp:featuredmedia":[{"embeddable":true,"href":"https:\/\/sandzakpress.net\/arhiva\/wp-json\/wp\/v2\/media\/109023"}],"wp:attachment":[{"href":"https:\/\/sandzakpress.net\/arhiva\/wp-json\/wp\/v2\/media?parent=109020"}],"wp:term":[{"taxonomy":"category","embeddable":true,"href":"https:\/\/sandzakpress.net\/arhiva\/wp-json\/wp\/v2\/categories?post=109020"},{"taxonomy":"post_tag","embeddable":true,"href":"https:\/\/sandzakpress.net\/arhiva\/wp-json\/wp\/v2\/tags?post=109020"}],"curies":[{"name":"wp","href":"https:\/\/api.w.org\/{rel}","templated":true}]}}