{"id":108962,"date":"2014-07-19T19:42:01","date_gmt":"2014-07-19T17:42:01","guid":{"rendered":"https:\/\/sandzakpress.net\/arhiva\/?p=108962"},"modified":"2014-07-19T20:04:50","modified_gmt":"2014-07-19T18:04:50","slug":"uprkos-zabrani-5-000-osoba-u-parizu-protestovalo-protiv-izraleskih-napada","status":"publish","type":"post","link":"https:\/\/sandzakpress.net\/arhiva\/uprkos-zabrani-5-000-osoba-u-parizu-protestovalo-protiv-izraleskih-napada\/","title":{"rendered":"Uprkos zabrani 5.000 osoba u Parizu protestovalo protiv izraleskih napada"},"content":{"rendered":"<p><a href=\"https:\/\/sandzakpress.net\/arhiva\/wp-content\/uploads\/2014\/07\/140719054.1_xl.jpg\"><img loading=\"lazy\" decoding=\"async\" class=\"aligncenter size-full wp-image-108963\" src=\"https:\/\/sandzakpress.net\/arhiva\/wp-content\/uploads\/2014\/07\/140719054.1_xl.jpg\" alt=\"140719054.1_xl\" width=\"938\" height=\"583\" srcset=\"https:\/\/sandzakpress.net\/arhiva\/wp-content\/uploads\/2014\/07\/140719054.1_xl.jpg 938w, https:\/\/sandzakpress.net\/arhiva\/wp-content\/uploads\/2014\/07\/140719054.1_xl-616x382.jpg 616w\" sizes=\"(max-width: 938px) 100vw, 938px\" \/><\/a><\/p>\n<p><strong>Francuska &#8211;\u00a0Uprkos zabrani francuskih vlasti, danas je oko pet hiljada osoba odr\u017ealo proteste protiv izraleskih napada na Pojas Gaze.<\/strong><\/p>\n<p>Naime, iako je guverner Pariza zabranio odr\u017eavanje masovnih protesta na trgu Barbes danas se, kao \u0161to je ranije planirano, okupio veliki broj demonstranata koji su tra\u017eili prekid napada izraelske vojske na nevine civile u Gazi.<\/p>\n<p>Na protestima, koje je osiguravao veliki broj policajaca, demonstranti su palili izraleske zastave i uputili rije\u010di podr\u0161ke palestinskom narodu.<\/p>\n<p>Ipak, policija je sprije\u010dila okupljene na odr\u017ee protestnu \u0161etnju te zatvorila glavne ulice za saobra\u0107aj.<\/p>\n<p>Francuski predsjednik Francois Hollande je podsjetio na zabranu odr\u017eavanja dana\u0161njih protesta upozoriv\u0161i sve one koji do\u0111u na proteste.<\/p>\n<p>\u201cProtesti su danas bili zabranjeni i svi koji su u\u010destvovali na njima \u0107e snositi posljedice\u201d, rekao je francuski predsjednik.<\/p>\n<p>Osim u Parizu danas su protesti protiv izraelskih napad planirani i u Marsilya, Lyonu, Lillu i Nantesu.<\/p>\n<p>Ina\u010de, francuska socijalisti\u010dka vlada je danas izazvala gnijev i negodovanje u toj zemlji jer je postala prva zemlja u svijetu koja je zabranila proteste protiv izraelskih napada na Gazu.<\/p>\n<p>Ministar unutra\u0161njih poslova Francuske Bernard Cazeneuve izjavio je kako je potrebno zabraniti masovne proteste u znak podr\u0161ke Gazi zakazane ovog vikenda u Francuskoj.<\/p>\n<p>\u201cProtesti su prijetnja javnom miru u na\u0161oj zemlji\u201d, istakao je francuski ministar.<\/p>\n<p>S druge strane, na hiljade gra\u0111ana je ranije najavilo da \u0107e prisustvovati protestima na trgu Barbes u znak podr\u0161ke Gazi koja je na meti izraelskih napada ve\u0107 nekoliko dana.<\/p>\n<p>Ina\u010de, broj poginulih u dosada\u0161njim napadima Izraela na Pojas Gaze pove\u0107ao se na 339 Palestinaca dok je povrije\u0111eno najmanje 2.385 osoba.<\/p>\n<p>Glasnogovornik palestinskog ministra zdravstva Esref el-Kudra potvrdio je da je u izraelskim zra\u010dnim, kopnenim i pomorskim napadima ubijeno 339 osoba od \u010dega je 78 djece i 28 \u017eena. U izraelskim napadima na Gazu, koji traju od 7. jula, ranjeno je 2.385 osoba.<br \/>\n<img loading=\"lazy\" decoding=\"async\" class=\"aligncenter size-full wp-image-108964\" src=\"https:\/\/sandzakpress.net\/arhiva\/wp-content\/uploads\/2014\/07\/140719054.2_xl.jpg\" alt=\"140719054.2_xl\" width=\"938\" height=\"560\" srcset=\"https:\/\/sandzakpress.net\/arhiva\/wp-content\/uploads\/2014\/07\/140719054.2_xl.jpg 938w, https:\/\/sandzakpress.net\/arhiva\/wp-content\/uploads\/2014\/07\/140719054.2_xl-616x367.jpg 616w\" sizes=\"(max-width: 938px) 100vw, 938px\" \/><img loading=\"lazy\" decoding=\"async\" class=\"aligncenter size-full wp-image-108965\" src=\"https:\/\/sandzakpress.net\/arhiva\/wp-content\/uploads\/2014\/07\/140719054.4_xl.jpg\" alt=\"140719054.4_xl\" width=\"938\" height=\"601\" srcset=\"https:\/\/sandzakpress.net\/arhiva\/wp-content\/uploads\/2014\/07\/140719054.4_xl.jpg 938w, https:\/\/sandzakpress.net\/arhiva\/wp-content\/uploads\/2014\/07\/140719054.4_xl-616x394.jpg 616w\" sizes=\"(max-width: 938px) 100vw, 938px\" \/><img loading=\"lazy\" decoding=\"async\" class=\"aligncenter size-full wp-image-108966\" src=\"https:\/\/sandzakpress.net\/arhiva\/wp-content\/uploads\/2014\/07\/140719054.6_xl.jpg\" alt=\"140719054.6_xl\" width=\"938\" height=\"499\" srcset=\"https:\/\/sandzakpress.net\/arhiva\/wp-content\/uploads\/2014\/07\/140719054.6_xl.jpg 938w, https:\/\/sandzakpress.net\/arhiva\/wp-content\/uploads\/2014\/07\/140719054.6_xl-616x327.jpg 616w\" sizes=\"(max-width: 938px) 100vw, 938px\" \/><br \/>\nU okviru kopnene ofanzive danas su se tenkovi i oklopna vozila izraelske vojske kretali na podru\u010dju na sjeveru Pojasa Gaze. Odatle su se nakon nekoliko sati \u010dekanja zaputili prema gradu Beyt Lahya.<\/p>\n<p>(klix)<\/p>\n","protected":false},"excerpt":{"rendered":"<p>Francuska &#8211;\u00a0Uprkos zabrani francuskih vlasti, danas je oko pet hiljada osoba odr\u017ealo proteste protiv izraleskih napada na Pojas Gaze. Naime, iako je guverner Pariza zabranio odr\u017eavanje masovnih protesta na trgu Barbes danas se, kao \u0161to je ranije planirano, okupio veliki broj demonstranata koji su tra\u017eili prekid napada izraelske vojske na nevine civile u Gazi. Na [&hellip;]<\/p>\n","protected":false},"author":83,"featured_media":108963,"comment_status":"open","ping_status":"open","sticky":false,"template":"","format":"standard","meta":{"footnotes":""},"categories":[9550,9],"tags":[10249],"class_list":{"0":"post-108962","1":"post","2":"type-post","3":"status-publish","4":"format-standard","5":"has-post-thumbnail","7":"category-francuska-dijaspora-gradovi-vase-vijesti","8":"category-svijet","9":"tag-palestina"},"yoast_head":"<!-- This site is optimized with the Yoast SEO Premium plugin v23.1 (Yoast SEO v24.9) - https:\/\/yoast.com\/wordpress\/plugins\/seo\/ -->\n<title>Uprkos zabrani 5.000 osoba u Parizu protestovalo protiv izraleskih napada<\/title>\n<meta name=\"robots\" content=\"index, follow, max-snippet:-1, max-image-preview:large, max-video-preview:-1\" \/>\n<link rel=\"canonical\" href=\"https:\/\/sandzakpress.net\/arhiva\/uprkos-zabrani-5-000-osoba-u-parizu-protestovalo-protiv-izraleskih-napada\/\" \/>\n<meta property=\"og:locale\" content=\"bs_BA\" \/>\n<meta property=\"og:type\" content=\"article\" \/>\n<meta property=\"og:title\" content=\"Uprkos zabrani 5.000 osoba u Parizu protestovalo protiv izraleskih napada\" \/>\n<meta property=\"og:description\" content=\"Francuska &#8211;\u00a0Uprkos zabrani francuskih vlasti, danas je oko pet hiljada osoba odr\u017ealo proteste protiv izraleskih napada na Pojas Gaze. Naime, iako je guverner Pariza zabranio odr\u017eavanje masovnih protesta na trgu Barbes danas se, kao \u0161to je ranije planirano, okupio veliki broj demonstranata koji su tra\u017eili prekid napada izraelske vojske na nevine civile u Gazi. Na [&hellip;]\" \/>\n<meta property=\"og:url\" content=\"https:\/\/sandzakpress.net\/arhiva\/uprkos-zabrani-5-000-osoba-u-parizu-protestovalo-protiv-izraleskih-napada\/\" \/>\n<meta property=\"og:site_name\" content=\"Sand\u017eak PRESS\" \/>\n<meta property=\"article:published_time\" content=\"2014-07-19T17:42:01+00:00\" \/>\n<meta property=\"article:modified_time\" content=\"2014-07-19T18:04:50+00:00\" \/>\n<meta property=\"og:image\" content=\"https:\/\/sandzakpress.net\/arhiva\/wp-content\/uploads\/2014\/07\/140719054.1_xl.jpg\" \/>\n\t<meta property=\"og:image:width\" content=\"938\" \/>\n\t<meta property=\"og:image:height\" content=\"583\" \/>\n\t<meta property=\"og:image:type\" content=\"image\/jpeg\" \/>\n<meta name=\"author\" content=\"bosniak\" \/>\n<meta name=\"twitter:card\" content=\"summary_large_image\" \/>\n<meta name=\"twitter:label1\" content=\"Written by\" \/>\n\t<meta name=\"twitter:data1\" content=\"bosniak\" \/>\n\t<meta name=\"twitter:label2\" content=\"Est. reading time\" \/>\n\t<meta name=\"twitter:data2\" content=\"2 minute\" \/>\n<script type=\"application\/ld+json\" class=\"yoast-schema-graph\">{\"@context\":\"https:\/\/schema.org\",\"@graph\":[{\"@type\":\"Article\",\"@id\":\"https:\/\/sandzakpress.net\/arhiva\/uprkos-zabrani-5-000-osoba-u-parizu-protestovalo-protiv-izraleskih-napada\/#article\",\"isPartOf\":{\"@id\":\"https:\/\/sandzakpress.net\/arhiva\/uprkos-zabrani-5-000-osoba-u-parizu-protestovalo-protiv-izraleskih-napada\/\"},\"author\":{\"name\":\"bosniak\",\"@id\":\"https:\/\/sandzakpress.net\/arhiva\/#\/schema\/person\/c8baee722073534b583ea7bdb2e36c02\"},\"headline\":\"Uprkos zabrani 5.000 osoba u Parizu protestovalo protiv izraleskih napada\",\"datePublished\":\"2014-07-19T17:42:01+00:00\",\"dateModified\":\"2014-07-19T18:04:50+00:00\",\"mainEntityOfPage\":{\"@id\":\"https:\/\/sandzakpress.net\/arhiva\/uprkos-zabrani-5-000-osoba-u-parizu-protestovalo-protiv-izraleskih-napada\/\"},\"wordCount\":360,\"commentCount\":6,\"publisher\":{\"@id\":\"https:\/\/sandzakpress.net\/arhiva\/#\/schema\/person\/6e72b67d6e51910a1117b3b483ba20bd\"},\"image\":{\"@id\":\"https:\/\/sandzakpress.net\/arhiva\/uprkos-zabrani-5-000-osoba-u-parizu-protestovalo-protiv-izraleskih-napada\/#primaryimage\"},\"thumbnailUrl\":\"https:\/\/sandzakpress.net\/arhiva\/wp-content\/uploads\/2014\/07\/140719054.1_xl.jpg\",\"keywords\":[\"Palestina\"],\"articleSection\":[\"Francuska\",\"Svijet\"],\"inLanguage\":\"bs-BA\",\"potentialAction\":[{\"@type\":\"CommentAction\",\"name\":\"Comment\",\"target\":[\"https:\/\/sandzakpress.net\/arhiva\/uprkos-zabrani-5-000-osoba-u-parizu-protestovalo-protiv-izraleskih-napada\/#respond\"]}]},{\"@type\":\"WebPage\",\"@id\":\"https:\/\/sandzakpress.net\/arhiva\/uprkos-zabrani-5-000-osoba-u-parizu-protestovalo-protiv-izraleskih-napada\/\",\"url\":\"https:\/\/sandzakpress.net\/arhiva\/uprkos-zabrani-5-000-osoba-u-parizu-protestovalo-protiv-izraleskih-napada\/\",\"name\":\"Uprkos zabrani 5.000 osoba u Parizu protestovalo protiv izraleskih napada\",\"isPartOf\":{\"@id\":\"https:\/\/sandzakpress.net\/arhiva\/#website\"},\"primaryImageOfPage\":{\"@id\":\"https:\/\/sandzakpress.net\/arhiva\/uprkos-zabrani-5-000-osoba-u-parizu-protestovalo-protiv-izraleskih-napada\/#primaryimage\"},\"image\":{\"@id\":\"https:\/\/sandzakpress.net\/arhiva\/uprkos-zabrani-5-000-osoba-u-parizu-protestovalo-protiv-izraleskih-napada\/#primaryimage\"},\"thumbnailUrl\":\"https:\/\/sandzakpress.net\/arhiva\/wp-content\/uploads\/2014\/07\/140719054.1_xl.jpg\",\"datePublished\":\"2014-07-19T17:42:01+00:00\",\"dateModified\":\"2014-07-19T18:04:50+00:00\",\"breadcrumb\":{\"@id\":\"https:\/\/sandzakpress.net\/arhiva\/uprkos-zabrani-5-000-osoba-u-parizu-protestovalo-protiv-izraleskih-napada\/#breadcrumb\"},\"inLanguage\":\"bs-BA\",\"potentialAction\":[{\"@type\":\"ReadAction\",\"target\":[\"https:\/\/sandzakpress.net\/arhiva\/uprkos-zabrani-5-000-osoba-u-parizu-protestovalo-protiv-izraleskih-napada\/\"]}]},{\"@type\":\"ImageObject\",\"inLanguage\":\"bs-BA\",\"@id\":\"https:\/\/sandzakpress.net\/arhiva\/uprkos-zabrani-5-000-osoba-u-parizu-protestovalo-protiv-izraleskih-napada\/#primaryimage\",\"url\":\"https:\/\/sandzakpress.net\/arhiva\/wp-content\/uploads\/2014\/07\/140719054.1_xl.jpg\",\"contentUrl\":\"https:\/\/sandzakpress.net\/arhiva\/wp-content\/uploads\/2014\/07\/140719054.1_xl.jpg\",\"width\":938,\"height\":583},{\"@type\":\"BreadcrumbList\",\"@id\":\"https:\/\/sandzakpress.net\/arhiva\/uprkos-zabrani-5-000-osoba-u-parizu-protestovalo-protiv-izraleskih-napada\/#breadcrumb\",\"itemListElement\":[{\"@type\":\"ListItem\",\"position\":1,\"name\":\"Home\",\"item\":\"https:\/\/sandzakpress.net\/arhiva\/\"},{\"@type\":\"ListItem\",\"position\":2,\"name\":\"Uprkos zabrani 5.000 osoba u Parizu protestovalo protiv izraleskih napada\"}]},{\"@type\":\"WebSite\",\"@id\":\"https:\/\/sandzakpress.net\/arhiva\/#website\",\"url\":\"https:\/\/sandzakpress.net\/arhiva\/\",\"name\":\"Sand\u017eak PRESS\",\"description\":\"Prve elektronske novine u Sand\u017eaku\",\"publisher\":{\"@id\":\"https:\/\/sandzakpress.net\/arhiva\/#\/schema\/person\/6e72b67d6e51910a1117b3b483ba20bd\"},\"potentialAction\":[{\"@type\":\"SearchAction\",\"target\":{\"@type\":\"EntryPoint\",\"urlTemplate\":\"https:\/\/sandzakpress.net\/arhiva\/?s={search_term_string}\"},\"query-input\":{\"@type\":\"PropertyValueSpecification\",\"valueRequired\":true,\"valueName\":\"search_term_string\"}}],\"inLanguage\":\"bs-BA\"},{\"@type\":[\"Person\",\"Organization\"],\"@id\":\"https:\/\/sandzakpress.net\/arhiva\/#\/schema\/person\/6e72b67d6e51910a1117b3b483ba20bd\",\"name\":\"Kul\",\"image\":{\"@type\":\"ImageObject\",\"inLanguage\":\"bs-BA\",\"@id\":\"https:\/\/sandzakpress.net\/arhiva\/#\/schema\/person\/image\/\",\"url\":\"https:\/\/secure.gravatar.com\/avatar\/42263f39aa27ac04c43cab85c280eb2e?s=96&d=mm&r=pg\",\"contentUrl\":\"https:\/\/secure.gravatar.com\/avatar\/42263f39aa27ac04c43cab85c280eb2e?s=96&d=mm&r=pg\",\"caption\":\"Kul\"},\"logo\":{\"@id\":\"https:\/\/sandzakpress.net\/arhiva\/#\/schema\/person\/image\/\"}},{\"@type\":\"Person\",\"@id\":\"https:\/\/sandzakpress.net\/arhiva\/#\/schema\/person\/c8baee722073534b583ea7bdb2e36c02\",\"name\":\"bosniak\",\"image\":{\"@type\":\"ImageObject\",\"inLanguage\":\"bs-BA\",\"@id\":\"https:\/\/sandzakpress.net\/arhiva\/#\/schema\/person\/image\/\",\"url\":\"https:\/\/secure.gravatar.com\/avatar\/a04fd330bfe3a36a72a0ad4a6d89fca7?s=96&d=mm&r=pg\",\"contentUrl\":\"https:\/\/secure.gravatar.com\/avatar\/a04fd330bfe3a36a72a0ad4a6d89fca7?s=96&d=mm&r=pg\",\"caption\":\"bosniak\"},\"url\":\"https:\/\/sandzakpress.net\/arhiva\/author\/bosniak\/\"}]}<\/script>\n<!-- \/ Yoast SEO Premium plugin. -->","yoast_head_json":{"title":"Uprkos zabrani 5.000 osoba u Parizu protestovalo protiv izraleskih napada","robots":{"index":"index","follow":"follow","max-snippet":"max-snippet:-1","max-image-preview":"max-image-preview:large","max-video-preview":"max-video-preview:-1"},"canonical":"https:\/\/sandzakpress.net\/arhiva\/uprkos-zabrani-5-000-osoba-u-parizu-protestovalo-protiv-izraleskih-napada\/","og_locale":"bs_BA","og_type":"article","og_title":"Uprkos zabrani 5.000 osoba u Parizu protestovalo protiv izraleskih napada","og_description":"Francuska &#8211;\u00a0Uprkos zabrani francuskih vlasti, danas je oko pet hiljada osoba odr\u017ealo proteste protiv izraleskih napada na Pojas Gaze. Naime, iako je guverner Pariza zabranio odr\u017eavanje masovnih protesta na trgu Barbes danas se, kao \u0161to je ranije planirano, okupio veliki broj demonstranata koji su tra\u017eili prekid napada izraelske vojske na nevine civile u Gazi. Na [&hellip;]","og_url":"https:\/\/sandzakpress.net\/arhiva\/uprkos-zabrani-5-000-osoba-u-parizu-protestovalo-protiv-izraleskih-napada\/","og_site_name":"Sand\u017eak PRESS","article_published_time":"2014-07-19T17:42:01+00:00","article_modified_time":"2014-07-19T18:04:50+00:00","og_image":[{"width":938,"height":583,"url":"https:\/\/sandzakpress.net\/arhiva\/wp-content\/uploads\/2014\/07\/140719054.1_xl.jpg","type":"image\/jpeg"}],"author":"bosniak","twitter_card":"summary_large_image","twitter_misc":{"Written by":"bosniak","Est. reading time":"2 minute"},"schema":{"@context":"https:\/\/schema.org","@graph":[{"@type":"Article","@id":"https:\/\/sandzakpress.net\/arhiva\/uprkos-zabrani-5-000-osoba-u-parizu-protestovalo-protiv-izraleskih-napada\/#article","isPartOf":{"@id":"https:\/\/sandzakpress.net\/arhiva\/uprkos-zabrani-5-000-osoba-u-parizu-protestovalo-protiv-izraleskih-napada\/"},"author":{"name":"bosniak","@id":"https:\/\/sandzakpress.net\/arhiva\/#\/schema\/person\/c8baee722073534b583ea7bdb2e36c02"},"headline":"Uprkos zabrani 5.000 osoba u Parizu protestovalo protiv izraleskih napada","datePublished":"2014-07-19T17:42:01+00:00","dateModified":"2014-07-19T18:04:50+00:00","mainEntityOfPage":{"@id":"https:\/\/sandzakpress.net\/arhiva\/uprkos-zabrani-5-000-osoba-u-parizu-protestovalo-protiv-izraleskih-napada\/"},"wordCount":360,"commentCount":6,"publisher":{"@id":"https:\/\/sandzakpress.net\/arhiva\/#\/schema\/person\/6e72b67d6e51910a1117b3b483ba20bd"},"image":{"@id":"https:\/\/sandzakpress.net\/arhiva\/uprkos-zabrani-5-000-osoba-u-parizu-protestovalo-protiv-izraleskih-napada\/#primaryimage"},"thumbnailUrl":"https:\/\/sandzakpress.net\/arhiva\/wp-content\/uploads\/2014\/07\/140719054.1_xl.jpg","keywords":["Palestina"],"articleSection":["Francuska","Svijet"],"inLanguage":"bs-BA","potentialAction":[{"@type":"CommentAction","name":"Comment","target":["https:\/\/sandzakpress.net\/arhiva\/uprkos-zabrani-5-000-osoba-u-parizu-protestovalo-protiv-izraleskih-napada\/#respond"]}]},{"@type":"WebPage","@id":"https:\/\/sandzakpress.net\/arhiva\/uprkos-zabrani-5-000-osoba-u-parizu-protestovalo-protiv-izraleskih-napada\/","url":"https:\/\/sandzakpress.net\/arhiva\/uprkos-zabrani-5-000-osoba-u-parizu-protestovalo-protiv-izraleskih-napada\/","name":"Uprkos zabrani 5.000 osoba u Parizu protestovalo protiv izraleskih napada","isPartOf":{"@id":"https:\/\/sandzakpress.net\/arhiva\/#website"},"primaryImageOfPage":{"@id":"https:\/\/sandzakpress.net\/arhiva\/uprkos-zabrani-5-000-osoba-u-parizu-protestovalo-protiv-izraleskih-napada\/#primaryimage"},"image":{"@id":"https:\/\/sandzakpress.net\/arhiva\/uprkos-zabrani-5-000-osoba-u-parizu-protestovalo-protiv-izraleskih-napada\/#primaryimage"},"thumbnailUrl":"https:\/\/sandzakpress.net\/arhiva\/wp-content\/uploads\/2014\/07\/140719054.1_xl.jpg","datePublished":"2014-07-19T17:42:01+00:00","dateModified":"2014-07-19T18:04:50+00:00","breadcrumb":{"@id":"https:\/\/sandzakpress.net\/arhiva\/uprkos-zabrani-5-000-osoba-u-parizu-protestovalo-protiv-izraleskih-napada\/#breadcrumb"},"inLanguage":"bs-BA","potentialAction":[{"@type":"ReadAction","target":["https:\/\/sandzakpress.net\/arhiva\/uprkos-zabrani-5-000-osoba-u-parizu-protestovalo-protiv-izraleskih-napada\/"]}]},{"@type":"ImageObject","inLanguage":"bs-BA","@id":"https:\/\/sandzakpress.net\/arhiva\/uprkos-zabrani-5-000-osoba-u-parizu-protestovalo-protiv-izraleskih-napada\/#primaryimage","url":"https:\/\/sandzakpress.net\/arhiva\/wp-content\/uploads\/2014\/07\/140719054.1_xl.jpg","contentUrl":"https:\/\/sandzakpress.net\/arhiva\/wp-content\/uploads\/2014\/07\/140719054.1_xl.jpg","width":938,"height":583},{"@type":"BreadcrumbList","@id":"https:\/\/sandzakpress.net\/arhiva\/uprkos-zabrani-5-000-osoba-u-parizu-protestovalo-protiv-izraleskih-napada\/#breadcrumb","itemListElement":[{"@type":"ListItem","position":1,"name":"Home","item":"https:\/\/sandzakpress.net\/arhiva\/"},{"@type":"ListItem","position":2,"name":"Uprkos zabrani 5.000 osoba u Parizu protestovalo protiv izraleskih napada"}]},{"@type":"WebSite","@id":"https:\/\/sandzakpress.net\/arhiva\/#website","url":"https:\/\/sandzakpress.net\/arhiva\/","name":"Sand\u017eak PRESS","description":"Prve elektronske novine u Sand\u017eaku","publisher":{"@id":"https:\/\/sandzakpress.net\/arhiva\/#\/schema\/person\/6e72b67d6e51910a1117b3b483ba20bd"},"potentialAction":[{"@type":"SearchAction","target":{"@type":"EntryPoint","urlTemplate":"https:\/\/sandzakpress.net\/arhiva\/?s={search_term_string}"},"query-input":{"@type":"PropertyValueSpecification","valueRequired":true,"valueName":"search_term_string"}}],"inLanguage":"bs-BA"},{"@type":["Person","Organization"],"@id":"https:\/\/sandzakpress.net\/arhiva\/#\/schema\/person\/6e72b67d6e51910a1117b3b483ba20bd","name":"Kul","image":{"@type":"ImageObject","inLanguage":"bs-BA","@id":"https:\/\/sandzakpress.net\/arhiva\/#\/schema\/person\/image\/","url":"https:\/\/secure.gravatar.com\/avatar\/42263f39aa27ac04c43cab85c280eb2e?s=96&d=mm&r=pg","contentUrl":"https:\/\/secure.gravatar.com\/avatar\/42263f39aa27ac04c43cab85c280eb2e?s=96&d=mm&r=pg","caption":"Kul"},"logo":{"@id":"https:\/\/sandzakpress.net\/arhiva\/#\/schema\/person\/image\/"}},{"@type":"Person","@id":"https:\/\/sandzakpress.net\/arhiva\/#\/schema\/person\/c8baee722073534b583ea7bdb2e36c02","name":"bosniak","image":{"@type":"ImageObject","inLanguage":"bs-BA","@id":"https:\/\/sandzakpress.net\/arhiva\/#\/schema\/person\/image\/","url":"https:\/\/secure.gravatar.com\/avatar\/a04fd330bfe3a36a72a0ad4a6d89fca7?s=96&d=mm&r=pg","contentUrl":"https:\/\/secure.gravatar.com\/avatar\/a04fd330bfe3a36a72a0ad4a6d89fca7?s=96&d=mm&r=pg","caption":"bosniak"},"url":"https:\/\/sandzakpress.net\/arhiva\/author\/bosniak\/"}]}},"_links":{"self":[{"href":"https:\/\/sandzakpress.net\/arhiva\/wp-json\/wp\/v2\/posts\/108962"}],"collection":[{"href":"https:\/\/sandzakpress.net\/arhiva\/wp-json\/wp\/v2\/posts"}],"about":[{"href":"https:\/\/sandzakpress.net\/arhiva\/wp-json\/wp\/v2\/types\/post"}],"author":[{"embeddable":true,"href":"https:\/\/sandzakpress.net\/arhiva\/wp-json\/wp\/v2\/users\/83"}],"replies":[{"embeddable":true,"href":"https:\/\/sandzakpress.net\/arhiva\/wp-json\/wp\/v2\/comments?post=108962"}],"version-history":[{"count":0,"href":"https:\/\/sandzakpress.net\/arhiva\/wp-json\/wp\/v2\/posts\/108962\/revisions"}],"wp:featuredmedia":[{"embeddable":true,"href":"https:\/\/sandzakpress.net\/arhiva\/wp-json\/wp\/v2\/media\/108963"}],"wp:attachment":[{"href":"https:\/\/sandzakpress.net\/arhiva\/wp-json\/wp\/v2\/media?parent=108962"}],"wp:term":[{"taxonomy":"category","embeddable":true,"href":"https:\/\/sandzakpress.net\/arhiva\/wp-json\/wp\/v2\/categories?post=108962"},{"taxonomy":"post_tag","embeddable":true,"href":"https:\/\/sandzakpress.net\/arhiva\/wp-json\/wp\/v2\/tags?post=108962"}],"curies":[{"name":"wp","href":"https:\/\/api.w.org\/{rel}","templated":true}]}}