{"id":108920,"date":"2014-07-18T14:52:43","date_gmt":"2014-07-18T12:52:43","guid":{"rendered":"https:\/\/sandzakpress.net\/arhiva\/?p=108920"},"modified":"2014-07-18T19:53:08","modified_gmt":"2014-07-18T17:53:08","slug":"skup-podrske-palestini-u-sarajevu-demonstranti-porucuju-dosta-izraelu-dosta-ubijanju","status":"publish","type":"post","link":"https:\/\/sandzakpress.net\/arhiva\/skup-podrske-palestini-u-sarajevu-demonstranti-porucuju-dosta-izraelu-dosta-ubijanju\/","title":{"rendered":"Skup podr\u0161ke Palestini u Sarajevu: Demonstranti poru\u010duju &#8220;dosta Izraelu, dosta ubijanju&#8221;"},"content":{"rendered":"<p><a href=\"https:\/\/sandzakpress.net\/arhiva\/wp-content\/uploads\/2014\/07\/Unbenannt.jpg\"><img loading=\"lazy\" decoding=\"async\" class=\"aligncenter size-full wp-image-108921\" src=\"https:\/\/sandzakpress.net\/arhiva\/wp-content\/uploads\/2014\/07\/Unbenannt.jpg\" alt=\"Unbenannt\" width=\"679\" height=\"367\" srcset=\"https:\/\/sandzakpress.net\/arhiva\/wp-content\/uploads\/2014\/07\/Unbenannt.jpg 679w, https:\/\/sandzakpress.net\/arhiva\/wp-content\/uploads\/2014\/07\/Unbenannt-616x332.jpg 616w\" sizes=\"(max-width: 679px) 100vw, 679px\" \/><\/a><\/p>\n<p><strong>BiH &#8211;\u00a0Masa\u00a0pripadnika Udru\u017eenja Palestinske dijaspore u Bosni i Hercegovini (BiH) i onih koji podr\u017eavaju prestanak nasilja u Gazi okupilo se danas ispred Sebilja na Ba\u0161\u010dar\u0161iji u Sarajevu odakle su krenuli na protestnu \u0161etnju glavnim sarajevskim ulicama, javlja Anadolu Agency (AA).<\/strong><\/p>\n<p style=\"color: #000000;\">Demonstranti su na Ba\u0161\u010dar\u0161iji ra\u0161irili veliku palestinsku zastavu i transparent &#8220;zaustavite fa\u0161isti\u010dku agresiju na Gazu&#8221;.<\/p>\n<p style=\"color: #000000;\">Mohamad Hamad, predstavnik Udru\u017eenja Palestinske dijaspore u BiH, je rekao da je skup organizovan kako bi se reklo dosta Izraelu, &#8220;\u010diji napadi na Pojas Gaze li\u010de na ono \u0161to je nacisti\u010dki re\u017eim radio Jevrejima u Njema\u010dkoj&#8221;.<\/p>\n<p style=\"color: #000000;\">&#8220;Zar je ovo Palestina zaslu\u017eila nakon \u0161to je pru\u017eila ruku i otvorila srce Jevrejima kada im nije bilo sigurno nigdje u Evropi osim u Palestini. Da li se to ovako vra\u0107a Palestini? Svi Izraelci, svi Jevreji i svi dobri ljudi u svijetu moraju podi\u0107i svoj glas i re\u0107i dosta Izraelu, dosta ubijanju djece, ubijanju civila i ru\u0161enju ku\u0107a&#8221;, rekao je Hamad za AA.<\/p>\n<p style=\"color: #000000;\">On je rekao da se me\u0111u okupljenim demonstrantima nalaze razli\u010dite nacionalnosti me\u0111u kojima su bh. gra\u0111ani, Srbi, Hrvati, Albanci, Turci, Palestinci&#8230;<\/p>\n<p style=\"color: #000000;\">Hamad je rekao da su predstavnici Udru\u017eenja uputili zahtjev bh. vlastima da se izjasne o de\u0161avanjima u Gazi i da osude izraelske napade. Rekao je da o\u010dekuju njihov odgovor.<\/p>\n<p style=\"color: #000000;\">Protestna \u0161etnja \u0107e se zavr\u0161iti ispred BBI Centra, gdje \u0107e se organizatori obratiti okupljenim, nakon \u010dega \u0107e se mirno razi\u0107i.<\/p>\n<div class=\"youtube-embed\" data-video_id=\"24qMxypdVC4\"><iframe loading=\"lazy\" title=\"Protestna \u0161etnja gra\u0111ana Sarajeva u znak podr\u0161ke Gazi\" width=\"696\" height=\"392\" src=\"https:\/\/www.youtube.com\/embed\/24qMxypdVC4?feature=oembed&#038;enablejsapi=1\" frameborder=\"0\" allow=\"accelerometer; autoplay; encrypted-media; gyroscope; picture-in-picture\" allowfullscreen><\/iframe><\/div>\n<p style=\"color: #000000;\">(brzevijesti\/video: Al-Jazeera)<\/p>\n","protected":false},"excerpt":{"rendered":"<p>BiH &#8211;\u00a0Masa\u00a0pripadnika Udru\u017eenja Palestinske dijaspore u Bosni i Hercegovini (BiH) i onih koji podr\u017eavaju prestanak nasilja u Gazi okupilo se danas ispred Sebilja na Ba\u0161\u010dar\u0161iji u Sarajevu odakle su krenuli na protestnu \u0161etnju glavnim sarajevskim ulicama, javlja Anadolu Agency (AA). Demonstranti su na Ba\u0161\u010dar\u0161iji ra\u0161irili veliku palestinsku zastavu i transparent &#8220;zaustavite fa\u0161isti\u010dku agresiju na Gazu&#8221;. [&hellip;]<\/p>\n","protected":false},"author":83,"featured_media":108921,"comment_status":"open","ping_status":"open","sticky":false,"template":"","format":"standard","meta":{"footnotes":""},"categories":[800,2860,8957],"tags":[10249],"class_list":{"0":"post-108920","1":"post","2":"type-post","3":"status-publish","4":"format-standard","5":"has-post-thumbnail","7":"category-nacija","8":"category-bosna-i-hercegovina-gradovi","9":"category-vijesti-dana","10":"tag-palestina"},"yoast_head":"<!-- This site is optimized with the Yoast SEO Premium plugin v23.1 (Yoast SEO v24.9) - https:\/\/yoast.com\/wordpress\/plugins\/seo\/ -->\n<title>Skup podr\u0161ke Palestini u Sarajevu: Demonstranti poru\u010duju &quot;dosta Izraelu, dosta ubijanju&quot;<\/title>\n<meta name=\"robots\" content=\"index, follow, max-snippet:-1, max-image-preview:large, max-video-preview:-1\" \/>\n<link rel=\"canonical\" href=\"https:\/\/sandzakpress.net\/arhiva\/skup-podrske-palestini-u-sarajevu-demonstranti-porucuju-dosta-izraelu-dosta-ubijanju\/\" \/>\n<meta property=\"og:locale\" content=\"bs_BA\" \/>\n<meta property=\"og:type\" content=\"article\" \/>\n<meta property=\"og:title\" content=\"Skup podr\u0161ke Palestini u Sarajevu: Demonstranti poru\u010duju &quot;dosta Izraelu, dosta ubijanju&quot;\" \/>\n<meta property=\"og:description\" content=\"BiH &#8211;\u00a0Masa\u00a0pripadnika Udru\u017eenja Palestinske dijaspore u Bosni i Hercegovini (BiH) i onih koji podr\u017eavaju prestanak nasilja u Gazi okupilo se danas ispred Sebilja na Ba\u0161\u010dar\u0161iji u Sarajevu odakle su krenuli na protestnu \u0161etnju glavnim sarajevskim ulicama, javlja Anadolu Agency (AA). Demonstranti su na Ba\u0161\u010dar\u0161iji ra\u0161irili veliku palestinsku zastavu i transparent &#8220;zaustavite fa\u0161isti\u010dku agresiju na Gazu&#8221;. [&hellip;]\" \/>\n<meta property=\"og:url\" content=\"https:\/\/sandzakpress.net\/arhiva\/skup-podrske-palestini-u-sarajevu-demonstranti-porucuju-dosta-izraelu-dosta-ubijanju\/\" \/>\n<meta property=\"og:site_name\" content=\"Sand\u017eak PRESS\" \/>\n<meta property=\"article:published_time\" content=\"2014-07-18T12:52:43+00:00\" \/>\n<meta property=\"article:modified_time\" content=\"2014-07-18T17:53:08+00:00\" \/>\n<meta property=\"og:image\" content=\"https:\/\/sandzakpress.net\/arhiva\/wp-content\/uploads\/2014\/07\/Unbenannt.jpg\" \/>\n\t<meta property=\"og:image:width\" content=\"679\" \/>\n\t<meta property=\"og:image:height\" content=\"367\" \/>\n\t<meta property=\"og:image:type\" content=\"image\/jpeg\" \/>\n<meta name=\"author\" content=\"bosniak\" \/>\n<meta name=\"twitter:card\" content=\"summary_large_image\" \/>\n<meta name=\"twitter:label1\" content=\"Written by\" \/>\n\t<meta name=\"twitter:data1\" content=\"bosniak\" \/>\n\t<meta name=\"twitter:label2\" content=\"Est. reading time\" \/>\n\t<meta name=\"twitter:data2\" content=\"1 minuta\" \/>\n<script type=\"application\/ld+json\" class=\"yoast-schema-graph\">{\"@context\":\"https:\/\/schema.org\",\"@graph\":[{\"@type\":\"Article\",\"@id\":\"https:\/\/sandzakpress.net\/arhiva\/skup-podrske-palestini-u-sarajevu-demonstranti-porucuju-dosta-izraelu-dosta-ubijanju\/#article\",\"isPartOf\":{\"@id\":\"https:\/\/sandzakpress.net\/arhiva\/skup-podrske-palestini-u-sarajevu-demonstranti-porucuju-dosta-izraelu-dosta-ubijanju\/\"},\"author\":{\"name\":\"bosniak\",\"@id\":\"https:\/\/sandzakpress.net\/arhiva\/#\/schema\/person\/c8baee722073534b583ea7bdb2e36c02\"},\"headline\":\"Skup podr\u0161ke Palestini u Sarajevu: Demonstranti poru\u010duju &#8220;dosta Izraelu, dosta ubijanju&#8221;\",\"datePublished\":\"2014-07-18T12:52:43+00:00\",\"dateModified\":\"2014-07-18T17:53:08+00:00\",\"mainEntityOfPage\":{\"@id\":\"https:\/\/sandzakpress.net\/arhiva\/skup-podrske-palestini-u-sarajevu-demonstranti-porucuju-dosta-izraelu-dosta-ubijanju\/\"},\"wordCount\":279,\"commentCount\":0,\"publisher\":{\"@id\":\"https:\/\/sandzakpress.net\/arhiva\/#\/schema\/person\/6e72b67d6e51910a1117b3b483ba20bd\"},\"image\":{\"@id\":\"https:\/\/sandzakpress.net\/arhiva\/skup-podrske-palestini-u-sarajevu-demonstranti-porucuju-dosta-izraelu-dosta-ubijanju\/#primaryimage\"},\"thumbnailUrl\":\"https:\/\/sandzakpress.net\/arhiva\/wp-content\/uploads\/2014\/07\/Unbenannt.jpg\",\"keywords\":[\"Palestina\"],\"articleSection\":[\"Nacija\",\"Bosna i Hercegovina\",\"VIJESTI DANA\"],\"inLanguage\":\"bs-BA\",\"potentialAction\":[{\"@type\":\"CommentAction\",\"name\":\"Comment\",\"target\":[\"https:\/\/sandzakpress.net\/arhiva\/skup-podrske-palestini-u-sarajevu-demonstranti-porucuju-dosta-izraelu-dosta-ubijanju\/#respond\"]}]},{\"@type\":\"WebPage\",\"@id\":\"https:\/\/sandzakpress.net\/arhiva\/skup-podrske-palestini-u-sarajevu-demonstranti-porucuju-dosta-izraelu-dosta-ubijanju\/\",\"url\":\"https:\/\/sandzakpress.net\/arhiva\/skup-podrske-palestini-u-sarajevu-demonstranti-porucuju-dosta-izraelu-dosta-ubijanju\/\",\"name\":\"Skup podr\u0161ke Palestini u Sarajevu: Demonstranti poru\u010duju \\\"dosta Izraelu, dosta ubijanju\\\"\",\"isPartOf\":{\"@id\":\"https:\/\/sandzakpress.net\/arhiva\/#website\"},\"primaryImageOfPage\":{\"@id\":\"https:\/\/sandzakpress.net\/arhiva\/skup-podrske-palestini-u-sarajevu-demonstranti-porucuju-dosta-izraelu-dosta-ubijanju\/#primaryimage\"},\"image\":{\"@id\":\"https:\/\/sandzakpress.net\/arhiva\/skup-podrske-palestini-u-sarajevu-demonstranti-porucuju-dosta-izraelu-dosta-ubijanju\/#primaryimage\"},\"thumbnailUrl\":\"https:\/\/sandzakpress.net\/arhiva\/wp-content\/uploads\/2014\/07\/Unbenannt.jpg\",\"datePublished\":\"2014-07-18T12:52:43+00:00\",\"dateModified\":\"2014-07-18T17:53:08+00:00\",\"breadcrumb\":{\"@id\":\"https:\/\/sandzakpress.net\/arhiva\/skup-podrske-palestini-u-sarajevu-demonstranti-porucuju-dosta-izraelu-dosta-ubijanju\/#breadcrumb\"},\"inLanguage\":\"bs-BA\",\"potentialAction\":[{\"@type\":\"ReadAction\",\"target\":[\"https:\/\/sandzakpress.net\/arhiva\/skup-podrske-palestini-u-sarajevu-demonstranti-porucuju-dosta-izraelu-dosta-ubijanju\/\"]}]},{\"@type\":\"ImageObject\",\"inLanguage\":\"bs-BA\",\"@id\":\"https:\/\/sandzakpress.net\/arhiva\/skup-podrske-palestini-u-sarajevu-demonstranti-porucuju-dosta-izraelu-dosta-ubijanju\/#primaryimage\",\"url\":\"https:\/\/sandzakpress.net\/arhiva\/wp-content\/uploads\/2014\/07\/Unbenannt.jpg\",\"contentUrl\":\"https:\/\/sandzakpress.net\/arhiva\/wp-content\/uploads\/2014\/07\/Unbenannt.jpg\",\"width\":679,\"height\":367},{\"@type\":\"BreadcrumbList\",\"@id\":\"https:\/\/sandzakpress.net\/arhiva\/skup-podrske-palestini-u-sarajevu-demonstranti-porucuju-dosta-izraelu-dosta-ubijanju\/#breadcrumb\",\"itemListElement\":[{\"@type\":\"ListItem\",\"position\":1,\"name\":\"Home\",\"item\":\"https:\/\/sandzakpress.net\/arhiva\/\"},{\"@type\":\"ListItem\",\"position\":2,\"name\":\"Skup podr\u0161ke Palestini u Sarajevu: Demonstranti poru\u010duju &#8220;dosta Izraelu, dosta ubijanju&#8221;\"}]},{\"@type\":\"WebSite\",\"@id\":\"https:\/\/sandzakpress.net\/arhiva\/#website\",\"url\":\"https:\/\/sandzakpress.net\/arhiva\/\",\"name\":\"Sand\u017eak PRESS\",\"description\":\"Prve elektronske novine u Sand\u017eaku\",\"publisher\":{\"@id\":\"https:\/\/sandzakpress.net\/arhiva\/#\/schema\/person\/6e72b67d6e51910a1117b3b483ba20bd\"},\"potentialAction\":[{\"@type\":\"SearchAction\",\"target\":{\"@type\":\"EntryPoint\",\"urlTemplate\":\"https:\/\/sandzakpress.net\/arhiva\/?s={search_term_string}\"},\"query-input\":{\"@type\":\"PropertyValueSpecification\",\"valueRequired\":true,\"valueName\":\"search_term_string\"}}],\"inLanguage\":\"bs-BA\"},{\"@type\":[\"Person\",\"Organization\"],\"@id\":\"https:\/\/sandzakpress.net\/arhiva\/#\/schema\/person\/6e72b67d6e51910a1117b3b483ba20bd\",\"name\":\"Kul\",\"image\":{\"@type\":\"ImageObject\",\"inLanguage\":\"bs-BA\",\"@id\":\"https:\/\/sandzakpress.net\/arhiva\/#\/schema\/person\/image\/\",\"url\":\"https:\/\/secure.gravatar.com\/avatar\/42263f39aa27ac04c43cab85c280eb2e?s=96&d=mm&r=pg\",\"contentUrl\":\"https:\/\/secure.gravatar.com\/avatar\/42263f39aa27ac04c43cab85c280eb2e?s=96&d=mm&r=pg\",\"caption\":\"Kul\"},\"logo\":{\"@id\":\"https:\/\/sandzakpress.net\/arhiva\/#\/schema\/person\/image\/\"}},{\"@type\":\"Person\",\"@id\":\"https:\/\/sandzakpress.net\/arhiva\/#\/schema\/person\/c8baee722073534b583ea7bdb2e36c02\",\"name\":\"bosniak\",\"image\":{\"@type\":\"ImageObject\",\"inLanguage\":\"bs-BA\",\"@id\":\"https:\/\/sandzakpress.net\/arhiva\/#\/schema\/person\/image\/\",\"url\":\"https:\/\/secure.gravatar.com\/avatar\/a04fd330bfe3a36a72a0ad4a6d89fca7?s=96&d=mm&r=pg\",\"contentUrl\":\"https:\/\/secure.gravatar.com\/avatar\/a04fd330bfe3a36a72a0ad4a6d89fca7?s=96&d=mm&r=pg\",\"caption\":\"bosniak\"},\"url\":\"https:\/\/sandzakpress.net\/arhiva\/author\/bosniak\/\"}]}<\/script>\n<!-- \/ Yoast SEO Premium plugin. -->","yoast_head_json":{"title":"Skup podr\u0161ke Palestini u Sarajevu: Demonstranti poru\u010duju \"dosta Izraelu, dosta ubijanju\"","robots":{"index":"index","follow":"follow","max-snippet":"max-snippet:-1","max-image-preview":"max-image-preview:large","max-video-preview":"max-video-preview:-1"},"canonical":"https:\/\/sandzakpress.net\/arhiva\/skup-podrske-palestini-u-sarajevu-demonstranti-porucuju-dosta-izraelu-dosta-ubijanju\/","og_locale":"bs_BA","og_type":"article","og_title":"Skup podr\u0161ke Palestini u Sarajevu: Demonstranti poru\u010duju \"dosta Izraelu, dosta ubijanju\"","og_description":"BiH &#8211;\u00a0Masa\u00a0pripadnika Udru\u017eenja Palestinske dijaspore u Bosni i Hercegovini (BiH) i onih koji podr\u017eavaju prestanak nasilja u Gazi okupilo se danas ispred Sebilja na Ba\u0161\u010dar\u0161iji u Sarajevu odakle su krenuli na protestnu \u0161etnju glavnim sarajevskim ulicama, javlja Anadolu Agency (AA). Demonstranti su na Ba\u0161\u010dar\u0161iji ra\u0161irili veliku palestinsku zastavu i transparent &#8220;zaustavite fa\u0161isti\u010dku agresiju na Gazu&#8221;. [&hellip;]","og_url":"https:\/\/sandzakpress.net\/arhiva\/skup-podrske-palestini-u-sarajevu-demonstranti-porucuju-dosta-izraelu-dosta-ubijanju\/","og_site_name":"Sand\u017eak PRESS","article_published_time":"2014-07-18T12:52:43+00:00","article_modified_time":"2014-07-18T17:53:08+00:00","og_image":[{"width":679,"height":367,"url":"https:\/\/sandzakpress.net\/arhiva\/wp-content\/uploads\/2014\/07\/Unbenannt.jpg","type":"image\/jpeg"}],"author":"bosniak","twitter_card":"summary_large_image","twitter_misc":{"Written by":"bosniak","Est. reading time":"1 minuta"},"schema":{"@context":"https:\/\/schema.org","@graph":[{"@type":"Article","@id":"https:\/\/sandzakpress.net\/arhiva\/skup-podrske-palestini-u-sarajevu-demonstranti-porucuju-dosta-izraelu-dosta-ubijanju\/#article","isPartOf":{"@id":"https:\/\/sandzakpress.net\/arhiva\/skup-podrske-palestini-u-sarajevu-demonstranti-porucuju-dosta-izraelu-dosta-ubijanju\/"},"author":{"name":"bosniak","@id":"https:\/\/sandzakpress.net\/arhiva\/#\/schema\/person\/c8baee722073534b583ea7bdb2e36c02"},"headline":"Skup podr\u0161ke Palestini u Sarajevu: Demonstranti poru\u010duju &#8220;dosta Izraelu, dosta ubijanju&#8221;","datePublished":"2014-07-18T12:52:43+00:00","dateModified":"2014-07-18T17:53:08+00:00","mainEntityOfPage":{"@id":"https:\/\/sandzakpress.net\/arhiva\/skup-podrske-palestini-u-sarajevu-demonstranti-porucuju-dosta-izraelu-dosta-ubijanju\/"},"wordCount":279,"commentCount":0,"publisher":{"@id":"https:\/\/sandzakpress.net\/arhiva\/#\/schema\/person\/6e72b67d6e51910a1117b3b483ba20bd"},"image":{"@id":"https:\/\/sandzakpress.net\/arhiva\/skup-podrske-palestini-u-sarajevu-demonstranti-porucuju-dosta-izraelu-dosta-ubijanju\/#primaryimage"},"thumbnailUrl":"https:\/\/sandzakpress.net\/arhiva\/wp-content\/uploads\/2014\/07\/Unbenannt.jpg","keywords":["Palestina"],"articleSection":["Nacija","Bosna i Hercegovina","VIJESTI DANA"],"inLanguage":"bs-BA","potentialAction":[{"@type":"CommentAction","name":"Comment","target":["https:\/\/sandzakpress.net\/arhiva\/skup-podrske-palestini-u-sarajevu-demonstranti-porucuju-dosta-izraelu-dosta-ubijanju\/#respond"]}]},{"@type":"WebPage","@id":"https:\/\/sandzakpress.net\/arhiva\/skup-podrske-palestini-u-sarajevu-demonstranti-porucuju-dosta-izraelu-dosta-ubijanju\/","url":"https:\/\/sandzakpress.net\/arhiva\/skup-podrske-palestini-u-sarajevu-demonstranti-porucuju-dosta-izraelu-dosta-ubijanju\/","name":"Skup podr\u0161ke Palestini u Sarajevu: Demonstranti poru\u010duju \"dosta Izraelu, dosta ubijanju\"","isPartOf":{"@id":"https:\/\/sandzakpress.net\/arhiva\/#website"},"primaryImageOfPage":{"@id":"https:\/\/sandzakpress.net\/arhiva\/skup-podrske-palestini-u-sarajevu-demonstranti-porucuju-dosta-izraelu-dosta-ubijanju\/#primaryimage"},"image":{"@id":"https:\/\/sandzakpress.net\/arhiva\/skup-podrske-palestini-u-sarajevu-demonstranti-porucuju-dosta-izraelu-dosta-ubijanju\/#primaryimage"},"thumbnailUrl":"https:\/\/sandzakpress.net\/arhiva\/wp-content\/uploads\/2014\/07\/Unbenannt.jpg","datePublished":"2014-07-18T12:52:43+00:00","dateModified":"2014-07-18T17:53:08+00:00","breadcrumb":{"@id":"https:\/\/sandzakpress.net\/arhiva\/skup-podrske-palestini-u-sarajevu-demonstranti-porucuju-dosta-izraelu-dosta-ubijanju\/#breadcrumb"},"inLanguage":"bs-BA","potentialAction":[{"@type":"ReadAction","target":["https:\/\/sandzakpress.net\/arhiva\/skup-podrske-palestini-u-sarajevu-demonstranti-porucuju-dosta-izraelu-dosta-ubijanju\/"]}]},{"@type":"ImageObject","inLanguage":"bs-BA","@id":"https:\/\/sandzakpress.net\/arhiva\/skup-podrske-palestini-u-sarajevu-demonstranti-porucuju-dosta-izraelu-dosta-ubijanju\/#primaryimage","url":"https:\/\/sandzakpress.net\/arhiva\/wp-content\/uploads\/2014\/07\/Unbenannt.jpg","contentUrl":"https:\/\/sandzakpress.net\/arhiva\/wp-content\/uploads\/2014\/07\/Unbenannt.jpg","width":679,"height":367},{"@type":"BreadcrumbList","@id":"https:\/\/sandzakpress.net\/arhiva\/skup-podrske-palestini-u-sarajevu-demonstranti-porucuju-dosta-izraelu-dosta-ubijanju\/#breadcrumb","itemListElement":[{"@type":"ListItem","position":1,"name":"Home","item":"https:\/\/sandzakpress.net\/arhiva\/"},{"@type":"ListItem","position":2,"name":"Skup podr\u0161ke Palestini u Sarajevu: Demonstranti poru\u010duju &#8220;dosta Izraelu, dosta ubijanju&#8221;"}]},{"@type":"WebSite","@id":"https:\/\/sandzakpress.net\/arhiva\/#website","url":"https:\/\/sandzakpress.net\/arhiva\/","name":"Sand\u017eak PRESS","description":"Prve elektronske novine u Sand\u017eaku","publisher":{"@id":"https:\/\/sandzakpress.net\/arhiva\/#\/schema\/person\/6e72b67d6e51910a1117b3b483ba20bd"},"potentialAction":[{"@type":"SearchAction","target":{"@type":"EntryPoint","urlTemplate":"https:\/\/sandzakpress.net\/arhiva\/?s={search_term_string}"},"query-input":{"@type":"PropertyValueSpecification","valueRequired":true,"valueName":"search_term_string"}}],"inLanguage":"bs-BA"},{"@type":["Person","Organization"],"@id":"https:\/\/sandzakpress.net\/arhiva\/#\/schema\/person\/6e72b67d6e51910a1117b3b483ba20bd","name":"Kul","image":{"@type":"ImageObject","inLanguage":"bs-BA","@id":"https:\/\/sandzakpress.net\/arhiva\/#\/schema\/person\/image\/","url":"https:\/\/secure.gravatar.com\/avatar\/42263f39aa27ac04c43cab85c280eb2e?s=96&d=mm&r=pg","contentUrl":"https:\/\/secure.gravatar.com\/avatar\/42263f39aa27ac04c43cab85c280eb2e?s=96&d=mm&r=pg","caption":"Kul"},"logo":{"@id":"https:\/\/sandzakpress.net\/arhiva\/#\/schema\/person\/image\/"}},{"@type":"Person","@id":"https:\/\/sandzakpress.net\/arhiva\/#\/schema\/person\/c8baee722073534b583ea7bdb2e36c02","name":"bosniak","image":{"@type":"ImageObject","inLanguage":"bs-BA","@id":"https:\/\/sandzakpress.net\/arhiva\/#\/schema\/person\/image\/","url":"https:\/\/secure.gravatar.com\/avatar\/a04fd330bfe3a36a72a0ad4a6d89fca7?s=96&d=mm&r=pg","contentUrl":"https:\/\/secure.gravatar.com\/avatar\/a04fd330bfe3a36a72a0ad4a6d89fca7?s=96&d=mm&r=pg","caption":"bosniak"},"url":"https:\/\/sandzakpress.net\/arhiva\/author\/bosniak\/"}]}},"_links":{"self":[{"href":"https:\/\/sandzakpress.net\/arhiva\/wp-json\/wp\/v2\/posts\/108920"}],"collection":[{"href":"https:\/\/sandzakpress.net\/arhiva\/wp-json\/wp\/v2\/posts"}],"about":[{"href":"https:\/\/sandzakpress.net\/arhiva\/wp-json\/wp\/v2\/types\/post"}],"author":[{"embeddable":true,"href":"https:\/\/sandzakpress.net\/arhiva\/wp-json\/wp\/v2\/users\/83"}],"replies":[{"embeddable":true,"href":"https:\/\/sandzakpress.net\/arhiva\/wp-json\/wp\/v2\/comments?post=108920"}],"version-history":[{"count":0,"href":"https:\/\/sandzakpress.net\/arhiva\/wp-json\/wp\/v2\/posts\/108920\/revisions"}],"wp:featuredmedia":[{"embeddable":true,"href":"https:\/\/sandzakpress.net\/arhiva\/wp-json\/wp\/v2\/media\/108921"}],"wp:attachment":[{"href":"https:\/\/sandzakpress.net\/arhiva\/wp-json\/wp\/v2\/media?parent=108920"}],"wp:term":[{"taxonomy":"category","embeddable":true,"href":"https:\/\/sandzakpress.net\/arhiva\/wp-json\/wp\/v2\/categories?post=108920"},{"taxonomy":"post_tag","embeddable":true,"href":"https:\/\/sandzakpress.net\/arhiva\/wp-json\/wp\/v2\/tags?post=108920"}],"curies":[{"name":"wp","href":"https:\/\/api.w.org\/{rel}","templated":true}]}}