{"id":108813,"date":"2014-07-17T17:20:25","date_gmt":"2014-07-17T15:20:25","guid":{"rendered":"https:\/\/sandzakpress.net\/arhiva\/?p=108813"},"modified":"2014-07-17T20:47:43","modified_gmt":"2014-07-17T18:47:43","slug":"festival-islama-u-rozajama","status":"publish","type":"post","link":"https:\/\/sandzakpress.net\/arhiva\/festival-islama-u-rozajama\/","title":{"rendered":"Festival islama u Ro\u017eajama"},"content":{"rendered":"<p><img decoding=\"async\" src=\"http:\/\/mesihat.org\/images\/stories\/iftar%20u%20rozajama,%2016.07.2014\/iftar%20u%20rozajama%202014%20(14).JPG\" alt=\"\" \/><\/p>\n<p><strong>Ro\u017eaje &#8211; U organizaciji Bo\u0161nja\u010dke kulturne zajednice i Muftijstva sand\u017ea\u010dkog, u srijedu, 16.07.2014., u Ro\u017eajama je u okviru manifestacije \u201eFestival islama\u201c, prire\u0111en zajedni\u010dki iftar, kojem su prisustvovali \u017eitelji ovog i okolnih sand\u017ea\u010dkih gradova.<\/strong><\/p>\n<p>Iftaru su prisustvovali i brojni predstavnici vjerskih, nacionalnih i dru\u0161tvenih organizacija. Delegaciju Muftijstva sand\u017ea\u010dkog predvodio je muftija sand\u017ea\u010dki Muamer-ef. Zukorli\u0107 u dru\u0161tvu direktora Medrese \u201eGazi Isa-beg\u201c Re\u0161ad-ef. Plojovi\u0107a te ostalih rukovodioca ustanova i slu\u017ebi Islamske zajednice. Iftaru su prisustvovali predstavnici BKZ-a iz Plava, Petnjice, Novog Pazara, Bijelog Polja, i dr.<\/p>\n<p>Nakon ogla\u0161avanja iftara, prisutni su zajedno obavili ak\u0161am namaz, a potom iftarili. Nakon prelijepe iftarske i bratske atmosfere, uslijedila su obra\u0107anja. U svojstvu doma\u0107ina prisutnima se obratio hfz. Abdurahman-ef. Kujevi\u0107 \u2013 predsjednik Odbora BKZ-a u Ro\u017eajama. On se zahvalio prisutnima na odazivu i zahvalio se va\u017enim gostima na prisustvu.<\/p>\n<p>Doma\u0107in se posebno zahvalio donatorima ovog iftara, Ambasadi Saudijske Arabije u Sarajevu, Bo\u0161njacima u Americi, te brojnim pojedincima iz Sand\u017eaka.<\/p>\n<p>Potom se obratio Muftija sand\u017ea\u010dki, koji je izrazio radost da manifestacija Festival islama iz godine u godinu \u017eivi. On je govorio o slobodi i dostojanstvu koje \u010dovjek treba u svojim grudima gajiti i \u010duvati.<\/p>\n<p>Muftija je govorio i o vrijednostima Ramazana i posta, kazav\u0161i da je post jedan od ibadeta koji je najprisutniji i najrasprostranjeniji kod nas, iako nije najlak\u0161i ibadet. On je kazao da ljudi sve druge ibadete mogu obavljati licemjerno, ali da niko ne mo\u017ee postiti licemjerno, te da je zato Uzvi\u0161eni Allah kazao da \u0107e za post posebno nagra\u0111ivati.<\/p>\n<p>Na kraju, hairli dovu, prou\u010dio je direktor Medrese Re\u0161ad-ef. Plojovi\u0107.<\/p>\n<p><img decoding=\"async\" src=\"http:\/\/mesihat.org\/images\/stories\/iftar%20u%20rozajama,%2016.07.2014\/iftar%20u%20rozajama%202014%20(10).JPG\" alt=\"\" \/><img decoding=\"async\" src=\"http:\/\/mesihat.org\/images\/stories\/iftar%20u%20rozajama,%2016.07.2014\/iftar%20u%20rozajama%202014%20(11).JPG\" alt=\"\" \/><img decoding=\"async\" src=\"http:\/\/mesihat.org\/images\/stories\/iftar%20u%20rozajama,%2016.07.2014\/iftar%20u%20rozajama%202014%20(13).JPG\" alt=\"\" \/><img decoding=\"async\" src=\"http:\/\/mesihat.org\/images\/stories\/iftar%20u%20rozajama,%2016.07.2014\/iftar%20u%20rozajama%202014%20(2).JPG\" alt=\"\" \/><img decoding=\"async\" src=\"http:\/\/mesihat.org\/images\/stories\/iftar%20u%20rozajama,%2016.07.2014\/iftar%20u%20rozajama%202014%20(3).JPG\" alt=\"\" \/><img decoding=\"async\" src=\"http:\/\/mesihat.org\/images\/stories\/iftar%20u%20rozajama,%2016.07.2014\/iftar%20u%20rozajama%202014%20(8).JPG\" alt=\"\" \/><\/p>\n<div class=\"youtube-embed\" data-video_id=\"MUZgRm9KxxI\"><iframe loading=\"lazy\" title=\"Organiziran Festival islama u Ro\u017eajama\" width=\"696\" height=\"522\" src=\"https:\/\/www.youtube.com\/embed\/MUZgRm9KxxI?feature=oembed&#038;enablejsapi=1\" frameborder=\"0\" allow=\"accelerometer; autoplay; encrypted-media; gyroscope; picture-in-picture\" allowfullscreen><\/iframe><\/div>\n","protected":false},"excerpt":{"rendered":"<p>Ro\u017eaje &#8211; U organizaciji Bo\u0161nja\u010dke kulturne zajednice i Muftijstva sand\u017ea\u010dkog, u srijedu, 16.07.2014., u Ro\u017eajama je u okviru manifestacije \u201eFestival islama\u201c, prire\u0111en zajedni\u010dki iftar, kojem su prisustvovali \u017eitelji ovog i okolnih sand\u017ea\u010dkih gradova. Iftaru su prisustvovali i brojni predstavnici vjerskih, nacionalnih i dru\u0161tvenih organizacija. Delegaciju Muftijstva sand\u017ea\u010dkog predvodio je muftija sand\u017ea\u010dki Muamer-ef. Zukorli\u0107 u dru\u0161tvu [&hellip;]<\/p>\n","protected":false},"author":83,"featured_media":108814,"comment_status":"open","ping_status":"open","sticky":false,"template":"","format":"standard","meta":{"footnotes":""},"categories":[398,800,8957],"tags":[10204,10229,10240],"class_list":{"0":"post-108813","1":"post","2":"type-post","3":"status-publish","4":"format-standard","5":"has-post-thumbnail","7":"category-rozaje","8":"category-nacija","9":"category-vijesti-dana","10":"tag-muftija-muamer-zukorlic","11":"tag-islamska-zajednica","12":"tag-bkz"},"yoast_head":"<!-- This site is optimized with the Yoast SEO Premium plugin v23.1 (Yoast SEO v24.9) - https:\/\/yoast.com\/wordpress\/plugins\/seo\/ -->\n<title>Festival islama u Ro\u017eajama<\/title>\n<meta name=\"robots\" content=\"index, follow, max-snippet:-1, max-image-preview:large, max-video-preview:-1\" \/>\n<link rel=\"canonical\" href=\"https:\/\/sandzakpress.net\/arhiva\/festival-islama-u-rozajama\/\" \/>\n<meta property=\"og:locale\" content=\"bs_BA\" \/>\n<meta property=\"og:type\" content=\"article\" \/>\n<meta property=\"og:title\" content=\"Festival islama u Ro\u017eajama\" \/>\n<meta property=\"og:description\" content=\"Ro\u017eaje &#8211; U organizaciji Bo\u0161nja\u010dke kulturne zajednice i Muftijstva sand\u017ea\u010dkog, u srijedu, 16.07.2014., u Ro\u017eajama je u okviru manifestacije \u201eFestival islama\u201c, prire\u0111en zajedni\u010dki iftar, kojem su prisustvovali \u017eitelji ovog i okolnih sand\u017ea\u010dkih gradova. Iftaru su prisustvovali i brojni predstavnici vjerskih, nacionalnih i dru\u0161tvenih organizacija. Delegaciju Muftijstva sand\u017ea\u010dkog predvodio je muftija sand\u017ea\u010dki Muamer-ef. Zukorli\u0107 u dru\u0161tvu [&hellip;]\" \/>\n<meta property=\"og:url\" content=\"https:\/\/sandzakpress.net\/arhiva\/festival-islama-u-rozajama\/\" \/>\n<meta property=\"og:site_name\" content=\"Sand\u017eak PRESS\" \/>\n<meta property=\"article:published_time\" content=\"2014-07-17T15:20:25+00:00\" \/>\n<meta property=\"article:modified_time\" content=\"2014-07-17T18:47:43+00:00\" \/>\n<meta property=\"og:image\" content=\"https:\/\/sandzakpress.net\/arhiva\/wp-content\/uploads\/2014\/07\/iftar-u-rozajama-2014-14.jpg\" \/>\n\t<meta property=\"og:image:width\" content=\"1000\" \/>\n\t<meta property=\"og:image:height\" content=\"665\" \/>\n\t<meta property=\"og:image:type\" content=\"image\/jpeg\" \/>\n<meta name=\"author\" content=\"bosniak\" \/>\n<meta name=\"twitter:card\" content=\"summary_large_image\" \/>\n<meta name=\"twitter:label1\" content=\"Written by\" \/>\n\t<meta name=\"twitter:data1\" content=\"bosniak\" \/>\n\t<meta name=\"twitter:label2\" content=\"Est. reading time\" \/>\n\t<meta name=\"twitter:data2\" content=\"2 minute\" \/>\n<script type=\"application\/ld+json\" class=\"yoast-schema-graph\">{\"@context\":\"https:\/\/schema.org\",\"@graph\":[{\"@type\":\"Article\",\"@id\":\"https:\/\/sandzakpress.net\/arhiva\/festival-islama-u-rozajama\/#article\",\"isPartOf\":{\"@id\":\"https:\/\/sandzakpress.net\/arhiva\/festival-islama-u-rozajama\/\"},\"author\":{\"name\":\"bosniak\",\"@id\":\"https:\/\/sandzakpress.net\/arhiva\/#\/schema\/person\/c8baee722073534b583ea7bdb2e36c02\"},\"headline\":\"Festival islama u Ro\u017eajama\",\"datePublished\":\"2014-07-17T15:20:25+00:00\",\"dateModified\":\"2014-07-17T18:47:43+00:00\",\"mainEntityOfPage\":{\"@id\":\"https:\/\/sandzakpress.net\/arhiva\/festival-islama-u-rozajama\/\"},\"wordCount\":308,\"commentCount\":2,\"publisher\":{\"@id\":\"https:\/\/sandzakpress.net\/arhiva\/#\/schema\/person\/6e72b67d6e51910a1117b3b483ba20bd\"},\"image\":{\"@id\":\"https:\/\/sandzakpress.net\/arhiva\/festival-islama-u-rozajama\/#primaryimage\"},\"thumbnailUrl\":\"https:\/\/sandzakpress.net\/arhiva\/wp-content\/uploads\/2014\/07\/iftar-u-rozajama-2014-14.jpg\",\"keywords\":[\"muftija Muamer Zukorli\u0107\",\"Islamska zajednica\",\"BKZ\"],\"articleSection\":[\"Ro\u017eaje\",\"Nacija\",\"VIJESTI DANA\"],\"inLanguage\":\"bs-BA\",\"potentialAction\":[{\"@type\":\"CommentAction\",\"name\":\"Comment\",\"target\":[\"https:\/\/sandzakpress.net\/arhiva\/festival-islama-u-rozajama\/#respond\"]}]},{\"@type\":\"WebPage\",\"@id\":\"https:\/\/sandzakpress.net\/arhiva\/festival-islama-u-rozajama\/\",\"url\":\"https:\/\/sandzakpress.net\/arhiva\/festival-islama-u-rozajama\/\",\"name\":\"Festival islama u Ro\u017eajama\",\"isPartOf\":{\"@id\":\"https:\/\/sandzakpress.net\/arhiva\/#website\"},\"primaryImageOfPage\":{\"@id\":\"https:\/\/sandzakpress.net\/arhiva\/festival-islama-u-rozajama\/#primaryimage\"},\"image\":{\"@id\":\"https:\/\/sandzakpress.net\/arhiva\/festival-islama-u-rozajama\/#primaryimage\"},\"thumbnailUrl\":\"https:\/\/sandzakpress.net\/arhiva\/wp-content\/uploads\/2014\/07\/iftar-u-rozajama-2014-14.jpg\",\"datePublished\":\"2014-07-17T15:20:25+00:00\",\"dateModified\":\"2014-07-17T18:47:43+00:00\",\"breadcrumb\":{\"@id\":\"https:\/\/sandzakpress.net\/arhiva\/festival-islama-u-rozajama\/#breadcrumb\"},\"inLanguage\":\"bs-BA\",\"potentialAction\":[{\"@type\":\"ReadAction\",\"target\":[\"https:\/\/sandzakpress.net\/arhiva\/festival-islama-u-rozajama\/\"]}]},{\"@type\":\"ImageObject\",\"inLanguage\":\"bs-BA\",\"@id\":\"https:\/\/sandzakpress.net\/arhiva\/festival-islama-u-rozajama\/#primaryimage\",\"url\":\"https:\/\/sandzakpress.net\/arhiva\/wp-content\/uploads\/2014\/07\/iftar-u-rozajama-2014-14.jpg\",\"contentUrl\":\"https:\/\/sandzakpress.net\/arhiva\/wp-content\/uploads\/2014\/07\/iftar-u-rozajama-2014-14.jpg\",\"width\":1000,\"height\":665},{\"@type\":\"BreadcrumbList\",\"@id\":\"https:\/\/sandzakpress.net\/arhiva\/festival-islama-u-rozajama\/#breadcrumb\",\"itemListElement\":[{\"@type\":\"ListItem\",\"position\":1,\"name\":\"Home\",\"item\":\"https:\/\/sandzakpress.net\/arhiva\/\"},{\"@type\":\"ListItem\",\"position\":2,\"name\":\"Festival islama u Ro\u017eajama\"}]},{\"@type\":\"WebSite\",\"@id\":\"https:\/\/sandzakpress.net\/arhiva\/#website\",\"url\":\"https:\/\/sandzakpress.net\/arhiva\/\",\"name\":\"Sand\u017eak PRESS\",\"description\":\"Prve elektronske novine u Sand\u017eaku\",\"publisher\":{\"@id\":\"https:\/\/sandzakpress.net\/arhiva\/#\/schema\/person\/6e72b67d6e51910a1117b3b483ba20bd\"},\"potentialAction\":[{\"@type\":\"SearchAction\",\"target\":{\"@type\":\"EntryPoint\",\"urlTemplate\":\"https:\/\/sandzakpress.net\/arhiva\/?s={search_term_string}\"},\"query-input\":{\"@type\":\"PropertyValueSpecification\",\"valueRequired\":true,\"valueName\":\"search_term_string\"}}],\"inLanguage\":\"bs-BA\"},{\"@type\":[\"Person\",\"Organization\"],\"@id\":\"https:\/\/sandzakpress.net\/arhiva\/#\/schema\/person\/6e72b67d6e51910a1117b3b483ba20bd\",\"name\":\"Kul\",\"image\":{\"@type\":\"ImageObject\",\"inLanguage\":\"bs-BA\",\"@id\":\"https:\/\/sandzakpress.net\/arhiva\/#\/schema\/person\/image\/\",\"url\":\"https:\/\/secure.gravatar.com\/avatar\/42263f39aa27ac04c43cab85c280eb2e?s=96&d=mm&r=pg\",\"contentUrl\":\"https:\/\/secure.gravatar.com\/avatar\/42263f39aa27ac04c43cab85c280eb2e?s=96&d=mm&r=pg\",\"caption\":\"Kul\"},\"logo\":{\"@id\":\"https:\/\/sandzakpress.net\/arhiva\/#\/schema\/person\/image\/\"}},{\"@type\":\"Person\",\"@id\":\"https:\/\/sandzakpress.net\/arhiva\/#\/schema\/person\/c8baee722073534b583ea7bdb2e36c02\",\"name\":\"bosniak\",\"image\":{\"@type\":\"ImageObject\",\"inLanguage\":\"bs-BA\",\"@id\":\"https:\/\/sandzakpress.net\/arhiva\/#\/schema\/person\/image\/\",\"url\":\"https:\/\/secure.gravatar.com\/avatar\/a04fd330bfe3a36a72a0ad4a6d89fca7?s=96&d=mm&r=pg\",\"contentUrl\":\"https:\/\/secure.gravatar.com\/avatar\/a04fd330bfe3a36a72a0ad4a6d89fca7?s=96&d=mm&r=pg\",\"caption\":\"bosniak\"},\"url\":\"https:\/\/sandzakpress.net\/arhiva\/author\/bosniak\/\"}]}<\/script>\n<!-- \/ Yoast SEO Premium plugin. -->","yoast_head_json":{"title":"Festival islama u Ro\u017eajama","robots":{"index":"index","follow":"follow","max-snippet":"max-snippet:-1","max-image-preview":"max-image-preview:large","max-video-preview":"max-video-preview:-1"},"canonical":"https:\/\/sandzakpress.net\/arhiva\/festival-islama-u-rozajama\/","og_locale":"bs_BA","og_type":"article","og_title":"Festival islama u Ro\u017eajama","og_description":"Ro\u017eaje &#8211; U organizaciji Bo\u0161nja\u010dke kulturne zajednice i Muftijstva sand\u017ea\u010dkog, u srijedu, 16.07.2014., u Ro\u017eajama je u okviru manifestacije \u201eFestival islama\u201c, prire\u0111en zajedni\u010dki iftar, kojem su prisustvovali \u017eitelji ovog i okolnih sand\u017ea\u010dkih gradova. Iftaru su prisustvovali i brojni predstavnici vjerskih, nacionalnih i dru\u0161tvenih organizacija. Delegaciju Muftijstva sand\u017ea\u010dkog predvodio je muftija sand\u017ea\u010dki Muamer-ef. Zukorli\u0107 u dru\u0161tvu [&hellip;]","og_url":"https:\/\/sandzakpress.net\/arhiva\/festival-islama-u-rozajama\/","og_site_name":"Sand\u017eak PRESS","article_published_time":"2014-07-17T15:20:25+00:00","article_modified_time":"2014-07-17T18:47:43+00:00","og_image":[{"width":1000,"height":665,"url":"https:\/\/sandzakpress.net\/arhiva\/wp-content\/uploads\/2014\/07\/iftar-u-rozajama-2014-14.jpg","type":"image\/jpeg"}],"author":"bosniak","twitter_card":"summary_large_image","twitter_misc":{"Written by":"bosniak","Est. reading time":"2 minute"},"schema":{"@context":"https:\/\/schema.org","@graph":[{"@type":"Article","@id":"https:\/\/sandzakpress.net\/arhiva\/festival-islama-u-rozajama\/#article","isPartOf":{"@id":"https:\/\/sandzakpress.net\/arhiva\/festival-islama-u-rozajama\/"},"author":{"name":"bosniak","@id":"https:\/\/sandzakpress.net\/arhiva\/#\/schema\/person\/c8baee722073534b583ea7bdb2e36c02"},"headline":"Festival islama u Ro\u017eajama","datePublished":"2014-07-17T15:20:25+00:00","dateModified":"2014-07-17T18:47:43+00:00","mainEntityOfPage":{"@id":"https:\/\/sandzakpress.net\/arhiva\/festival-islama-u-rozajama\/"},"wordCount":308,"commentCount":2,"publisher":{"@id":"https:\/\/sandzakpress.net\/arhiva\/#\/schema\/person\/6e72b67d6e51910a1117b3b483ba20bd"},"image":{"@id":"https:\/\/sandzakpress.net\/arhiva\/festival-islama-u-rozajama\/#primaryimage"},"thumbnailUrl":"https:\/\/sandzakpress.net\/arhiva\/wp-content\/uploads\/2014\/07\/iftar-u-rozajama-2014-14.jpg","keywords":["muftija Muamer Zukorli\u0107","Islamska zajednica","BKZ"],"articleSection":["Ro\u017eaje","Nacija","VIJESTI DANA"],"inLanguage":"bs-BA","potentialAction":[{"@type":"CommentAction","name":"Comment","target":["https:\/\/sandzakpress.net\/arhiva\/festival-islama-u-rozajama\/#respond"]}]},{"@type":"WebPage","@id":"https:\/\/sandzakpress.net\/arhiva\/festival-islama-u-rozajama\/","url":"https:\/\/sandzakpress.net\/arhiva\/festival-islama-u-rozajama\/","name":"Festival islama u Ro\u017eajama","isPartOf":{"@id":"https:\/\/sandzakpress.net\/arhiva\/#website"},"primaryImageOfPage":{"@id":"https:\/\/sandzakpress.net\/arhiva\/festival-islama-u-rozajama\/#primaryimage"},"image":{"@id":"https:\/\/sandzakpress.net\/arhiva\/festival-islama-u-rozajama\/#primaryimage"},"thumbnailUrl":"https:\/\/sandzakpress.net\/arhiva\/wp-content\/uploads\/2014\/07\/iftar-u-rozajama-2014-14.jpg","datePublished":"2014-07-17T15:20:25+00:00","dateModified":"2014-07-17T18:47:43+00:00","breadcrumb":{"@id":"https:\/\/sandzakpress.net\/arhiva\/festival-islama-u-rozajama\/#breadcrumb"},"inLanguage":"bs-BA","potentialAction":[{"@type":"ReadAction","target":["https:\/\/sandzakpress.net\/arhiva\/festival-islama-u-rozajama\/"]}]},{"@type":"ImageObject","inLanguage":"bs-BA","@id":"https:\/\/sandzakpress.net\/arhiva\/festival-islama-u-rozajama\/#primaryimage","url":"https:\/\/sandzakpress.net\/arhiva\/wp-content\/uploads\/2014\/07\/iftar-u-rozajama-2014-14.jpg","contentUrl":"https:\/\/sandzakpress.net\/arhiva\/wp-content\/uploads\/2014\/07\/iftar-u-rozajama-2014-14.jpg","width":1000,"height":665},{"@type":"BreadcrumbList","@id":"https:\/\/sandzakpress.net\/arhiva\/festival-islama-u-rozajama\/#breadcrumb","itemListElement":[{"@type":"ListItem","position":1,"name":"Home","item":"https:\/\/sandzakpress.net\/arhiva\/"},{"@type":"ListItem","position":2,"name":"Festival islama u Ro\u017eajama"}]},{"@type":"WebSite","@id":"https:\/\/sandzakpress.net\/arhiva\/#website","url":"https:\/\/sandzakpress.net\/arhiva\/","name":"Sand\u017eak PRESS","description":"Prve elektronske novine u Sand\u017eaku","publisher":{"@id":"https:\/\/sandzakpress.net\/arhiva\/#\/schema\/person\/6e72b67d6e51910a1117b3b483ba20bd"},"potentialAction":[{"@type":"SearchAction","target":{"@type":"EntryPoint","urlTemplate":"https:\/\/sandzakpress.net\/arhiva\/?s={search_term_string}"},"query-input":{"@type":"PropertyValueSpecification","valueRequired":true,"valueName":"search_term_string"}}],"inLanguage":"bs-BA"},{"@type":["Person","Organization"],"@id":"https:\/\/sandzakpress.net\/arhiva\/#\/schema\/person\/6e72b67d6e51910a1117b3b483ba20bd","name":"Kul","image":{"@type":"ImageObject","inLanguage":"bs-BA","@id":"https:\/\/sandzakpress.net\/arhiva\/#\/schema\/person\/image\/","url":"https:\/\/secure.gravatar.com\/avatar\/42263f39aa27ac04c43cab85c280eb2e?s=96&d=mm&r=pg","contentUrl":"https:\/\/secure.gravatar.com\/avatar\/42263f39aa27ac04c43cab85c280eb2e?s=96&d=mm&r=pg","caption":"Kul"},"logo":{"@id":"https:\/\/sandzakpress.net\/arhiva\/#\/schema\/person\/image\/"}},{"@type":"Person","@id":"https:\/\/sandzakpress.net\/arhiva\/#\/schema\/person\/c8baee722073534b583ea7bdb2e36c02","name":"bosniak","image":{"@type":"ImageObject","inLanguage":"bs-BA","@id":"https:\/\/sandzakpress.net\/arhiva\/#\/schema\/person\/image\/","url":"https:\/\/secure.gravatar.com\/avatar\/a04fd330bfe3a36a72a0ad4a6d89fca7?s=96&d=mm&r=pg","contentUrl":"https:\/\/secure.gravatar.com\/avatar\/a04fd330bfe3a36a72a0ad4a6d89fca7?s=96&d=mm&r=pg","caption":"bosniak"},"url":"https:\/\/sandzakpress.net\/arhiva\/author\/bosniak\/"}]}},"_links":{"self":[{"href":"https:\/\/sandzakpress.net\/arhiva\/wp-json\/wp\/v2\/posts\/108813"}],"collection":[{"href":"https:\/\/sandzakpress.net\/arhiva\/wp-json\/wp\/v2\/posts"}],"about":[{"href":"https:\/\/sandzakpress.net\/arhiva\/wp-json\/wp\/v2\/types\/post"}],"author":[{"embeddable":true,"href":"https:\/\/sandzakpress.net\/arhiva\/wp-json\/wp\/v2\/users\/83"}],"replies":[{"embeddable":true,"href":"https:\/\/sandzakpress.net\/arhiva\/wp-json\/wp\/v2\/comments?post=108813"}],"version-history":[{"count":0,"href":"https:\/\/sandzakpress.net\/arhiva\/wp-json\/wp\/v2\/posts\/108813\/revisions"}],"wp:featuredmedia":[{"embeddable":true,"href":"https:\/\/sandzakpress.net\/arhiva\/wp-json\/wp\/v2\/media\/108814"}],"wp:attachment":[{"href":"https:\/\/sandzakpress.net\/arhiva\/wp-json\/wp\/v2\/media?parent=108813"}],"wp:term":[{"taxonomy":"category","embeddable":true,"href":"https:\/\/sandzakpress.net\/arhiva\/wp-json\/wp\/v2\/categories?post=108813"},{"taxonomy":"post_tag","embeddable":true,"href":"https:\/\/sandzakpress.net\/arhiva\/wp-json\/wp\/v2\/tags?post=108813"}],"curies":[{"name":"wp","href":"https:\/\/api.w.org\/{rel}","templated":true}]}}