{"id":108746,"date":"2014-07-16T03:32:09","date_gmt":"2014-07-16T01:32:09","guid":{"rendered":"https:\/\/sandzakpress.net\/arhiva\/?p=108746"},"modified":"2014-07-16T17:16:08","modified_gmt":"2014-07-16T15:16:08","slug":"srbi-u-nekadusima-protestvuju-porucili-ezan-se-mora-smanjiti","status":"publish","type":"post","link":"https:\/\/sandzakpress.net\/arhiva\/srbi-u-nekadusima-protestvuju-porucili-ezan-se-mora-smanjiti\/","title":{"rendered":"Srbi u Nedakusima protestvuju &#8211; Poru\u010dili: &#8216;Ezan se mora uti\u0161ati&#8217;"},"content":{"rendered":"<p style=\"color: #555555;\"><img loading=\"lazy\" decoding=\"async\" class=\"aligncenter size-full wp-image-108749\" src=\"https:\/\/sandzakpress.net\/arhiva\/wp-content\/uploads\/2014\/07\/Capture2.png\" alt=\"Capture2\" width=\"616\" height=\"358\" srcset=\"https:\/\/sandzakpress.net\/arhiva\/wp-content\/uploads\/2014\/07\/Capture2.png 616w, https:\/\/sandzakpress.net\/arhiva\/wp-content\/uploads\/2014\/07\/Capture2-600x350.png 600w\" sizes=\"(max-width: 616px) 100vw, 616px\" \/><\/p>\n<p style=\"color: #555555;\"><strong><span style=\"color: #000000;\">Bijelo Polje &#8211; Nakon \u0161to se Bjelopoljac Milorad \u0160panjevi\u0107 prije tri no\u0107i verbalno sukobio sa kom\u0161ijama islamske vjeroispovijesti ispred novosagra\u0111ene d\u017eamije u Nedakusima, ju\u010de je ispred Osnovne \u0161kole \u201cNedakusi\u201c odr\u017ean protestni zbor gra\u0111ana, nezadovoljnih, kako isti\u010du, preglasnim ezanom sa d\u017eamije.<\/span><\/strong><\/p>\n<p style=\"color: #555555;\"><span style=\"color: #000000;\">Isti\u010du\u0107i da su o\u010dekivali da na zbor do\u0111u i muslimani da zajedno na\u0111u rje\u0161enje, mje\u0161tani Nedakusa pravoslavne vjere tvrde da je sve kulminiralo prije 15 dana, kada je d\u017eamija otvorena.<\/span><\/p>\n<p style=\"color: #555555;\"><span style=\"color: #000000;\">&#8220;Od tada se muslimani sve vi\u0161e dr\u017ee na odstojanju, sve se manje sretaju i pri\u010daju sa nama&#8221;, rekao je \u0160panjevi\u0107.<\/span><\/p>\n<p style=\"color: #555555;\"><span style=\"color: #000000;\">Jedan od starijih mje\u0161tana Radoman Piper ka\u017ee da je d\u017eamija nelegalno izgra\u0111ena, \u0161to je dozvolila lokalna vlast uz pre\u0107utnu saglasnost dr\u017eave, koja sad treba da snosi odgovornost.<\/span><\/p>\n<p style=\"color: #555555;\"><span style=\"color: #000000;\">Mje\u0161tani su sa zbora tra\u017eili od Islamske zajednice da potpuno ukine razglas.<\/span><\/p>\n<figure style=\"width: 292px\" class=\"wp-caption alignright\"><img loading=\"lazy\" decoding=\"async\" src=\"http:\/\/www.bosnjaci.net\/foto\/350_Milorad_Spanjevic2.jpg\" alt=\"\" width=\"292\" height=\"269\" \/><figcaption class=\"wp-caption-text\">Milorad \u0160panjevi\u0107<\/figcaption><\/figure>\n<p style=\"color: #555555;\"><span style=\"color: #000000;\">Predsjednik Mjesne zajednice \u017deljko Rai\u010devi\u0107 najavio je za petak sastanak predstavnika pravoslavaca i muslimana sa gradona\u010delnikom Bijelog Polja Aleksandrom \u017duri\u0107em.<\/span><\/p>\n<p style=\"color: #555555;\"><span style=\"color: #000000;\">\u0160panjevi\u0107 tvrdi da mje\u0161tanima Nedakusa smeta ezan &#8211; poziv sa razglasa d\u017eamije na molitvu, koji se ogla\u0161ava u 17, 23 i oko \u010detiri ujutru svakog dana i traje po par minuta.<\/span><\/p>\n<p style=\"color: #555555;\"><span style=\"color: #000000;\">&#8220;To je toliko preglasno da bi \u010dovjeka probudilo iz kome. Vi\u0161e se \u010duje ovaj razglas iz Nedakusa u Gubav\u010du, nego \u0161to se \u010duje sa gubav\u010danske d\u017eamije, iako su udaljene kilometrima&#8221;, ka\u017ee \u0160panjevi\u0107.<\/span><\/p>\n<p style=\"color: #555555;\"><span style=\"color: #000000;\">On je izjavio da je u subotu ve\u010de umalo lin\u010dovan od strane kom\u0161ija jer je do\u0161ao oko 23.30 da im ka\u017ee da prestanu sa preglasnim razglasom, jer mu to izaziva veliki stres.<\/span><\/p>\n<p style=\"color: #555555;\"><span style=\"color: #000000;\">Istakao je da se na njega zaletio stegnutim pesnicama Edis Majstorovi\u0107, koji se prethodno predstavio kao imam, a da ga je spasio kom\u0161ija Fernad Ramovi\u0107. Ovo je potvrdio o\u010devidac, njegov kom\u0161ija Vu\u010deta Jevri\u0107.<\/span><\/p>\n<p style=\"color: #555555;\"><span style=\"color: #000000;\">Mali\u0161a Tvrdi\u0161i\u0107 je na zboru rekao da nikome ne smeta bogomolja, ali da se ton razglasa mora smanjiti, dok Vuksan Jeli\u0107 smatra da je to smi\u0161ljena provokacija i da namjerno poja\u010davaju razglas preko svake mjere.<\/span><\/p>\n<p style=\"color: #555555;\"><span style=\"color: #000000;\">&#8220;Ne\u0107u da moja djeca dobiju \u0161e\u0107er od stresa i preglasnog razglasa&#8221;, bile su rije\u010di Ranka Radovi\u0107a, koji je na zbor do\u0161ao sa djecom od dvije i \u010detiri godine.<\/span><\/p>\n<p style=\"color: #555555;\"><span style=\"color: #000000;\">\u0160panjevi\u0107 ka\u017ee da je u subotu ve\u010de na njega prvo krenulo desetoro djece, a za njima i stariji:<\/span><\/p>\n<p style=\"color: #555555;\"><span style=\"color: #000000;\">&#8220;Prijetili su mi i psovali me, a neki su poku\u0161ali i da fizi\u010dki nasrnu. Sre\u0107om, me\u0111u njima se na\u0161ao kom\u0161ija Fernad Ramovi\u0107 i spasio me, a u me\u0111uvremenu su do\u0161li i \u010dlanovi porodice Vu\u010dete Jevri\u0107a koji \u017eivi preko puta d\u017eamije. U jednom momentu sam pomislio da \u0107u biti \u017ertva pravog lin\u010da&#8221;.<\/span><\/p>\n<p style=\"color: #555555;\"><span style=\"color: #000000;\">\u0160panjevi\u0107 tvrdi da je pre\u017eivio veliki stres.<\/span><\/p>\n<p style=\"color: #555555;\"><span style=\"color: #000000;\">&#8220;Jedino ako si mrtav, ne\u0107e te probuditi razglas sa d\u017eamije&#8221;, dodaje on.<\/span><\/p>\n<p style=\"color: #555555;\"><span style=\"color: #000000;\">Negira da je pominjao bombe i pozvao se na o\u010devica Vu\u010detu Jevri\u0107a, koji je tako\u0111e ponovio da nikakvog pomena bombi nije bilo.<\/span><\/p>\n<p style=\"color: #555555;\"><span style=\"color: #000000;\">\u0160panjevi\u0107 tvrdi da nije bio u pijanom stanju.<\/span><\/p>\n<figure style=\"width: 305px\" class=\"wp-caption alignleft\"><img loading=\"lazy\" decoding=\"async\" src=\"http:\/\/www.sandzaklive.rs\/images\/OSTALO\/sporan-razglas-sa-dzamije-ezan-posvadao-bjelopoljce-slika-772966.jpg\" alt=\"sporan-razglas-sa-dzamije-ezan-posvadao-bjelopoljce-slika-772966\" width=\"305\" height=\"229\" \/><figcaption class=\"wp-caption-text\">Glavni imam\u00a0Enis Burd\u017eovi\u0107<\/figcaption><\/figure>\n<p style=\"color: #555555;\"><span style=\"color: #000000;\">Glavni imam Islamske zajednice u Bijelom Polju Enis Burd\u017eovi\u0107 smatra da neko \u017eeli da \u0161iri vjersku i me\u0111unacionalnu mr\u017enje i da novi vjerski objekat predstavi u negativnom svjetlu.<\/span><\/p>\n<p style=\"color: #555555;\"><span style=\"color: #000000;\">&#8220;\u0160panjevi\u0107 je te ve\u010deri, kako mi je saop\u0161tilo vi\u0161e ljudi, bio u vidno alkoholisanom stanju i prijetio je da \u0107e baciti bombu. Prekinuo je molitvu, jer je skoro polovina vjernika iza\u0161la da vidi \u0161ta se de\u0161ava. Oni su iza\u0161li jer su pomislili da je neko od vjernika parkiranim automobilom zaprije\u010dio nekome prolaz. Upitali su: &#8220;,Kom\u0161ija, u \u010demu je problem&#8221;, a on odgovorio &#8220;Smeta li vama sirena&#8221;. Na to su mu oni rekli da ne smeta, a on njima &#8220;Meni smeta ta va\u0161a buka&#8221;. Tu je sve po\u010delo. Ku\u0107a tog \u010dovjeka je na kraju naselja. Mnogo vi\u0161e pravoslavaca \u017eivi bli\u017ee d\u017eamiji, pa njima ne smeta&#8221;, kazao je Burd\u017eovi\u0107 &#8220;Vijestima&#8221;.<\/span><\/p>\n<p style=\"color: #555555;\"><span style=\"color: #000000;\">On je dodao da je ezan novina, ali da to nije ne\u0161to na \u0161ta se nemogu\u0107e navi\u0107i:<\/span><\/p>\n<p style=\"color: #555555;\"><span style=\"color: #000000;\">&#8220;Ponos nam je \u0161to je toliko crkava podignuto u Bijelom Polju, a da niko nije prigovarao, ni na zvuk zvona, ni na bilo koje druge proslave. To je obilje\u017eje jedne vjere i mi nemamo ni\u0161ta s tim, sve dok to ne ugro\u017eava ne\u010dija prava. Normalno, ezan traje dva do tri minuta. Zna\u010di to ne mo\u017ee da predstavlja neku konstantnu buku&#8221;.<\/span><\/p>\n<p style=\"color: #555555;\"><span style=\"color: #000000;\">Burd\u017eovi\u0107 ka\u017ee da je spreman da snize ton ukoliko ezan u Nedakusima nije po zakonskoj regulativi o buci. On je naglasio da je visina ezana u Nedakusima ista kao kod svih drugih d\u017eamija u bjelopoljskoj op\u0161tini.<\/span><\/p>\n<p style=\"color: #555555;\"><img decoding=\"async\" src=\"http:\/\/www.vijesti.me\/data\/slika\/78\/772965.jpg\" alt=\"\" \/><\/p>\n<p style=\"color: #555555;\">(Vijesti)<\/p>\n<div class=\"youtube-embed\" data-video_id=\"anOp1WnOyDE\"><iframe loading=\"lazy\" title=\"Predsjednik BKZ-a u CG Semir Hod\u017ei\u0107 o de\u0161avanjima u Nedakusima Bijelo Polje\" width=\"696\" height=\"522\" src=\"https:\/\/www.youtube.com\/embed\/anOp1WnOyDE?feature=oembed&#038;enablejsapi=1\" frameborder=\"0\" allow=\"accelerometer; autoplay; encrypted-media; gyroscope; picture-in-picture\" allowfullscreen><\/iframe><\/div>\n","protected":false},"excerpt":{"rendered":"<p>&#8220;To je toliko preglasno da bi \u010dovjeka probudilo iz kome. Vi\u0161e se \u010duje ovaj razglas iz Nedakusa u Gubav\u010du, nego \u0161to se \u010duje sa gubav\u010danske d\u017eamije, iako su udaljene kilometrima&#8221;, ka\u017ee \u0160panjevi\u0107.<\/p>\n","protected":false},"author":83,"featured_media":108749,"comment_status":"open","ping_status":"open","sticky":false,"template":"","format":"standard","meta":{"footnotes":""},"categories":[1,396,8957],"tags":[10217,10450],"class_list":{"0":"post-108746","1":"post","2":"type-post","3":"status-publish","4":"format-standard","5":"has-post-thumbnail","7":"category-politika","8":"category-bijelo_polje","9":"category-vijesti-dana","10":"tag-nepravde-srpske-vlasti","11":"tag-vlast-u-bijelom-polju"},"yoast_head":"<!-- This site is optimized with the Yoast SEO Premium plugin v23.1 (Yoast SEO v24.9) - https:\/\/yoast.com\/wordpress\/plugins\/seo\/ -->\n<title>Srbi u Nedakusima protestvuju - Poru\u010dili: &#039;Ezan se mora uti\u0161ati&#039;<\/title>\n<meta name=\"robots\" content=\"index, follow, max-snippet:-1, max-image-preview:large, max-video-preview:-1\" \/>\n<link rel=\"canonical\" href=\"https:\/\/sandzakpress.net\/arhiva\/srbi-u-nekadusima-protestvuju-porucili-ezan-se-mora-smanjiti\/\" \/>\n<meta property=\"og:locale\" content=\"bs_BA\" \/>\n<meta property=\"og:type\" content=\"article\" \/>\n<meta property=\"og:title\" content=\"Srbi u Nedakusima protestvuju - Poru\u010dili: &#039;Ezan se mora uti\u0161ati&#039;\" \/>\n<meta property=\"og:description\" content=\"&quot;To je toliko preglasno da bi \u010dovjeka probudilo iz kome. Vi\u0161e se \u010duje ovaj razglas iz Nedakusa u Gubav\u010du, nego \u0161to se \u010duje sa gubav\u010danske d\u017eamije, iako su udaljene kilometrima&quot;, ka\u017ee \u0160panjevi\u0107.\" \/>\n<meta property=\"og:url\" content=\"https:\/\/sandzakpress.net\/arhiva\/srbi-u-nekadusima-protestvuju-porucili-ezan-se-mora-smanjiti\/\" \/>\n<meta property=\"og:site_name\" content=\"Sand\u017eak PRESS\" \/>\n<meta property=\"article:published_time\" content=\"2014-07-16T01:32:09+00:00\" \/>\n<meta property=\"article:modified_time\" content=\"2014-07-16T15:16:08+00:00\" \/>\n<meta property=\"og:image\" content=\"https:\/\/sandzakpress.net\/arhiva\/wp-content\/uploads\/2014\/07\/Capture2.png\" \/>\n\t<meta property=\"og:image:width\" content=\"616\" \/>\n\t<meta property=\"og:image:height\" content=\"358\" \/>\n\t<meta property=\"og:image:type\" content=\"image\/png\" \/>\n<meta name=\"author\" content=\"bosniak\" \/>\n<meta name=\"twitter:card\" content=\"summary_large_image\" \/>\n<meta name=\"twitter:label1\" content=\"Written by\" \/>\n\t<meta name=\"twitter:data1\" content=\"bosniak\" \/>\n\t<meta name=\"twitter:label2\" content=\"Est. reading time\" \/>\n\t<meta name=\"twitter:data2\" content=\"4 minute\" \/>\n<script type=\"application\/ld+json\" class=\"yoast-schema-graph\">{\"@context\":\"https:\/\/schema.org\",\"@graph\":[{\"@type\":\"Article\",\"@id\":\"https:\/\/sandzakpress.net\/arhiva\/srbi-u-nekadusima-protestvuju-porucili-ezan-se-mora-smanjiti\/#article\",\"isPartOf\":{\"@id\":\"https:\/\/sandzakpress.net\/arhiva\/srbi-u-nekadusima-protestvuju-porucili-ezan-se-mora-smanjiti\/\"},\"author\":{\"name\":\"bosniak\",\"@id\":\"https:\/\/sandzakpress.net\/arhiva\/#\/schema\/person\/c8baee722073534b583ea7bdb2e36c02\"},\"headline\":\"Srbi u Nedakusima protestvuju &#8211; Poru\u010dili: &#8216;Ezan se mora uti\u0161ati&#8217;\",\"datePublished\":\"2014-07-16T01:32:09+00:00\",\"dateModified\":\"2014-07-16T15:16:08+00:00\",\"mainEntityOfPage\":{\"@id\":\"https:\/\/sandzakpress.net\/arhiva\/srbi-u-nekadusima-protestvuju-porucili-ezan-se-mora-smanjiti\/\"},\"wordCount\":857,\"commentCount\":31,\"publisher\":{\"@id\":\"https:\/\/sandzakpress.net\/arhiva\/#\/schema\/person\/6e72b67d6e51910a1117b3b483ba20bd\"},\"image\":{\"@id\":\"https:\/\/sandzakpress.net\/arhiva\/srbi-u-nekadusima-protestvuju-porucili-ezan-se-mora-smanjiti\/#primaryimage\"},\"thumbnailUrl\":\"https:\/\/sandzakpress.net\/arhiva\/wp-content\/uploads\/2014\/07\/Capture2.png\",\"keywords\":[\"nepravde srpske vlasti\",\"Vlast u Bijelom Polju\"],\"articleSection\":[\"Politika\",\"Bijelo Polje\",\"VIJESTI DANA\"],\"inLanguage\":\"bs-BA\",\"potentialAction\":[{\"@type\":\"CommentAction\",\"name\":\"Comment\",\"target\":[\"https:\/\/sandzakpress.net\/arhiva\/srbi-u-nekadusima-protestvuju-porucili-ezan-se-mora-smanjiti\/#respond\"]}]},{\"@type\":\"WebPage\",\"@id\":\"https:\/\/sandzakpress.net\/arhiva\/srbi-u-nekadusima-protestvuju-porucili-ezan-se-mora-smanjiti\/\",\"url\":\"https:\/\/sandzakpress.net\/arhiva\/srbi-u-nekadusima-protestvuju-porucili-ezan-se-mora-smanjiti\/\",\"name\":\"Srbi u Nedakusima protestvuju - Poru\u010dili: 'Ezan se mora uti\u0161ati'\",\"isPartOf\":{\"@id\":\"https:\/\/sandzakpress.net\/arhiva\/#website\"},\"primaryImageOfPage\":{\"@id\":\"https:\/\/sandzakpress.net\/arhiva\/srbi-u-nekadusima-protestvuju-porucili-ezan-se-mora-smanjiti\/#primaryimage\"},\"image\":{\"@id\":\"https:\/\/sandzakpress.net\/arhiva\/srbi-u-nekadusima-protestvuju-porucili-ezan-se-mora-smanjiti\/#primaryimage\"},\"thumbnailUrl\":\"https:\/\/sandzakpress.net\/arhiva\/wp-content\/uploads\/2014\/07\/Capture2.png\",\"datePublished\":\"2014-07-16T01:32:09+00:00\",\"dateModified\":\"2014-07-16T15:16:08+00:00\",\"breadcrumb\":{\"@id\":\"https:\/\/sandzakpress.net\/arhiva\/srbi-u-nekadusima-protestvuju-porucili-ezan-se-mora-smanjiti\/#breadcrumb\"},\"inLanguage\":\"bs-BA\",\"potentialAction\":[{\"@type\":\"ReadAction\",\"target\":[\"https:\/\/sandzakpress.net\/arhiva\/srbi-u-nekadusima-protestvuju-porucili-ezan-se-mora-smanjiti\/\"]}]},{\"@type\":\"ImageObject\",\"inLanguage\":\"bs-BA\",\"@id\":\"https:\/\/sandzakpress.net\/arhiva\/srbi-u-nekadusima-protestvuju-porucili-ezan-se-mora-smanjiti\/#primaryimage\",\"url\":\"https:\/\/sandzakpress.net\/arhiva\/wp-content\/uploads\/2014\/07\/Capture2.png\",\"contentUrl\":\"https:\/\/sandzakpress.net\/arhiva\/wp-content\/uploads\/2014\/07\/Capture2.png\",\"width\":616,\"height\":358},{\"@type\":\"BreadcrumbList\",\"@id\":\"https:\/\/sandzakpress.net\/arhiva\/srbi-u-nekadusima-protestvuju-porucili-ezan-se-mora-smanjiti\/#breadcrumb\",\"itemListElement\":[{\"@type\":\"ListItem\",\"position\":1,\"name\":\"Home\",\"item\":\"https:\/\/sandzakpress.net\/arhiva\/\"},{\"@type\":\"ListItem\",\"position\":2,\"name\":\"Srbi u Nedakusima protestvuju &#8211; Poru\u010dili: &#8216;Ezan se mora uti\u0161ati&#8217;\"}]},{\"@type\":\"WebSite\",\"@id\":\"https:\/\/sandzakpress.net\/arhiva\/#website\",\"url\":\"https:\/\/sandzakpress.net\/arhiva\/\",\"name\":\"Sand\u017eak PRESS\",\"description\":\"Prve elektronske novine u Sand\u017eaku\",\"publisher\":{\"@id\":\"https:\/\/sandzakpress.net\/arhiva\/#\/schema\/person\/6e72b67d6e51910a1117b3b483ba20bd\"},\"potentialAction\":[{\"@type\":\"SearchAction\",\"target\":{\"@type\":\"EntryPoint\",\"urlTemplate\":\"https:\/\/sandzakpress.net\/arhiva\/?s={search_term_string}\"},\"query-input\":{\"@type\":\"PropertyValueSpecification\",\"valueRequired\":true,\"valueName\":\"search_term_string\"}}],\"inLanguage\":\"bs-BA\"},{\"@type\":[\"Person\",\"Organization\"],\"@id\":\"https:\/\/sandzakpress.net\/arhiva\/#\/schema\/person\/6e72b67d6e51910a1117b3b483ba20bd\",\"name\":\"Kul\",\"image\":{\"@type\":\"ImageObject\",\"inLanguage\":\"bs-BA\",\"@id\":\"https:\/\/sandzakpress.net\/arhiva\/#\/schema\/person\/image\/\",\"url\":\"https:\/\/secure.gravatar.com\/avatar\/42263f39aa27ac04c43cab85c280eb2e?s=96&d=mm&r=pg\",\"contentUrl\":\"https:\/\/secure.gravatar.com\/avatar\/42263f39aa27ac04c43cab85c280eb2e?s=96&d=mm&r=pg\",\"caption\":\"Kul\"},\"logo\":{\"@id\":\"https:\/\/sandzakpress.net\/arhiva\/#\/schema\/person\/image\/\"}},{\"@type\":\"Person\",\"@id\":\"https:\/\/sandzakpress.net\/arhiva\/#\/schema\/person\/c8baee722073534b583ea7bdb2e36c02\",\"name\":\"bosniak\",\"image\":{\"@type\":\"ImageObject\",\"inLanguage\":\"bs-BA\",\"@id\":\"https:\/\/sandzakpress.net\/arhiva\/#\/schema\/person\/image\/\",\"url\":\"https:\/\/secure.gravatar.com\/avatar\/a04fd330bfe3a36a72a0ad4a6d89fca7?s=96&d=mm&r=pg\",\"contentUrl\":\"https:\/\/secure.gravatar.com\/avatar\/a04fd330bfe3a36a72a0ad4a6d89fca7?s=96&d=mm&r=pg\",\"caption\":\"bosniak\"},\"url\":\"https:\/\/sandzakpress.net\/arhiva\/author\/bosniak\/\"}]}<\/script>\n<!-- \/ Yoast SEO Premium plugin. -->","yoast_head_json":{"title":"Srbi u Nedakusima protestvuju - Poru\u010dili: 'Ezan se mora uti\u0161ati'","robots":{"index":"index","follow":"follow","max-snippet":"max-snippet:-1","max-image-preview":"max-image-preview:large","max-video-preview":"max-video-preview:-1"},"canonical":"https:\/\/sandzakpress.net\/arhiva\/srbi-u-nekadusima-protestvuju-porucili-ezan-se-mora-smanjiti\/","og_locale":"bs_BA","og_type":"article","og_title":"Srbi u Nedakusima protestvuju - Poru\u010dili: 'Ezan se mora uti\u0161ati'","og_description":"\"To je toliko preglasno da bi \u010dovjeka probudilo iz kome. Vi\u0161e se \u010duje ovaj razglas iz Nedakusa u Gubav\u010du, nego \u0161to se \u010duje sa gubav\u010danske d\u017eamije, iako su udaljene kilometrima\", ka\u017ee \u0160panjevi\u0107.","og_url":"https:\/\/sandzakpress.net\/arhiva\/srbi-u-nekadusima-protestvuju-porucili-ezan-se-mora-smanjiti\/","og_site_name":"Sand\u017eak PRESS","article_published_time":"2014-07-16T01:32:09+00:00","article_modified_time":"2014-07-16T15:16:08+00:00","og_image":[{"width":616,"height":358,"url":"https:\/\/sandzakpress.net\/arhiva\/wp-content\/uploads\/2014\/07\/Capture2.png","type":"image\/png"}],"author":"bosniak","twitter_card":"summary_large_image","twitter_misc":{"Written by":"bosniak","Est. reading time":"4 minute"},"schema":{"@context":"https:\/\/schema.org","@graph":[{"@type":"Article","@id":"https:\/\/sandzakpress.net\/arhiva\/srbi-u-nekadusima-protestvuju-porucili-ezan-se-mora-smanjiti\/#article","isPartOf":{"@id":"https:\/\/sandzakpress.net\/arhiva\/srbi-u-nekadusima-protestvuju-porucili-ezan-se-mora-smanjiti\/"},"author":{"name":"bosniak","@id":"https:\/\/sandzakpress.net\/arhiva\/#\/schema\/person\/c8baee722073534b583ea7bdb2e36c02"},"headline":"Srbi u Nedakusima protestvuju &#8211; Poru\u010dili: &#8216;Ezan se mora uti\u0161ati&#8217;","datePublished":"2014-07-16T01:32:09+00:00","dateModified":"2014-07-16T15:16:08+00:00","mainEntityOfPage":{"@id":"https:\/\/sandzakpress.net\/arhiva\/srbi-u-nekadusima-protestvuju-porucili-ezan-se-mora-smanjiti\/"},"wordCount":857,"commentCount":31,"publisher":{"@id":"https:\/\/sandzakpress.net\/arhiva\/#\/schema\/person\/6e72b67d6e51910a1117b3b483ba20bd"},"image":{"@id":"https:\/\/sandzakpress.net\/arhiva\/srbi-u-nekadusima-protestvuju-porucili-ezan-se-mora-smanjiti\/#primaryimage"},"thumbnailUrl":"https:\/\/sandzakpress.net\/arhiva\/wp-content\/uploads\/2014\/07\/Capture2.png","keywords":["nepravde srpske vlasti","Vlast u Bijelom Polju"],"articleSection":["Politika","Bijelo Polje","VIJESTI DANA"],"inLanguage":"bs-BA","potentialAction":[{"@type":"CommentAction","name":"Comment","target":["https:\/\/sandzakpress.net\/arhiva\/srbi-u-nekadusima-protestvuju-porucili-ezan-se-mora-smanjiti\/#respond"]}]},{"@type":"WebPage","@id":"https:\/\/sandzakpress.net\/arhiva\/srbi-u-nekadusima-protestvuju-porucili-ezan-se-mora-smanjiti\/","url":"https:\/\/sandzakpress.net\/arhiva\/srbi-u-nekadusima-protestvuju-porucili-ezan-se-mora-smanjiti\/","name":"Srbi u Nedakusima protestvuju - Poru\u010dili: 'Ezan se mora uti\u0161ati'","isPartOf":{"@id":"https:\/\/sandzakpress.net\/arhiva\/#website"},"primaryImageOfPage":{"@id":"https:\/\/sandzakpress.net\/arhiva\/srbi-u-nekadusima-protestvuju-porucili-ezan-se-mora-smanjiti\/#primaryimage"},"image":{"@id":"https:\/\/sandzakpress.net\/arhiva\/srbi-u-nekadusima-protestvuju-porucili-ezan-se-mora-smanjiti\/#primaryimage"},"thumbnailUrl":"https:\/\/sandzakpress.net\/arhiva\/wp-content\/uploads\/2014\/07\/Capture2.png","datePublished":"2014-07-16T01:32:09+00:00","dateModified":"2014-07-16T15:16:08+00:00","breadcrumb":{"@id":"https:\/\/sandzakpress.net\/arhiva\/srbi-u-nekadusima-protestvuju-porucili-ezan-se-mora-smanjiti\/#breadcrumb"},"inLanguage":"bs-BA","potentialAction":[{"@type":"ReadAction","target":["https:\/\/sandzakpress.net\/arhiva\/srbi-u-nekadusima-protestvuju-porucili-ezan-se-mora-smanjiti\/"]}]},{"@type":"ImageObject","inLanguage":"bs-BA","@id":"https:\/\/sandzakpress.net\/arhiva\/srbi-u-nekadusima-protestvuju-porucili-ezan-se-mora-smanjiti\/#primaryimage","url":"https:\/\/sandzakpress.net\/arhiva\/wp-content\/uploads\/2014\/07\/Capture2.png","contentUrl":"https:\/\/sandzakpress.net\/arhiva\/wp-content\/uploads\/2014\/07\/Capture2.png","width":616,"height":358},{"@type":"BreadcrumbList","@id":"https:\/\/sandzakpress.net\/arhiva\/srbi-u-nekadusima-protestvuju-porucili-ezan-se-mora-smanjiti\/#breadcrumb","itemListElement":[{"@type":"ListItem","position":1,"name":"Home","item":"https:\/\/sandzakpress.net\/arhiva\/"},{"@type":"ListItem","position":2,"name":"Srbi u Nedakusima protestvuju &#8211; Poru\u010dili: &#8216;Ezan se mora uti\u0161ati&#8217;"}]},{"@type":"WebSite","@id":"https:\/\/sandzakpress.net\/arhiva\/#website","url":"https:\/\/sandzakpress.net\/arhiva\/","name":"Sand\u017eak PRESS","description":"Prve elektronske novine u Sand\u017eaku","publisher":{"@id":"https:\/\/sandzakpress.net\/arhiva\/#\/schema\/person\/6e72b67d6e51910a1117b3b483ba20bd"},"potentialAction":[{"@type":"SearchAction","target":{"@type":"EntryPoint","urlTemplate":"https:\/\/sandzakpress.net\/arhiva\/?s={search_term_string}"},"query-input":{"@type":"PropertyValueSpecification","valueRequired":true,"valueName":"search_term_string"}}],"inLanguage":"bs-BA"},{"@type":["Person","Organization"],"@id":"https:\/\/sandzakpress.net\/arhiva\/#\/schema\/person\/6e72b67d6e51910a1117b3b483ba20bd","name":"Kul","image":{"@type":"ImageObject","inLanguage":"bs-BA","@id":"https:\/\/sandzakpress.net\/arhiva\/#\/schema\/person\/image\/","url":"https:\/\/secure.gravatar.com\/avatar\/42263f39aa27ac04c43cab85c280eb2e?s=96&d=mm&r=pg","contentUrl":"https:\/\/secure.gravatar.com\/avatar\/42263f39aa27ac04c43cab85c280eb2e?s=96&d=mm&r=pg","caption":"Kul"},"logo":{"@id":"https:\/\/sandzakpress.net\/arhiva\/#\/schema\/person\/image\/"}},{"@type":"Person","@id":"https:\/\/sandzakpress.net\/arhiva\/#\/schema\/person\/c8baee722073534b583ea7bdb2e36c02","name":"bosniak","image":{"@type":"ImageObject","inLanguage":"bs-BA","@id":"https:\/\/sandzakpress.net\/arhiva\/#\/schema\/person\/image\/","url":"https:\/\/secure.gravatar.com\/avatar\/a04fd330bfe3a36a72a0ad4a6d89fca7?s=96&d=mm&r=pg","contentUrl":"https:\/\/secure.gravatar.com\/avatar\/a04fd330bfe3a36a72a0ad4a6d89fca7?s=96&d=mm&r=pg","caption":"bosniak"},"url":"https:\/\/sandzakpress.net\/arhiva\/author\/bosniak\/"}]}},"_links":{"self":[{"href":"https:\/\/sandzakpress.net\/arhiva\/wp-json\/wp\/v2\/posts\/108746"}],"collection":[{"href":"https:\/\/sandzakpress.net\/arhiva\/wp-json\/wp\/v2\/posts"}],"about":[{"href":"https:\/\/sandzakpress.net\/arhiva\/wp-json\/wp\/v2\/types\/post"}],"author":[{"embeddable":true,"href":"https:\/\/sandzakpress.net\/arhiva\/wp-json\/wp\/v2\/users\/83"}],"replies":[{"embeddable":true,"href":"https:\/\/sandzakpress.net\/arhiva\/wp-json\/wp\/v2\/comments?post=108746"}],"version-history":[{"count":0,"href":"https:\/\/sandzakpress.net\/arhiva\/wp-json\/wp\/v2\/posts\/108746\/revisions"}],"wp:featuredmedia":[{"embeddable":true,"href":"https:\/\/sandzakpress.net\/arhiva\/wp-json\/wp\/v2\/media\/108749"}],"wp:attachment":[{"href":"https:\/\/sandzakpress.net\/arhiva\/wp-json\/wp\/v2\/media?parent=108746"}],"wp:term":[{"taxonomy":"category","embeddable":true,"href":"https:\/\/sandzakpress.net\/arhiva\/wp-json\/wp\/v2\/categories?post=108746"},{"taxonomy":"post_tag","embeddable":true,"href":"https:\/\/sandzakpress.net\/arhiva\/wp-json\/wp\/v2\/tags?post=108746"}],"curies":[{"name":"wp","href":"https:\/\/api.w.org\/{rel}","templated":true}]}}