{"id":108718,"date":"2014-07-15T19:47:26","date_gmt":"2014-07-15T17:47:26","guid":{"rendered":"https:\/\/sandzakpress.net\/arhiva\/?p=108718"},"modified":"2014-07-15T19:47:26","modified_gmt":"2014-07-15T17:47:26","slug":"erdogan-osudio-izraelski-drzavni-terorizam","status":"publish","type":"post","link":"https:\/\/sandzakpress.net\/arhiva\/erdogan-osudio-izraelski-drzavni-terorizam\/","title":{"rendered":"Erdogan osudio izraelski dr\u017eavni terorizam"},"content":{"rendered":"<div class=\"newsContentImg\" style=\"color: #414141;\"><img decoding=\"async\" style=\"font-weight: inherit; font-style: inherit;\" src=\"http:\/\/www.trt.net.tr\/bosanski\/fotograf\/haberler\/detay\/erdogan-osudio-izraelski-drzavni-terorizam_trt-bosanski-28415.jpg\" alt=\"erdogan-osudio-izraelski-drzavni-terorizam\" \/><a class=\"smallSizer\" style=\"font-weight: inherit; font-style: inherit; color: #ffffff;\" href=\"http:\/\/www.trt.net.tr\/bosanski\/news\/detail\/turska\/1\/erdogan-osudio-izraelski-drzavni-terorizam\/28415#script\">A<\/a><a class=\"bigSizer\" style=\"font-weight: inherit; font-style: inherit; color: #ffffff;\" href=\"http:\/\/www.trt.net.tr\/bosanski\/news\/detail\/turska\/1\/erdogan-osudio-izraelski-drzavni-terorizam\/28415#script\">A<\/a><\/p>\n<div class=\"subpagedate clearfix\" style=\"font-weight: inherit; font-style: inherit; color: #888888;\">\n<div class=\"textSizer\" style=\"font-weight: inherit; font-style: inherit;\"><a id=\"newsPrint\" style=\"font-weight: inherit; font-style: inherit;\" href=\"http:\/\/www.trt.net.tr\/bosanski\/news\/detail\/turska\/1\/erdogan-osudio-izraelski-drzavni-terorizam\/28415#script\" rel=\"newsContent\"><\/a><\/div>\n<\/div>\n<\/div>\n<div class=\"newsContent\" style=\"color: #414141;\">\n<div class=\"newsContent\" style=\"font-weight: inherit; font-style: inherit;\">\n<div style=\"font-weight: inherit; font-style: inherit;\"><strong>Turska &#8211; Turski premijer je pozvao me\u0111unarodnu zajednicu da djeluje pravovremeno kako bi zaustavila izraelske zra\u010dne napade na Pojas Gazze.<\/strong><\/div>\n<div style=\"font-weight: inherit; font-style: inherit;\"><\/div>\n<div style=\"font-weight: inherit; font-style: inherit;\">Izrael vr\u0161i &#8220;dr\u017eavni terorizam&#8221; u Gazzi, kr\u0161e\u0107i me\u0111unarodno pravo i zanemaruju\u0107i humanitarne vrijednosti, izjavio je turski premijer Recep Tayyip Erdogan u utorak.<\/div>\n<div style=\"font-weight: inherit; font-style: inherit;\"><\/div>\n<div style=\"font-weight: inherit; font-style: inherit;\">&#8220;Sa krvlju nevinih Palestinaca se igraju prljave igre,&#8221; kazao je Erdogan na sastanku parlamentarne grupe njegove vladaju\u0107e Stranke pravde i razvoja, odr\u017eanom u Ankari.<\/div>\n<div style=\"font-weight: inherit; font-style: inherit;\"><\/div>\n<div style=\"font-weight: inherit; font-style: inherit;\">&#8220;Koliko dugo ve\u0107 svijet ostaje nijem pred ovim dr\u017eavnim terorizmom? U Palestini, nevina djeca nisu jedina koju ubijaju. Tamo se tako\u0111e ubija globalna pravda.&#8221;<\/div>\n<div style=\"font-weight: inherit; font-style: inherit;\"><\/div>\n<div style=\"font-weight: inherit; font-style: inherit;\">Turski premijer je ovom prilikom jo\u0161 jednom ponovio da ne treba o\u010dekivati normalizaciju odnosa izme\u0111u Turske i Izraela sve dok Izrael ne obustavi napade na Palestince.<\/div>\n<div style=\"font-weight: inherit; font-style: inherit;\"><\/div>\n<div style=\"font-weight: inherit; font-style: inherit;\">Izraelski borbeni avioni su napali na hiljade naselja \u0161irom opkoljene enklave, u kojoj je nastanjeno oko 1,8 miliona Palestinaca. Izraelska pje\u0161adija je i dalje na granicama, spremna za mogu\u0107u kopnenu ofanzivu.<\/div>\n<div style=\"font-weight: inherit; font-style: inherit;\"><\/div>\n<div style=\"font-weight: inherit; font-style: inherit;\">Najmanje 194 Palestinaca je ubijeno, a vi\u0161e od 1400 ranjeno u nemilosrdnim izraelskim zra\u010dnim napadima na Pojas Gazze, koji su po\u010deli u ponedjeljak.<\/div>\n<div style=\"font-weight: inherit; font-style: inherit;\"><\/div>\n<div style=\"font-weight: inherit; font-style: inherit;\">Pokreti otpora iz Gazze su, s druge strane, nastavili sa ispaljivanjem na stotine raketa na izraelske gradove, u znak odmazde.<\/div>\n<div style=\"font-weight: inherit; font-style: inherit;\"><\/div>\n<div style=\"font-weight: inherit; font-style: inherit;\">Nema izvje\u0161taja o \u017ertvama na izraelskoj strani.<\/div>\n<div style=\"font-weight: inherit; font-style: inherit;\"><\/div>\n<div style=\"font-weight: inherit; font-style: inherit;\">&#8220;Do\u0107i \u0107e dan kada \u0107e Izrael platiti zbog proljevanja krvi nevinih Palestinaca,&#8221; kazao je Erdogan, obe\u0107av\u0161i da \u0107e nastaviti da isti\u010du sna\u017enu podr\u0161ku palestinskom cilju.<\/div>\n<div style=\"font-weight: inherit; font-style: inherit;\"><\/div>\n<div style=\"font-weight: inherit; font-style: inherit;\">(AA)<\/div>\n<\/div>\n<\/div>\n","protected":false},"excerpt":{"rendered":"<p>AA Turska &#8211; Turski premijer je pozvao me\u0111unarodnu zajednicu da djeluje pravovremeno kako bi zaustavila izraelske zra\u010dne napade na Pojas Gazze. Izrael vr\u0161i &#8220;dr\u017eavni terorizam&#8221; u Gazzi, kr\u0161e\u0107i me\u0111unarodno pravo i zanemaruju\u0107i humanitarne vrijednosti, izjavio je turski premijer Recep Tayyip Erdogan u utorak. &#8220;Sa krvlju nevinih Palestinaca se igraju prljave igre,&#8221; kazao je Erdogan na [&hellip;]<\/p>\n","protected":false},"author":83,"featured_media":108719,"comment_status":"open","ping_status":"open","sticky":false,"template":"","format":"standard","meta":{"footnotes":""},"categories":[9,8957,2692],"tags":[10211],"class_list":{"0":"post-108718","1":"post","2":"type-post","3":"status-publish","4":"format-standard","5":"has-post-thumbnail","7":"category-svijet","8":"category-vijesti-dana","9":"category-turska-gradovi","10":"tag-redzep-erdogan"},"yoast_head":"<!-- This site is optimized with the Yoast SEO Premium plugin v23.1 (Yoast SEO v24.9) - https:\/\/yoast.com\/wordpress\/plugins\/seo\/ -->\n<title>Erdogan osudio izraelski dr\u017eavni terorizam<\/title>\n<meta name=\"robots\" content=\"index, follow, max-snippet:-1, max-image-preview:large, max-video-preview:-1\" \/>\n<link rel=\"canonical\" href=\"https:\/\/sandzakpress.net\/arhiva\/erdogan-osudio-izraelski-drzavni-terorizam\/\" \/>\n<meta property=\"og:locale\" content=\"bs_BA\" \/>\n<meta property=\"og:type\" content=\"article\" \/>\n<meta property=\"og:title\" content=\"Erdogan osudio izraelski dr\u017eavni terorizam\" \/>\n<meta property=\"og:description\" content=\"AA Turska &#8211; Turski premijer je pozvao me\u0111unarodnu zajednicu da djeluje pravovremeno kako bi zaustavila izraelske zra\u010dne napade na Pojas Gazze. Izrael vr\u0161i &#8220;dr\u017eavni terorizam&#8221; u Gazzi, kr\u0161e\u0107i me\u0111unarodno pravo i zanemaruju\u0107i humanitarne vrijednosti, izjavio je turski premijer Recep Tayyip Erdogan u utorak. &#8220;Sa krvlju nevinih Palestinaca se igraju prljave igre,&#8221; kazao je Erdogan na [&hellip;]\" \/>\n<meta property=\"og:url\" content=\"https:\/\/sandzakpress.net\/arhiva\/erdogan-osudio-izraelski-drzavni-terorizam\/\" \/>\n<meta property=\"og:site_name\" content=\"Sand\u017eak PRESS\" \/>\n<meta property=\"article:published_time\" content=\"2014-07-15T17:47:26+00:00\" \/>\n<meta property=\"og:image\" content=\"https:\/\/sandzakpress.net\/arhiva\/wp-content\/uploads\/2014\/07\/erdogan-osudio-izraelski-drzavni-terorizam_trt-bosanski-28415.jpg\" \/>\n\t<meta property=\"og:image:width\" content=\"600\" \/>\n\t<meta property=\"og:image:height\" content=\"363\" \/>\n\t<meta property=\"og:image:type\" content=\"image\/jpeg\" \/>\n<meta name=\"author\" content=\"bosniak\" \/>\n<meta name=\"twitter:card\" content=\"summary_large_image\" \/>\n<meta name=\"twitter:label1\" content=\"Written by\" \/>\n\t<meta name=\"twitter:data1\" content=\"bosniak\" \/>\n\t<meta name=\"twitter:label2\" content=\"Est. reading time\" \/>\n\t<meta name=\"twitter:data2\" content=\"1 minuta\" \/>\n<script type=\"application\/ld+json\" class=\"yoast-schema-graph\">{\"@context\":\"https:\/\/schema.org\",\"@graph\":[{\"@type\":\"Article\",\"@id\":\"https:\/\/sandzakpress.net\/arhiva\/erdogan-osudio-izraelski-drzavni-terorizam\/#article\",\"isPartOf\":{\"@id\":\"https:\/\/sandzakpress.net\/arhiva\/erdogan-osudio-izraelski-drzavni-terorizam\/\"},\"author\":{\"name\":\"bosniak\",\"@id\":\"https:\/\/sandzakpress.net\/arhiva\/#\/schema\/person\/c8baee722073534b583ea7bdb2e36c02\"},\"headline\":\"Erdogan osudio izraelski dr\u017eavni terorizam\",\"datePublished\":\"2014-07-15T17:47:26+00:00\",\"mainEntityOfPage\":{\"@id\":\"https:\/\/sandzakpress.net\/arhiva\/erdogan-osudio-izraelski-drzavni-terorizam\/\"},\"wordCount\":254,\"commentCount\":24,\"publisher\":{\"@id\":\"https:\/\/sandzakpress.net\/arhiva\/#\/schema\/person\/6e72b67d6e51910a1117b3b483ba20bd\"},\"image\":{\"@id\":\"https:\/\/sandzakpress.net\/arhiva\/erdogan-osudio-izraelski-drzavni-terorizam\/#primaryimage\"},\"thumbnailUrl\":\"https:\/\/sandzakpress.net\/arhiva\/wp-content\/uploads\/2014\/07\/erdogan-osudio-izraelski-drzavni-terorizam_trt-bosanski-28415.jpg\",\"keywords\":[\"Red\u017eep Erdogan\"],\"articleSection\":[\"Svijet\",\"VIJESTI DANA\",\"Turska\"],\"inLanguage\":\"bs-BA\",\"potentialAction\":[{\"@type\":\"CommentAction\",\"name\":\"Comment\",\"target\":[\"https:\/\/sandzakpress.net\/arhiva\/erdogan-osudio-izraelski-drzavni-terorizam\/#respond\"]}]},{\"@type\":\"WebPage\",\"@id\":\"https:\/\/sandzakpress.net\/arhiva\/erdogan-osudio-izraelski-drzavni-terorizam\/\",\"url\":\"https:\/\/sandzakpress.net\/arhiva\/erdogan-osudio-izraelski-drzavni-terorizam\/\",\"name\":\"Erdogan osudio izraelski dr\u017eavni terorizam\",\"isPartOf\":{\"@id\":\"https:\/\/sandzakpress.net\/arhiva\/#website\"},\"primaryImageOfPage\":{\"@id\":\"https:\/\/sandzakpress.net\/arhiva\/erdogan-osudio-izraelski-drzavni-terorizam\/#primaryimage\"},\"image\":{\"@id\":\"https:\/\/sandzakpress.net\/arhiva\/erdogan-osudio-izraelski-drzavni-terorizam\/#primaryimage\"},\"thumbnailUrl\":\"https:\/\/sandzakpress.net\/arhiva\/wp-content\/uploads\/2014\/07\/erdogan-osudio-izraelski-drzavni-terorizam_trt-bosanski-28415.jpg\",\"datePublished\":\"2014-07-15T17:47:26+00:00\",\"breadcrumb\":{\"@id\":\"https:\/\/sandzakpress.net\/arhiva\/erdogan-osudio-izraelski-drzavni-terorizam\/#breadcrumb\"},\"inLanguage\":\"bs-BA\",\"potentialAction\":[{\"@type\":\"ReadAction\",\"target\":[\"https:\/\/sandzakpress.net\/arhiva\/erdogan-osudio-izraelski-drzavni-terorizam\/\"]}]},{\"@type\":\"ImageObject\",\"inLanguage\":\"bs-BA\",\"@id\":\"https:\/\/sandzakpress.net\/arhiva\/erdogan-osudio-izraelski-drzavni-terorizam\/#primaryimage\",\"url\":\"https:\/\/sandzakpress.net\/arhiva\/wp-content\/uploads\/2014\/07\/erdogan-osudio-izraelski-drzavni-terorizam_trt-bosanski-28415.jpg\",\"contentUrl\":\"https:\/\/sandzakpress.net\/arhiva\/wp-content\/uploads\/2014\/07\/erdogan-osudio-izraelski-drzavni-terorizam_trt-bosanski-28415.jpg\",\"width\":600,\"height\":363},{\"@type\":\"BreadcrumbList\",\"@id\":\"https:\/\/sandzakpress.net\/arhiva\/erdogan-osudio-izraelski-drzavni-terorizam\/#breadcrumb\",\"itemListElement\":[{\"@type\":\"ListItem\",\"position\":1,\"name\":\"Home\",\"item\":\"https:\/\/sandzakpress.net\/arhiva\/\"},{\"@type\":\"ListItem\",\"position\":2,\"name\":\"Erdogan osudio izraelski dr\u017eavni terorizam\"}]},{\"@type\":\"WebSite\",\"@id\":\"https:\/\/sandzakpress.net\/arhiva\/#website\",\"url\":\"https:\/\/sandzakpress.net\/arhiva\/\",\"name\":\"Sand\u017eak PRESS\",\"description\":\"Prve elektronske novine u Sand\u017eaku\",\"publisher\":{\"@id\":\"https:\/\/sandzakpress.net\/arhiva\/#\/schema\/person\/6e72b67d6e51910a1117b3b483ba20bd\"},\"potentialAction\":[{\"@type\":\"SearchAction\",\"target\":{\"@type\":\"EntryPoint\",\"urlTemplate\":\"https:\/\/sandzakpress.net\/arhiva\/?s={search_term_string}\"},\"query-input\":{\"@type\":\"PropertyValueSpecification\",\"valueRequired\":true,\"valueName\":\"search_term_string\"}}],\"inLanguage\":\"bs-BA\"},{\"@type\":[\"Person\",\"Organization\"],\"@id\":\"https:\/\/sandzakpress.net\/arhiva\/#\/schema\/person\/6e72b67d6e51910a1117b3b483ba20bd\",\"name\":\"Kul\",\"image\":{\"@type\":\"ImageObject\",\"inLanguage\":\"bs-BA\",\"@id\":\"https:\/\/sandzakpress.net\/arhiva\/#\/schema\/person\/image\/\",\"url\":\"https:\/\/secure.gravatar.com\/avatar\/42263f39aa27ac04c43cab85c280eb2e?s=96&d=mm&r=pg\",\"contentUrl\":\"https:\/\/secure.gravatar.com\/avatar\/42263f39aa27ac04c43cab85c280eb2e?s=96&d=mm&r=pg\",\"caption\":\"Kul\"},\"logo\":{\"@id\":\"https:\/\/sandzakpress.net\/arhiva\/#\/schema\/person\/image\/\"}},{\"@type\":\"Person\",\"@id\":\"https:\/\/sandzakpress.net\/arhiva\/#\/schema\/person\/c8baee722073534b583ea7bdb2e36c02\",\"name\":\"bosniak\",\"image\":{\"@type\":\"ImageObject\",\"inLanguage\":\"bs-BA\",\"@id\":\"https:\/\/sandzakpress.net\/arhiva\/#\/schema\/person\/image\/\",\"url\":\"https:\/\/secure.gravatar.com\/avatar\/a04fd330bfe3a36a72a0ad4a6d89fca7?s=96&d=mm&r=pg\",\"contentUrl\":\"https:\/\/secure.gravatar.com\/avatar\/a04fd330bfe3a36a72a0ad4a6d89fca7?s=96&d=mm&r=pg\",\"caption\":\"bosniak\"},\"url\":\"https:\/\/sandzakpress.net\/arhiva\/author\/bosniak\/\"}]}<\/script>\n<!-- \/ Yoast SEO Premium plugin. -->","yoast_head_json":{"title":"Erdogan osudio izraelski dr\u017eavni terorizam","robots":{"index":"index","follow":"follow","max-snippet":"max-snippet:-1","max-image-preview":"max-image-preview:large","max-video-preview":"max-video-preview:-1"},"canonical":"https:\/\/sandzakpress.net\/arhiva\/erdogan-osudio-izraelski-drzavni-terorizam\/","og_locale":"bs_BA","og_type":"article","og_title":"Erdogan osudio izraelski dr\u017eavni terorizam","og_description":"AA Turska &#8211; Turski premijer je pozvao me\u0111unarodnu zajednicu da djeluje pravovremeno kako bi zaustavila izraelske zra\u010dne napade na Pojas Gazze. Izrael vr\u0161i &#8220;dr\u017eavni terorizam&#8221; u Gazzi, kr\u0161e\u0107i me\u0111unarodno pravo i zanemaruju\u0107i humanitarne vrijednosti, izjavio je turski premijer Recep Tayyip Erdogan u utorak. &#8220;Sa krvlju nevinih Palestinaca se igraju prljave igre,&#8221; kazao je Erdogan na [&hellip;]","og_url":"https:\/\/sandzakpress.net\/arhiva\/erdogan-osudio-izraelski-drzavni-terorizam\/","og_site_name":"Sand\u017eak PRESS","article_published_time":"2014-07-15T17:47:26+00:00","og_image":[{"width":600,"height":363,"url":"https:\/\/sandzakpress.net\/arhiva\/wp-content\/uploads\/2014\/07\/erdogan-osudio-izraelski-drzavni-terorizam_trt-bosanski-28415.jpg","type":"image\/jpeg"}],"author":"bosniak","twitter_card":"summary_large_image","twitter_misc":{"Written by":"bosniak","Est. reading time":"1 minuta"},"schema":{"@context":"https:\/\/schema.org","@graph":[{"@type":"Article","@id":"https:\/\/sandzakpress.net\/arhiva\/erdogan-osudio-izraelski-drzavni-terorizam\/#article","isPartOf":{"@id":"https:\/\/sandzakpress.net\/arhiva\/erdogan-osudio-izraelski-drzavni-terorizam\/"},"author":{"name":"bosniak","@id":"https:\/\/sandzakpress.net\/arhiva\/#\/schema\/person\/c8baee722073534b583ea7bdb2e36c02"},"headline":"Erdogan osudio izraelski dr\u017eavni terorizam","datePublished":"2014-07-15T17:47:26+00:00","mainEntityOfPage":{"@id":"https:\/\/sandzakpress.net\/arhiva\/erdogan-osudio-izraelski-drzavni-terorizam\/"},"wordCount":254,"commentCount":24,"publisher":{"@id":"https:\/\/sandzakpress.net\/arhiva\/#\/schema\/person\/6e72b67d6e51910a1117b3b483ba20bd"},"image":{"@id":"https:\/\/sandzakpress.net\/arhiva\/erdogan-osudio-izraelski-drzavni-terorizam\/#primaryimage"},"thumbnailUrl":"https:\/\/sandzakpress.net\/arhiva\/wp-content\/uploads\/2014\/07\/erdogan-osudio-izraelski-drzavni-terorizam_trt-bosanski-28415.jpg","keywords":["Red\u017eep Erdogan"],"articleSection":["Svijet","VIJESTI DANA","Turska"],"inLanguage":"bs-BA","potentialAction":[{"@type":"CommentAction","name":"Comment","target":["https:\/\/sandzakpress.net\/arhiva\/erdogan-osudio-izraelski-drzavni-terorizam\/#respond"]}]},{"@type":"WebPage","@id":"https:\/\/sandzakpress.net\/arhiva\/erdogan-osudio-izraelski-drzavni-terorizam\/","url":"https:\/\/sandzakpress.net\/arhiva\/erdogan-osudio-izraelski-drzavni-terorizam\/","name":"Erdogan osudio izraelski dr\u017eavni terorizam","isPartOf":{"@id":"https:\/\/sandzakpress.net\/arhiva\/#website"},"primaryImageOfPage":{"@id":"https:\/\/sandzakpress.net\/arhiva\/erdogan-osudio-izraelski-drzavni-terorizam\/#primaryimage"},"image":{"@id":"https:\/\/sandzakpress.net\/arhiva\/erdogan-osudio-izraelski-drzavni-terorizam\/#primaryimage"},"thumbnailUrl":"https:\/\/sandzakpress.net\/arhiva\/wp-content\/uploads\/2014\/07\/erdogan-osudio-izraelski-drzavni-terorizam_trt-bosanski-28415.jpg","datePublished":"2014-07-15T17:47:26+00:00","breadcrumb":{"@id":"https:\/\/sandzakpress.net\/arhiva\/erdogan-osudio-izraelski-drzavni-terorizam\/#breadcrumb"},"inLanguage":"bs-BA","potentialAction":[{"@type":"ReadAction","target":["https:\/\/sandzakpress.net\/arhiva\/erdogan-osudio-izraelski-drzavni-terorizam\/"]}]},{"@type":"ImageObject","inLanguage":"bs-BA","@id":"https:\/\/sandzakpress.net\/arhiva\/erdogan-osudio-izraelski-drzavni-terorizam\/#primaryimage","url":"https:\/\/sandzakpress.net\/arhiva\/wp-content\/uploads\/2014\/07\/erdogan-osudio-izraelski-drzavni-terorizam_trt-bosanski-28415.jpg","contentUrl":"https:\/\/sandzakpress.net\/arhiva\/wp-content\/uploads\/2014\/07\/erdogan-osudio-izraelski-drzavni-terorizam_trt-bosanski-28415.jpg","width":600,"height":363},{"@type":"BreadcrumbList","@id":"https:\/\/sandzakpress.net\/arhiva\/erdogan-osudio-izraelski-drzavni-terorizam\/#breadcrumb","itemListElement":[{"@type":"ListItem","position":1,"name":"Home","item":"https:\/\/sandzakpress.net\/arhiva\/"},{"@type":"ListItem","position":2,"name":"Erdogan osudio izraelski dr\u017eavni terorizam"}]},{"@type":"WebSite","@id":"https:\/\/sandzakpress.net\/arhiva\/#website","url":"https:\/\/sandzakpress.net\/arhiva\/","name":"Sand\u017eak PRESS","description":"Prve elektronske novine u Sand\u017eaku","publisher":{"@id":"https:\/\/sandzakpress.net\/arhiva\/#\/schema\/person\/6e72b67d6e51910a1117b3b483ba20bd"},"potentialAction":[{"@type":"SearchAction","target":{"@type":"EntryPoint","urlTemplate":"https:\/\/sandzakpress.net\/arhiva\/?s={search_term_string}"},"query-input":{"@type":"PropertyValueSpecification","valueRequired":true,"valueName":"search_term_string"}}],"inLanguage":"bs-BA"},{"@type":["Person","Organization"],"@id":"https:\/\/sandzakpress.net\/arhiva\/#\/schema\/person\/6e72b67d6e51910a1117b3b483ba20bd","name":"Kul","image":{"@type":"ImageObject","inLanguage":"bs-BA","@id":"https:\/\/sandzakpress.net\/arhiva\/#\/schema\/person\/image\/","url":"https:\/\/secure.gravatar.com\/avatar\/42263f39aa27ac04c43cab85c280eb2e?s=96&d=mm&r=pg","contentUrl":"https:\/\/secure.gravatar.com\/avatar\/42263f39aa27ac04c43cab85c280eb2e?s=96&d=mm&r=pg","caption":"Kul"},"logo":{"@id":"https:\/\/sandzakpress.net\/arhiva\/#\/schema\/person\/image\/"}},{"@type":"Person","@id":"https:\/\/sandzakpress.net\/arhiva\/#\/schema\/person\/c8baee722073534b583ea7bdb2e36c02","name":"bosniak","image":{"@type":"ImageObject","inLanguage":"bs-BA","@id":"https:\/\/sandzakpress.net\/arhiva\/#\/schema\/person\/image\/","url":"https:\/\/secure.gravatar.com\/avatar\/a04fd330bfe3a36a72a0ad4a6d89fca7?s=96&d=mm&r=pg","contentUrl":"https:\/\/secure.gravatar.com\/avatar\/a04fd330bfe3a36a72a0ad4a6d89fca7?s=96&d=mm&r=pg","caption":"bosniak"},"url":"https:\/\/sandzakpress.net\/arhiva\/author\/bosniak\/"}]}},"_links":{"self":[{"href":"https:\/\/sandzakpress.net\/arhiva\/wp-json\/wp\/v2\/posts\/108718"}],"collection":[{"href":"https:\/\/sandzakpress.net\/arhiva\/wp-json\/wp\/v2\/posts"}],"about":[{"href":"https:\/\/sandzakpress.net\/arhiva\/wp-json\/wp\/v2\/types\/post"}],"author":[{"embeddable":true,"href":"https:\/\/sandzakpress.net\/arhiva\/wp-json\/wp\/v2\/users\/83"}],"replies":[{"embeddable":true,"href":"https:\/\/sandzakpress.net\/arhiva\/wp-json\/wp\/v2\/comments?post=108718"}],"version-history":[{"count":0,"href":"https:\/\/sandzakpress.net\/arhiva\/wp-json\/wp\/v2\/posts\/108718\/revisions"}],"wp:featuredmedia":[{"embeddable":true,"href":"https:\/\/sandzakpress.net\/arhiva\/wp-json\/wp\/v2\/media\/108719"}],"wp:attachment":[{"href":"https:\/\/sandzakpress.net\/arhiva\/wp-json\/wp\/v2\/media?parent=108718"}],"wp:term":[{"taxonomy":"category","embeddable":true,"href":"https:\/\/sandzakpress.net\/arhiva\/wp-json\/wp\/v2\/categories?post=108718"},{"taxonomy":"post_tag","embeddable":true,"href":"https:\/\/sandzakpress.net\/arhiva\/wp-json\/wp\/v2\/tags?post=108718"}],"curies":[{"name":"wp","href":"https:\/\/api.w.org\/{rel}","templated":true}]}}