{"id":108696,"date":"2014-07-14T17:58:36","date_gmt":"2014-07-14T15:58:36","guid":{"rendered":"https:\/\/sandzakpress.net\/arhiva\/?p=108696"},"modified":"2014-07-15T05:01:30","modified_gmt":"2014-07-15T03:01:30","slug":"u-tutinu-izlozba-povodom-mondijala","status":"publish","type":"post","link":"https:\/\/sandzakpress.net\/arhiva\/u-tutinu-izlozba-povodom-mondijala\/","title":{"rendered":"U Tutinu izlo\u017eba povodom Mondijala"},"content":{"rendered":"<p><img decoding=\"async\" class=\"aligncenter\" src=\"http:\/\/radiostoplus.com\/images\/clanci\/SPORT\/izlozzba_tutin.jpg\" alt=\"\" \/><\/p>\n<p><strong><span style=\"font-size: 10pt;\">Tutin &#8211; Povodom zavr\u0161nice Svjetskog fudbalskog prvenstva u Brazilu, u tutinskom Domu kulture uprili\u010dena je izlo\u017eba novinara Esada Ku\u010devi\u0107a koja nosi naziv &#8220;Boginji u \u010dast&#8221;.<\/span><\/strong><\/p>\n<p><span style=\"font-size: 10pt;\">Ku\u010devi\u0107 je radiju Sto plus rekao da izlo\u017eba ima tri cjeline, koje ukazuje na stalnu borbu za \u0161ampionski pehar.<\/span><\/p>\n<p><span style=\"font-size: 10pt;\">&#8220;Dio &#8216;Evolucija Mondijala&#8217; prikazan je kroz 20 zvani\u010dnih plakata svih dosada\u0161njih prvenstava, dok cjelina &#8216;Zabavljajmo se mrtvi ozbiljni&#8217; ima ambiciju da ispravi disproporciju izme\u0111u fudbala i kulturnih djelatnosti u vizuelnoj umjetnosti&#8221;, objasnio je Ku\u010devi\u0107.<\/span><br \/>\n<span style=\"font-size: 10pt;\">\u00a0<\/span><br \/>\n<span style=\"font-size: 10pt;\">&#8220;Zato su, ovom prilikom, specijalno postavljena \u010detiri akvarela, s maskotama u glavnim ulogama i osvrtom na duele nacionalnih timova koji su obilje\u017eili Mondijal u Brazilu&#8221;, dodao je on.<\/span><\/p>\n<p><span style=\"font-size: 10pt;\">Zavr\u0161ni dio &#8220;Kuda ide savremeni fudbal&#8221; odnosi se budu\u0107nost ovog sporta.<\/span><br \/>\n<span style=\"font-size: 10pt;\">\u00a0<\/span><br \/>\n<span style=\"font-size: 10pt;\">&#8220;Odgovor nudi karikatura fudbala zaglavljenog u \u0111onovima kopa\u010dke. To indirektno zna\u010di, da budu\u0107nost pripada \u0111onovima, biznisu i korporativnom kapitalu, u igri kojoj se, ipak, \u0161irom planete i dalje klanjaju kao univerzalnoj religiji\u201d, rekao je Ku\u010devi\u0107.<\/span><\/p>\n<p><span style=\"font-size: 10pt;\">(radio100+)\u00a0<\/span><\/p>\n","protected":false},"excerpt":{"rendered":"<p>Tutin &#8211; Povodom zavr\u0161nice Svjetskog fudbalskog prvenstva u Brazilu, u tutinskom Domu kulture uprili\u010dena je izlo\u017eba novinara Esada Ku\u010devi\u0107a koja nosi naziv &#8220;Boginji u \u010dast&#8221;. Ku\u010devi\u0107 je radiju Sto plus rekao da izlo\u017eba ima tri cjeline, koje ukazuje na stalnu borbu za \u0161ampionski pehar. &#8220;Dio &#8216;Evolucija Mondijala&#8217; prikazan je kroz 20 zvani\u010dnih plakata svih dosada\u0161njih [&hellip;]<\/p>\n","protected":false},"author":83,"featured_media":108697,"comment_status":"open","ping_status":"open","sticky":false,"template":"","format":"standard","meta":{"footnotes":""},"categories":[327,5],"tags":[],"class_list":{"0":"post-108696","1":"post","2":"type-post","3":"status-publish","4":"format-standard","5":"has-post-thumbnail","7":"category-tutin","8":"category-drustvo"},"yoast_head":"<!-- This site is optimized with the Yoast SEO Premium plugin v23.1 (Yoast SEO v24.9) - https:\/\/yoast.com\/wordpress\/plugins\/seo\/ -->\n<title>U Tutinu izlo\u017eba povodom Mondijala<\/title>\n<meta name=\"robots\" content=\"index, follow, max-snippet:-1, max-image-preview:large, max-video-preview:-1\" \/>\n<link rel=\"canonical\" href=\"https:\/\/sandzakpress.net\/arhiva\/u-tutinu-izlozba-povodom-mondijala\/\" \/>\n<meta property=\"og:locale\" content=\"bs_BA\" \/>\n<meta property=\"og:type\" content=\"article\" \/>\n<meta property=\"og:title\" content=\"U Tutinu izlo\u017eba povodom Mondijala\" \/>\n<meta property=\"og:description\" content=\"Tutin &#8211; Povodom zavr\u0161nice Svjetskog fudbalskog prvenstva u Brazilu, u tutinskom Domu kulture uprili\u010dena je izlo\u017eba novinara Esada Ku\u010devi\u0107a koja nosi naziv &#8220;Boginji u \u010dast&#8221;. Ku\u010devi\u0107 je radiju Sto plus rekao da izlo\u017eba ima tri cjeline, koje ukazuje na stalnu borbu za \u0161ampionski pehar. &#8220;Dio &#8216;Evolucija Mondijala&#8217; prikazan je kroz 20 zvani\u010dnih plakata svih dosada\u0161njih [&hellip;]\" \/>\n<meta property=\"og:url\" content=\"https:\/\/sandzakpress.net\/arhiva\/u-tutinu-izlozba-povodom-mondijala\/\" \/>\n<meta property=\"og:site_name\" content=\"Sand\u017eak PRESS\" \/>\n<meta property=\"article:published_time\" content=\"2014-07-14T15:58:36+00:00\" \/>\n<meta property=\"article:modified_time\" content=\"2014-07-15T03:01:30+00:00\" \/>\n<meta property=\"og:image\" content=\"https:\/\/sandzakpress.net\/arhiva\/wp-content\/uploads\/2014\/07\/izlozzba_tutin.jpg\" \/>\n\t<meta property=\"og:image:width\" content=\"620\" \/>\n\t<meta property=\"og:image:height\" content=\"400\" \/>\n\t<meta property=\"og:image:type\" content=\"image\/jpeg\" \/>\n<meta name=\"author\" content=\"bosniak\" \/>\n<meta name=\"twitter:card\" content=\"summary_large_image\" \/>\n<meta name=\"twitter:label1\" content=\"Written by\" \/>\n\t<meta name=\"twitter:data1\" content=\"bosniak\" \/>\n\t<meta name=\"twitter:label2\" content=\"Est. reading time\" \/>\n\t<meta name=\"twitter:data2\" content=\"1 minuta\" \/>\n<script type=\"application\/ld+json\" class=\"yoast-schema-graph\">{\"@context\":\"https:\/\/schema.org\",\"@graph\":[{\"@type\":\"Article\",\"@id\":\"https:\/\/sandzakpress.net\/arhiva\/u-tutinu-izlozba-povodom-mondijala\/#article\",\"isPartOf\":{\"@id\":\"https:\/\/sandzakpress.net\/arhiva\/u-tutinu-izlozba-povodom-mondijala\/\"},\"author\":{\"name\":\"bosniak\",\"@id\":\"https:\/\/sandzakpress.net\/arhiva\/#\/schema\/person\/c8baee722073534b583ea7bdb2e36c02\"},\"headline\":\"U Tutinu izlo\u017eba povodom Mondijala\",\"datePublished\":\"2014-07-14T15:58:36+00:00\",\"dateModified\":\"2014-07-15T03:01:30+00:00\",\"mainEntityOfPage\":{\"@id\":\"https:\/\/sandzakpress.net\/arhiva\/u-tutinu-izlozba-povodom-mondijala\/\"},\"wordCount\":176,\"commentCount\":0,\"publisher\":{\"@id\":\"https:\/\/sandzakpress.net\/arhiva\/#\/schema\/person\/6e72b67d6e51910a1117b3b483ba20bd\"},\"image\":{\"@id\":\"https:\/\/sandzakpress.net\/arhiva\/u-tutinu-izlozba-povodom-mondijala\/#primaryimage\"},\"thumbnailUrl\":\"https:\/\/sandzakpress.net\/arhiva\/wp-content\/uploads\/2014\/07\/izlozzba_tutin.jpg\",\"articleSection\":[\"Tutin\",\"Dru\u0161tvo\"],\"inLanguage\":\"bs-BA\",\"potentialAction\":[{\"@type\":\"CommentAction\",\"name\":\"Comment\",\"target\":[\"https:\/\/sandzakpress.net\/arhiva\/u-tutinu-izlozba-povodom-mondijala\/#respond\"]}]},{\"@type\":\"WebPage\",\"@id\":\"https:\/\/sandzakpress.net\/arhiva\/u-tutinu-izlozba-povodom-mondijala\/\",\"url\":\"https:\/\/sandzakpress.net\/arhiva\/u-tutinu-izlozba-povodom-mondijala\/\",\"name\":\"U Tutinu izlo\u017eba povodom Mondijala\",\"isPartOf\":{\"@id\":\"https:\/\/sandzakpress.net\/arhiva\/#website\"},\"primaryImageOfPage\":{\"@id\":\"https:\/\/sandzakpress.net\/arhiva\/u-tutinu-izlozba-povodom-mondijala\/#primaryimage\"},\"image\":{\"@id\":\"https:\/\/sandzakpress.net\/arhiva\/u-tutinu-izlozba-povodom-mondijala\/#primaryimage\"},\"thumbnailUrl\":\"https:\/\/sandzakpress.net\/arhiva\/wp-content\/uploads\/2014\/07\/izlozzba_tutin.jpg\",\"datePublished\":\"2014-07-14T15:58:36+00:00\",\"dateModified\":\"2014-07-15T03:01:30+00:00\",\"breadcrumb\":{\"@id\":\"https:\/\/sandzakpress.net\/arhiva\/u-tutinu-izlozba-povodom-mondijala\/#breadcrumb\"},\"inLanguage\":\"bs-BA\",\"potentialAction\":[{\"@type\":\"ReadAction\",\"target\":[\"https:\/\/sandzakpress.net\/arhiva\/u-tutinu-izlozba-povodom-mondijala\/\"]}]},{\"@type\":\"ImageObject\",\"inLanguage\":\"bs-BA\",\"@id\":\"https:\/\/sandzakpress.net\/arhiva\/u-tutinu-izlozba-povodom-mondijala\/#primaryimage\",\"url\":\"https:\/\/sandzakpress.net\/arhiva\/wp-content\/uploads\/2014\/07\/izlozzba_tutin.jpg\",\"contentUrl\":\"https:\/\/sandzakpress.net\/arhiva\/wp-content\/uploads\/2014\/07\/izlozzba_tutin.jpg\",\"width\":620,\"height\":400},{\"@type\":\"BreadcrumbList\",\"@id\":\"https:\/\/sandzakpress.net\/arhiva\/u-tutinu-izlozba-povodom-mondijala\/#breadcrumb\",\"itemListElement\":[{\"@type\":\"ListItem\",\"position\":1,\"name\":\"Home\",\"item\":\"https:\/\/sandzakpress.net\/arhiva\/\"},{\"@type\":\"ListItem\",\"position\":2,\"name\":\"U Tutinu izlo\u017eba povodom Mondijala\"}]},{\"@type\":\"WebSite\",\"@id\":\"https:\/\/sandzakpress.net\/arhiva\/#website\",\"url\":\"https:\/\/sandzakpress.net\/arhiva\/\",\"name\":\"Sand\u017eak PRESS\",\"description\":\"Prve elektronske novine u Sand\u017eaku\",\"publisher\":{\"@id\":\"https:\/\/sandzakpress.net\/arhiva\/#\/schema\/person\/6e72b67d6e51910a1117b3b483ba20bd\"},\"potentialAction\":[{\"@type\":\"SearchAction\",\"target\":{\"@type\":\"EntryPoint\",\"urlTemplate\":\"https:\/\/sandzakpress.net\/arhiva\/?s={search_term_string}\"},\"query-input\":{\"@type\":\"PropertyValueSpecification\",\"valueRequired\":true,\"valueName\":\"search_term_string\"}}],\"inLanguage\":\"bs-BA\"},{\"@type\":[\"Person\",\"Organization\"],\"@id\":\"https:\/\/sandzakpress.net\/arhiva\/#\/schema\/person\/6e72b67d6e51910a1117b3b483ba20bd\",\"name\":\"Kul\",\"image\":{\"@type\":\"ImageObject\",\"inLanguage\":\"bs-BA\",\"@id\":\"https:\/\/sandzakpress.net\/arhiva\/#\/schema\/person\/image\/\",\"url\":\"https:\/\/secure.gravatar.com\/avatar\/42263f39aa27ac04c43cab85c280eb2e?s=96&d=mm&r=pg\",\"contentUrl\":\"https:\/\/secure.gravatar.com\/avatar\/42263f39aa27ac04c43cab85c280eb2e?s=96&d=mm&r=pg\",\"caption\":\"Kul\"},\"logo\":{\"@id\":\"https:\/\/sandzakpress.net\/arhiva\/#\/schema\/person\/image\/\"}},{\"@type\":\"Person\",\"@id\":\"https:\/\/sandzakpress.net\/arhiva\/#\/schema\/person\/c8baee722073534b583ea7bdb2e36c02\",\"name\":\"bosniak\",\"image\":{\"@type\":\"ImageObject\",\"inLanguage\":\"bs-BA\",\"@id\":\"https:\/\/sandzakpress.net\/arhiva\/#\/schema\/person\/image\/\",\"url\":\"https:\/\/secure.gravatar.com\/avatar\/a04fd330bfe3a36a72a0ad4a6d89fca7?s=96&d=mm&r=pg\",\"contentUrl\":\"https:\/\/secure.gravatar.com\/avatar\/a04fd330bfe3a36a72a0ad4a6d89fca7?s=96&d=mm&r=pg\",\"caption\":\"bosniak\"},\"url\":\"https:\/\/sandzakpress.net\/arhiva\/author\/bosniak\/\"}]}<\/script>\n<!-- \/ Yoast SEO Premium plugin. -->","yoast_head_json":{"title":"U Tutinu izlo\u017eba povodom Mondijala","robots":{"index":"index","follow":"follow","max-snippet":"max-snippet:-1","max-image-preview":"max-image-preview:large","max-video-preview":"max-video-preview:-1"},"canonical":"https:\/\/sandzakpress.net\/arhiva\/u-tutinu-izlozba-povodom-mondijala\/","og_locale":"bs_BA","og_type":"article","og_title":"U Tutinu izlo\u017eba povodom Mondijala","og_description":"Tutin &#8211; Povodom zavr\u0161nice Svjetskog fudbalskog prvenstva u Brazilu, u tutinskom Domu kulture uprili\u010dena je izlo\u017eba novinara Esada Ku\u010devi\u0107a koja nosi naziv &#8220;Boginji u \u010dast&#8221;. Ku\u010devi\u0107 je radiju Sto plus rekao da izlo\u017eba ima tri cjeline, koje ukazuje na stalnu borbu za \u0161ampionski pehar. &#8220;Dio &#8216;Evolucija Mondijala&#8217; prikazan je kroz 20 zvani\u010dnih plakata svih dosada\u0161njih [&hellip;]","og_url":"https:\/\/sandzakpress.net\/arhiva\/u-tutinu-izlozba-povodom-mondijala\/","og_site_name":"Sand\u017eak PRESS","article_published_time":"2014-07-14T15:58:36+00:00","article_modified_time":"2014-07-15T03:01:30+00:00","og_image":[{"width":620,"height":400,"url":"https:\/\/sandzakpress.net\/arhiva\/wp-content\/uploads\/2014\/07\/izlozzba_tutin.jpg","type":"image\/jpeg"}],"author":"bosniak","twitter_card":"summary_large_image","twitter_misc":{"Written by":"bosniak","Est. reading time":"1 minuta"},"schema":{"@context":"https:\/\/schema.org","@graph":[{"@type":"Article","@id":"https:\/\/sandzakpress.net\/arhiva\/u-tutinu-izlozba-povodom-mondijala\/#article","isPartOf":{"@id":"https:\/\/sandzakpress.net\/arhiva\/u-tutinu-izlozba-povodom-mondijala\/"},"author":{"name":"bosniak","@id":"https:\/\/sandzakpress.net\/arhiva\/#\/schema\/person\/c8baee722073534b583ea7bdb2e36c02"},"headline":"U Tutinu izlo\u017eba povodom Mondijala","datePublished":"2014-07-14T15:58:36+00:00","dateModified":"2014-07-15T03:01:30+00:00","mainEntityOfPage":{"@id":"https:\/\/sandzakpress.net\/arhiva\/u-tutinu-izlozba-povodom-mondijala\/"},"wordCount":176,"commentCount":0,"publisher":{"@id":"https:\/\/sandzakpress.net\/arhiva\/#\/schema\/person\/6e72b67d6e51910a1117b3b483ba20bd"},"image":{"@id":"https:\/\/sandzakpress.net\/arhiva\/u-tutinu-izlozba-povodom-mondijala\/#primaryimage"},"thumbnailUrl":"https:\/\/sandzakpress.net\/arhiva\/wp-content\/uploads\/2014\/07\/izlozzba_tutin.jpg","articleSection":["Tutin","Dru\u0161tvo"],"inLanguage":"bs-BA","potentialAction":[{"@type":"CommentAction","name":"Comment","target":["https:\/\/sandzakpress.net\/arhiva\/u-tutinu-izlozba-povodom-mondijala\/#respond"]}]},{"@type":"WebPage","@id":"https:\/\/sandzakpress.net\/arhiva\/u-tutinu-izlozba-povodom-mondijala\/","url":"https:\/\/sandzakpress.net\/arhiva\/u-tutinu-izlozba-povodom-mondijala\/","name":"U Tutinu izlo\u017eba povodom Mondijala","isPartOf":{"@id":"https:\/\/sandzakpress.net\/arhiva\/#website"},"primaryImageOfPage":{"@id":"https:\/\/sandzakpress.net\/arhiva\/u-tutinu-izlozba-povodom-mondijala\/#primaryimage"},"image":{"@id":"https:\/\/sandzakpress.net\/arhiva\/u-tutinu-izlozba-povodom-mondijala\/#primaryimage"},"thumbnailUrl":"https:\/\/sandzakpress.net\/arhiva\/wp-content\/uploads\/2014\/07\/izlozzba_tutin.jpg","datePublished":"2014-07-14T15:58:36+00:00","dateModified":"2014-07-15T03:01:30+00:00","breadcrumb":{"@id":"https:\/\/sandzakpress.net\/arhiva\/u-tutinu-izlozba-povodom-mondijala\/#breadcrumb"},"inLanguage":"bs-BA","potentialAction":[{"@type":"ReadAction","target":["https:\/\/sandzakpress.net\/arhiva\/u-tutinu-izlozba-povodom-mondijala\/"]}]},{"@type":"ImageObject","inLanguage":"bs-BA","@id":"https:\/\/sandzakpress.net\/arhiva\/u-tutinu-izlozba-povodom-mondijala\/#primaryimage","url":"https:\/\/sandzakpress.net\/arhiva\/wp-content\/uploads\/2014\/07\/izlozzba_tutin.jpg","contentUrl":"https:\/\/sandzakpress.net\/arhiva\/wp-content\/uploads\/2014\/07\/izlozzba_tutin.jpg","width":620,"height":400},{"@type":"BreadcrumbList","@id":"https:\/\/sandzakpress.net\/arhiva\/u-tutinu-izlozba-povodom-mondijala\/#breadcrumb","itemListElement":[{"@type":"ListItem","position":1,"name":"Home","item":"https:\/\/sandzakpress.net\/arhiva\/"},{"@type":"ListItem","position":2,"name":"U Tutinu izlo\u017eba povodom Mondijala"}]},{"@type":"WebSite","@id":"https:\/\/sandzakpress.net\/arhiva\/#website","url":"https:\/\/sandzakpress.net\/arhiva\/","name":"Sand\u017eak PRESS","description":"Prve elektronske novine u Sand\u017eaku","publisher":{"@id":"https:\/\/sandzakpress.net\/arhiva\/#\/schema\/person\/6e72b67d6e51910a1117b3b483ba20bd"},"potentialAction":[{"@type":"SearchAction","target":{"@type":"EntryPoint","urlTemplate":"https:\/\/sandzakpress.net\/arhiva\/?s={search_term_string}"},"query-input":{"@type":"PropertyValueSpecification","valueRequired":true,"valueName":"search_term_string"}}],"inLanguage":"bs-BA"},{"@type":["Person","Organization"],"@id":"https:\/\/sandzakpress.net\/arhiva\/#\/schema\/person\/6e72b67d6e51910a1117b3b483ba20bd","name":"Kul","image":{"@type":"ImageObject","inLanguage":"bs-BA","@id":"https:\/\/sandzakpress.net\/arhiva\/#\/schema\/person\/image\/","url":"https:\/\/secure.gravatar.com\/avatar\/42263f39aa27ac04c43cab85c280eb2e?s=96&d=mm&r=pg","contentUrl":"https:\/\/secure.gravatar.com\/avatar\/42263f39aa27ac04c43cab85c280eb2e?s=96&d=mm&r=pg","caption":"Kul"},"logo":{"@id":"https:\/\/sandzakpress.net\/arhiva\/#\/schema\/person\/image\/"}},{"@type":"Person","@id":"https:\/\/sandzakpress.net\/arhiva\/#\/schema\/person\/c8baee722073534b583ea7bdb2e36c02","name":"bosniak","image":{"@type":"ImageObject","inLanguage":"bs-BA","@id":"https:\/\/sandzakpress.net\/arhiva\/#\/schema\/person\/image\/","url":"https:\/\/secure.gravatar.com\/avatar\/a04fd330bfe3a36a72a0ad4a6d89fca7?s=96&d=mm&r=pg","contentUrl":"https:\/\/secure.gravatar.com\/avatar\/a04fd330bfe3a36a72a0ad4a6d89fca7?s=96&d=mm&r=pg","caption":"bosniak"},"url":"https:\/\/sandzakpress.net\/arhiva\/author\/bosniak\/"}]}},"_links":{"self":[{"href":"https:\/\/sandzakpress.net\/arhiva\/wp-json\/wp\/v2\/posts\/108696"}],"collection":[{"href":"https:\/\/sandzakpress.net\/arhiva\/wp-json\/wp\/v2\/posts"}],"about":[{"href":"https:\/\/sandzakpress.net\/arhiva\/wp-json\/wp\/v2\/types\/post"}],"author":[{"embeddable":true,"href":"https:\/\/sandzakpress.net\/arhiva\/wp-json\/wp\/v2\/users\/83"}],"replies":[{"embeddable":true,"href":"https:\/\/sandzakpress.net\/arhiva\/wp-json\/wp\/v2\/comments?post=108696"}],"version-history":[{"count":0,"href":"https:\/\/sandzakpress.net\/arhiva\/wp-json\/wp\/v2\/posts\/108696\/revisions"}],"wp:featuredmedia":[{"embeddable":true,"href":"https:\/\/sandzakpress.net\/arhiva\/wp-json\/wp\/v2\/media\/108697"}],"wp:attachment":[{"href":"https:\/\/sandzakpress.net\/arhiva\/wp-json\/wp\/v2\/media?parent=108696"}],"wp:term":[{"taxonomy":"category","embeddable":true,"href":"https:\/\/sandzakpress.net\/arhiva\/wp-json\/wp\/v2\/categories?post=108696"},{"taxonomy":"post_tag","embeddable":true,"href":"https:\/\/sandzakpress.net\/arhiva\/wp-json\/wp\/v2\/tags?post=108696"}],"curies":[{"name":"wp","href":"https:\/\/api.w.org\/{rel}","templated":true}]}}