{"id":108633,"date":"2014-07-13T02:00:41","date_gmt":"2014-07-13T00:00:41","guid":{"rendered":"https:\/\/sandzakpress.net\/arhiva\/?p=108633"},"modified":"2014-07-14T03:04:14","modified_gmt":"2014-07-14T01:04:14","slug":"vise-hiljada-jevreja-sirom-svijeta-osuduje-napade-izraela-foto-video","status":"publish","type":"post","link":"https:\/\/sandzakpress.net\/arhiva\/vise-hiljada-jevreja-sirom-svijeta-osuduje-napade-izraela-foto-video\/","title":{"rendered":"Vi\u0161e hiljada Jevreja \u0161irom svijeta osu\u0111uje napade Izraela (FOTO + VIDEO)"},"content":{"rendered":"<p><img loading=\"lazy\" decoding=\"async\" class=\"aligncenter size-full wp-image-108639\" src=\"https:\/\/sandzakpress.net\/arhiva\/wp-content\/uploads\/2014\/07\/53.jpg\" alt=\"5\" width=\"700\" height=\"448\" srcset=\"https:\/\/sandzakpress.net\/arhiva\/wp-content\/uploads\/2014\/07\/53.jpg 700w, https:\/\/sandzakpress.net\/arhiva\/wp-content\/uploads\/2014\/07\/53-616x394.jpg 616w\" sizes=\"(max-width: 700px) 100vw, 700px\" \/> <strong>Svijet &#8211; Na ulicama New Yorka prije tri dana su se okupile hiljade jevreja kako bi osudili nasilje Izraela u pojasu Gaze, a njihov protest je po\u010deo ispred izraelskog konzulata. Prema pisanju ameri\u010dkih medija, u New Yorku se okupilo vi\u0161e od pet hiljada jevreja, me\u0111u kojima su bili i brojni rabini.<\/strong><\/p>\n<p>Demonstranti su digli svoj glas protiv etni\u010dki \u010distog Izraela, nasilja nad Palestincima, progla\u0161avanja muslimana teroristima, ali i protiv nov\u010dane i vojne pomo\u0107i koju dr\u017eava u kojoj \u017eive, SAD, pru\u017ea Izraelu.<\/p>\n<p>Ovaj pokret jevreja protiv nasilja nad Palestincima pro\u0161irio se i drugim gradovima svijeta, a u fotogaleriji pogledajtekako su protesti izgledali u New Yorku i Londonu.<\/p>\n<div class=\"youtube-embed\" data-video_id=\"gDpcsx2CL9E\"><iframe loading=\"lazy\" title=\"Max Blumenthal Speaks At NYC Rally For Palestine July 9 2014\" width=\"696\" height=\"392\" src=\"https:\/\/www.youtube.com\/embed\/gDpcsx2CL9E?feature=oembed&#038;enablejsapi=1\" frameborder=\"0\" allow=\"accelerometer; autoplay; encrypted-media; gyroscope; picture-in-picture\" allowfullscreen><\/iframe><\/div>\n<div class=\"youtube-embed\" data-video_id=\"-a3sL2fNKDU\"><iframe loading=\"lazy\" title=\"Jevrejski rabin govori o istinitosti i trijumfu islama!\" width=\"696\" height=\"522\" src=\"https:\/\/www.youtube.com\/embed\/-a3sL2fNKDU?feature=oembed&#038;enablejsapi=1\" frameborder=\"0\" allow=\"accelerometer; autoplay; encrypted-media; gyroscope; picture-in-picture\" allowfullscreen><\/iframe><\/div>\n<p><img loading=\"lazy\" decoding=\"async\" class=\"aligncenter size-full wp-image-108640\" src=\"https:\/\/sandzakpress.net\/arhiva\/wp-content\/uploads\/2014\/07\/62.jpg\" alt=\"6\" width=\"700\" height=\"467\" srcset=\"https:\/\/sandzakpress.net\/arhiva\/wp-content\/uploads\/2014\/07\/62.jpg 700w, https:\/\/sandzakpress.net\/arhiva\/wp-content\/uploads\/2014\/07\/62-616x410.jpg 616w\" sizes=\"(max-width: 700px) 100vw, 700px\" \/> <img loading=\"lazy\" decoding=\"async\" class=\"aligncenter size-full wp-image-108643\" src=\"https:\/\/sandzakpress.net\/arhiva\/wp-content\/uploads\/2014\/07\/92.jpg\" alt=\"9\" width=\"700\" height=\"466\" srcset=\"https:\/\/sandzakpress.net\/arhiva\/wp-content\/uploads\/2014\/07\/92.jpg 700w, https:\/\/sandzakpress.net\/arhiva\/wp-content\/uploads\/2014\/07\/92-616x410.jpg 616w\" sizes=\"(max-width: 700px) 100vw, 700px\" \/> <img loading=\"lazy\" decoding=\"async\" class=\"aligncenter size-full wp-image-108642\" src=\"https:\/\/sandzakpress.net\/arhiva\/wp-content\/uploads\/2014\/07\/82.jpg\" alt=\"8\" width=\"700\" height=\"467\" srcset=\"https:\/\/sandzakpress.net\/arhiva\/wp-content\/uploads\/2014\/07\/82.jpg 700w, https:\/\/sandzakpress.net\/arhiva\/wp-content\/uploads\/2014\/07\/82-616x410.jpg 616w\" sizes=\"(max-width: 700px) 100vw, 700px\" \/> <img loading=\"lazy\" decoding=\"async\" class=\"aligncenter size-full wp-image-108641\" src=\"https:\/\/sandzakpress.net\/arhiva\/wp-content\/uploads\/2014\/07\/72.jpg\" alt=\"7\" width=\"700\" height=\"467\" srcset=\"https:\/\/sandzakpress.net\/arhiva\/wp-content\/uploads\/2014\/07\/72.jpg 700w, https:\/\/sandzakpress.net\/arhiva\/wp-content\/uploads\/2014\/07\/72-616x410.jpg 616w\" sizes=\"(max-width: 700px) 100vw, 700px\" \/> <img loading=\"lazy\" decoding=\"async\" class=\"aligncenter size-full wp-image-108639\" src=\"https:\/\/sandzakpress.net\/arhiva\/wp-content\/uploads\/2014\/07\/53.jpg\" alt=\"5\" width=\"700\" height=\"448\" srcset=\"https:\/\/sandzakpress.net\/arhiva\/wp-content\/uploads\/2014\/07\/53.jpg 700w, https:\/\/sandzakpress.net\/arhiva\/wp-content\/uploads\/2014\/07\/53-616x394.jpg 616w\" sizes=\"(max-width: 700px) 100vw, 700px\" \/> <img loading=\"lazy\" decoding=\"async\" class=\"aligncenter size-full wp-image-108638\" src=\"https:\/\/sandzakpress.net\/arhiva\/wp-content\/uploads\/2014\/07\/44.jpg\" alt=\"4\" width=\"579\" height=\"444\" \/> <img loading=\"lazy\" decoding=\"async\" class=\"aligncenter size-full wp-image-108637\" src=\"https:\/\/sandzakpress.net\/arhiva\/wp-content\/uploads\/2014\/07\/35.jpg\" alt=\"3\" width=\"600\" height=\"498\" \/> <img loading=\"lazy\" decoding=\"async\" class=\"aligncenter size-full wp-image-108636\" src=\"https:\/\/sandzakpress.net\/arhiva\/wp-content\/uploads\/2014\/07\/25.jpg\" alt=\"2\" width=\"500\" height=\"375\" \/> <img loading=\"lazy\" decoding=\"async\" class=\"aligncenter size-full wp-image-108635\" src=\"https:\/\/sandzakpress.net\/arhiva\/wp-content\/uploads\/2014\/07\/17.jpg\" alt=\"1\" width=\"700\" height=\"525\" srcset=\"https:\/\/sandzakpress.net\/arhiva\/wp-content\/uploads\/2014\/07\/17.jpg 700w, https:\/\/sandzakpress.net\/arhiva\/wp-content\/uploads\/2014\/07\/17-616x462.jpg 616w\" sizes=\"(max-width: 700px) 100vw, 700px\" \/> <img loading=\"lazy\" decoding=\"async\" class=\"aligncenter size-full wp-image-108634\" src=\"https:\/\/sandzakpress.net\/arhiva\/wp-content\/uploads\/2014\/07\/102.jpg\" alt=\"10\" width=\"700\" height=\"394\" srcset=\"https:\/\/sandzakpress.net\/arhiva\/wp-content\/uploads\/2014\/07\/102.jpg 700w, https:\/\/sandzakpress.net\/arhiva\/wp-content\/uploads\/2014\/07\/102-616x346.jpg 616w\" sizes=\"(max-width: 700px) 100vw, 700px\" \/><\/p>\n","protected":false},"excerpt":{"rendered":"<p>Prema pisanju ameri\u010dkih medija, u New Yorku se okupilo vi\u0161e od pet hiljada jevreja<\/p>\n","protected":false},"author":83,"featured_media":108639,"comment_status":"open","ping_status":"open","sticky":false,"template":"","format":"standard","meta":{"footnotes":""},"categories":[9,8957],"tags":[10249],"class_list":{"0":"post-108633","1":"post","2":"type-post","3":"status-publish","4":"format-standard","5":"has-post-thumbnail","7":"category-svijet","8":"category-vijesti-dana","9":"tag-palestina"},"yoast_head":"<!-- This site is optimized with the Yoast SEO Premium plugin v23.1 (Yoast SEO v24.9) - https:\/\/yoast.com\/wordpress\/plugins\/seo\/ -->\n<title>Vi\u0161e hiljada Jevreja \u0161irom svijeta osu\u0111uje napade Izraela (FOTO + VIDEO)<\/title>\n<meta name=\"robots\" content=\"index, follow, max-snippet:-1, max-image-preview:large, max-video-preview:-1\" \/>\n<link rel=\"canonical\" href=\"https:\/\/sandzakpress.net\/arhiva\/vise-hiljada-jevreja-sirom-svijeta-osuduje-napade-izraela-foto-video\/\" \/>\n<meta property=\"og:locale\" content=\"bs_BA\" \/>\n<meta property=\"og:type\" content=\"article\" \/>\n<meta property=\"og:title\" content=\"Vi\u0161e hiljada Jevreja \u0161irom svijeta osu\u0111uje napade Izraela (FOTO + VIDEO)\" \/>\n<meta property=\"og:description\" content=\"Prema pisanju ameri\u010dkih medija, u New Yorku se okupilo vi\u0161e od pet hiljada jevreja\" \/>\n<meta property=\"og:url\" content=\"https:\/\/sandzakpress.net\/arhiva\/vise-hiljada-jevreja-sirom-svijeta-osuduje-napade-izraela-foto-video\/\" \/>\n<meta property=\"og:site_name\" content=\"Sand\u017eak PRESS\" \/>\n<meta property=\"article:published_time\" content=\"2014-07-13T00:00:41+00:00\" \/>\n<meta property=\"article:modified_time\" content=\"2014-07-14T01:04:14+00:00\" \/>\n<meta property=\"og:image\" content=\"https:\/\/sandzakpress.net\/arhiva\/wp-content\/uploads\/2014\/07\/53.jpg\" \/>\n\t<meta property=\"og:image:width\" content=\"700\" \/>\n\t<meta property=\"og:image:height\" content=\"448\" \/>\n\t<meta property=\"og:image:type\" content=\"image\/jpeg\" \/>\n<meta name=\"author\" content=\"bosniak\" \/>\n<meta name=\"twitter:card\" content=\"summary_large_image\" \/>\n<meta name=\"twitter:label1\" content=\"Written by\" \/>\n\t<meta name=\"twitter:data1\" content=\"bosniak\" \/>\n\t<meta name=\"twitter:label2\" content=\"Est. reading time\" \/>\n\t<meta name=\"twitter:data2\" content=\"1 minuta\" \/>\n<script type=\"application\/ld+json\" class=\"yoast-schema-graph\">{\"@context\":\"https:\/\/schema.org\",\"@graph\":[{\"@type\":\"Article\",\"@id\":\"https:\/\/sandzakpress.net\/arhiva\/vise-hiljada-jevreja-sirom-svijeta-osuduje-napade-izraela-foto-video\/#article\",\"isPartOf\":{\"@id\":\"https:\/\/sandzakpress.net\/arhiva\/vise-hiljada-jevreja-sirom-svijeta-osuduje-napade-izraela-foto-video\/\"},\"author\":{\"name\":\"bosniak\",\"@id\":\"https:\/\/sandzakpress.net\/arhiva\/#\/schema\/person\/c8baee722073534b583ea7bdb2e36c02\"},\"headline\":\"Vi\u0161e hiljada Jevreja \u0161irom svijeta osu\u0111uje napade Izraela (FOTO + VIDEO)\",\"datePublished\":\"2014-07-13T00:00:41+00:00\",\"dateModified\":\"2014-07-14T01:04:14+00:00\",\"mainEntityOfPage\":{\"@id\":\"https:\/\/sandzakpress.net\/arhiva\/vise-hiljada-jevreja-sirom-svijeta-osuduje-napade-izraela-foto-video\/\"},\"wordCount\":150,\"commentCount\":11,\"publisher\":{\"@id\":\"https:\/\/sandzakpress.net\/arhiva\/#\/schema\/person\/6e72b67d6e51910a1117b3b483ba20bd\"},\"image\":{\"@id\":\"https:\/\/sandzakpress.net\/arhiva\/vise-hiljada-jevreja-sirom-svijeta-osuduje-napade-izraela-foto-video\/#primaryimage\"},\"thumbnailUrl\":\"https:\/\/sandzakpress.net\/arhiva\/wp-content\/uploads\/2014\/07\/53.jpg\",\"keywords\":[\"Palestina\"],\"articleSection\":[\"Svijet\",\"VIJESTI DANA\"],\"inLanguage\":\"bs-BA\",\"potentialAction\":[{\"@type\":\"CommentAction\",\"name\":\"Comment\",\"target\":[\"https:\/\/sandzakpress.net\/arhiva\/vise-hiljada-jevreja-sirom-svijeta-osuduje-napade-izraela-foto-video\/#respond\"]}]},{\"@type\":\"WebPage\",\"@id\":\"https:\/\/sandzakpress.net\/arhiva\/vise-hiljada-jevreja-sirom-svijeta-osuduje-napade-izraela-foto-video\/\",\"url\":\"https:\/\/sandzakpress.net\/arhiva\/vise-hiljada-jevreja-sirom-svijeta-osuduje-napade-izraela-foto-video\/\",\"name\":\"Vi\u0161e hiljada Jevreja \u0161irom svijeta osu\u0111uje napade Izraela (FOTO + VIDEO)\",\"isPartOf\":{\"@id\":\"https:\/\/sandzakpress.net\/arhiva\/#website\"},\"primaryImageOfPage\":{\"@id\":\"https:\/\/sandzakpress.net\/arhiva\/vise-hiljada-jevreja-sirom-svijeta-osuduje-napade-izraela-foto-video\/#primaryimage\"},\"image\":{\"@id\":\"https:\/\/sandzakpress.net\/arhiva\/vise-hiljada-jevreja-sirom-svijeta-osuduje-napade-izraela-foto-video\/#primaryimage\"},\"thumbnailUrl\":\"https:\/\/sandzakpress.net\/arhiva\/wp-content\/uploads\/2014\/07\/53.jpg\",\"datePublished\":\"2014-07-13T00:00:41+00:00\",\"dateModified\":\"2014-07-14T01:04:14+00:00\",\"breadcrumb\":{\"@id\":\"https:\/\/sandzakpress.net\/arhiva\/vise-hiljada-jevreja-sirom-svijeta-osuduje-napade-izraela-foto-video\/#breadcrumb\"},\"inLanguage\":\"bs-BA\",\"potentialAction\":[{\"@type\":\"ReadAction\",\"target\":[\"https:\/\/sandzakpress.net\/arhiva\/vise-hiljada-jevreja-sirom-svijeta-osuduje-napade-izraela-foto-video\/\"]}]},{\"@type\":\"ImageObject\",\"inLanguage\":\"bs-BA\",\"@id\":\"https:\/\/sandzakpress.net\/arhiva\/vise-hiljada-jevreja-sirom-svijeta-osuduje-napade-izraela-foto-video\/#primaryimage\",\"url\":\"https:\/\/sandzakpress.net\/arhiva\/wp-content\/uploads\/2014\/07\/53.jpg\",\"contentUrl\":\"https:\/\/sandzakpress.net\/arhiva\/wp-content\/uploads\/2014\/07\/53.jpg\",\"width\":700,\"height\":448},{\"@type\":\"BreadcrumbList\",\"@id\":\"https:\/\/sandzakpress.net\/arhiva\/vise-hiljada-jevreja-sirom-svijeta-osuduje-napade-izraela-foto-video\/#breadcrumb\",\"itemListElement\":[{\"@type\":\"ListItem\",\"position\":1,\"name\":\"Home\",\"item\":\"https:\/\/sandzakpress.net\/arhiva\/\"},{\"@type\":\"ListItem\",\"position\":2,\"name\":\"Vi\u0161e hiljada Jevreja \u0161irom svijeta osu\u0111uje napade Izraela (FOTO + VIDEO)\"}]},{\"@type\":\"WebSite\",\"@id\":\"https:\/\/sandzakpress.net\/arhiva\/#website\",\"url\":\"https:\/\/sandzakpress.net\/arhiva\/\",\"name\":\"Sand\u017eak PRESS\",\"description\":\"Prve elektronske novine u Sand\u017eaku\",\"publisher\":{\"@id\":\"https:\/\/sandzakpress.net\/arhiva\/#\/schema\/person\/6e72b67d6e51910a1117b3b483ba20bd\"},\"potentialAction\":[{\"@type\":\"SearchAction\",\"target\":{\"@type\":\"EntryPoint\",\"urlTemplate\":\"https:\/\/sandzakpress.net\/arhiva\/?s={search_term_string}\"},\"query-input\":{\"@type\":\"PropertyValueSpecification\",\"valueRequired\":true,\"valueName\":\"search_term_string\"}}],\"inLanguage\":\"bs-BA\"},{\"@type\":[\"Person\",\"Organization\"],\"@id\":\"https:\/\/sandzakpress.net\/arhiva\/#\/schema\/person\/6e72b67d6e51910a1117b3b483ba20bd\",\"name\":\"Kul\",\"image\":{\"@type\":\"ImageObject\",\"inLanguage\":\"bs-BA\",\"@id\":\"https:\/\/sandzakpress.net\/arhiva\/#\/schema\/person\/image\/\",\"url\":\"https:\/\/secure.gravatar.com\/avatar\/42263f39aa27ac04c43cab85c280eb2e?s=96&d=mm&r=pg\",\"contentUrl\":\"https:\/\/secure.gravatar.com\/avatar\/42263f39aa27ac04c43cab85c280eb2e?s=96&d=mm&r=pg\",\"caption\":\"Kul\"},\"logo\":{\"@id\":\"https:\/\/sandzakpress.net\/arhiva\/#\/schema\/person\/image\/\"}},{\"@type\":\"Person\",\"@id\":\"https:\/\/sandzakpress.net\/arhiva\/#\/schema\/person\/c8baee722073534b583ea7bdb2e36c02\",\"name\":\"bosniak\",\"image\":{\"@type\":\"ImageObject\",\"inLanguage\":\"bs-BA\",\"@id\":\"https:\/\/sandzakpress.net\/arhiva\/#\/schema\/person\/image\/\",\"url\":\"https:\/\/secure.gravatar.com\/avatar\/a04fd330bfe3a36a72a0ad4a6d89fca7?s=96&d=mm&r=pg\",\"contentUrl\":\"https:\/\/secure.gravatar.com\/avatar\/a04fd330bfe3a36a72a0ad4a6d89fca7?s=96&d=mm&r=pg\",\"caption\":\"bosniak\"},\"url\":\"https:\/\/sandzakpress.net\/arhiva\/author\/bosniak\/\"}]}<\/script>\n<!-- \/ Yoast SEO Premium plugin. -->","yoast_head_json":{"title":"Vi\u0161e hiljada Jevreja \u0161irom svijeta osu\u0111uje napade Izraela (FOTO + VIDEO)","robots":{"index":"index","follow":"follow","max-snippet":"max-snippet:-1","max-image-preview":"max-image-preview:large","max-video-preview":"max-video-preview:-1"},"canonical":"https:\/\/sandzakpress.net\/arhiva\/vise-hiljada-jevreja-sirom-svijeta-osuduje-napade-izraela-foto-video\/","og_locale":"bs_BA","og_type":"article","og_title":"Vi\u0161e hiljada Jevreja \u0161irom svijeta osu\u0111uje napade Izraela (FOTO + VIDEO)","og_description":"Prema pisanju ameri\u010dkih medija, u New Yorku se okupilo vi\u0161e od pet hiljada jevreja","og_url":"https:\/\/sandzakpress.net\/arhiva\/vise-hiljada-jevreja-sirom-svijeta-osuduje-napade-izraela-foto-video\/","og_site_name":"Sand\u017eak PRESS","article_published_time":"2014-07-13T00:00:41+00:00","article_modified_time":"2014-07-14T01:04:14+00:00","og_image":[{"width":700,"height":448,"url":"https:\/\/sandzakpress.net\/arhiva\/wp-content\/uploads\/2014\/07\/53.jpg","type":"image\/jpeg"}],"author":"bosniak","twitter_card":"summary_large_image","twitter_misc":{"Written by":"bosniak","Est. reading time":"1 minuta"},"schema":{"@context":"https:\/\/schema.org","@graph":[{"@type":"Article","@id":"https:\/\/sandzakpress.net\/arhiva\/vise-hiljada-jevreja-sirom-svijeta-osuduje-napade-izraela-foto-video\/#article","isPartOf":{"@id":"https:\/\/sandzakpress.net\/arhiva\/vise-hiljada-jevreja-sirom-svijeta-osuduje-napade-izraela-foto-video\/"},"author":{"name":"bosniak","@id":"https:\/\/sandzakpress.net\/arhiva\/#\/schema\/person\/c8baee722073534b583ea7bdb2e36c02"},"headline":"Vi\u0161e hiljada Jevreja \u0161irom svijeta osu\u0111uje napade Izraela (FOTO + VIDEO)","datePublished":"2014-07-13T00:00:41+00:00","dateModified":"2014-07-14T01:04:14+00:00","mainEntityOfPage":{"@id":"https:\/\/sandzakpress.net\/arhiva\/vise-hiljada-jevreja-sirom-svijeta-osuduje-napade-izraela-foto-video\/"},"wordCount":150,"commentCount":11,"publisher":{"@id":"https:\/\/sandzakpress.net\/arhiva\/#\/schema\/person\/6e72b67d6e51910a1117b3b483ba20bd"},"image":{"@id":"https:\/\/sandzakpress.net\/arhiva\/vise-hiljada-jevreja-sirom-svijeta-osuduje-napade-izraela-foto-video\/#primaryimage"},"thumbnailUrl":"https:\/\/sandzakpress.net\/arhiva\/wp-content\/uploads\/2014\/07\/53.jpg","keywords":["Palestina"],"articleSection":["Svijet","VIJESTI DANA"],"inLanguage":"bs-BA","potentialAction":[{"@type":"CommentAction","name":"Comment","target":["https:\/\/sandzakpress.net\/arhiva\/vise-hiljada-jevreja-sirom-svijeta-osuduje-napade-izraela-foto-video\/#respond"]}]},{"@type":"WebPage","@id":"https:\/\/sandzakpress.net\/arhiva\/vise-hiljada-jevreja-sirom-svijeta-osuduje-napade-izraela-foto-video\/","url":"https:\/\/sandzakpress.net\/arhiva\/vise-hiljada-jevreja-sirom-svijeta-osuduje-napade-izraela-foto-video\/","name":"Vi\u0161e hiljada Jevreja \u0161irom svijeta osu\u0111uje napade Izraela (FOTO + VIDEO)","isPartOf":{"@id":"https:\/\/sandzakpress.net\/arhiva\/#website"},"primaryImageOfPage":{"@id":"https:\/\/sandzakpress.net\/arhiva\/vise-hiljada-jevreja-sirom-svijeta-osuduje-napade-izraela-foto-video\/#primaryimage"},"image":{"@id":"https:\/\/sandzakpress.net\/arhiva\/vise-hiljada-jevreja-sirom-svijeta-osuduje-napade-izraela-foto-video\/#primaryimage"},"thumbnailUrl":"https:\/\/sandzakpress.net\/arhiva\/wp-content\/uploads\/2014\/07\/53.jpg","datePublished":"2014-07-13T00:00:41+00:00","dateModified":"2014-07-14T01:04:14+00:00","breadcrumb":{"@id":"https:\/\/sandzakpress.net\/arhiva\/vise-hiljada-jevreja-sirom-svijeta-osuduje-napade-izraela-foto-video\/#breadcrumb"},"inLanguage":"bs-BA","potentialAction":[{"@type":"ReadAction","target":["https:\/\/sandzakpress.net\/arhiva\/vise-hiljada-jevreja-sirom-svijeta-osuduje-napade-izraela-foto-video\/"]}]},{"@type":"ImageObject","inLanguage":"bs-BA","@id":"https:\/\/sandzakpress.net\/arhiva\/vise-hiljada-jevreja-sirom-svijeta-osuduje-napade-izraela-foto-video\/#primaryimage","url":"https:\/\/sandzakpress.net\/arhiva\/wp-content\/uploads\/2014\/07\/53.jpg","contentUrl":"https:\/\/sandzakpress.net\/arhiva\/wp-content\/uploads\/2014\/07\/53.jpg","width":700,"height":448},{"@type":"BreadcrumbList","@id":"https:\/\/sandzakpress.net\/arhiva\/vise-hiljada-jevreja-sirom-svijeta-osuduje-napade-izraela-foto-video\/#breadcrumb","itemListElement":[{"@type":"ListItem","position":1,"name":"Home","item":"https:\/\/sandzakpress.net\/arhiva\/"},{"@type":"ListItem","position":2,"name":"Vi\u0161e hiljada Jevreja \u0161irom svijeta osu\u0111uje napade Izraela (FOTO + VIDEO)"}]},{"@type":"WebSite","@id":"https:\/\/sandzakpress.net\/arhiva\/#website","url":"https:\/\/sandzakpress.net\/arhiva\/","name":"Sand\u017eak PRESS","description":"Prve elektronske novine u Sand\u017eaku","publisher":{"@id":"https:\/\/sandzakpress.net\/arhiva\/#\/schema\/person\/6e72b67d6e51910a1117b3b483ba20bd"},"potentialAction":[{"@type":"SearchAction","target":{"@type":"EntryPoint","urlTemplate":"https:\/\/sandzakpress.net\/arhiva\/?s={search_term_string}"},"query-input":{"@type":"PropertyValueSpecification","valueRequired":true,"valueName":"search_term_string"}}],"inLanguage":"bs-BA"},{"@type":["Person","Organization"],"@id":"https:\/\/sandzakpress.net\/arhiva\/#\/schema\/person\/6e72b67d6e51910a1117b3b483ba20bd","name":"Kul","image":{"@type":"ImageObject","inLanguage":"bs-BA","@id":"https:\/\/sandzakpress.net\/arhiva\/#\/schema\/person\/image\/","url":"https:\/\/secure.gravatar.com\/avatar\/42263f39aa27ac04c43cab85c280eb2e?s=96&d=mm&r=pg","contentUrl":"https:\/\/secure.gravatar.com\/avatar\/42263f39aa27ac04c43cab85c280eb2e?s=96&d=mm&r=pg","caption":"Kul"},"logo":{"@id":"https:\/\/sandzakpress.net\/arhiva\/#\/schema\/person\/image\/"}},{"@type":"Person","@id":"https:\/\/sandzakpress.net\/arhiva\/#\/schema\/person\/c8baee722073534b583ea7bdb2e36c02","name":"bosniak","image":{"@type":"ImageObject","inLanguage":"bs-BA","@id":"https:\/\/sandzakpress.net\/arhiva\/#\/schema\/person\/image\/","url":"https:\/\/secure.gravatar.com\/avatar\/a04fd330bfe3a36a72a0ad4a6d89fca7?s=96&d=mm&r=pg","contentUrl":"https:\/\/secure.gravatar.com\/avatar\/a04fd330bfe3a36a72a0ad4a6d89fca7?s=96&d=mm&r=pg","caption":"bosniak"},"url":"https:\/\/sandzakpress.net\/arhiva\/author\/bosniak\/"}]}},"_links":{"self":[{"href":"https:\/\/sandzakpress.net\/arhiva\/wp-json\/wp\/v2\/posts\/108633"}],"collection":[{"href":"https:\/\/sandzakpress.net\/arhiva\/wp-json\/wp\/v2\/posts"}],"about":[{"href":"https:\/\/sandzakpress.net\/arhiva\/wp-json\/wp\/v2\/types\/post"}],"author":[{"embeddable":true,"href":"https:\/\/sandzakpress.net\/arhiva\/wp-json\/wp\/v2\/users\/83"}],"replies":[{"embeddable":true,"href":"https:\/\/sandzakpress.net\/arhiva\/wp-json\/wp\/v2\/comments?post=108633"}],"version-history":[{"count":0,"href":"https:\/\/sandzakpress.net\/arhiva\/wp-json\/wp\/v2\/posts\/108633\/revisions"}],"wp:featuredmedia":[{"embeddable":true,"href":"https:\/\/sandzakpress.net\/arhiva\/wp-json\/wp\/v2\/media\/108639"}],"wp:attachment":[{"href":"https:\/\/sandzakpress.net\/arhiva\/wp-json\/wp\/v2\/media?parent=108633"}],"wp:term":[{"taxonomy":"category","embeddable":true,"href":"https:\/\/sandzakpress.net\/arhiva\/wp-json\/wp\/v2\/categories?post=108633"},{"taxonomy":"post_tag","embeddable":true,"href":"https:\/\/sandzakpress.net\/arhiva\/wp-json\/wp\/v2\/tags?post=108633"}],"curies":[{"name":"wp","href":"https:\/\/api.w.org\/{rel}","templated":true}]}}