{"id":108629,"date":"2014-07-13T12:43:39","date_gmt":"2014-07-13T10:43:39","guid":{"rendered":"https:\/\/sandzakpress.net\/arhiva\/?p=108629"},"modified":"2014-07-13T12:43:39","modified_gmt":"2014-07-13T10:43:39","slug":"ceric-dodikova-podrska-izraelu-je-nemoralni-pokusaj-da-se-opravda-srpski-genocid","status":"publish","type":"post","link":"https:\/\/sandzakpress.net\/arhiva\/ceric-dodikova-podrska-izraelu-je-nemoralni-pokusaj-da-se-opravda-srpski-genocid\/","title":{"rendered":"Ceri\u0107: \u2018Dodikova podr\u0161ka Izraelu je nemoralni poku\u0161aj da se opravda srpski genocid!\u2019"},"content":{"rendered":"<p><img loading=\"lazy\" decoding=\"async\" class=\"aligncenter size-full wp-image-108630\" src=\"https:\/\/sandzakpress.net\/arhiva\/wp-content\/uploads\/2014\/07\/Mustafa_Ceric-i-dodik-Patria1.jpg\" alt=\"Mustafa_Ceric-i-dodik-Patria1\" width=\"625\" height=\"404\" srcset=\"https:\/\/sandzakpress.net\/arhiva\/wp-content\/uploads\/2014\/07\/Mustafa_Ceric-i-dodik-Patria1.jpg 625w, https:\/\/sandzakpress.net\/arhiva\/wp-content\/uploads\/2014\/07\/Mustafa_Ceric-i-dodik-Patria1-616x398.jpg 616w\" sizes=\"(max-width: 625px) 100vw, 625px\" \/><\/p>\n<p><strong>Sarajevo \u0336 Dodikova podr\u0161ka Izraelu je sramota za \u010dovje\u010danstvo, jer je licmjerna i provokativna sa ciljem da opravda srpski zlo\u010din genocida u Srebrenici, izjavio je za bh. novinsku agenciju Patria (NAP) dr. Mustafa Ceri\u0107, nezavisni kandidat za \u010dlana Predsjedni\u0161tva BiH.<\/strong><\/p>\n<p>Nakon \u0161to je \u010delnik manjeg entiteta uputio pismo podr\u0161ke izraelskom rukovodstvu izazva\u0161vi burne reakcije zatra\u017eili smo i komentar od dr. Ceri\u0107a.<\/p>\n<p>&#8211; Prije dana\u0161nje podr\u0161ke Izraelu, Dodik je trebao poslu\u0161ati ju\u010dera\u0161nju izjavu Branka Lustiga, Jevreja, \u010duvenog svjetskog filmskog producenta, koji je rekao: \u201cSrebrenica se ni po \u010demu ne razlikuje od velikog genocida koji je po\u010dinjen u Au\u0161vicu\u2026\u201d Podsje\u0107amo da genocid u Srebrenici nisu po\u010dinili nikakvi islamski teroristi, nego srpska vojska i policija \u2013 ka\u017ee dr. Ceri\u0107 komentiraju\u0107i Dodikovo pismo.<\/p>\n<p>Zbog, kako je reka, srpskog genocida nad Bo\u0161njacima muslimanima u Sreberenici pre\u017eivjeli genocida iz Au\u0161vica se zgra\u017eavaju.<\/p>\n<p>&#8211; Zato je Dodikova podr\u0161ka Izraelu nemoralni poku\u0161aj da se opravda srpski genocid kojeg je cijeli svijet osudio. Umjesto podr\u0161ke sukobu u Svetoj zemlji, mi pozivamo na mir te pravedno i trajno rje\u0161enje za sve narode na Bliskom istoku \u2013 dodao je dr. Ceri\u0107 u izjavi za NAP.<\/p>\n<p>(NAP)<\/p>\n","protected":false},"excerpt":{"rendered":"<p>Sarajevo \u0336 Dodikova podr\u0161ka Izraelu je sramota za \u010dovje\u010danstvo, jer je licmjerna i provokativna sa ciljem da opravda srpski zlo\u010din genocida u Srebrenici, izjavio je za bh. novinsku agenciju Patria (NAP) dr. Mustafa Ceri\u0107, nezavisni kandidat za \u010dlana Predsjedni\u0161tva BiH. Nakon \u0161to je \u010delnik manjeg entiteta uputio pismo podr\u0161ke izraelskom rukovodstvu izazva\u0161vi burne reakcije zatra\u017eili [&hellip;]<\/p>\n","protected":false},"author":83,"featured_media":108630,"comment_status":"open","ping_status":"open","sticky":false,"template":"","format":"standard","meta":{"footnotes":""},"categories":[2860,1,8957],"tags":[],"class_list":{"0":"post-108629","1":"post","2":"type-post","3":"status-publish","4":"format-standard","5":"has-post-thumbnail","7":"category-bosna-i-hercegovina-gradovi","8":"category-politika","9":"category-vijesti-dana"},"yoast_head":"<!-- This site is optimized with the Yoast SEO Premium plugin v23.1 (Yoast SEO v24.9) - https:\/\/yoast.com\/wordpress\/plugins\/seo\/ -->\n<title>Ceri\u0107: \u2018Dodikova podr\u0161ka Izraelu je nemoralni poku\u0161aj da se opravda srpski genocid!\u2019<\/title>\n<meta name=\"robots\" content=\"index, follow, max-snippet:-1, max-image-preview:large, max-video-preview:-1\" \/>\n<link rel=\"canonical\" href=\"https:\/\/sandzakpress.net\/arhiva\/ceric-dodikova-podrska-izraelu-je-nemoralni-pokusaj-da-se-opravda-srpski-genocid\/\" \/>\n<meta property=\"og:locale\" content=\"bs_BA\" \/>\n<meta property=\"og:type\" content=\"article\" \/>\n<meta property=\"og:title\" content=\"Ceri\u0107: \u2018Dodikova podr\u0161ka Izraelu je nemoralni poku\u0161aj da se opravda srpski genocid!\u2019\" \/>\n<meta property=\"og:description\" content=\"Sarajevo \u0336 Dodikova podr\u0161ka Izraelu je sramota za \u010dovje\u010danstvo, jer je licmjerna i provokativna sa ciljem da opravda srpski zlo\u010din genocida u Srebrenici, izjavio je za bh. novinsku agenciju Patria (NAP) dr. Mustafa Ceri\u0107, nezavisni kandidat za \u010dlana Predsjedni\u0161tva BiH. Nakon \u0161to je \u010delnik manjeg entiteta uputio pismo podr\u0161ke izraelskom rukovodstvu izazva\u0161vi burne reakcije zatra\u017eili [&hellip;]\" \/>\n<meta property=\"og:url\" content=\"https:\/\/sandzakpress.net\/arhiva\/ceric-dodikova-podrska-izraelu-je-nemoralni-pokusaj-da-se-opravda-srpski-genocid\/\" \/>\n<meta property=\"og:site_name\" content=\"Sand\u017eak PRESS\" \/>\n<meta property=\"article:published_time\" content=\"2014-07-13T10:43:39+00:00\" \/>\n<meta property=\"og:image\" content=\"https:\/\/sandzakpress.net\/arhiva\/wp-content\/uploads\/2014\/07\/Mustafa_Ceric-i-dodik-Patria1.jpg\" \/>\n\t<meta property=\"og:image:width\" content=\"625\" \/>\n\t<meta property=\"og:image:height\" content=\"404\" \/>\n\t<meta property=\"og:image:type\" content=\"image\/jpeg\" \/>\n<meta name=\"author\" content=\"bosniak\" \/>\n<meta name=\"twitter:card\" content=\"summary_large_image\" \/>\n<meta name=\"twitter:label1\" content=\"Written by\" \/>\n\t<meta name=\"twitter:data1\" content=\"bosniak\" \/>\n\t<meta name=\"twitter:label2\" content=\"Est. reading time\" \/>\n\t<meta name=\"twitter:data2\" content=\"1 minuta\" \/>\n<script type=\"application\/ld+json\" class=\"yoast-schema-graph\">{\"@context\":\"https:\/\/schema.org\",\"@graph\":[{\"@type\":\"Article\",\"@id\":\"https:\/\/sandzakpress.net\/arhiva\/ceric-dodikova-podrska-izraelu-je-nemoralni-pokusaj-da-se-opravda-srpski-genocid\/#article\",\"isPartOf\":{\"@id\":\"https:\/\/sandzakpress.net\/arhiva\/ceric-dodikova-podrska-izraelu-je-nemoralni-pokusaj-da-se-opravda-srpski-genocid\/\"},\"author\":{\"name\":\"bosniak\",\"@id\":\"https:\/\/sandzakpress.net\/arhiva\/#\/schema\/person\/c8baee722073534b583ea7bdb2e36c02\"},\"headline\":\"Ceri\u0107: \u2018Dodikova podr\u0161ka Izraelu je nemoralni poku\u0161aj da se opravda srpski genocid!\u2019\",\"datePublished\":\"2014-07-13T10:43:39+00:00\",\"mainEntityOfPage\":{\"@id\":\"https:\/\/sandzakpress.net\/arhiva\/ceric-dodikova-podrska-izraelu-je-nemoralni-pokusaj-da-se-opravda-srpski-genocid\/\"},\"wordCount\":223,\"commentCount\":14,\"publisher\":{\"@id\":\"https:\/\/sandzakpress.net\/arhiva\/#\/schema\/person\/6e72b67d6e51910a1117b3b483ba20bd\"},\"image\":{\"@id\":\"https:\/\/sandzakpress.net\/arhiva\/ceric-dodikova-podrska-izraelu-je-nemoralni-pokusaj-da-se-opravda-srpski-genocid\/#primaryimage\"},\"thumbnailUrl\":\"https:\/\/sandzakpress.net\/arhiva\/wp-content\/uploads\/2014\/07\/Mustafa_Ceric-i-dodik-Patria1.jpg\",\"articleSection\":[\"Bosna i Hercegovina\",\"Politika\",\"VIJESTI DANA\"],\"inLanguage\":\"bs-BA\",\"potentialAction\":[{\"@type\":\"CommentAction\",\"name\":\"Comment\",\"target\":[\"https:\/\/sandzakpress.net\/arhiva\/ceric-dodikova-podrska-izraelu-je-nemoralni-pokusaj-da-se-opravda-srpski-genocid\/#respond\"]}]},{\"@type\":\"WebPage\",\"@id\":\"https:\/\/sandzakpress.net\/arhiva\/ceric-dodikova-podrska-izraelu-je-nemoralni-pokusaj-da-se-opravda-srpski-genocid\/\",\"url\":\"https:\/\/sandzakpress.net\/arhiva\/ceric-dodikova-podrska-izraelu-je-nemoralni-pokusaj-da-se-opravda-srpski-genocid\/\",\"name\":\"Ceri\u0107: \u2018Dodikova podr\u0161ka Izraelu je nemoralni poku\u0161aj da se opravda srpski genocid!\u2019\",\"isPartOf\":{\"@id\":\"https:\/\/sandzakpress.net\/arhiva\/#website\"},\"primaryImageOfPage\":{\"@id\":\"https:\/\/sandzakpress.net\/arhiva\/ceric-dodikova-podrska-izraelu-je-nemoralni-pokusaj-da-se-opravda-srpski-genocid\/#primaryimage\"},\"image\":{\"@id\":\"https:\/\/sandzakpress.net\/arhiva\/ceric-dodikova-podrska-izraelu-je-nemoralni-pokusaj-da-se-opravda-srpski-genocid\/#primaryimage\"},\"thumbnailUrl\":\"https:\/\/sandzakpress.net\/arhiva\/wp-content\/uploads\/2014\/07\/Mustafa_Ceric-i-dodik-Patria1.jpg\",\"datePublished\":\"2014-07-13T10:43:39+00:00\",\"breadcrumb\":{\"@id\":\"https:\/\/sandzakpress.net\/arhiva\/ceric-dodikova-podrska-izraelu-je-nemoralni-pokusaj-da-se-opravda-srpski-genocid\/#breadcrumb\"},\"inLanguage\":\"bs-BA\",\"potentialAction\":[{\"@type\":\"ReadAction\",\"target\":[\"https:\/\/sandzakpress.net\/arhiva\/ceric-dodikova-podrska-izraelu-je-nemoralni-pokusaj-da-se-opravda-srpski-genocid\/\"]}]},{\"@type\":\"ImageObject\",\"inLanguage\":\"bs-BA\",\"@id\":\"https:\/\/sandzakpress.net\/arhiva\/ceric-dodikova-podrska-izraelu-je-nemoralni-pokusaj-da-se-opravda-srpski-genocid\/#primaryimage\",\"url\":\"https:\/\/sandzakpress.net\/arhiva\/wp-content\/uploads\/2014\/07\/Mustafa_Ceric-i-dodik-Patria1.jpg\",\"contentUrl\":\"https:\/\/sandzakpress.net\/arhiva\/wp-content\/uploads\/2014\/07\/Mustafa_Ceric-i-dodik-Patria1.jpg\",\"width\":625,\"height\":404},{\"@type\":\"BreadcrumbList\",\"@id\":\"https:\/\/sandzakpress.net\/arhiva\/ceric-dodikova-podrska-izraelu-je-nemoralni-pokusaj-da-se-opravda-srpski-genocid\/#breadcrumb\",\"itemListElement\":[{\"@type\":\"ListItem\",\"position\":1,\"name\":\"Home\",\"item\":\"https:\/\/sandzakpress.net\/arhiva\/\"},{\"@type\":\"ListItem\",\"position\":2,\"name\":\"Ceri\u0107: \u2018Dodikova podr\u0161ka Izraelu je nemoralni poku\u0161aj da se opravda srpski genocid!\u2019\"}]},{\"@type\":\"WebSite\",\"@id\":\"https:\/\/sandzakpress.net\/arhiva\/#website\",\"url\":\"https:\/\/sandzakpress.net\/arhiva\/\",\"name\":\"Sand\u017eak PRESS\",\"description\":\"Prve elektronske novine u Sand\u017eaku\",\"publisher\":{\"@id\":\"https:\/\/sandzakpress.net\/arhiva\/#\/schema\/person\/6e72b67d6e51910a1117b3b483ba20bd\"},\"potentialAction\":[{\"@type\":\"SearchAction\",\"target\":{\"@type\":\"EntryPoint\",\"urlTemplate\":\"https:\/\/sandzakpress.net\/arhiva\/?s={search_term_string}\"},\"query-input\":{\"@type\":\"PropertyValueSpecification\",\"valueRequired\":true,\"valueName\":\"search_term_string\"}}],\"inLanguage\":\"bs-BA\"},{\"@type\":[\"Person\",\"Organization\"],\"@id\":\"https:\/\/sandzakpress.net\/arhiva\/#\/schema\/person\/6e72b67d6e51910a1117b3b483ba20bd\",\"name\":\"Kul\",\"image\":{\"@type\":\"ImageObject\",\"inLanguage\":\"bs-BA\",\"@id\":\"https:\/\/sandzakpress.net\/arhiva\/#\/schema\/person\/image\/\",\"url\":\"https:\/\/secure.gravatar.com\/avatar\/42263f39aa27ac04c43cab85c280eb2e?s=96&d=mm&r=pg\",\"contentUrl\":\"https:\/\/secure.gravatar.com\/avatar\/42263f39aa27ac04c43cab85c280eb2e?s=96&d=mm&r=pg\",\"caption\":\"Kul\"},\"logo\":{\"@id\":\"https:\/\/sandzakpress.net\/arhiva\/#\/schema\/person\/image\/\"}},{\"@type\":\"Person\",\"@id\":\"https:\/\/sandzakpress.net\/arhiva\/#\/schema\/person\/c8baee722073534b583ea7bdb2e36c02\",\"name\":\"bosniak\",\"image\":{\"@type\":\"ImageObject\",\"inLanguage\":\"bs-BA\",\"@id\":\"https:\/\/sandzakpress.net\/arhiva\/#\/schema\/person\/image\/\",\"url\":\"https:\/\/secure.gravatar.com\/avatar\/a04fd330bfe3a36a72a0ad4a6d89fca7?s=96&d=mm&r=pg\",\"contentUrl\":\"https:\/\/secure.gravatar.com\/avatar\/a04fd330bfe3a36a72a0ad4a6d89fca7?s=96&d=mm&r=pg\",\"caption\":\"bosniak\"},\"url\":\"https:\/\/sandzakpress.net\/arhiva\/author\/bosniak\/\"}]}<\/script>\n<!-- \/ Yoast SEO Premium plugin. -->","yoast_head_json":{"title":"Ceri\u0107: \u2018Dodikova podr\u0161ka Izraelu je nemoralni poku\u0161aj da se opravda srpski genocid!\u2019","robots":{"index":"index","follow":"follow","max-snippet":"max-snippet:-1","max-image-preview":"max-image-preview:large","max-video-preview":"max-video-preview:-1"},"canonical":"https:\/\/sandzakpress.net\/arhiva\/ceric-dodikova-podrska-izraelu-je-nemoralni-pokusaj-da-se-opravda-srpski-genocid\/","og_locale":"bs_BA","og_type":"article","og_title":"Ceri\u0107: \u2018Dodikova podr\u0161ka Izraelu je nemoralni poku\u0161aj da se opravda srpski genocid!\u2019","og_description":"Sarajevo \u0336 Dodikova podr\u0161ka Izraelu je sramota za \u010dovje\u010danstvo, jer je licmjerna i provokativna sa ciljem da opravda srpski zlo\u010din genocida u Srebrenici, izjavio je za bh. novinsku agenciju Patria (NAP) dr. Mustafa Ceri\u0107, nezavisni kandidat za \u010dlana Predsjedni\u0161tva BiH. Nakon \u0161to je \u010delnik manjeg entiteta uputio pismo podr\u0161ke izraelskom rukovodstvu izazva\u0161vi burne reakcije zatra\u017eili [&hellip;]","og_url":"https:\/\/sandzakpress.net\/arhiva\/ceric-dodikova-podrska-izraelu-je-nemoralni-pokusaj-da-se-opravda-srpski-genocid\/","og_site_name":"Sand\u017eak PRESS","article_published_time":"2014-07-13T10:43:39+00:00","og_image":[{"width":625,"height":404,"url":"https:\/\/sandzakpress.net\/arhiva\/wp-content\/uploads\/2014\/07\/Mustafa_Ceric-i-dodik-Patria1.jpg","type":"image\/jpeg"}],"author":"bosniak","twitter_card":"summary_large_image","twitter_misc":{"Written by":"bosniak","Est. reading time":"1 minuta"},"schema":{"@context":"https:\/\/schema.org","@graph":[{"@type":"Article","@id":"https:\/\/sandzakpress.net\/arhiva\/ceric-dodikova-podrska-izraelu-je-nemoralni-pokusaj-da-se-opravda-srpski-genocid\/#article","isPartOf":{"@id":"https:\/\/sandzakpress.net\/arhiva\/ceric-dodikova-podrska-izraelu-je-nemoralni-pokusaj-da-se-opravda-srpski-genocid\/"},"author":{"name":"bosniak","@id":"https:\/\/sandzakpress.net\/arhiva\/#\/schema\/person\/c8baee722073534b583ea7bdb2e36c02"},"headline":"Ceri\u0107: \u2018Dodikova podr\u0161ka Izraelu je nemoralni poku\u0161aj da se opravda srpski genocid!\u2019","datePublished":"2014-07-13T10:43:39+00:00","mainEntityOfPage":{"@id":"https:\/\/sandzakpress.net\/arhiva\/ceric-dodikova-podrska-izraelu-je-nemoralni-pokusaj-da-se-opravda-srpski-genocid\/"},"wordCount":223,"commentCount":14,"publisher":{"@id":"https:\/\/sandzakpress.net\/arhiva\/#\/schema\/person\/6e72b67d6e51910a1117b3b483ba20bd"},"image":{"@id":"https:\/\/sandzakpress.net\/arhiva\/ceric-dodikova-podrska-izraelu-je-nemoralni-pokusaj-da-se-opravda-srpski-genocid\/#primaryimage"},"thumbnailUrl":"https:\/\/sandzakpress.net\/arhiva\/wp-content\/uploads\/2014\/07\/Mustafa_Ceric-i-dodik-Patria1.jpg","articleSection":["Bosna i Hercegovina","Politika","VIJESTI DANA"],"inLanguage":"bs-BA","potentialAction":[{"@type":"CommentAction","name":"Comment","target":["https:\/\/sandzakpress.net\/arhiva\/ceric-dodikova-podrska-izraelu-je-nemoralni-pokusaj-da-se-opravda-srpski-genocid\/#respond"]}]},{"@type":"WebPage","@id":"https:\/\/sandzakpress.net\/arhiva\/ceric-dodikova-podrska-izraelu-je-nemoralni-pokusaj-da-se-opravda-srpski-genocid\/","url":"https:\/\/sandzakpress.net\/arhiva\/ceric-dodikova-podrska-izraelu-je-nemoralni-pokusaj-da-se-opravda-srpski-genocid\/","name":"Ceri\u0107: \u2018Dodikova podr\u0161ka Izraelu je nemoralni poku\u0161aj da se opravda srpski genocid!\u2019","isPartOf":{"@id":"https:\/\/sandzakpress.net\/arhiva\/#website"},"primaryImageOfPage":{"@id":"https:\/\/sandzakpress.net\/arhiva\/ceric-dodikova-podrska-izraelu-je-nemoralni-pokusaj-da-se-opravda-srpski-genocid\/#primaryimage"},"image":{"@id":"https:\/\/sandzakpress.net\/arhiva\/ceric-dodikova-podrska-izraelu-je-nemoralni-pokusaj-da-se-opravda-srpski-genocid\/#primaryimage"},"thumbnailUrl":"https:\/\/sandzakpress.net\/arhiva\/wp-content\/uploads\/2014\/07\/Mustafa_Ceric-i-dodik-Patria1.jpg","datePublished":"2014-07-13T10:43:39+00:00","breadcrumb":{"@id":"https:\/\/sandzakpress.net\/arhiva\/ceric-dodikova-podrska-izraelu-je-nemoralni-pokusaj-da-se-opravda-srpski-genocid\/#breadcrumb"},"inLanguage":"bs-BA","potentialAction":[{"@type":"ReadAction","target":["https:\/\/sandzakpress.net\/arhiva\/ceric-dodikova-podrska-izraelu-je-nemoralni-pokusaj-da-se-opravda-srpski-genocid\/"]}]},{"@type":"ImageObject","inLanguage":"bs-BA","@id":"https:\/\/sandzakpress.net\/arhiva\/ceric-dodikova-podrska-izraelu-je-nemoralni-pokusaj-da-se-opravda-srpski-genocid\/#primaryimage","url":"https:\/\/sandzakpress.net\/arhiva\/wp-content\/uploads\/2014\/07\/Mustafa_Ceric-i-dodik-Patria1.jpg","contentUrl":"https:\/\/sandzakpress.net\/arhiva\/wp-content\/uploads\/2014\/07\/Mustafa_Ceric-i-dodik-Patria1.jpg","width":625,"height":404},{"@type":"BreadcrumbList","@id":"https:\/\/sandzakpress.net\/arhiva\/ceric-dodikova-podrska-izraelu-je-nemoralni-pokusaj-da-se-opravda-srpski-genocid\/#breadcrumb","itemListElement":[{"@type":"ListItem","position":1,"name":"Home","item":"https:\/\/sandzakpress.net\/arhiva\/"},{"@type":"ListItem","position":2,"name":"Ceri\u0107: \u2018Dodikova podr\u0161ka Izraelu je nemoralni poku\u0161aj da se opravda srpski genocid!\u2019"}]},{"@type":"WebSite","@id":"https:\/\/sandzakpress.net\/arhiva\/#website","url":"https:\/\/sandzakpress.net\/arhiva\/","name":"Sand\u017eak PRESS","description":"Prve elektronske novine u Sand\u017eaku","publisher":{"@id":"https:\/\/sandzakpress.net\/arhiva\/#\/schema\/person\/6e72b67d6e51910a1117b3b483ba20bd"},"potentialAction":[{"@type":"SearchAction","target":{"@type":"EntryPoint","urlTemplate":"https:\/\/sandzakpress.net\/arhiva\/?s={search_term_string}"},"query-input":{"@type":"PropertyValueSpecification","valueRequired":true,"valueName":"search_term_string"}}],"inLanguage":"bs-BA"},{"@type":["Person","Organization"],"@id":"https:\/\/sandzakpress.net\/arhiva\/#\/schema\/person\/6e72b67d6e51910a1117b3b483ba20bd","name":"Kul","image":{"@type":"ImageObject","inLanguage":"bs-BA","@id":"https:\/\/sandzakpress.net\/arhiva\/#\/schema\/person\/image\/","url":"https:\/\/secure.gravatar.com\/avatar\/42263f39aa27ac04c43cab85c280eb2e?s=96&d=mm&r=pg","contentUrl":"https:\/\/secure.gravatar.com\/avatar\/42263f39aa27ac04c43cab85c280eb2e?s=96&d=mm&r=pg","caption":"Kul"},"logo":{"@id":"https:\/\/sandzakpress.net\/arhiva\/#\/schema\/person\/image\/"}},{"@type":"Person","@id":"https:\/\/sandzakpress.net\/arhiva\/#\/schema\/person\/c8baee722073534b583ea7bdb2e36c02","name":"bosniak","image":{"@type":"ImageObject","inLanguage":"bs-BA","@id":"https:\/\/sandzakpress.net\/arhiva\/#\/schema\/person\/image\/","url":"https:\/\/secure.gravatar.com\/avatar\/a04fd330bfe3a36a72a0ad4a6d89fca7?s=96&d=mm&r=pg","contentUrl":"https:\/\/secure.gravatar.com\/avatar\/a04fd330bfe3a36a72a0ad4a6d89fca7?s=96&d=mm&r=pg","caption":"bosniak"},"url":"https:\/\/sandzakpress.net\/arhiva\/author\/bosniak\/"}]}},"_links":{"self":[{"href":"https:\/\/sandzakpress.net\/arhiva\/wp-json\/wp\/v2\/posts\/108629"}],"collection":[{"href":"https:\/\/sandzakpress.net\/arhiva\/wp-json\/wp\/v2\/posts"}],"about":[{"href":"https:\/\/sandzakpress.net\/arhiva\/wp-json\/wp\/v2\/types\/post"}],"author":[{"embeddable":true,"href":"https:\/\/sandzakpress.net\/arhiva\/wp-json\/wp\/v2\/users\/83"}],"replies":[{"embeddable":true,"href":"https:\/\/sandzakpress.net\/arhiva\/wp-json\/wp\/v2\/comments?post=108629"}],"version-history":[{"count":0,"href":"https:\/\/sandzakpress.net\/arhiva\/wp-json\/wp\/v2\/posts\/108629\/revisions"}],"wp:featuredmedia":[{"embeddable":true,"href":"https:\/\/sandzakpress.net\/arhiva\/wp-json\/wp\/v2\/media\/108630"}],"wp:attachment":[{"href":"https:\/\/sandzakpress.net\/arhiva\/wp-json\/wp\/v2\/media?parent=108629"}],"wp:term":[{"taxonomy":"category","embeddable":true,"href":"https:\/\/sandzakpress.net\/arhiva\/wp-json\/wp\/v2\/categories?post=108629"},{"taxonomy":"post_tag","embeddable":true,"href":"https:\/\/sandzakpress.net\/arhiva\/wp-json\/wp\/v2\/tags?post=108629"}],"curies":[{"name":"wp","href":"https:\/\/api.w.org\/{rel}","templated":true}]}}