{"id":108624,"date":"2014-07-13T02:16:53","date_gmt":"2014-07-13T00:16:53","guid":{"rendered":"https:\/\/sandzakpress.net\/arhiva\/?p=108624"},"modified":"2014-07-13T04:14:27","modified_gmt":"2014-07-13T02:14:27","slug":"sulejman-ugljanin-i-rasim-ljajic-ni-ove-godine-nisu-boravili-u-srebrenici","status":"publish","type":"post","link":"https:\/\/sandzakpress.net\/arhiva\/sulejman-ugljanin-i-rasim-ljajic-ni-ove-godine-nisu-boravili-u-srebrenici\/","title":{"rendered":"\u017dALOSNO: Sulejman Ugljanin i Rasim Ljaji\u0107 ni ove godine nisu boravili u Srebrenici"},"content":{"rendered":"<p><img loading=\"lazy\" decoding=\"async\" class=\"aligncenter size-full wp-image-108625\" src=\"https:\/\/sandzakpress.net\/arhiva\/wp-content\/uploads\/2014\/07\/slika-2698.jpg\" alt=\"slika-2698\" width=\"900\" height=\"483\" srcset=\"https:\/\/sandzakpress.net\/arhiva\/wp-content\/uploads\/2014\/07\/slika-2698.jpg 900w, https:\/\/sandzakpress.net\/arhiva\/wp-content\/uploads\/2014\/07\/slika-2698-616x330.jpg 616w\" sizes=\"(max-width: 900px) 100vw, 900px\" \/><\/p>\n<p><span style=\"color: #000000;\"><strong style=\"color: #000000;\">Sand\u017eak &#8211; Sulejman Ugljanin i Rasim Ljaji\u0107, predsjednici partija koje su na vlasti u Sand\u017eaku\u00a0ni ove godine nisu oti\u0161li u Srebrenicu na obilje\u017eavanje godi\u0161njice genocida.<\/strong><\/span><\/p>\n<p><span style=\"color: #000000;\">Nije poznato\u00a0da je Sulejman Ugljanin ikada \u00a0bio na obilje\u017eavanju genocida u Srebrenici, dok je Rasim Ljaji\u0107 prisustvovao isklju\u010divo kao \u010dlan delegacije biv\u0161eg\u00a0predsjednika Srbije Borisa\u00a0Tadi\u0107a.<\/span><\/p>\n<p><span style=\"color: #000000;\">SDPS Rasima Ljaji\u0107a je ove godine organizirao autobus iz Novog Pazara za Srebrenicu, me\u0111utim, niko od delegacija SDA i SDPS nisu prisustvovali u Srebrenici.<\/span><\/p>\n<p><span style=\"color: #000000;\">\u0160to se ti\u010de ju\u017enog Sand\u017eaka, nije poznato da je Rafet Husovi\u0107, predsjednik Bo\u0161nja\u010dke stranke boravio ikada u Srebrenici, ali je ispred Bo\u0161nja\u010dke stranke boravila delegacijana na \u010delu sa narodnim poslanikom Kemalom Zoroni\u0107em.<\/span><\/p>\n<p style=\"color: #000000;\"><span style=\"color: #000000;\">\u0160to se ti\u010de opozicije\u00a0bio je prisutan predsjednik BDZ Sand\u017eaka, dr. Jahja Fehratovi\u0107 sa saradnicima, a ispred Islamske zajednice u Srbiji je prisustvovao njen \u010delnik, predsjednik Me\u0161ihata, dr. Mevlud Dudi\u0107 sa velikim brojem saradnika, dok je BKZ organizirala autobus za Srebrenicu<\/span><\/p>\n<p>&nbsp;<\/p>\n","protected":false},"excerpt":{"rendered":"<p>Nije poznato da je Sulejman Ugljanin ikada  bio na obilje\u017eavanju genocida u Srebrenici<\/p>\n","protected":false},"author":83,"featured_media":108625,"comment_status":"open","ping_status":"open","sticky":false,"template":"","format":"standard","meta":{"footnotes":""},"categories":[72,1,52,327,392,393,394,8957],"tags":[10210,10269],"class_list":{"0":"post-108624","1":"post","2":"type-post","3":"status-publish","4":"format-standard","5":"has-post-thumbnail","7":"category-novi-pazar","8":"category-politika","9":"category-sjenica","10":"category-tutin","11":"category-prijepolje_","12":"category-priboj","13":"category-nova-varos","14":"category-vijesti-dana","15":"tag-rasim-ljajic","16":"tag-sulejman-ugljanin"},"yoast_head":"<!-- This site is optimized with the Yoast SEO Premium plugin v23.1 (Yoast SEO v24.9) - https:\/\/yoast.com\/wordpress\/plugins\/seo\/ -->\n<title>\u017dALOSNO: Sulejman Ugljanin i Rasim Ljaji\u0107 ni ove godine nisu boravili u Srebrenici<\/title>\n<meta name=\"robots\" content=\"index, follow, max-snippet:-1, max-image-preview:large, max-video-preview:-1\" \/>\n<link rel=\"canonical\" href=\"https:\/\/sandzakpress.net\/arhiva\/sulejman-ugljanin-i-rasim-ljajic-ni-ove-godine-nisu-boravili-u-srebrenici\/\" \/>\n<meta property=\"og:locale\" content=\"bs_BA\" \/>\n<meta property=\"og:type\" content=\"article\" \/>\n<meta property=\"og:title\" content=\"\u017dALOSNO: Sulejman Ugljanin i Rasim Ljaji\u0107 ni ove godine nisu boravili u Srebrenici\" \/>\n<meta property=\"og:description\" content=\"Nije poznato da je Sulejman Ugljanin ikada bio na obilje\u017eavanju genocida u Srebrenici\" \/>\n<meta property=\"og:url\" content=\"https:\/\/sandzakpress.net\/arhiva\/sulejman-ugljanin-i-rasim-ljajic-ni-ove-godine-nisu-boravili-u-srebrenici\/\" \/>\n<meta property=\"og:site_name\" content=\"Sand\u017eak PRESS\" \/>\n<meta property=\"article:published_time\" content=\"2014-07-13T00:16:53+00:00\" \/>\n<meta property=\"article:modified_time\" content=\"2014-07-13T02:14:27+00:00\" \/>\n<meta property=\"og:image\" content=\"https:\/\/sandzakpress.net\/arhiva\/wp-content\/uploads\/2014\/07\/slika-2698.jpg\" \/>\n\t<meta property=\"og:image:width\" content=\"900\" \/>\n\t<meta property=\"og:image:height\" content=\"483\" \/>\n\t<meta property=\"og:image:type\" content=\"image\/jpeg\" \/>\n<meta name=\"author\" content=\"bosniak\" \/>\n<meta name=\"twitter:card\" content=\"summary_large_image\" \/>\n<meta name=\"twitter:label1\" content=\"Written by\" \/>\n\t<meta name=\"twitter:data1\" content=\"bosniak\" \/>\n\t<meta name=\"twitter:label2\" content=\"Est. reading time\" \/>\n\t<meta name=\"twitter:data2\" content=\"1 minuta\" \/>\n<script type=\"application\/ld+json\" class=\"yoast-schema-graph\">{\"@context\":\"https:\/\/schema.org\",\"@graph\":[{\"@type\":\"Article\",\"@id\":\"https:\/\/sandzakpress.net\/arhiva\/sulejman-ugljanin-i-rasim-ljajic-ni-ove-godine-nisu-boravili-u-srebrenici\/#article\",\"isPartOf\":{\"@id\":\"https:\/\/sandzakpress.net\/arhiva\/sulejman-ugljanin-i-rasim-ljajic-ni-ove-godine-nisu-boravili-u-srebrenici\/\"},\"author\":{\"name\":\"bosniak\",\"@id\":\"https:\/\/sandzakpress.net\/arhiva\/#\/schema\/person\/c8baee722073534b583ea7bdb2e36c02\"},\"headline\":\"\u017dALOSNO: Sulejman Ugljanin i Rasim Ljaji\u0107 ni ove godine nisu boravili u Srebrenici\",\"datePublished\":\"2014-07-13T00:16:53+00:00\",\"dateModified\":\"2014-07-13T02:14:27+00:00\",\"mainEntityOfPage\":{\"@id\":\"https:\/\/sandzakpress.net\/arhiva\/sulejman-ugljanin-i-rasim-ljajic-ni-ove-godine-nisu-boravili-u-srebrenici\/\"},\"wordCount\":186,\"commentCount\":77,\"publisher\":{\"@id\":\"https:\/\/sandzakpress.net\/arhiva\/#\/schema\/person\/6e72b67d6e51910a1117b3b483ba20bd\"},\"image\":{\"@id\":\"https:\/\/sandzakpress.net\/arhiva\/sulejman-ugljanin-i-rasim-ljajic-ni-ove-godine-nisu-boravili-u-srebrenici\/#primaryimage\"},\"thumbnailUrl\":\"https:\/\/sandzakpress.net\/arhiva\/wp-content\/uploads\/2014\/07\/slika-2698.jpg\",\"keywords\":[\"Rasim Ljaji\u0107\",\"Sulejman Ugljanin\"],\"articleSection\":[\"Novi Pazar\",\"Politika\",\"Sjenica\",\"Tutin\",\"Prijepolje\",\"Priboj\",\"Nova Varo\u0161\",\"VIJESTI DANA\"],\"inLanguage\":\"bs-BA\",\"potentialAction\":[{\"@type\":\"CommentAction\",\"name\":\"Comment\",\"target\":[\"https:\/\/sandzakpress.net\/arhiva\/sulejman-ugljanin-i-rasim-ljajic-ni-ove-godine-nisu-boravili-u-srebrenici\/#respond\"]}]},{\"@type\":\"WebPage\",\"@id\":\"https:\/\/sandzakpress.net\/arhiva\/sulejman-ugljanin-i-rasim-ljajic-ni-ove-godine-nisu-boravili-u-srebrenici\/\",\"url\":\"https:\/\/sandzakpress.net\/arhiva\/sulejman-ugljanin-i-rasim-ljajic-ni-ove-godine-nisu-boravili-u-srebrenici\/\",\"name\":\"\u017dALOSNO: Sulejman Ugljanin i Rasim Ljaji\u0107 ni ove godine nisu boravili u Srebrenici\",\"isPartOf\":{\"@id\":\"https:\/\/sandzakpress.net\/arhiva\/#website\"},\"primaryImageOfPage\":{\"@id\":\"https:\/\/sandzakpress.net\/arhiva\/sulejman-ugljanin-i-rasim-ljajic-ni-ove-godine-nisu-boravili-u-srebrenici\/#primaryimage\"},\"image\":{\"@id\":\"https:\/\/sandzakpress.net\/arhiva\/sulejman-ugljanin-i-rasim-ljajic-ni-ove-godine-nisu-boravili-u-srebrenici\/#primaryimage\"},\"thumbnailUrl\":\"https:\/\/sandzakpress.net\/arhiva\/wp-content\/uploads\/2014\/07\/slika-2698.jpg\",\"datePublished\":\"2014-07-13T00:16:53+00:00\",\"dateModified\":\"2014-07-13T02:14:27+00:00\",\"breadcrumb\":{\"@id\":\"https:\/\/sandzakpress.net\/arhiva\/sulejman-ugljanin-i-rasim-ljajic-ni-ove-godine-nisu-boravili-u-srebrenici\/#breadcrumb\"},\"inLanguage\":\"bs-BA\",\"potentialAction\":[{\"@type\":\"ReadAction\",\"target\":[\"https:\/\/sandzakpress.net\/arhiva\/sulejman-ugljanin-i-rasim-ljajic-ni-ove-godine-nisu-boravili-u-srebrenici\/\"]}]},{\"@type\":\"ImageObject\",\"inLanguage\":\"bs-BA\",\"@id\":\"https:\/\/sandzakpress.net\/arhiva\/sulejman-ugljanin-i-rasim-ljajic-ni-ove-godine-nisu-boravili-u-srebrenici\/#primaryimage\",\"url\":\"https:\/\/sandzakpress.net\/arhiva\/wp-content\/uploads\/2014\/07\/slika-2698.jpg\",\"contentUrl\":\"https:\/\/sandzakpress.net\/arhiva\/wp-content\/uploads\/2014\/07\/slika-2698.jpg\",\"width\":900,\"height\":483},{\"@type\":\"BreadcrumbList\",\"@id\":\"https:\/\/sandzakpress.net\/arhiva\/sulejman-ugljanin-i-rasim-ljajic-ni-ove-godine-nisu-boravili-u-srebrenici\/#breadcrumb\",\"itemListElement\":[{\"@type\":\"ListItem\",\"position\":1,\"name\":\"Home\",\"item\":\"https:\/\/sandzakpress.net\/arhiva\/\"},{\"@type\":\"ListItem\",\"position\":2,\"name\":\"\u017dALOSNO: Sulejman Ugljanin i Rasim Ljaji\u0107 ni ove godine nisu boravili u Srebrenici\"}]},{\"@type\":\"WebSite\",\"@id\":\"https:\/\/sandzakpress.net\/arhiva\/#website\",\"url\":\"https:\/\/sandzakpress.net\/arhiva\/\",\"name\":\"Sand\u017eak PRESS\",\"description\":\"Prve elektronske novine u Sand\u017eaku\",\"publisher\":{\"@id\":\"https:\/\/sandzakpress.net\/arhiva\/#\/schema\/person\/6e72b67d6e51910a1117b3b483ba20bd\"},\"potentialAction\":[{\"@type\":\"SearchAction\",\"target\":{\"@type\":\"EntryPoint\",\"urlTemplate\":\"https:\/\/sandzakpress.net\/arhiva\/?s={search_term_string}\"},\"query-input\":{\"@type\":\"PropertyValueSpecification\",\"valueRequired\":true,\"valueName\":\"search_term_string\"}}],\"inLanguage\":\"bs-BA\"},{\"@type\":[\"Person\",\"Organization\"],\"@id\":\"https:\/\/sandzakpress.net\/arhiva\/#\/schema\/person\/6e72b67d6e51910a1117b3b483ba20bd\",\"name\":\"Kul\",\"image\":{\"@type\":\"ImageObject\",\"inLanguage\":\"bs-BA\",\"@id\":\"https:\/\/sandzakpress.net\/arhiva\/#\/schema\/person\/image\/\",\"url\":\"https:\/\/secure.gravatar.com\/avatar\/42263f39aa27ac04c43cab85c280eb2e?s=96&d=mm&r=pg\",\"contentUrl\":\"https:\/\/secure.gravatar.com\/avatar\/42263f39aa27ac04c43cab85c280eb2e?s=96&d=mm&r=pg\",\"caption\":\"Kul\"},\"logo\":{\"@id\":\"https:\/\/sandzakpress.net\/arhiva\/#\/schema\/person\/image\/\"}},{\"@type\":\"Person\",\"@id\":\"https:\/\/sandzakpress.net\/arhiva\/#\/schema\/person\/c8baee722073534b583ea7bdb2e36c02\",\"name\":\"bosniak\",\"image\":{\"@type\":\"ImageObject\",\"inLanguage\":\"bs-BA\",\"@id\":\"https:\/\/sandzakpress.net\/arhiva\/#\/schema\/person\/image\/\",\"url\":\"https:\/\/secure.gravatar.com\/avatar\/a04fd330bfe3a36a72a0ad4a6d89fca7?s=96&d=mm&r=pg\",\"contentUrl\":\"https:\/\/secure.gravatar.com\/avatar\/a04fd330bfe3a36a72a0ad4a6d89fca7?s=96&d=mm&r=pg\",\"caption\":\"bosniak\"},\"url\":\"https:\/\/sandzakpress.net\/arhiva\/author\/bosniak\/\"}]}<\/script>\n<!-- \/ Yoast SEO Premium plugin. -->","yoast_head_json":{"title":"\u017dALOSNO: Sulejman Ugljanin i Rasim Ljaji\u0107 ni ove godine nisu boravili u Srebrenici","robots":{"index":"index","follow":"follow","max-snippet":"max-snippet:-1","max-image-preview":"max-image-preview:large","max-video-preview":"max-video-preview:-1"},"canonical":"https:\/\/sandzakpress.net\/arhiva\/sulejman-ugljanin-i-rasim-ljajic-ni-ove-godine-nisu-boravili-u-srebrenici\/","og_locale":"bs_BA","og_type":"article","og_title":"\u017dALOSNO: Sulejman Ugljanin i Rasim Ljaji\u0107 ni ove godine nisu boravili u Srebrenici","og_description":"Nije poznato da je Sulejman Ugljanin ikada bio na obilje\u017eavanju genocida u Srebrenici","og_url":"https:\/\/sandzakpress.net\/arhiva\/sulejman-ugljanin-i-rasim-ljajic-ni-ove-godine-nisu-boravili-u-srebrenici\/","og_site_name":"Sand\u017eak PRESS","article_published_time":"2014-07-13T00:16:53+00:00","article_modified_time":"2014-07-13T02:14:27+00:00","og_image":[{"width":900,"height":483,"url":"https:\/\/sandzakpress.net\/arhiva\/wp-content\/uploads\/2014\/07\/slika-2698.jpg","type":"image\/jpeg"}],"author":"bosniak","twitter_card":"summary_large_image","twitter_misc":{"Written by":"bosniak","Est. reading time":"1 minuta"},"schema":{"@context":"https:\/\/schema.org","@graph":[{"@type":"Article","@id":"https:\/\/sandzakpress.net\/arhiva\/sulejman-ugljanin-i-rasim-ljajic-ni-ove-godine-nisu-boravili-u-srebrenici\/#article","isPartOf":{"@id":"https:\/\/sandzakpress.net\/arhiva\/sulejman-ugljanin-i-rasim-ljajic-ni-ove-godine-nisu-boravili-u-srebrenici\/"},"author":{"name":"bosniak","@id":"https:\/\/sandzakpress.net\/arhiva\/#\/schema\/person\/c8baee722073534b583ea7bdb2e36c02"},"headline":"\u017dALOSNO: Sulejman Ugljanin i Rasim Ljaji\u0107 ni ove godine nisu boravili u Srebrenici","datePublished":"2014-07-13T00:16:53+00:00","dateModified":"2014-07-13T02:14:27+00:00","mainEntityOfPage":{"@id":"https:\/\/sandzakpress.net\/arhiva\/sulejman-ugljanin-i-rasim-ljajic-ni-ove-godine-nisu-boravili-u-srebrenici\/"},"wordCount":186,"commentCount":77,"publisher":{"@id":"https:\/\/sandzakpress.net\/arhiva\/#\/schema\/person\/6e72b67d6e51910a1117b3b483ba20bd"},"image":{"@id":"https:\/\/sandzakpress.net\/arhiva\/sulejman-ugljanin-i-rasim-ljajic-ni-ove-godine-nisu-boravili-u-srebrenici\/#primaryimage"},"thumbnailUrl":"https:\/\/sandzakpress.net\/arhiva\/wp-content\/uploads\/2014\/07\/slika-2698.jpg","keywords":["Rasim Ljaji\u0107","Sulejman Ugljanin"],"articleSection":["Novi Pazar","Politika","Sjenica","Tutin","Prijepolje","Priboj","Nova Varo\u0161","VIJESTI DANA"],"inLanguage":"bs-BA","potentialAction":[{"@type":"CommentAction","name":"Comment","target":["https:\/\/sandzakpress.net\/arhiva\/sulejman-ugljanin-i-rasim-ljajic-ni-ove-godine-nisu-boravili-u-srebrenici\/#respond"]}]},{"@type":"WebPage","@id":"https:\/\/sandzakpress.net\/arhiva\/sulejman-ugljanin-i-rasim-ljajic-ni-ove-godine-nisu-boravili-u-srebrenici\/","url":"https:\/\/sandzakpress.net\/arhiva\/sulejman-ugljanin-i-rasim-ljajic-ni-ove-godine-nisu-boravili-u-srebrenici\/","name":"\u017dALOSNO: Sulejman Ugljanin i Rasim Ljaji\u0107 ni ove godine nisu boravili u Srebrenici","isPartOf":{"@id":"https:\/\/sandzakpress.net\/arhiva\/#website"},"primaryImageOfPage":{"@id":"https:\/\/sandzakpress.net\/arhiva\/sulejman-ugljanin-i-rasim-ljajic-ni-ove-godine-nisu-boravili-u-srebrenici\/#primaryimage"},"image":{"@id":"https:\/\/sandzakpress.net\/arhiva\/sulejman-ugljanin-i-rasim-ljajic-ni-ove-godine-nisu-boravili-u-srebrenici\/#primaryimage"},"thumbnailUrl":"https:\/\/sandzakpress.net\/arhiva\/wp-content\/uploads\/2014\/07\/slika-2698.jpg","datePublished":"2014-07-13T00:16:53+00:00","dateModified":"2014-07-13T02:14:27+00:00","breadcrumb":{"@id":"https:\/\/sandzakpress.net\/arhiva\/sulejman-ugljanin-i-rasim-ljajic-ni-ove-godine-nisu-boravili-u-srebrenici\/#breadcrumb"},"inLanguage":"bs-BA","potentialAction":[{"@type":"ReadAction","target":["https:\/\/sandzakpress.net\/arhiva\/sulejman-ugljanin-i-rasim-ljajic-ni-ove-godine-nisu-boravili-u-srebrenici\/"]}]},{"@type":"ImageObject","inLanguage":"bs-BA","@id":"https:\/\/sandzakpress.net\/arhiva\/sulejman-ugljanin-i-rasim-ljajic-ni-ove-godine-nisu-boravili-u-srebrenici\/#primaryimage","url":"https:\/\/sandzakpress.net\/arhiva\/wp-content\/uploads\/2014\/07\/slika-2698.jpg","contentUrl":"https:\/\/sandzakpress.net\/arhiva\/wp-content\/uploads\/2014\/07\/slika-2698.jpg","width":900,"height":483},{"@type":"BreadcrumbList","@id":"https:\/\/sandzakpress.net\/arhiva\/sulejman-ugljanin-i-rasim-ljajic-ni-ove-godine-nisu-boravili-u-srebrenici\/#breadcrumb","itemListElement":[{"@type":"ListItem","position":1,"name":"Home","item":"https:\/\/sandzakpress.net\/arhiva\/"},{"@type":"ListItem","position":2,"name":"\u017dALOSNO: Sulejman Ugljanin i Rasim Ljaji\u0107 ni ove godine nisu boravili u Srebrenici"}]},{"@type":"WebSite","@id":"https:\/\/sandzakpress.net\/arhiva\/#website","url":"https:\/\/sandzakpress.net\/arhiva\/","name":"Sand\u017eak PRESS","description":"Prve elektronske novine u Sand\u017eaku","publisher":{"@id":"https:\/\/sandzakpress.net\/arhiva\/#\/schema\/person\/6e72b67d6e51910a1117b3b483ba20bd"},"potentialAction":[{"@type":"SearchAction","target":{"@type":"EntryPoint","urlTemplate":"https:\/\/sandzakpress.net\/arhiva\/?s={search_term_string}"},"query-input":{"@type":"PropertyValueSpecification","valueRequired":true,"valueName":"search_term_string"}}],"inLanguage":"bs-BA"},{"@type":["Person","Organization"],"@id":"https:\/\/sandzakpress.net\/arhiva\/#\/schema\/person\/6e72b67d6e51910a1117b3b483ba20bd","name":"Kul","image":{"@type":"ImageObject","inLanguage":"bs-BA","@id":"https:\/\/sandzakpress.net\/arhiva\/#\/schema\/person\/image\/","url":"https:\/\/secure.gravatar.com\/avatar\/42263f39aa27ac04c43cab85c280eb2e?s=96&d=mm&r=pg","contentUrl":"https:\/\/secure.gravatar.com\/avatar\/42263f39aa27ac04c43cab85c280eb2e?s=96&d=mm&r=pg","caption":"Kul"},"logo":{"@id":"https:\/\/sandzakpress.net\/arhiva\/#\/schema\/person\/image\/"}},{"@type":"Person","@id":"https:\/\/sandzakpress.net\/arhiva\/#\/schema\/person\/c8baee722073534b583ea7bdb2e36c02","name":"bosniak","image":{"@type":"ImageObject","inLanguage":"bs-BA","@id":"https:\/\/sandzakpress.net\/arhiva\/#\/schema\/person\/image\/","url":"https:\/\/secure.gravatar.com\/avatar\/a04fd330bfe3a36a72a0ad4a6d89fca7?s=96&d=mm&r=pg","contentUrl":"https:\/\/secure.gravatar.com\/avatar\/a04fd330bfe3a36a72a0ad4a6d89fca7?s=96&d=mm&r=pg","caption":"bosniak"},"url":"https:\/\/sandzakpress.net\/arhiva\/author\/bosniak\/"}]}},"_links":{"self":[{"href":"https:\/\/sandzakpress.net\/arhiva\/wp-json\/wp\/v2\/posts\/108624"}],"collection":[{"href":"https:\/\/sandzakpress.net\/arhiva\/wp-json\/wp\/v2\/posts"}],"about":[{"href":"https:\/\/sandzakpress.net\/arhiva\/wp-json\/wp\/v2\/types\/post"}],"author":[{"embeddable":true,"href":"https:\/\/sandzakpress.net\/arhiva\/wp-json\/wp\/v2\/users\/83"}],"replies":[{"embeddable":true,"href":"https:\/\/sandzakpress.net\/arhiva\/wp-json\/wp\/v2\/comments?post=108624"}],"version-history":[{"count":0,"href":"https:\/\/sandzakpress.net\/arhiva\/wp-json\/wp\/v2\/posts\/108624\/revisions"}],"wp:featuredmedia":[{"embeddable":true,"href":"https:\/\/sandzakpress.net\/arhiva\/wp-json\/wp\/v2\/media\/108625"}],"wp:attachment":[{"href":"https:\/\/sandzakpress.net\/arhiva\/wp-json\/wp\/v2\/media?parent=108624"}],"wp:term":[{"taxonomy":"category","embeddable":true,"href":"https:\/\/sandzakpress.net\/arhiva\/wp-json\/wp\/v2\/categories?post=108624"},{"taxonomy":"post_tag","embeddable":true,"href":"https:\/\/sandzakpress.net\/arhiva\/wp-json\/wp\/v2\/tags?post=108624"}],"curies":[{"name":"wp","href":"https:\/\/api.w.org\/{rel}","templated":true}]}}