{"id":10858,"date":"2010-12-25T18:06:02","date_gmt":"2010-12-25T17:06:02","guid":{"rendered":"https:\/\/sandzakpress.net\/arhiva\/?p=10858"},"modified":"2010-12-27T11:43:15","modified_gmt":"2010-12-27T10:43:15","slug":"osnovana-11-politicka-a-prva-bosnjacka-partija","status":"publish","type":"post","link":"https:\/\/sandzakpress.net\/arhiva\/osnovana-11-politicka-a-prva-bosnjacka-partija\/","title":{"rendered":"Osnovana prva bo\u0161nja\u010dka partija u Sand\u017eaku &#8211; BDZ!"},"content":{"rendered":"<p><strong><a href=\"https:\/\/sandzakpress.net\/arhiva\/wp-content\/uploads\/2010\/12\/DSC_00821.jpg\"><img loading=\"lazy\" decoding=\"async\" class=\"alignleft size-medium wp-image-10911\" title=\"DSC_0082\" src=\"https:\/\/sandzakpress.net\/arhiva\/wp-content\/uploads\/2010\/12\/DSC_00821-300x217.jpg\" alt=\"\" width=\"300\" height=\"217\" \/><\/a>Sjeverni Sand\u017eak &#8211; Odr\u017eana je  promotivna skup\u0161itina Bo\u0161nja\u010dke demokratske zajednice-BDZ. Skup\u0161tini  koja je odr\u017eana u Koncertnoj dvorani Kulturnog centra prisustvovao je  veliki broj gra\u0111ana Sand\u017eaka, kao i veliki broj pripadnika vjerskog,  politi\u010dkog, kulturnog i javnog \u017eivota ove regije.<\/strong><\/p>\n<p>Kako su istakli mnogi govornici, Bo\u0161nja\u010dka demokratska zajednica je  prva, prava autenti\u010dno bo\u0161nja\u010dka i demokratska partija u Sand\u017eaku.<\/p>\n<p>Predsjednik Bo\u0161nja\u010dke demokratske zajednice Emir Elfi\u0107 zahvalio se  svima koji su pomogli da se Bo\u0161nja\u010dka demokratska zajednica formira,  zahvalio se svim zvanicama i gostima koji su do\u0161li na skup, a u svojem  govoru je istakao da je BDZ prva, prava, demokratska bo\u0161nja\u010dka stranka.  Gospodin Elfi\u0107 se dalje osvrnuo na programska na\u010dela stranke me\u0111u kojima  je naglasio o\u010duvanje nacionalnog identiteta:<\/p>\n<p>\u201e Kada govorimo o o\u010duvanju na\u0161eg identiteta nije bilo lako. Me\u0111utim,  mi kao narod i ako u odre\u0111enim periodima nismo znali ko smo i \u0161ta je u  stvari na\u0161 identitet, o\u010duvalo nas je to \u0161to smo uvijek znali \u0161ta to  nismo. I danas jasno dostojanstveno i odva\u017eno mo\u017eemo re\u0107i da smo ponosni  Bo\u0161njaci. Na re\u017eimskim medijima slu\u0161amo kako Bo\u0161njaci treba da se  integri\u0161u. Mi nismo ni od kud do\u0161li, da bi smo se sada integrisali. Mi  smo Evropski narod i mi smo ovdje od vajkada. Mi smo domicilni narod na  ovim prostorima, a taintegracija mo\u017ee samo da se tuma\u010di u smislu nu\u0111enja  asimilacije, koju mi ne \u017eelimo da prihvatimo.\u201c<\/p>\n<p><strong><a href=\"..\/wp-content\/uploads\/2010\/12\/DSC_01811.jpg\"><\/a><a href=\"https:\/\/sandzakpress.net\/arhiva\/wp-content\/uploads\/2010\/12\/DSC_01811.jpg\"><img loading=\"lazy\" decoding=\"async\" class=\"aligncenter size-full wp-image-10865\" title=\"DSC_0181\" src=\"https:\/\/sandzakpress.net\/arhiva\/wp-content\/uploads\/2010\/12\/DSC_01811.jpg\" alt=\"\" width=\"616\" height=\"409\" \/><\/a><br \/>\n<\/strong><\/p>\n<p>Gospodin Elfi\u0107 je dalje govorio da Bo\u0161njaci treba da budu otvoreni  prema svima, i da Bo\u0161nja\u010dka demokratska zajednica nije desni\u010daraka  stranka ve\u0107 je prava demokratska stranka, a dotakao se i me\u0111ukom\u0161ijskih i  me\u0111unacionalnih odnosa sa Srbima koji \u017eive u Sand\u017eaku:<\/p>\n<p>\u201eMi smo ovdje nau\u010dili da \u017eivimo zajedno. Mi \u017eivimo zajedno i ne  \u017eivimo jedni pored drugih. U koliko re\u017eim u Beogradu ne razume Bo\u0161njake.  U koliko nezna u kojem smjeru da djeluje za stabilizaciju ovog  prostora, neka do\u0111u ovdje u sand\u017eak i Novi Pazar, a mi i na\u0161i kom\u0161ije  Srbi odr\u017ea\u0107emo besplatan seminar da bi nau\u010dili kako se afirmi\u0161u i  razvijaju me\u0111uljudski i me\u0111unacionalni odnosi.\u201c<\/p>\n<p>Zatim je u svojem obra\u0107anju govorio o jedinstvu Bo\u0161njaka, i naglasio  da on ne vidi bo\u0161nja\u010dko jedinstvo u okrilju jedne partije, ve\u0107 u  takmi\u010denju u dobru, kako bi se postigla najve\u0107a korist za Bo\u0161njake:<\/p>\n<p>\u201eBo\u0161njaci su najjedinstveniji narod na svijetu. Ukoliko ne mo\u017eemo da  se dogovorimo oko svih pitanja, hajde da defini\u0161emo i da jasno ka\u017eemo  \u0161ta su to na\u0161i bo\u0161nja\u010dki prioriteti u Sand\u017eaku, i da se oko njih  dogovorimo, a ostale stvari \u0107emo ostaviti po strani i \u010dekati da do\u0111e  zreo momenat za njihovo rje\u0161avanje.\u201c<\/p>\n<p>U obra\u0107anju prisutnima neizostavna tema je bila i katastrofalna  ekonomska situacija koja je u Sand\u017eaku u prisutna godinama. Gospodin  Elfi\u0107 je istakao da \u0107e BDZ izraditi jasne i odr\u017eive ekonomske i akcione  planove planove za razvoj Sand\u017eaka, a pozvao je i sve Bo\u0161njake u  dijaspori kao nacionalni i ekonomski resurs Sand\u017eaka da se uklju\u010de u  popravljanje situacije, jer je svaki \u010dovjek potreban. Na kraju je  predsjednik Bo\u0161nja\u010dke demokratske zajednice rekao:<\/p>\n<p>\u201e Istina je da \u017eivimo u te\u0161kim i lo\u0161im vremenima. Ali da bi smo  razumjeli dje\u010dije pri\u010de o dobrim ljudima u lo\u0161im vremenima, svakako prvo  moramo ispri\u010dati pri\u010de za odrasle o lo\u0161im ljudima u dobrim vremenima.\u201c<\/p>\n<p>Skupu su se pored predsjednika BDZ-a, obratili predstavnici drugih  bo\u0161nja\u010dkih stranaka iz Sand\u017eaka, kao i predstavnici mnogih institucija i  udru\u017eenja koja rade i djeluju na Sand\u017eaku, i svi oni su u svojim  obra\u0107anjima po\u017eeljeli uspje\u0161an rad i ostvarivanje programskih ciljeva  Bo\u0161nja\u010dke demokratske zajednice.<\/p>\n<p><a href=\"..\/wp-content\/uploads\/2010\/12\/DSC_0094.jpg\"><img loading=\"lazy\" decoding=\"async\" class=\"aligncenter\" title=\"DSC_0094\" src=\"..\/wp-content\/uploads\/2010\/12\/DSC_0094.jpg\" alt=\"\" width=\"616\" height=\"358\" \/><\/a>Uzrok osnivanja jedanaeste po redu politi\u010dke partije u Sand\u017eaku,  svakako je manipulacija beogradskog re\u017eima rezultatima izbora za  Bo\u0161nja\u010dko nacionalno vije\u0107e o \u010demu je govorio predsjednik Bo\u0161nja\u010dkog  nacionalnog vije\u0107a prof.dr. Mevlud Dudi\u0107. Gospodin Dudi\u0107e je izme\u0111u  ostalog rekao:<\/p>\n<p>\u201eU medijima se manipuli\u0161e da Bo\u0161nja\u010dko nacionalno vije\u0107e nije  konstituisano i nije priznato od strane ministra \u010cipli\u0107a. Vije\u0107e je  konstituisano, postoji i radi, a mi sa pozicije Vije\u0107a ministru \u010cipli\u0107u  poru\u010dujemo da ni mi ne priznajemo njegove odluke i da, \u0161to se nas ti\u010de,  novih izbora za Vije\u0107e ne\u0107e biti.\u201c<\/p>\n<p>U\u010de\u0161\u0107e na promotivnoj skup\u0161tini Bo\u0161nja\u010dke demokratske zajednice uzeli  su i predstavnici Liberalno demokratske partije, narodni poslanici u  Skup\u0161tini Srbije Kenan Hajdarevi\u0107 i Ivan Andri\u0107. Poruka LDP-a Bo\u0161njacima  Sand\u017eaka, koju je za govornicom izrekao Ivan Andri\u0107, jeste da u  Beogradu ipak imaju prijatelje koji \u0107e podr\u017eati demokratsku borbu za  ostvarivanje politi\u010dkih ciljeva za dobrobit gra\u0111ana, Sand\u017eaka, Srbije i  cijelokupnog regiona.<\/p>\n<p>Na zatvaranju skup\u0161tine govorio je i glavni muftija Islamske  zajednice u Srbiji Muamer-ef. Zukorli\u0107 koji se na po\u010detku svojeg  izlaganja osvrnuo na komentare da li je trebalo ili ne da prisustvuje  Promotivnoj skup\u0161tini BDZ-a i naglasio je da bi se osje\u0107ao licjemerno da  nije do\u0161ao, a onda je izrekao fetvu svim Bo\u0161njacima:<\/p>\n<p><a href=\"..\/wp-content\/uploads\/2010\/12\/DSC_0066-1.jpg\"><img loading=\"lazy\" decoding=\"async\" class=\"aligncenter\" title=\"DSC_0066 (1)\" src=\"..\/wp-content\/uploads\/2010\/12\/DSC_0066-1.jpg\" alt=\"\" width=\"616\" height=\"368\" \/><\/a><\/p>\n<p>\u201ePoslije ovoga dana rasplamsa\u0107e se polemika ko mo\u017ee a ko ne mo\u017ee da  se bavi politikom. U normalnim vremenima kada narod ima svoja prava i  ambijent da \u017eivi dostojanstveno, politikom treba da se bave samo  politi\u010dari. Ali u vremenu ugro\u017eenosti, porobljenosti, potla\u010denosti,  svaki \u010dovjek koji sebe do\u017eivljava da je bar ne\u0161to vi\u0161e od biolo\u0161kog bi\u0107a  mora se baviti politikom. Kada vam Muftija iznese stav to se zove  fetva. Postoje kolektivne obaveze, u \u0161erujatskom pravu je to  fardikifaje, kada jedna skupina izvr\u0161i jednu dru\u0161tvenu obavezu sa  ostalih spada dug. Ali postoje i obaveze koje su individualne, u  \u0161erijatskom pravu poznate kao fardiajn, pojedina\u010dna obaveza. U ovom  trenutku politika je za Bo\u0161njake pojedina\u010dna individualna obaveza i svi  koji se okrenu od toga, nisu obavili svoju duhovnu, moralnu i  civilizacijsku obavezu. Postoje samo dva na\u010dina da ostvarite svoju  slobodu i prava. Ili oru\u017ejem ili politikom. Ja vam preporu\u010dujem ovo  drugo.\u201c<\/p>\n<p>Muftija je izrazio svoje uvjerenje da pojavom BDZ-a Sand\u017eak dobija  novi kvalitet u politici, kvalitet kojim \u0107e se dokazati da je mogu\u0107e  biti po\u0161ten a uz to i sposoban. U svojem govor Muftija je ponovo izrazio  svoje divljenje i zahvalnost Bo\u0161njacima i izrazio svoju radost i  osje\u0107anje ponosa \u0161to se formiranjem Bo\u0161nja\u010dke demokratske zajednice  zaokru\u017eio front protiv porobljavanja i tla\u010denja Bo\u0161njaka u Sand\u017eaku i  cijeloj Srbiji.<\/p>\n<p>Rije\u010d koja je dominirala u govorima ve\u0107ine govornika bila je  autonomija, i kako god to zvu\u010dalo re\u017eimu u Beogradu, demokratska volja  Bo\u0161njaka Sand\u017eaka usmjerena je u tom pravcu.<\/p>\n<p>Izvor: <strong>BDZ.rs<\/strong><\/p>\n","protected":false},"excerpt":{"rendered":"<p>Sjeverni Sand\u017eak &#8211; Odr\u017eana je promotivna skup\u0161itina Bo\u0161nja\u010dke demokratske zajednice-BDZ. Skup\u0161tini koja je odr\u017eana u Koncertnoj dvorani Kulturnog centra prisustvovao je veliki broj gra\u0111ana Sand\u017eaka, kao i veliki broj pripadnika vjerskog, politi\u010dkog, kulturnog i javnog \u017eivota ove regije. Kako su istakli mnogi govornici, Bo\u0161nja\u010dka demokratska zajednica je prva, prava autenti\u010dno bo\u0161nja\u010dka i demokratska partija u [&hellip;]<\/p>\n","protected":false},"author":83,"featured_media":10911,"comment_status":"open","ping_status":"open","sticky":false,"template":"","format":"standard","meta":{"footnotes":""},"categories":[800,72,52,327,392,393,394],"tags":[],"class_list":{"0":"post-10858","1":"post","2":"type-post","3":"status-publish","4":"format-standard","5":"has-post-thumbnail","7":"category-nacija","8":"category-novi-pazar","9":"category-sjenica","10":"category-tutin","11":"category-prijepolje_","12":"category-priboj","13":"category-nova-varos"},"yoast_head":"<!-- This site is optimized with the Yoast SEO Premium plugin v23.1 (Yoast SEO v24.9) - https:\/\/yoast.com\/wordpress\/plugins\/seo\/ -->\n<title>Osnovana prva bo\u0161nja\u010dka partija u Sand\u017eaku - BDZ!<\/title>\n<meta name=\"robots\" content=\"index, follow, max-snippet:-1, max-image-preview:large, max-video-preview:-1\" \/>\n<link rel=\"canonical\" href=\"https:\/\/sandzakpress.net\/arhiva\/osnovana-11-politicka-a-prva-bosnjacka-partija\/\" \/>\n<meta property=\"og:locale\" content=\"bs_BA\" \/>\n<meta property=\"og:type\" content=\"article\" \/>\n<meta property=\"og:title\" content=\"Osnovana prva bo\u0161nja\u010dka partija u Sand\u017eaku - BDZ!\" \/>\n<meta property=\"og:description\" content=\"Sjeverni Sand\u017eak &#8211; Odr\u017eana je promotivna skup\u0161itina Bo\u0161nja\u010dke demokratske zajednice-BDZ. Skup\u0161tini koja je odr\u017eana u Koncertnoj dvorani Kulturnog centra prisustvovao je veliki broj gra\u0111ana Sand\u017eaka, kao i veliki broj pripadnika vjerskog, politi\u010dkog, kulturnog i javnog \u017eivota ove regije. Kako su istakli mnogi govornici, Bo\u0161nja\u010dka demokratska zajednica je prva, prava autenti\u010dno bo\u0161nja\u010dka i demokratska partija u [&hellip;]\" \/>\n<meta property=\"og:url\" content=\"https:\/\/sandzakpress.net\/arhiva\/osnovana-11-politicka-a-prva-bosnjacka-partija\/\" \/>\n<meta property=\"og:site_name\" content=\"Sand\u017eak PRESS\" \/>\n<meta property=\"article:published_time\" content=\"2010-12-25T17:06:02+00:00\" \/>\n<meta property=\"article:modified_time\" content=\"2010-12-27T10:43:15+00:00\" \/>\n<meta property=\"og:image\" content=\"https:\/\/sandzakpress.net\/arhiva\/wp-content\/uploads\/2010\/12\/DSC_00821.jpg\" \/>\n\t<meta property=\"og:image:width\" content=\"486\" \/>\n\t<meta property=\"og:image:height\" content=\"352\" \/>\n\t<meta property=\"og:image:type\" content=\"image\/jpeg\" \/>\n<meta name=\"author\" content=\"bosniak\" \/>\n<meta name=\"twitter:card\" content=\"summary_large_image\" \/>\n<meta name=\"twitter:label1\" content=\"Written by\" \/>\n\t<meta name=\"twitter:data1\" content=\"bosniak\" \/>\n\t<meta name=\"twitter:label2\" content=\"Est. reading time\" \/>\n\t<meta name=\"twitter:data2\" content=\"6 minuta\" \/>\n<script type=\"application\/ld+json\" class=\"yoast-schema-graph\">{\"@context\":\"https:\/\/schema.org\",\"@graph\":[{\"@type\":\"Article\",\"@id\":\"https:\/\/sandzakpress.net\/arhiva\/osnovana-11-politicka-a-prva-bosnjacka-partija\/#article\",\"isPartOf\":{\"@id\":\"https:\/\/sandzakpress.net\/arhiva\/osnovana-11-politicka-a-prva-bosnjacka-partija\/\"},\"author\":{\"name\":\"bosniak\",\"@id\":\"https:\/\/sandzakpress.net\/arhiva\/#\/schema\/person\/c8baee722073534b583ea7bdb2e36c02\"},\"headline\":\"Osnovana prva bo\u0161nja\u010dka partija u Sand\u017eaku &#8211; BDZ!\",\"datePublished\":\"2010-12-25T17:06:02+00:00\",\"dateModified\":\"2010-12-27T10:43:15+00:00\",\"mainEntityOfPage\":{\"@id\":\"https:\/\/sandzakpress.net\/arhiva\/osnovana-11-politicka-a-prva-bosnjacka-partija\/\"},\"wordCount\":1200,\"commentCount\":13,\"publisher\":{\"@id\":\"https:\/\/sandzakpress.net\/arhiva\/#\/schema\/person\/6e72b67d6e51910a1117b3b483ba20bd\"},\"image\":{\"@id\":\"https:\/\/sandzakpress.net\/arhiva\/osnovana-11-politicka-a-prva-bosnjacka-partija\/#primaryimage\"},\"thumbnailUrl\":\"https:\/\/sandzakpress.net\/arhiva\/wp-content\/uploads\/2010\/12\/DSC_00821.jpg\",\"articleSection\":[\"Nacija\",\"Novi Pazar\",\"Sjenica\",\"Tutin\",\"Prijepolje\",\"Priboj\",\"Nova Varo\u0161\"],\"inLanguage\":\"bs-BA\",\"potentialAction\":[{\"@type\":\"CommentAction\",\"name\":\"Comment\",\"target\":[\"https:\/\/sandzakpress.net\/arhiva\/osnovana-11-politicka-a-prva-bosnjacka-partija\/#respond\"]}]},{\"@type\":\"WebPage\",\"@id\":\"https:\/\/sandzakpress.net\/arhiva\/osnovana-11-politicka-a-prva-bosnjacka-partija\/\",\"url\":\"https:\/\/sandzakpress.net\/arhiva\/osnovana-11-politicka-a-prva-bosnjacka-partija\/\",\"name\":\"Osnovana prva bo\u0161nja\u010dka partija u Sand\u017eaku - BDZ!\",\"isPartOf\":{\"@id\":\"https:\/\/sandzakpress.net\/arhiva\/#website\"},\"primaryImageOfPage\":{\"@id\":\"https:\/\/sandzakpress.net\/arhiva\/osnovana-11-politicka-a-prva-bosnjacka-partija\/#primaryimage\"},\"image\":{\"@id\":\"https:\/\/sandzakpress.net\/arhiva\/osnovana-11-politicka-a-prva-bosnjacka-partija\/#primaryimage\"},\"thumbnailUrl\":\"https:\/\/sandzakpress.net\/arhiva\/wp-content\/uploads\/2010\/12\/DSC_00821.jpg\",\"datePublished\":\"2010-12-25T17:06:02+00:00\",\"dateModified\":\"2010-12-27T10:43:15+00:00\",\"breadcrumb\":{\"@id\":\"https:\/\/sandzakpress.net\/arhiva\/osnovana-11-politicka-a-prva-bosnjacka-partija\/#breadcrumb\"},\"inLanguage\":\"bs-BA\",\"potentialAction\":[{\"@type\":\"ReadAction\",\"target\":[\"https:\/\/sandzakpress.net\/arhiva\/osnovana-11-politicka-a-prva-bosnjacka-partija\/\"]}]},{\"@type\":\"ImageObject\",\"inLanguage\":\"bs-BA\",\"@id\":\"https:\/\/sandzakpress.net\/arhiva\/osnovana-11-politicka-a-prva-bosnjacka-partija\/#primaryimage\",\"url\":\"https:\/\/sandzakpress.net\/arhiva\/wp-content\/uploads\/2010\/12\/DSC_00821.jpg\",\"contentUrl\":\"https:\/\/sandzakpress.net\/arhiva\/wp-content\/uploads\/2010\/12\/DSC_00821.jpg\",\"width\":486,\"height\":352},{\"@type\":\"BreadcrumbList\",\"@id\":\"https:\/\/sandzakpress.net\/arhiva\/osnovana-11-politicka-a-prva-bosnjacka-partija\/#breadcrumb\",\"itemListElement\":[{\"@type\":\"ListItem\",\"position\":1,\"name\":\"Home\",\"item\":\"https:\/\/sandzakpress.net\/arhiva\/\"},{\"@type\":\"ListItem\",\"position\":2,\"name\":\"Osnovana prva bo\u0161nja\u010dka partija u Sand\u017eaku &#8211; BDZ!\"}]},{\"@type\":\"WebSite\",\"@id\":\"https:\/\/sandzakpress.net\/arhiva\/#website\",\"url\":\"https:\/\/sandzakpress.net\/arhiva\/\",\"name\":\"Sand\u017eak PRESS\",\"description\":\"Prve elektronske novine u Sand\u017eaku\",\"publisher\":{\"@id\":\"https:\/\/sandzakpress.net\/arhiva\/#\/schema\/person\/6e72b67d6e51910a1117b3b483ba20bd\"},\"potentialAction\":[{\"@type\":\"SearchAction\",\"target\":{\"@type\":\"EntryPoint\",\"urlTemplate\":\"https:\/\/sandzakpress.net\/arhiva\/?s={search_term_string}\"},\"query-input\":{\"@type\":\"PropertyValueSpecification\",\"valueRequired\":true,\"valueName\":\"search_term_string\"}}],\"inLanguage\":\"bs-BA\"},{\"@type\":[\"Person\",\"Organization\"],\"@id\":\"https:\/\/sandzakpress.net\/arhiva\/#\/schema\/person\/6e72b67d6e51910a1117b3b483ba20bd\",\"name\":\"Kul\",\"image\":{\"@type\":\"ImageObject\",\"inLanguage\":\"bs-BA\",\"@id\":\"https:\/\/sandzakpress.net\/arhiva\/#\/schema\/person\/image\/\",\"url\":\"https:\/\/secure.gravatar.com\/avatar\/42263f39aa27ac04c43cab85c280eb2e?s=96&d=mm&r=pg\",\"contentUrl\":\"https:\/\/secure.gravatar.com\/avatar\/42263f39aa27ac04c43cab85c280eb2e?s=96&d=mm&r=pg\",\"caption\":\"Kul\"},\"logo\":{\"@id\":\"https:\/\/sandzakpress.net\/arhiva\/#\/schema\/person\/image\/\"}},{\"@type\":\"Person\",\"@id\":\"https:\/\/sandzakpress.net\/arhiva\/#\/schema\/person\/c8baee722073534b583ea7bdb2e36c02\",\"name\":\"bosniak\",\"image\":{\"@type\":\"ImageObject\",\"inLanguage\":\"bs-BA\",\"@id\":\"https:\/\/sandzakpress.net\/arhiva\/#\/schema\/person\/image\/\",\"url\":\"https:\/\/secure.gravatar.com\/avatar\/a04fd330bfe3a36a72a0ad4a6d89fca7?s=96&d=mm&r=pg\",\"contentUrl\":\"https:\/\/secure.gravatar.com\/avatar\/a04fd330bfe3a36a72a0ad4a6d89fca7?s=96&d=mm&r=pg\",\"caption\":\"bosniak\"},\"url\":\"https:\/\/sandzakpress.net\/arhiva\/author\/bosniak\/\"}]}<\/script>\n<!-- \/ Yoast SEO Premium plugin. -->","yoast_head_json":{"title":"Osnovana prva bo\u0161nja\u010dka partija u Sand\u017eaku - BDZ!","robots":{"index":"index","follow":"follow","max-snippet":"max-snippet:-1","max-image-preview":"max-image-preview:large","max-video-preview":"max-video-preview:-1"},"canonical":"https:\/\/sandzakpress.net\/arhiva\/osnovana-11-politicka-a-prva-bosnjacka-partija\/","og_locale":"bs_BA","og_type":"article","og_title":"Osnovana prva bo\u0161nja\u010dka partija u Sand\u017eaku - BDZ!","og_description":"Sjeverni Sand\u017eak &#8211; Odr\u017eana je promotivna skup\u0161itina Bo\u0161nja\u010dke demokratske zajednice-BDZ. Skup\u0161tini koja je odr\u017eana u Koncertnoj dvorani Kulturnog centra prisustvovao je veliki broj gra\u0111ana Sand\u017eaka, kao i veliki broj pripadnika vjerskog, politi\u010dkog, kulturnog i javnog \u017eivota ove regije. Kako su istakli mnogi govornici, Bo\u0161nja\u010dka demokratska zajednica je prva, prava autenti\u010dno bo\u0161nja\u010dka i demokratska partija u [&hellip;]","og_url":"https:\/\/sandzakpress.net\/arhiva\/osnovana-11-politicka-a-prva-bosnjacka-partija\/","og_site_name":"Sand\u017eak PRESS","article_published_time":"2010-12-25T17:06:02+00:00","article_modified_time":"2010-12-27T10:43:15+00:00","og_image":[{"width":486,"height":352,"url":"https:\/\/sandzakpress.net\/arhiva\/wp-content\/uploads\/2010\/12\/DSC_00821.jpg","type":"image\/jpeg"}],"author":"bosniak","twitter_card":"summary_large_image","twitter_misc":{"Written by":"bosniak","Est. reading time":"6 minuta"},"schema":{"@context":"https:\/\/schema.org","@graph":[{"@type":"Article","@id":"https:\/\/sandzakpress.net\/arhiva\/osnovana-11-politicka-a-prva-bosnjacka-partija\/#article","isPartOf":{"@id":"https:\/\/sandzakpress.net\/arhiva\/osnovana-11-politicka-a-prva-bosnjacka-partija\/"},"author":{"name":"bosniak","@id":"https:\/\/sandzakpress.net\/arhiva\/#\/schema\/person\/c8baee722073534b583ea7bdb2e36c02"},"headline":"Osnovana prva bo\u0161nja\u010dka partija u Sand\u017eaku &#8211; BDZ!","datePublished":"2010-12-25T17:06:02+00:00","dateModified":"2010-12-27T10:43:15+00:00","mainEntityOfPage":{"@id":"https:\/\/sandzakpress.net\/arhiva\/osnovana-11-politicka-a-prva-bosnjacka-partija\/"},"wordCount":1200,"commentCount":13,"publisher":{"@id":"https:\/\/sandzakpress.net\/arhiva\/#\/schema\/person\/6e72b67d6e51910a1117b3b483ba20bd"},"image":{"@id":"https:\/\/sandzakpress.net\/arhiva\/osnovana-11-politicka-a-prva-bosnjacka-partija\/#primaryimage"},"thumbnailUrl":"https:\/\/sandzakpress.net\/arhiva\/wp-content\/uploads\/2010\/12\/DSC_00821.jpg","articleSection":["Nacija","Novi Pazar","Sjenica","Tutin","Prijepolje","Priboj","Nova Varo\u0161"],"inLanguage":"bs-BA","potentialAction":[{"@type":"CommentAction","name":"Comment","target":["https:\/\/sandzakpress.net\/arhiva\/osnovana-11-politicka-a-prva-bosnjacka-partija\/#respond"]}]},{"@type":"WebPage","@id":"https:\/\/sandzakpress.net\/arhiva\/osnovana-11-politicka-a-prva-bosnjacka-partija\/","url":"https:\/\/sandzakpress.net\/arhiva\/osnovana-11-politicka-a-prva-bosnjacka-partija\/","name":"Osnovana prva bo\u0161nja\u010dka partija u Sand\u017eaku - BDZ!","isPartOf":{"@id":"https:\/\/sandzakpress.net\/arhiva\/#website"},"primaryImageOfPage":{"@id":"https:\/\/sandzakpress.net\/arhiva\/osnovana-11-politicka-a-prva-bosnjacka-partija\/#primaryimage"},"image":{"@id":"https:\/\/sandzakpress.net\/arhiva\/osnovana-11-politicka-a-prva-bosnjacka-partija\/#primaryimage"},"thumbnailUrl":"https:\/\/sandzakpress.net\/arhiva\/wp-content\/uploads\/2010\/12\/DSC_00821.jpg","datePublished":"2010-12-25T17:06:02+00:00","dateModified":"2010-12-27T10:43:15+00:00","breadcrumb":{"@id":"https:\/\/sandzakpress.net\/arhiva\/osnovana-11-politicka-a-prva-bosnjacka-partija\/#breadcrumb"},"inLanguage":"bs-BA","potentialAction":[{"@type":"ReadAction","target":["https:\/\/sandzakpress.net\/arhiva\/osnovana-11-politicka-a-prva-bosnjacka-partija\/"]}]},{"@type":"ImageObject","inLanguage":"bs-BA","@id":"https:\/\/sandzakpress.net\/arhiva\/osnovana-11-politicka-a-prva-bosnjacka-partija\/#primaryimage","url":"https:\/\/sandzakpress.net\/arhiva\/wp-content\/uploads\/2010\/12\/DSC_00821.jpg","contentUrl":"https:\/\/sandzakpress.net\/arhiva\/wp-content\/uploads\/2010\/12\/DSC_00821.jpg","width":486,"height":352},{"@type":"BreadcrumbList","@id":"https:\/\/sandzakpress.net\/arhiva\/osnovana-11-politicka-a-prva-bosnjacka-partija\/#breadcrumb","itemListElement":[{"@type":"ListItem","position":1,"name":"Home","item":"https:\/\/sandzakpress.net\/arhiva\/"},{"@type":"ListItem","position":2,"name":"Osnovana prva bo\u0161nja\u010dka partija u Sand\u017eaku &#8211; BDZ!"}]},{"@type":"WebSite","@id":"https:\/\/sandzakpress.net\/arhiva\/#website","url":"https:\/\/sandzakpress.net\/arhiva\/","name":"Sand\u017eak PRESS","description":"Prve elektronske novine u Sand\u017eaku","publisher":{"@id":"https:\/\/sandzakpress.net\/arhiva\/#\/schema\/person\/6e72b67d6e51910a1117b3b483ba20bd"},"potentialAction":[{"@type":"SearchAction","target":{"@type":"EntryPoint","urlTemplate":"https:\/\/sandzakpress.net\/arhiva\/?s={search_term_string}"},"query-input":{"@type":"PropertyValueSpecification","valueRequired":true,"valueName":"search_term_string"}}],"inLanguage":"bs-BA"},{"@type":["Person","Organization"],"@id":"https:\/\/sandzakpress.net\/arhiva\/#\/schema\/person\/6e72b67d6e51910a1117b3b483ba20bd","name":"Kul","image":{"@type":"ImageObject","inLanguage":"bs-BA","@id":"https:\/\/sandzakpress.net\/arhiva\/#\/schema\/person\/image\/","url":"https:\/\/secure.gravatar.com\/avatar\/42263f39aa27ac04c43cab85c280eb2e?s=96&d=mm&r=pg","contentUrl":"https:\/\/secure.gravatar.com\/avatar\/42263f39aa27ac04c43cab85c280eb2e?s=96&d=mm&r=pg","caption":"Kul"},"logo":{"@id":"https:\/\/sandzakpress.net\/arhiva\/#\/schema\/person\/image\/"}},{"@type":"Person","@id":"https:\/\/sandzakpress.net\/arhiva\/#\/schema\/person\/c8baee722073534b583ea7bdb2e36c02","name":"bosniak","image":{"@type":"ImageObject","inLanguage":"bs-BA","@id":"https:\/\/sandzakpress.net\/arhiva\/#\/schema\/person\/image\/","url":"https:\/\/secure.gravatar.com\/avatar\/a04fd330bfe3a36a72a0ad4a6d89fca7?s=96&d=mm&r=pg","contentUrl":"https:\/\/secure.gravatar.com\/avatar\/a04fd330bfe3a36a72a0ad4a6d89fca7?s=96&d=mm&r=pg","caption":"bosniak"},"url":"https:\/\/sandzakpress.net\/arhiva\/author\/bosniak\/"}]}},"_links":{"self":[{"href":"https:\/\/sandzakpress.net\/arhiva\/wp-json\/wp\/v2\/posts\/10858"}],"collection":[{"href":"https:\/\/sandzakpress.net\/arhiva\/wp-json\/wp\/v2\/posts"}],"about":[{"href":"https:\/\/sandzakpress.net\/arhiva\/wp-json\/wp\/v2\/types\/post"}],"author":[{"embeddable":true,"href":"https:\/\/sandzakpress.net\/arhiva\/wp-json\/wp\/v2\/users\/83"}],"replies":[{"embeddable":true,"href":"https:\/\/sandzakpress.net\/arhiva\/wp-json\/wp\/v2\/comments?post=10858"}],"version-history":[{"count":0,"href":"https:\/\/sandzakpress.net\/arhiva\/wp-json\/wp\/v2\/posts\/10858\/revisions"}],"wp:featuredmedia":[{"embeddable":true,"href":"https:\/\/sandzakpress.net\/arhiva\/wp-json\/wp\/v2\/media\/10911"}],"wp:attachment":[{"href":"https:\/\/sandzakpress.net\/arhiva\/wp-json\/wp\/v2\/media?parent=10858"}],"wp:term":[{"taxonomy":"category","embeddable":true,"href":"https:\/\/sandzakpress.net\/arhiva\/wp-json\/wp\/v2\/categories?post=10858"},{"taxonomy":"post_tag","embeddable":true,"href":"https:\/\/sandzakpress.net\/arhiva\/wp-json\/wp\/v2\/tags?post=10858"}],"curies":[{"name":"wp","href":"https:\/\/api.w.org\/{rel}","templated":true}]}}