{"id":108429,"date":"2014-07-09T17:07:47","date_gmt":"2014-07-09T15:07:47","guid":{"rendered":"https:\/\/sandzakpress.net\/arhiva\/?p=108429"},"modified":"2014-07-09T19:08:49","modified_gmt":"2014-07-09T17:08:49","slug":"u-gusinju-odrzano-predavanje-o-integraciji-crne-gore-u-nato-uclanjenje-je-strateski-cilj","status":"publish","type":"post","link":"https:\/\/sandzakpress.net\/arhiva\/u-gusinju-odrzano-predavanje-o-integraciji-crne-gore-u-nato-uclanjenje-je-strateski-cilj\/","title":{"rendered":"U Gusinju odr\u017eano predavanje o integraciji Crne Gore u NATO: U\u010dlanjenje je strate\u0161ki cilj"},"content":{"rendered":"<p><img loading=\"lazy\" decoding=\"async\" class=\"size-medium wp-image-563783 alignleft\" title=\"U Gusinju odr\u017eano predavanje o integraciji Crne Gore u NATO: U\u010dlanjenje je strate\u0161ki cilj\" src=\"http:\/\/www.pobjeda.me\/wp-content\/uploads\/2014\/07\/2014-08-07-CGO-T-STR-xx-V01-Z-PL-NATO-300x168.jpg\" alt=\"2014 08 07 CGO T STR xx V01 Z PL NATO 300x168 U Gusinju odr\u017eano predavanje o integraciji Crne Gore u NATO: U\u010dlanjenje je strate\u0161ki cilj\" width=\"300\" height=\"168\" \/><strong>Gusinje &#8211;\u00a0Na osnovu komunikacionih smjernica za iniciranje i vo\u0111enje javnog dijaloga o u\u010dlenjenju Crne Gore u NATO, u cilju realizacije ovog strate\u0161kog cilja na\u0161e zemlje, Uprava za kadrove i komunikacioni tim Vlade za NATO, u saradnji sa Skup\u0161tinom op\u0161tine Gusinje, organizovali su u Domu kulture predavanje na temu \u201eIntegracije Crne Gore u NATO\u201c.<\/strong><\/p>\n<p style=\"color: #474747;\">Pored ve\u0107ine odbornika gusinjskog parlamenta, predavanju su prisustvovali predstavnici NVO, kao i Fondacije \u201eGusinje\u201c iz Njujorka i Zapadne Evrope, Sulejman \u0110onbali\u0107 i Murat Julevi\u0107.<\/p>\n<p style=\"color: #474747;\">&#8211; Edukacije o evroatlantskim integracijama, koje organizuje Uprava za kadrove, imaju za cilj da i u lokalnim zajednicama predstave \u0161to zna\u010di NATO kao sistem kolektivne bezbjednosti. Vrlo je va\u017eno da informacije o tome kako funkcioni\u0161e NATO budu realne i ta\u010dne. Pored toga, poku\u0161avamo da vodimo dijalog i pojasnimo sve nejasno\u0107e, kao i odre\u0111ene zablude koje postoje, ne samo kod na\u0161ih gra\u0111ana, ve\u0107 i kod ljudi koji su odgovorni za sprovo\u0111enje politike \u2013 kazao je na\u010delnik slu\u017ebe za odnose sa javno\u0161\u0107u i protokol u Ministarstvu odbrane Crne Gore, pukovnik Mehmedin Tahirovi\u0107.<\/p>\n<p style=\"color: #474747;\">On je naglasio da je do sada obavljena obuka u svim op\u0161tinama, a Gusinje je posljednja u kojoj se realizuje javni dijalog na ovu temu.<\/p>\n<p style=\"color: #474747;\">&#8211; Posebno je va\u017eno naglasiti za\u0161to Crna Gora treba da postane \u010dlanica NATO-a, koji su to benefiti ulaska Crne Gore u tu alijansu i objasniti za\u0161to Crna Gora \u017eeli da svoju bezbjednost reguli\u0161e kroz taj kolektivni sistem bezbjednosti. Smatram da je nacionalni interes bezbjednosni faktor, \u0161to je najva\u017enije za jednu dr\u017eavu \u2013 kazao je pukovnik Tahirovi\u0107.<\/p>\n<p style=\"color: #474747;\">Admiral slovena\u010dke vojske Renato Petri\u0107, koji je anga\u017eovan kao odbrambeni savjetnik u na\u0161em ministarstvu odbrane, kazao je da komunikacioni tim ula\u017ee napore da bi ljudima u Crnoj Gori, posebno onima koji rade u lokalnim samoupravama, objasnio \u0161to je NATO, kako funkcioni\u0161e i na koji na\u010din odgovara na krizne situacije.<\/p>\n<p style=\"color: #474747;\">(pobjeda)<\/p>\n","protected":false},"excerpt":{"rendered":"<p>Gusinje &#8211;\u00a0Na osnovu komunikacionih smjernica za iniciranje i vo\u0111enje javnog dijaloga o u\u010dlenjenju Crne Gore u NATO, u cilju realizacije ovog strate\u0161kog cilja na\u0161e zemlje, Uprava za kadrove i komunikacioni tim Vlade za NATO, u saradnji sa Skup\u0161tinom op\u0161tine Gusinje, organizovali su u Domu kulture predavanje na temu \u201eIntegracije Crne Gore u NATO\u201c. Pored ve\u0107ine [&hellip;]<\/p>\n","protected":false},"author":83,"featured_media":108430,"comment_status":"open","ping_status":"open","sticky":false,"template":"","format":"standard","meta":{"footnotes":""},"categories":[1,10173],"tags":[],"class_list":{"0":"post-108429","1":"post","2":"type-post","3":"status-publish","4":"format-standard","5":"has-post-thumbnail","7":"category-politika","8":"category-gusinje-vase-vijesti"},"yoast_head":"<!-- This site is optimized with the Yoast SEO Premium plugin v23.1 (Yoast SEO v24.9) - https:\/\/yoast.com\/wordpress\/plugins\/seo\/ -->\n<title>U Gusinju odr\u017eano predavanje o integraciji Crne Gore u NATO: U\u010dlanjenje je strate\u0161ki cilj<\/title>\n<meta name=\"robots\" content=\"index, follow, max-snippet:-1, max-image-preview:large, max-video-preview:-1\" \/>\n<link rel=\"canonical\" href=\"https:\/\/sandzakpress.net\/arhiva\/u-gusinju-odrzano-predavanje-o-integraciji-crne-gore-u-nato-uclanjenje-je-strateski-cilj\/\" \/>\n<meta property=\"og:locale\" content=\"bs_BA\" \/>\n<meta property=\"og:type\" content=\"article\" \/>\n<meta property=\"og:title\" content=\"U Gusinju odr\u017eano predavanje o integraciji Crne Gore u NATO: U\u010dlanjenje je strate\u0161ki cilj\" \/>\n<meta property=\"og:description\" content=\"Gusinje &#8211;\u00a0Na osnovu komunikacionih smjernica za iniciranje i vo\u0111enje javnog dijaloga o u\u010dlenjenju Crne Gore u NATO, u cilju realizacije ovog strate\u0161kog cilja na\u0161e zemlje, Uprava za kadrove i komunikacioni tim Vlade za NATO, u saradnji sa Skup\u0161tinom op\u0161tine Gusinje, organizovali su u Domu kulture predavanje na temu \u201eIntegracije Crne Gore u NATO\u201c. Pored ve\u0107ine [&hellip;]\" \/>\n<meta property=\"og:url\" content=\"https:\/\/sandzakpress.net\/arhiva\/u-gusinju-odrzano-predavanje-o-integraciji-crne-gore-u-nato-uclanjenje-je-strateski-cilj\/\" \/>\n<meta property=\"og:site_name\" content=\"Sand\u017eak PRESS\" \/>\n<meta property=\"article:published_time\" content=\"2014-07-09T15:07:47+00:00\" \/>\n<meta property=\"article:modified_time\" content=\"2014-07-09T17:08:49+00:00\" \/>\n<meta property=\"og:image\" content=\"https:\/\/sandzakpress.net\/arhiva\/wp-content\/uploads\/2014\/07\/2014-08-07-CGO-T-STR-xx-V01-Z-PL-NATO-300x168.jpg\" \/>\n\t<meta property=\"og:image:width\" content=\"300\" \/>\n\t<meta property=\"og:image:height\" content=\"168\" \/>\n\t<meta property=\"og:image:type\" content=\"image\/jpeg\" \/>\n<meta name=\"author\" content=\"bosniak\" \/>\n<meta name=\"twitter:card\" content=\"summary_large_image\" \/>\n<meta name=\"twitter:label1\" content=\"Written by\" \/>\n\t<meta name=\"twitter:data1\" content=\"bosniak\" \/>\n\t<meta name=\"twitter:label2\" content=\"Est. reading time\" \/>\n\t<meta name=\"twitter:data2\" content=\"2 minute\" \/>\n<script type=\"application\/ld+json\" class=\"yoast-schema-graph\">{\"@context\":\"https:\/\/schema.org\",\"@graph\":[{\"@type\":\"Article\",\"@id\":\"https:\/\/sandzakpress.net\/arhiva\/u-gusinju-odrzano-predavanje-o-integraciji-crne-gore-u-nato-uclanjenje-je-strateski-cilj\/#article\",\"isPartOf\":{\"@id\":\"https:\/\/sandzakpress.net\/arhiva\/u-gusinju-odrzano-predavanje-o-integraciji-crne-gore-u-nato-uclanjenje-je-strateski-cilj\/\"},\"author\":{\"name\":\"bosniak\",\"@id\":\"https:\/\/sandzakpress.net\/arhiva\/#\/schema\/person\/c8baee722073534b583ea7bdb2e36c02\"},\"headline\":\"U Gusinju odr\u017eano predavanje o integraciji Crne Gore u NATO: U\u010dlanjenje je strate\u0161ki cilj\",\"datePublished\":\"2014-07-09T15:07:47+00:00\",\"dateModified\":\"2014-07-09T17:08:49+00:00\",\"mainEntityOfPage\":{\"@id\":\"https:\/\/sandzakpress.net\/arhiva\/u-gusinju-odrzano-predavanje-o-integraciji-crne-gore-u-nato-uclanjenje-je-strateski-cilj\/\"},\"wordCount\":347,\"commentCount\":1,\"publisher\":{\"@id\":\"https:\/\/sandzakpress.net\/arhiva\/#\/schema\/person\/6e72b67d6e51910a1117b3b483ba20bd\"},\"image\":{\"@id\":\"https:\/\/sandzakpress.net\/arhiva\/u-gusinju-odrzano-predavanje-o-integraciji-crne-gore-u-nato-uclanjenje-je-strateski-cilj\/#primaryimage\"},\"thumbnailUrl\":\"https:\/\/sandzakpress.net\/arhiva\/wp-content\/uploads\/2014\/07\/2014-08-07-CGO-T-STR-xx-V01-Z-PL-NATO-300x168.jpg\",\"articleSection\":[\"Politika\",\"Gusinje\"],\"inLanguage\":\"bs-BA\",\"potentialAction\":[{\"@type\":\"CommentAction\",\"name\":\"Comment\",\"target\":[\"https:\/\/sandzakpress.net\/arhiva\/u-gusinju-odrzano-predavanje-o-integraciji-crne-gore-u-nato-uclanjenje-je-strateski-cilj\/#respond\"]}]},{\"@type\":\"WebPage\",\"@id\":\"https:\/\/sandzakpress.net\/arhiva\/u-gusinju-odrzano-predavanje-o-integraciji-crne-gore-u-nato-uclanjenje-je-strateski-cilj\/\",\"url\":\"https:\/\/sandzakpress.net\/arhiva\/u-gusinju-odrzano-predavanje-o-integraciji-crne-gore-u-nato-uclanjenje-je-strateski-cilj\/\",\"name\":\"U Gusinju odr\u017eano predavanje o integraciji Crne Gore u NATO: U\u010dlanjenje je strate\u0161ki cilj\",\"isPartOf\":{\"@id\":\"https:\/\/sandzakpress.net\/arhiva\/#website\"},\"primaryImageOfPage\":{\"@id\":\"https:\/\/sandzakpress.net\/arhiva\/u-gusinju-odrzano-predavanje-o-integraciji-crne-gore-u-nato-uclanjenje-je-strateski-cilj\/#primaryimage\"},\"image\":{\"@id\":\"https:\/\/sandzakpress.net\/arhiva\/u-gusinju-odrzano-predavanje-o-integraciji-crne-gore-u-nato-uclanjenje-je-strateski-cilj\/#primaryimage\"},\"thumbnailUrl\":\"https:\/\/sandzakpress.net\/arhiva\/wp-content\/uploads\/2014\/07\/2014-08-07-CGO-T-STR-xx-V01-Z-PL-NATO-300x168.jpg\",\"datePublished\":\"2014-07-09T15:07:47+00:00\",\"dateModified\":\"2014-07-09T17:08:49+00:00\",\"breadcrumb\":{\"@id\":\"https:\/\/sandzakpress.net\/arhiva\/u-gusinju-odrzano-predavanje-o-integraciji-crne-gore-u-nato-uclanjenje-je-strateski-cilj\/#breadcrumb\"},\"inLanguage\":\"bs-BA\",\"potentialAction\":[{\"@type\":\"ReadAction\",\"target\":[\"https:\/\/sandzakpress.net\/arhiva\/u-gusinju-odrzano-predavanje-o-integraciji-crne-gore-u-nato-uclanjenje-je-strateski-cilj\/\"]}]},{\"@type\":\"ImageObject\",\"inLanguage\":\"bs-BA\",\"@id\":\"https:\/\/sandzakpress.net\/arhiva\/u-gusinju-odrzano-predavanje-o-integraciji-crne-gore-u-nato-uclanjenje-je-strateski-cilj\/#primaryimage\",\"url\":\"https:\/\/sandzakpress.net\/arhiva\/wp-content\/uploads\/2014\/07\/2014-08-07-CGO-T-STR-xx-V01-Z-PL-NATO-300x168.jpg\",\"contentUrl\":\"https:\/\/sandzakpress.net\/arhiva\/wp-content\/uploads\/2014\/07\/2014-08-07-CGO-T-STR-xx-V01-Z-PL-NATO-300x168.jpg\",\"width\":300,\"height\":168},{\"@type\":\"BreadcrumbList\",\"@id\":\"https:\/\/sandzakpress.net\/arhiva\/u-gusinju-odrzano-predavanje-o-integraciji-crne-gore-u-nato-uclanjenje-je-strateski-cilj\/#breadcrumb\",\"itemListElement\":[{\"@type\":\"ListItem\",\"position\":1,\"name\":\"Home\",\"item\":\"https:\/\/sandzakpress.net\/arhiva\/\"},{\"@type\":\"ListItem\",\"position\":2,\"name\":\"U Gusinju odr\u017eano predavanje o integraciji Crne Gore u NATO: U\u010dlanjenje je strate\u0161ki cilj\"}]},{\"@type\":\"WebSite\",\"@id\":\"https:\/\/sandzakpress.net\/arhiva\/#website\",\"url\":\"https:\/\/sandzakpress.net\/arhiva\/\",\"name\":\"Sand\u017eak PRESS\",\"description\":\"Prve elektronske novine u Sand\u017eaku\",\"publisher\":{\"@id\":\"https:\/\/sandzakpress.net\/arhiva\/#\/schema\/person\/6e72b67d6e51910a1117b3b483ba20bd\"},\"potentialAction\":[{\"@type\":\"SearchAction\",\"target\":{\"@type\":\"EntryPoint\",\"urlTemplate\":\"https:\/\/sandzakpress.net\/arhiva\/?s={search_term_string}\"},\"query-input\":{\"@type\":\"PropertyValueSpecification\",\"valueRequired\":true,\"valueName\":\"search_term_string\"}}],\"inLanguage\":\"bs-BA\"},{\"@type\":[\"Person\",\"Organization\"],\"@id\":\"https:\/\/sandzakpress.net\/arhiva\/#\/schema\/person\/6e72b67d6e51910a1117b3b483ba20bd\",\"name\":\"Kul\",\"image\":{\"@type\":\"ImageObject\",\"inLanguage\":\"bs-BA\",\"@id\":\"https:\/\/sandzakpress.net\/arhiva\/#\/schema\/person\/image\/\",\"url\":\"https:\/\/secure.gravatar.com\/avatar\/42263f39aa27ac04c43cab85c280eb2e?s=96&d=mm&r=pg\",\"contentUrl\":\"https:\/\/secure.gravatar.com\/avatar\/42263f39aa27ac04c43cab85c280eb2e?s=96&d=mm&r=pg\",\"caption\":\"Kul\"},\"logo\":{\"@id\":\"https:\/\/sandzakpress.net\/arhiva\/#\/schema\/person\/image\/\"}},{\"@type\":\"Person\",\"@id\":\"https:\/\/sandzakpress.net\/arhiva\/#\/schema\/person\/c8baee722073534b583ea7bdb2e36c02\",\"name\":\"bosniak\",\"image\":{\"@type\":\"ImageObject\",\"inLanguage\":\"bs-BA\",\"@id\":\"https:\/\/sandzakpress.net\/arhiva\/#\/schema\/person\/image\/\",\"url\":\"https:\/\/secure.gravatar.com\/avatar\/a04fd330bfe3a36a72a0ad4a6d89fca7?s=96&d=mm&r=pg\",\"contentUrl\":\"https:\/\/secure.gravatar.com\/avatar\/a04fd330bfe3a36a72a0ad4a6d89fca7?s=96&d=mm&r=pg\",\"caption\":\"bosniak\"},\"url\":\"https:\/\/sandzakpress.net\/arhiva\/author\/bosniak\/\"}]}<\/script>\n<!-- \/ Yoast SEO Premium plugin. -->","yoast_head_json":{"title":"U Gusinju odr\u017eano predavanje o integraciji Crne Gore u NATO: U\u010dlanjenje je strate\u0161ki cilj","robots":{"index":"index","follow":"follow","max-snippet":"max-snippet:-1","max-image-preview":"max-image-preview:large","max-video-preview":"max-video-preview:-1"},"canonical":"https:\/\/sandzakpress.net\/arhiva\/u-gusinju-odrzano-predavanje-o-integraciji-crne-gore-u-nato-uclanjenje-je-strateski-cilj\/","og_locale":"bs_BA","og_type":"article","og_title":"U Gusinju odr\u017eano predavanje o integraciji Crne Gore u NATO: U\u010dlanjenje je strate\u0161ki cilj","og_description":"Gusinje &#8211;\u00a0Na osnovu komunikacionih smjernica za iniciranje i vo\u0111enje javnog dijaloga o u\u010dlenjenju Crne Gore u NATO, u cilju realizacije ovog strate\u0161kog cilja na\u0161e zemlje, Uprava za kadrove i komunikacioni tim Vlade za NATO, u saradnji sa Skup\u0161tinom op\u0161tine Gusinje, organizovali su u Domu kulture predavanje na temu \u201eIntegracije Crne Gore u NATO\u201c. Pored ve\u0107ine [&hellip;]","og_url":"https:\/\/sandzakpress.net\/arhiva\/u-gusinju-odrzano-predavanje-o-integraciji-crne-gore-u-nato-uclanjenje-je-strateski-cilj\/","og_site_name":"Sand\u017eak PRESS","article_published_time":"2014-07-09T15:07:47+00:00","article_modified_time":"2014-07-09T17:08:49+00:00","og_image":[{"width":300,"height":168,"url":"https:\/\/sandzakpress.net\/arhiva\/wp-content\/uploads\/2014\/07\/2014-08-07-CGO-T-STR-xx-V01-Z-PL-NATO-300x168.jpg","type":"image\/jpeg"}],"author":"bosniak","twitter_card":"summary_large_image","twitter_misc":{"Written by":"bosniak","Est. reading time":"2 minute"},"schema":{"@context":"https:\/\/schema.org","@graph":[{"@type":"Article","@id":"https:\/\/sandzakpress.net\/arhiva\/u-gusinju-odrzano-predavanje-o-integraciji-crne-gore-u-nato-uclanjenje-je-strateski-cilj\/#article","isPartOf":{"@id":"https:\/\/sandzakpress.net\/arhiva\/u-gusinju-odrzano-predavanje-o-integraciji-crne-gore-u-nato-uclanjenje-je-strateski-cilj\/"},"author":{"name":"bosniak","@id":"https:\/\/sandzakpress.net\/arhiva\/#\/schema\/person\/c8baee722073534b583ea7bdb2e36c02"},"headline":"U Gusinju odr\u017eano predavanje o integraciji Crne Gore u NATO: U\u010dlanjenje je strate\u0161ki cilj","datePublished":"2014-07-09T15:07:47+00:00","dateModified":"2014-07-09T17:08:49+00:00","mainEntityOfPage":{"@id":"https:\/\/sandzakpress.net\/arhiva\/u-gusinju-odrzano-predavanje-o-integraciji-crne-gore-u-nato-uclanjenje-je-strateski-cilj\/"},"wordCount":347,"commentCount":1,"publisher":{"@id":"https:\/\/sandzakpress.net\/arhiva\/#\/schema\/person\/6e72b67d6e51910a1117b3b483ba20bd"},"image":{"@id":"https:\/\/sandzakpress.net\/arhiva\/u-gusinju-odrzano-predavanje-o-integraciji-crne-gore-u-nato-uclanjenje-je-strateski-cilj\/#primaryimage"},"thumbnailUrl":"https:\/\/sandzakpress.net\/arhiva\/wp-content\/uploads\/2014\/07\/2014-08-07-CGO-T-STR-xx-V01-Z-PL-NATO-300x168.jpg","articleSection":["Politika","Gusinje"],"inLanguage":"bs-BA","potentialAction":[{"@type":"CommentAction","name":"Comment","target":["https:\/\/sandzakpress.net\/arhiva\/u-gusinju-odrzano-predavanje-o-integraciji-crne-gore-u-nato-uclanjenje-je-strateski-cilj\/#respond"]}]},{"@type":"WebPage","@id":"https:\/\/sandzakpress.net\/arhiva\/u-gusinju-odrzano-predavanje-o-integraciji-crne-gore-u-nato-uclanjenje-je-strateski-cilj\/","url":"https:\/\/sandzakpress.net\/arhiva\/u-gusinju-odrzano-predavanje-o-integraciji-crne-gore-u-nato-uclanjenje-je-strateski-cilj\/","name":"U Gusinju odr\u017eano predavanje o integraciji Crne Gore u NATO: U\u010dlanjenje je strate\u0161ki cilj","isPartOf":{"@id":"https:\/\/sandzakpress.net\/arhiva\/#website"},"primaryImageOfPage":{"@id":"https:\/\/sandzakpress.net\/arhiva\/u-gusinju-odrzano-predavanje-o-integraciji-crne-gore-u-nato-uclanjenje-je-strateski-cilj\/#primaryimage"},"image":{"@id":"https:\/\/sandzakpress.net\/arhiva\/u-gusinju-odrzano-predavanje-o-integraciji-crne-gore-u-nato-uclanjenje-je-strateski-cilj\/#primaryimage"},"thumbnailUrl":"https:\/\/sandzakpress.net\/arhiva\/wp-content\/uploads\/2014\/07\/2014-08-07-CGO-T-STR-xx-V01-Z-PL-NATO-300x168.jpg","datePublished":"2014-07-09T15:07:47+00:00","dateModified":"2014-07-09T17:08:49+00:00","breadcrumb":{"@id":"https:\/\/sandzakpress.net\/arhiva\/u-gusinju-odrzano-predavanje-o-integraciji-crne-gore-u-nato-uclanjenje-je-strateski-cilj\/#breadcrumb"},"inLanguage":"bs-BA","potentialAction":[{"@type":"ReadAction","target":["https:\/\/sandzakpress.net\/arhiva\/u-gusinju-odrzano-predavanje-o-integraciji-crne-gore-u-nato-uclanjenje-je-strateski-cilj\/"]}]},{"@type":"ImageObject","inLanguage":"bs-BA","@id":"https:\/\/sandzakpress.net\/arhiva\/u-gusinju-odrzano-predavanje-o-integraciji-crne-gore-u-nato-uclanjenje-je-strateski-cilj\/#primaryimage","url":"https:\/\/sandzakpress.net\/arhiva\/wp-content\/uploads\/2014\/07\/2014-08-07-CGO-T-STR-xx-V01-Z-PL-NATO-300x168.jpg","contentUrl":"https:\/\/sandzakpress.net\/arhiva\/wp-content\/uploads\/2014\/07\/2014-08-07-CGO-T-STR-xx-V01-Z-PL-NATO-300x168.jpg","width":300,"height":168},{"@type":"BreadcrumbList","@id":"https:\/\/sandzakpress.net\/arhiva\/u-gusinju-odrzano-predavanje-o-integraciji-crne-gore-u-nato-uclanjenje-je-strateski-cilj\/#breadcrumb","itemListElement":[{"@type":"ListItem","position":1,"name":"Home","item":"https:\/\/sandzakpress.net\/arhiva\/"},{"@type":"ListItem","position":2,"name":"U Gusinju odr\u017eano predavanje o integraciji Crne Gore u NATO: U\u010dlanjenje je strate\u0161ki cilj"}]},{"@type":"WebSite","@id":"https:\/\/sandzakpress.net\/arhiva\/#website","url":"https:\/\/sandzakpress.net\/arhiva\/","name":"Sand\u017eak PRESS","description":"Prve elektronske novine u Sand\u017eaku","publisher":{"@id":"https:\/\/sandzakpress.net\/arhiva\/#\/schema\/person\/6e72b67d6e51910a1117b3b483ba20bd"},"potentialAction":[{"@type":"SearchAction","target":{"@type":"EntryPoint","urlTemplate":"https:\/\/sandzakpress.net\/arhiva\/?s={search_term_string}"},"query-input":{"@type":"PropertyValueSpecification","valueRequired":true,"valueName":"search_term_string"}}],"inLanguage":"bs-BA"},{"@type":["Person","Organization"],"@id":"https:\/\/sandzakpress.net\/arhiva\/#\/schema\/person\/6e72b67d6e51910a1117b3b483ba20bd","name":"Kul","image":{"@type":"ImageObject","inLanguage":"bs-BA","@id":"https:\/\/sandzakpress.net\/arhiva\/#\/schema\/person\/image\/","url":"https:\/\/secure.gravatar.com\/avatar\/42263f39aa27ac04c43cab85c280eb2e?s=96&d=mm&r=pg","contentUrl":"https:\/\/secure.gravatar.com\/avatar\/42263f39aa27ac04c43cab85c280eb2e?s=96&d=mm&r=pg","caption":"Kul"},"logo":{"@id":"https:\/\/sandzakpress.net\/arhiva\/#\/schema\/person\/image\/"}},{"@type":"Person","@id":"https:\/\/sandzakpress.net\/arhiva\/#\/schema\/person\/c8baee722073534b583ea7bdb2e36c02","name":"bosniak","image":{"@type":"ImageObject","inLanguage":"bs-BA","@id":"https:\/\/sandzakpress.net\/arhiva\/#\/schema\/person\/image\/","url":"https:\/\/secure.gravatar.com\/avatar\/a04fd330bfe3a36a72a0ad4a6d89fca7?s=96&d=mm&r=pg","contentUrl":"https:\/\/secure.gravatar.com\/avatar\/a04fd330bfe3a36a72a0ad4a6d89fca7?s=96&d=mm&r=pg","caption":"bosniak"},"url":"https:\/\/sandzakpress.net\/arhiva\/author\/bosniak\/"}]}},"_links":{"self":[{"href":"https:\/\/sandzakpress.net\/arhiva\/wp-json\/wp\/v2\/posts\/108429"}],"collection":[{"href":"https:\/\/sandzakpress.net\/arhiva\/wp-json\/wp\/v2\/posts"}],"about":[{"href":"https:\/\/sandzakpress.net\/arhiva\/wp-json\/wp\/v2\/types\/post"}],"author":[{"embeddable":true,"href":"https:\/\/sandzakpress.net\/arhiva\/wp-json\/wp\/v2\/users\/83"}],"replies":[{"embeddable":true,"href":"https:\/\/sandzakpress.net\/arhiva\/wp-json\/wp\/v2\/comments?post=108429"}],"version-history":[{"count":0,"href":"https:\/\/sandzakpress.net\/arhiva\/wp-json\/wp\/v2\/posts\/108429\/revisions"}],"wp:featuredmedia":[{"embeddable":true,"href":"https:\/\/sandzakpress.net\/arhiva\/wp-json\/wp\/v2\/media\/108430"}],"wp:attachment":[{"href":"https:\/\/sandzakpress.net\/arhiva\/wp-json\/wp\/v2\/media?parent=108429"}],"wp:term":[{"taxonomy":"category","embeddable":true,"href":"https:\/\/sandzakpress.net\/arhiva\/wp-json\/wp\/v2\/categories?post=108429"},{"taxonomy":"post_tag","embeddable":true,"href":"https:\/\/sandzakpress.net\/arhiva\/wp-json\/wp\/v2\/tags?post=108429"}],"curies":[{"name":"wp","href":"https:\/\/api.w.org\/{rel}","templated":true}]}}