{"id":108391,"date":"2014-07-09T15:28:06","date_gmt":"2014-07-09T13:28:06","guid":{"rendered":"https:\/\/sandzakpress.net\/arhiva\/?p=108391"},"modified":"2014-07-09T17:50:00","modified_gmt":"2014-07-09T15:50:00","slug":"palestina-izrael-ubio-24-osobe-u-granatiranju-gaze-hamas-granatirao-tel-aviv","status":"publish","type":"post","link":"https:\/\/sandzakpress.net\/arhiva\/palestina-izrael-ubio-24-osobe-u-granatiranju-gaze-hamas-granatirao-tel-aviv\/","title":{"rendered":"PALESTINA &#8211; Izrael ubio 24 osobe u granatiranju Gaze &#8211; Hamas granatirao Tel Aviv"},"content":{"rendered":"<p style=\"color: #000000;\"><img decoding=\"async\" src=\"http:\/\/i0.wp.com\/www.putvjernika.com\/wp-content\/uploads\/2014\/07\/140708156.10_xl.jpg?resize=938%2C622\" alt=\"Posljedice napada na pojas Gaze\" \/><\/p>\n<p style=\"color: #000000;\"><strong style=\"font-style: inherit;\">Palestina &#8211; Izrael do sada izveo 430 zra\u010dnih napada na Pojas Gaze, poginule 24 osobe, od toga dvije \u017eene i petero djece.<\/strong><\/p>\n<p style=\"color: #000000;\">Palestinska strana ispalila je u srijedu nove rakete prema Tel Avivu, ciljaju\u0107i samo srce Izraela, po\u0161to su Izraelci tijekom no\u0107i izveli 160 zra\u010dnih napada na Gazu.<\/p>\n<p style=\"color: #000000;\">U Tel Avivu je dio stanovnika pohitao u skloni\u0161ta kad je objavljena uzbuna, ali poslovni \u017eivot u gradu te\u010de normalno.<\/p>\n<p style=\"color: #000000;\">U Izraelu nije bilo \u017ertava palestinskih raketnih napada jer je proturaketni sustav bio uspje\u0161an u presretanju projektila.<\/p>\n<p style=\"color: #000000;\">Izraelsko zrakoplovstvo izvelo je 160 napada na Pojas Gaze protiv Hamasa tijekom no\u0107i s utorka na srijedu kao odgovor na nastavak raketne paljbe prema Izraelu, izjavio je glasnogovornik vojske.<\/p>\n<p style=\"color: #000000;\">\u201cBilo je 160 napada tijekom no\u0107i, \u010dime se broj zra\u010dnih napada od po\u010detka operacije \u2018Za\u0161titni rub\u2019 popeo na 430\u201d, kazao je glasnogovornik general Moti Almoz na vojnom radiju, isti\u010du\u0107i da je ciljano 120 lansirnih raketnih rampi, 10 zapovjednih polo\u017eaja Hamasa i \u201cbrojni tuneli\u201d.<\/p>\n<p style=\"color: #000000;\">Me\u0111u drugim napadnutim ciljevima su dvije ku\u0107e \u201cvojnih zapovjednika Hamasa\u201d, kao i \u201curedi Ministarstva unutarnjih poslova i slu\u017ebe nacionalne sigurnosti Hamasa\u201d, dodao je general.<\/p>\n<p style=\"color: #000000;\">\u201cOperacija koju smo pokrenuli pro\u0161irit \u0107e se sljede\u0107ih dana\u201d, nastavio je glasnogovornik, odbijaju\u0107i iznijeti detalje o planovima za kopnenu operaciju velikih razmjera u Pojasu Gaze.<\/p>\n<p>https:\/\/www.youtube.com\/watch?v=hXEow8jmpPk<\/p>\n<p style=\"color: #000000;\"><img decoding=\"async\" src=\"http:\/\/i2.wp.com\/www.putvjernika.com\/wp-content\/uploads\/2014\/07\/Napadi-na-Gazu-700.jpg?w=700\" alt=\"Napadi na Gazu 700\" \/><\/p>\n<p style=\"color: #000000;\"><img decoding=\"async\" src=\"http:\/\/i2.wp.com\/www.putvjernika.com\/wp-content\/uploads\/2014\/07\/140708054.5_xl.jpg?resize=938%2C635\" alt=\"Posljedice napada na pojas Gaze\" \/><\/p>\n<p style=\"color: #000000;\"><img decoding=\"async\" src=\"http:\/\/i2.wp.com\/www.putvjernika.com\/wp-content\/uploads\/2014\/07\/140708156.3_xl.jpg?resize=938%2C603\" alt=\"Posljedice napada na pojas Gaze\" \/><\/p>\n<p style=\"color: #000000;\"><img decoding=\"async\" src=\"http:\/\/i0.wp.com\/www.putvjernika.com\/wp-content\/uploads\/2014\/07\/140708054.9_xl.jpg?resize=938%2C585\" alt=\"Posljedice napada na pojas Gaze\" \/><\/p>\n<h3 style=\"color: #000000;\">Hamas odgovorio raketama na Tel Aviv i Jerusalim<\/h3>\n<p style=\"color: #323232;\">Palestinska strana ispalila je u srijedu nove rakete prema Tel Avivu, ciljaju\u0107i samo srce Izraela, po\u0161to su Izraelci tijekom no\u0107i izveli 160 zra\u010dnih napada na Gazu.<\/p>\n<p style=\"color: #323232;\">U Tel Avivu je dio stanovnika pohitao u skloni\u0161ta kad je objavljena uzbuna, ali poslovni \u017eivot u gradu te\u010de normalno.<\/p>\n<p style=\"color: #323232;\">U Izraelu nije bilo \u017ertava palestinskih raketnih napada jer je proturaketni sustav bio uspje\u0161an u presretanju projektila.<\/p>\n<p style=\"color: #323232;\">Izrael je danas zna\u010dajno pro\u0161irio svoju ofanzivu na pojas Gaze, nakon \u0161to su s tog palestinskog teritorija ispaljene rakete na Jerusalem i Tel Aviv.<\/p>\n<p>Druga vojna glasnogovornica rekla je da su rano ujutro u srijedu ispaljene \u010detiri rakete prema jugu Izraela, pri \u010demu nije bilo ni \u017ertava i \u0161tete.<\/p>\n<p>Izraelske snage ubile su \u010detiri pripadnika Hamasa koji su napali bazu sjeverno od Pojasa Gaze.<\/p>\n<p>U ofenzivi je ranjeno vi\u0161e od 150 osoba.<\/p>\n<p>Hamas je u utorak preuzeo odgovornost za raketiranje Jerusalema i Tel Aviva kao odgovor na veliku izraelsku zra\u010dnu ofenzivu u\u00a0<a style=\"font-weight: bold !important; color: #f0711b;\" href=\"http:\/\/balkans.aljazeera.net\/tema\/spor-izraela-i-palestine\" target=\"_blank\">Pojasu Gaze<\/a>.<\/p>\n<p>U Jerusalemu su se sirene oglasile oko 22:00 sata (21:00 sat po srednjoeuropskom vremenu), zatim su barem \u010detiri munje zaparale nebo na jugozapadu grada i odjeknule tri sna\u017ene eksplozije, prenosi Hina.<\/p>\n<p>&#8220;Brigade Kasam su prvi put udarile na Haifu raketom R160, te na okupirani Jerusalem i Tel Aviv sa po \u010detiri rakete M75&#8221;, priop\u0107ile su Brigade Ezedina al-Kasama, oru\u017eanog krila Hamasa.<\/p>\n<p>Ne\u0161to ranije tijekom ve\u010deri izraelska vojska je objavila da je presrela raketu kojom je ga\u0111an Tel Aviv.<\/p>\n<p>Otvorena su sva protuzra\u010dna skloni\u0161ta u Tel Avivu i u Jerusalemu.<\/p>\n<p>Izrael je odobrio aktiviranje 40.000 rezervista u o\u010dekivanju mogu\u0107eg pokretanja kopnenenog napada na Pojas Gaze, izvijestili su u utorak izraelski mediji.<\/p>\n<p>Odluku je donio sigurnosni kabinet, na \u010delu s premijerom Benjaminom Netanyahuom, nekoliko sati nakon \u0161to je vojska pokrenula veliki zra\u010dni vojni napad na palestinski Hamas u Gazi.<\/p>\n<p>Vojni komandosi palestinskog pokreta otpora, njegovog vojnog krila, upali su u pomorsku bazu. Anadolija je objavila kako su palestinski komandosi iz pokreta Hammas uspjeli prodrijeti u jednu pomorsku bazu izraelskog okupatora navode\u0107i da su gubici neprijatelja veliki.<\/p>\n<p><object id=\"flashObj\" width=\"480\" height=\"270\" classid=\"clsid:D27CDB6E-AE6D-11cf-96B8-444553540000\" codebase=\"http:\/\/download.macromedia.com\/pub\/shockwave\/cabs\/flash\/swflash.cab#version=9,0,47,0\"><param name=\"movie\" value=\"http:\/\/c.brightcove.com\/services\/viewer\/federated_f9?isVid=1&#038;isUI=1\" \/><param name=\"bgcolor\" value=\"#FFFFFF\" \/><param name=\"flashVars\" value=\"videoId=3665726908001&#038;playerID=917389801001&#038;playerKey=AQ~~,AAAA1DWaSzk~,CZSkTksiPhQqITLsbi03E4KbEIFdh_zL&#038;domain=embed&#038;dynamicStreaming=true\" \/><param name=\"base\" value=\"http:\/\/admin.brightcove.com\" \/><param name=\"seamlesstabbing\" value=\"false\" \/><param name=\"allowFullScreen\" value=\"true\" \/><param name=\"swLiveConnect\" value=\"true\" \/><param name=\"allowScriptAccess\" value=\"always\" \/><embed src=\"http:\/\/c.brightcove.com\/services\/viewer\/federated_f9?isVid=1&#038;isUI=1\" bgcolor=\"#FFFFFF\" flashVars=\"videoId=3665726908001&#038;playerID=917389801001&#038;playerKey=AQ~~,AAAA1DWaSzk~,CZSkTksiPhQqITLsbi03E4KbEIFdh_zL&#038;domain=embed&#038;dynamicStreaming=true\" base=\"http:\/\/admin.brightcove.com\" name=\"flashObj\" width=\"480\" height=\"270\" seamlesstabbing=\"false\" type=\"application\/x-shockwave-flash\" allowFullScreen=\"true\" allowScriptAccess=\"always\" swLiveConnect=\"true\" pluginspage=\"http:\/\/www.macromedia.com\/shockwave\/download\/index.cgi?P1_Prod_Version=ShockwaveFlash\"\/><\/object><\/p>\n<p><img decoding=\"async\" src=\"http:\/\/balkans.aljazeera.net\/sites\/staff.balkans.aljazeera.com\/files\/styles\/aljazeera_article_main_image\/public\/raketa_gaza_main_reuters.jpg?itok=e3nlr-PT\" alt=\"Raketa, Gaza\" \/><\/p>\n<p><strong><img decoding=\"async\" src=\"http:\/\/vijestiummeta.com\/wp-content\/uploads\/2014\/07\/Hamas-militants-via-AFP-615x330.jpg\" alt=\"Hamas upao u izraelsku bazu\" \/><\/strong><\/p>\n<p><span style=\"color: #000000;\">Ovaj video snimak je nepobitan dokaz da se cionisti iz Izraela dans bore protiv Palestinaca, prije svega, nadmo\u0107nom tehnikom. U prilo\u017eenom snimku vidimo pet hamasovih hrabrih komandosa kako napadaju izraelsku vojnu bazu na obali Zikim. Oni su nevi\u0111eno hrabri, odlu\u010dno su krenuli u napad na svog neprijatelja. Ali, nisu se mogli boriti protiv &#8221; nevidljivog&#8221; neprijatelja, koji ih je masakrirao iz bespilotnih letjelica.<\/span><\/p>\n<p>https:\/\/www.youtube.com\/watch?v=sinBCd2Y9Tw<\/p>\n<h3>Turska reakcija u povodu napada na Gazu<\/h3>\n<div style=\"color: #414141;\"><img loading=\"lazy\" decoding=\"async\" class=\"alignleft\" src=\"http:\/\/www.trt.net.tr\/bosanski\/fotograf\/haberler\/detay\/saopstenje-mvp-turske-povodom-izraelskih-napada-na-gazzu_trt-bosanski-28307.jpg\" alt=\"saopstenje-mvp-turske-povodom-izraelskih-napada-na-gazzu\" width=\"263\" height=\"159\" \/>Tursko Ministarstvo vanjskih poslova je izdalo saop\u0161tenje za javnost u kome je pozvalo me\u0111unarodnu zajednicu da od Izraela zahtjeva obustavu napada na Gazzu.<\/div>\n<div style=\"color: #414141;\"><\/div>\n<div style=\"color: #414141;\">Napadi izraelske vojske na Gazzu palestinskim \u017ertvama nanose dodatnu bol, saop\u0161teno je iz MVP Turske.<\/div>\n<div style=\"color: #414141;\"><\/div>\n<div style=\"color: #414141;\">&#8220;Pozivamo Izrael da okon\u010da kolektivno ka\u017enjavanje Palestinaca u Gazzi i pozivamo me\u0111unarodnu zajednicu da interveni\u0161e i sprije\u010di izraelske napade,&#8221; saop\u0161teno je iz Ministarstva vanjskih poslova Turske, koje skre\u0107e pa\u017enju da Izrael ovakvim postupcima izaziva dodatne osude.<\/div>\n<div style=\"color: #414141;\"><\/div>\n<div style=\"color: #414141;\">U te\u0161kom i osjetljivom vremenu, kakvo trenutno vlada, svi bi trebali nau\u010diti ne\u0161to iz pro\u0161lih iskustava i djelovati oprezno, kako bi se sprije\u010dio novi val nasilja i neprijateljstava.<\/div>\n","protected":false},"excerpt":{"rendered":"<p>Op\u0161iran izvje\u0161taj dana\u0161njim doga\u0111ajima u Palestini i o mogu\u0107em po\u010detku novog rata<\/p>\n","protected":false},"author":83,"featured_media":108398,"comment_status":"open","ping_status":"open","sticky":false,"template":"","format":"standard","meta":{"footnotes":""},"categories":[9,8957],"tags":[10249],"class_list":{"0":"post-108391","1":"post","2":"type-post","3":"status-publish","4":"format-standard","5":"has-post-thumbnail","7":"category-svijet","8":"category-vijesti-dana","9":"tag-palestina"},"yoast_head":"<!-- This site is optimized with the Yoast SEO Premium plugin v23.1 (Yoast SEO v24.9) - https:\/\/yoast.com\/wordpress\/plugins\/seo\/ -->\n<title>PALESTINA - Izrael ubio 24 osobe u granatiranju Gaze - Hamas granatirao Tel Aviv<\/title>\n<meta name=\"robots\" content=\"index, follow, max-snippet:-1, max-image-preview:large, max-video-preview:-1\" \/>\n<link rel=\"canonical\" href=\"https:\/\/sandzakpress.net\/arhiva\/palestina-izrael-ubio-24-osobe-u-granatiranju-gaze-hamas-granatirao-tel-aviv\/\" \/>\n<meta property=\"og:locale\" content=\"bs_BA\" \/>\n<meta property=\"og:type\" content=\"article\" \/>\n<meta property=\"og:title\" content=\"PALESTINA - Izrael ubio 24 osobe u granatiranju Gaze - Hamas granatirao Tel Aviv\" \/>\n<meta property=\"og:description\" content=\"Op\u0161iran izvje\u0161taj dana\u0161njim doga\u0111ajima u Palestini i o mogu\u0107em po\u010detku novog rata\" \/>\n<meta property=\"og:url\" content=\"https:\/\/sandzakpress.net\/arhiva\/palestina-izrael-ubio-24-osobe-u-granatiranju-gaze-hamas-granatirao-tel-aviv\/\" \/>\n<meta property=\"og:site_name\" content=\"Sand\u017eak PRESS\" \/>\n<meta property=\"article:published_time\" content=\"2014-07-09T13:28:06+00:00\" \/>\n<meta property=\"article:modified_time\" content=\"2014-07-09T15:50:00+00:00\" \/>\n<meta property=\"og:image\" content=\"https:\/\/sandzakpress.net\/arhiva\/wp-content\/uploads\/2014\/07\/140708156.10_xl.jpg\" \/>\n\t<meta property=\"og:image:width\" content=\"938\" \/>\n\t<meta property=\"og:image:height\" content=\"622\" \/>\n\t<meta property=\"og:image:type\" content=\"image\/jpeg\" \/>\n<meta name=\"author\" content=\"bosniak\" \/>\n<meta name=\"twitter:card\" content=\"summary_large_image\" \/>\n<meta name=\"twitter:label1\" content=\"Written by\" \/>\n\t<meta name=\"twitter:data1\" content=\"bosniak\" \/>\n\t<meta name=\"twitter:label2\" content=\"Est. reading time\" \/>\n\t<meta name=\"twitter:data2\" content=\"4 minute\" \/>\n<script type=\"application\/ld+json\" class=\"yoast-schema-graph\">{\"@context\":\"https:\/\/schema.org\",\"@graph\":[{\"@type\":\"Article\",\"@id\":\"https:\/\/sandzakpress.net\/arhiva\/palestina-izrael-ubio-24-osobe-u-granatiranju-gaze-hamas-granatirao-tel-aviv\/#article\",\"isPartOf\":{\"@id\":\"https:\/\/sandzakpress.net\/arhiva\/palestina-izrael-ubio-24-osobe-u-granatiranju-gaze-hamas-granatirao-tel-aviv\/\"},\"author\":{\"name\":\"bosniak\",\"@id\":\"https:\/\/sandzakpress.net\/arhiva\/#\/schema\/person\/c8baee722073534b583ea7bdb2e36c02\"},\"headline\":\"PALESTINA &#8211; Izrael ubio 24 osobe u granatiranju Gaze &#8211; Hamas granatirao Tel Aviv\",\"datePublished\":\"2014-07-09T13:28:06+00:00\",\"dateModified\":\"2014-07-09T15:50:00+00:00\",\"mainEntityOfPage\":{\"@id\":\"https:\/\/sandzakpress.net\/arhiva\/palestina-izrael-ubio-24-osobe-u-granatiranju-gaze-hamas-granatirao-tel-aviv\/\"},\"wordCount\":798,\"commentCount\":7,\"publisher\":{\"@id\":\"https:\/\/sandzakpress.net\/arhiva\/#\/schema\/person\/6e72b67d6e51910a1117b3b483ba20bd\"},\"image\":{\"@id\":\"https:\/\/sandzakpress.net\/arhiva\/palestina-izrael-ubio-24-osobe-u-granatiranju-gaze-hamas-granatirao-tel-aviv\/#primaryimage\"},\"thumbnailUrl\":\"https:\/\/sandzakpress.net\/arhiva\/wp-content\/uploads\/2014\/07\/140708156.10_xl.jpg\",\"keywords\":[\"Palestina\"],\"articleSection\":[\"Svijet\",\"VIJESTI DANA\"],\"inLanguage\":\"bs-BA\",\"potentialAction\":[{\"@type\":\"CommentAction\",\"name\":\"Comment\",\"target\":[\"https:\/\/sandzakpress.net\/arhiva\/palestina-izrael-ubio-24-osobe-u-granatiranju-gaze-hamas-granatirao-tel-aviv\/#respond\"]}]},{\"@type\":\"WebPage\",\"@id\":\"https:\/\/sandzakpress.net\/arhiva\/palestina-izrael-ubio-24-osobe-u-granatiranju-gaze-hamas-granatirao-tel-aviv\/\",\"url\":\"https:\/\/sandzakpress.net\/arhiva\/palestina-izrael-ubio-24-osobe-u-granatiranju-gaze-hamas-granatirao-tel-aviv\/\",\"name\":\"PALESTINA - Izrael ubio 24 osobe u granatiranju Gaze - Hamas granatirao Tel Aviv\",\"isPartOf\":{\"@id\":\"https:\/\/sandzakpress.net\/arhiva\/#website\"},\"primaryImageOfPage\":{\"@id\":\"https:\/\/sandzakpress.net\/arhiva\/palestina-izrael-ubio-24-osobe-u-granatiranju-gaze-hamas-granatirao-tel-aviv\/#primaryimage\"},\"image\":{\"@id\":\"https:\/\/sandzakpress.net\/arhiva\/palestina-izrael-ubio-24-osobe-u-granatiranju-gaze-hamas-granatirao-tel-aviv\/#primaryimage\"},\"thumbnailUrl\":\"https:\/\/sandzakpress.net\/arhiva\/wp-content\/uploads\/2014\/07\/140708156.10_xl.jpg\",\"datePublished\":\"2014-07-09T13:28:06+00:00\",\"dateModified\":\"2014-07-09T15:50:00+00:00\",\"breadcrumb\":{\"@id\":\"https:\/\/sandzakpress.net\/arhiva\/palestina-izrael-ubio-24-osobe-u-granatiranju-gaze-hamas-granatirao-tel-aviv\/#breadcrumb\"},\"inLanguage\":\"bs-BA\",\"potentialAction\":[{\"@type\":\"ReadAction\",\"target\":[\"https:\/\/sandzakpress.net\/arhiva\/palestina-izrael-ubio-24-osobe-u-granatiranju-gaze-hamas-granatirao-tel-aviv\/\"]}]},{\"@type\":\"ImageObject\",\"inLanguage\":\"bs-BA\",\"@id\":\"https:\/\/sandzakpress.net\/arhiva\/palestina-izrael-ubio-24-osobe-u-granatiranju-gaze-hamas-granatirao-tel-aviv\/#primaryimage\",\"url\":\"https:\/\/sandzakpress.net\/arhiva\/wp-content\/uploads\/2014\/07\/140708156.10_xl.jpg\",\"contentUrl\":\"https:\/\/sandzakpress.net\/arhiva\/wp-content\/uploads\/2014\/07\/140708156.10_xl.jpg\",\"width\":938,\"height\":622},{\"@type\":\"BreadcrumbList\",\"@id\":\"https:\/\/sandzakpress.net\/arhiva\/palestina-izrael-ubio-24-osobe-u-granatiranju-gaze-hamas-granatirao-tel-aviv\/#breadcrumb\",\"itemListElement\":[{\"@type\":\"ListItem\",\"position\":1,\"name\":\"Home\",\"item\":\"https:\/\/sandzakpress.net\/arhiva\/\"},{\"@type\":\"ListItem\",\"position\":2,\"name\":\"PALESTINA &#8211; Izrael ubio 24 osobe u granatiranju Gaze &#8211; Hamas granatirao Tel Aviv\"}]},{\"@type\":\"WebSite\",\"@id\":\"https:\/\/sandzakpress.net\/arhiva\/#website\",\"url\":\"https:\/\/sandzakpress.net\/arhiva\/\",\"name\":\"Sand\u017eak PRESS\",\"description\":\"Prve elektronske novine u Sand\u017eaku\",\"publisher\":{\"@id\":\"https:\/\/sandzakpress.net\/arhiva\/#\/schema\/person\/6e72b67d6e51910a1117b3b483ba20bd\"},\"potentialAction\":[{\"@type\":\"SearchAction\",\"target\":{\"@type\":\"EntryPoint\",\"urlTemplate\":\"https:\/\/sandzakpress.net\/arhiva\/?s={search_term_string}\"},\"query-input\":{\"@type\":\"PropertyValueSpecification\",\"valueRequired\":true,\"valueName\":\"search_term_string\"}}],\"inLanguage\":\"bs-BA\"},{\"@type\":[\"Person\",\"Organization\"],\"@id\":\"https:\/\/sandzakpress.net\/arhiva\/#\/schema\/person\/6e72b67d6e51910a1117b3b483ba20bd\",\"name\":\"Kul\",\"image\":{\"@type\":\"ImageObject\",\"inLanguage\":\"bs-BA\",\"@id\":\"https:\/\/sandzakpress.net\/arhiva\/#\/schema\/person\/image\/\",\"url\":\"https:\/\/secure.gravatar.com\/avatar\/42263f39aa27ac04c43cab85c280eb2e?s=96&d=mm&r=pg\",\"contentUrl\":\"https:\/\/secure.gravatar.com\/avatar\/42263f39aa27ac04c43cab85c280eb2e?s=96&d=mm&r=pg\",\"caption\":\"Kul\"},\"logo\":{\"@id\":\"https:\/\/sandzakpress.net\/arhiva\/#\/schema\/person\/image\/\"}},{\"@type\":\"Person\",\"@id\":\"https:\/\/sandzakpress.net\/arhiva\/#\/schema\/person\/c8baee722073534b583ea7bdb2e36c02\",\"name\":\"bosniak\",\"image\":{\"@type\":\"ImageObject\",\"inLanguage\":\"bs-BA\",\"@id\":\"https:\/\/sandzakpress.net\/arhiva\/#\/schema\/person\/image\/\",\"url\":\"https:\/\/secure.gravatar.com\/avatar\/a04fd330bfe3a36a72a0ad4a6d89fca7?s=96&d=mm&r=pg\",\"contentUrl\":\"https:\/\/secure.gravatar.com\/avatar\/a04fd330bfe3a36a72a0ad4a6d89fca7?s=96&d=mm&r=pg\",\"caption\":\"bosniak\"},\"url\":\"https:\/\/sandzakpress.net\/arhiva\/author\/bosniak\/\"}]}<\/script>\n<!-- \/ Yoast SEO Premium plugin. -->","yoast_head_json":{"title":"PALESTINA - Izrael ubio 24 osobe u granatiranju Gaze - Hamas granatirao Tel Aviv","robots":{"index":"index","follow":"follow","max-snippet":"max-snippet:-1","max-image-preview":"max-image-preview:large","max-video-preview":"max-video-preview:-1"},"canonical":"https:\/\/sandzakpress.net\/arhiva\/palestina-izrael-ubio-24-osobe-u-granatiranju-gaze-hamas-granatirao-tel-aviv\/","og_locale":"bs_BA","og_type":"article","og_title":"PALESTINA - Izrael ubio 24 osobe u granatiranju Gaze - Hamas granatirao Tel Aviv","og_description":"Op\u0161iran izvje\u0161taj dana\u0161njim doga\u0111ajima u Palestini i o mogu\u0107em po\u010detku novog rata","og_url":"https:\/\/sandzakpress.net\/arhiva\/palestina-izrael-ubio-24-osobe-u-granatiranju-gaze-hamas-granatirao-tel-aviv\/","og_site_name":"Sand\u017eak PRESS","article_published_time":"2014-07-09T13:28:06+00:00","article_modified_time":"2014-07-09T15:50:00+00:00","og_image":[{"width":938,"height":622,"url":"https:\/\/sandzakpress.net\/arhiva\/wp-content\/uploads\/2014\/07\/140708156.10_xl.jpg","type":"image\/jpeg"}],"author":"bosniak","twitter_card":"summary_large_image","twitter_misc":{"Written by":"bosniak","Est. reading time":"4 minute"},"schema":{"@context":"https:\/\/schema.org","@graph":[{"@type":"Article","@id":"https:\/\/sandzakpress.net\/arhiva\/palestina-izrael-ubio-24-osobe-u-granatiranju-gaze-hamas-granatirao-tel-aviv\/#article","isPartOf":{"@id":"https:\/\/sandzakpress.net\/arhiva\/palestina-izrael-ubio-24-osobe-u-granatiranju-gaze-hamas-granatirao-tel-aviv\/"},"author":{"name":"bosniak","@id":"https:\/\/sandzakpress.net\/arhiva\/#\/schema\/person\/c8baee722073534b583ea7bdb2e36c02"},"headline":"PALESTINA &#8211; Izrael ubio 24 osobe u granatiranju Gaze &#8211; Hamas granatirao Tel Aviv","datePublished":"2014-07-09T13:28:06+00:00","dateModified":"2014-07-09T15:50:00+00:00","mainEntityOfPage":{"@id":"https:\/\/sandzakpress.net\/arhiva\/palestina-izrael-ubio-24-osobe-u-granatiranju-gaze-hamas-granatirao-tel-aviv\/"},"wordCount":798,"commentCount":7,"publisher":{"@id":"https:\/\/sandzakpress.net\/arhiva\/#\/schema\/person\/6e72b67d6e51910a1117b3b483ba20bd"},"image":{"@id":"https:\/\/sandzakpress.net\/arhiva\/palestina-izrael-ubio-24-osobe-u-granatiranju-gaze-hamas-granatirao-tel-aviv\/#primaryimage"},"thumbnailUrl":"https:\/\/sandzakpress.net\/arhiva\/wp-content\/uploads\/2014\/07\/140708156.10_xl.jpg","keywords":["Palestina"],"articleSection":["Svijet","VIJESTI DANA"],"inLanguage":"bs-BA","potentialAction":[{"@type":"CommentAction","name":"Comment","target":["https:\/\/sandzakpress.net\/arhiva\/palestina-izrael-ubio-24-osobe-u-granatiranju-gaze-hamas-granatirao-tel-aviv\/#respond"]}]},{"@type":"WebPage","@id":"https:\/\/sandzakpress.net\/arhiva\/palestina-izrael-ubio-24-osobe-u-granatiranju-gaze-hamas-granatirao-tel-aviv\/","url":"https:\/\/sandzakpress.net\/arhiva\/palestina-izrael-ubio-24-osobe-u-granatiranju-gaze-hamas-granatirao-tel-aviv\/","name":"PALESTINA - Izrael ubio 24 osobe u granatiranju Gaze - Hamas granatirao Tel Aviv","isPartOf":{"@id":"https:\/\/sandzakpress.net\/arhiva\/#website"},"primaryImageOfPage":{"@id":"https:\/\/sandzakpress.net\/arhiva\/palestina-izrael-ubio-24-osobe-u-granatiranju-gaze-hamas-granatirao-tel-aviv\/#primaryimage"},"image":{"@id":"https:\/\/sandzakpress.net\/arhiva\/palestina-izrael-ubio-24-osobe-u-granatiranju-gaze-hamas-granatirao-tel-aviv\/#primaryimage"},"thumbnailUrl":"https:\/\/sandzakpress.net\/arhiva\/wp-content\/uploads\/2014\/07\/140708156.10_xl.jpg","datePublished":"2014-07-09T13:28:06+00:00","dateModified":"2014-07-09T15:50:00+00:00","breadcrumb":{"@id":"https:\/\/sandzakpress.net\/arhiva\/palestina-izrael-ubio-24-osobe-u-granatiranju-gaze-hamas-granatirao-tel-aviv\/#breadcrumb"},"inLanguage":"bs-BA","potentialAction":[{"@type":"ReadAction","target":["https:\/\/sandzakpress.net\/arhiva\/palestina-izrael-ubio-24-osobe-u-granatiranju-gaze-hamas-granatirao-tel-aviv\/"]}]},{"@type":"ImageObject","inLanguage":"bs-BA","@id":"https:\/\/sandzakpress.net\/arhiva\/palestina-izrael-ubio-24-osobe-u-granatiranju-gaze-hamas-granatirao-tel-aviv\/#primaryimage","url":"https:\/\/sandzakpress.net\/arhiva\/wp-content\/uploads\/2014\/07\/140708156.10_xl.jpg","contentUrl":"https:\/\/sandzakpress.net\/arhiva\/wp-content\/uploads\/2014\/07\/140708156.10_xl.jpg","width":938,"height":622},{"@type":"BreadcrumbList","@id":"https:\/\/sandzakpress.net\/arhiva\/palestina-izrael-ubio-24-osobe-u-granatiranju-gaze-hamas-granatirao-tel-aviv\/#breadcrumb","itemListElement":[{"@type":"ListItem","position":1,"name":"Home","item":"https:\/\/sandzakpress.net\/arhiva\/"},{"@type":"ListItem","position":2,"name":"PALESTINA &#8211; Izrael ubio 24 osobe u granatiranju Gaze &#8211; Hamas granatirao Tel Aviv"}]},{"@type":"WebSite","@id":"https:\/\/sandzakpress.net\/arhiva\/#website","url":"https:\/\/sandzakpress.net\/arhiva\/","name":"Sand\u017eak PRESS","description":"Prve elektronske novine u Sand\u017eaku","publisher":{"@id":"https:\/\/sandzakpress.net\/arhiva\/#\/schema\/person\/6e72b67d6e51910a1117b3b483ba20bd"},"potentialAction":[{"@type":"SearchAction","target":{"@type":"EntryPoint","urlTemplate":"https:\/\/sandzakpress.net\/arhiva\/?s={search_term_string}"},"query-input":{"@type":"PropertyValueSpecification","valueRequired":true,"valueName":"search_term_string"}}],"inLanguage":"bs-BA"},{"@type":["Person","Organization"],"@id":"https:\/\/sandzakpress.net\/arhiva\/#\/schema\/person\/6e72b67d6e51910a1117b3b483ba20bd","name":"Kul","image":{"@type":"ImageObject","inLanguage":"bs-BA","@id":"https:\/\/sandzakpress.net\/arhiva\/#\/schema\/person\/image\/","url":"https:\/\/secure.gravatar.com\/avatar\/42263f39aa27ac04c43cab85c280eb2e?s=96&d=mm&r=pg","contentUrl":"https:\/\/secure.gravatar.com\/avatar\/42263f39aa27ac04c43cab85c280eb2e?s=96&d=mm&r=pg","caption":"Kul"},"logo":{"@id":"https:\/\/sandzakpress.net\/arhiva\/#\/schema\/person\/image\/"}},{"@type":"Person","@id":"https:\/\/sandzakpress.net\/arhiva\/#\/schema\/person\/c8baee722073534b583ea7bdb2e36c02","name":"bosniak","image":{"@type":"ImageObject","inLanguage":"bs-BA","@id":"https:\/\/sandzakpress.net\/arhiva\/#\/schema\/person\/image\/","url":"https:\/\/secure.gravatar.com\/avatar\/a04fd330bfe3a36a72a0ad4a6d89fca7?s=96&d=mm&r=pg","contentUrl":"https:\/\/secure.gravatar.com\/avatar\/a04fd330bfe3a36a72a0ad4a6d89fca7?s=96&d=mm&r=pg","caption":"bosniak"},"url":"https:\/\/sandzakpress.net\/arhiva\/author\/bosniak\/"}]}},"_links":{"self":[{"href":"https:\/\/sandzakpress.net\/arhiva\/wp-json\/wp\/v2\/posts\/108391"}],"collection":[{"href":"https:\/\/sandzakpress.net\/arhiva\/wp-json\/wp\/v2\/posts"}],"about":[{"href":"https:\/\/sandzakpress.net\/arhiva\/wp-json\/wp\/v2\/types\/post"}],"author":[{"embeddable":true,"href":"https:\/\/sandzakpress.net\/arhiva\/wp-json\/wp\/v2\/users\/83"}],"replies":[{"embeddable":true,"href":"https:\/\/sandzakpress.net\/arhiva\/wp-json\/wp\/v2\/comments?post=108391"}],"version-history":[{"count":0,"href":"https:\/\/sandzakpress.net\/arhiva\/wp-json\/wp\/v2\/posts\/108391\/revisions"}],"wp:featuredmedia":[{"embeddable":true,"href":"https:\/\/sandzakpress.net\/arhiva\/wp-json\/wp\/v2\/media\/108398"}],"wp:attachment":[{"href":"https:\/\/sandzakpress.net\/arhiva\/wp-json\/wp\/v2\/media?parent=108391"}],"wp:term":[{"taxonomy":"category","embeddable":true,"href":"https:\/\/sandzakpress.net\/arhiva\/wp-json\/wp\/v2\/categories?post=108391"},{"taxonomy":"post_tag","embeddable":true,"href":"https:\/\/sandzakpress.net\/arhiva\/wp-json\/wp\/v2\/tags?post=108391"}],"curies":[{"name":"wp","href":"https:\/\/api.w.org\/{rel}","templated":true}]}}