{"id":108292,"date":"2014-07-07T11:57:21","date_gmt":"2014-07-07T09:57:21","guid":{"rendered":"https:\/\/sandzakpress.net\/arhiva\/?p=108292"},"modified":"2014-07-07T15:37:12","modified_gmt":"2014-07-07T13:37:12","slug":"nije-izabran-predsjednik-skupstine-opstine-bijelo-polje","status":"publish","type":"post","link":"https:\/\/sandzakpress.net\/arhiva\/nije-izabran-predsjednik-skupstine-opstine-bijelo-polje\/","title":{"rendered":"Nije izabran predsjednik Skup\u0161tine op\u0161tine Bijelo Polje"},"content":{"rendered":"<p class=\"title\" style=\"color: #000000;\"><strong><img decoding=\"async\" src=\"http:\/\/www.kodex.me\/storage\/2014\/07\/07\/thumbs\/53ba85a7-85ec-4ece-98ad-458c5bfa64d2-opstinabp-preview.jpg\" alt=\" Nije izabran predsjednik Skup\u0161tine op\u0161tine Bijelo Polje\" \/><\/strong><\/p>\n<p class=\"title\" style=\"color: #000000;\"><strong>Bijelo Polje &#8211; Na prvoj konstituitivnoj sjednici lokalnog parlamenta u Bijelom Polju, danas je verifikovano 38 odborni\u010dkih mandata, ali nije izabran predsjednik Skup\u0161tine op\u0161tine.<\/strong><\/p>\n<div class=\"articleText\" style=\"color: #000000;\">\n<p style=\"font-weight: inherit; font-style: inherit;\">Predsjednik Skup\u0161tine nije izabran jer skup\u0161tini nije pristigao ni jedan prijedlog, pa je ova ta\u010dka dnevnog reda odlo\u017eena za naredno zasijedanje, pi\u0161u Vijesti.<\/p>\n<p style=\"font-weight: inherit; font-style: inherit;\">Na lokalnim izborima u toj o\u0161tini Demokratska partija socijalista je osvojila 19 odborni\u010dkih mandata, Socijalisti\u010dka narodna partija sedam, Socijaldemokratska partija i Demokratski front po pet i Bo\u0161nja\u010dka stranka dva odborni\u010dka mandata.<\/p>\n<\/div>\n","protected":false},"excerpt":{"rendered":"<p>Bijelo Polje &#8211; Na prvoj konstituitivnoj sjednici lokalnog parlamenta u Bijelom Polju, danas je verifikovano 38 odborni\u010dkih mandata, ali nije izabran predsjednik Skup\u0161tine op\u0161tine. Predsjednik Skup\u0161tine nije izabran jer skup\u0161tini nije pristigao ni jedan prijedlog, pa je ova ta\u010dka dnevnog reda odlo\u017eena za naredno zasijedanje, pi\u0161u Vijesti. Na lokalnim izborima u toj o\u0161tini Demokratska partija [&hellip;]<\/p>\n","protected":false},"author":83,"featured_media":108293,"comment_status":"open","ping_status":"open","sticky":false,"template":"","format":"standard","meta":{"footnotes":""},"categories":[1,396,8957],"tags":[10450],"class_list":{"0":"post-108292","1":"post","2":"type-post","3":"status-publish","4":"format-standard","5":"has-post-thumbnail","7":"category-politika","8":"category-bijelo_polje","9":"category-vijesti-dana","10":"tag-vlast-u-bijelom-polju"},"yoast_head":"<!-- This site is optimized with the Yoast SEO Premium plugin v23.1 (Yoast SEO v24.9) - https:\/\/yoast.com\/wordpress\/plugins\/seo\/ -->\n<title>Nije izabran predsjednik Skup\u0161tine op\u0161tine Bijelo Polje<\/title>\n<meta name=\"robots\" content=\"index, follow, max-snippet:-1, max-image-preview:large, max-video-preview:-1\" \/>\n<link rel=\"canonical\" href=\"https:\/\/sandzakpress.net\/arhiva\/nije-izabran-predsjednik-skupstine-opstine-bijelo-polje\/\" \/>\n<meta property=\"og:locale\" content=\"bs_BA\" \/>\n<meta property=\"og:type\" content=\"article\" \/>\n<meta property=\"og:title\" content=\"Nije izabran predsjednik Skup\u0161tine op\u0161tine Bijelo Polje\" \/>\n<meta property=\"og:description\" content=\"Bijelo Polje &#8211; Na prvoj konstituitivnoj sjednici lokalnog parlamenta u Bijelom Polju, danas je verifikovano 38 odborni\u010dkih mandata, ali nije izabran predsjednik Skup\u0161tine op\u0161tine. Predsjednik Skup\u0161tine nije izabran jer skup\u0161tini nije pristigao ni jedan prijedlog, pa je ova ta\u010dka dnevnog reda odlo\u017eena za naredno zasijedanje, pi\u0161u Vijesti. Na lokalnim izborima u toj o\u0161tini Demokratska partija [&hellip;]\" \/>\n<meta property=\"og:url\" content=\"https:\/\/sandzakpress.net\/arhiva\/nije-izabran-predsjednik-skupstine-opstine-bijelo-polje\/\" \/>\n<meta property=\"og:site_name\" content=\"Sand\u017eak PRESS\" \/>\n<meta property=\"article:published_time\" content=\"2014-07-07T09:57:21+00:00\" \/>\n<meta property=\"article:modified_time\" content=\"2014-07-07T13:37:12+00:00\" \/>\n<meta property=\"og:image\" content=\"https:\/\/sandzakpress.net\/arhiva\/wp-content\/uploads\/2014\/07\/53ba85a7-85ec-4ece-98ad-458c5bfa64d2-opstinabp-preview.jpg\" \/>\n\t<meta property=\"og:image:width\" content=\"670\" \/>\n\t<meta property=\"og:image:height\" content=\"433\" \/>\n\t<meta property=\"og:image:type\" content=\"image\/jpeg\" \/>\n<meta name=\"author\" content=\"bosniak\" \/>\n<meta name=\"twitter:card\" content=\"summary_large_image\" \/>\n<meta name=\"twitter:label1\" content=\"Written by\" \/>\n\t<meta name=\"twitter:data1\" content=\"bosniak\" \/>\n<script type=\"application\/ld+json\" class=\"yoast-schema-graph\">{\"@context\":\"https:\/\/schema.org\",\"@graph\":[{\"@type\":\"Article\",\"@id\":\"https:\/\/sandzakpress.net\/arhiva\/nije-izabran-predsjednik-skupstine-opstine-bijelo-polje\/#article\",\"isPartOf\":{\"@id\":\"https:\/\/sandzakpress.net\/arhiva\/nije-izabran-predsjednik-skupstine-opstine-bijelo-polje\/\"},\"author\":{\"name\":\"bosniak\",\"@id\":\"https:\/\/sandzakpress.net\/arhiva\/#\/schema\/person\/c8baee722073534b583ea7bdb2e36c02\"},\"headline\":\"Nije izabran predsjednik Skup\u0161tine op\u0161tine Bijelo Polje\",\"datePublished\":\"2014-07-07T09:57:21+00:00\",\"dateModified\":\"2014-07-07T13:37:12+00:00\",\"mainEntityOfPage\":{\"@id\":\"https:\/\/sandzakpress.net\/arhiva\/nije-izabran-predsjednik-skupstine-opstine-bijelo-polje\/\"},\"wordCount\":99,\"commentCount\":6,\"publisher\":{\"@id\":\"https:\/\/sandzakpress.net\/arhiva\/#\/schema\/person\/6e72b67d6e51910a1117b3b483ba20bd\"},\"image\":{\"@id\":\"https:\/\/sandzakpress.net\/arhiva\/nije-izabran-predsjednik-skupstine-opstine-bijelo-polje\/#primaryimage\"},\"thumbnailUrl\":\"https:\/\/sandzakpress.net\/arhiva\/wp-content\/uploads\/2014\/07\/53ba85a7-85ec-4ece-98ad-458c5bfa64d2-opstinabp-preview.jpg\",\"keywords\":[\"Vlast u Bijelom Polju\"],\"articleSection\":[\"Politika\",\"Bijelo Polje\",\"VIJESTI DANA\"],\"inLanguage\":\"bs-BA\",\"potentialAction\":[{\"@type\":\"CommentAction\",\"name\":\"Comment\",\"target\":[\"https:\/\/sandzakpress.net\/arhiva\/nije-izabran-predsjednik-skupstine-opstine-bijelo-polje\/#respond\"]}]},{\"@type\":\"WebPage\",\"@id\":\"https:\/\/sandzakpress.net\/arhiva\/nije-izabran-predsjednik-skupstine-opstine-bijelo-polje\/\",\"url\":\"https:\/\/sandzakpress.net\/arhiva\/nije-izabran-predsjednik-skupstine-opstine-bijelo-polje\/\",\"name\":\"Nije izabran predsjednik Skup\u0161tine op\u0161tine Bijelo Polje\",\"isPartOf\":{\"@id\":\"https:\/\/sandzakpress.net\/arhiva\/#website\"},\"primaryImageOfPage\":{\"@id\":\"https:\/\/sandzakpress.net\/arhiva\/nije-izabran-predsjednik-skupstine-opstine-bijelo-polje\/#primaryimage\"},\"image\":{\"@id\":\"https:\/\/sandzakpress.net\/arhiva\/nije-izabran-predsjednik-skupstine-opstine-bijelo-polje\/#primaryimage\"},\"thumbnailUrl\":\"https:\/\/sandzakpress.net\/arhiva\/wp-content\/uploads\/2014\/07\/53ba85a7-85ec-4ece-98ad-458c5bfa64d2-opstinabp-preview.jpg\",\"datePublished\":\"2014-07-07T09:57:21+00:00\",\"dateModified\":\"2014-07-07T13:37:12+00:00\",\"breadcrumb\":{\"@id\":\"https:\/\/sandzakpress.net\/arhiva\/nije-izabran-predsjednik-skupstine-opstine-bijelo-polje\/#breadcrumb\"},\"inLanguage\":\"bs-BA\",\"potentialAction\":[{\"@type\":\"ReadAction\",\"target\":[\"https:\/\/sandzakpress.net\/arhiva\/nije-izabran-predsjednik-skupstine-opstine-bijelo-polje\/\"]}]},{\"@type\":\"ImageObject\",\"inLanguage\":\"bs-BA\",\"@id\":\"https:\/\/sandzakpress.net\/arhiva\/nije-izabran-predsjednik-skupstine-opstine-bijelo-polje\/#primaryimage\",\"url\":\"https:\/\/sandzakpress.net\/arhiva\/wp-content\/uploads\/2014\/07\/53ba85a7-85ec-4ece-98ad-458c5bfa64d2-opstinabp-preview.jpg\",\"contentUrl\":\"https:\/\/sandzakpress.net\/arhiva\/wp-content\/uploads\/2014\/07\/53ba85a7-85ec-4ece-98ad-458c5bfa64d2-opstinabp-preview.jpg\",\"width\":670,\"height\":433},{\"@type\":\"BreadcrumbList\",\"@id\":\"https:\/\/sandzakpress.net\/arhiva\/nije-izabran-predsjednik-skupstine-opstine-bijelo-polje\/#breadcrumb\",\"itemListElement\":[{\"@type\":\"ListItem\",\"position\":1,\"name\":\"Home\",\"item\":\"https:\/\/sandzakpress.net\/arhiva\/\"},{\"@type\":\"ListItem\",\"position\":2,\"name\":\"Nije izabran predsjednik Skup\u0161tine op\u0161tine Bijelo Polje\"}]},{\"@type\":\"WebSite\",\"@id\":\"https:\/\/sandzakpress.net\/arhiva\/#website\",\"url\":\"https:\/\/sandzakpress.net\/arhiva\/\",\"name\":\"Sand\u017eak PRESS\",\"description\":\"Prve elektronske novine u Sand\u017eaku\",\"publisher\":{\"@id\":\"https:\/\/sandzakpress.net\/arhiva\/#\/schema\/person\/6e72b67d6e51910a1117b3b483ba20bd\"},\"potentialAction\":[{\"@type\":\"SearchAction\",\"target\":{\"@type\":\"EntryPoint\",\"urlTemplate\":\"https:\/\/sandzakpress.net\/arhiva\/?s={search_term_string}\"},\"query-input\":{\"@type\":\"PropertyValueSpecification\",\"valueRequired\":true,\"valueName\":\"search_term_string\"}}],\"inLanguage\":\"bs-BA\"},{\"@type\":[\"Person\",\"Organization\"],\"@id\":\"https:\/\/sandzakpress.net\/arhiva\/#\/schema\/person\/6e72b67d6e51910a1117b3b483ba20bd\",\"name\":\"Kul\",\"image\":{\"@type\":\"ImageObject\",\"inLanguage\":\"bs-BA\",\"@id\":\"https:\/\/sandzakpress.net\/arhiva\/#\/schema\/person\/image\/\",\"url\":\"https:\/\/secure.gravatar.com\/avatar\/42263f39aa27ac04c43cab85c280eb2e?s=96&d=mm&r=pg\",\"contentUrl\":\"https:\/\/secure.gravatar.com\/avatar\/42263f39aa27ac04c43cab85c280eb2e?s=96&d=mm&r=pg\",\"caption\":\"Kul\"},\"logo\":{\"@id\":\"https:\/\/sandzakpress.net\/arhiva\/#\/schema\/person\/image\/\"}},{\"@type\":\"Person\",\"@id\":\"https:\/\/sandzakpress.net\/arhiva\/#\/schema\/person\/c8baee722073534b583ea7bdb2e36c02\",\"name\":\"bosniak\",\"image\":{\"@type\":\"ImageObject\",\"inLanguage\":\"bs-BA\",\"@id\":\"https:\/\/sandzakpress.net\/arhiva\/#\/schema\/person\/image\/\",\"url\":\"https:\/\/secure.gravatar.com\/avatar\/a04fd330bfe3a36a72a0ad4a6d89fca7?s=96&d=mm&r=pg\",\"contentUrl\":\"https:\/\/secure.gravatar.com\/avatar\/a04fd330bfe3a36a72a0ad4a6d89fca7?s=96&d=mm&r=pg\",\"caption\":\"bosniak\"},\"url\":\"https:\/\/sandzakpress.net\/arhiva\/author\/bosniak\/\"}]}<\/script>\n<!-- \/ Yoast SEO Premium plugin. -->","yoast_head_json":{"title":"Nije izabran predsjednik Skup\u0161tine op\u0161tine Bijelo Polje","robots":{"index":"index","follow":"follow","max-snippet":"max-snippet:-1","max-image-preview":"max-image-preview:large","max-video-preview":"max-video-preview:-1"},"canonical":"https:\/\/sandzakpress.net\/arhiva\/nije-izabran-predsjednik-skupstine-opstine-bijelo-polje\/","og_locale":"bs_BA","og_type":"article","og_title":"Nije izabran predsjednik Skup\u0161tine op\u0161tine Bijelo Polje","og_description":"Bijelo Polje &#8211; Na prvoj konstituitivnoj sjednici lokalnog parlamenta u Bijelom Polju, danas je verifikovano 38 odborni\u010dkih mandata, ali nije izabran predsjednik Skup\u0161tine op\u0161tine. Predsjednik Skup\u0161tine nije izabran jer skup\u0161tini nije pristigao ni jedan prijedlog, pa je ova ta\u010dka dnevnog reda odlo\u017eena za naredno zasijedanje, pi\u0161u Vijesti. Na lokalnim izborima u toj o\u0161tini Demokratska partija [&hellip;]","og_url":"https:\/\/sandzakpress.net\/arhiva\/nije-izabran-predsjednik-skupstine-opstine-bijelo-polje\/","og_site_name":"Sand\u017eak PRESS","article_published_time":"2014-07-07T09:57:21+00:00","article_modified_time":"2014-07-07T13:37:12+00:00","og_image":[{"width":670,"height":433,"url":"https:\/\/sandzakpress.net\/arhiva\/wp-content\/uploads\/2014\/07\/53ba85a7-85ec-4ece-98ad-458c5bfa64d2-opstinabp-preview.jpg","type":"image\/jpeg"}],"author":"bosniak","twitter_card":"summary_large_image","twitter_misc":{"Written by":"bosniak"},"schema":{"@context":"https:\/\/schema.org","@graph":[{"@type":"Article","@id":"https:\/\/sandzakpress.net\/arhiva\/nije-izabran-predsjednik-skupstine-opstine-bijelo-polje\/#article","isPartOf":{"@id":"https:\/\/sandzakpress.net\/arhiva\/nije-izabran-predsjednik-skupstine-opstine-bijelo-polje\/"},"author":{"name":"bosniak","@id":"https:\/\/sandzakpress.net\/arhiva\/#\/schema\/person\/c8baee722073534b583ea7bdb2e36c02"},"headline":"Nije izabran predsjednik Skup\u0161tine op\u0161tine Bijelo Polje","datePublished":"2014-07-07T09:57:21+00:00","dateModified":"2014-07-07T13:37:12+00:00","mainEntityOfPage":{"@id":"https:\/\/sandzakpress.net\/arhiva\/nije-izabran-predsjednik-skupstine-opstine-bijelo-polje\/"},"wordCount":99,"commentCount":6,"publisher":{"@id":"https:\/\/sandzakpress.net\/arhiva\/#\/schema\/person\/6e72b67d6e51910a1117b3b483ba20bd"},"image":{"@id":"https:\/\/sandzakpress.net\/arhiva\/nije-izabran-predsjednik-skupstine-opstine-bijelo-polje\/#primaryimage"},"thumbnailUrl":"https:\/\/sandzakpress.net\/arhiva\/wp-content\/uploads\/2014\/07\/53ba85a7-85ec-4ece-98ad-458c5bfa64d2-opstinabp-preview.jpg","keywords":["Vlast u Bijelom Polju"],"articleSection":["Politika","Bijelo Polje","VIJESTI DANA"],"inLanguage":"bs-BA","potentialAction":[{"@type":"CommentAction","name":"Comment","target":["https:\/\/sandzakpress.net\/arhiva\/nije-izabran-predsjednik-skupstine-opstine-bijelo-polje\/#respond"]}]},{"@type":"WebPage","@id":"https:\/\/sandzakpress.net\/arhiva\/nije-izabran-predsjednik-skupstine-opstine-bijelo-polje\/","url":"https:\/\/sandzakpress.net\/arhiva\/nije-izabran-predsjednik-skupstine-opstine-bijelo-polje\/","name":"Nije izabran predsjednik Skup\u0161tine op\u0161tine Bijelo Polje","isPartOf":{"@id":"https:\/\/sandzakpress.net\/arhiva\/#website"},"primaryImageOfPage":{"@id":"https:\/\/sandzakpress.net\/arhiva\/nije-izabran-predsjednik-skupstine-opstine-bijelo-polje\/#primaryimage"},"image":{"@id":"https:\/\/sandzakpress.net\/arhiva\/nije-izabran-predsjednik-skupstine-opstine-bijelo-polje\/#primaryimage"},"thumbnailUrl":"https:\/\/sandzakpress.net\/arhiva\/wp-content\/uploads\/2014\/07\/53ba85a7-85ec-4ece-98ad-458c5bfa64d2-opstinabp-preview.jpg","datePublished":"2014-07-07T09:57:21+00:00","dateModified":"2014-07-07T13:37:12+00:00","breadcrumb":{"@id":"https:\/\/sandzakpress.net\/arhiva\/nije-izabran-predsjednik-skupstine-opstine-bijelo-polje\/#breadcrumb"},"inLanguage":"bs-BA","potentialAction":[{"@type":"ReadAction","target":["https:\/\/sandzakpress.net\/arhiva\/nije-izabran-predsjednik-skupstine-opstine-bijelo-polje\/"]}]},{"@type":"ImageObject","inLanguage":"bs-BA","@id":"https:\/\/sandzakpress.net\/arhiva\/nije-izabran-predsjednik-skupstine-opstine-bijelo-polje\/#primaryimage","url":"https:\/\/sandzakpress.net\/arhiva\/wp-content\/uploads\/2014\/07\/53ba85a7-85ec-4ece-98ad-458c5bfa64d2-opstinabp-preview.jpg","contentUrl":"https:\/\/sandzakpress.net\/arhiva\/wp-content\/uploads\/2014\/07\/53ba85a7-85ec-4ece-98ad-458c5bfa64d2-opstinabp-preview.jpg","width":670,"height":433},{"@type":"BreadcrumbList","@id":"https:\/\/sandzakpress.net\/arhiva\/nije-izabran-predsjednik-skupstine-opstine-bijelo-polje\/#breadcrumb","itemListElement":[{"@type":"ListItem","position":1,"name":"Home","item":"https:\/\/sandzakpress.net\/arhiva\/"},{"@type":"ListItem","position":2,"name":"Nije izabran predsjednik Skup\u0161tine op\u0161tine Bijelo Polje"}]},{"@type":"WebSite","@id":"https:\/\/sandzakpress.net\/arhiva\/#website","url":"https:\/\/sandzakpress.net\/arhiva\/","name":"Sand\u017eak PRESS","description":"Prve elektronske novine u Sand\u017eaku","publisher":{"@id":"https:\/\/sandzakpress.net\/arhiva\/#\/schema\/person\/6e72b67d6e51910a1117b3b483ba20bd"},"potentialAction":[{"@type":"SearchAction","target":{"@type":"EntryPoint","urlTemplate":"https:\/\/sandzakpress.net\/arhiva\/?s={search_term_string}"},"query-input":{"@type":"PropertyValueSpecification","valueRequired":true,"valueName":"search_term_string"}}],"inLanguage":"bs-BA"},{"@type":["Person","Organization"],"@id":"https:\/\/sandzakpress.net\/arhiva\/#\/schema\/person\/6e72b67d6e51910a1117b3b483ba20bd","name":"Kul","image":{"@type":"ImageObject","inLanguage":"bs-BA","@id":"https:\/\/sandzakpress.net\/arhiva\/#\/schema\/person\/image\/","url":"https:\/\/secure.gravatar.com\/avatar\/42263f39aa27ac04c43cab85c280eb2e?s=96&d=mm&r=pg","contentUrl":"https:\/\/secure.gravatar.com\/avatar\/42263f39aa27ac04c43cab85c280eb2e?s=96&d=mm&r=pg","caption":"Kul"},"logo":{"@id":"https:\/\/sandzakpress.net\/arhiva\/#\/schema\/person\/image\/"}},{"@type":"Person","@id":"https:\/\/sandzakpress.net\/arhiva\/#\/schema\/person\/c8baee722073534b583ea7bdb2e36c02","name":"bosniak","image":{"@type":"ImageObject","inLanguage":"bs-BA","@id":"https:\/\/sandzakpress.net\/arhiva\/#\/schema\/person\/image\/","url":"https:\/\/secure.gravatar.com\/avatar\/a04fd330bfe3a36a72a0ad4a6d89fca7?s=96&d=mm&r=pg","contentUrl":"https:\/\/secure.gravatar.com\/avatar\/a04fd330bfe3a36a72a0ad4a6d89fca7?s=96&d=mm&r=pg","caption":"bosniak"},"url":"https:\/\/sandzakpress.net\/arhiva\/author\/bosniak\/"}]}},"_links":{"self":[{"href":"https:\/\/sandzakpress.net\/arhiva\/wp-json\/wp\/v2\/posts\/108292"}],"collection":[{"href":"https:\/\/sandzakpress.net\/arhiva\/wp-json\/wp\/v2\/posts"}],"about":[{"href":"https:\/\/sandzakpress.net\/arhiva\/wp-json\/wp\/v2\/types\/post"}],"author":[{"embeddable":true,"href":"https:\/\/sandzakpress.net\/arhiva\/wp-json\/wp\/v2\/users\/83"}],"replies":[{"embeddable":true,"href":"https:\/\/sandzakpress.net\/arhiva\/wp-json\/wp\/v2\/comments?post=108292"}],"version-history":[{"count":0,"href":"https:\/\/sandzakpress.net\/arhiva\/wp-json\/wp\/v2\/posts\/108292\/revisions"}],"wp:featuredmedia":[{"embeddable":true,"href":"https:\/\/sandzakpress.net\/arhiva\/wp-json\/wp\/v2\/media\/108293"}],"wp:attachment":[{"href":"https:\/\/sandzakpress.net\/arhiva\/wp-json\/wp\/v2\/media?parent=108292"}],"wp:term":[{"taxonomy":"category","embeddable":true,"href":"https:\/\/sandzakpress.net\/arhiva\/wp-json\/wp\/v2\/categories?post=108292"},{"taxonomy":"post_tag","embeddable":true,"href":"https:\/\/sandzakpress.net\/arhiva\/wp-json\/wp\/v2\/tags?post=108292"}],"curies":[{"name":"wp","href":"https:\/\/api.w.org\/{rel}","templated":true}]}}