{"id":108262,"date":"2014-07-05T16:51:14","date_gmt":"2014-07-05T14:51:14","guid":{"rendered":"https:\/\/sandzakpress.net\/arhiva\/?p=108262"},"modified":"2014-07-06T12:50:31","modified_gmt":"2014-07-06T10:50:31","slug":"samoproglaseni-halifa-ebu-bekr-el-bagdadi-po-prvi-puta-u-javnosti","status":"publish","type":"post","link":"https:\/\/sandzakpress.net\/arhiva\/samoproglaseni-halifa-ebu-bekr-el-bagdadi-po-prvi-puta-u-javnosti\/","title":{"rendered":"Progla\u0161eni halifa Ebu Bekr el-Bagdadi po prvi put u javnosti"},"content":{"rendered":"<p>https:\/\/www.youtube.com\/watch?v=itu6NhED9Yk<\/p>\n<p style=\"text-align: left;\">Samoprogla\u0161eni halifa ebu Bekr el-Bagdadi, kojeg nije podr\u017eao jo\u0161 niko od poznatih u\u010denjaka u svijetu, ju\u010der je predvodio d\u017euma namaz u najve\u0107oj Mosulskoj d\u017eamiji \u00a0i odr\u017eao je hutbu. Ovo je video snimak\u00a0sa d\u017eumma namazaebu Bekra al-Bagdadija.<\/p>\n<p style=\"color: #111111;\">El Bagdadi je na po\u010detku obra\u0107anja \u010destitao ummetu post mjeseca ramazana, a potom se osvrnuo na vrijednost \u017ertvovanja, kao i na nezavidno stanje muslimana u svijetu te podsticao svoje vojnike rije\u010dima:<\/p>\n<p style=\"color: #111111;\">\u201cPa neka va\u0161e ambicije budu visoke o vojnici Islamske Dr\u017eave! Va\u0161a bra\u0107a \u0161irom svijeta \u010dekaju da ih spasite, oni i\u0161\u010dekuju va\u0161e \u010dete. Dovoljni su vam prizori koje ste vidjeli iz Centralne Afrike, i Burme prije toga. A ono \u0161to je sakriveno od nas je daleko gore. Zato, tako nam Allaha, osveti\u0107emo se! Tako nam Allaha, osveti\u0107emo se!\u201d<\/p>\n<p style=\"color: #111111;\">U daljem govoru, El Bagdadi je pozvao muslimane da u\u010dine hid\u017eru u Islamsku Dr\u017eavu:<\/p>\n<p style=\"color: #111111;\">\u201cO muslimani u svakom mjestu, ko god je u stanju da u\u010dini hid\u017eru u Islamsku Dr\u017eavu, neka to uradi, jer je hid\u017era u zemlju islama obavezna.\u201d<\/p>\n<p style=\"color: #111111;\">Na kraju svog govora, Bagdadi se obratio svojim vojnicima:<\/p>\n<p style=\"color: #111111;\">\u201cPrihvatite jedni druge i nemojte se podvajati. Ujedinite se i nemojte se prepirati. Bojte se Allaha u kad ste sami i me\u0111u ljudima, javno i tajno. Klonite se grijeha. Protjerajte iz va\u0161ih redova one koji javno \u010dine grijehe. \u010cuvajte se gordosti, oholosti i samodopadanja\u2026<\/p>\n<p style=\"color: #111111;\">Tako\u0111er vas podsje\u0107am da se lijepo odnosite prema muslimanima i ehlisunnetskim plemenima.<\/p>\n<p style=\"color: #111111;\">Ostanite budni \u010duvaju\u0107i ih da bi oni bili bezbjedni i mirni. Budite njihovi pomaga\u010di. Reagujte blago ako oni pogrije\u0161e. Budite ljubazni prema njima, nalazite im opravdanja koliko god mo\u017eete.\u201d<\/p>\n<p style=\"color: #111111;\"><img loading=\"lazy\" decoding=\"async\" class=\"aligncenter size-full wp-image-108267\" src=\"https:\/\/sandzakpress.net\/arhiva\/wp-content\/uploads\/2014\/07\/unnamed1.jpg\" alt=\"unnamed\" width=\"620\" height=\"291\" srcset=\"https:\/\/sandzakpress.net\/arhiva\/wp-content\/uploads\/2014\/07\/unnamed1.jpg 620w, https:\/\/sandzakpress.net\/arhiva\/wp-content\/uploads\/2014\/07\/unnamed1-616x289.jpg 616w\" sizes=\"(max-width: 620px) 100vw, 620px\" \/><\/p>\n<h3 style=\"color: #111111;\">IDI\u0160 u Siriji vodi borbu protiv Med\u017elisa \u0161ure koje sa\u010dinjavaju sve ostale d\u017eihadske formacije u Siriji<\/h3>\n<p style=\"color: #111111;\">Poruka Ebu Bekra el Bagdadija je objavljena na mnogim sajtovima u audio formatu, a do\u0161la je u samoj \u017eestini ofanzive koju Dewla (IDI\u0160) sprovodi u pokrajini Deir ez Zur na istoku Siriji, dok bijesne\u00a0borbe izme\u0111u Dewle i Vojske islama u Isto\u010dnoj Guti, predgra\u0111u Damaska.<\/p>\n<p style=\"color: #111111;\">Dewla (IDI\u0160) je u zadnjih mjesec dana od D\u017eebhetun-nusre i drugih d\u017eihadskih skupina zauzela ve\u0107i broj gradova u provinciji Deir ez Zur, dok je sam grad Deir ez Zur, ve\u0107 mjesec dana pod opsadom Dewle i Asadovih snaga. Aktivisti iz Deir ez Zura danima \u0161alju vapaje za pomo\u0107 i ka\u017eu da u grad ne mogu u\u0107i ni hrana ni ljekovi.<\/p>\n<p style=\"color: #111111;\">Prema zadnjim informacijama, nakon osvajanja Albu Kemala, Dewla je preuzela kontrolu nad \u0160ehilom, nakon \u0161to su se grupe i plemena predala.<\/p>\n<p style=\"color: #111111;\">Gradovi na istoku Sirije koje je zadnjih mjesec dana zauzela Dewla bili su pod kontrolom<em>\u00a0Med\u017elisu e\u0161-\u0161ure mud\u017eahida istoka<\/em>, kojim dominira D\u017eebhetun-nusra. U gradovima je, kako tvrde aktivisti Nusre bio uspostavljen \u0161erijat.<\/p>\n<p style=\"color: #111111;\">(Put vjernika, Vijesti ummeta)<\/p>\n","protected":false},"excerpt":{"rendered":"<p>https:\/\/www.youtube.com\/watch?v=itu6NhED9Yk Samoprogla\u0161eni halifa ebu Bekr el-Bagdadi, kojeg nije podr\u017eao jo\u0161 niko od poznatih u\u010denjaka u svijetu, ju\u010der je predvodio d\u017euma namaz u najve\u0107oj Mosulskoj d\u017eamiji \u00a0i odr\u017eao je hutbu. Ovo je video snimak\u00a0sa d\u017eumma namazaebu Bekra al-Bagdadija. El Bagdadi je na po\u010detku obra\u0107anja \u010destitao ummetu post mjeseca ramazana, a potom se osvrnuo na vrijednost \u017ertvovanja, [&hellip;]<\/p>\n","protected":false},"author":83,"featured_media":108268,"comment_status":"open","ping_status":"open","sticky":false,"template":"","format":"standard","meta":{"footnotes":""},"categories":[9,8957,10429],"tags":[10225,10453],"class_list":{"0":"post-108262","1":"post","2":"type-post","3":"status-publish","4":"format-standard","5":"has-post-thumbnail","7":"category-svijet","8":"category-vijesti-dana","9":"category-vazno","10":"tag-sirija","11":"tag-irak"},"yoast_head":"<!-- This site is optimized with the Yoast SEO Premium plugin v23.1 (Yoast SEO v24.9) - https:\/\/yoast.com\/wordpress\/plugins\/seo\/ -->\n<title>Progla\u0161eni halifa Ebu Bekr el-Bagdadi po prvi put u javnosti<\/title>\n<meta name=\"robots\" content=\"index, follow, max-snippet:-1, max-image-preview:large, max-video-preview:-1\" \/>\n<link rel=\"canonical\" href=\"https:\/\/sandzakpress.net\/arhiva\/samoproglaseni-halifa-ebu-bekr-el-bagdadi-po-prvi-puta-u-javnosti\/\" \/>\n<meta property=\"og:locale\" content=\"bs_BA\" \/>\n<meta property=\"og:type\" content=\"article\" \/>\n<meta property=\"og:title\" content=\"Progla\u0161eni halifa Ebu Bekr el-Bagdadi po prvi put u javnosti\" \/>\n<meta property=\"og:description\" content=\"https:\/\/www.youtube.com\/watch?v=itu6NhED9Yk Samoprogla\u0161eni halifa ebu Bekr el-Bagdadi, kojeg nije podr\u017eao jo\u0161 niko od poznatih u\u010denjaka u svijetu, ju\u010der je predvodio d\u017euma namaz u najve\u0107oj Mosulskoj d\u017eamiji \u00a0i odr\u017eao je hutbu. Ovo je video snimak\u00a0sa d\u017eumma namazaebu Bekra al-Bagdadija. El Bagdadi je na po\u010detku obra\u0107anja \u010destitao ummetu post mjeseca ramazana, a potom se osvrnuo na vrijednost \u017ertvovanja, [&hellip;]\" \/>\n<meta property=\"og:url\" content=\"https:\/\/sandzakpress.net\/arhiva\/samoproglaseni-halifa-ebu-bekr-el-bagdadi-po-prvi-puta-u-javnosti\/\" \/>\n<meta property=\"og:site_name\" content=\"Sand\u017eak PRESS\" \/>\n<meta property=\"article:published_time\" content=\"2014-07-05T14:51:14+00:00\" \/>\n<meta property=\"article:modified_time\" content=\"2014-07-06T10:50:31+00:00\" \/>\n<meta property=\"og:image\" content=\"https:\/\/sandzakpress.net\/arhiva\/wp-content\/uploads\/2014\/07\/02.jpg\" \/>\n\t<meta property=\"og:image:width\" content=\"480\" \/>\n\t<meta property=\"og:image:height\" content=\"360\" \/>\n\t<meta property=\"og:image:type\" content=\"image\/jpeg\" \/>\n<meta name=\"author\" content=\"bosniak\" \/>\n<meta name=\"twitter:card\" content=\"summary_large_image\" \/>\n<meta name=\"twitter:label1\" content=\"Written by\" \/>\n\t<meta name=\"twitter:data1\" content=\"bosniak\" \/>\n\t<meta name=\"twitter:label2\" content=\"Est. reading time\" \/>\n\t<meta name=\"twitter:data2\" content=\"2 minute\" \/>\n<script type=\"application\/ld+json\" class=\"yoast-schema-graph\">{\"@context\":\"https:\/\/schema.org\",\"@graph\":[{\"@type\":\"Article\",\"@id\":\"https:\/\/sandzakpress.net\/arhiva\/samoproglaseni-halifa-ebu-bekr-el-bagdadi-po-prvi-puta-u-javnosti\/#article\",\"isPartOf\":{\"@id\":\"https:\/\/sandzakpress.net\/arhiva\/samoproglaseni-halifa-ebu-bekr-el-bagdadi-po-prvi-puta-u-javnosti\/\"},\"author\":{\"name\":\"bosniak\",\"@id\":\"https:\/\/sandzakpress.net\/arhiva\/#\/schema\/person\/c8baee722073534b583ea7bdb2e36c02\"},\"headline\":\"Progla\u0161eni halifa Ebu Bekr el-Bagdadi po prvi put u javnosti\",\"datePublished\":\"2014-07-05T14:51:14+00:00\",\"dateModified\":\"2014-07-06T10:50:31+00:00\",\"mainEntityOfPage\":{\"@id\":\"https:\/\/sandzakpress.net\/arhiva\/samoproglaseni-halifa-ebu-bekr-el-bagdadi-po-prvi-puta-u-javnosti\/\"},\"wordCount\":509,\"commentCount\":30,\"publisher\":{\"@id\":\"https:\/\/sandzakpress.net\/arhiva\/#\/schema\/person\/6e72b67d6e51910a1117b3b483ba20bd\"},\"image\":{\"@id\":\"https:\/\/sandzakpress.net\/arhiva\/samoproglaseni-halifa-ebu-bekr-el-bagdadi-po-prvi-puta-u-javnosti\/#primaryimage\"},\"thumbnailUrl\":\"https:\/\/sandzakpress.net\/arhiva\/wp-content\/uploads\/2014\/07\/02.jpg\",\"keywords\":[\"Sirija\",\"Irak\"],\"articleSection\":[\"Svijet\",\"VIJESTI DANA\",\"VA\u017dNO!\"],\"inLanguage\":\"bs-BA\",\"potentialAction\":[{\"@type\":\"CommentAction\",\"name\":\"Comment\",\"target\":[\"https:\/\/sandzakpress.net\/arhiva\/samoproglaseni-halifa-ebu-bekr-el-bagdadi-po-prvi-puta-u-javnosti\/#respond\"]}]},{\"@type\":\"WebPage\",\"@id\":\"https:\/\/sandzakpress.net\/arhiva\/samoproglaseni-halifa-ebu-bekr-el-bagdadi-po-prvi-puta-u-javnosti\/\",\"url\":\"https:\/\/sandzakpress.net\/arhiva\/samoproglaseni-halifa-ebu-bekr-el-bagdadi-po-prvi-puta-u-javnosti\/\",\"name\":\"Progla\u0161eni halifa Ebu Bekr el-Bagdadi po prvi put u javnosti\",\"isPartOf\":{\"@id\":\"https:\/\/sandzakpress.net\/arhiva\/#website\"},\"primaryImageOfPage\":{\"@id\":\"https:\/\/sandzakpress.net\/arhiva\/samoproglaseni-halifa-ebu-bekr-el-bagdadi-po-prvi-puta-u-javnosti\/#primaryimage\"},\"image\":{\"@id\":\"https:\/\/sandzakpress.net\/arhiva\/samoproglaseni-halifa-ebu-bekr-el-bagdadi-po-prvi-puta-u-javnosti\/#primaryimage\"},\"thumbnailUrl\":\"https:\/\/sandzakpress.net\/arhiva\/wp-content\/uploads\/2014\/07\/02.jpg\",\"datePublished\":\"2014-07-05T14:51:14+00:00\",\"dateModified\":\"2014-07-06T10:50:31+00:00\",\"breadcrumb\":{\"@id\":\"https:\/\/sandzakpress.net\/arhiva\/samoproglaseni-halifa-ebu-bekr-el-bagdadi-po-prvi-puta-u-javnosti\/#breadcrumb\"},\"inLanguage\":\"bs-BA\",\"potentialAction\":[{\"@type\":\"ReadAction\",\"target\":[\"https:\/\/sandzakpress.net\/arhiva\/samoproglaseni-halifa-ebu-bekr-el-bagdadi-po-prvi-puta-u-javnosti\/\"]}]},{\"@type\":\"ImageObject\",\"inLanguage\":\"bs-BA\",\"@id\":\"https:\/\/sandzakpress.net\/arhiva\/samoproglaseni-halifa-ebu-bekr-el-bagdadi-po-prvi-puta-u-javnosti\/#primaryimage\",\"url\":\"https:\/\/sandzakpress.net\/arhiva\/wp-content\/uploads\/2014\/07\/02.jpg\",\"contentUrl\":\"https:\/\/sandzakpress.net\/arhiva\/wp-content\/uploads\/2014\/07\/02.jpg\",\"width\":480,\"height\":360},{\"@type\":\"BreadcrumbList\",\"@id\":\"https:\/\/sandzakpress.net\/arhiva\/samoproglaseni-halifa-ebu-bekr-el-bagdadi-po-prvi-puta-u-javnosti\/#breadcrumb\",\"itemListElement\":[{\"@type\":\"ListItem\",\"position\":1,\"name\":\"Home\",\"item\":\"https:\/\/sandzakpress.net\/arhiva\/\"},{\"@type\":\"ListItem\",\"position\":2,\"name\":\"Progla\u0161eni halifa Ebu Bekr el-Bagdadi po prvi put u javnosti\"}]},{\"@type\":\"WebSite\",\"@id\":\"https:\/\/sandzakpress.net\/arhiva\/#website\",\"url\":\"https:\/\/sandzakpress.net\/arhiva\/\",\"name\":\"Sand\u017eak PRESS\",\"description\":\"Prve elektronske novine u Sand\u017eaku\",\"publisher\":{\"@id\":\"https:\/\/sandzakpress.net\/arhiva\/#\/schema\/person\/6e72b67d6e51910a1117b3b483ba20bd\"},\"potentialAction\":[{\"@type\":\"SearchAction\",\"target\":{\"@type\":\"EntryPoint\",\"urlTemplate\":\"https:\/\/sandzakpress.net\/arhiva\/?s={search_term_string}\"},\"query-input\":{\"@type\":\"PropertyValueSpecification\",\"valueRequired\":true,\"valueName\":\"search_term_string\"}}],\"inLanguage\":\"bs-BA\"},{\"@type\":[\"Person\",\"Organization\"],\"@id\":\"https:\/\/sandzakpress.net\/arhiva\/#\/schema\/person\/6e72b67d6e51910a1117b3b483ba20bd\",\"name\":\"Kul\",\"image\":{\"@type\":\"ImageObject\",\"inLanguage\":\"bs-BA\",\"@id\":\"https:\/\/sandzakpress.net\/arhiva\/#\/schema\/person\/image\/\",\"url\":\"https:\/\/secure.gravatar.com\/avatar\/42263f39aa27ac04c43cab85c280eb2e?s=96&d=mm&r=pg\",\"contentUrl\":\"https:\/\/secure.gravatar.com\/avatar\/42263f39aa27ac04c43cab85c280eb2e?s=96&d=mm&r=pg\",\"caption\":\"Kul\"},\"logo\":{\"@id\":\"https:\/\/sandzakpress.net\/arhiva\/#\/schema\/person\/image\/\"}},{\"@type\":\"Person\",\"@id\":\"https:\/\/sandzakpress.net\/arhiva\/#\/schema\/person\/c8baee722073534b583ea7bdb2e36c02\",\"name\":\"bosniak\",\"image\":{\"@type\":\"ImageObject\",\"inLanguage\":\"bs-BA\",\"@id\":\"https:\/\/sandzakpress.net\/arhiva\/#\/schema\/person\/image\/\",\"url\":\"https:\/\/secure.gravatar.com\/avatar\/a04fd330bfe3a36a72a0ad4a6d89fca7?s=96&d=mm&r=pg\",\"contentUrl\":\"https:\/\/secure.gravatar.com\/avatar\/a04fd330bfe3a36a72a0ad4a6d89fca7?s=96&d=mm&r=pg\",\"caption\":\"bosniak\"},\"url\":\"https:\/\/sandzakpress.net\/arhiva\/author\/bosniak\/\"}]}<\/script>\n<!-- \/ Yoast SEO Premium plugin. -->","yoast_head_json":{"title":"Progla\u0161eni halifa Ebu Bekr el-Bagdadi po prvi put u javnosti","robots":{"index":"index","follow":"follow","max-snippet":"max-snippet:-1","max-image-preview":"max-image-preview:large","max-video-preview":"max-video-preview:-1"},"canonical":"https:\/\/sandzakpress.net\/arhiva\/samoproglaseni-halifa-ebu-bekr-el-bagdadi-po-prvi-puta-u-javnosti\/","og_locale":"bs_BA","og_type":"article","og_title":"Progla\u0161eni halifa Ebu Bekr el-Bagdadi po prvi put u javnosti","og_description":"https:\/\/www.youtube.com\/watch?v=itu6NhED9Yk Samoprogla\u0161eni halifa ebu Bekr el-Bagdadi, kojeg nije podr\u017eao jo\u0161 niko od poznatih u\u010denjaka u svijetu, ju\u010der je predvodio d\u017euma namaz u najve\u0107oj Mosulskoj d\u017eamiji \u00a0i odr\u017eao je hutbu. Ovo je video snimak\u00a0sa d\u017eumma namazaebu Bekra al-Bagdadija. El Bagdadi je na po\u010detku obra\u0107anja \u010destitao ummetu post mjeseca ramazana, a potom se osvrnuo na vrijednost \u017ertvovanja, [&hellip;]","og_url":"https:\/\/sandzakpress.net\/arhiva\/samoproglaseni-halifa-ebu-bekr-el-bagdadi-po-prvi-puta-u-javnosti\/","og_site_name":"Sand\u017eak PRESS","article_published_time":"2014-07-05T14:51:14+00:00","article_modified_time":"2014-07-06T10:50:31+00:00","og_image":[{"width":480,"height":360,"url":"https:\/\/sandzakpress.net\/arhiva\/wp-content\/uploads\/2014\/07\/02.jpg","type":"image\/jpeg"}],"author":"bosniak","twitter_card":"summary_large_image","twitter_misc":{"Written by":"bosniak","Est. reading time":"2 minute"},"schema":{"@context":"https:\/\/schema.org","@graph":[{"@type":"Article","@id":"https:\/\/sandzakpress.net\/arhiva\/samoproglaseni-halifa-ebu-bekr-el-bagdadi-po-prvi-puta-u-javnosti\/#article","isPartOf":{"@id":"https:\/\/sandzakpress.net\/arhiva\/samoproglaseni-halifa-ebu-bekr-el-bagdadi-po-prvi-puta-u-javnosti\/"},"author":{"name":"bosniak","@id":"https:\/\/sandzakpress.net\/arhiva\/#\/schema\/person\/c8baee722073534b583ea7bdb2e36c02"},"headline":"Progla\u0161eni halifa Ebu Bekr el-Bagdadi po prvi put u javnosti","datePublished":"2014-07-05T14:51:14+00:00","dateModified":"2014-07-06T10:50:31+00:00","mainEntityOfPage":{"@id":"https:\/\/sandzakpress.net\/arhiva\/samoproglaseni-halifa-ebu-bekr-el-bagdadi-po-prvi-puta-u-javnosti\/"},"wordCount":509,"commentCount":30,"publisher":{"@id":"https:\/\/sandzakpress.net\/arhiva\/#\/schema\/person\/6e72b67d6e51910a1117b3b483ba20bd"},"image":{"@id":"https:\/\/sandzakpress.net\/arhiva\/samoproglaseni-halifa-ebu-bekr-el-bagdadi-po-prvi-puta-u-javnosti\/#primaryimage"},"thumbnailUrl":"https:\/\/sandzakpress.net\/arhiva\/wp-content\/uploads\/2014\/07\/02.jpg","keywords":["Sirija","Irak"],"articleSection":["Svijet","VIJESTI DANA","VA\u017dNO!"],"inLanguage":"bs-BA","potentialAction":[{"@type":"CommentAction","name":"Comment","target":["https:\/\/sandzakpress.net\/arhiva\/samoproglaseni-halifa-ebu-bekr-el-bagdadi-po-prvi-puta-u-javnosti\/#respond"]}]},{"@type":"WebPage","@id":"https:\/\/sandzakpress.net\/arhiva\/samoproglaseni-halifa-ebu-bekr-el-bagdadi-po-prvi-puta-u-javnosti\/","url":"https:\/\/sandzakpress.net\/arhiva\/samoproglaseni-halifa-ebu-bekr-el-bagdadi-po-prvi-puta-u-javnosti\/","name":"Progla\u0161eni halifa Ebu Bekr el-Bagdadi po prvi put u javnosti","isPartOf":{"@id":"https:\/\/sandzakpress.net\/arhiva\/#website"},"primaryImageOfPage":{"@id":"https:\/\/sandzakpress.net\/arhiva\/samoproglaseni-halifa-ebu-bekr-el-bagdadi-po-prvi-puta-u-javnosti\/#primaryimage"},"image":{"@id":"https:\/\/sandzakpress.net\/arhiva\/samoproglaseni-halifa-ebu-bekr-el-bagdadi-po-prvi-puta-u-javnosti\/#primaryimage"},"thumbnailUrl":"https:\/\/sandzakpress.net\/arhiva\/wp-content\/uploads\/2014\/07\/02.jpg","datePublished":"2014-07-05T14:51:14+00:00","dateModified":"2014-07-06T10:50:31+00:00","breadcrumb":{"@id":"https:\/\/sandzakpress.net\/arhiva\/samoproglaseni-halifa-ebu-bekr-el-bagdadi-po-prvi-puta-u-javnosti\/#breadcrumb"},"inLanguage":"bs-BA","potentialAction":[{"@type":"ReadAction","target":["https:\/\/sandzakpress.net\/arhiva\/samoproglaseni-halifa-ebu-bekr-el-bagdadi-po-prvi-puta-u-javnosti\/"]}]},{"@type":"ImageObject","inLanguage":"bs-BA","@id":"https:\/\/sandzakpress.net\/arhiva\/samoproglaseni-halifa-ebu-bekr-el-bagdadi-po-prvi-puta-u-javnosti\/#primaryimage","url":"https:\/\/sandzakpress.net\/arhiva\/wp-content\/uploads\/2014\/07\/02.jpg","contentUrl":"https:\/\/sandzakpress.net\/arhiva\/wp-content\/uploads\/2014\/07\/02.jpg","width":480,"height":360},{"@type":"BreadcrumbList","@id":"https:\/\/sandzakpress.net\/arhiva\/samoproglaseni-halifa-ebu-bekr-el-bagdadi-po-prvi-puta-u-javnosti\/#breadcrumb","itemListElement":[{"@type":"ListItem","position":1,"name":"Home","item":"https:\/\/sandzakpress.net\/arhiva\/"},{"@type":"ListItem","position":2,"name":"Progla\u0161eni halifa Ebu Bekr el-Bagdadi po prvi put u javnosti"}]},{"@type":"WebSite","@id":"https:\/\/sandzakpress.net\/arhiva\/#website","url":"https:\/\/sandzakpress.net\/arhiva\/","name":"Sand\u017eak PRESS","description":"Prve elektronske novine u Sand\u017eaku","publisher":{"@id":"https:\/\/sandzakpress.net\/arhiva\/#\/schema\/person\/6e72b67d6e51910a1117b3b483ba20bd"},"potentialAction":[{"@type":"SearchAction","target":{"@type":"EntryPoint","urlTemplate":"https:\/\/sandzakpress.net\/arhiva\/?s={search_term_string}"},"query-input":{"@type":"PropertyValueSpecification","valueRequired":true,"valueName":"search_term_string"}}],"inLanguage":"bs-BA"},{"@type":["Person","Organization"],"@id":"https:\/\/sandzakpress.net\/arhiva\/#\/schema\/person\/6e72b67d6e51910a1117b3b483ba20bd","name":"Kul","image":{"@type":"ImageObject","inLanguage":"bs-BA","@id":"https:\/\/sandzakpress.net\/arhiva\/#\/schema\/person\/image\/","url":"https:\/\/secure.gravatar.com\/avatar\/42263f39aa27ac04c43cab85c280eb2e?s=96&d=mm&r=pg","contentUrl":"https:\/\/secure.gravatar.com\/avatar\/42263f39aa27ac04c43cab85c280eb2e?s=96&d=mm&r=pg","caption":"Kul"},"logo":{"@id":"https:\/\/sandzakpress.net\/arhiva\/#\/schema\/person\/image\/"}},{"@type":"Person","@id":"https:\/\/sandzakpress.net\/arhiva\/#\/schema\/person\/c8baee722073534b583ea7bdb2e36c02","name":"bosniak","image":{"@type":"ImageObject","inLanguage":"bs-BA","@id":"https:\/\/sandzakpress.net\/arhiva\/#\/schema\/person\/image\/","url":"https:\/\/secure.gravatar.com\/avatar\/a04fd330bfe3a36a72a0ad4a6d89fca7?s=96&d=mm&r=pg","contentUrl":"https:\/\/secure.gravatar.com\/avatar\/a04fd330bfe3a36a72a0ad4a6d89fca7?s=96&d=mm&r=pg","caption":"bosniak"},"url":"https:\/\/sandzakpress.net\/arhiva\/author\/bosniak\/"}]}},"_links":{"self":[{"href":"https:\/\/sandzakpress.net\/arhiva\/wp-json\/wp\/v2\/posts\/108262"}],"collection":[{"href":"https:\/\/sandzakpress.net\/arhiva\/wp-json\/wp\/v2\/posts"}],"about":[{"href":"https:\/\/sandzakpress.net\/arhiva\/wp-json\/wp\/v2\/types\/post"}],"author":[{"embeddable":true,"href":"https:\/\/sandzakpress.net\/arhiva\/wp-json\/wp\/v2\/users\/83"}],"replies":[{"embeddable":true,"href":"https:\/\/sandzakpress.net\/arhiva\/wp-json\/wp\/v2\/comments?post=108262"}],"version-history":[{"count":0,"href":"https:\/\/sandzakpress.net\/arhiva\/wp-json\/wp\/v2\/posts\/108262\/revisions"}],"wp:featuredmedia":[{"embeddable":true,"href":"https:\/\/sandzakpress.net\/arhiva\/wp-json\/wp\/v2\/media\/108268"}],"wp:attachment":[{"href":"https:\/\/sandzakpress.net\/arhiva\/wp-json\/wp\/v2\/media?parent=108262"}],"wp:term":[{"taxonomy":"category","embeddable":true,"href":"https:\/\/sandzakpress.net\/arhiva\/wp-json\/wp\/v2\/categories?post=108262"},{"taxonomy":"post_tag","embeddable":true,"href":"https:\/\/sandzakpress.net\/arhiva\/wp-json\/wp\/v2\/tags?post=108262"}],"curies":[{"name":"wp","href":"https:\/\/api.w.org\/{rel}","templated":true}]}}