{"id":108143,"date":"2014-07-03T12:27:08","date_gmt":"2014-07-03T10:27:08","guid":{"rendered":"https:\/\/sandzakpress.net\/arhiva\/?p=108143"},"modified":"2014-07-03T12:36:58","modified_gmt":"2014-07-03T10:36:58","slug":"uhapseni-osumnjiceni-za-ubistvo-buca-plojovica","status":"publish","type":"post","link":"https:\/\/sandzakpress.net\/arhiva\/uhapseni-osumnjiceni-za-ubistvo-buca-plojovica\/","title":{"rendered":"Uhap\u0161eni osumnji\u010deni za ubistvo Samira Buca Plojovi\u0107a"},"content":{"rendered":"<p><img loading=\"lazy\" decoding=\"async\" class=\"aligncenter size-full wp-image-108144\" src=\"https:\/\/sandzakpress.net\/arhiva\/wp-content\/uploads\/2014\/07\/klub-berlin-90-stepeni-foto-sandzakhaber-1392070417-443375.jpg\" alt=\"klub-berlin-90-stepeni-foto-sandzakhaber-1392070417-443375\" width=\"900\" height=\"608\" srcset=\"https:\/\/sandzakpress.net\/arhiva\/wp-content\/uploads\/2014\/07\/klub-berlin-90-stepeni-foto-sandzakhaber-1392070417-443375.jpg 900w, https:\/\/sandzakpress.net\/arhiva\/wp-content\/uploads\/2014\/07\/klub-berlin-90-stepeni-foto-sandzakhaber-1392070417-443375-616x416.jpg 616w\" sizes=\"(max-width: 900px) 100vw, 900px\" \/><\/p>\n<p><strong>Novi Pazar &#8211; Novopazarska policija uhapsila je jutros, oko pola deset, Re\u0161ada A. i Behrema P., osumnji\u010dene za ubistvo Samira Plojovi\u0107a (50), 10. februara ove godine, re\u010deno je radiju Sto plus u Policijskoj upravi.<\/strong><\/p>\n<p><span style=\"font-size: 10pt\">Oni su uhap\u0161eni u neposrednoj blizine rodne ku\u0107e u selu \u010cukote, nedaleko od Tutina, a prema informacijama iz policije, prilikom privo\u0111enja nisu pru\u017eali nikakav otpor.<\/span><\/p>\n<p><span style=\"font-size: 10pt\">\u201cImali smo informacije da su nakon ubistva pobegli na Kosovo i da su se sve vreme krili u ju\u017enom delu Kosovske Mitrovice. Sino\u0107 nam je dojavljeno da su vi\u0111eni u rodnom selu, a jutros smo ih uhapsili\u201d, re\u010deno nam je u novopazarskoj policiji.<\/span><\/p>\n<p><span style=\"font-size: 10pt\">Oba uhap\u0161ena su i od ranije poznata policiji, kao i ubijeni Plojovi\u0107, koji je u pucnjavi u no\u0107nom baru \u201cBerlin 90 stepeni\u201d zadobio vi\u0161e prostrelnih rana grudi, stomaka i nogu zbog kojih je kasnije preminuo.<\/span><\/p>\n<p>(radiostoplus)<\/p>\n","protected":false},"excerpt":{"rendered":"<p>Novi Pazar &#8211; Novopazarska policija uhapsila je jutros, oko pola deset, Re\u0161ada A. i Behrema P., osumnji\u010dene za ubistvo Samira Plojovi\u0107a (50), 10. februara ove godine, re\u010deno je radiju Sto plus u Policijskoj upravi. Oni su uhap\u0161eni u neposrednoj blizine rodne ku\u0107e u selu \u010cukote, nedaleko od Tutina, a prema informacijama iz policije, prilikom privo\u0111enja [&hellip;]<\/p>\n","protected":false},"author":83,"featured_media":108144,"comment_status":"open","ping_status":"open","sticky":false,"template":"","format":"standard","meta":{"footnotes":""},"categories":[72,801,8957,798,10193],"tags":[],"class_list":{"0":"post-108143","1":"post","2":"type-post","3":"status-publish","4":"format-standard","5":"has-post-thumbnail","7":"category-novi-pazar","8":"category-crna_hronika","9":"category-vijesti-dana","10":"category-teme","11":"category-sandzak-2"},"yoast_head":"<!-- This site is optimized with the Yoast SEO Premium plugin v23.1 (Yoast SEO v24.9) - https:\/\/yoast.com\/wordpress\/plugins\/seo\/ -->\n<title>Uhap\u0161eni osumnji\u010deni za ubistvo Samira Buca Plojovi\u0107a<\/title>\n<meta name=\"robots\" content=\"index, follow, max-snippet:-1, max-image-preview:large, max-video-preview:-1\" \/>\n<link rel=\"canonical\" href=\"https:\/\/sandzakpress.net\/arhiva\/uhapseni-osumnjiceni-za-ubistvo-buca-plojovica\/\" \/>\n<meta property=\"og:locale\" content=\"bs_BA\" \/>\n<meta property=\"og:type\" content=\"article\" \/>\n<meta property=\"og:title\" content=\"Uhap\u0161eni osumnji\u010deni za ubistvo Samira Buca Plojovi\u0107a\" \/>\n<meta property=\"og:description\" content=\"Novi Pazar &#8211; Novopazarska policija uhapsila je jutros, oko pola deset, Re\u0161ada A. i Behrema P., osumnji\u010dene za ubistvo Samira Plojovi\u0107a (50), 10. februara ove godine, re\u010deno je radiju Sto plus u Policijskoj upravi. Oni su uhap\u0161eni u neposrednoj blizine rodne ku\u0107e u selu \u010cukote, nedaleko od Tutina, a prema informacijama iz policije, prilikom privo\u0111enja [&hellip;]\" \/>\n<meta property=\"og:url\" content=\"https:\/\/sandzakpress.net\/arhiva\/uhapseni-osumnjiceni-za-ubistvo-buca-plojovica\/\" \/>\n<meta property=\"og:site_name\" content=\"Sand\u017eak PRESS\" \/>\n<meta property=\"article:published_time\" content=\"2014-07-03T10:27:08+00:00\" \/>\n<meta property=\"article:modified_time\" content=\"2014-07-03T10:36:58+00:00\" \/>\n<meta property=\"og:image\" content=\"https:\/\/sandzakpress.net\/arhiva\/wp-content\/uploads\/2014\/07\/klub-berlin-90-stepeni-foto-sandzakhaber-1392070417-443375.jpg\" \/>\n\t<meta property=\"og:image:width\" content=\"900\" \/>\n\t<meta property=\"og:image:height\" content=\"608\" \/>\n\t<meta property=\"og:image:type\" content=\"image\/jpeg\" \/>\n<meta name=\"author\" content=\"bosniak\" \/>\n<meta name=\"twitter:card\" content=\"summary_large_image\" \/>\n<meta name=\"twitter:label1\" content=\"Written by\" \/>\n\t<meta name=\"twitter:data1\" content=\"bosniak\" \/>\n\t<meta name=\"twitter:label2\" content=\"Est. reading time\" \/>\n\t<meta name=\"twitter:data2\" content=\"1 minuta\" \/>\n<script type=\"application\/ld+json\" class=\"yoast-schema-graph\">{\"@context\":\"https:\/\/schema.org\",\"@graph\":[{\"@type\":\"Article\",\"@id\":\"https:\/\/sandzakpress.net\/arhiva\/uhapseni-osumnjiceni-za-ubistvo-buca-plojovica\/#article\",\"isPartOf\":{\"@id\":\"https:\/\/sandzakpress.net\/arhiva\/uhapseni-osumnjiceni-za-ubistvo-buca-plojovica\/\"},\"author\":{\"name\":\"bosniak\",\"@id\":\"https:\/\/sandzakpress.net\/arhiva\/#\/schema\/person\/c8baee722073534b583ea7bdb2e36c02\"},\"headline\":\"Uhap\u0161eni osumnji\u010deni za ubistvo Samira Buca Plojovi\u0107a\",\"datePublished\":\"2014-07-03T10:27:08+00:00\",\"dateModified\":\"2014-07-03T10:36:58+00:00\",\"mainEntityOfPage\":{\"@id\":\"https:\/\/sandzakpress.net\/arhiva\/uhapseni-osumnjiceni-za-ubistvo-buca-plojovica\/\"},\"wordCount\":159,\"commentCount\":9,\"publisher\":{\"@id\":\"https:\/\/sandzakpress.net\/arhiva\/#\/schema\/person\/6e72b67d6e51910a1117b3b483ba20bd\"},\"image\":{\"@id\":\"https:\/\/sandzakpress.net\/arhiva\/uhapseni-osumnjiceni-za-ubistvo-buca-plojovica\/#primaryimage\"},\"thumbnailUrl\":\"https:\/\/sandzakpress.net\/arhiva\/wp-content\/uploads\/2014\/07\/klub-berlin-90-stepeni-foto-sandzakhaber-1392070417-443375.jpg\",\"articleSection\":[\"Novi Pazar\",\"Hronika\",\"VIJESTI DANA\",\"NAJNOVIJE\",\"Sand\u017eak\"],\"inLanguage\":\"bs-BA\",\"potentialAction\":[{\"@type\":\"CommentAction\",\"name\":\"Comment\",\"target\":[\"https:\/\/sandzakpress.net\/arhiva\/uhapseni-osumnjiceni-za-ubistvo-buca-plojovica\/#respond\"]}]},{\"@type\":\"WebPage\",\"@id\":\"https:\/\/sandzakpress.net\/arhiva\/uhapseni-osumnjiceni-za-ubistvo-buca-plojovica\/\",\"url\":\"https:\/\/sandzakpress.net\/arhiva\/uhapseni-osumnjiceni-za-ubistvo-buca-plojovica\/\",\"name\":\"Uhap\u0161eni osumnji\u010deni za ubistvo Samira Buca Plojovi\u0107a\",\"isPartOf\":{\"@id\":\"https:\/\/sandzakpress.net\/arhiva\/#website\"},\"primaryImageOfPage\":{\"@id\":\"https:\/\/sandzakpress.net\/arhiva\/uhapseni-osumnjiceni-za-ubistvo-buca-plojovica\/#primaryimage\"},\"image\":{\"@id\":\"https:\/\/sandzakpress.net\/arhiva\/uhapseni-osumnjiceni-za-ubistvo-buca-plojovica\/#primaryimage\"},\"thumbnailUrl\":\"https:\/\/sandzakpress.net\/arhiva\/wp-content\/uploads\/2014\/07\/klub-berlin-90-stepeni-foto-sandzakhaber-1392070417-443375.jpg\",\"datePublished\":\"2014-07-03T10:27:08+00:00\",\"dateModified\":\"2014-07-03T10:36:58+00:00\",\"breadcrumb\":{\"@id\":\"https:\/\/sandzakpress.net\/arhiva\/uhapseni-osumnjiceni-za-ubistvo-buca-plojovica\/#breadcrumb\"},\"inLanguage\":\"bs-BA\",\"potentialAction\":[{\"@type\":\"ReadAction\",\"target\":[\"https:\/\/sandzakpress.net\/arhiva\/uhapseni-osumnjiceni-za-ubistvo-buca-plojovica\/\"]}]},{\"@type\":\"ImageObject\",\"inLanguage\":\"bs-BA\",\"@id\":\"https:\/\/sandzakpress.net\/arhiva\/uhapseni-osumnjiceni-za-ubistvo-buca-plojovica\/#primaryimage\",\"url\":\"https:\/\/sandzakpress.net\/arhiva\/wp-content\/uploads\/2014\/07\/klub-berlin-90-stepeni-foto-sandzakhaber-1392070417-443375.jpg\",\"contentUrl\":\"https:\/\/sandzakpress.net\/arhiva\/wp-content\/uploads\/2014\/07\/klub-berlin-90-stepeni-foto-sandzakhaber-1392070417-443375.jpg\",\"width\":900,\"height\":608},{\"@type\":\"BreadcrumbList\",\"@id\":\"https:\/\/sandzakpress.net\/arhiva\/uhapseni-osumnjiceni-za-ubistvo-buca-plojovica\/#breadcrumb\",\"itemListElement\":[{\"@type\":\"ListItem\",\"position\":1,\"name\":\"Home\",\"item\":\"https:\/\/sandzakpress.net\/arhiva\/\"},{\"@type\":\"ListItem\",\"position\":2,\"name\":\"Uhap\u0161eni osumnji\u010deni za ubistvo Samira Buca Plojovi\u0107a\"}]},{\"@type\":\"WebSite\",\"@id\":\"https:\/\/sandzakpress.net\/arhiva\/#website\",\"url\":\"https:\/\/sandzakpress.net\/arhiva\/\",\"name\":\"Sand\u017eak PRESS\",\"description\":\"Prve elektronske novine u Sand\u017eaku\",\"publisher\":{\"@id\":\"https:\/\/sandzakpress.net\/arhiva\/#\/schema\/person\/6e72b67d6e51910a1117b3b483ba20bd\"},\"potentialAction\":[{\"@type\":\"SearchAction\",\"target\":{\"@type\":\"EntryPoint\",\"urlTemplate\":\"https:\/\/sandzakpress.net\/arhiva\/?s={search_term_string}\"},\"query-input\":{\"@type\":\"PropertyValueSpecification\",\"valueRequired\":true,\"valueName\":\"search_term_string\"}}],\"inLanguage\":\"bs-BA\"},{\"@type\":[\"Person\",\"Organization\"],\"@id\":\"https:\/\/sandzakpress.net\/arhiva\/#\/schema\/person\/6e72b67d6e51910a1117b3b483ba20bd\",\"name\":\"Kul\",\"image\":{\"@type\":\"ImageObject\",\"inLanguage\":\"bs-BA\",\"@id\":\"https:\/\/sandzakpress.net\/arhiva\/#\/schema\/person\/image\/\",\"url\":\"https:\/\/secure.gravatar.com\/avatar\/42263f39aa27ac04c43cab85c280eb2e?s=96&d=mm&r=pg\",\"contentUrl\":\"https:\/\/secure.gravatar.com\/avatar\/42263f39aa27ac04c43cab85c280eb2e?s=96&d=mm&r=pg\",\"caption\":\"Kul\"},\"logo\":{\"@id\":\"https:\/\/sandzakpress.net\/arhiva\/#\/schema\/person\/image\/\"}},{\"@type\":\"Person\",\"@id\":\"https:\/\/sandzakpress.net\/arhiva\/#\/schema\/person\/c8baee722073534b583ea7bdb2e36c02\",\"name\":\"bosniak\",\"image\":{\"@type\":\"ImageObject\",\"inLanguage\":\"bs-BA\",\"@id\":\"https:\/\/sandzakpress.net\/arhiva\/#\/schema\/person\/image\/\",\"url\":\"https:\/\/secure.gravatar.com\/avatar\/a04fd330bfe3a36a72a0ad4a6d89fca7?s=96&d=mm&r=pg\",\"contentUrl\":\"https:\/\/secure.gravatar.com\/avatar\/a04fd330bfe3a36a72a0ad4a6d89fca7?s=96&d=mm&r=pg\",\"caption\":\"bosniak\"},\"url\":\"https:\/\/sandzakpress.net\/arhiva\/author\/bosniak\/\"}]}<\/script>\n<!-- \/ Yoast SEO Premium plugin. -->","yoast_head_json":{"title":"Uhap\u0161eni osumnji\u010deni za ubistvo Samira Buca Plojovi\u0107a","robots":{"index":"index","follow":"follow","max-snippet":"max-snippet:-1","max-image-preview":"max-image-preview:large","max-video-preview":"max-video-preview:-1"},"canonical":"https:\/\/sandzakpress.net\/arhiva\/uhapseni-osumnjiceni-za-ubistvo-buca-plojovica\/","og_locale":"bs_BA","og_type":"article","og_title":"Uhap\u0161eni osumnji\u010deni za ubistvo Samira Buca Plojovi\u0107a","og_description":"Novi Pazar &#8211; Novopazarska policija uhapsila je jutros, oko pola deset, Re\u0161ada A. i Behrema P., osumnji\u010dene za ubistvo Samira Plojovi\u0107a (50), 10. februara ove godine, re\u010deno je radiju Sto plus u Policijskoj upravi. Oni su uhap\u0161eni u neposrednoj blizine rodne ku\u0107e u selu \u010cukote, nedaleko od Tutina, a prema informacijama iz policije, prilikom privo\u0111enja [&hellip;]","og_url":"https:\/\/sandzakpress.net\/arhiva\/uhapseni-osumnjiceni-za-ubistvo-buca-plojovica\/","og_site_name":"Sand\u017eak PRESS","article_published_time":"2014-07-03T10:27:08+00:00","article_modified_time":"2014-07-03T10:36:58+00:00","og_image":[{"width":900,"height":608,"url":"https:\/\/sandzakpress.net\/arhiva\/wp-content\/uploads\/2014\/07\/klub-berlin-90-stepeni-foto-sandzakhaber-1392070417-443375.jpg","type":"image\/jpeg"}],"author":"bosniak","twitter_card":"summary_large_image","twitter_misc":{"Written by":"bosniak","Est. reading time":"1 minuta"},"schema":{"@context":"https:\/\/schema.org","@graph":[{"@type":"Article","@id":"https:\/\/sandzakpress.net\/arhiva\/uhapseni-osumnjiceni-za-ubistvo-buca-plojovica\/#article","isPartOf":{"@id":"https:\/\/sandzakpress.net\/arhiva\/uhapseni-osumnjiceni-za-ubistvo-buca-plojovica\/"},"author":{"name":"bosniak","@id":"https:\/\/sandzakpress.net\/arhiva\/#\/schema\/person\/c8baee722073534b583ea7bdb2e36c02"},"headline":"Uhap\u0161eni osumnji\u010deni za ubistvo Samira Buca Plojovi\u0107a","datePublished":"2014-07-03T10:27:08+00:00","dateModified":"2014-07-03T10:36:58+00:00","mainEntityOfPage":{"@id":"https:\/\/sandzakpress.net\/arhiva\/uhapseni-osumnjiceni-za-ubistvo-buca-plojovica\/"},"wordCount":159,"commentCount":9,"publisher":{"@id":"https:\/\/sandzakpress.net\/arhiva\/#\/schema\/person\/6e72b67d6e51910a1117b3b483ba20bd"},"image":{"@id":"https:\/\/sandzakpress.net\/arhiva\/uhapseni-osumnjiceni-za-ubistvo-buca-plojovica\/#primaryimage"},"thumbnailUrl":"https:\/\/sandzakpress.net\/arhiva\/wp-content\/uploads\/2014\/07\/klub-berlin-90-stepeni-foto-sandzakhaber-1392070417-443375.jpg","articleSection":["Novi Pazar","Hronika","VIJESTI DANA","NAJNOVIJE","Sand\u017eak"],"inLanguage":"bs-BA","potentialAction":[{"@type":"CommentAction","name":"Comment","target":["https:\/\/sandzakpress.net\/arhiva\/uhapseni-osumnjiceni-za-ubistvo-buca-plojovica\/#respond"]}]},{"@type":"WebPage","@id":"https:\/\/sandzakpress.net\/arhiva\/uhapseni-osumnjiceni-za-ubistvo-buca-plojovica\/","url":"https:\/\/sandzakpress.net\/arhiva\/uhapseni-osumnjiceni-za-ubistvo-buca-plojovica\/","name":"Uhap\u0161eni osumnji\u010deni za ubistvo Samira Buca Plojovi\u0107a","isPartOf":{"@id":"https:\/\/sandzakpress.net\/arhiva\/#website"},"primaryImageOfPage":{"@id":"https:\/\/sandzakpress.net\/arhiva\/uhapseni-osumnjiceni-za-ubistvo-buca-plojovica\/#primaryimage"},"image":{"@id":"https:\/\/sandzakpress.net\/arhiva\/uhapseni-osumnjiceni-za-ubistvo-buca-plojovica\/#primaryimage"},"thumbnailUrl":"https:\/\/sandzakpress.net\/arhiva\/wp-content\/uploads\/2014\/07\/klub-berlin-90-stepeni-foto-sandzakhaber-1392070417-443375.jpg","datePublished":"2014-07-03T10:27:08+00:00","dateModified":"2014-07-03T10:36:58+00:00","breadcrumb":{"@id":"https:\/\/sandzakpress.net\/arhiva\/uhapseni-osumnjiceni-za-ubistvo-buca-plojovica\/#breadcrumb"},"inLanguage":"bs-BA","potentialAction":[{"@type":"ReadAction","target":["https:\/\/sandzakpress.net\/arhiva\/uhapseni-osumnjiceni-za-ubistvo-buca-plojovica\/"]}]},{"@type":"ImageObject","inLanguage":"bs-BA","@id":"https:\/\/sandzakpress.net\/arhiva\/uhapseni-osumnjiceni-za-ubistvo-buca-plojovica\/#primaryimage","url":"https:\/\/sandzakpress.net\/arhiva\/wp-content\/uploads\/2014\/07\/klub-berlin-90-stepeni-foto-sandzakhaber-1392070417-443375.jpg","contentUrl":"https:\/\/sandzakpress.net\/arhiva\/wp-content\/uploads\/2014\/07\/klub-berlin-90-stepeni-foto-sandzakhaber-1392070417-443375.jpg","width":900,"height":608},{"@type":"BreadcrumbList","@id":"https:\/\/sandzakpress.net\/arhiva\/uhapseni-osumnjiceni-za-ubistvo-buca-plojovica\/#breadcrumb","itemListElement":[{"@type":"ListItem","position":1,"name":"Home","item":"https:\/\/sandzakpress.net\/arhiva\/"},{"@type":"ListItem","position":2,"name":"Uhap\u0161eni osumnji\u010deni za ubistvo Samira Buca Plojovi\u0107a"}]},{"@type":"WebSite","@id":"https:\/\/sandzakpress.net\/arhiva\/#website","url":"https:\/\/sandzakpress.net\/arhiva\/","name":"Sand\u017eak PRESS","description":"Prve elektronske novine u Sand\u017eaku","publisher":{"@id":"https:\/\/sandzakpress.net\/arhiva\/#\/schema\/person\/6e72b67d6e51910a1117b3b483ba20bd"},"potentialAction":[{"@type":"SearchAction","target":{"@type":"EntryPoint","urlTemplate":"https:\/\/sandzakpress.net\/arhiva\/?s={search_term_string}"},"query-input":{"@type":"PropertyValueSpecification","valueRequired":true,"valueName":"search_term_string"}}],"inLanguage":"bs-BA"},{"@type":["Person","Organization"],"@id":"https:\/\/sandzakpress.net\/arhiva\/#\/schema\/person\/6e72b67d6e51910a1117b3b483ba20bd","name":"Kul","image":{"@type":"ImageObject","inLanguage":"bs-BA","@id":"https:\/\/sandzakpress.net\/arhiva\/#\/schema\/person\/image\/","url":"https:\/\/secure.gravatar.com\/avatar\/42263f39aa27ac04c43cab85c280eb2e?s=96&d=mm&r=pg","contentUrl":"https:\/\/secure.gravatar.com\/avatar\/42263f39aa27ac04c43cab85c280eb2e?s=96&d=mm&r=pg","caption":"Kul"},"logo":{"@id":"https:\/\/sandzakpress.net\/arhiva\/#\/schema\/person\/image\/"}},{"@type":"Person","@id":"https:\/\/sandzakpress.net\/arhiva\/#\/schema\/person\/c8baee722073534b583ea7bdb2e36c02","name":"bosniak","image":{"@type":"ImageObject","inLanguage":"bs-BA","@id":"https:\/\/sandzakpress.net\/arhiva\/#\/schema\/person\/image\/","url":"https:\/\/secure.gravatar.com\/avatar\/a04fd330bfe3a36a72a0ad4a6d89fca7?s=96&d=mm&r=pg","contentUrl":"https:\/\/secure.gravatar.com\/avatar\/a04fd330bfe3a36a72a0ad4a6d89fca7?s=96&d=mm&r=pg","caption":"bosniak"},"url":"https:\/\/sandzakpress.net\/arhiva\/author\/bosniak\/"}]}},"_links":{"self":[{"href":"https:\/\/sandzakpress.net\/arhiva\/wp-json\/wp\/v2\/posts\/108143"}],"collection":[{"href":"https:\/\/sandzakpress.net\/arhiva\/wp-json\/wp\/v2\/posts"}],"about":[{"href":"https:\/\/sandzakpress.net\/arhiva\/wp-json\/wp\/v2\/types\/post"}],"author":[{"embeddable":true,"href":"https:\/\/sandzakpress.net\/arhiva\/wp-json\/wp\/v2\/users\/83"}],"replies":[{"embeddable":true,"href":"https:\/\/sandzakpress.net\/arhiva\/wp-json\/wp\/v2\/comments?post=108143"}],"version-history":[{"count":0,"href":"https:\/\/sandzakpress.net\/arhiva\/wp-json\/wp\/v2\/posts\/108143\/revisions"}],"wp:featuredmedia":[{"embeddable":true,"href":"https:\/\/sandzakpress.net\/arhiva\/wp-json\/wp\/v2\/media\/108144"}],"wp:attachment":[{"href":"https:\/\/sandzakpress.net\/arhiva\/wp-json\/wp\/v2\/media?parent=108143"}],"wp:term":[{"taxonomy":"category","embeddable":true,"href":"https:\/\/sandzakpress.net\/arhiva\/wp-json\/wp\/v2\/categories?post=108143"},{"taxonomy":"post_tag","embeddable":true,"href":"https:\/\/sandzakpress.net\/arhiva\/wp-json\/wp\/v2\/tags?post=108143"}],"curies":[{"name":"wp","href":"https:\/\/api.w.org\/{rel}","templated":true}]}}