{"id":108056,"date":"2014-07-01T14:21:50","date_gmt":"2014-07-01T12:21:50","guid":{"rendered":"https:\/\/sandzakpress.net\/arhiva\/?p=108056"},"modified":"2014-07-01T14:22:53","modified_gmt":"2014-07-01T12:22:53","slug":"mediji-bliski-sda-otkrivaju-ko-je-dragan-terzic","status":"publish","type":"post","link":"https:\/\/sandzakpress.net\/arhiva\/mediji-bliski-sda-otkrivaju-ko-je-dragan-terzic\/","title":{"rendered":"Mediji bliski SDA isti\u010du: &#8216;Ko je Dragan Terzi\u0107?&#8217;"},"content":{"rendered":"<p><img decoding=\"async\" src=\"http:\/\/www.24sata.info\/thumbnail.php?file=news\/2011\/november\/dragan_terzic_850226914.jpg&amp;size=article_large\" alt=\"\" \/><\/p>\n<p><strong>Sjeverni Sand\u017eak &#8211; Mediji bliski SDA Sulejmana Ugljanina uveliko vode kampanju protiv na\u010delnika policije u Novom Pazaru Dragana Terzi\u0107a. Mi vam prenosimo tekst u cjelosti:<\/strong><\/p>\n<p>Na\u010delnik Policijske Uprave Novi Pazar (policije koja kao da je pod zakletvom da ne rje\u0161eva ubistva), obavlja i niz drugih funkcija i to u Beogradu, Kur\u0161umliji\u2026<\/p>\n<p>Pored toga \u0161to je\u00a0na\u010delnik PU NP, on je i\u00a0na\u010delnik Koordinacione uprave za KiM,\u00a0tako\u0111er on je i\u00a0rukovodioc \u0160taba za KiM,\u00a0kao\u00a0i\u00a0pomo\u0107nik direktora policije Srbije.<\/p>\n<p>\u0160to je mnogo, mnogo je \u2013 \u010detiri funkcije, pa makar u ove dvije \u2013 \u201cza KiM\u201d i nemao ba\u0161 nekog\u00a0posla!<\/p>\n<p>Protiv njega se ve\u0107 godinama vodi postupak zbog\u00a0zloupotrebe slu\u017ebenog polo\u017eaja, pokrenut od strane\u00a0Osnovnog javnog tu\u017eila\u0161tva u Prokuplju. Mi nismo mogli da utvrdimo kojeg se od ovih njegovih mnogobrojnih polo\u017eaja\u00a0ti\u010de\u00a0postupak o zloupotrebi, a svakako je i\u00a0zagubljen po fijokama i pored brojnih upozoravanja\u00a0Nezavisnog policijskog sindikata Srbije.<\/p>\n<p>Ovaj Milo\u0161evi\u0107ev kadar, krajem\u00a02011. je godine je odlikovan od strane Meha Mahmutovi\u0107a, nekim izmi\u0161ljenim \u201cgradskim odlikovanjem\u201d, specijalno ustanovljenim vjerovatno samo za tu priliku.<\/p>\n<p>Na\u0161 izvor u policiji navodi da se u kriminalnoj sprezi, Terzi\u0107 kod\u00a0upo\u0161ljenika \u010desto\u00a0dovodi u vezi sa vreme\u0161nim na\u010delnikom PU Jagodina Milanom Stanojevi\u0107em. Stanojevi\u0107a od 2003. godine kada je dobio rje\u0161enje za penziju, upravo Terzi\u0107 \u010duva od\u00a0penzije, stavljaju\u0107i to rje\u0161enje van pravne snage, svakih \u0161est mjeseci obnavljaju\u0107i svoj potpis.<\/p>\n<p><span style=\"color: #000000;\">Protiv Stanojevi\u0107a se vodi niz krivi\u010dnih postupaka, po optu\u017enom prijedlogu KT\u00a0<span class=\"skimlinks-unlinked\">br.644\/11<\/span>. za dva produ\u017eena krivi\u010dna dela zloupotrebe slu\u017ebenog polo\u017eaja iz \u010dlana 359\/1 KZ R Srbije, krivi\u010dni postupak K. br 90\/12 za Krivi\u010dna dela zlostavljanje i mu\u010denje.\u00a0<\/span>Krivi\u010dni postupak\u00a0<span class=\"skimlinks-unlinked\">K.br.565\/12<\/span>\u00a0zbog zloupotrebe slu\u017ebenog polo\u017eaja i\u00a0<span class=\"skimlinks-unlinked\">Ktr.br.678\/12<\/span>\u00a0za KD la\u017eno svedo\u010denje. I tako dalje. \u010cak se i u izvje\u0161tajima Sektora unutra\u0161nje kontrole MUP-a, navodi \u201cprimanje poklona\u201d, kao i nu\u017enost penzionisanja jer su uvjeti za to ispunjeni.<\/p>\n<p>Stanojevi\u0107, kao \u2018pouzdani\u2019 tj. \u2018milo\u0161evi\u0107evski\u2019 kadar, o\u010dito je pod\u00a0ne\u010dijom\u00a0za\u0161titom.<\/p>\n<p>\u0160to se ti\u010de Terzi\u0107a, nadamo se da \u0107e politi\u010dki predstavnici Novog Pazara i Sand\u017eaka, pokrenuti i \u0161iru inicijativu za njegovu smjenu, a onda i za procesuiranje, makar za krivi\u010dna djela u vezi kojih je kako smo i naveli, sudski proces ve\u0107 pokrenut.<\/p>\n<p>Svakako da daje mjesta optimizmu \u010dinjenica, da se me\u0111u gra\u0111anima Novog Pazara\u00a0sve vi\u0161e govori onu\u017enosti\u00a0kona\u010dnog obra\u010duna protiv\u00a0svih\u00a0vidova kriminala pod okriljem vlasti. Da li \u0107e trenutni mo\u0107nici, zbog mita i korupcije, zbog prikrivanja dokaza za ubistva i za druga te\u0161ka krivi\u010dna djela, ili zbog ne\u010deg tre\u0107eg, biti i zatvoreni, ne\u0107emo naga\u0111ati, neka to odlu\u010de sudovi. Gra\u0111ani Novog Pazara i Sand\u017eaka samo o\u010dekuju detaljne istrage i pravedne sudske postupke. Uskoro \u0107e se navr\u0161iti i godinu dana od obe\u0107anja ministra Ljaji\u0107a, datog na njegovoj\u00a0RTV, da \u201cneko mora da ide u zatvor\u201d, pa se nadamo i ispunjenju toga, ali i prestanku blokade procesa protiv njega samog!<\/p>\n<p>A ako se desi da neko i ode u zatvor, mi im \u017eelimo da dobiju istu \u0107eliju, da bi se mogli me\u0111usobno odlikovati, praviti MOSI sa zastavama \u201crepublike srpske\u201d i na druge na\u010dine prolaziti kroz period rehabilitacije i odvikavanja\u00a0od \u201c\u010carda\u010deta\u201d u Varo\u0161 Mahali\u2026<\/p>\n<p>(Sand\u017eakAvaz)<\/p>\n","protected":false},"excerpt":{"rendered":"<p>Mediji bliski SDA Sulejmana Ugljanina uveliko vode kampanju protiv na\u010delnika policije u Novom Pazaru Dragana Terzi\u0107a. Mi vam prenosimo tekst u cjelosti<\/p>\n","protected":false},"author":83,"featured_media":108057,"comment_status":"open","ping_status":"open","sticky":false,"template":"","format":"standard","meta":{"footnotes":""},"categories":[72,1,52,327,8957],"tags":[10255,10260],"class_list":{"0":"post-108056","1":"post","2":"type-post","3":"status-publish","4":"format-standard","5":"has-post-thumbnail","7":"category-novi-pazar","8":"category-politika","9":"category-sjenica","10":"category-tutin","11":"category-vijesti-dana","12":"tag-sda","13":"tag-srpska-policija"},"yoast_head":"<!-- This site is optimized with the Yoast SEO Premium plugin v23.1 (Yoast SEO v24.9) - https:\/\/yoast.com\/wordpress\/plugins\/seo\/ -->\n<title>Mediji bliski SDA isti\u010du: &#039;Ko je Dragan Terzi\u0107?&#039;<\/title>\n<meta name=\"robots\" content=\"index, follow, max-snippet:-1, max-image-preview:large, max-video-preview:-1\" \/>\n<link rel=\"canonical\" href=\"https:\/\/sandzakpress.net\/arhiva\/mediji-bliski-sda-otkrivaju-ko-je-dragan-terzic\/\" \/>\n<meta property=\"og:locale\" content=\"bs_BA\" \/>\n<meta property=\"og:type\" content=\"article\" \/>\n<meta property=\"og:title\" content=\"Mediji bliski SDA isti\u010du: &#039;Ko je Dragan Terzi\u0107?&#039;\" \/>\n<meta property=\"og:description\" content=\"Mediji bliski SDA Sulejmana Ugljanina uveliko vode kampanju protiv na\u010delnika policije u Novom Pazaru Dragana Terzi\u0107a. Mi vam prenosimo tekst u cjelosti\" \/>\n<meta property=\"og:url\" content=\"https:\/\/sandzakpress.net\/arhiva\/mediji-bliski-sda-otkrivaju-ko-je-dragan-terzic\/\" \/>\n<meta property=\"og:site_name\" content=\"Sand\u017eak PRESS\" \/>\n<meta property=\"article:published_time\" content=\"2014-07-01T12:21:50+00:00\" \/>\n<meta property=\"article:modified_time\" content=\"2014-07-01T12:22:53+00:00\" \/>\n<meta property=\"og:image\" content=\"https:\/\/sandzakpress.net\/arhiva\/wp-content\/uploads\/2014\/07\/news-2011-november-dragan_terzic_850226914.jpg\" \/>\n\t<meta property=\"og:image:width\" content=\"600\" \/>\n\t<meta property=\"og:image:height\" content=\"450\" \/>\n\t<meta property=\"og:image:type\" content=\"image\/jpeg\" \/>\n<meta name=\"author\" content=\"bosniak\" \/>\n<meta name=\"twitter:card\" content=\"summary_large_image\" \/>\n<meta name=\"twitter:label1\" content=\"Written by\" \/>\n\t<meta name=\"twitter:data1\" content=\"bosniak\" \/>\n\t<meta name=\"twitter:label2\" content=\"Est. reading time\" \/>\n\t<meta name=\"twitter:data2\" content=\"3 minute\" \/>\n<script type=\"application\/ld+json\" class=\"yoast-schema-graph\">{\"@context\":\"https:\/\/schema.org\",\"@graph\":[{\"@type\":\"Article\",\"@id\":\"https:\/\/sandzakpress.net\/arhiva\/mediji-bliski-sda-otkrivaju-ko-je-dragan-terzic\/#article\",\"isPartOf\":{\"@id\":\"https:\/\/sandzakpress.net\/arhiva\/mediji-bliski-sda-otkrivaju-ko-je-dragan-terzic\/\"},\"author\":{\"name\":\"bosniak\",\"@id\":\"https:\/\/sandzakpress.net\/arhiva\/#\/schema\/person\/c8baee722073534b583ea7bdb2e36c02\"},\"headline\":\"Mediji bliski SDA isti\u010du: &#8216;Ko je Dragan Terzi\u0107?&#8217;\",\"datePublished\":\"2014-07-01T12:21:50+00:00\",\"dateModified\":\"2014-07-01T12:22:53+00:00\",\"mainEntityOfPage\":{\"@id\":\"https:\/\/sandzakpress.net\/arhiva\/mediji-bliski-sda-otkrivaju-ko-je-dragan-terzic\/\"},\"wordCount\":592,\"commentCount\":13,\"publisher\":{\"@id\":\"https:\/\/sandzakpress.net\/arhiva\/#\/schema\/person\/6e72b67d6e51910a1117b3b483ba20bd\"},\"image\":{\"@id\":\"https:\/\/sandzakpress.net\/arhiva\/mediji-bliski-sda-otkrivaju-ko-je-dragan-terzic\/#primaryimage\"},\"thumbnailUrl\":\"https:\/\/sandzakpress.net\/arhiva\/wp-content\/uploads\/2014\/07\/news-2011-november-dragan_terzic_850226914.jpg\",\"keywords\":[\"SDA\",\"srpska policija\"],\"articleSection\":[\"Novi Pazar\",\"Politika\",\"Sjenica\",\"Tutin\",\"VIJESTI DANA\"],\"inLanguage\":\"bs-BA\",\"potentialAction\":[{\"@type\":\"CommentAction\",\"name\":\"Comment\",\"target\":[\"https:\/\/sandzakpress.net\/arhiva\/mediji-bliski-sda-otkrivaju-ko-je-dragan-terzic\/#respond\"]}]},{\"@type\":\"WebPage\",\"@id\":\"https:\/\/sandzakpress.net\/arhiva\/mediji-bliski-sda-otkrivaju-ko-je-dragan-terzic\/\",\"url\":\"https:\/\/sandzakpress.net\/arhiva\/mediji-bliski-sda-otkrivaju-ko-je-dragan-terzic\/\",\"name\":\"Mediji bliski SDA isti\u010du: 'Ko je Dragan Terzi\u0107?'\",\"isPartOf\":{\"@id\":\"https:\/\/sandzakpress.net\/arhiva\/#website\"},\"primaryImageOfPage\":{\"@id\":\"https:\/\/sandzakpress.net\/arhiva\/mediji-bliski-sda-otkrivaju-ko-je-dragan-terzic\/#primaryimage\"},\"image\":{\"@id\":\"https:\/\/sandzakpress.net\/arhiva\/mediji-bliski-sda-otkrivaju-ko-je-dragan-terzic\/#primaryimage\"},\"thumbnailUrl\":\"https:\/\/sandzakpress.net\/arhiva\/wp-content\/uploads\/2014\/07\/news-2011-november-dragan_terzic_850226914.jpg\",\"datePublished\":\"2014-07-01T12:21:50+00:00\",\"dateModified\":\"2014-07-01T12:22:53+00:00\",\"breadcrumb\":{\"@id\":\"https:\/\/sandzakpress.net\/arhiva\/mediji-bliski-sda-otkrivaju-ko-je-dragan-terzic\/#breadcrumb\"},\"inLanguage\":\"bs-BA\",\"potentialAction\":[{\"@type\":\"ReadAction\",\"target\":[\"https:\/\/sandzakpress.net\/arhiva\/mediji-bliski-sda-otkrivaju-ko-je-dragan-terzic\/\"]}]},{\"@type\":\"ImageObject\",\"inLanguage\":\"bs-BA\",\"@id\":\"https:\/\/sandzakpress.net\/arhiva\/mediji-bliski-sda-otkrivaju-ko-je-dragan-terzic\/#primaryimage\",\"url\":\"https:\/\/sandzakpress.net\/arhiva\/wp-content\/uploads\/2014\/07\/news-2011-november-dragan_terzic_850226914.jpg\",\"contentUrl\":\"https:\/\/sandzakpress.net\/arhiva\/wp-content\/uploads\/2014\/07\/news-2011-november-dragan_terzic_850226914.jpg\",\"width\":600,\"height\":450},{\"@type\":\"BreadcrumbList\",\"@id\":\"https:\/\/sandzakpress.net\/arhiva\/mediji-bliski-sda-otkrivaju-ko-je-dragan-terzic\/#breadcrumb\",\"itemListElement\":[{\"@type\":\"ListItem\",\"position\":1,\"name\":\"Home\",\"item\":\"https:\/\/sandzakpress.net\/arhiva\/\"},{\"@type\":\"ListItem\",\"position\":2,\"name\":\"Mediji bliski SDA isti\u010du: &#8216;Ko je Dragan Terzi\u0107?&#8217;\"}]},{\"@type\":\"WebSite\",\"@id\":\"https:\/\/sandzakpress.net\/arhiva\/#website\",\"url\":\"https:\/\/sandzakpress.net\/arhiva\/\",\"name\":\"Sand\u017eak PRESS\",\"description\":\"Prve elektronske novine u Sand\u017eaku\",\"publisher\":{\"@id\":\"https:\/\/sandzakpress.net\/arhiva\/#\/schema\/person\/6e72b67d6e51910a1117b3b483ba20bd\"},\"potentialAction\":[{\"@type\":\"SearchAction\",\"target\":{\"@type\":\"EntryPoint\",\"urlTemplate\":\"https:\/\/sandzakpress.net\/arhiva\/?s={search_term_string}\"},\"query-input\":{\"@type\":\"PropertyValueSpecification\",\"valueRequired\":true,\"valueName\":\"search_term_string\"}}],\"inLanguage\":\"bs-BA\"},{\"@type\":[\"Person\",\"Organization\"],\"@id\":\"https:\/\/sandzakpress.net\/arhiva\/#\/schema\/person\/6e72b67d6e51910a1117b3b483ba20bd\",\"name\":\"Kul\",\"image\":{\"@type\":\"ImageObject\",\"inLanguage\":\"bs-BA\",\"@id\":\"https:\/\/sandzakpress.net\/arhiva\/#\/schema\/person\/image\/\",\"url\":\"https:\/\/secure.gravatar.com\/avatar\/42263f39aa27ac04c43cab85c280eb2e?s=96&d=mm&r=pg\",\"contentUrl\":\"https:\/\/secure.gravatar.com\/avatar\/42263f39aa27ac04c43cab85c280eb2e?s=96&d=mm&r=pg\",\"caption\":\"Kul\"},\"logo\":{\"@id\":\"https:\/\/sandzakpress.net\/arhiva\/#\/schema\/person\/image\/\"}},{\"@type\":\"Person\",\"@id\":\"https:\/\/sandzakpress.net\/arhiva\/#\/schema\/person\/c8baee722073534b583ea7bdb2e36c02\",\"name\":\"bosniak\",\"image\":{\"@type\":\"ImageObject\",\"inLanguage\":\"bs-BA\",\"@id\":\"https:\/\/sandzakpress.net\/arhiva\/#\/schema\/person\/image\/\",\"url\":\"https:\/\/secure.gravatar.com\/avatar\/a04fd330bfe3a36a72a0ad4a6d89fca7?s=96&d=mm&r=pg\",\"contentUrl\":\"https:\/\/secure.gravatar.com\/avatar\/a04fd330bfe3a36a72a0ad4a6d89fca7?s=96&d=mm&r=pg\",\"caption\":\"bosniak\"},\"url\":\"https:\/\/sandzakpress.net\/arhiva\/author\/bosniak\/\"}]}<\/script>\n<!-- \/ Yoast SEO Premium plugin. -->","yoast_head_json":{"title":"Mediji bliski SDA isti\u010du: 'Ko je Dragan Terzi\u0107?'","robots":{"index":"index","follow":"follow","max-snippet":"max-snippet:-1","max-image-preview":"max-image-preview:large","max-video-preview":"max-video-preview:-1"},"canonical":"https:\/\/sandzakpress.net\/arhiva\/mediji-bliski-sda-otkrivaju-ko-je-dragan-terzic\/","og_locale":"bs_BA","og_type":"article","og_title":"Mediji bliski SDA isti\u010du: 'Ko je Dragan Terzi\u0107?'","og_description":"Mediji bliski SDA Sulejmana Ugljanina uveliko vode kampanju protiv na\u010delnika policije u Novom Pazaru Dragana Terzi\u0107a. Mi vam prenosimo tekst u cjelosti","og_url":"https:\/\/sandzakpress.net\/arhiva\/mediji-bliski-sda-otkrivaju-ko-je-dragan-terzic\/","og_site_name":"Sand\u017eak PRESS","article_published_time":"2014-07-01T12:21:50+00:00","article_modified_time":"2014-07-01T12:22:53+00:00","og_image":[{"width":600,"height":450,"url":"https:\/\/sandzakpress.net\/arhiva\/wp-content\/uploads\/2014\/07\/news-2011-november-dragan_terzic_850226914.jpg","type":"image\/jpeg"}],"author":"bosniak","twitter_card":"summary_large_image","twitter_misc":{"Written by":"bosniak","Est. reading time":"3 minute"},"schema":{"@context":"https:\/\/schema.org","@graph":[{"@type":"Article","@id":"https:\/\/sandzakpress.net\/arhiva\/mediji-bliski-sda-otkrivaju-ko-je-dragan-terzic\/#article","isPartOf":{"@id":"https:\/\/sandzakpress.net\/arhiva\/mediji-bliski-sda-otkrivaju-ko-je-dragan-terzic\/"},"author":{"name":"bosniak","@id":"https:\/\/sandzakpress.net\/arhiva\/#\/schema\/person\/c8baee722073534b583ea7bdb2e36c02"},"headline":"Mediji bliski SDA isti\u010du: &#8216;Ko je Dragan Terzi\u0107?&#8217;","datePublished":"2014-07-01T12:21:50+00:00","dateModified":"2014-07-01T12:22:53+00:00","mainEntityOfPage":{"@id":"https:\/\/sandzakpress.net\/arhiva\/mediji-bliski-sda-otkrivaju-ko-je-dragan-terzic\/"},"wordCount":592,"commentCount":13,"publisher":{"@id":"https:\/\/sandzakpress.net\/arhiva\/#\/schema\/person\/6e72b67d6e51910a1117b3b483ba20bd"},"image":{"@id":"https:\/\/sandzakpress.net\/arhiva\/mediji-bliski-sda-otkrivaju-ko-je-dragan-terzic\/#primaryimage"},"thumbnailUrl":"https:\/\/sandzakpress.net\/arhiva\/wp-content\/uploads\/2014\/07\/news-2011-november-dragan_terzic_850226914.jpg","keywords":["SDA","srpska policija"],"articleSection":["Novi Pazar","Politika","Sjenica","Tutin","VIJESTI DANA"],"inLanguage":"bs-BA","potentialAction":[{"@type":"CommentAction","name":"Comment","target":["https:\/\/sandzakpress.net\/arhiva\/mediji-bliski-sda-otkrivaju-ko-je-dragan-terzic\/#respond"]}]},{"@type":"WebPage","@id":"https:\/\/sandzakpress.net\/arhiva\/mediji-bliski-sda-otkrivaju-ko-je-dragan-terzic\/","url":"https:\/\/sandzakpress.net\/arhiva\/mediji-bliski-sda-otkrivaju-ko-je-dragan-terzic\/","name":"Mediji bliski SDA isti\u010du: 'Ko je Dragan Terzi\u0107?'","isPartOf":{"@id":"https:\/\/sandzakpress.net\/arhiva\/#website"},"primaryImageOfPage":{"@id":"https:\/\/sandzakpress.net\/arhiva\/mediji-bliski-sda-otkrivaju-ko-je-dragan-terzic\/#primaryimage"},"image":{"@id":"https:\/\/sandzakpress.net\/arhiva\/mediji-bliski-sda-otkrivaju-ko-je-dragan-terzic\/#primaryimage"},"thumbnailUrl":"https:\/\/sandzakpress.net\/arhiva\/wp-content\/uploads\/2014\/07\/news-2011-november-dragan_terzic_850226914.jpg","datePublished":"2014-07-01T12:21:50+00:00","dateModified":"2014-07-01T12:22:53+00:00","breadcrumb":{"@id":"https:\/\/sandzakpress.net\/arhiva\/mediji-bliski-sda-otkrivaju-ko-je-dragan-terzic\/#breadcrumb"},"inLanguage":"bs-BA","potentialAction":[{"@type":"ReadAction","target":["https:\/\/sandzakpress.net\/arhiva\/mediji-bliski-sda-otkrivaju-ko-je-dragan-terzic\/"]}]},{"@type":"ImageObject","inLanguage":"bs-BA","@id":"https:\/\/sandzakpress.net\/arhiva\/mediji-bliski-sda-otkrivaju-ko-je-dragan-terzic\/#primaryimage","url":"https:\/\/sandzakpress.net\/arhiva\/wp-content\/uploads\/2014\/07\/news-2011-november-dragan_terzic_850226914.jpg","contentUrl":"https:\/\/sandzakpress.net\/arhiva\/wp-content\/uploads\/2014\/07\/news-2011-november-dragan_terzic_850226914.jpg","width":600,"height":450},{"@type":"BreadcrumbList","@id":"https:\/\/sandzakpress.net\/arhiva\/mediji-bliski-sda-otkrivaju-ko-je-dragan-terzic\/#breadcrumb","itemListElement":[{"@type":"ListItem","position":1,"name":"Home","item":"https:\/\/sandzakpress.net\/arhiva\/"},{"@type":"ListItem","position":2,"name":"Mediji bliski SDA isti\u010du: &#8216;Ko je Dragan Terzi\u0107?&#8217;"}]},{"@type":"WebSite","@id":"https:\/\/sandzakpress.net\/arhiva\/#website","url":"https:\/\/sandzakpress.net\/arhiva\/","name":"Sand\u017eak PRESS","description":"Prve elektronske novine u Sand\u017eaku","publisher":{"@id":"https:\/\/sandzakpress.net\/arhiva\/#\/schema\/person\/6e72b67d6e51910a1117b3b483ba20bd"},"potentialAction":[{"@type":"SearchAction","target":{"@type":"EntryPoint","urlTemplate":"https:\/\/sandzakpress.net\/arhiva\/?s={search_term_string}"},"query-input":{"@type":"PropertyValueSpecification","valueRequired":true,"valueName":"search_term_string"}}],"inLanguage":"bs-BA"},{"@type":["Person","Organization"],"@id":"https:\/\/sandzakpress.net\/arhiva\/#\/schema\/person\/6e72b67d6e51910a1117b3b483ba20bd","name":"Kul","image":{"@type":"ImageObject","inLanguage":"bs-BA","@id":"https:\/\/sandzakpress.net\/arhiva\/#\/schema\/person\/image\/","url":"https:\/\/secure.gravatar.com\/avatar\/42263f39aa27ac04c43cab85c280eb2e?s=96&d=mm&r=pg","contentUrl":"https:\/\/secure.gravatar.com\/avatar\/42263f39aa27ac04c43cab85c280eb2e?s=96&d=mm&r=pg","caption":"Kul"},"logo":{"@id":"https:\/\/sandzakpress.net\/arhiva\/#\/schema\/person\/image\/"}},{"@type":"Person","@id":"https:\/\/sandzakpress.net\/arhiva\/#\/schema\/person\/c8baee722073534b583ea7bdb2e36c02","name":"bosniak","image":{"@type":"ImageObject","inLanguage":"bs-BA","@id":"https:\/\/sandzakpress.net\/arhiva\/#\/schema\/person\/image\/","url":"https:\/\/secure.gravatar.com\/avatar\/a04fd330bfe3a36a72a0ad4a6d89fca7?s=96&d=mm&r=pg","contentUrl":"https:\/\/secure.gravatar.com\/avatar\/a04fd330bfe3a36a72a0ad4a6d89fca7?s=96&d=mm&r=pg","caption":"bosniak"},"url":"https:\/\/sandzakpress.net\/arhiva\/author\/bosniak\/"}]}},"_links":{"self":[{"href":"https:\/\/sandzakpress.net\/arhiva\/wp-json\/wp\/v2\/posts\/108056"}],"collection":[{"href":"https:\/\/sandzakpress.net\/arhiva\/wp-json\/wp\/v2\/posts"}],"about":[{"href":"https:\/\/sandzakpress.net\/arhiva\/wp-json\/wp\/v2\/types\/post"}],"author":[{"embeddable":true,"href":"https:\/\/sandzakpress.net\/arhiva\/wp-json\/wp\/v2\/users\/83"}],"replies":[{"embeddable":true,"href":"https:\/\/sandzakpress.net\/arhiva\/wp-json\/wp\/v2\/comments?post=108056"}],"version-history":[{"count":0,"href":"https:\/\/sandzakpress.net\/arhiva\/wp-json\/wp\/v2\/posts\/108056\/revisions"}],"wp:featuredmedia":[{"embeddable":true,"href":"https:\/\/sandzakpress.net\/arhiva\/wp-json\/wp\/v2\/media\/108057"}],"wp:attachment":[{"href":"https:\/\/sandzakpress.net\/arhiva\/wp-json\/wp\/v2\/media?parent=108056"}],"wp:term":[{"taxonomy":"category","embeddable":true,"href":"https:\/\/sandzakpress.net\/arhiva\/wp-json\/wp\/v2\/categories?post=108056"},{"taxonomy":"post_tag","embeddable":true,"href":"https:\/\/sandzakpress.net\/arhiva\/wp-json\/wp\/v2\/tags?post=108056"}],"curies":[{"name":"wp","href":"https:\/\/api.w.org\/{rel}","templated":true}]}}