{"id":108052,"date":"2014-07-01T13:16:35","date_gmt":"2014-07-01T11:16:35","guid":{"rendered":"https:\/\/sandzakpress.net\/arhiva\/?p=108052"},"modified":"2014-07-01T13:16:55","modified_gmt":"2014-07-01T11:16:55","slug":"erdogan-kandidat-za-predsjednika-turske","status":"publish","type":"post","link":"https:\/\/sandzakpress.net\/arhiva\/erdogan-kandidat-za-predsjednika-turske\/","title":{"rendered":"Erdogan kandidat za predsjednika Turske"},"content":{"rendered":"<p><strong><span style=\"color: #000000;\"><img loading=\"lazy\" decoding=\"async\" class=\"alignleft\" src=\"http:\/\/www.sandzacke.rs\/wp-content\/uploads\/2014\/05\/Erdogan-49-620x400.jpg\" alt=\"\" width=\"344\" height=\"222\" \/>Turska &#8211; Vladaju\u0107a turska Stranka pravde i razvoja (AKP) je danas objavila kandidaturu aktuelnog premijera Red\u017eepa Tajipa Erdogana za predsjednika dr\u017eave na prvim direktnim predsjedni\u010dkim izborima, zakazanim za avgust, objavili su turski mediji.<\/span><\/strong><br style=\"color: #000000;\" \/><br style=\"color: #000000;\" \/><span style=\"color: #000000;\">Ukoliko pobjedi na tim izborima, Erdogan, koji je ve\u0107 vi\u0161e od decenije dominantna figura na turskoj politi\u010dkoj sceni, mogao bi da ostane na \u010delu dr\u017eave jo\u0161 najmanje pet godina, prenijela je agencija AP.<\/span><br style=\"color: #000000;\" \/><br style=\"color: #000000;\" \/><span style=\"color: #000000;\">Erdogan (60) je na vlasti od 2003. godine, ali mu interni strana\u010dki propisi ne dopu\u0161taju da se ponovo kandiduje za premijera.<\/span><br style=\"color: #000000;\" \/><br style=\"color: #000000;\" \/><span style=\"color: #000000;\">Ve\u0107 neko vrijeme se, me\u0111utim, pri\u010da da Erdogan, koji je predvodio ekonomski uspon Turske, ali je tako\u0111e izazvao velike kritike zbog svog sve autoritarnijeg vladanja zemljom, gaji ambicije da postane predsjednik dr\u017eave.<\/span><br style=\"color: #000000;\" \/><br style=\"color: #000000;\" \/><span style=\"color: #000000;\">Pozicija predsjednika je u Turskoj uglavnom simboli\u010dna, ali je aktuelni premijer izjavio kako se zala\u017ee za to da predsjednik dr\u017eave dobije ve\u0107a ovla\u0161\u0107enja.<\/span><br style=\"color: #000000;\" \/><br style=\"color: #000000;\" \/><span style=\"color: #000000;\">Erdogan za vrijeme svog premijerskog mandata nije uspeo da dobije dovoljnu podr\u0161ku za ustavne promjene koje bi dale predsjedniku mnogo ve\u0107a ovlas\u0107enja nego \u0161to ih sada ima.<\/span><br style=\"color: #000000;\" \/><br style=\"color: #000000;\" \/><span style=\"color: #000000;\">On je, me\u0111utim, naveo da bi, ukoliko bude izabran na tu funkciju, do kraja koristio ovla\u0161\u0107enja koja se do sada nisu uop\u0161te koristila, kao \u0161to je pravo na sazivanje sastanaka kabineta. U tom slu\u010daju bi Erdogan imao jednaku mo\u0107 kao \u0161to je ima na premijerskoj poziciji, navodi AP.<\/span><br style=\"color: #000000;\" \/><br style=\"color: #000000;\" \/><span style=\"color: #000000;\">Aktuelni turski predsjednik Abdulah Gul, \u010diji mandat isti\u010de 28. avgusta, izjavio je da se ne\u0107e ponovo kandidovati za tu funkciju.<\/span><br style=\"color: #000000;\" \/><br style=\"color: #000000;\" \/><span style=\"color: #000000;\">Prvi krug predsjedni\u010dkih izbora, na kojima \u0107e Turci po prvi put direktno birati \u0161efa dr\u017eave, bi\u0107e odr\u017eani 10. avgusta, a drugi krug 24. avgusta. Dosad je predsednika dr\u017eave birao turski parlament.<\/span><\/p>\n<p>(tanjug)<\/p>\n","protected":false},"excerpt":{"rendered":"<p>Turska &#8211; Vladaju\u0107a turska Stranka pravde i razvoja (AKP) je danas objavila kandidaturu aktuelnog premijera Red\u017eepa Tajipa Erdogana za predsjednika dr\u017eave na prvim direktnim predsjedni\u010dkim izborima, zakazanim za avgust, objavili su turski mediji.Ukoliko pobjedi na tim izborima, Erdogan, koji je ve\u0107 vi\u0161e od decenije dominantna figura na turskoj politi\u010dkoj sceni, mogao bi da ostane na [&hellip;]<\/p>\n","protected":false},"author":83,"featured_media":108053,"comment_status":"open","ping_status":"open","sticky":false,"template":"","format":"standard","meta":{"footnotes":""},"categories":[1,8957,2692],"tags":[],"class_list":{"0":"post-108052","1":"post","2":"type-post","3":"status-publish","4":"format-standard","5":"has-post-thumbnail","7":"category-politika","8":"category-vijesti-dana","9":"category-turska-gradovi"},"yoast_head":"<!-- This site is optimized with the Yoast SEO Premium plugin v23.1 (Yoast SEO v24.9) - https:\/\/yoast.com\/wordpress\/plugins\/seo\/ -->\n<title>Erdogan kandidat za predsjednika Turske<\/title>\n<meta name=\"robots\" content=\"index, follow, max-snippet:-1, max-image-preview:large, max-video-preview:-1\" \/>\n<link rel=\"canonical\" href=\"https:\/\/sandzakpress.net\/arhiva\/erdogan-kandidat-za-predsjednika-turske\/\" \/>\n<meta property=\"og:locale\" content=\"bs_BA\" \/>\n<meta property=\"og:type\" content=\"article\" \/>\n<meta property=\"og:title\" content=\"Erdogan kandidat za predsjednika Turske\" \/>\n<meta property=\"og:description\" content=\"Turska &#8211; Vladaju\u0107a turska Stranka pravde i razvoja (AKP) je danas objavila kandidaturu aktuelnog premijera Red\u017eepa Tajipa Erdogana za predsjednika dr\u017eave na prvim direktnim predsjedni\u010dkim izborima, zakazanim za avgust, objavili su turski mediji.Ukoliko pobjedi na tim izborima, Erdogan, koji je ve\u0107 vi\u0161e od decenije dominantna figura na turskoj politi\u010dkoj sceni, mogao bi da ostane na [&hellip;]\" \/>\n<meta property=\"og:url\" content=\"https:\/\/sandzakpress.net\/arhiva\/erdogan-kandidat-za-predsjednika-turske\/\" \/>\n<meta property=\"og:site_name\" content=\"Sand\u017eak PRESS\" \/>\n<meta property=\"article:published_time\" content=\"2014-07-01T11:16:35+00:00\" \/>\n<meta property=\"article:modified_time\" content=\"2014-07-01T11:16:55+00:00\" \/>\n<meta property=\"og:image\" content=\"https:\/\/sandzakpress.net\/arhiva\/wp-content\/uploads\/2014\/07\/Erdogan-49-620x400.jpg\" \/>\n\t<meta property=\"og:image:width\" content=\"620\" \/>\n\t<meta property=\"og:image:height\" content=\"400\" \/>\n\t<meta property=\"og:image:type\" content=\"image\/jpeg\" \/>\n<meta name=\"author\" content=\"bosniak\" \/>\n<meta name=\"twitter:card\" content=\"summary_large_image\" \/>\n<meta name=\"twitter:label1\" content=\"Written by\" \/>\n\t<meta name=\"twitter:data1\" content=\"bosniak\" \/>\n\t<meta name=\"twitter:label2\" content=\"Est. reading time\" \/>\n\t<meta name=\"twitter:data2\" content=\"1 minuta\" \/>\n<script type=\"application\/ld+json\" class=\"yoast-schema-graph\">{\"@context\":\"https:\/\/schema.org\",\"@graph\":[{\"@type\":\"Article\",\"@id\":\"https:\/\/sandzakpress.net\/arhiva\/erdogan-kandidat-za-predsjednika-turske\/#article\",\"isPartOf\":{\"@id\":\"https:\/\/sandzakpress.net\/arhiva\/erdogan-kandidat-za-predsjednika-turske\/\"},\"author\":{\"name\":\"bosniak\",\"@id\":\"https:\/\/sandzakpress.net\/arhiva\/#\/schema\/person\/c8baee722073534b583ea7bdb2e36c02\"},\"headline\":\"Erdogan kandidat za predsjednika Turske\",\"datePublished\":\"2014-07-01T11:16:35+00:00\",\"dateModified\":\"2014-07-01T11:16:55+00:00\",\"mainEntityOfPage\":{\"@id\":\"https:\/\/sandzakpress.net\/arhiva\/erdogan-kandidat-za-predsjednika-turske\/\"},\"wordCount\":301,\"commentCount\":10,\"publisher\":{\"@id\":\"https:\/\/sandzakpress.net\/arhiva\/#\/schema\/person\/6e72b67d6e51910a1117b3b483ba20bd\"},\"image\":{\"@id\":\"https:\/\/sandzakpress.net\/arhiva\/erdogan-kandidat-za-predsjednika-turske\/#primaryimage\"},\"thumbnailUrl\":\"https:\/\/sandzakpress.net\/arhiva\/wp-content\/uploads\/2014\/07\/Erdogan-49-620x400.jpg\",\"articleSection\":[\"Politika\",\"VIJESTI DANA\",\"Turska\"],\"inLanguage\":\"bs-BA\",\"potentialAction\":[{\"@type\":\"CommentAction\",\"name\":\"Comment\",\"target\":[\"https:\/\/sandzakpress.net\/arhiva\/erdogan-kandidat-za-predsjednika-turske\/#respond\"]}]},{\"@type\":\"WebPage\",\"@id\":\"https:\/\/sandzakpress.net\/arhiva\/erdogan-kandidat-za-predsjednika-turske\/\",\"url\":\"https:\/\/sandzakpress.net\/arhiva\/erdogan-kandidat-za-predsjednika-turske\/\",\"name\":\"Erdogan kandidat za predsjednika Turske\",\"isPartOf\":{\"@id\":\"https:\/\/sandzakpress.net\/arhiva\/#website\"},\"primaryImageOfPage\":{\"@id\":\"https:\/\/sandzakpress.net\/arhiva\/erdogan-kandidat-za-predsjednika-turske\/#primaryimage\"},\"image\":{\"@id\":\"https:\/\/sandzakpress.net\/arhiva\/erdogan-kandidat-za-predsjednika-turske\/#primaryimage\"},\"thumbnailUrl\":\"https:\/\/sandzakpress.net\/arhiva\/wp-content\/uploads\/2014\/07\/Erdogan-49-620x400.jpg\",\"datePublished\":\"2014-07-01T11:16:35+00:00\",\"dateModified\":\"2014-07-01T11:16:55+00:00\",\"breadcrumb\":{\"@id\":\"https:\/\/sandzakpress.net\/arhiva\/erdogan-kandidat-za-predsjednika-turske\/#breadcrumb\"},\"inLanguage\":\"bs-BA\",\"potentialAction\":[{\"@type\":\"ReadAction\",\"target\":[\"https:\/\/sandzakpress.net\/arhiva\/erdogan-kandidat-za-predsjednika-turske\/\"]}]},{\"@type\":\"ImageObject\",\"inLanguage\":\"bs-BA\",\"@id\":\"https:\/\/sandzakpress.net\/arhiva\/erdogan-kandidat-za-predsjednika-turske\/#primaryimage\",\"url\":\"https:\/\/sandzakpress.net\/arhiva\/wp-content\/uploads\/2014\/07\/Erdogan-49-620x400.jpg\",\"contentUrl\":\"https:\/\/sandzakpress.net\/arhiva\/wp-content\/uploads\/2014\/07\/Erdogan-49-620x400.jpg\",\"width\":620,\"height\":400},{\"@type\":\"BreadcrumbList\",\"@id\":\"https:\/\/sandzakpress.net\/arhiva\/erdogan-kandidat-za-predsjednika-turske\/#breadcrumb\",\"itemListElement\":[{\"@type\":\"ListItem\",\"position\":1,\"name\":\"Home\",\"item\":\"https:\/\/sandzakpress.net\/arhiva\/\"},{\"@type\":\"ListItem\",\"position\":2,\"name\":\"Erdogan kandidat za predsjednika Turske\"}]},{\"@type\":\"WebSite\",\"@id\":\"https:\/\/sandzakpress.net\/arhiva\/#website\",\"url\":\"https:\/\/sandzakpress.net\/arhiva\/\",\"name\":\"Sand\u017eak PRESS\",\"description\":\"Prve elektronske novine u Sand\u017eaku\",\"publisher\":{\"@id\":\"https:\/\/sandzakpress.net\/arhiva\/#\/schema\/person\/6e72b67d6e51910a1117b3b483ba20bd\"},\"potentialAction\":[{\"@type\":\"SearchAction\",\"target\":{\"@type\":\"EntryPoint\",\"urlTemplate\":\"https:\/\/sandzakpress.net\/arhiva\/?s={search_term_string}\"},\"query-input\":{\"@type\":\"PropertyValueSpecification\",\"valueRequired\":true,\"valueName\":\"search_term_string\"}}],\"inLanguage\":\"bs-BA\"},{\"@type\":[\"Person\",\"Organization\"],\"@id\":\"https:\/\/sandzakpress.net\/arhiva\/#\/schema\/person\/6e72b67d6e51910a1117b3b483ba20bd\",\"name\":\"Kul\",\"image\":{\"@type\":\"ImageObject\",\"inLanguage\":\"bs-BA\",\"@id\":\"https:\/\/sandzakpress.net\/arhiva\/#\/schema\/person\/image\/\",\"url\":\"https:\/\/secure.gravatar.com\/avatar\/42263f39aa27ac04c43cab85c280eb2e?s=96&d=mm&r=pg\",\"contentUrl\":\"https:\/\/secure.gravatar.com\/avatar\/42263f39aa27ac04c43cab85c280eb2e?s=96&d=mm&r=pg\",\"caption\":\"Kul\"},\"logo\":{\"@id\":\"https:\/\/sandzakpress.net\/arhiva\/#\/schema\/person\/image\/\"}},{\"@type\":\"Person\",\"@id\":\"https:\/\/sandzakpress.net\/arhiva\/#\/schema\/person\/c8baee722073534b583ea7bdb2e36c02\",\"name\":\"bosniak\",\"image\":{\"@type\":\"ImageObject\",\"inLanguage\":\"bs-BA\",\"@id\":\"https:\/\/sandzakpress.net\/arhiva\/#\/schema\/person\/image\/\",\"url\":\"https:\/\/secure.gravatar.com\/avatar\/a04fd330bfe3a36a72a0ad4a6d89fca7?s=96&d=mm&r=pg\",\"contentUrl\":\"https:\/\/secure.gravatar.com\/avatar\/a04fd330bfe3a36a72a0ad4a6d89fca7?s=96&d=mm&r=pg\",\"caption\":\"bosniak\"},\"url\":\"https:\/\/sandzakpress.net\/arhiva\/author\/bosniak\/\"}]}<\/script>\n<!-- \/ Yoast SEO Premium plugin. -->","yoast_head_json":{"title":"Erdogan kandidat za predsjednika Turske","robots":{"index":"index","follow":"follow","max-snippet":"max-snippet:-1","max-image-preview":"max-image-preview:large","max-video-preview":"max-video-preview:-1"},"canonical":"https:\/\/sandzakpress.net\/arhiva\/erdogan-kandidat-za-predsjednika-turske\/","og_locale":"bs_BA","og_type":"article","og_title":"Erdogan kandidat za predsjednika Turske","og_description":"Turska &#8211; Vladaju\u0107a turska Stranka pravde i razvoja (AKP) je danas objavila kandidaturu aktuelnog premijera Red\u017eepa Tajipa Erdogana za predsjednika dr\u017eave na prvim direktnim predsjedni\u010dkim izborima, zakazanim za avgust, objavili su turski mediji.Ukoliko pobjedi na tim izborima, Erdogan, koji je ve\u0107 vi\u0161e od decenije dominantna figura na turskoj politi\u010dkoj sceni, mogao bi da ostane na [&hellip;]","og_url":"https:\/\/sandzakpress.net\/arhiva\/erdogan-kandidat-za-predsjednika-turske\/","og_site_name":"Sand\u017eak PRESS","article_published_time":"2014-07-01T11:16:35+00:00","article_modified_time":"2014-07-01T11:16:55+00:00","og_image":[{"width":620,"height":400,"url":"https:\/\/sandzakpress.net\/arhiva\/wp-content\/uploads\/2014\/07\/Erdogan-49-620x400.jpg","type":"image\/jpeg"}],"author":"bosniak","twitter_card":"summary_large_image","twitter_misc":{"Written by":"bosniak","Est. reading time":"1 minuta"},"schema":{"@context":"https:\/\/schema.org","@graph":[{"@type":"Article","@id":"https:\/\/sandzakpress.net\/arhiva\/erdogan-kandidat-za-predsjednika-turske\/#article","isPartOf":{"@id":"https:\/\/sandzakpress.net\/arhiva\/erdogan-kandidat-za-predsjednika-turske\/"},"author":{"name":"bosniak","@id":"https:\/\/sandzakpress.net\/arhiva\/#\/schema\/person\/c8baee722073534b583ea7bdb2e36c02"},"headline":"Erdogan kandidat za predsjednika Turske","datePublished":"2014-07-01T11:16:35+00:00","dateModified":"2014-07-01T11:16:55+00:00","mainEntityOfPage":{"@id":"https:\/\/sandzakpress.net\/arhiva\/erdogan-kandidat-za-predsjednika-turske\/"},"wordCount":301,"commentCount":10,"publisher":{"@id":"https:\/\/sandzakpress.net\/arhiva\/#\/schema\/person\/6e72b67d6e51910a1117b3b483ba20bd"},"image":{"@id":"https:\/\/sandzakpress.net\/arhiva\/erdogan-kandidat-za-predsjednika-turske\/#primaryimage"},"thumbnailUrl":"https:\/\/sandzakpress.net\/arhiva\/wp-content\/uploads\/2014\/07\/Erdogan-49-620x400.jpg","articleSection":["Politika","VIJESTI DANA","Turska"],"inLanguage":"bs-BA","potentialAction":[{"@type":"CommentAction","name":"Comment","target":["https:\/\/sandzakpress.net\/arhiva\/erdogan-kandidat-za-predsjednika-turske\/#respond"]}]},{"@type":"WebPage","@id":"https:\/\/sandzakpress.net\/arhiva\/erdogan-kandidat-za-predsjednika-turske\/","url":"https:\/\/sandzakpress.net\/arhiva\/erdogan-kandidat-za-predsjednika-turske\/","name":"Erdogan kandidat za predsjednika Turske","isPartOf":{"@id":"https:\/\/sandzakpress.net\/arhiva\/#website"},"primaryImageOfPage":{"@id":"https:\/\/sandzakpress.net\/arhiva\/erdogan-kandidat-za-predsjednika-turske\/#primaryimage"},"image":{"@id":"https:\/\/sandzakpress.net\/arhiva\/erdogan-kandidat-za-predsjednika-turske\/#primaryimage"},"thumbnailUrl":"https:\/\/sandzakpress.net\/arhiva\/wp-content\/uploads\/2014\/07\/Erdogan-49-620x400.jpg","datePublished":"2014-07-01T11:16:35+00:00","dateModified":"2014-07-01T11:16:55+00:00","breadcrumb":{"@id":"https:\/\/sandzakpress.net\/arhiva\/erdogan-kandidat-za-predsjednika-turske\/#breadcrumb"},"inLanguage":"bs-BA","potentialAction":[{"@type":"ReadAction","target":["https:\/\/sandzakpress.net\/arhiva\/erdogan-kandidat-za-predsjednika-turske\/"]}]},{"@type":"ImageObject","inLanguage":"bs-BA","@id":"https:\/\/sandzakpress.net\/arhiva\/erdogan-kandidat-za-predsjednika-turske\/#primaryimage","url":"https:\/\/sandzakpress.net\/arhiva\/wp-content\/uploads\/2014\/07\/Erdogan-49-620x400.jpg","contentUrl":"https:\/\/sandzakpress.net\/arhiva\/wp-content\/uploads\/2014\/07\/Erdogan-49-620x400.jpg","width":620,"height":400},{"@type":"BreadcrumbList","@id":"https:\/\/sandzakpress.net\/arhiva\/erdogan-kandidat-za-predsjednika-turske\/#breadcrumb","itemListElement":[{"@type":"ListItem","position":1,"name":"Home","item":"https:\/\/sandzakpress.net\/arhiva\/"},{"@type":"ListItem","position":2,"name":"Erdogan kandidat za predsjednika Turske"}]},{"@type":"WebSite","@id":"https:\/\/sandzakpress.net\/arhiva\/#website","url":"https:\/\/sandzakpress.net\/arhiva\/","name":"Sand\u017eak PRESS","description":"Prve elektronske novine u Sand\u017eaku","publisher":{"@id":"https:\/\/sandzakpress.net\/arhiva\/#\/schema\/person\/6e72b67d6e51910a1117b3b483ba20bd"},"potentialAction":[{"@type":"SearchAction","target":{"@type":"EntryPoint","urlTemplate":"https:\/\/sandzakpress.net\/arhiva\/?s={search_term_string}"},"query-input":{"@type":"PropertyValueSpecification","valueRequired":true,"valueName":"search_term_string"}}],"inLanguage":"bs-BA"},{"@type":["Person","Organization"],"@id":"https:\/\/sandzakpress.net\/arhiva\/#\/schema\/person\/6e72b67d6e51910a1117b3b483ba20bd","name":"Kul","image":{"@type":"ImageObject","inLanguage":"bs-BA","@id":"https:\/\/sandzakpress.net\/arhiva\/#\/schema\/person\/image\/","url":"https:\/\/secure.gravatar.com\/avatar\/42263f39aa27ac04c43cab85c280eb2e?s=96&d=mm&r=pg","contentUrl":"https:\/\/secure.gravatar.com\/avatar\/42263f39aa27ac04c43cab85c280eb2e?s=96&d=mm&r=pg","caption":"Kul"},"logo":{"@id":"https:\/\/sandzakpress.net\/arhiva\/#\/schema\/person\/image\/"}},{"@type":"Person","@id":"https:\/\/sandzakpress.net\/arhiva\/#\/schema\/person\/c8baee722073534b583ea7bdb2e36c02","name":"bosniak","image":{"@type":"ImageObject","inLanguage":"bs-BA","@id":"https:\/\/sandzakpress.net\/arhiva\/#\/schema\/person\/image\/","url":"https:\/\/secure.gravatar.com\/avatar\/a04fd330bfe3a36a72a0ad4a6d89fca7?s=96&d=mm&r=pg","contentUrl":"https:\/\/secure.gravatar.com\/avatar\/a04fd330bfe3a36a72a0ad4a6d89fca7?s=96&d=mm&r=pg","caption":"bosniak"},"url":"https:\/\/sandzakpress.net\/arhiva\/author\/bosniak\/"}]}},"_links":{"self":[{"href":"https:\/\/sandzakpress.net\/arhiva\/wp-json\/wp\/v2\/posts\/108052"}],"collection":[{"href":"https:\/\/sandzakpress.net\/arhiva\/wp-json\/wp\/v2\/posts"}],"about":[{"href":"https:\/\/sandzakpress.net\/arhiva\/wp-json\/wp\/v2\/types\/post"}],"author":[{"embeddable":true,"href":"https:\/\/sandzakpress.net\/arhiva\/wp-json\/wp\/v2\/users\/83"}],"replies":[{"embeddable":true,"href":"https:\/\/sandzakpress.net\/arhiva\/wp-json\/wp\/v2\/comments?post=108052"}],"version-history":[{"count":0,"href":"https:\/\/sandzakpress.net\/arhiva\/wp-json\/wp\/v2\/posts\/108052\/revisions"}],"wp:featuredmedia":[{"embeddable":true,"href":"https:\/\/sandzakpress.net\/arhiva\/wp-json\/wp\/v2\/media\/108053"}],"wp:attachment":[{"href":"https:\/\/sandzakpress.net\/arhiva\/wp-json\/wp\/v2\/media?parent=108052"}],"wp:term":[{"taxonomy":"category","embeddable":true,"href":"https:\/\/sandzakpress.net\/arhiva\/wp-json\/wp\/v2\/categories?post=108052"},{"taxonomy":"post_tag","embeddable":true,"href":"https:\/\/sandzakpress.net\/arhiva\/wp-json\/wp\/v2\/tags?post=108052"}],"curies":[{"name":"wp","href":"https:\/\/api.w.org\/{rel}","templated":true}]}}