{"id":108027,"date":"2014-06-30T23:14:41","date_gmt":"2014-06-30T21:14:41","guid":{"rendered":"https:\/\/sandzakpress.net\/arhiva\/?p=108027"},"modified":"2014-06-30T23:14:41","modified_gmt":"2014-06-30T21:14:41","slug":"otkrivene-rijeke-meda-u-brdskom-podrucju-na-jugu-jemena","status":"publish","type":"post","link":"https:\/\/sandzakpress.net\/arhiva\/otkrivene-rijeke-meda-u-brdskom-podrucju-na-jugu-jemena\/","title":{"rendered":"Otkrivene &#8216;rijeke meda&#8217; u brdskom podru\u010dju na jugu Jemena"},"content":{"rendered":"<p style=\"color: #000000;\"><img loading=\"lazy\" decoding=\"async\" class=\"aligncenter\" src=\"http:\/\/www.akos.ba\/media\/k2\/items\/cache\/298e734bc8cd641916fc99aec3a190de_XL.jpg\" alt=\"Otkrivene &amp;#039;rijeke meda&amp;#039; u brdskom podru\u010dju na jugu Jemena\" width=\"437\" height=\"437\" \/>Stanovnici grada Hadra El-Mewt u Jemenu nedavno su u brdima jedne planine ovog poznatog jemenskog grada po proizvodnji meda, otkrili spilju u kojoj su na\u0161li velike koli\u010dine meda koje podsje\u0107aju na rijeke koje teku .<\/p>\n<p style=\"color: #000000;\">Novinari CNN-a, prenose da su ljudi iznena\u0111eni sa ovim \u010dudnim otkri\u0107em koji je prona\u0111eno u spilji zvanoj Wadi Douan.<br \/>\nOvo mjesto je odskora postalo veoma zanimljiva turisti\u010dka atrakcija koja privla\u010di mnoge posjetitelje na ovom podru\u010dju, zbog otkri\u0107a nesvakida\u0161njeg fenomena.<\/p>\n<p style=\"color: #000000;\">\nOvaj prizor jo\u0161 ja\u010de utjelovljuju rije\u010di Allaha Svevi\u0161njeg kako se to prenosi u \u010casnom Kur'anu :<strong>&#8220;Gospodar Tvoj je p\u010delu nadahnuo: &#8220;Pravi sebi ku\u0107e u brdima i u dubovima i u onome \u0161to ljudi naprave&#8221;<br \/>\n(An-Nahl-P\u010dela: 68)<\/strong><\/p>\n<p style=\"color: #000000;\">\n<p style=\"color: #000000;\">\n<p style=\"color: #000000;\">Izvor:<strong> islammylife.tv<\/strong><\/p>\n<p style=\"color: #000000;\">(akos.ba)<\/p>\n","protected":false},"excerpt":{"rendered":"<p>Stanovnici grada Hadra El-Mewt u Jemenu nedavno su u brdima jedne planine ovog poznatog jemenskog grada po proizvodnji meda, otkrili spilju u kojoj su na\u0161li velike koli\u010dine meda koje podsje\u0107aju na rijeke koje teku . Novinari CNN-a, prenose da su ljudi iznena\u0111eni sa ovim \u010dudnim otkri\u0107em koji je prona\u0111eno u spilji zvanoj Wadi Douan. Ovo [&hellip;]<\/p>\n","protected":false},"author":125,"featured_media":108028,"comment_status":"open","ping_status":"open","sticky":false,"template":"","format":"standard","meta":{"footnotes":""},"categories":[2695],"tags":[],"class_list":{"0":"post-108027","1":"post","2":"type-post","3":"status-publish","4":"format-standard","5":"has-post-thumbnail","7":"category-zanimljivo"},"yoast_head":"<!-- This site is optimized with the Yoast SEO Premium plugin v23.1 (Yoast SEO v24.9) - https:\/\/yoast.com\/wordpress\/plugins\/seo\/ -->\n<title>Otkrivene &#039;rijeke meda&#039; u brdskom podru\u010dju na jugu Jemena<\/title>\n<meta name=\"robots\" content=\"index, follow, max-snippet:-1, max-image-preview:large, max-video-preview:-1\" \/>\n<link rel=\"canonical\" href=\"https:\/\/sandzakpress.net\/arhiva\/otkrivene-rijeke-meda-u-brdskom-podrucju-na-jugu-jemena\/\" \/>\n<meta property=\"og:locale\" content=\"bs_BA\" \/>\n<meta property=\"og:type\" content=\"article\" \/>\n<meta property=\"og:title\" content=\"Otkrivene &#039;rijeke meda&#039; u brdskom podru\u010dju na jugu Jemena\" \/>\n<meta property=\"og:description\" content=\"Stanovnici grada Hadra El-Mewt u Jemenu nedavno su u brdima jedne planine ovog poznatog jemenskog grada po proizvodnji meda, otkrili spilju u kojoj su na\u0161li velike koli\u010dine meda koje podsje\u0107aju na rijeke koje teku . Novinari CNN-a, prenose da su ljudi iznena\u0111eni sa ovim \u010dudnim otkri\u0107em koji je prona\u0111eno u spilji zvanoj Wadi Douan. Ovo [&hellip;]\" \/>\n<meta property=\"og:url\" content=\"https:\/\/sandzakpress.net\/arhiva\/otkrivene-rijeke-meda-u-brdskom-podrucju-na-jugu-jemena\/\" \/>\n<meta property=\"og:site_name\" content=\"Sand\u017eak PRESS\" \/>\n<meta property=\"article:published_time\" content=\"2014-06-30T21:14:41+00:00\" \/>\n<meta property=\"og:image\" content=\"https:\/\/sandzakpress.net\/arhiva\/wp-content\/uploads\/2014\/06\/298e734bc8cd641916fc99aec3a190de_XL.jpg\" \/>\n\t<meta property=\"og:image:width\" content=\"647\" \/>\n\t<meta property=\"og:image:height\" content=\"647\" \/>\n\t<meta property=\"og:image:type\" content=\"image\/jpeg\" \/>\n<meta name=\"author\" content=\"Korektor\" \/>\n<meta name=\"twitter:card\" content=\"summary_large_image\" \/>\n<meta name=\"twitter:label1\" content=\"Written by\" \/>\n\t<meta name=\"twitter:data1\" content=\"Korektor\" \/>\n\t<meta name=\"twitter:label2\" content=\"Est. reading time\" \/>\n\t<meta name=\"twitter:data2\" content=\"1 minuta\" \/>\n<script type=\"application\/ld+json\" class=\"yoast-schema-graph\">{\"@context\":\"https:\/\/schema.org\",\"@graph\":[{\"@type\":\"Article\",\"@id\":\"https:\/\/sandzakpress.net\/arhiva\/otkrivene-rijeke-meda-u-brdskom-podrucju-na-jugu-jemena\/#article\",\"isPartOf\":{\"@id\":\"https:\/\/sandzakpress.net\/arhiva\/otkrivene-rijeke-meda-u-brdskom-podrucju-na-jugu-jemena\/\"},\"author\":{\"name\":\"Korektor\",\"@id\":\"https:\/\/sandzakpress.net\/arhiva\/#\/schema\/person\/b71f9565a8a6ce38c0200f1cf59c368c\"},\"headline\":\"Otkrivene &#8216;rijeke meda&#8217; u brdskom podru\u010dju na jugu Jemena\",\"datePublished\":\"2014-06-30T21:14:41+00:00\",\"mainEntityOfPage\":{\"@id\":\"https:\/\/sandzakpress.net\/arhiva\/otkrivene-rijeke-meda-u-brdskom-podrucju-na-jugu-jemena\/\"},\"wordCount\":141,\"commentCount\":2,\"publisher\":{\"@id\":\"https:\/\/sandzakpress.net\/arhiva\/#\/schema\/person\/6e72b67d6e51910a1117b3b483ba20bd\"},\"image\":{\"@id\":\"https:\/\/sandzakpress.net\/arhiva\/otkrivene-rijeke-meda-u-brdskom-podrucju-na-jugu-jemena\/#primaryimage\"},\"thumbnailUrl\":\"https:\/\/sandzakpress.net\/arhiva\/wp-content\/uploads\/2014\/06\/298e734bc8cd641916fc99aec3a190de_XL.jpg\",\"articleSection\":[\"Zanimljivo\"],\"inLanguage\":\"bs-BA\",\"potentialAction\":[{\"@type\":\"CommentAction\",\"name\":\"Comment\",\"target\":[\"https:\/\/sandzakpress.net\/arhiva\/otkrivene-rijeke-meda-u-brdskom-podrucju-na-jugu-jemena\/#respond\"]}]},{\"@type\":\"WebPage\",\"@id\":\"https:\/\/sandzakpress.net\/arhiva\/otkrivene-rijeke-meda-u-brdskom-podrucju-na-jugu-jemena\/\",\"url\":\"https:\/\/sandzakpress.net\/arhiva\/otkrivene-rijeke-meda-u-brdskom-podrucju-na-jugu-jemena\/\",\"name\":\"Otkrivene 'rijeke meda' u brdskom podru\u010dju na jugu Jemena\",\"isPartOf\":{\"@id\":\"https:\/\/sandzakpress.net\/arhiva\/#website\"},\"primaryImageOfPage\":{\"@id\":\"https:\/\/sandzakpress.net\/arhiva\/otkrivene-rijeke-meda-u-brdskom-podrucju-na-jugu-jemena\/#primaryimage\"},\"image\":{\"@id\":\"https:\/\/sandzakpress.net\/arhiva\/otkrivene-rijeke-meda-u-brdskom-podrucju-na-jugu-jemena\/#primaryimage\"},\"thumbnailUrl\":\"https:\/\/sandzakpress.net\/arhiva\/wp-content\/uploads\/2014\/06\/298e734bc8cd641916fc99aec3a190de_XL.jpg\",\"datePublished\":\"2014-06-30T21:14:41+00:00\",\"breadcrumb\":{\"@id\":\"https:\/\/sandzakpress.net\/arhiva\/otkrivene-rijeke-meda-u-brdskom-podrucju-na-jugu-jemena\/#breadcrumb\"},\"inLanguage\":\"bs-BA\",\"potentialAction\":[{\"@type\":\"ReadAction\",\"target\":[\"https:\/\/sandzakpress.net\/arhiva\/otkrivene-rijeke-meda-u-brdskom-podrucju-na-jugu-jemena\/\"]}]},{\"@type\":\"ImageObject\",\"inLanguage\":\"bs-BA\",\"@id\":\"https:\/\/sandzakpress.net\/arhiva\/otkrivene-rijeke-meda-u-brdskom-podrucju-na-jugu-jemena\/#primaryimage\",\"url\":\"https:\/\/sandzakpress.net\/arhiva\/wp-content\/uploads\/2014\/06\/298e734bc8cd641916fc99aec3a190de_XL.jpg\",\"contentUrl\":\"https:\/\/sandzakpress.net\/arhiva\/wp-content\/uploads\/2014\/06\/298e734bc8cd641916fc99aec3a190de_XL.jpg\",\"width\":647,\"height\":647},{\"@type\":\"BreadcrumbList\",\"@id\":\"https:\/\/sandzakpress.net\/arhiva\/otkrivene-rijeke-meda-u-brdskom-podrucju-na-jugu-jemena\/#breadcrumb\",\"itemListElement\":[{\"@type\":\"ListItem\",\"position\":1,\"name\":\"Home\",\"item\":\"https:\/\/sandzakpress.net\/arhiva\/\"},{\"@type\":\"ListItem\",\"position\":2,\"name\":\"Otkrivene &#8216;rijeke meda&#8217; u brdskom podru\u010dju na jugu Jemena\"}]},{\"@type\":\"WebSite\",\"@id\":\"https:\/\/sandzakpress.net\/arhiva\/#website\",\"url\":\"https:\/\/sandzakpress.net\/arhiva\/\",\"name\":\"Sand\u017eak PRESS\",\"description\":\"Prve elektronske novine u Sand\u017eaku\",\"publisher\":{\"@id\":\"https:\/\/sandzakpress.net\/arhiva\/#\/schema\/person\/6e72b67d6e51910a1117b3b483ba20bd\"},\"potentialAction\":[{\"@type\":\"SearchAction\",\"target\":{\"@type\":\"EntryPoint\",\"urlTemplate\":\"https:\/\/sandzakpress.net\/arhiva\/?s={search_term_string}\"},\"query-input\":{\"@type\":\"PropertyValueSpecification\",\"valueRequired\":true,\"valueName\":\"search_term_string\"}}],\"inLanguage\":\"bs-BA\"},{\"@type\":[\"Person\",\"Organization\"],\"@id\":\"https:\/\/sandzakpress.net\/arhiva\/#\/schema\/person\/6e72b67d6e51910a1117b3b483ba20bd\",\"name\":\"Kul\",\"image\":{\"@type\":\"ImageObject\",\"inLanguage\":\"bs-BA\",\"@id\":\"https:\/\/sandzakpress.net\/arhiva\/#\/schema\/person\/image\/\",\"url\":\"https:\/\/secure.gravatar.com\/avatar\/42263f39aa27ac04c43cab85c280eb2e?s=96&d=mm&r=pg\",\"contentUrl\":\"https:\/\/secure.gravatar.com\/avatar\/42263f39aa27ac04c43cab85c280eb2e?s=96&d=mm&r=pg\",\"caption\":\"Kul\"},\"logo\":{\"@id\":\"https:\/\/sandzakpress.net\/arhiva\/#\/schema\/person\/image\/\"}},{\"@type\":\"Person\",\"@id\":\"https:\/\/sandzakpress.net\/arhiva\/#\/schema\/person\/b71f9565a8a6ce38c0200f1cf59c368c\",\"name\":\"Korektor\",\"image\":{\"@type\":\"ImageObject\",\"inLanguage\":\"bs-BA\",\"@id\":\"https:\/\/sandzakpress.net\/arhiva\/#\/schema\/person\/image\/\",\"url\":\"https:\/\/secure.gravatar.com\/avatar\/ae3388ff9b8eb74e0751a069466905f6?s=96&d=mm&r=pg\",\"contentUrl\":\"https:\/\/secure.gravatar.com\/avatar\/ae3388ff9b8eb74e0751a069466905f6?s=96&d=mm&r=pg\",\"caption\":\"Korektor\"},\"url\":\"https:\/\/sandzakpress.net\/arhiva\/author\/korektor\/\"}]}<\/script>\n<!-- \/ Yoast SEO Premium plugin. -->","yoast_head_json":{"title":"Otkrivene 'rijeke meda' u brdskom podru\u010dju na jugu Jemena","robots":{"index":"index","follow":"follow","max-snippet":"max-snippet:-1","max-image-preview":"max-image-preview:large","max-video-preview":"max-video-preview:-1"},"canonical":"https:\/\/sandzakpress.net\/arhiva\/otkrivene-rijeke-meda-u-brdskom-podrucju-na-jugu-jemena\/","og_locale":"bs_BA","og_type":"article","og_title":"Otkrivene 'rijeke meda' u brdskom podru\u010dju na jugu Jemena","og_description":"Stanovnici grada Hadra El-Mewt u Jemenu nedavno su u brdima jedne planine ovog poznatog jemenskog grada po proizvodnji meda, otkrili spilju u kojoj su na\u0161li velike koli\u010dine meda koje podsje\u0107aju na rijeke koje teku . Novinari CNN-a, prenose da su ljudi iznena\u0111eni sa ovim \u010dudnim otkri\u0107em koji je prona\u0111eno u spilji zvanoj Wadi Douan. Ovo [&hellip;]","og_url":"https:\/\/sandzakpress.net\/arhiva\/otkrivene-rijeke-meda-u-brdskom-podrucju-na-jugu-jemena\/","og_site_name":"Sand\u017eak PRESS","article_published_time":"2014-06-30T21:14:41+00:00","og_image":[{"width":647,"height":647,"url":"https:\/\/sandzakpress.net\/arhiva\/wp-content\/uploads\/2014\/06\/298e734bc8cd641916fc99aec3a190de_XL.jpg","type":"image\/jpeg"}],"author":"Korektor","twitter_card":"summary_large_image","twitter_misc":{"Written by":"Korektor","Est. reading time":"1 minuta"},"schema":{"@context":"https:\/\/schema.org","@graph":[{"@type":"Article","@id":"https:\/\/sandzakpress.net\/arhiva\/otkrivene-rijeke-meda-u-brdskom-podrucju-na-jugu-jemena\/#article","isPartOf":{"@id":"https:\/\/sandzakpress.net\/arhiva\/otkrivene-rijeke-meda-u-brdskom-podrucju-na-jugu-jemena\/"},"author":{"name":"Korektor","@id":"https:\/\/sandzakpress.net\/arhiva\/#\/schema\/person\/b71f9565a8a6ce38c0200f1cf59c368c"},"headline":"Otkrivene &#8216;rijeke meda&#8217; u brdskom podru\u010dju na jugu Jemena","datePublished":"2014-06-30T21:14:41+00:00","mainEntityOfPage":{"@id":"https:\/\/sandzakpress.net\/arhiva\/otkrivene-rijeke-meda-u-brdskom-podrucju-na-jugu-jemena\/"},"wordCount":141,"commentCount":2,"publisher":{"@id":"https:\/\/sandzakpress.net\/arhiva\/#\/schema\/person\/6e72b67d6e51910a1117b3b483ba20bd"},"image":{"@id":"https:\/\/sandzakpress.net\/arhiva\/otkrivene-rijeke-meda-u-brdskom-podrucju-na-jugu-jemena\/#primaryimage"},"thumbnailUrl":"https:\/\/sandzakpress.net\/arhiva\/wp-content\/uploads\/2014\/06\/298e734bc8cd641916fc99aec3a190de_XL.jpg","articleSection":["Zanimljivo"],"inLanguage":"bs-BA","potentialAction":[{"@type":"CommentAction","name":"Comment","target":["https:\/\/sandzakpress.net\/arhiva\/otkrivene-rijeke-meda-u-brdskom-podrucju-na-jugu-jemena\/#respond"]}]},{"@type":"WebPage","@id":"https:\/\/sandzakpress.net\/arhiva\/otkrivene-rijeke-meda-u-brdskom-podrucju-na-jugu-jemena\/","url":"https:\/\/sandzakpress.net\/arhiva\/otkrivene-rijeke-meda-u-brdskom-podrucju-na-jugu-jemena\/","name":"Otkrivene 'rijeke meda' u brdskom podru\u010dju na jugu Jemena","isPartOf":{"@id":"https:\/\/sandzakpress.net\/arhiva\/#website"},"primaryImageOfPage":{"@id":"https:\/\/sandzakpress.net\/arhiva\/otkrivene-rijeke-meda-u-brdskom-podrucju-na-jugu-jemena\/#primaryimage"},"image":{"@id":"https:\/\/sandzakpress.net\/arhiva\/otkrivene-rijeke-meda-u-brdskom-podrucju-na-jugu-jemena\/#primaryimage"},"thumbnailUrl":"https:\/\/sandzakpress.net\/arhiva\/wp-content\/uploads\/2014\/06\/298e734bc8cd641916fc99aec3a190de_XL.jpg","datePublished":"2014-06-30T21:14:41+00:00","breadcrumb":{"@id":"https:\/\/sandzakpress.net\/arhiva\/otkrivene-rijeke-meda-u-brdskom-podrucju-na-jugu-jemena\/#breadcrumb"},"inLanguage":"bs-BA","potentialAction":[{"@type":"ReadAction","target":["https:\/\/sandzakpress.net\/arhiva\/otkrivene-rijeke-meda-u-brdskom-podrucju-na-jugu-jemena\/"]}]},{"@type":"ImageObject","inLanguage":"bs-BA","@id":"https:\/\/sandzakpress.net\/arhiva\/otkrivene-rijeke-meda-u-brdskom-podrucju-na-jugu-jemena\/#primaryimage","url":"https:\/\/sandzakpress.net\/arhiva\/wp-content\/uploads\/2014\/06\/298e734bc8cd641916fc99aec3a190de_XL.jpg","contentUrl":"https:\/\/sandzakpress.net\/arhiva\/wp-content\/uploads\/2014\/06\/298e734bc8cd641916fc99aec3a190de_XL.jpg","width":647,"height":647},{"@type":"BreadcrumbList","@id":"https:\/\/sandzakpress.net\/arhiva\/otkrivene-rijeke-meda-u-brdskom-podrucju-na-jugu-jemena\/#breadcrumb","itemListElement":[{"@type":"ListItem","position":1,"name":"Home","item":"https:\/\/sandzakpress.net\/arhiva\/"},{"@type":"ListItem","position":2,"name":"Otkrivene &#8216;rijeke meda&#8217; u brdskom podru\u010dju na jugu Jemena"}]},{"@type":"WebSite","@id":"https:\/\/sandzakpress.net\/arhiva\/#website","url":"https:\/\/sandzakpress.net\/arhiva\/","name":"Sand\u017eak PRESS","description":"Prve elektronske novine u Sand\u017eaku","publisher":{"@id":"https:\/\/sandzakpress.net\/arhiva\/#\/schema\/person\/6e72b67d6e51910a1117b3b483ba20bd"},"potentialAction":[{"@type":"SearchAction","target":{"@type":"EntryPoint","urlTemplate":"https:\/\/sandzakpress.net\/arhiva\/?s={search_term_string}"},"query-input":{"@type":"PropertyValueSpecification","valueRequired":true,"valueName":"search_term_string"}}],"inLanguage":"bs-BA"},{"@type":["Person","Organization"],"@id":"https:\/\/sandzakpress.net\/arhiva\/#\/schema\/person\/6e72b67d6e51910a1117b3b483ba20bd","name":"Kul","image":{"@type":"ImageObject","inLanguage":"bs-BA","@id":"https:\/\/sandzakpress.net\/arhiva\/#\/schema\/person\/image\/","url":"https:\/\/secure.gravatar.com\/avatar\/42263f39aa27ac04c43cab85c280eb2e?s=96&d=mm&r=pg","contentUrl":"https:\/\/secure.gravatar.com\/avatar\/42263f39aa27ac04c43cab85c280eb2e?s=96&d=mm&r=pg","caption":"Kul"},"logo":{"@id":"https:\/\/sandzakpress.net\/arhiva\/#\/schema\/person\/image\/"}},{"@type":"Person","@id":"https:\/\/sandzakpress.net\/arhiva\/#\/schema\/person\/b71f9565a8a6ce38c0200f1cf59c368c","name":"Korektor","image":{"@type":"ImageObject","inLanguage":"bs-BA","@id":"https:\/\/sandzakpress.net\/arhiva\/#\/schema\/person\/image\/","url":"https:\/\/secure.gravatar.com\/avatar\/ae3388ff9b8eb74e0751a069466905f6?s=96&d=mm&r=pg","contentUrl":"https:\/\/secure.gravatar.com\/avatar\/ae3388ff9b8eb74e0751a069466905f6?s=96&d=mm&r=pg","caption":"Korektor"},"url":"https:\/\/sandzakpress.net\/arhiva\/author\/korektor\/"}]}},"_links":{"self":[{"href":"https:\/\/sandzakpress.net\/arhiva\/wp-json\/wp\/v2\/posts\/108027"}],"collection":[{"href":"https:\/\/sandzakpress.net\/arhiva\/wp-json\/wp\/v2\/posts"}],"about":[{"href":"https:\/\/sandzakpress.net\/arhiva\/wp-json\/wp\/v2\/types\/post"}],"author":[{"embeddable":true,"href":"https:\/\/sandzakpress.net\/arhiva\/wp-json\/wp\/v2\/users\/125"}],"replies":[{"embeddable":true,"href":"https:\/\/sandzakpress.net\/arhiva\/wp-json\/wp\/v2\/comments?post=108027"}],"version-history":[{"count":0,"href":"https:\/\/sandzakpress.net\/arhiva\/wp-json\/wp\/v2\/posts\/108027\/revisions"}],"wp:featuredmedia":[{"embeddable":true,"href":"https:\/\/sandzakpress.net\/arhiva\/wp-json\/wp\/v2\/media\/108028"}],"wp:attachment":[{"href":"https:\/\/sandzakpress.net\/arhiva\/wp-json\/wp\/v2\/media?parent=108027"}],"wp:term":[{"taxonomy":"category","embeddable":true,"href":"https:\/\/sandzakpress.net\/arhiva\/wp-json\/wp\/v2\/categories?post=108027"},{"taxonomy":"post_tag","embeddable":true,"href":"https:\/\/sandzakpress.net\/arhiva\/wp-json\/wp\/v2\/tags?post=108027"}],"curies":[{"name":"wp","href":"https:\/\/api.w.org\/{rel}","templated":true}]}}