{"id":10799,"date":"2010-12-22T22:06:44","date_gmt":"2010-12-22T21:06:44","guid":{"rendered":"https:\/\/sandzakpress.net\/arhiva\/?p=10799"},"modified":"2010-12-22T22:06:44","modified_gmt":"2010-12-22T21:06:44","slug":"zijaret-reisulemi","status":"publish","type":"post","link":"https:\/\/sandzakpress.net\/arhiva\/zijaret-reisulemi\/","title":{"rendered":"Zijaret Reisulemi"},"content":{"rendered":"<p><strong><a href=\"https:\/\/sandzakpress.net\/arhiva\/wp-content\/uploads\/2010\/12\/bnv-reisulema-22-12-2010-1.jpg\"><img loading=\"lazy\" decoding=\"async\" class=\"alignleft size-medium wp-image-10800\" title=\"bnv-reisulema-22-12-2010-1\" src=\"https:\/\/sandzakpress.net\/arhiva\/wp-content\/uploads\/2010\/12\/bnv-reisulema-22-12-2010-1-300x225.jpg\" alt=\"\" width=\"300\" height=\"225\" \/><\/a>Sjeverni Sand\u017eak &#8211; Delegacija Bo\u0161nja\u010dkog nacionalnog vije\u0107a, predvo\u0111ena predsjednikom Vije\u0107a prof. dr. Mevludom Dudi\u0107em, posjetila je 22.12.2010. god. reisulemu dr. Mustafu ef. Ceri\u0107a.<\/strong><\/p>\n<p>Delegacija je upoznala Reisulemu o aktuelnim problemima u Sand\u017eaku i zatra\u017eila pomo\u0107 u internacionalizaciji ovog pitanja.<\/p>\n<p>Reisulema Ceri\u0107 je tom prilikom izrazio punu podr\u0161ku glavnom muftiji Muamer ef. Zukorli\u0107u na putu ostvarivanja pune slobode, te ljudskih i vjerskih prava Bo\u0161njaka u Sand\u017eaku i Srbiji.<\/p>\n<p>Reisulema je, kao vrhovni poglavar Islamske zajednice u BiH, uputio poziv\u00a0 vlastima u Beogradu da ozbiljno shvate sand\u017ea\u010dko pitanje i otvore dijalog kroz koji \u0107e se posti\u0107i da se Bo\u0161njaci u Srbiji osje\u0107aju\u00a0 ravnopravnim gra\u0111anima i kako bi se za\u0161titila njihova kolektivna prava. Pozvao je predsjednika Borisa Tadi\u0107a da po\u0161tuje Ustav i zakone Republike Srbije u pravcu za\u0161tite prava Bo\u0161njaka i njihova tri stuba opstanka: Islamske zajednice, Bo\u0161nja\u010dkog nacionalnog vije\u0107a i Internacionalnog univerziteta.<\/p>\n<p>Reisu-l-ulema je uputio poziv i Briselu i Strazburu da ovaj put ne naprave gre\u0161ku kao ranije i ne povjeruju srpskoj propagandi da su Bo\u0161njaci opasnost za mir i sigurnost na Balkanu.<\/p>\n<p>Uputio je i apel Ankari da svoje odnose sa Beogradom ne ustanovljava na ra\u010dun Bo\u0161njaka.<\/p>\n<p>Izvor: <strong>IslamskaZajednica.org<\/strong><\/p>\n","protected":false},"excerpt":{"rendered":"<p>Sjeverni Sand\u017eak &#8211; Delegacija Bo\u0161nja\u010dkog nacionalnog vije\u0107a, predvo\u0111ena predsjednikom Vije\u0107a prof. dr. Mevludom Dudi\u0107em, posjetila je 22.12.2010. god. reisulemu dr. Mustafu ef. Ceri\u0107a. Delegacija je upoznala Reisulemu o aktuelnim problemima u Sand\u017eaku i zatra\u017eila pomo\u0107 u internacionalizaciji ovog pitanja. Reisulema Ceri\u0107 je tom prilikom izrazio punu podr\u0161ku glavnom muftiji Muamer ef. Zukorli\u0107u na putu ostvarivanja [&hellip;]<\/p>\n","protected":false},"author":83,"featured_media":10800,"comment_status":"open","ping_status":"open","sticky":false,"template":"","format":"standard","meta":{"footnotes":""},"categories":[72,52,327,392,393,802,394],"tags":[],"class_list":{"0":"post-10799","1":"post","2":"type-post","3":"status-publish","4":"format-standard","5":"has-post-thumbnail","7":"category-novi-pazar","8":"category-sjenica","9":"category-tutin","10":"category-prijepolje_","11":"category-priboj","12":"category-islamska_zajednica","13":"category-nova-varos"},"yoast_head":"<!-- This site is optimized with the Yoast SEO Premium plugin v23.1 (Yoast SEO v24.9) - https:\/\/yoast.com\/wordpress\/plugins\/seo\/ -->\n<title>Zijaret Reisulemi<\/title>\n<meta name=\"robots\" content=\"index, follow, max-snippet:-1, max-image-preview:large, max-video-preview:-1\" \/>\n<link rel=\"canonical\" href=\"https:\/\/sandzakpress.net\/arhiva\/zijaret-reisulemi\/\" \/>\n<meta property=\"og:locale\" content=\"bs_BA\" \/>\n<meta property=\"og:type\" content=\"article\" \/>\n<meta property=\"og:title\" content=\"Zijaret Reisulemi\" \/>\n<meta property=\"og:description\" content=\"Sjeverni Sand\u017eak &#8211; Delegacija Bo\u0161nja\u010dkog nacionalnog vije\u0107a, predvo\u0111ena predsjednikom Vije\u0107a prof. dr. Mevludom Dudi\u0107em, posjetila je 22.12.2010. god. reisulemu dr. Mustafu ef. Ceri\u0107a. Delegacija je upoznala Reisulemu o aktuelnim problemima u Sand\u017eaku i zatra\u017eila pomo\u0107 u internacionalizaciji ovog pitanja. Reisulema Ceri\u0107 je tom prilikom izrazio punu podr\u0161ku glavnom muftiji Muamer ef. Zukorli\u0107u na putu ostvarivanja [&hellip;]\" \/>\n<meta property=\"og:url\" content=\"https:\/\/sandzakpress.net\/arhiva\/zijaret-reisulemi\/\" \/>\n<meta property=\"og:site_name\" content=\"Sand\u017eak PRESS\" \/>\n<meta property=\"article:published_time\" content=\"2010-12-22T21:06:44+00:00\" \/>\n<meta property=\"og:image\" content=\"https:\/\/sandzakpress.net\/arhiva\/wp-content\/uploads\/2010\/12\/bnv-reisulema-22-12-2010-1.jpg\" \/>\n\t<meta property=\"og:image:width\" content=\"600\" \/>\n\t<meta property=\"og:image:height\" content=\"450\" \/>\n\t<meta property=\"og:image:type\" content=\"image\/jpeg\" \/>\n<meta name=\"author\" content=\"bosniak\" \/>\n<meta name=\"twitter:card\" content=\"summary_large_image\" \/>\n<meta name=\"twitter:label1\" content=\"Written by\" \/>\n\t<meta name=\"twitter:data1\" content=\"bosniak\" \/>\n\t<meta name=\"twitter:label2\" content=\"Est. reading time\" \/>\n\t<meta name=\"twitter:data2\" content=\"1 minuta\" \/>\n<script type=\"application\/ld+json\" class=\"yoast-schema-graph\">{\"@context\":\"https:\/\/schema.org\",\"@graph\":[{\"@type\":\"Article\",\"@id\":\"https:\/\/sandzakpress.net\/arhiva\/zijaret-reisulemi\/#article\",\"isPartOf\":{\"@id\":\"https:\/\/sandzakpress.net\/arhiva\/zijaret-reisulemi\/\"},\"author\":{\"name\":\"bosniak\",\"@id\":\"https:\/\/sandzakpress.net\/arhiva\/#\/schema\/person\/c8baee722073534b583ea7bdb2e36c02\"},\"headline\":\"Zijaret Reisulemi\",\"datePublished\":\"2010-12-22T21:06:44+00:00\",\"mainEntityOfPage\":{\"@id\":\"https:\/\/sandzakpress.net\/arhiva\/zijaret-reisulemi\/\"},\"wordCount\":222,\"commentCount\":0,\"publisher\":{\"@id\":\"https:\/\/sandzakpress.net\/arhiva\/#\/schema\/person\/6e72b67d6e51910a1117b3b483ba20bd\"},\"image\":{\"@id\":\"https:\/\/sandzakpress.net\/arhiva\/zijaret-reisulemi\/#primaryimage\"},\"thumbnailUrl\":\"https:\/\/sandzakpress.net\/arhiva\/wp-content\/uploads\/2010\/12\/bnv-reisulema-22-12-2010-1.jpg\",\"articleSection\":[\"Novi Pazar\",\"Sjenica\",\"Tutin\",\"Prijepolje\",\"Priboj\",\"Islamska zajednica\",\"Nova Varo\u0161\"],\"inLanguage\":\"bs-BA\",\"potentialAction\":[{\"@type\":\"CommentAction\",\"name\":\"Comment\",\"target\":[\"https:\/\/sandzakpress.net\/arhiva\/zijaret-reisulemi\/#respond\"]}]},{\"@type\":\"WebPage\",\"@id\":\"https:\/\/sandzakpress.net\/arhiva\/zijaret-reisulemi\/\",\"url\":\"https:\/\/sandzakpress.net\/arhiva\/zijaret-reisulemi\/\",\"name\":\"Zijaret Reisulemi\",\"isPartOf\":{\"@id\":\"https:\/\/sandzakpress.net\/arhiva\/#website\"},\"primaryImageOfPage\":{\"@id\":\"https:\/\/sandzakpress.net\/arhiva\/zijaret-reisulemi\/#primaryimage\"},\"image\":{\"@id\":\"https:\/\/sandzakpress.net\/arhiva\/zijaret-reisulemi\/#primaryimage\"},\"thumbnailUrl\":\"https:\/\/sandzakpress.net\/arhiva\/wp-content\/uploads\/2010\/12\/bnv-reisulema-22-12-2010-1.jpg\",\"datePublished\":\"2010-12-22T21:06:44+00:00\",\"breadcrumb\":{\"@id\":\"https:\/\/sandzakpress.net\/arhiva\/zijaret-reisulemi\/#breadcrumb\"},\"inLanguage\":\"bs-BA\",\"potentialAction\":[{\"@type\":\"ReadAction\",\"target\":[\"https:\/\/sandzakpress.net\/arhiva\/zijaret-reisulemi\/\"]}]},{\"@type\":\"ImageObject\",\"inLanguage\":\"bs-BA\",\"@id\":\"https:\/\/sandzakpress.net\/arhiva\/zijaret-reisulemi\/#primaryimage\",\"url\":\"https:\/\/sandzakpress.net\/arhiva\/wp-content\/uploads\/2010\/12\/bnv-reisulema-22-12-2010-1.jpg\",\"contentUrl\":\"https:\/\/sandzakpress.net\/arhiva\/wp-content\/uploads\/2010\/12\/bnv-reisulema-22-12-2010-1.jpg\",\"width\":600,\"height\":450},{\"@type\":\"BreadcrumbList\",\"@id\":\"https:\/\/sandzakpress.net\/arhiva\/zijaret-reisulemi\/#breadcrumb\",\"itemListElement\":[{\"@type\":\"ListItem\",\"position\":1,\"name\":\"Home\",\"item\":\"https:\/\/sandzakpress.net\/arhiva\/\"},{\"@type\":\"ListItem\",\"position\":2,\"name\":\"Zijaret Reisulemi\"}]},{\"@type\":\"WebSite\",\"@id\":\"https:\/\/sandzakpress.net\/arhiva\/#website\",\"url\":\"https:\/\/sandzakpress.net\/arhiva\/\",\"name\":\"Sand\u017eak PRESS\",\"description\":\"Prve elektronske novine u Sand\u017eaku\",\"publisher\":{\"@id\":\"https:\/\/sandzakpress.net\/arhiva\/#\/schema\/person\/6e72b67d6e51910a1117b3b483ba20bd\"},\"potentialAction\":[{\"@type\":\"SearchAction\",\"target\":{\"@type\":\"EntryPoint\",\"urlTemplate\":\"https:\/\/sandzakpress.net\/arhiva\/?s={search_term_string}\"},\"query-input\":{\"@type\":\"PropertyValueSpecification\",\"valueRequired\":true,\"valueName\":\"search_term_string\"}}],\"inLanguage\":\"bs-BA\"},{\"@type\":[\"Person\",\"Organization\"],\"@id\":\"https:\/\/sandzakpress.net\/arhiva\/#\/schema\/person\/6e72b67d6e51910a1117b3b483ba20bd\",\"name\":\"Kul\",\"image\":{\"@type\":\"ImageObject\",\"inLanguage\":\"bs-BA\",\"@id\":\"https:\/\/sandzakpress.net\/arhiva\/#\/schema\/person\/image\/\",\"url\":\"https:\/\/secure.gravatar.com\/avatar\/42263f39aa27ac04c43cab85c280eb2e?s=96&d=mm&r=pg\",\"contentUrl\":\"https:\/\/secure.gravatar.com\/avatar\/42263f39aa27ac04c43cab85c280eb2e?s=96&d=mm&r=pg\",\"caption\":\"Kul\"},\"logo\":{\"@id\":\"https:\/\/sandzakpress.net\/arhiva\/#\/schema\/person\/image\/\"}},{\"@type\":\"Person\",\"@id\":\"https:\/\/sandzakpress.net\/arhiva\/#\/schema\/person\/c8baee722073534b583ea7bdb2e36c02\",\"name\":\"bosniak\",\"image\":{\"@type\":\"ImageObject\",\"inLanguage\":\"bs-BA\",\"@id\":\"https:\/\/sandzakpress.net\/arhiva\/#\/schema\/person\/image\/\",\"url\":\"https:\/\/secure.gravatar.com\/avatar\/a04fd330bfe3a36a72a0ad4a6d89fca7?s=96&d=mm&r=pg\",\"contentUrl\":\"https:\/\/secure.gravatar.com\/avatar\/a04fd330bfe3a36a72a0ad4a6d89fca7?s=96&d=mm&r=pg\",\"caption\":\"bosniak\"},\"url\":\"https:\/\/sandzakpress.net\/arhiva\/author\/bosniak\/\"}]}<\/script>\n<!-- \/ Yoast SEO Premium plugin. -->","yoast_head_json":{"title":"Zijaret Reisulemi","robots":{"index":"index","follow":"follow","max-snippet":"max-snippet:-1","max-image-preview":"max-image-preview:large","max-video-preview":"max-video-preview:-1"},"canonical":"https:\/\/sandzakpress.net\/arhiva\/zijaret-reisulemi\/","og_locale":"bs_BA","og_type":"article","og_title":"Zijaret Reisulemi","og_description":"Sjeverni Sand\u017eak &#8211; Delegacija Bo\u0161nja\u010dkog nacionalnog vije\u0107a, predvo\u0111ena predsjednikom Vije\u0107a prof. dr. Mevludom Dudi\u0107em, posjetila je 22.12.2010. god. reisulemu dr. Mustafu ef. Ceri\u0107a. Delegacija je upoznala Reisulemu o aktuelnim problemima u Sand\u017eaku i zatra\u017eila pomo\u0107 u internacionalizaciji ovog pitanja. Reisulema Ceri\u0107 je tom prilikom izrazio punu podr\u0161ku glavnom muftiji Muamer ef. Zukorli\u0107u na putu ostvarivanja [&hellip;]","og_url":"https:\/\/sandzakpress.net\/arhiva\/zijaret-reisulemi\/","og_site_name":"Sand\u017eak PRESS","article_published_time":"2010-12-22T21:06:44+00:00","og_image":[{"width":600,"height":450,"url":"https:\/\/sandzakpress.net\/arhiva\/wp-content\/uploads\/2010\/12\/bnv-reisulema-22-12-2010-1.jpg","type":"image\/jpeg"}],"author":"bosniak","twitter_card":"summary_large_image","twitter_misc":{"Written by":"bosniak","Est. reading time":"1 minuta"},"schema":{"@context":"https:\/\/schema.org","@graph":[{"@type":"Article","@id":"https:\/\/sandzakpress.net\/arhiva\/zijaret-reisulemi\/#article","isPartOf":{"@id":"https:\/\/sandzakpress.net\/arhiva\/zijaret-reisulemi\/"},"author":{"name":"bosniak","@id":"https:\/\/sandzakpress.net\/arhiva\/#\/schema\/person\/c8baee722073534b583ea7bdb2e36c02"},"headline":"Zijaret Reisulemi","datePublished":"2010-12-22T21:06:44+00:00","mainEntityOfPage":{"@id":"https:\/\/sandzakpress.net\/arhiva\/zijaret-reisulemi\/"},"wordCount":222,"commentCount":0,"publisher":{"@id":"https:\/\/sandzakpress.net\/arhiva\/#\/schema\/person\/6e72b67d6e51910a1117b3b483ba20bd"},"image":{"@id":"https:\/\/sandzakpress.net\/arhiva\/zijaret-reisulemi\/#primaryimage"},"thumbnailUrl":"https:\/\/sandzakpress.net\/arhiva\/wp-content\/uploads\/2010\/12\/bnv-reisulema-22-12-2010-1.jpg","articleSection":["Novi Pazar","Sjenica","Tutin","Prijepolje","Priboj","Islamska zajednica","Nova Varo\u0161"],"inLanguage":"bs-BA","potentialAction":[{"@type":"CommentAction","name":"Comment","target":["https:\/\/sandzakpress.net\/arhiva\/zijaret-reisulemi\/#respond"]}]},{"@type":"WebPage","@id":"https:\/\/sandzakpress.net\/arhiva\/zijaret-reisulemi\/","url":"https:\/\/sandzakpress.net\/arhiva\/zijaret-reisulemi\/","name":"Zijaret Reisulemi","isPartOf":{"@id":"https:\/\/sandzakpress.net\/arhiva\/#website"},"primaryImageOfPage":{"@id":"https:\/\/sandzakpress.net\/arhiva\/zijaret-reisulemi\/#primaryimage"},"image":{"@id":"https:\/\/sandzakpress.net\/arhiva\/zijaret-reisulemi\/#primaryimage"},"thumbnailUrl":"https:\/\/sandzakpress.net\/arhiva\/wp-content\/uploads\/2010\/12\/bnv-reisulema-22-12-2010-1.jpg","datePublished":"2010-12-22T21:06:44+00:00","breadcrumb":{"@id":"https:\/\/sandzakpress.net\/arhiva\/zijaret-reisulemi\/#breadcrumb"},"inLanguage":"bs-BA","potentialAction":[{"@type":"ReadAction","target":["https:\/\/sandzakpress.net\/arhiva\/zijaret-reisulemi\/"]}]},{"@type":"ImageObject","inLanguage":"bs-BA","@id":"https:\/\/sandzakpress.net\/arhiva\/zijaret-reisulemi\/#primaryimage","url":"https:\/\/sandzakpress.net\/arhiva\/wp-content\/uploads\/2010\/12\/bnv-reisulema-22-12-2010-1.jpg","contentUrl":"https:\/\/sandzakpress.net\/arhiva\/wp-content\/uploads\/2010\/12\/bnv-reisulema-22-12-2010-1.jpg","width":600,"height":450},{"@type":"BreadcrumbList","@id":"https:\/\/sandzakpress.net\/arhiva\/zijaret-reisulemi\/#breadcrumb","itemListElement":[{"@type":"ListItem","position":1,"name":"Home","item":"https:\/\/sandzakpress.net\/arhiva\/"},{"@type":"ListItem","position":2,"name":"Zijaret Reisulemi"}]},{"@type":"WebSite","@id":"https:\/\/sandzakpress.net\/arhiva\/#website","url":"https:\/\/sandzakpress.net\/arhiva\/","name":"Sand\u017eak PRESS","description":"Prve elektronske novine u Sand\u017eaku","publisher":{"@id":"https:\/\/sandzakpress.net\/arhiva\/#\/schema\/person\/6e72b67d6e51910a1117b3b483ba20bd"},"potentialAction":[{"@type":"SearchAction","target":{"@type":"EntryPoint","urlTemplate":"https:\/\/sandzakpress.net\/arhiva\/?s={search_term_string}"},"query-input":{"@type":"PropertyValueSpecification","valueRequired":true,"valueName":"search_term_string"}}],"inLanguage":"bs-BA"},{"@type":["Person","Organization"],"@id":"https:\/\/sandzakpress.net\/arhiva\/#\/schema\/person\/6e72b67d6e51910a1117b3b483ba20bd","name":"Kul","image":{"@type":"ImageObject","inLanguage":"bs-BA","@id":"https:\/\/sandzakpress.net\/arhiva\/#\/schema\/person\/image\/","url":"https:\/\/secure.gravatar.com\/avatar\/42263f39aa27ac04c43cab85c280eb2e?s=96&d=mm&r=pg","contentUrl":"https:\/\/secure.gravatar.com\/avatar\/42263f39aa27ac04c43cab85c280eb2e?s=96&d=mm&r=pg","caption":"Kul"},"logo":{"@id":"https:\/\/sandzakpress.net\/arhiva\/#\/schema\/person\/image\/"}},{"@type":"Person","@id":"https:\/\/sandzakpress.net\/arhiva\/#\/schema\/person\/c8baee722073534b583ea7bdb2e36c02","name":"bosniak","image":{"@type":"ImageObject","inLanguage":"bs-BA","@id":"https:\/\/sandzakpress.net\/arhiva\/#\/schema\/person\/image\/","url":"https:\/\/secure.gravatar.com\/avatar\/a04fd330bfe3a36a72a0ad4a6d89fca7?s=96&d=mm&r=pg","contentUrl":"https:\/\/secure.gravatar.com\/avatar\/a04fd330bfe3a36a72a0ad4a6d89fca7?s=96&d=mm&r=pg","caption":"bosniak"},"url":"https:\/\/sandzakpress.net\/arhiva\/author\/bosniak\/"}]}},"_links":{"self":[{"href":"https:\/\/sandzakpress.net\/arhiva\/wp-json\/wp\/v2\/posts\/10799"}],"collection":[{"href":"https:\/\/sandzakpress.net\/arhiva\/wp-json\/wp\/v2\/posts"}],"about":[{"href":"https:\/\/sandzakpress.net\/arhiva\/wp-json\/wp\/v2\/types\/post"}],"author":[{"embeddable":true,"href":"https:\/\/sandzakpress.net\/arhiva\/wp-json\/wp\/v2\/users\/83"}],"replies":[{"embeddable":true,"href":"https:\/\/sandzakpress.net\/arhiva\/wp-json\/wp\/v2\/comments?post=10799"}],"version-history":[{"count":0,"href":"https:\/\/sandzakpress.net\/arhiva\/wp-json\/wp\/v2\/posts\/10799\/revisions"}],"wp:featuredmedia":[{"embeddable":true,"href":"https:\/\/sandzakpress.net\/arhiva\/wp-json\/wp\/v2\/media\/10800"}],"wp:attachment":[{"href":"https:\/\/sandzakpress.net\/arhiva\/wp-json\/wp\/v2\/media?parent=10799"}],"wp:term":[{"taxonomy":"category","embeddable":true,"href":"https:\/\/sandzakpress.net\/arhiva\/wp-json\/wp\/v2\/categories?post=10799"},{"taxonomy":"post_tag","embeddable":true,"href":"https:\/\/sandzakpress.net\/arhiva\/wp-json\/wp\/v2\/tags?post=10799"}],"curies":[{"name":"wp","href":"https:\/\/api.w.org\/{rel}","templated":true}]}}