{"id":107975,"date":"2014-06-29T11:31:32","date_gmt":"2014-06-29T09:31:32","guid":{"rendered":"https:\/\/sandzakpress.net\/arhiva\/?p=107975"},"modified":"2014-06-29T11:31:32","modified_gmt":"2014-06-29T09:31:32","slug":"televizija-lose-utice-na-razvoj-govora-kod-djece","status":"publish","type":"post","link":"https:\/\/sandzakpress.net\/arhiva\/televizija-lose-utice-na-razvoj-govora-kod-djece\/","title":{"rendered":"Televizija lo\u0161e uti\u010de na razvoj govora kod djece"},"content":{"rendered":"<p><strong><img loading=\"lazy\" decoding=\"async\" class=\"alignleft\" src=\"http:\/\/www.ljepotaizdravlje.ba\/wp-content\/uploads\/2014\/06\/dete-tv-490x367.jpg\" alt=\"dete tv\" width=\"300\" height=\"225\" \/>Televizija koja radi u pozadini dok se igrate s va\u0161im djetetom mo\u017ee usporiti razvoj njegova govora, pokazalo je novo istra\u017eivanje.<\/strong><\/p>\n<p>Nau\u010dnici su posmatrali interakciju 49 roditelja i njihovih mali\u0161ana u dobi od jedne, dvije i tri godine, tokom igre koja je trajala sat vremena. Pola sata je televizor radio i prikazivao program namijenjen starijoj djeci ili odraslima, a pola sata je bio uga\u0161en.<\/p>\n<p>Broj rije\u010di i fraza koje su roditelji govorili dok je televizor radio bio je manji nego kada je bio uga\u0161en, \u0161to sugeri\u0161e da su roditelji gledali televizor, \u010dak i ako njihovi mali\u0161ani nisu.<\/p>\n<p>To je otkri\u0107e vrlo va\u017eno jer mnogi roditelji djecu mla\u0111u od dvije godine izla\u017eu cjelodnevnom pozadinskom \u201cdru\u0161tvu\u201d televizije. U SAD-u se mali\u0161ani te dobi dru\u017ee, igraju i provode ostale svakodnevne aktivnosti uz 5,5 sati televizije dnevno, objavljeno je ovoga mjeseca u Journal od Children and Media.<\/p>\n<p><strong>\u201cNa\u0161i novi rezultati, uz ranija istra\u017eivanja o negativnim uticajima TV-a u pozadini na dje\u010dju igru i interakciju izme\u0111u roditelja i djeteta, dokazuju da bi se programi za odrasle na televiziji trebali izbjegavati kada god je dijete u blizini\u201d,<\/strong>\u00a0rekla je autorka istra\u017eivanja<strong>\u00a0Tiffany Pempek<\/strong>.<\/p>\n<p><strong>\u201cIako je neprakti\u010dno i vjerojatno nepo\u017eeljno da se roditelji stalno igraju sa svojom djecom, djeca \u0107e imati mnogo koristi od aktivne uloge roditelja u igri. Idealno, roditelji bi se trebali igrati s djecom bez TV-a u pozadini\u201d,<\/strong>\u00a0dodala je.<\/p>\n<p>&nbsp;<\/p>\n<p>Izvor:<strong> index.hr<\/strong><\/p>\n<p>(ljepotaizdravlje.ba)<\/p>\n","protected":false},"excerpt":{"rendered":"<p>Televizija koja radi u pozadini dok se igrate s va\u0161im djetetom mo\u017ee usporiti razvoj njegova govora, pokazalo je novo istra\u017eivanje. Nau\u010dnici su posmatrali interakciju 49 roditelja i njihovih mali\u0161ana u dobi od jedne, dvije i tri godine, tokom igre koja je trajala sat vremena. Pola sata je televizor radio i prikazivao program namijenjen starijoj djeci [&hellip;]<\/p>\n","protected":false},"author":125,"featured_media":107976,"comment_status":"open","ping_status":"open","sticky":false,"template":"","format":"standard","meta":{"footnotes":""},"categories":[807],"tags":[],"class_list":{"0":"post-107975","1":"post","2":"type-post","3":"status-publish","4":"format-standard","5":"has-post-thumbnail","7":"category-zivot"},"yoast_head":"<!-- This site is optimized with the Yoast SEO Premium plugin v23.1 (Yoast SEO v24.9) - https:\/\/yoast.com\/wordpress\/plugins\/seo\/ -->\n<title>Televizija lo\u0161e uti\u010de na razvoj govora kod djece<\/title>\n<meta name=\"robots\" content=\"index, follow, max-snippet:-1, max-image-preview:large, max-video-preview:-1\" \/>\n<link rel=\"canonical\" href=\"https:\/\/sandzakpress.net\/arhiva\/televizija-lose-utice-na-razvoj-govora-kod-djece\/\" \/>\n<meta property=\"og:locale\" content=\"bs_BA\" \/>\n<meta property=\"og:type\" content=\"article\" \/>\n<meta property=\"og:title\" content=\"Televizija lo\u0161e uti\u010de na razvoj govora kod djece\" \/>\n<meta property=\"og:description\" content=\"Televizija koja radi u pozadini dok se igrate s va\u0161im djetetom mo\u017ee usporiti razvoj njegova govora, pokazalo je novo istra\u017eivanje. Nau\u010dnici su posmatrali interakciju 49 roditelja i njihovih mali\u0161ana u dobi od jedne, dvije i tri godine, tokom igre koja je trajala sat vremena. Pola sata je televizor radio i prikazivao program namijenjen starijoj djeci [&hellip;]\" \/>\n<meta property=\"og:url\" content=\"https:\/\/sandzakpress.net\/arhiva\/televizija-lose-utice-na-razvoj-govora-kod-djece\/\" \/>\n<meta property=\"og:site_name\" content=\"Sand\u017eak PRESS\" \/>\n<meta property=\"article:published_time\" content=\"2014-06-29T09:31:32+00:00\" \/>\n<meta property=\"og:image\" content=\"https:\/\/sandzakpress.net\/arhiva\/wp-content\/uploads\/2014\/06\/dete-tv-490x367.jpg\" \/>\n\t<meta property=\"og:image:width\" content=\"490\" \/>\n\t<meta property=\"og:image:height\" content=\"367\" \/>\n\t<meta property=\"og:image:type\" content=\"image\/jpeg\" \/>\n<meta name=\"author\" content=\"Korektor\" \/>\n<meta name=\"twitter:card\" content=\"summary_large_image\" \/>\n<meta name=\"twitter:label1\" content=\"Written by\" \/>\n\t<meta name=\"twitter:data1\" content=\"Korektor\" \/>\n\t<meta name=\"twitter:label2\" content=\"Est. reading time\" \/>\n\t<meta name=\"twitter:data2\" content=\"1 minuta\" \/>\n<script type=\"application\/ld+json\" class=\"yoast-schema-graph\">{\"@context\":\"https:\/\/schema.org\",\"@graph\":[{\"@type\":\"Article\",\"@id\":\"https:\/\/sandzakpress.net\/arhiva\/televizija-lose-utice-na-razvoj-govora-kod-djece\/#article\",\"isPartOf\":{\"@id\":\"https:\/\/sandzakpress.net\/arhiva\/televizija-lose-utice-na-razvoj-govora-kod-djece\/\"},\"author\":{\"name\":\"Korektor\",\"@id\":\"https:\/\/sandzakpress.net\/arhiva\/#\/schema\/person\/b71f9565a8a6ce38c0200f1cf59c368c\"},\"headline\":\"Televizija lo\u0161e uti\u010de na razvoj govora kod djece\",\"datePublished\":\"2014-06-29T09:31:32+00:00\",\"mainEntityOfPage\":{\"@id\":\"https:\/\/sandzakpress.net\/arhiva\/televizija-lose-utice-na-razvoj-govora-kod-djece\/\"},\"wordCount\":263,\"commentCount\":0,\"publisher\":{\"@id\":\"https:\/\/sandzakpress.net\/arhiva\/#\/schema\/person\/6e72b67d6e51910a1117b3b483ba20bd\"},\"image\":{\"@id\":\"https:\/\/sandzakpress.net\/arhiva\/televizija-lose-utice-na-razvoj-govora-kod-djece\/#primaryimage\"},\"thumbnailUrl\":\"https:\/\/sandzakpress.net\/arhiva\/wp-content\/uploads\/2014\/06\/dete-tv-490x367.jpg\",\"articleSection\":[\"\u017divot\"],\"inLanguage\":\"bs-BA\",\"potentialAction\":[{\"@type\":\"CommentAction\",\"name\":\"Comment\",\"target\":[\"https:\/\/sandzakpress.net\/arhiva\/televizija-lose-utice-na-razvoj-govora-kod-djece\/#respond\"]}]},{\"@type\":\"WebPage\",\"@id\":\"https:\/\/sandzakpress.net\/arhiva\/televizija-lose-utice-na-razvoj-govora-kod-djece\/\",\"url\":\"https:\/\/sandzakpress.net\/arhiva\/televizija-lose-utice-na-razvoj-govora-kod-djece\/\",\"name\":\"Televizija lo\u0161e uti\u010de na razvoj govora kod djece\",\"isPartOf\":{\"@id\":\"https:\/\/sandzakpress.net\/arhiva\/#website\"},\"primaryImageOfPage\":{\"@id\":\"https:\/\/sandzakpress.net\/arhiva\/televizija-lose-utice-na-razvoj-govora-kod-djece\/#primaryimage\"},\"image\":{\"@id\":\"https:\/\/sandzakpress.net\/arhiva\/televizija-lose-utice-na-razvoj-govora-kod-djece\/#primaryimage\"},\"thumbnailUrl\":\"https:\/\/sandzakpress.net\/arhiva\/wp-content\/uploads\/2014\/06\/dete-tv-490x367.jpg\",\"datePublished\":\"2014-06-29T09:31:32+00:00\",\"breadcrumb\":{\"@id\":\"https:\/\/sandzakpress.net\/arhiva\/televizija-lose-utice-na-razvoj-govora-kod-djece\/#breadcrumb\"},\"inLanguage\":\"bs-BA\",\"potentialAction\":[{\"@type\":\"ReadAction\",\"target\":[\"https:\/\/sandzakpress.net\/arhiva\/televizija-lose-utice-na-razvoj-govora-kod-djece\/\"]}]},{\"@type\":\"ImageObject\",\"inLanguage\":\"bs-BA\",\"@id\":\"https:\/\/sandzakpress.net\/arhiva\/televizija-lose-utice-na-razvoj-govora-kod-djece\/#primaryimage\",\"url\":\"https:\/\/sandzakpress.net\/arhiva\/wp-content\/uploads\/2014\/06\/dete-tv-490x367.jpg\",\"contentUrl\":\"https:\/\/sandzakpress.net\/arhiva\/wp-content\/uploads\/2014\/06\/dete-tv-490x367.jpg\",\"width\":490,\"height\":367},{\"@type\":\"BreadcrumbList\",\"@id\":\"https:\/\/sandzakpress.net\/arhiva\/televizija-lose-utice-na-razvoj-govora-kod-djece\/#breadcrumb\",\"itemListElement\":[{\"@type\":\"ListItem\",\"position\":1,\"name\":\"Home\",\"item\":\"https:\/\/sandzakpress.net\/arhiva\/\"},{\"@type\":\"ListItem\",\"position\":2,\"name\":\"Televizija lo\u0161e uti\u010de na razvoj govora kod djece\"}]},{\"@type\":\"WebSite\",\"@id\":\"https:\/\/sandzakpress.net\/arhiva\/#website\",\"url\":\"https:\/\/sandzakpress.net\/arhiva\/\",\"name\":\"Sand\u017eak PRESS\",\"description\":\"Prve elektronske novine u Sand\u017eaku\",\"publisher\":{\"@id\":\"https:\/\/sandzakpress.net\/arhiva\/#\/schema\/person\/6e72b67d6e51910a1117b3b483ba20bd\"},\"potentialAction\":[{\"@type\":\"SearchAction\",\"target\":{\"@type\":\"EntryPoint\",\"urlTemplate\":\"https:\/\/sandzakpress.net\/arhiva\/?s={search_term_string}\"},\"query-input\":{\"@type\":\"PropertyValueSpecification\",\"valueRequired\":true,\"valueName\":\"search_term_string\"}}],\"inLanguage\":\"bs-BA\"},{\"@type\":[\"Person\",\"Organization\"],\"@id\":\"https:\/\/sandzakpress.net\/arhiva\/#\/schema\/person\/6e72b67d6e51910a1117b3b483ba20bd\",\"name\":\"Kul\",\"image\":{\"@type\":\"ImageObject\",\"inLanguage\":\"bs-BA\",\"@id\":\"https:\/\/sandzakpress.net\/arhiva\/#\/schema\/person\/image\/\",\"url\":\"https:\/\/secure.gravatar.com\/avatar\/42263f39aa27ac04c43cab85c280eb2e?s=96&d=mm&r=pg\",\"contentUrl\":\"https:\/\/secure.gravatar.com\/avatar\/42263f39aa27ac04c43cab85c280eb2e?s=96&d=mm&r=pg\",\"caption\":\"Kul\"},\"logo\":{\"@id\":\"https:\/\/sandzakpress.net\/arhiva\/#\/schema\/person\/image\/\"}},{\"@type\":\"Person\",\"@id\":\"https:\/\/sandzakpress.net\/arhiva\/#\/schema\/person\/b71f9565a8a6ce38c0200f1cf59c368c\",\"name\":\"Korektor\",\"image\":{\"@type\":\"ImageObject\",\"inLanguage\":\"bs-BA\",\"@id\":\"https:\/\/sandzakpress.net\/arhiva\/#\/schema\/person\/image\/\",\"url\":\"https:\/\/secure.gravatar.com\/avatar\/ae3388ff9b8eb74e0751a069466905f6?s=96&d=mm&r=pg\",\"contentUrl\":\"https:\/\/secure.gravatar.com\/avatar\/ae3388ff9b8eb74e0751a069466905f6?s=96&d=mm&r=pg\",\"caption\":\"Korektor\"},\"url\":\"https:\/\/sandzakpress.net\/arhiva\/author\/korektor\/\"}]}<\/script>\n<!-- \/ Yoast SEO Premium plugin. -->","yoast_head_json":{"title":"Televizija lo\u0161e uti\u010de na razvoj govora kod djece","robots":{"index":"index","follow":"follow","max-snippet":"max-snippet:-1","max-image-preview":"max-image-preview:large","max-video-preview":"max-video-preview:-1"},"canonical":"https:\/\/sandzakpress.net\/arhiva\/televizija-lose-utice-na-razvoj-govora-kod-djece\/","og_locale":"bs_BA","og_type":"article","og_title":"Televizija lo\u0161e uti\u010de na razvoj govora kod djece","og_description":"Televizija koja radi u pozadini dok se igrate s va\u0161im djetetom mo\u017ee usporiti razvoj njegova govora, pokazalo je novo istra\u017eivanje. Nau\u010dnici su posmatrali interakciju 49 roditelja i njihovih mali\u0161ana u dobi od jedne, dvije i tri godine, tokom igre koja je trajala sat vremena. Pola sata je televizor radio i prikazivao program namijenjen starijoj djeci [&hellip;]","og_url":"https:\/\/sandzakpress.net\/arhiva\/televizija-lose-utice-na-razvoj-govora-kod-djece\/","og_site_name":"Sand\u017eak PRESS","article_published_time":"2014-06-29T09:31:32+00:00","og_image":[{"width":490,"height":367,"url":"https:\/\/sandzakpress.net\/arhiva\/wp-content\/uploads\/2014\/06\/dete-tv-490x367.jpg","type":"image\/jpeg"}],"author":"Korektor","twitter_card":"summary_large_image","twitter_misc":{"Written by":"Korektor","Est. reading time":"1 minuta"},"schema":{"@context":"https:\/\/schema.org","@graph":[{"@type":"Article","@id":"https:\/\/sandzakpress.net\/arhiva\/televizija-lose-utice-na-razvoj-govora-kod-djece\/#article","isPartOf":{"@id":"https:\/\/sandzakpress.net\/arhiva\/televizija-lose-utice-na-razvoj-govora-kod-djece\/"},"author":{"name":"Korektor","@id":"https:\/\/sandzakpress.net\/arhiva\/#\/schema\/person\/b71f9565a8a6ce38c0200f1cf59c368c"},"headline":"Televizija lo\u0161e uti\u010de na razvoj govora kod djece","datePublished":"2014-06-29T09:31:32+00:00","mainEntityOfPage":{"@id":"https:\/\/sandzakpress.net\/arhiva\/televizija-lose-utice-na-razvoj-govora-kod-djece\/"},"wordCount":263,"commentCount":0,"publisher":{"@id":"https:\/\/sandzakpress.net\/arhiva\/#\/schema\/person\/6e72b67d6e51910a1117b3b483ba20bd"},"image":{"@id":"https:\/\/sandzakpress.net\/arhiva\/televizija-lose-utice-na-razvoj-govora-kod-djece\/#primaryimage"},"thumbnailUrl":"https:\/\/sandzakpress.net\/arhiva\/wp-content\/uploads\/2014\/06\/dete-tv-490x367.jpg","articleSection":["\u017divot"],"inLanguage":"bs-BA","potentialAction":[{"@type":"CommentAction","name":"Comment","target":["https:\/\/sandzakpress.net\/arhiva\/televizija-lose-utice-na-razvoj-govora-kod-djece\/#respond"]}]},{"@type":"WebPage","@id":"https:\/\/sandzakpress.net\/arhiva\/televizija-lose-utice-na-razvoj-govora-kod-djece\/","url":"https:\/\/sandzakpress.net\/arhiva\/televizija-lose-utice-na-razvoj-govora-kod-djece\/","name":"Televizija lo\u0161e uti\u010de na razvoj govora kod djece","isPartOf":{"@id":"https:\/\/sandzakpress.net\/arhiva\/#website"},"primaryImageOfPage":{"@id":"https:\/\/sandzakpress.net\/arhiva\/televizija-lose-utice-na-razvoj-govora-kod-djece\/#primaryimage"},"image":{"@id":"https:\/\/sandzakpress.net\/arhiva\/televizija-lose-utice-na-razvoj-govora-kod-djece\/#primaryimage"},"thumbnailUrl":"https:\/\/sandzakpress.net\/arhiva\/wp-content\/uploads\/2014\/06\/dete-tv-490x367.jpg","datePublished":"2014-06-29T09:31:32+00:00","breadcrumb":{"@id":"https:\/\/sandzakpress.net\/arhiva\/televizija-lose-utice-na-razvoj-govora-kod-djece\/#breadcrumb"},"inLanguage":"bs-BA","potentialAction":[{"@type":"ReadAction","target":["https:\/\/sandzakpress.net\/arhiva\/televizija-lose-utice-na-razvoj-govora-kod-djece\/"]}]},{"@type":"ImageObject","inLanguage":"bs-BA","@id":"https:\/\/sandzakpress.net\/arhiva\/televizija-lose-utice-na-razvoj-govora-kod-djece\/#primaryimage","url":"https:\/\/sandzakpress.net\/arhiva\/wp-content\/uploads\/2014\/06\/dete-tv-490x367.jpg","contentUrl":"https:\/\/sandzakpress.net\/arhiva\/wp-content\/uploads\/2014\/06\/dete-tv-490x367.jpg","width":490,"height":367},{"@type":"BreadcrumbList","@id":"https:\/\/sandzakpress.net\/arhiva\/televizija-lose-utice-na-razvoj-govora-kod-djece\/#breadcrumb","itemListElement":[{"@type":"ListItem","position":1,"name":"Home","item":"https:\/\/sandzakpress.net\/arhiva\/"},{"@type":"ListItem","position":2,"name":"Televizija lo\u0161e uti\u010de na razvoj govora kod djece"}]},{"@type":"WebSite","@id":"https:\/\/sandzakpress.net\/arhiva\/#website","url":"https:\/\/sandzakpress.net\/arhiva\/","name":"Sand\u017eak PRESS","description":"Prve elektronske novine u Sand\u017eaku","publisher":{"@id":"https:\/\/sandzakpress.net\/arhiva\/#\/schema\/person\/6e72b67d6e51910a1117b3b483ba20bd"},"potentialAction":[{"@type":"SearchAction","target":{"@type":"EntryPoint","urlTemplate":"https:\/\/sandzakpress.net\/arhiva\/?s={search_term_string}"},"query-input":{"@type":"PropertyValueSpecification","valueRequired":true,"valueName":"search_term_string"}}],"inLanguage":"bs-BA"},{"@type":["Person","Organization"],"@id":"https:\/\/sandzakpress.net\/arhiva\/#\/schema\/person\/6e72b67d6e51910a1117b3b483ba20bd","name":"Kul","image":{"@type":"ImageObject","inLanguage":"bs-BA","@id":"https:\/\/sandzakpress.net\/arhiva\/#\/schema\/person\/image\/","url":"https:\/\/secure.gravatar.com\/avatar\/42263f39aa27ac04c43cab85c280eb2e?s=96&d=mm&r=pg","contentUrl":"https:\/\/secure.gravatar.com\/avatar\/42263f39aa27ac04c43cab85c280eb2e?s=96&d=mm&r=pg","caption":"Kul"},"logo":{"@id":"https:\/\/sandzakpress.net\/arhiva\/#\/schema\/person\/image\/"}},{"@type":"Person","@id":"https:\/\/sandzakpress.net\/arhiva\/#\/schema\/person\/b71f9565a8a6ce38c0200f1cf59c368c","name":"Korektor","image":{"@type":"ImageObject","inLanguage":"bs-BA","@id":"https:\/\/sandzakpress.net\/arhiva\/#\/schema\/person\/image\/","url":"https:\/\/secure.gravatar.com\/avatar\/ae3388ff9b8eb74e0751a069466905f6?s=96&d=mm&r=pg","contentUrl":"https:\/\/secure.gravatar.com\/avatar\/ae3388ff9b8eb74e0751a069466905f6?s=96&d=mm&r=pg","caption":"Korektor"},"url":"https:\/\/sandzakpress.net\/arhiva\/author\/korektor\/"}]}},"_links":{"self":[{"href":"https:\/\/sandzakpress.net\/arhiva\/wp-json\/wp\/v2\/posts\/107975"}],"collection":[{"href":"https:\/\/sandzakpress.net\/arhiva\/wp-json\/wp\/v2\/posts"}],"about":[{"href":"https:\/\/sandzakpress.net\/arhiva\/wp-json\/wp\/v2\/types\/post"}],"author":[{"embeddable":true,"href":"https:\/\/sandzakpress.net\/arhiva\/wp-json\/wp\/v2\/users\/125"}],"replies":[{"embeddable":true,"href":"https:\/\/sandzakpress.net\/arhiva\/wp-json\/wp\/v2\/comments?post=107975"}],"version-history":[{"count":0,"href":"https:\/\/sandzakpress.net\/arhiva\/wp-json\/wp\/v2\/posts\/107975\/revisions"}],"wp:featuredmedia":[{"embeddable":true,"href":"https:\/\/sandzakpress.net\/arhiva\/wp-json\/wp\/v2\/media\/107976"}],"wp:attachment":[{"href":"https:\/\/sandzakpress.net\/arhiva\/wp-json\/wp\/v2\/media?parent=107975"}],"wp:term":[{"taxonomy":"category","embeddable":true,"href":"https:\/\/sandzakpress.net\/arhiva\/wp-json\/wp\/v2\/categories?post=107975"},{"taxonomy":"post_tag","embeddable":true,"href":"https:\/\/sandzakpress.net\/arhiva\/wp-json\/wp\/v2\/tags?post=107975"}],"curies":[{"name":"wp","href":"https:\/\/api.w.org\/{rel}","templated":true}]}}