{"id":107796,"date":"2014-06-25T22:58:23","date_gmt":"2014-06-25T20:58:23","guid":{"rendered":"https:\/\/sandzakpress.net\/arhiva\/?p=107796"},"modified":"2014-06-26T04:39:49","modified_gmt":"2014-06-26T02:39:49","slug":"profesor-elvedin-pezic-odrzao-predavanje-u-dzamiji-u-potoku","status":"publish","type":"post","link":"https:\/\/sandzakpress.net\/arhiva\/profesor-elvedin-pezic-odrzao-predavanje-u-dzamiji-u-potoku\/","title":{"rendered":"MOK Novi Pazar &#8211; U susret Ramazanu prof. Pezi\u0107 odr\u017eao predavanje"},"content":{"rendered":"<p><img loading=\"lazy\" decoding=\"async\" class=\"aligncenter size-full wp-image-107797\" src=\"https:\/\/sandzakpress.net\/arhiva\/wp-content\/uploads\/2014\/06\/profi1.jpg\" alt=\"profi\" width=\"1000\" height=\"665\" srcset=\"https:\/\/sandzakpress.net\/arhiva\/wp-content\/uploads\/2014\/06\/profi1.jpg 1000w, https:\/\/sandzakpress.net\/arhiva\/wp-content\/uploads\/2014\/06\/profi1-616x409.jpg 616w\" sizes=\"(max-width: 1000px) 100vw, 1000px\" \/><\/p>\n<p><strong>Novi Pazar &#8211; Muslimanski omladinski klub organizirao je ve\u010deras predramazansko predavanje &#8220;Poruke omladini&#8221; koje je odr\u017eao uva\u017eeni prof. Elvedin Pezi\u0107 u Kolerinoj d\u017eamiji u Potoku.<\/strong><\/p>\n<p>Prof. Elvedina Pezi\u0107a ispred Islamske zajednice ugostio je imam Enes ef. Ibrovi\u0107, koji je prisutnima predstavio musafira.<\/p>\n<p>Veliko intersovanje vladalo je za ovaj doga\u0111aj s obzirom na to da je Elvedin Pezi\u0107 jedan od najaktivnijih i najslu\u0161anijih bosanskih daija.<\/p>\n<p>Na svoj, jedinstven, na\u010din Pezi\u0107 je uputio rije\u010di okupljenoj omladini te ih pozvao na vjeru u jednog Boga i da se dr\u017ee Kur'ana i uputstava koje je Uzvi\u0161eni Allah swt uputio cjelokupnom \u010dovje\u010danstvu kako bi prona\u0161li sre\u0107u i na ovom i na budu\u0107em svijetu.<\/p>\n<p>Veliki broj\u00a0d\u017eematilija mogao\u00a0je u\u017eivati u divnom\u00a0predavanju koje ne\u00a0ostavlja\u00a0ravnodu\u0161nim.<\/p>\n<p>Elvedin Pezi\u0107 posdiplomant na fakultetu islamskih nauka u Kasimu u Saudijskoj Arabiji, prijethodno je\u00a0zavr\u0161io Islamski fakultet u Medini, na odsjeku \u0161erijatskog prava.<\/p>\n<p><img loading=\"lazy\" decoding=\"async\" class=\"aligncenter size-full wp-image-107816\" src=\"https:\/\/sandzakpress.net\/arhiva\/wp-content\/uploads\/2014\/06\/9e5f23de075a9b01aa28f0323dbaf7c1b7598d034ab9c4b372b1ce211b8af032.jpg\" alt=\"9e5f23de075a9b01aa28f0323dbaf7c1b7598d034ab9c4b372b1ce211b8af032\" width=\"1280\" height=\"499\" srcset=\"https:\/\/sandzakpress.net\/arhiva\/wp-content\/uploads\/2014\/06\/9e5f23de075a9b01aa28f0323dbaf7c1b7598d034ab9c4b372b1ce211b8af032.jpg 1280w, https:\/\/sandzakpress.net\/arhiva\/wp-content\/uploads\/2014\/06\/9e5f23de075a9b01aa28f0323dbaf7c1b7598d034ab9c4b372b1ce211b8af032-616x240.jpg 616w\" sizes=\"(max-width: 1280px) 100vw, 1280px\" \/><\/p>\n<p><img loading=\"lazy\" decoding=\"async\" class=\"aligncenter size-full wp-image-107808\" src=\"https:\/\/sandzakpress.net\/arhiva\/wp-content\/uploads\/2014\/06\/DSC_0410.jpg\" alt=\"DSC_0410\" width=\"900\" height=\"1354\" srcset=\"https:\/\/sandzakpress.net\/arhiva\/wp-content\/uploads\/2014\/06\/DSC_0410.jpg 900w, https:\/\/sandzakpress.net\/arhiva\/wp-content\/uploads\/2014\/06\/DSC_0410-616x926.jpg 616w\" sizes=\"(max-width: 900px) 100vw, 900px\" \/> <img loading=\"lazy\" decoding=\"async\" class=\"aligncenter size-full wp-image-107798\" src=\"https:\/\/sandzakpress.net\/arhiva\/wp-content\/uploads\/2014\/06\/DSC_0390.jpg\" alt=\"DSC_0390\" width=\"900\" height=\"598\" srcset=\"https:\/\/sandzakpress.net\/arhiva\/wp-content\/uploads\/2014\/06\/DSC_0390.jpg 900w, https:\/\/sandzakpress.net\/arhiva\/wp-content\/uploads\/2014\/06\/DSC_0390-616x409.jpg 616w\" sizes=\"(max-width: 900px) 100vw, 900px\" \/> <img loading=\"lazy\" decoding=\"async\" class=\"aligncenter size-full wp-image-107799\" src=\"https:\/\/sandzakpress.net\/arhiva\/wp-content\/uploads\/2014\/06\/DSC_0392.jpg\" alt=\"DSC_0392\" width=\"3008\" height=\"2000\" srcset=\"https:\/\/sandzakpress.net\/arhiva\/wp-content\/uploads\/2014\/06\/DSC_0392.jpg 3008w, https:\/\/sandzakpress.net\/arhiva\/wp-content\/uploads\/2014\/06\/DSC_0392-616x409.jpg 616w, https:\/\/sandzakpress.net\/arhiva\/wp-content\/uploads\/2014\/06\/DSC_0392-1400x930.jpg 1400w\" sizes=\"(max-width: 3008px) 100vw, 3008px\" \/> <img loading=\"lazy\" decoding=\"async\" class=\"aligncenter size-full wp-image-107800\" src=\"https:\/\/sandzakpress.net\/arhiva\/wp-content\/uploads\/2014\/06\/DSC_0393.jpg\" alt=\"DSC_0393\" width=\"900\" height=\"1354\" srcset=\"https:\/\/sandzakpress.net\/arhiva\/wp-content\/uploads\/2014\/06\/DSC_0393.jpg 900w, https:\/\/sandzakpress.net\/arhiva\/wp-content\/uploads\/2014\/06\/DSC_0393-616x926.jpg 616w\" sizes=\"(max-width: 900px) 100vw, 900px\" \/> <img loading=\"lazy\" decoding=\"async\" class=\"aligncenter size-full wp-image-107801\" src=\"https:\/\/sandzakpress.net\/arhiva\/wp-content\/uploads\/2014\/06\/DSC_0394.jpg\" alt=\"DSC_0394\" width=\"3008\" height=\"2000\" srcset=\"https:\/\/sandzakpress.net\/arhiva\/wp-content\/uploads\/2014\/06\/DSC_0394.jpg 3008w, https:\/\/sandzakpress.net\/arhiva\/wp-content\/uploads\/2014\/06\/DSC_0394-616x409.jpg 616w, https:\/\/sandzakpress.net\/arhiva\/wp-content\/uploads\/2014\/06\/DSC_0394-1400x930.jpg 1400w\" sizes=\"(max-width: 3008px) 100vw, 3008px\" \/> <img loading=\"lazy\" decoding=\"async\" class=\"aligncenter size-full wp-image-107802\" src=\"https:\/\/sandzakpress.net\/arhiva\/wp-content\/uploads\/2014\/06\/DSC_0397.jpg\" alt=\"DSC_0397\" width=\"900\" height=\"598\" srcset=\"https:\/\/sandzakpress.net\/arhiva\/wp-content\/uploads\/2014\/06\/DSC_0397.jpg 900w, https:\/\/sandzakpress.net\/arhiva\/wp-content\/uploads\/2014\/06\/DSC_0397-616x409.jpg 616w\" sizes=\"(max-width: 900px) 100vw, 900px\" \/> <img loading=\"lazy\" decoding=\"async\" class=\"aligncenter size-full wp-image-107803\" src=\"https:\/\/sandzakpress.net\/arhiva\/wp-content\/uploads\/2014\/06\/DSC_0401.jpg\" alt=\"DSC_0401\" width=\"3008\" height=\"2000\" srcset=\"https:\/\/sandzakpress.net\/arhiva\/wp-content\/uploads\/2014\/06\/DSC_0401.jpg 3008w, https:\/\/sandzakpress.net\/arhiva\/wp-content\/uploads\/2014\/06\/DSC_0401-616x409.jpg 616w, https:\/\/sandzakpress.net\/arhiva\/wp-content\/uploads\/2014\/06\/DSC_0401-1400x930.jpg 1400w\" sizes=\"(max-width: 3008px) 100vw, 3008px\" \/> <img loading=\"lazy\" decoding=\"async\" class=\"aligncenter size-full wp-image-107804\" src=\"https:\/\/sandzakpress.net\/arhiva\/wp-content\/uploads\/2014\/06\/DSC_0403.jpg\" alt=\"DSC_0403\" width=\"900\" height=\"598\" srcset=\"https:\/\/sandzakpress.net\/arhiva\/wp-content\/uploads\/2014\/06\/DSC_0403.jpg 900w, https:\/\/sandzakpress.net\/arhiva\/wp-content\/uploads\/2014\/06\/DSC_0403-616x409.jpg 616w\" sizes=\"(max-width: 900px) 100vw, 900px\" \/> <img loading=\"lazy\" decoding=\"async\" class=\"aligncenter size-full wp-image-107805\" src=\"https:\/\/sandzakpress.net\/arhiva\/wp-content\/uploads\/2014\/06\/DSC_0404.jpg\" alt=\"DSC_0404\" width=\"900\" height=\"598\" srcset=\"https:\/\/sandzakpress.net\/arhiva\/wp-content\/uploads\/2014\/06\/DSC_0404.jpg 900w, https:\/\/sandzakpress.net\/arhiva\/wp-content\/uploads\/2014\/06\/DSC_0404-616x409.jpg 616w\" sizes=\"(max-width: 900px) 100vw, 900px\" \/> <img loading=\"lazy\" decoding=\"async\" class=\"aligncenter size-full wp-image-107806\" src=\"https:\/\/sandzakpress.net\/arhiva\/wp-content\/uploads\/2014\/06\/DSC_0405.jpg\" alt=\"DSC_0405\" width=\"900\" height=\"598\" srcset=\"https:\/\/sandzakpress.net\/arhiva\/wp-content\/uploads\/2014\/06\/DSC_0405.jpg 900w, https:\/\/sandzakpress.net\/arhiva\/wp-content\/uploads\/2014\/06\/DSC_0405-616x409.jpg 616w\" sizes=\"(max-width: 900px) 100vw, 900px\" \/> <img loading=\"lazy\" decoding=\"async\" class=\"aligncenter size-full wp-image-107807\" src=\"https:\/\/sandzakpress.net\/arhiva\/wp-content\/uploads\/2014\/06\/DSC_0409.jpg\" alt=\"DSC_0409\" width=\"900\" height=\"598\" srcset=\"https:\/\/sandzakpress.net\/arhiva\/wp-content\/uploads\/2014\/06\/DSC_0409.jpg 900w, https:\/\/sandzakpress.net\/arhiva\/wp-content\/uploads\/2014\/06\/DSC_0409-616x409.jpg 616w\" sizes=\"(max-width: 900px) 100vw, 900px\" \/> <img loading=\"lazy\" decoding=\"async\" class=\"aligncenter size-full wp-image-107812\" src=\"https:\/\/sandzakpress.net\/arhiva\/wp-content\/uploads\/2014\/06\/DSC_0420.jpg\" alt=\"DSC_0420\" width=\"900\" height=\"598\" srcset=\"https:\/\/sandzakpress.net\/arhiva\/wp-content\/uploads\/2014\/06\/DSC_0420.jpg 900w, https:\/\/sandzakpress.net\/arhiva\/wp-content\/uploads\/2014\/06\/DSC_0420-616x409.jpg 616w\" sizes=\"(max-width: 900px) 100vw, 900px\" \/> <img loading=\"lazy\" decoding=\"async\" class=\"aligncenter size-full wp-image-107810\" src=\"https:\/\/sandzakpress.net\/arhiva\/wp-content\/uploads\/2014\/06\/DSC_0414.jpg\" alt=\"DSC_0414\" width=\"900\" height=\"598\" srcset=\"https:\/\/sandzakpress.net\/arhiva\/wp-content\/uploads\/2014\/06\/DSC_0414.jpg 900w, https:\/\/sandzakpress.net\/arhiva\/wp-content\/uploads\/2014\/06\/DSC_0414-616x409.jpg 616w\" sizes=\"(max-width: 900px) 100vw, 900px\" \/> <img loading=\"lazy\" decoding=\"async\" class=\"aligncenter size-full wp-image-107809\" src=\"https:\/\/sandzakpress.net\/arhiva\/wp-content\/uploads\/2014\/06\/DSC_0413.jpg\" alt=\"DSC_0413\" width=\"900\" height=\"598\" srcset=\"https:\/\/sandzakpress.net\/arhiva\/wp-content\/uploads\/2014\/06\/DSC_0413.jpg 900w, https:\/\/sandzakpress.net\/arhiva\/wp-content\/uploads\/2014\/06\/DSC_0413-616x409.jpg 616w\" sizes=\"(max-width: 900px) 100vw, 900px\" \/> <img loading=\"lazy\" decoding=\"async\" class=\"aligncenter size-full wp-image-107811\" src=\"https:\/\/sandzakpress.net\/arhiva\/wp-content\/uploads\/2014\/06\/DSC_0416.jpg\" alt=\"DSC_0416\" width=\"900\" height=\"598\" srcset=\"https:\/\/sandzakpress.net\/arhiva\/wp-content\/uploads\/2014\/06\/DSC_0416.jpg 900w, https:\/\/sandzakpress.net\/arhiva\/wp-content\/uploads\/2014\/06\/DSC_0416-616x409.jpg 616w\" sizes=\"(max-width: 900px) 100vw, 900px\" \/><\/p>\n<p>&nbsp;<\/p>\n<p>&nbsp;<\/p>\n<p>&nbsp;<\/p>\n","protected":false},"excerpt":{"rendered":"<p>Novi Pazar &#8211; Muslimanski omladinski klub organizirao je ve\u010deras predramazansko predavanje &#8220;Poruke omladini&#8221; koje je odr\u017eao uva\u017eeni prof. Elvedin Pezi\u0107 u Kolerinoj d\u017eamiji u Potoku. Prof. Elvedina Pezi\u0107a ispred Islamske zajednice ugostio je imam Enes ef. Ibrovi\u0107, koji je prisutnima predstavio musafira. Veliko intersovanje vladalo je za ovaj doga\u0111aj s obzirom na to da je [&hellip;]<\/p>\n","protected":false},"author":83,"featured_media":107797,"comment_status":"open","ping_status":"open","sticky":false,"template":"","format":"standard","meta":{"footnotes":""},"categories":[72,802,8957],"tags":[10296],"class_list":{"0":"post-107796","1":"post","2":"type-post","3":"status-publish","4":"format-standard","5":"has-post-thumbnail","7":"category-novi-pazar","8":"category-islamska_zajednica","9":"category-vijesti-dana","10":"tag-mok"},"yoast_head":"<!-- This site is optimized with the Yoast SEO Premium plugin v23.1 (Yoast SEO v24.9) - https:\/\/yoast.com\/wordpress\/plugins\/seo\/ -->\n<title>MOK Novi Pazar - U susret Ramazanu prof. Pezi\u0107 odr\u017eao predavanje<\/title>\n<meta name=\"robots\" content=\"index, follow, max-snippet:-1, max-image-preview:large, max-video-preview:-1\" \/>\n<link rel=\"canonical\" href=\"https:\/\/sandzakpress.net\/arhiva\/profesor-elvedin-pezic-odrzao-predavanje-u-dzamiji-u-potoku\/\" \/>\n<meta property=\"og:locale\" content=\"bs_BA\" \/>\n<meta property=\"og:type\" content=\"article\" \/>\n<meta property=\"og:title\" content=\"MOK Novi Pazar - U susret Ramazanu prof. Pezi\u0107 odr\u017eao predavanje\" \/>\n<meta property=\"og:description\" content=\"Novi Pazar &#8211; Muslimanski omladinski klub organizirao je ve\u010deras predramazansko predavanje &#8220;Poruke omladini&#8221; koje je odr\u017eao uva\u017eeni prof. Elvedin Pezi\u0107 u Kolerinoj d\u017eamiji u Potoku. Prof. Elvedina Pezi\u0107a ispred Islamske zajednice ugostio je imam Enes ef. Ibrovi\u0107, koji je prisutnima predstavio musafira. Veliko intersovanje vladalo je za ovaj doga\u0111aj s obzirom na to da je [&hellip;]\" \/>\n<meta property=\"og:url\" content=\"https:\/\/sandzakpress.net\/arhiva\/profesor-elvedin-pezic-odrzao-predavanje-u-dzamiji-u-potoku\/\" \/>\n<meta property=\"og:site_name\" content=\"Sand\u017eak PRESS\" \/>\n<meta property=\"article:published_time\" content=\"2014-06-25T20:58:23+00:00\" \/>\n<meta property=\"article:modified_time\" content=\"2014-06-26T02:39:49+00:00\" \/>\n<meta property=\"og:image\" content=\"https:\/\/sandzakpress.net\/arhiva\/wp-content\/uploads\/2014\/06\/profi1.jpg\" \/>\n\t<meta property=\"og:image:width\" content=\"1000\" \/>\n\t<meta property=\"og:image:height\" content=\"665\" \/>\n\t<meta property=\"og:image:type\" content=\"image\/jpeg\" \/>\n<meta name=\"author\" content=\"bosniak\" \/>\n<meta name=\"twitter:card\" content=\"summary_large_image\" \/>\n<meta name=\"twitter:label1\" content=\"Written by\" \/>\n\t<meta name=\"twitter:data1\" content=\"bosniak\" \/>\n\t<meta name=\"twitter:label2\" content=\"Est. reading time\" \/>\n\t<meta name=\"twitter:data2\" content=\"1 minuta\" \/>\n<script type=\"application\/ld+json\" class=\"yoast-schema-graph\">{\"@context\":\"https:\/\/schema.org\",\"@graph\":[{\"@type\":\"Article\",\"@id\":\"https:\/\/sandzakpress.net\/arhiva\/profesor-elvedin-pezic-odrzao-predavanje-u-dzamiji-u-potoku\/#article\",\"isPartOf\":{\"@id\":\"https:\/\/sandzakpress.net\/arhiva\/profesor-elvedin-pezic-odrzao-predavanje-u-dzamiji-u-potoku\/\"},\"author\":{\"name\":\"bosniak\",\"@id\":\"https:\/\/sandzakpress.net\/arhiva\/#\/schema\/person\/c8baee722073534b583ea7bdb2e36c02\"},\"headline\":\"MOK Novi Pazar &#8211; U susret Ramazanu prof. Pezi\u0107 odr\u017eao predavanje\",\"datePublished\":\"2014-06-25T20:58:23+00:00\",\"dateModified\":\"2014-06-26T02:39:49+00:00\",\"mainEntityOfPage\":{\"@id\":\"https:\/\/sandzakpress.net\/arhiva\/profesor-elvedin-pezic-odrzao-predavanje-u-dzamiji-u-potoku\/\"},\"wordCount\":179,\"commentCount\":1,\"publisher\":{\"@id\":\"https:\/\/sandzakpress.net\/arhiva\/#\/schema\/person\/6e72b67d6e51910a1117b3b483ba20bd\"},\"image\":{\"@id\":\"https:\/\/sandzakpress.net\/arhiva\/profesor-elvedin-pezic-odrzao-predavanje-u-dzamiji-u-potoku\/#primaryimage\"},\"thumbnailUrl\":\"https:\/\/sandzakpress.net\/arhiva\/wp-content\/uploads\/2014\/06\/profi1.jpg\",\"keywords\":[\"MOK\"],\"articleSection\":[\"Novi Pazar\",\"Islamska zajednica\",\"VIJESTI DANA\"],\"inLanguage\":\"bs-BA\",\"potentialAction\":[{\"@type\":\"CommentAction\",\"name\":\"Comment\",\"target\":[\"https:\/\/sandzakpress.net\/arhiva\/profesor-elvedin-pezic-odrzao-predavanje-u-dzamiji-u-potoku\/#respond\"]}]},{\"@type\":\"WebPage\",\"@id\":\"https:\/\/sandzakpress.net\/arhiva\/profesor-elvedin-pezic-odrzao-predavanje-u-dzamiji-u-potoku\/\",\"url\":\"https:\/\/sandzakpress.net\/arhiva\/profesor-elvedin-pezic-odrzao-predavanje-u-dzamiji-u-potoku\/\",\"name\":\"MOK Novi Pazar - U susret Ramazanu prof. Pezi\u0107 odr\u017eao predavanje\",\"isPartOf\":{\"@id\":\"https:\/\/sandzakpress.net\/arhiva\/#website\"},\"primaryImageOfPage\":{\"@id\":\"https:\/\/sandzakpress.net\/arhiva\/profesor-elvedin-pezic-odrzao-predavanje-u-dzamiji-u-potoku\/#primaryimage\"},\"image\":{\"@id\":\"https:\/\/sandzakpress.net\/arhiva\/profesor-elvedin-pezic-odrzao-predavanje-u-dzamiji-u-potoku\/#primaryimage\"},\"thumbnailUrl\":\"https:\/\/sandzakpress.net\/arhiva\/wp-content\/uploads\/2014\/06\/profi1.jpg\",\"datePublished\":\"2014-06-25T20:58:23+00:00\",\"dateModified\":\"2014-06-26T02:39:49+00:00\",\"breadcrumb\":{\"@id\":\"https:\/\/sandzakpress.net\/arhiva\/profesor-elvedin-pezic-odrzao-predavanje-u-dzamiji-u-potoku\/#breadcrumb\"},\"inLanguage\":\"bs-BA\",\"potentialAction\":[{\"@type\":\"ReadAction\",\"target\":[\"https:\/\/sandzakpress.net\/arhiva\/profesor-elvedin-pezic-odrzao-predavanje-u-dzamiji-u-potoku\/\"]}]},{\"@type\":\"ImageObject\",\"inLanguage\":\"bs-BA\",\"@id\":\"https:\/\/sandzakpress.net\/arhiva\/profesor-elvedin-pezic-odrzao-predavanje-u-dzamiji-u-potoku\/#primaryimage\",\"url\":\"https:\/\/sandzakpress.net\/arhiva\/wp-content\/uploads\/2014\/06\/profi1.jpg\",\"contentUrl\":\"https:\/\/sandzakpress.net\/arhiva\/wp-content\/uploads\/2014\/06\/profi1.jpg\",\"width\":1000,\"height\":665},{\"@type\":\"BreadcrumbList\",\"@id\":\"https:\/\/sandzakpress.net\/arhiva\/profesor-elvedin-pezic-odrzao-predavanje-u-dzamiji-u-potoku\/#breadcrumb\",\"itemListElement\":[{\"@type\":\"ListItem\",\"position\":1,\"name\":\"Home\",\"item\":\"https:\/\/sandzakpress.net\/arhiva\/\"},{\"@type\":\"ListItem\",\"position\":2,\"name\":\"MOK Novi Pazar &#8211; U susret Ramazanu prof. Pezi\u0107 odr\u017eao predavanje\"}]},{\"@type\":\"WebSite\",\"@id\":\"https:\/\/sandzakpress.net\/arhiva\/#website\",\"url\":\"https:\/\/sandzakpress.net\/arhiva\/\",\"name\":\"Sand\u017eak PRESS\",\"description\":\"Prve elektronske novine u Sand\u017eaku\",\"publisher\":{\"@id\":\"https:\/\/sandzakpress.net\/arhiva\/#\/schema\/person\/6e72b67d6e51910a1117b3b483ba20bd\"},\"potentialAction\":[{\"@type\":\"SearchAction\",\"target\":{\"@type\":\"EntryPoint\",\"urlTemplate\":\"https:\/\/sandzakpress.net\/arhiva\/?s={search_term_string}\"},\"query-input\":{\"@type\":\"PropertyValueSpecification\",\"valueRequired\":true,\"valueName\":\"search_term_string\"}}],\"inLanguage\":\"bs-BA\"},{\"@type\":[\"Person\",\"Organization\"],\"@id\":\"https:\/\/sandzakpress.net\/arhiva\/#\/schema\/person\/6e72b67d6e51910a1117b3b483ba20bd\",\"name\":\"Kul\",\"image\":{\"@type\":\"ImageObject\",\"inLanguage\":\"bs-BA\",\"@id\":\"https:\/\/sandzakpress.net\/arhiva\/#\/schema\/person\/image\/\",\"url\":\"https:\/\/secure.gravatar.com\/avatar\/42263f39aa27ac04c43cab85c280eb2e?s=96&d=mm&r=pg\",\"contentUrl\":\"https:\/\/secure.gravatar.com\/avatar\/42263f39aa27ac04c43cab85c280eb2e?s=96&d=mm&r=pg\",\"caption\":\"Kul\"},\"logo\":{\"@id\":\"https:\/\/sandzakpress.net\/arhiva\/#\/schema\/person\/image\/\"}},{\"@type\":\"Person\",\"@id\":\"https:\/\/sandzakpress.net\/arhiva\/#\/schema\/person\/c8baee722073534b583ea7bdb2e36c02\",\"name\":\"bosniak\",\"image\":{\"@type\":\"ImageObject\",\"inLanguage\":\"bs-BA\",\"@id\":\"https:\/\/sandzakpress.net\/arhiva\/#\/schema\/person\/image\/\",\"url\":\"https:\/\/secure.gravatar.com\/avatar\/a04fd330bfe3a36a72a0ad4a6d89fca7?s=96&d=mm&r=pg\",\"contentUrl\":\"https:\/\/secure.gravatar.com\/avatar\/a04fd330bfe3a36a72a0ad4a6d89fca7?s=96&d=mm&r=pg\",\"caption\":\"bosniak\"},\"url\":\"https:\/\/sandzakpress.net\/arhiva\/author\/bosniak\/\"}]}<\/script>\n<!-- \/ Yoast SEO Premium plugin. -->","yoast_head_json":{"title":"MOK Novi Pazar - U susret Ramazanu prof. Pezi\u0107 odr\u017eao predavanje","robots":{"index":"index","follow":"follow","max-snippet":"max-snippet:-1","max-image-preview":"max-image-preview:large","max-video-preview":"max-video-preview:-1"},"canonical":"https:\/\/sandzakpress.net\/arhiva\/profesor-elvedin-pezic-odrzao-predavanje-u-dzamiji-u-potoku\/","og_locale":"bs_BA","og_type":"article","og_title":"MOK Novi Pazar - U susret Ramazanu prof. Pezi\u0107 odr\u017eao predavanje","og_description":"Novi Pazar &#8211; Muslimanski omladinski klub organizirao je ve\u010deras predramazansko predavanje &#8220;Poruke omladini&#8221; koje je odr\u017eao uva\u017eeni prof. Elvedin Pezi\u0107 u Kolerinoj d\u017eamiji u Potoku. Prof. Elvedina Pezi\u0107a ispred Islamske zajednice ugostio je imam Enes ef. Ibrovi\u0107, koji je prisutnima predstavio musafira. Veliko intersovanje vladalo je za ovaj doga\u0111aj s obzirom na to da je [&hellip;]","og_url":"https:\/\/sandzakpress.net\/arhiva\/profesor-elvedin-pezic-odrzao-predavanje-u-dzamiji-u-potoku\/","og_site_name":"Sand\u017eak PRESS","article_published_time":"2014-06-25T20:58:23+00:00","article_modified_time":"2014-06-26T02:39:49+00:00","og_image":[{"width":1000,"height":665,"url":"https:\/\/sandzakpress.net\/arhiva\/wp-content\/uploads\/2014\/06\/profi1.jpg","type":"image\/jpeg"}],"author":"bosniak","twitter_card":"summary_large_image","twitter_misc":{"Written by":"bosniak","Est. reading time":"1 minuta"},"schema":{"@context":"https:\/\/schema.org","@graph":[{"@type":"Article","@id":"https:\/\/sandzakpress.net\/arhiva\/profesor-elvedin-pezic-odrzao-predavanje-u-dzamiji-u-potoku\/#article","isPartOf":{"@id":"https:\/\/sandzakpress.net\/arhiva\/profesor-elvedin-pezic-odrzao-predavanje-u-dzamiji-u-potoku\/"},"author":{"name":"bosniak","@id":"https:\/\/sandzakpress.net\/arhiva\/#\/schema\/person\/c8baee722073534b583ea7bdb2e36c02"},"headline":"MOK Novi Pazar &#8211; U susret Ramazanu prof. Pezi\u0107 odr\u017eao predavanje","datePublished":"2014-06-25T20:58:23+00:00","dateModified":"2014-06-26T02:39:49+00:00","mainEntityOfPage":{"@id":"https:\/\/sandzakpress.net\/arhiva\/profesor-elvedin-pezic-odrzao-predavanje-u-dzamiji-u-potoku\/"},"wordCount":179,"commentCount":1,"publisher":{"@id":"https:\/\/sandzakpress.net\/arhiva\/#\/schema\/person\/6e72b67d6e51910a1117b3b483ba20bd"},"image":{"@id":"https:\/\/sandzakpress.net\/arhiva\/profesor-elvedin-pezic-odrzao-predavanje-u-dzamiji-u-potoku\/#primaryimage"},"thumbnailUrl":"https:\/\/sandzakpress.net\/arhiva\/wp-content\/uploads\/2014\/06\/profi1.jpg","keywords":["MOK"],"articleSection":["Novi Pazar","Islamska zajednica","VIJESTI DANA"],"inLanguage":"bs-BA","potentialAction":[{"@type":"CommentAction","name":"Comment","target":["https:\/\/sandzakpress.net\/arhiva\/profesor-elvedin-pezic-odrzao-predavanje-u-dzamiji-u-potoku\/#respond"]}]},{"@type":"WebPage","@id":"https:\/\/sandzakpress.net\/arhiva\/profesor-elvedin-pezic-odrzao-predavanje-u-dzamiji-u-potoku\/","url":"https:\/\/sandzakpress.net\/arhiva\/profesor-elvedin-pezic-odrzao-predavanje-u-dzamiji-u-potoku\/","name":"MOK Novi Pazar - U susret Ramazanu prof. Pezi\u0107 odr\u017eao predavanje","isPartOf":{"@id":"https:\/\/sandzakpress.net\/arhiva\/#website"},"primaryImageOfPage":{"@id":"https:\/\/sandzakpress.net\/arhiva\/profesor-elvedin-pezic-odrzao-predavanje-u-dzamiji-u-potoku\/#primaryimage"},"image":{"@id":"https:\/\/sandzakpress.net\/arhiva\/profesor-elvedin-pezic-odrzao-predavanje-u-dzamiji-u-potoku\/#primaryimage"},"thumbnailUrl":"https:\/\/sandzakpress.net\/arhiva\/wp-content\/uploads\/2014\/06\/profi1.jpg","datePublished":"2014-06-25T20:58:23+00:00","dateModified":"2014-06-26T02:39:49+00:00","breadcrumb":{"@id":"https:\/\/sandzakpress.net\/arhiva\/profesor-elvedin-pezic-odrzao-predavanje-u-dzamiji-u-potoku\/#breadcrumb"},"inLanguage":"bs-BA","potentialAction":[{"@type":"ReadAction","target":["https:\/\/sandzakpress.net\/arhiva\/profesor-elvedin-pezic-odrzao-predavanje-u-dzamiji-u-potoku\/"]}]},{"@type":"ImageObject","inLanguage":"bs-BA","@id":"https:\/\/sandzakpress.net\/arhiva\/profesor-elvedin-pezic-odrzao-predavanje-u-dzamiji-u-potoku\/#primaryimage","url":"https:\/\/sandzakpress.net\/arhiva\/wp-content\/uploads\/2014\/06\/profi1.jpg","contentUrl":"https:\/\/sandzakpress.net\/arhiva\/wp-content\/uploads\/2014\/06\/profi1.jpg","width":1000,"height":665},{"@type":"BreadcrumbList","@id":"https:\/\/sandzakpress.net\/arhiva\/profesor-elvedin-pezic-odrzao-predavanje-u-dzamiji-u-potoku\/#breadcrumb","itemListElement":[{"@type":"ListItem","position":1,"name":"Home","item":"https:\/\/sandzakpress.net\/arhiva\/"},{"@type":"ListItem","position":2,"name":"MOK Novi Pazar &#8211; U susret Ramazanu prof. Pezi\u0107 odr\u017eao predavanje"}]},{"@type":"WebSite","@id":"https:\/\/sandzakpress.net\/arhiva\/#website","url":"https:\/\/sandzakpress.net\/arhiva\/","name":"Sand\u017eak PRESS","description":"Prve elektronske novine u Sand\u017eaku","publisher":{"@id":"https:\/\/sandzakpress.net\/arhiva\/#\/schema\/person\/6e72b67d6e51910a1117b3b483ba20bd"},"potentialAction":[{"@type":"SearchAction","target":{"@type":"EntryPoint","urlTemplate":"https:\/\/sandzakpress.net\/arhiva\/?s={search_term_string}"},"query-input":{"@type":"PropertyValueSpecification","valueRequired":true,"valueName":"search_term_string"}}],"inLanguage":"bs-BA"},{"@type":["Person","Organization"],"@id":"https:\/\/sandzakpress.net\/arhiva\/#\/schema\/person\/6e72b67d6e51910a1117b3b483ba20bd","name":"Kul","image":{"@type":"ImageObject","inLanguage":"bs-BA","@id":"https:\/\/sandzakpress.net\/arhiva\/#\/schema\/person\/image\/","url":"https:\/\/secure.gravatar.com\/avatar\/42263f39aa27ac04c43cab85c280eb2e?s=96&d=mm&r=pg","contentUrl":"https:\/\/secure.gravatar.com\/avatar\/42263f39aa27ac04c43cab85c280eb2e?s=96&d=mm&r=pg","caption":"Kul"},"logo":{"@id":"https:\/\/sandzakpress.net\/arhiva\/#\/schema\/person\/image\/"}},{"@type":"Person","@id":"https:\/\/sandzakpress.net\/arhiva\/#\/schema\/person\/c8baee722073534b583ea7bdb2e36c02","name":"bosniak","image":{"@type":"ImageObject","inLanguage":"bs-BA","@id":"https:\/\/sandzakpress.net\/arhiva\/#\/schema\/person\/image\/","url":"https:\/\/secure.gravatar.com\/avatar\/a04fd330bfe3a36a72a0ad4a6d89fca7?s=96&d=mm&r=pg","contentUrl":"https:\/\/secure.gravatar.com\/avatar\/a04fd330bfe3a36a72a0ad4a6d89fca7?s=96&d=mm&r=pg","caption":"bosniak"},"url":"https:\/\/sandzakpress.net\/arhiva\/author\/bosniak\/"}]}},"_links":{"self":[{"href":"https:\/\/sandzakpress.net\/arhiva\/wp-json\/wp\/v2\/posts\/107796"}],"collection":[{"href":"https:\/\/sandzakpress.net\/arhiva\/wp-json\/wp\/v2\/posts"}],"about":[{"href":"https:\/\/sandzakpress.net\/arhiva\/wp-json\/wp\/v2\/types\/post"}],"author":[{"embeddable":true,"href":"https:\/\/sandzakpress.net\/arhiva\/wp-json\/wp\/v2\/users\/83"}],"replies":[{"embeddable":true,"href":"https:\/\/sandzakpress.net\/arhiva\/wp-json\/wp\/v2\/comments?post=107796"}],"version-history":[{"count":0,"href":"https:\/\/sandzakpress.net\/arhiva\/wp-json\/wp\/v2\/posts\/107796\/revisions"}],"wp:featuredmedia":[{"embeddable":true,"href":"https:\/\/sandzakpress.net\/arhiva\/wp-json\/wp\/v2\/media\/107797"}],"wp:attachment":[{"href":"https:\/\/sandzakpress.net\/arhiva\/wp-json\/wp\/v2\/media?parent=107796"}],"wp:term":[{"taxonomy":"category","embeddable":true,"href":"https:\/\/sandzakpress.net\/arhiva\/wp-json\/wp\/v2\/categories?post=107796"},{"taxonomy":"post_tag","embeddable":true,"href":"https:\/\/sandzakpress.net\/arhiva\/wp-json\/wp\/v2\/tags?post=107796"}],"curies":[{"name":"wp","href":"https:\/\/api.w.org\/{rel}","templated":true}]}}