{"id":107778,"date":"2014-06-25T11:20:55","date_gmt":"2014-06-25T09:20:55","guid":{"rendered":"https:\/\/sandzakpress.net\/arhiva\/?p=107778"},"modified":"2014-06-25T11:25:31","modified_gmt":"2014-06-25T09:25:31","slug":"srtno-osudeni-voda-muslimanske-brace-najbolji-dzihad-je-reci-istinu-u-lice-nepravednom-vladaru","status":"publish","type":"post","link":"https:\/\/sandzakpress.net\/arhiva\/srtno-osudeni-voda-muslimanske-brace-najbolji-dzihad-je-reci-istinu-u-lice-nepravednom-vladaru\/","title":{"rendered":"Smrtno osu\u0111eni vo\u0111a Muslimanske bra\u0107e: &#8216;Najbolji d\u017eihad je re\u0107i istinu u lice nepravednom vladaru&#8217;"},"content":{"rendered":"<p><img decoding=\"async\" src=\"http:\/\/vijestiummeta.com\/wp-content\/uploads\/2014\/06\/10463904_10152538589076926_7666767525672945569_n-660x330.jpg\" alt=\"Bedi\u2019: \u201cSmrtna kazna me ne pla\u0161i, a Allahu se \u017ealim na odsustvo pravde\u201d\" \/><\/p>\n<p><strong>Egipat &#8211; U toku ju\u010dera\u0161njeg novog su\u0111enja vo\u0111i pokreta Muslimanske bra\u0107e, Muhamedu Bedi\u2019u i jo\u0161 pedesetorici pripadnika ovog pokreta, u slu\u010daju tzv. Operativnog \u0161taba Rabi\u2019e, Vrhovni vo\u0111a je komentarisao i potvr\u0111enu smrtnu presudu od subote.<\/strong><\/p>\n<p>On je, nakon \u0161to mu je sudija dozvolio da iza\u0111e iz kaveza, kazao: \u201cSmrtna kazna me ne pla\u0161i i nije me strah provesti ostatak \u017eivota u zatvoru, jer nastojim posti\u0107i najve\u0107i stepen \u0161ehadeta slijede\u0107i rije\u010di Poslanika Muhammeda, s.a.v.s., da je najbolji d\u017eihad re\u0107i istinu u lice nepravednom vladaru, dodav\u0161i jo\u0161: \u201cAllahu se \u017ealim na odsustvo pravde.\u201d<\/p>\n<p>Vrhovni vo\u0111a Muslimanske bra\u0107e je kritizirao pona\u0161anje sudske vlasti koja donosi smrtne presude bez ikakvog osnova i bez davanja mogu\u0107nosti osu\u0111enicima da se brane, kazav\u0161i: \u201cOvo predstavlja o\u010digledno nasilje, posebno zbog toga \u0161to je tu\u017eila\u0161tvo pritiv mene i ostalih osu\u0111enih iznijelo neistinite i ni\u0161tavne optu\u017ebe.\u201d<\/p>\n<p>On je dodao da ga je vojni udar od \u017ertve napravio optu\u017eenikom pred sudom, misle\u0107i na ru\u0161enje vlade 3. jula 2013. godine i ubistvo njegovog sina Ammara za vrijeme mirnih protesta.<\/p>\n<p>Bedi\u2019 je osudio smrtnu kaznu koja mu je sud izrekao u odsustvu navode\u0107i da mu nije data mogu\u0107nost da se brani. \u201cTo je apsolutna nepravda, posebno jer su optu\u017ebe neutemeljene\u201d, kazao je on sudijama.<\/p>\n<p>Podsjetimo da je u subotu sud u el-Minji, potvrdio smrtnu kaznu za 183 osobe u slu\u010daju paljenja policijske stanice u ovoj oblasti i ubistva jednog policijskog oficira.<\/p>\n<p>Slu\u010daj tzv. Operativnog \u0161taba Rabi\u2019e po kojem se sada sudi Muhammedu Bedi\u2019u vezan je za aktivnosti u vrijeme demonstracija na Rabi\u2019i i optu\u017eeni se terete da su \u201cpripremali operacije protiv dr\u017eave.\u201d Vjerovatno \u0107e i u ovom slu\u010daju Bedi\u2019 i ostali otpu\u017eeni biti osu\u0111eni na smrt.<\/p>\n","protected":false},"excerpt":{"rendered":"<p>\u201cSmrtna kazna me ne pla\u0161i i nije me strah provesti ostatak \u017eivota u zatvoru, jer nastojim posti\u0107i najve\u0107i stepen \u0161ehadeta slijede\u0107i rije\u010di Poslanika Muhammeda, s.a.v.s., da je najbolji d\u017eihad re\u0107i istinu u lice nepravednom vladaru&#8221;<\/p>\n","protected":false},"author":83,"featured_media":107779,"comment_status":"open","ping_status":"open","sticky":false,"template":"","format":"standard","meta":{"footnotes":""},"categories":[9,8957],"tags":[10228],"class_list":{"0":"post-107778","1":"post","2":"type-post","3":"status-publish","4":"format-standard","5":"has-post-thumbnail","7":"category-svijet","8":"category-vijesti-dana","9":"tag-egipat"},"yoast_head":"<!-- This site is optimized with the Yoast SEO Premium plugin v23.1 (Yoast SEO v24.9) - https:\/\/yoast.com\/wordpress\/plugins\/seo\/ -->\n<title>Smrtno osu\u0111eni vo\u0111a Muslimanske bra\u0107e: &#039;Najbolji d\u017eihad je re\u0107i istinu u lice nepravednom vladaru&#039;<\/title>\n<meta name=\"robots\" content=\"index, follow, max-snippet:-1, max-image-preview:large, max-video-preview:-1\" \/>\n<link rel=\"canonical\" href=\"https:\/\/sandzakpress.net\/arhiva\/srtno-osudeni-voda-muslimanske-brace-najbolji-dzihad-je-reci-istinu-u-lice-nepravednom-vladaru\/\" \/>\n<meta property=\"og:locale\" content=\"bs_BA\" \/>\n<meta property=\"og:type\" content=\"article\" \/>\n<meta property=\"og:title\" content=\"Smrtno osu\u0111eni vo\u0111a Muslimanske bra\u0107e: &#039;Najbolji d\u017eihad je re\u0107i istinu u lice nepravednom vladaru&#039;\" \/>\n<meta property=\"og:description\" content=\"\u201cSmrtna kazna me ne pla\u0161i i nije me strah provesti ostatak \u017eivota u zatvoru, jer nastojim posti\u0107i najve\u0107i stepen \u0161ehadeta slijede\u0107i rije\u010di Poslanika Muhammeda, s.a.v.s., da je najbolji d\u017eihad re\u0107i istinu u lice nepravednom vladaru&quot;\" \/>\n<meta property=\"og:url\" content=\"https:\/\/sandzakpress.net\/arhiva\/srtno-osudeni-voda-muslimanske-brace-najbolji-dzihad-je-reci-istinu-u-lice-nepravednom-vladaru\/\" \/>\n<meta property=\"og:site_name\" content=\"Sand\u017eak PRESS\" \/>\n<meta property=\"article:published_time\" content=\"2014-06-25T09:20:55+00:00\" \/>\n<meta property=\"article:modified_time\" content=\"2014-06-25T09:25:31+00:00\" \/>\n<meta property=\"og:image\" content=\"https:\/\/sandzakpress.net\/arhiva\/wp-content\/uploads\/2014\/06\/10463904_10152538589076926_7666767525672945569_n-660x330.jpg\" \/>\n\t<meta property=\"og:image:width\" content=\"660\" \/>\n\t<meta property=\"og:image:height\" content=\"330\" \/>\n\t<meta property=\"og:image:type\" content=\"image\/jpeg\" \/>\n<meta name=\"author\" content=\"bosniak\" \/>\n<meta name=\"twitter:card\" content=\"summary_large_image\" \/>\n<meta name=\"twitter:label1\" content=\"Written by\" \/>\n\t<meta name=\"twitter:data1\" content=\"bosniak\" \/>\n\t<meta name=\"twitter:label2\" content=\"Est. reading time\" \/>\n\t<meta name=\"twitter:data2\" content=\"2 minute\" \/>\n<script type=\"application\/ld+json\" class=\"yoast-schema-graph\">{\"@context\":\"https:\/\/schema.org\",\"@graph\":[{\"@type\":\"Article\",\"@id\":\"https:\/\/sandzakpress.net\/arhiva\/srtno-osudeni-voda-muslimanske-brace-najbolji-dzihad-je-reci-istinu-u-lice-nepravednom-vladaru\/#article\",\"isPartOf\":{\"@id\":\"https:\/\/sandzakpress.net\/arhiva\/srtno-osudeni-voda-muslimanske-brace-najbolji-dzihad-je-reci-istinu-u-lice-nepravednom-vladaru\/\"},\"author\":{\"name\":\"bosniak\",\"@id\":\"https:\/\/sandzakpress.net\/arhiva\/#\/schema\/person\/c8baee722073534b583ea7bdb2e36c02\"},\"headline\":\"Smrtno osu\u0111eni vo\u0111a Muslimanske bra\u0107e: &#8216;Najbolji d\u017eihad je re\u0107i istinu u lice nepravednom vladaru&#8217;\",\"datePublished\":\"2014-06-25T09:20:55+00:00\",\"dateModified\":\"2014-06-25T09:25:31+00:00\",\"mainEntityOfPage\":{\"@id\":\"https:\/\/sandzakpress.net\/arhiva\/srtno-osudeni-voda-muslimanske-brace-najbolji-dzihad-je-reci-istinu-u-lice-nepravednom-vladaru\/\"},\"wordCount\":339,\"commentCount\":2,\"publisher\":{\"@id\":\"https:\/\/sandzakpress.net\/arhiva\/#\/schema\/person\/6e72b67d6e51910a1117b3b483ba20bd\"},\"image\":{\"@id\":\"https:\/\/sandzakpress.net\/arhiva\/srtno-osudeni-voda-muslimanske-brace-najbolji-dzihad-je-reci-istinu-u-lice-nepravednom-vladaru\/#primaryimage\"},\"thumbnailUrl\":\"https:\/\/sandzakpress.net\/arhiva\/wp-content\/uploads\/2014\/06\/10463904_10152538589076926_7666767525672945569_n-660x330.jpg\",\"keywords\":[\"Egipat\"],\"articleSection\":[\"Svijet\",\"VIJESTI DANA\"],\"inLanguage\":\"bs-BA\",\"potentialAction\":[{\"@type\":\"CommentAction\",\"name\":\"Comment\",\"target\":[\"https:\/\/sandzakpress.net\/arhiva\/srtno-osudeni-voda-muslimanske-brace-najbolji-dzihad-je-reci-istinu-u-lice-nepravednom-vladaru\/#respond\"]}]},{\"@type\":\"WebPage\",\"@id\":\"https:\/\/sandzakpress.net\/arhiva\/srtno-osudeni-voda-muslimanske-brace-najbolji-dzihad-je-reci-istinu-u-lice-nepravednom-vladaru\/\",\"url\":\"https:\/\/sandzakpress.net\/arhiva\/srtno-osudeni-voda-muslimanske-brace-najbolji-dzihad-je-reci-istinu-u-lice-nepravednom-vladaru\/\",\"name\":\"Smrtno osu\u0111eni vo\u0111a Muslimanske bra\u0107e: 'Najbolji d\u017eihad je re\u0107i istinu u lice nepravednom vladaru'\",\"isPartOf\":{\"@id\":\"https:\/\/sandzakpress.net\/arhiva\/#website\"},\"primaryImageOfPage\":{\"@id\":\"https:\/\/sandzakpress.net\/arhiva\/srtno-osudeni-voda-muslimanske-brace-najbolji-dzihad-je-reci-istinu-u-lice-nepravednom-vladaru\/#primaryimage\"},\"image\":{\"@id\":\"https:\/\/sandzakpress.net\/arhiva\/srtno-osudeni-voda-muslimanske-brace-najbolji-dzihad-je-reci-istinu-u-lice-nepravednom-vladaru\/#primaryimage\"},\"thumbnailUrl\":\"https:\/\/sandzakpress.net\/arhiva\/wp-content\/uploads\/2014\/06\/10463904_10152538589076926_7666767525672945569_n-660x330.jpg\",\"datePublished\":\"2014-06-25T09:20:55+00:00\",\"dateModified\":\"2014-06-25T09:25:31+00:00\",\"breadcrumb\":{\"@id\":\"https:\/\/sandzakpress.net\/arhiva\/srtno-osudeni-voda-muslimanske-brace-najbolji-dzihad-je-reci-istinu-u-lice-nepravednom-vladaru\/#breadcrumb\"},\"inLanguage\":\"bs-BA\",\"potentialAction\":[{\"@type\":\"ReadAction\",\"target\":[\"https:\/\/sandzakpress.net\/arhiva\/srtno-osudeni-voda-muslimanske-brace-najbolji-dzihad-je-reci-istinu-u-lice-nepravednom-vladaru\/\"]}]},{\"@type\":\"ImageObject\",\"inLanguage\":\"bs-BA\",\"@id\":\"https:\/\/sandzakpress.net\/arhiva\/srtno-osudeni-voda-muslimanske-brace-najbolji-dzihad-je-reci-istinu-u-lice-nepravednom-vladaru\/#primaryimage\",\"url\":\"https:\/\/sandzakpress.net\/arhiva\/wp-content\/uploads\/2014\/06\/10463904_10152538589076926_7666767525672945569_n-660x330.jpg\",\"contentUrl\":\"https:\/\/sandzakpress.net\/arhiva\/wp-content\/uploads\/2014\/06\/10463904_10152538589076926_7666767525672945569_n-660x330.jpg\",\"width\":660,\"height\":330},{\"@type\":\"BreadcrumbList\",\"@id\":\"https:\/\/sandzakpress.net\/arhiva\/srtno-osudeni-voda-muslimanske-brace-najbolji-dzihad-je-reci-istinu-u-lice-nepravednom-vladaru\/#breadcrumb\",\"itemListElement\":[{\"@type\":\"ListItem\",\"position\":1,\"name\":\"Home\",\"item\":\"https:\/\/sandzakpress.net\/arhiva\/\"},{\"@type\":\"ListItem\",\"position\":2,\"name\":\"Smrtno osu\u0111eni vo\u0111a Muslimanske bra\u0107e: &#8216;Najbolji d\u017eihad je re\u0107i istinu u lice nepravednom vladaru&#8217;\"}]},{\"@type\":\"WebSite\",\"@id\":\"https:\/\/sandzakpress.net\/arhiva\/#website\",\"url\":\"https:\/\/sandzakpress.net\/arhiva\/\",\"name\":\"Sand\u017eak PRESS\",\"description\":\"Prve elektronske novine u Sand\u017eaku\",\"publisher\":{\"@id\":\"https:\/\/sandzakpress.net\/arhiva\/#\/schema\/person\/6e72b67d6e51910a1117b3b483ba20bd\"},\"potentialAction\":[{\"@type\":\"SearchAction\",\"target\":{\"@type\":\"EntryPoint\",\"urlTemplate\":\"https:\/\/sandzakpress.net\/arhiva\/?s={search_term_string}\"},\"query-input\":{\"@type\":\"PropertyValueSpecification\",\"valueRequired\":true,\"valueName\":\"search_term_string\"}}],\"inLanguage\":\"bs-BA\"},{\"@type\":[\"Person\",\"Organization\"],\"@id\":\"https:\/\/sandzakpress.net\/arhiva\/#\/schema\/person\/6e72b67d6e51910a1117b3b483ba20bd\",\"name\":\"Kul\",\"image\":{\"@type\":\"ImageObject\",\"inLanguage\":\"bs-BA\",\"@id\":\"https:\/\/sandzakpress.net\/arhiva\/#\/schema\/person\/image\/\",\"url\":\"https:\/\/secure.gravatar.com\/avatar\/42263f39aa27ac04c43cab85c280eb2e?s=96&d=mm&r=pg\",\"contentUrl\":\"https:\/\/secure.gravatar.com\/avatar\/42263f39aa27ac04c43cab85c280eb2e?s=96&d=mm&r=pg\",\"caption\":\"Kul\"},\"logo\":{\"@id\":\"https:\/\/sandzakpress.net\/arhiva\/#\/schema\/person\/image\/\"}},{\"@type\":\"Person\",\"@id\":\"https:\/\/sandzakpress.net\/arhiva\/#\/schema\/person\/c8baee722073534b583ea7bdb2e36c02\",\"name\":\"bosniak\",\"image\":{\"@type\":\"ImageObject\",\"inLanguage\":\"bs-BA\",\"@id\":\"https:\/\/sandzakpress.net\/arhiva\/#\/schema\/person\/image\/\",\"url\":\"https:\/\/secure.gravatar.com\/avatar\/a04fd330bfe3a36a72a0ad4a6d89fca7?s=96&d=mm&r=pg\",\"contentUrl\":\"https:\/\/secure.gravatar.com\/avatar\/a04fd330bfe3a36a72a0ad4a6d89fca7?s=96&d=mm&r=pg\",\"caption\":\"bosniak\"},\"url\":\"https:\/\/sandzakpress.net\/arhiva\/author\/bosniak\/\"}]}<\/script>\n<!-- \/ Yoast SEO Premium plugin. -->","yoast_head_json":{"title":"Smrtno osu\u0111eni vo\u0111a Muslimanske bra\u0107e: 'Najbolji d\u017eihad je re\u0107i istinu u lice nepravednom vladaru'","robots":{"index":"index","follow":"follow","max-snippet":"max-snippet:-1","max-image-preview":"max-image-preview:large","max-video-preview":"max-video-preview:-1"},"canonical":"https:\/\/sandzakpress.net\/arhiva\/srtno-osudeni-voda-muslimanske-brace-najbolji-dzihad-je-reci-istinu-u-lice-nepravednom-vladaru\/","og_locale":"bs_BA","og_type":"article","og_title":"Smrtno osu\u0111eni vo\u0111a Muslimanske bra\u0107e: 'Najbolji d\u017eihad je re\u0107i istinu u lice nepravednom vladaru'","og_description":"\u201cSmrtna kazna me ne pla\u0161i i nije me strah provesti ostatak \u017eivota u zatvoru, jer nastojim posti\u0107i najve\u0107i stepen \u0161ehadeta slijede\u0107i rije\u010di Poslanika Muhammeda, s.a.v.s., da je najbolji d\u017eihad re\u0107i istinu u lice nepravednom vladaru\"","og_url":"https:\/\/sandzakpress.net\/arhiva\/srtno-osudeni-voda-muslimanske-brace-najbolji-dzihad-je-reci-istinu-u-lice-nepravednom-vladaru\/","og_site_name":"Sand\u017eak PRESS","article_published_time":"2014-06-25T09:20:55+00:00","article_modified_time":"2014-06-25T09:25:31+00:00","og_image":[{"width":660,"height":330,"url":"https:\/\/sandzakpress.net\/arhiva\/wp-content\/uploads\/2014\/06\/10463904_10152538589076926_7666767525672945569_n-660x330.jpg","type":"image\/jpeg"}],"author":"bosniak","twitter_card":"summary_large_image","twitter_misc":{"Written by":"bosniak","Est. reading time":"2 minute"},"schema":{"@context":"https:\/\/schema.org","@graph":[{"@type":"Article","@id":"https:\/\/sandzakpress.net\/arhiva\/srtno-osudeni-voda-muslimanske-brace-najbolji-dzihad-je-reci-istinu-u-lice-nepravednom-vladaru\/#article","isPartOf":{"@id":"https:\/\/sandzakpress.net\/arhiva\/srtno-osudeni-voda-muslimanske-brace-najbolji-dzihad-je-reci-istinu-u-lice-nepravednom-vladaru\/"},"author":{"name":"bosniak","@id":"https:\/\/sandzakpress.net\/arhiva\/#\/schema\/person\/c8baee722073534b583ea7bdb2e36c02"},"headline":"Smrtno osu\u0111eni vo\u0111a Muslimanske bra\u0107e: &#8216;Najbolji d\u017eihad je re\u0107i istinu u lice nepravednom vladaru&#8217;","datePublished":"2014-06-25T09:20:55+00:00","dateModified":"2014-06-25T09:25:31+00:00","mainEntityOfPage":{"@id":"https:\/\/sandzakpress.net\/arhiva\/srtno-osudeni-voda-muslimanske-brace-najbolji-dzihad-je-reci-istinu-u-lice-nepravednom-vladaru\/"},"wordCount":339,"commentCount":2,"publisher":{"@id":"https:\/\/sandzakpress.net\/arhiva\/#\/schema\/person\/6e72b67d6e51910a1117b3b483ba20bd"},"image":{"@id":"https:\/\/sandzakpress.net\/arhiva\/srtno-osudeni-voda-muslimanske-brace-najbolji-dzihad-je-reci-istinu-u-lice-nepravednom-vladaru\/#primaryimage"},"thumbnailUrl":"https:\/\/sandzakpress.net\/arhiva\/wp-content\/uploads\/2014\/06\/10463904_10152538589076926_7666767525672945569_n-660x330.jpg","keywords":["Egipat"],"articleSection":["Svijet","VIJESTI DANA"],"inLanguage":"bs-BA","potentialAction":[{"@type":"CommentAction","name":"Comment","target":["https:\/\/sandzakpress.net\/arhiva\/srtno-osudeni-voda-muslimanske-brace-najbolji-dzihad-je-reci-istinu-u-lice-nepravednom-vladaru\/#respond"]}]},{"@type":"WebPage","@id":"https:\/\/sandzakpress.net\/arhiva\/srtno-osudeni-voda-muslimanske-brace-najbolji-dzihad-je-reci-istinu-u-lice-nepravednom-vladaru\/","url":"https:\/\/sandzakpress.net\/arhiva\/srtno-osudeni-voda-muslimanske-brace-najbolji-dzihad-je-reci-istinu-u-lice-nepravednom-vladaru\/","name":"Smrtno osu\u0111eni vo\u0111a Muslimanske bra\u0107e: 'Najbolji d\u017eihad je re\u0107i istinu u lice nepravednom vladaru'","isPartOf":{"@id":"https:\/\/sandzakpress.net\/arhiva\/#website"},"primaryImageOfPage":{"@id":"https:\/\/sandzakpress.net\/arhiva\/srtno-osudeni-voda-muslimanske-brace-najbolji-dzihad-je-reci-istinu-u-lice-nepravednom-vladaru\/#primaryimage"},"image":{"@id":"https:\/\/sandzakpress.net\/arhiva\/srtno-osudeni-voda-muslimanske-brace-najbolji-dzihad-je-reci-istinu-u-lice-nepravednom-vladaru\/#primaryimage"},"thumbnailUrl":"https:\/\/sandzakpress.net\/arhiva\/wp-content\/uploads\/2014\/06\/10463904_10152538589076926_7666767525672945569_n-660x330.jpg","datePublished":"2014-06-25T09:20:55+00:00","dateModified":"2014-06-25T09:25:31+00:00","breadcrumb":{"@id":"https:\/\/sandzakpress.net\/arhiva\/srtno-osudeni-voda-muslimanske-brace-najbolji-dzihad-je-reci-istinu-u-lice-nepravednom-vladaru\/#breadcrumb"},"inLanguage":"bs-BA","potentialAction":[{"@type":"ReadAction","target":["https:\/\/sandzakpress.net\/arhiva\/srtno-osudeni-voda-muslimanske-brace-najbolji-dzihad-je-reci-istinu-u-lice-nepravednom-vladaru\/"]}]},{"@type":"ImageObject","inLanguage":"bs-BA","@id":"https:\/\/sandzakpress.net\/arhiva\/srtno-osudeni-voda-muslimanske-brace-najbolji-dzihad-je-reci-istinu-u-lice-nepravednom-vladaru\/#primaryimage","url":"https:\/\/sandzakpress.net\/arhiva\/wp-content\/uploads\/2014\/06\/10463904_10152538589076926_7666767525672945569_n-660x330.jpg","contentUrl":"https:\/\/sandzakpress.net\/arhiva\/wp-content\/uploads\/2014\/06\/10463904_10152538589076926_7666767525672945569_n-660x330.jpg","width":660,"height":330},{"@type":"BreadcrumbList","@id":"https:\/\/sandzakpress.net\/arhiva\/srtno-osudeni-voda-muslimanske-brace-najbolji-dzihad-je-reci-istinu-u-lice-nepravednom-vladaru\/#breadcrumb","itemListElement":[{"@type":"ListItem","position":1,"name":"Home","item":"https:\/\/sandzakpress.net\/arhiva\/"},{"@type":"ListItem","position":2,"name":"Smrtno osu\u0111eni vo\u0111a Muslimanske bra\u0107e: &#8216;Najbolji d\u017eihad je re\u0107i istinu u lice nepravednom vladaru&#8217;"}]},{"@type":"WebSite","@id":"https:\/\/sandzakpress.net\/arhiva\/#website","url":"https:\/\/sandzakpress.net\/arhiva\/","name":"Sand\u017eak PRESS","description":"Prve elektronske novine u Sand\u017eaku","publisher":{"@id":"https:\/\/sandzakpress.net\/arhiva\/#\/schema\/person\/6e72b67d6e51910a1117b3b483ba20bd"},"potentialAction":[{"@type":"SearchAction","target":{"@type":"EntryPoint","urlTemplate":"https:\/\/sandzakpress.net\/arhiva\/?s={search_term_string}"},"query-input":{"@type":"PropertyValueSpecification","valueRequired":true,"valueName":"search_term_string"}}],"inLanguage":"bs-BA"},{"@type":["Person","Organization"],"@id":"https:\/\/sandzakpress.net\/arhiva\/#\/schema\/person\/6e72b67d6e51910a1117b3b483ba20bd","name":"Kul","image":{"@type":"ImageObject","inLanguage":"bs-BA","@id":"https:\/\/sandzakpress.net\/arhiva\/#\/schema\/person\/image\/","url":"https:\/\/secure.gravatar.com\/avatar\/42263f39aa27ac04c43cab85c280eb2e?s=96&d=mm&r=pg","contentUrl":"https:\/\/secure.gravatar.com\/avatar\/42263f39aa27ac04c43cab85c280eb2e?s=96&d=mm&r=pg","caption":"Kul"},"logo":{"@id":"https:\/\/sandzakpress.net\/arhiva\/#\/schema\/person\/image\/"}},{"@type":"Person","@id":"https:\/\/sandzakpress.net\/arhiva\/#\/schema\/person\/c8baee722073534b583ea7bdb2e36c02","name":"bosniak","image":{"@type":"ImageObject","inLanguage":"bs-BA","@id":"https:\/\/sandzakpress.net\/arhiva\/#\/schema\/person\/image\/","url":"https:\/\/secure.gravatar.com\/avatar\/a04fd330bfe3a36a72a0ad4a6d89fca7?s=96&d=mm&r=pg","contentUrl":"https:\/\/secure.gravatar.com\/avatar\/a04fd330bfe3a36a72a0ad4a6d89fca7?s=96&d=mm&r=pg","caption":"bosniak"},"url":"https:\/\/sandzakpress.net\/arhiva\/author\/bosniak\/"}]}},"_links":{"self":[{"href":"https:\/\/sandzakpress.net\/arhiva\/wp-json\/wp\/v2\/posts\/107778"}],"collection":[{"href":"https:\/\/sandzakpress.net\/arhiva\/wp-json\/wp\/v2\/posts"}],"about":[{"href":"https:\/\/sandzakpress.net\/arhiva\/wp-json\/wp\/v2\/types\/post"}],"author":[{"embeddable":true,"href":"https:\/\/sandzakpress.net\/arhiva\/wp-json\/wp\/v2\/users\/83"}],"replies":[{"embeddable":true,"href":"https:\/\/sandzakpress.net\/arhiva\/wp-json\/wp\/v2\/comments?post=107778"}],"version-history":[{"count":0,"href":"https:\/\/sandzakpress.net\/arhiva\/wp-json\/wp\/v2\/posts\/107778\/revisions"}],"wp:featuredmedia":[{"embeddable":true,"href":"https:\/\/sandzakpress.net\/arhiva\/wp-json\/wp\/v2\/media\/107779"}],"wp:attachment":[{"href":"https:\/\/sandzakpress.net\/arhiva\/wp-json\/wp\/v2\/media?parent=107778"}],"wp:term":[{"taxonomy":"category","embeddable":true,"href":"https:\/\/sandzakpress.net\/arhiva\/wp-json\/wp\/v2\/categories?post=107778"},{"taxonomy":"post_tag","embeddable":true,"href":"https:\/\/sandzakpress.net\/arhiva\/wp-json\/wp\/v2\/tags?post=107778"}],"curies":[{"name":"wp","href":"https:\/\/api.w.org\/{rel}","templated":true}]}}