{"id":10744,"date":"2010-12-20T23:43:14","date_gmt":"2010-12-20T22:43:14","guid":{"rendered":"https:\/\/sandzakpress.net\/arhiva\/?p=10744"},"modified":"2010-12-20T23:43:14","modified_gmt":"2010-12-20T22:43:14","slug":"odrzani-jedanaesti-knjizevni-susreti-%e2%80%9emuhamed-abdagic%e2%80%9c","status":"publish","type":"post","link":"https:\/\/sandzakpress.net\/arhiva\/odrzani-jedanaesti-knjizevni-susreti-%e2%80%9emuhamed-abdagic%e2%80%9c\/","title":{"rendered":"Odr\u017eani jedanaesti knji\u017eevni susreti \u201eMuhamed Abdagi\u0107\u201c"},"content":{"rendered":"<p><strong><a href=\"https:\/\/sandzakpress.net\/arhiva\/wp-content\/uploads\/2010\/12\/knizevnonn5.jpg\"><img loading=\"lazy\" decoding=\"async\" class=\"alignleft size-medium wp-image-10745\" title=\"knizevnonn5\" src=\"https:\/\/sandzakpress.net\/arhiva\/wp-content\/uploads\/2010\/12\/knizevnonn5-300x225.jpg\" alt=\"\" width=\"300\" height=\"225\" \/><\/a>Sjenica &#8211; Kulturno prosvjetna zajednica i udru\u017eenje gra\u0111ana \u201eFlores\u201c iz Sjenice su jedanaesti put zaredom organizovali knji\u017eevne susrete \u201eMuhamed Abdagi\u0107\u201c, posve\u0107ene tom velikom sjeni\u010dkom knji\u017eevniku.<\/strong><\/p>\n<p>Ovogodi\u0161nje knji\u017eevne susrete, obilje\u017eila je promocija Abdagi\u0107evog romana \u201eTatli d\u017ean\u201c, koji je nedavno objavilo Ministarstvo za kulturu BiH, a koji je samo dio bogate knji\u017eevne ostav\u0161tine jednog od najve\u0107ih bo\u0161nja\u010dkih pisaca dvadesetog vijeka.<\/p>\n<p>Govore\u0107i na promociji, Muhamedova sestra Fatima, je najavila objavljivanje jo\u0161 jednog romana pod nazivom \u201eSand\u017eak\u201c, koji \u0107e, tako\u0111er, biti objavljen u Bosni.<\/p>\n<p>Ona je izrazila nadu da \u0107e i sjeni\u010dka op\u0161tinska vlast, narednih godina, pomo\u0107i da neki od Muhamedovih neobjavljenih rukopisa, ugledaju svjestlost dana.<\/p>\n<p>Na promociji su jo\u0161 govorili i dr Red\u017eep \u0160krijelj i Adem Vrci\u0107, poznavalac Abdagi\u0107evog dela.<\/p>\n<p>\u201eOve godine, poezijom i prozom, na manifestaciji se predstavilo devet knji\u017eevnika a op\u0161ti je utisak da ona, iz godine u godinu privla\u010di sve ve\u0107u pa\u017enju javnosti\u201c, ocijenio je Sedat Vrci\u0107, jedan od organizatora.<\/p>\n<p>Drugog dana susreta, odr\u017ean je okrugli sto na temu \u201eJesmo li na putu Muhameda Abdagi\u0107a?\u201c<\/p>\n<p>Susreti su organizovani pod pokroviteljstvom organizacije Argument, Grupe 484 i op\u0161tine Sjenica.<\/p>\n<p>Izvor: <strong>RadioStoPlus.com<\/strong><\/p>\n","protected":false},"excerpt":{"rendered":"<p>Sjenica &#8211; Kulturno prosvjetna zajednica i udru\u017eenje gra\u0111ana \u201eFlores\u201c iz Sjenice su jedanaesti put zaredom organizovali knji\u017eevne susrete \u201eMuhamed Abdagi\u0107\u201c, posve\u0107ene tom velikom sjeni\u010dkom knji\u017eevniku. Ovogodi\u0161nje knji\u017eevne susrete, obilje\u017eila je promocija Abdagi\u0107evog romana \u201eTatli d\u017ean\u201c, koji je nedavno objavilo Ministarstvo za kulturu BiH, a koji je samo dio bogate knji\u017eevne ostav\u0161tine jednog od najve\u0107ih bo\u0161nja\u010dkih [&hellip;]<\/p>\n","protected":false},"author":83,"featured_media":10745,"comment_status":"open","ping_status":"open","sticky":false,"template":"","format":"standard","meta":{"footnotes":""},"categories":[52],"tags":[],"class_list":{"0":"post-10744","1":"post","2":"type-post","3":"status-publish","4":"format-standard","5":"has-post-thumbnail","7":"category-sjenica"},"yoast_head":"<!-- This site is optimized with the Yoast SEO Premium plugin v23.1 (Yoast SEO v24.9) - https:\/\/yoast.com\/wordpress\/plugins\/seo\/ -->\n<title>Odr\u017eani jedanaesti knji\u017eevni susreti \u201eMuhamed Abdagi\u0107\u201c<\/title>\n<meta name=\"robots\" content=\"index, follow, max-snippet:-1, max-image-preview:large, max-video-preview:-1\" \/>\n<link rel=\"canonical\" href=\"https:\/\/sandzakpress.net\/arhiva\/odrzani-jedanaesti-knjizevni-susreti-\u201emuhamed-abdagic\u201c\/\" \/>\n<meta property=\"og:locale\" content=\"bs_BA\" \/>\n<meta property=\"og:type\" content=\"article\" \/>\n<meta property=\"og:title\" content=\"Odr\u017eani jedanaesti knji\u017eevni susreti \u201eMuhamed Abdagi\u0107\u201c\" \/>\n<meta property=\"og:description\" content=\"Sjenica &#8211; Kulturno prosvjetna zajednica i udru\u017eenje gra\u0111ana \u201eFlores\u201c iz Sjenice su jedanaesti put zaredom organizovali knji\u017eevne susrete \u201eMuhamed Abdagi\u0107\u201c, posve\u0107ene tom velikom sjeni\u010dkom knji\u017eevniku. Ovogodi\u0161nje knji\u017eevne susrete, obilje\u017eila je promocija Abdagi\u0107evog romana \u201eTatli d\u017ean\u201c, koji je nedavno objavilo Ministarstvo za kulturu BiH, a koji je samo dio bogate knji\u017eevne ostav\u0161tine jednog od najve\u0107ih bo\u0161nja\u010dkih [&hellip;]\" \/>\n<meta property=\"og:url\" content=\"https:\/\/sandzakpress.net\/arhiva\/odrzani-jedanaesti-knjizevni-susreti-\u201emuhamed-abdagic\u201c\/\" \/>\n<meta property=\"og:site_name\" content=\"Sand\u017eak PRESS\" \/>\n<meta property=\"article:published_time\" content=\"2010-12-20T22:43:14+00:00\" \/>\n<meta property=\"og:image\" content=\"https:\/\/sandzakpress.net\/arhiva\/wp-content\/uploads\/2010\/12\/knizevnonn5.jpg\" \/>\n\t<meta property=\"og:image:width\" content=\"616\" \/>\n\t<meta property=\"og:image:height\" content=\"462\" \/>\n\t<meta property=\"og:image:type\" content=\"image\/jpeg\" \/>\n<meta name=\"author\" content=\"bosniak\" \/>\n<meta name=\"twitter:card\" content=\"summary_large_image\" \/>\n<meta name=\"twitter:label1\" content=\"Written by\" \/>\n\t<meta name=\"twitter:data1\" content=\"bosniak\" \/>\n\t<meta name=\"twitter:label2\" content=\"Est. reading time\" \/>\n\t<meta name=\"twitter:data2\" content=\"1 minuta\" \/>\n<script type=\"application\/ld+json\" class=\"yoast-schema-graph\">{\"@context\":\"https:\/\/schema.org\",\"@graph\":[{\"@type\":\"Article\",\"@id\":\"https:\/\/sandzakpress.net\/arhiva\/odrzani-jedanaesti-knjizevni-susreti-%e2%80%9emuhamed-abdagic%e2%80%9c\/#article\",\"isPartOf\":{\"@id\":\"https:\/\/sandzakpress.net\/arhiva\/odrzani-jedanaesti-knjizevni-susreti-%e2%80%9emuhamed-abdagic%e2%80%9c\/\"},\"author\":{\"name\":\"bosniak\",\"@id\":\"https:\/\/sandzakpress.net\/arhiva\/#\/schema\/person\/c8baee722073534b583ea7bdb2e36c02\"},\"headline\":\"Odr\u017eani jedanaesti knji\u017eevni susreti \u201eMuhamed Abdagi\u0107\u201c\",\"datePublished\":\"2010-12-20T22:43:14+00:00\",\"mainEntityOfPage\":{\"@id\":\"https:\/\/sandzakpress.net\/arhiva\/odrzani-jedanaesti-knjizevni-susreti-%e2%80%9emuhamed-abdagic%e2%80%9c\/\"},\"wordCount\":219,\"commentCount\":2,\"publisher\":{\"@id\":\"https:\/\/sandzakpress.net\/arhiva\/#\/schema\/person\/6e72b67d6e51910a1117b3b483ba20bd\"},\"image\":{\"@id\":\"https:\/\/sandzakpress.net\/arhiva\/odrzani-jedanaesti-knjizevni-susreti-%e2%80%9emuhamed-abdagic%e2%80%9c\/#primaryimage\"},\"thumbnailUrl\":\"https:\/\/sandzakpress.net\/arhiva\/wp-content\/uploads\/2010\/12\/knizevnonn5.jpg\",\"articleSection\":[\"Sjenica\"],\"inLanguage\":\"bs-BA\",\"potentialAction\":[{\"@type\":\"CommentAction\",\"name\":\"Comment\",\"target\":[\"https:\/\/sandzakpress.net\/arhiva\/odrzani-jedanaesti-knjizevni-susreti-%e2%80%9emuhamed-abdagic%e2%80%9c\/#respond\"]}]},{\"@type\":\"WebPage\",\"@id\":\"https:\/\/sandzakpress.net\/arhiva\/odrzani-jedanaesti-knjizevni-susreti-%e2%80%9emuhamed-abdagic%e2%80%9c\/\",\"url\":\"https:\/\/sandzakpress.net\/arhiva\/odrzani-jedanaesti-knjizevni-susreti-%e2%80%9emuhamed-abdagic%e2%80%9c\/\",\"name\":\"Odr\u017eani jedanaesti knji\u017eevni susreti \u201eMuhamed Abdagi\u0107\u201c\",\"isPartOf\":{\"@id\":\"https:\/\/sandzakpress.net\/arhiva\/#website\"},\"primaryImageOfPage\":{\"@id\":\"https:\/\/sandzakpress.net\/arhiva\/odrzani-jedanaesti-knjizevni-susreti-%e2%80%9emuhamed-abdagic%e2%80%9c\/#primaryimage\"},\"image\":{\"@id\":\"https:\/\/sandzakpress.net\/arhiva\/odrzani-jedanaesti-knjizevni-susreti-%e2%80%9emuhamed-abdagic%e2%80%9c\/#primaryimage\"},\"thumbnailUrl\":\"https:\/\/sandzakpress.net\/arhiva\/wp-content\/uploads\/2010\/12\/knizevnonn5.jpg\",\"datePublished\":\"2010-12-20T22:43:14+00:00\",\"breadcrumb\":{\"@id\":\"https:\/\/sandzakpress.net\/arhiva\/odrzani-jedanaesti-knjizevni-susreti-%e2%80%9emuhamed-abdagic%e2%80%9c\/#breadcrumb\"},\"inLanguage\":\"bs-BA\",\"potentialAction\":[{\"@type\":\"ReadAction\",\"target\":[\"https:\/\/sandzakpress.net\/arhiva\/odrzani-jedanaesti-knjizevni-susreti-%e2%80%9emuhamed-abdagic%e2%80%9c\/\"]}]},{\"@type\":\"ImageObject\",\"inLanguage\":\"bs-BA\",\"@id\":\"https:\/\/sandzakpress.net\/arhiva\/odrzani-jedanaesti-knjizevni-susreti-%e2%80%9emuhamed-abdagic%e2%80%9c\/#primaryimage\",\"url\":\"https:\/\/sandzakpress.net\/arhiva\/wp-content\/uploads\/2010\/12\/knizevnonn5.jpg\",\"contentUrl\":\"https:\/\/sandzakpress.net\/arhiva\/wp-content\/uploads\/2010\/12\/knizevnonn5.jpg\",\"width\":616,\"height\":462},{\"@type\":\"BreadcrumbList\",\"@id\":\"https:\/\/sandzakpress.net\/arhiva\/odrzani-jedanaesti-knjizevni-susreti-%e2%80%9emuhamed-abdagic%e2%80%9c\/#breadcrumb\",\"itemListElement\":[{\"@type\":\"ListItem\",\"position\":1,\"name\":\"Home\",\"item\":\"https:\/\/sandzakpress.net\/arhiva\/\"},{\"@type\":\"ListItem\",\"position\":2,\"name\":\"Odr\u017eani jedanaesti knji\u017eevni susreti \u201eMuhamed Abdagi\u0107\u201c\"}]},{\"@type\":\"WebSite\",\"@id\":\"https:\/\/sandzakpress.net\/arhiva\/#website\",\"url\":\"https:\/\/sandzakpress.net\/arhiva\/\",\"name\":\"Sand\u017eak PRESS\",\"description\":\"Prve elektronske novine u Sand\u017eaku\",\"publisher\":{\"@id\":\"https:\/\/sandzakpress.net\/arhiva\/#\/schema\/person\/6e72b67d6e51910a1117b3b483ba20bd\"},\"potentialAction\":[{\"@type\":\"SearchAction\",\"target\":{\"@type\":\"EntryPoint\",\"urlTemplate\":\"https:\/\/sandzakpress.net\/arhiva\/?s={search_term_string}\"},\"query-input\":{\"@type\":\"PropertyValueSpecification\",\"valueRequired\":true,\"valueName\":\"search_term_string\"}}],\"inLanguage\":\"bs-BA\"},{\"@type\":[\"Person\",\"Organization\"],\"@id\":\"https:\/\/sandzakpress.net\/arhiva\/#\/schema\/person\/6e72b67d6e51910a1117b3b483ba20bd\",\"name\":\"Kul\",\"image\":{\"@type\":\"ImageObject\",\"inLanguage\":\"bs-BA\",\"@id\":\"https:\/\/sandzakpress.net\/arhiva\/#\/schema\/person\/image\/\",\"url\":\"https:\/\/secure.gravatar.com\/avatar\/42263f39aa27ac04c43cab85c280eb2e?s=96&d=mm&r=pg\",\"contentUrl\":\"https:\/\/secure.gravatar.com\/avatar\/42263f39aa27ac04c43cab85c280eb2e?s=96&d=mm&r=pg\",\"caption\":\"Kul\"},\"logo\":{\"@id\":\"https:\/\/sandzakpress.net\/arhiva\/#\/schema\/person\/image\/\"}},{\"@type\":\"Person\",\"@id\":\"https:\/\/sandzakpress.net\/arhiva\/#\/schema\/person\/c8baee722073534b583ea7bdb2e36c02\",\"name\":\"bosniak\",\"image\":{\"@type\":\"ImageObject\",\"inLanguage\":\"bs-BA\",\"@id\":\"https:\/\/sandzakpress.net\/arhiva\/#\/schema\/person\/image\/\",\"url\":\"https:\/\/secure.gravatar.com\/avatar\/a04fd330bfe3a36a72a0ad4a6d89fca7?s=96&d=mm&r=pg\",\"contentUrl\":\"https:\/\/secure.gravatar.com\/avatar\/a04fd330bfe3a36a72a0ad4a6d89fca7?s=96&d=mm&r=pg\",\"caption\":\"bosniak\"},\"url\":\"https:\/\/sandzakpress.net\/arhiva\/author\/bosniak\/\"}]}<\/script>\n<!-- \/ Yoast SEO Premium plugin. -->","yoast_head_json":{"title":"Odr\u017eani jedanaesti knji\u017eevni susreti \u201eMuhamed Abdagi\u0107\u201c","robots":{"index":"index","follow":"follow","max-snippet":"max-snippet:-1","max-image-preview":"max-image-preview:large","max-video-preview":"max-video-preview:-1"},"canonical":"https:\/\/sandzakpress.net\/arhiva\/odrzani-jedanaesti-knjizevni-susreti-\u201emuhamed-abdagic\u201c\/","og_locale":"bs_BA","og_type":"article","og_title":"Odr\u017eani jedanaesti knji\u017eevni susreti \u201eMuhamed Abdagi\u0107\u201c","og_description":"Sjenica &#8211; Kulturno prosvjetna zajednica i udru\u017eenje gra\u0111ana \u201eFlores\u201c iz Sjenice su jedanaesti put zaredom organizovali knji\u017eevne susrete \u201eMuhamed Abdagi\u0107\u201c, posve\u0107ene tom velikom sjeni\u010dkom knji\u017eevniku. Ovogodi\u0161nje knji\u017eevne susrete, obilje\u017eila je promocija Abdagi\u0107evog romana \u201eTatli d\u017ean\u201c, koji je nedavno objavilo Ministarstvo za kulturu BiH, a koji je samo dio bogate knji\u017eevne ostav\u0161tine jednog od najve\u0107ih bo\u0161nja\u010dkih [&hellip;]","og_url":"https:\/\/sandzakpress.net\/arhiva\/odrzani-jedanaesti-knjizevni-susreti-\u201emuhamed-abdagic\u201c\/","og_site_name":"Sand\u017eak PRESS","article_published_time":"2010-12-20T22:43:14+00:00","og_image":[{"width":616,"height":462,"url":"https:\/\/sandzakpress.net\/arhiva\/wp-content\/uploads\/2010\/12\/knizevnonn5.jpg","type":"image\/jpeg"}],"author":"bosniak","twitter_card":"summary_large_image","twitter_misc":{"Written by":"bosniak","Est. reading time":"1 minuta"},"schema":{"@context":"https:\/\/schema.org","@graph":[{"@type":"Article","@id":"https:\/\/sandzakpress.net\/arhiva\/odrzani-jedanaesti-knjizevni-susreti-%e2%80%9emuhamed-abdagic%e2%80%9c\/#article","isPartOf":{"@id":"https:\/\/sandzakpress.net\/arhiva\/odrzani-jedanaesti-knjizevni-susreti-%e2%80%9emuhamed-abdagic%e2%80%9c\/"},"author":{"name":"bosniak","@id":"https:\/\/sandzakpress.net\/arhiva\/#\/schema\/person\/c8baee722073534b583ea7bdb2e36c02"},"headline":"Odr\u017eani jedanaesti knji\u017eevni susreti \u201eMuhamed Abdagi\u0107\u201c","datePublished":"2010-12-20T22:43:14+00:00","mainEntityOfPage":{"@id":"https:\/\/sandzakpress.net\/arhiva\/odrzani-jedanaesti-knjizevni-susreti-%e2%80%9emuhamed-abdagic%e2%80%9c\/"},"wordCount":219,"commentCount":2,"publisher":{"@id":"https:\/\/sandzakpress.net\/arhiva\/#\/schema\/person\/6e72b67d6e51910a1117b3b483ba20bd"},"image":{"@id":"https:\/\/sandzakpress.net\/arhiva\/odrzani-jedanaesti-knjizevni-susreti-%e2%80%9emuhamed-abdagic%e2%80%9c\/#primaryimage"},"thumbnailUrl":"https:\/\/sandzakpress.net\/arhiva\/wp-content\/uploads\/2010\/12\/knizevnonn5.jpg","articleSection":["Sjenica"],"inLanguage":"bs-BA","potentialAction":[{"@type":"CommentAction","name":"Comment","target":["https:\/\/sandzakpress.net\/arhiva\/odrzani-jedanaesti-knjizevni-susreti-%e2%80%9emuhamed-abdagic%e2%80%9c\/#respond"]}]},{"@type":"WebPage","@id":"https:\/\/sandzakpress.net\/arhiva\/odrzani-jedanaesti-knjizevni-susreti-%e2%80%9emuhamed-abdagic%e2%80%9c\/","url":"https:\/\/sandzakpress.net\/arhiva\/odrzani-jedanaesti-knjizevni-susreti-%e2%80%9emuhamed-abdagic%e2%80%9c\/","name":"Odr\u017eani jedanaesti knji\u017eevni susreti \u201eMuhamed Abdagi\u0107\u201c","isPartOf":{"@id":"https:\/\/sandzakpress.net\/arhiva\/#website"},"primaryImageOfPage":{"@id":"https:\/\/sandzakpress.net\/arhiva\/odrzani-jedanaesti-knjizevni-susreti-%e2%80%9emuhamed-abdagic%e2%80%9c\/#primaryimage"},"image":{"@id":"https:\/\/sandzakpress.net\/arhiva\/odrzani-jedanaesti-knjizevni-susreti-%e2%80%9emuhamed-abdagic%e2%80%9c\/#primaryimage"},"thumbnailUrl":"https:\/\/sandzakpress.net\/arhiva\/wp-content\/uploads\/2010\/12\/knizevnonn5.jpg","datePublished":"2010-12-20T22:43:14+00:00","breadcrumb":{"@id":"https:\/\/sandzakpress.net\/arhiva\/odrzani-jedanaesti-knjizevni-susreti-%e2%80%9emuhamed-abdagic%e2%80%9c\/#breadcrumb"},"inLanguage":"bs-BA","potentialAction":[{"@type":"ReadAction","target":["https:\/\/sandzakpress.net\/arhiva\/odrzani-jedanaesti-knjizevni-susreti-%e2%80%9emuhamed-abdagic%e2%80%9c\/"]}]},{"@type":"ImageObject","inLanguage":"bs-BA","@id":"https:\/\/sandzakpress.net\/arhiva\/odrzani-jedanaesti-knjizevni-susreti-%e2%80%9emuhamed-abdagic%e2%80%9c\/#primaryimage","url":"https:\/\/sandzakpress.net\/arhiva\/wp-content\/uploads\/2010\/12\/knizevnonn5.jpg","contentUrl":"https:\/\/sandzakpress.net\/arhiva\/wp-content\/uploads\/2010\/12\/knizevnonn5.jpg","width":616,"height":462},{"@type":"BreadcrumbList","@id":"https:\/\/sandzakpress.net\/arhiva\/odrzani-jedanaesti-knjizevni-susreti-%e2%80%9emuhamed-abdagic%e2%80%9c\/#breadcrumb","itemListElement":[{"@type":"ListItem","position":1,"name":"Home","item":"https:\/\/sandzakpress.net\/arhiva\/"},{"@type":"ListItem","position":2,"name":"Odr\u017eani jedanaesti knji\u017eevni susreti \u201eMuhamed Abdagi\u0107\u201c"}]},{"@type":"WebSite","@id":"https:\/\/sandzakpress.net\/arhiva\/#website","url":"https:\/\/sandzakpress.net\/arhiva\/","name":"Sand\u017eak PRESS","description":"Prve elektronske novine u Sand\u017eaku","publisher":{"@id":"https:\/\/sandzakpress.net\/arhiva\/#\/schema\/person\/6e72b67d6e51910a1117b3b483ba20bd"},"potentialAction":[{"@type":"SearchAction","target":{"@type":"EntryPoint","urlTemplate":"https:\/\/sandzakpress.net\/arhiva\/?s={search_term_string}"},"query-input":{"@type":"PropertyValueSpecification","valueRequired":true,"valueName":"search_term_string"}}],"inLanguage":"bs-BA"},{"@type":["Person","Organization"],"@id":"https:\/\/sandzakpress.net\/arhiva\/#\/schema\/person\/6e72b67d6e51910a1117b3b483ba20bd","name":"Kul","image":{"@type":"ImageObject","inLanguage":"bs-BA","@id":"https:\/\/sandzakpress.net\/arhiva\/#\/schema\/person\/image\/","url":"https:\/\/secure.gravatar.com\/avatar\/42263f39aa27ac04c43cab85c280eb2e?s=96&d=mm&r=pg","contentUrl":"https:\/\/secure.gravatar.com\/avatar\/42263f39aa27ac04c43cab85c280eb2e?s=96&d=mm&r=pg","caption":"Kul"},"logo":{"@id":"https:\/\/sandzakpress.net\/arhiva\/#\/schema\/person\/image\/"}},{"@type":"Person","@id":"https:\/\/sandzakpress.net\/arhiva\/#\/schema\/person\/c8baee722073534b583ea7bdb2e36c02","name":"bosniak","image":{"@type":"ImageObject","inLanguage":"bs-BA","@id":"https:\/\/sandzakpress.net\/arhiva\/#\/schema\/person\/image\/","url":"https:\/\/secure.gravatar.com\/avatar\/a04fd330bfe3a36a72a0ad4a6d89fca7?s=96&d=mm&r=pg","contentUrl":"https:\/\/secure.gravatar.com\/avatar\/a04fd330bfe3a36a72a0ad4a6d89fca7?s=96&d=mm&r=pg","caption":"bosniak"},"url":"https:\/\/sandzakpress.net\/arhiva\/author\/bosniak\/"}]}},"_links":{"self":[{"href":"https:\/\/sandzakpress.net\/arhiva\/wp-json\/wp\/v2\/posts\/10744"}],"collection":[{"href":"https:\/\/sandzakpress.net\/arhiva\/wp-json\/wp\/v2\/posts"}],"about":[{"href":"https:\/\/sandzakpress.net\/arhiva\/wp-json\/wp\/v2\/types\/post"}],"author":[{"embeddable":true,"href":"https:\/\/sandzakpress.net\/arhiva\/wp-json\/wp\/v2\/users\/83"}],"replies":[{"embeddable":true,"href":"https:\/\/sandzakpress.net\/arhiva\/wp-json\/wp\/v2\/comments?post=10744"}],"version-history":[{"count":0,"href":"https:\/\/sandzakpress.net\/arhiva\/wp-json\/wp\/v2\/posts\/10744\/revisions"}],"wp:featuredmedia":[{"embeddable":true,"href":"https:\/\/sandzakpress.net\/arhiva\/wp-json\/wp\/v2\/media\/10745"}],"wp:attachment":[{"href":"https:\/\/sandzakpress.net\/arhiva\/wp-json\/wp\/v2\/media?parent=10744"}],"wp:term":[{"taxonomy":"category","embeddable":true,"href":"https:\/\/sandzakpress.net\/arhiva\/wp-json\/wp\/v2\/categories?post=10744"},{"taxonomy":"post_tag","embeddable":true,"href":"https:\/\/sandzakpress.net\/arhiva\/wp-json\/wp\/v2\/tags?post=10744"}],"curies":[{"name":"wp","href":"https:\/\/api.w.org\/{rel}","templated":true}]}}