{"id":107405,"date":"2014-06-16T17:16:30","date_gmt":"2014-06-16T15:16:30","guid":{"rendered":"https:\/\/sandzakpress.net\/arhiva\/?p=107405"},"modified":"2014-06-16T18:20:41","modified_gmt":"2014-06-16T16:20:41","slug":"sramota-oskrnavljena-dzamija-u-livnu-kuran-bacen-na-pod-ispisani-grafiti","status":"publish","type":"post","link":"https:\/\/sandzakpress.net\/arhiva\/sramota-oskrnavljena-dzamija-u-livnu-kuran-bacen-na-pod-ispisani-grafiti\/","title":{"rendered":"SRAMOTA: Oskrnavljena d\u017eamija u Livnu &#8211; Kur`an ba\u010den na pod, ispisani grafiti"},"content":{"rendered":"<p><strong><img loading=\"lazy\" decoding=\"async\" class=\"aligncenter size-full wp-image-107406\" src=\"https:\/\/sandzakpress.net\/arhiva\/wp-content\/uploads\/2014\/06\/dzamija-livno5.jpg\" alt=\"dzamija-livno5\" width=\"690\" height=\"400\" srcset=\"https:\/\/sandzakpress.net\/arhiva\/wp-content\/uploads\/2014\/06\/dzamija-livno5.jpg 690w, https:\/\/sandzakpress.net\/arhiva\/wp-content\/uploads\/2014\/06\/dzamija-livno5-616x357.jpg 616w\" sizes=\"(max-width: 690px) 100vw, 690px\" \/>BiH &#8211; Tokom no\u0107i s nedjelje na ponedjeljak nepoznata osoba ili vi\u0161e njih su provalili u livanjsku d\u017eamiju had\u017ei Ahmeda Dukatara na Topovima, te ispisali nekoliko uvredljivih grafita, pobacali knjige, me\u0111u kojima i Kur`ane po podu, te farbom o\u0161tetili zidove i \u0107ilim.<\/strong><\/p>\n<p>Zlodjelo je primjetio imam te d\u017eamije hafiz Zekerijah ef. Ribo neposredno pred klanjanje podne namaza po\u0161to sabah u toj d\u017eamiji nisu klanjali ve\u0107 svi zajedni\u010dki u dan ranije otvorenoj \u0106ur\u010dinici.<\/p>\n<p>Po saznanju skrnavljenja najve\u0107e potkupolne d\u017eamije u Livnu u rukovodstvo MIZ Livno je isto prijavilo policiji koja je izi\u0161la na lice mjesta, te napravila uvi\u0111aj.<\/p>\n<p>&#8211; Uz grafite i prolivenu farbu policajci su na\u0161li i kutiju u kojoj je bila farba te jednu \u010detku kojom su se slu\u017eili ispisuju\u0107i grafite. Jako nas je pogodio \u010din razbavcivanja Kur`ana i skrnavljenja d\u017eamije nakon besprijekorno prire\u0111enog otvaranja na\u0161e \u0106ur\u010dinice koje je proteklo u najboljem redu, izjavio je predskednik MIZ Livno Hajrudin Maksi\u0107.<\/p>\n<p><img loading=\"lazy\" decoding=\"async\" class=\"aligncenter size-full wp-image-107408\" src=\"https:\/\/sandzakpress.net\/arhiva\/wp-content\/uploads\/2014\/06\/1.jpg\" alt=\"1\" width=\"690\" height=\"400\" srcset=\"https:\/\/sandzakpress.net\/arhiva\/wp-content\/uploads\/2014\/06\/1.jpg 690w, https:\/\/sandzakpress.net\/arhiva\/wp-content\/uploads\/2014\/06\/1-616x357.jpg 616w\" sizes=\"(max-width: 690px) 100vw, 690px\" \/> <img loading=\"lazy\" decoding=\"async\" class=\"aligncenter size-full wp-image-107409\" src=\"https:\/\/sandzakpress.net\/arhiva\/wp-content\/uploads\/2014\/06\/21.jpg\" alt=\"2\" width=\"690\" height=\"400\" srcset=\"https:\/\/sandzakpress.net\/arhiva\/wp-content\/uploads\/2014\/06\/21.jpg 690w, https:\/\/sandzakpress.net\/arhiva\/wp-content\/uploads\/2014\/06\/21-616x357.jpg 616w\" sizes=\"(max-width: 690px) 100vw, 690px\" \/> <img loading=\"lazy\" decoding=\"async\" class=\"aligncenter size-full wp-image-107410\" src=\"https:\/\/sandzakpress.net\/arhiva\/wp-content\/uploads\/2014\/06\/3.jpg\" alt=\"3\" width=\"690\" height=\"400\" srcset=\"https:\/\/sandzakpress.net\/arhiva\/wp-content\/uploads\/2014\/06\/3.jpg 690w, https:\/\/sandzakpress.net\/arhiva\/wp-content\/uploads\/2014\/06\/3-616x357.jpg 616w\" sizes=\"(max-width: 690px) 100vw, 690px\" \/> <img loading=\"lazy\" decoding=\"async\" class=\"aligncenter size-full wp-image-107411\" src=\"https:\/\/sandzakpress.net\/arhiva\/wp-content\/uploads\/2014\/06\/4.jpg\" alt=\"4\" width=\"690\" height=\"400\" srcset=\"https:\/\/sandzakpress.net\/arhiva\/wp-content\/uploads\/2014\/06\/4.jpg 690w, https:\/\/sandzakpress.net\/arhiva\/wp-content\/uploads\/2014\/06\/4-616x357.jpg 616w\" sizes=\"(max-width: 690px) 100vw, 690px\" \/><\/p>\n<p>izvor: avaz.ba<\/p>\n<p>&nbsp;<\/p>\n","protected":false},"excerpt":{"rendered":"<p>BiH &#8211; Tokom no\u0107i s nedjelje na ponedjeljak nepoznata osoba ili vi\u0161e njih su provalili u livanjsku d\u017eamiju had\u017ei Ahmeda Dukatara na Topovima, te ispisali nekoliko uvredljivih grafita, pobacali knjige, me\u0111u kojima i Kur`ane po podu, te farbom o\u0161tetili zidove i \u0107ilim. Zlodjelo je primjetio imam te d\u017eamije hafiz Zekerijah ef. Ribo neposredno pred klanjanje [&hellip;]<\/p>\n","protected":false},"author":83,"featured_media":107406,"comment_status":"open","ping_status":"open","sticky":false,"template":"","format":"standard","meta":{"footnotes":""},"categories":[2860,16],"tags":[10466,10467],"class_list":{"0":"post-107405","1":"post","2":"type-post","3":"status-publish","4":"format-standard","5":"has-post-thumbnail","7":"category-bosna-i-hercegovina-gradovi","8":"category-novine","9":"tag-bosna-i-hercegovina","10":"tag-oskrnavljena-dzamija"},"yoast_head":"<!-- This site is optimized with the Yoast SEO Premium plugin v23.1 (Yoast SEO v24.9) - https:\/\/yoast.com\/wordpress\/plugins\/seo\/ -->\n<title>SRAMOTA: Oskrnavljena d\u017eamija u Livnu - Kur`an ba\u010den na pod, ispisani grafiti<\/title>\n<meta name=\"robots\" content=\"index, follow, max-snippet:-1, max-image-preview:large, max-video-preview:-1\" \/>\n<link rel=\"canonical\" href=\"https:\/\/sandzakpress.net\/arhiva\/sramota-oskrnavljena-dzamija-u-livnu-kuran-bacen-na-pod-ispisani-grafiti\/\" \/>\n<meta property=\"og:locale\" content=\"bs_BA\" \/>\n<meta property=\"og:type\" content=\"article\" \/>\n<meta property=\"og:title\" content=\"SRAMOTA: Oskrnavljena d\u017eamija u Livnu - Kur`an ba\u010den na pod, ispisani grafiti\" \/>\n<meta property=\"og:description\" content=\"BiH &#8211; Tokom no\u0107i s nedjelje na ponedjeljak nepoznata osoba ili vi\u0161e njih su provalili u livanjsku d\u017eamiju had\u017ei Ahmeda Dukatara na Topovima, te ispisali nekoliko uvredljivih grafita, pobacali knjige, me\u0111u kojima i Kur`ane po podu, te farbom o\u0161tetili zidove i \u0107ilim. Zlodjelo je primjetio imam te d\u017eamije hafiz Zekerijah ef. Ribo neposredno pred klanjanje [&hellip;]\" \/>\n<meta property=\"og:url\" content=\"https:\/\/sandzakpress.net\/arhiva\/sramota-oskrnavljena-dzamija-u-livnu-kuran-bacen-na-pod-ispisani-grafiti\/\" \/>\n<meta property=\"og:site_name\" content=\"Sand\u017eak PRESS\" \/>\n<meta property=\"article:published_time\" content=\"2014-06-16T15:16:30+00:00\" \/>\n<meta property=\"article:modified_time\" content=\"2014-06-16T16:20:41+00:00\" \/>\n<meta property=\"og:image\" content=\"https:\/\/sandzakpress.net\/arhiva\/wp-content\/uploads\/2014\/06\/dzamija-livno5.jpg\" \/>\n\t<meta property=\"og:image:width\" content=\"690\" \/>\n\t<meta property=\"og:image:height\" content=\"400\" \/>\n\t<meta property=\"og:image:type\" content=\"image\/jpeg\" \/>\n<meta name=\"author\" content=\"bosniak\" \/>\n<meta name=\"twitter:card\" content=\"summary_large_image\" \/>\n<meta name=\"twitter:label1\" content=\"Written by\" \/>\n\t<meta name=\"twitter:data1\" content=\"bosniak\" \/>\n\t<meta name=\"twitter:label2\" content=\"Est. reading time\" \/>\n\t<meta name=\"twitter:data2\" content=\"1 minuta\" \/>\n<script type=\"application\/ld+json\" class=\"yoast-schema-graph\">{\"@context\":\"https:\/\/schema.org\",\"@graph\":[{\"@type\":\"Article\",\"@id\":\"https:\/\/sandzakpress.net\/arhiva\/sramota-oskrnavljena-dzamija-u-livnu-kuran-bacen-na-pod-ispisani-grafiti\/#article\",\"isPartOf\":{\"@id\":\"https:\/\/sandzakpress.net\/arhiva\/sramota-oskrnavljena-dzamija-u-livnu-kuran-bacen-na-pod-ispisani-grafiti\/\"},\"author\":{\"name\":\"bosniak\",\"@id\":\"https:\/\/sandzakpress.net\/arhiva\/#\/schema\/person\/c8baee722073534b583ea7bdb2e36c02\"},\"headline\":\"SRAMOTA: Oskrnavljena d\u017eamija u Livnu &#8211; Kur`an ba\u010den na pod, ispisani grafiti\",\"datePublished\":\"2014-06-16T15:16:30+00:00\",\"dateModified\":\"2014-06-16T16:20:41+00:00\",\"mainEntityOfPage\":{\"@id\":\"https:\/\/sandzakpress.net\/arhiva\/sramota-oskrnavljena-dzamija-u-livnu-kuran-bacen-na-pod-ispisani-grafiti\/\"},\"wordCount\":194,\"commentCount\":2,\"publisher\":{\"@id\":\"https:\/\/sandzakpress.net\/arhiva\/#\/schema\/person\/6e72b67d6e51910a1117b3b483ba20bd\"},\"image\":{\"@id\":\"https:\/\/sandzakpress.net\/arhiva\/sramota-oskrnavljena-dzamija-u-livnu-kuran-bacen-na-pod-ispisani-grafiti\/#primaryimage\"},\"thumbnailUrl\":\"https:\/\/sandzakpress.net\/arhiva\/wp-content\/uploads\/2014\/06\/dzamija-livno5.jpg\",\"keywords\":[\"Bosna i Hercegovina\",\"Oskrnavljena d\u017eamija\"],\"articleSection\":[\"Bosna i Hercegovina\",\"Novine\"],\"inLanguage\":\"bs-BA\",\"potentialAction\":[{\"@type\":\"CommentAction\",\"name\":\"Comment\",\"target\":[\"https:\/\/sandzakpress.net\/arhiva\/sramota-oskrnavljena-dzamija-u-livnu-kuran-bacen-na-pod-ispisani-grafiti\/#respond\"]}]},{\"@type\":\"WebPage\",\"@id\":\"https:\/\/sandzakpress.net\/arhiva\/sramota-oskrnavljena-dzamija-u-livnu-kuran-bacen-na-pod-ispisani-grafiti\/\",\"url\":\"https:\/\/sandzakpress.net\/arhiva\/sramota-oskrnavljena-dzamija-u-livnu-kuran-bacen-na-pod-ispisani-grafiti\/\",\"name\":\"SRAMOTA: Oskrnavljena d\u017eamija u Livnu - Kur`an ba\u010den na pod, ispisani grafiti\",\"isPartOf\":{\"@id\":\"https:\/\/sandzakpress.net\/arhiva\/#website\"},\"primaryImageOfPage\":{\"@id\":\"https:\/\/sandzakpress.net\/arhiva\/sramota-oskrnavljena-dzamija-u-livnu-kuran-bacen-na-pod-ispisani-grafiti\/#primaryimage\"},\"image\":{\"@id\":\"https:\/\/sandzakpress.net\/arhiva\/sramota-oskrnavljena-dzamija-u-livnu-kuran-bacen-na-pod-ispisani-grafiti\/#primaryimage\"},\"thumbnailUrl\":\"https:\/\/sandzakpress.net\/arhiva\/wp-content\/uploads\/2014\/06\/dzamija-livno5.jpg\",\"datePublished\":\"2014-06-16T15:16:30+00:00\",\"dateModified\":\"2014-06-16T16:20:41+00:00\",\"breadcrumb\":{\"@id\":\"https:\/\/sandzakpress.net\/arhiva\/sramota-oskrnavljena-dzamija-u-livnu-kuran-bacen-na-pod-ispisani-grafiti\/#breadcrumb\"},\"inLanguage\":\"bs-BA\",\"potentialAction\":[{\"@type\":\"ReadAction\",\"target\":[\"https:\/\/sandzakpress.net\/arhiva\/sramota-oskrnavljena-dzamija-u-livnu-kuran-bacen-na-pod-ispisani-grafiti\/\"]}]},{\"@type\":\"ImageObject\",\"inLanguage\":\"bs-BA\",\"@id\":\"https:\/\/sandzakpress.net\/arhiva\/sramota-oskrnavljena-dzamija-u-livnu-kuran-bacen-na-pod-ispisani-grafiti\/#primaryimage\",\"url\":\"https:\/\/sandzakpress.net\/arhiva\/wp-content\/uploads\/2014\/06\/dzamija-livno5.jpg\",\"contentUrl\":\"https:\/\/sandzakpress.net\/arhiva\/wp-content\/uploads\/2014\/06\/dzamija-livno5.jpg\",\"width\":690,\"height\":400},{\"@type\":\"BreadcrumbList\",\"@id\":\"https:\/\/sandzakpress.net\/arhiva\/sramota-oskrnavljena-dzamija-u-livnu-kuran-bacen-na-pod-ispisani-grafiti\/#breadcrumb\",\"itemListElement\":[{\"@type\":\"ListItem\",\"position\":1,\"name\":\"Home\",\"item\":\"https:\/\/sandzakpress.net\/arhiva\/\"},{\"@type\":\"ListItem\",\"position\":2,\"name\":\"SRAMOTA: Oskrnavljena d\u017eamija u Livnu &#8211; Kur`an ba\u010den na pod, ispisani grafiti\"}]},{\"@type\":\"WebSite\",\"@id\":\"https:\/\/sandzakpress.net\/arhiva\/#website\",\"url\":\"https:\/\/sandzakpress.net\/arhiva\/\",\"name\":\"Sand\u017eak PRESS\",\"description\":\"Prve elektronske novine u Sand\u017eaku\",\"publisher\":{\"@id\":\"https:\/\/sandzakpress.net\/arhiva\/#\/schema\/person\/6e72b67d6e51910a1117b3b483ba20bd\"},\"potentialAction\":[{\"@type\":\"SearchAction\",\"target\":{\"@type\":\"EntryPoint\",\"urlTemplate\":\"https:\/\/sandzakpress.net\/arhiva\/?s={search_term_string}\"},\"query-input\":{\"@type\":\"PropertyValueSpecification\",\"valueRequired\":true,\"valueName\":\"search_term_string\"}}],\"inLanguage\":\"bs-BA\"},{\"@type\":[\"Person\",\"Organization\"],\"@id\":\"https:\/\/sandzakpress.net\/arhiva\/#\/schema\/person\/6e72b67d6e51910a1117b3b483ba20bd\",\"name\":\"Kul\",\"image\":{\"@type\":\"ImageObject\",\"inLanguage\":\"bs-BA\",\"@id\":\"https:\/\/sandzakpress.net\/arhiva\/#\/schema\/person\/image\/\",\"url\":\"https:\/\/secure.gravatar.com\/avatar\/42263f39aa27ac04c43cab85c280eb2e?s=96&d=mm&r=pg\",\"contentUrl\":\"https:\/\/secure.gravatar.com\/avatar\/42263f39aa27ac04c43cab85c280eb2e?s=96&d=mm&r=pg\",\"caption\":\"Kul\"},\"logo\":{\"@id\":\"https:\/\/sandzakpress.net\/arhiva\/#\/schema\/person\/image\/\"}},{\"@type\":\"Person\",\"@id\":\"https:\/\/sandzakpress.net\/arhiva\/#\/schema\/person\/c8baee722073534b583ea7bdb2e36c02\",\"name\":\"bosniak\",\"image\":{\"@type\":\"ImageObject\",\"inLanguage\":\"bs-BA\",\"@id\":\"https:\/\/sandzakpress.net\/arhiva\/#\/schema\/person\/image\/\",\"url\":\"https:\/\/secure.gravatar.com\/avatar\/a04fd330bfe3a36a72a0ad4a6d89fca7?s=96&d=mm&r=pg\",\"contentUrl\":\"https:\/\/secure.gravatar.com\/avatar\/a04fd330bfe3a36a72a0ad4a6d89fca7?s=96&d=mm&r=pg\",\"caption\":\"bosniak\"},\"url\":\"https:\/\/sandzakpress.net\/arhiva\/author\/bosniak\/\"}]}<\/script>\n<!-- \/ Yoast SEO Premium plugin. -->","yoast_head_json":{"title":"SRAMOTA: Oskrnavljena d\u017eamija u Livnu - Kur`an ba\u010den na pod, ispisani grafiti","robots":{"index":"index","follow":"follow","max-snippet":"max-snippet:-1","max-image-preview":"max-image-preview:large","max-video-preview":"max-video-preview:-1"},"canonical":"https:\/\/sandzakpress.net\/arhiva\/sramota-oskrnavljena-dzamija-u-livnu-kuran-bacen-na-pod-ispisani-grafiti\/","og_locale":"bs_BA","og_type":"article","og_title":"SRAMOTA: Oskrnavljena d\u017eamija u Livnu - Kur`an ba\u010den na pod, ispisani grafiti","og_description":"BiH &#8211; Tokom no\u0107i s nedjelje na ponedjeljak nepoznata osoba ili vi\u0161e njih su provalili u livanjsku d\u017eamiju had\u017ei Ahmeda Dukatara na Topovima, te ispisali nekoliko uvredljivih grafita, pobacali knjige, me\u0111u kojima i Kur`ane po podu, te farbom o\u0161tetili zidove i \u0107ilim. Zlodjelo je primjetio imam te d\u017eamije hafiz Zekerijah ef. Ribo neposredno pred klanjanje [&hellip;]","og_url":"https:\/\/sandzakpress.net\/arhiva\/sramota-oskrnavljena-dzamija-u-livnu-kuran-bacen-na-pod-ispisani-grafiti\/","og_site_name":"Sand\u017eak PRESS","article_published_time":"2014-06-16T15:16:30+00:00","article_modified_time":"2014-06-16T16:20:41+00:00","og_image":[{"width":690,"height":400,"url":"https:\/\/sandzakpress.net\/arhiva\/wp-content\/uploads\/2014\/06\/dzamija-livno5.jpg","type":"image\/jpeg"}],"author":"bosniak","twitter_card":"summary_large_image","twitter_misc":{"Written by":"bosniak","Est. reading time":"1 minuta"},"schema":{"@context":"https:\/\/schema.org","@graph":[{"@type":"Article","@id":"https:\/\/sandzakpress.net\/arhiva\/sramota-oskrnavljena-dzamija-u-livnu-kuran-bacen-na-pod-ispisani-grafiti\/#article","isPartOf":{"@id":"https:\/\/sandzakpress.net\/arhiva\/sramota-oskrnavljena-dzamija-u-livnu-kuran-bacen-na-pod-ispisani-grafiti\/"},"author":{"name":"bosniak","@id":"https:\/\/sandzakpress.net\/arhiva\/#\/schema\/person\/c8baee722073534b583ea7bdb2e36c02"},"headline":"SRAMOTA: Oskrnavljena d\u017eamija u Livnu &#8211; Kur`an ba\u010den na pod, ispisani grafiti","datePublished":"2014-06-16T15:16:30+00:00","dateModified":"2014-06-16T16:20:41+00:00","mainEntityOfPage":{"@id":"https:\/\/sandzakpress.net\/arhiva\/sramota-oskrnavljena-dzamija-u-livnu-kuran-bacen-na-pod-ispisani-grafiti\/"},"wordCount":194,"commentCount":2,"publisher":{"@id":"https:\/\/sandzakpress.net\/arhiva\/#\/schema\/person\/6e72b67d6e51910a1117b3b483ba20bd"},"image":{"@id":"https:\/\/sandzakpress.net\/arhiva\/sramota-oskrnavljena-dzamija-u-livnu-kuran-bacen-na-pod-ispisani-grafiti\/#primaryimage"},"thumbnailUrl":"https:\/\/sandzakpress.net\/arhiva\/wp-content\/uploads\/2014\/06\/dzamija-livno5.jpg","keywords":["Bosna i Hercegovina","Oskrnavljena d\u017eamija"],"articleSection":["Bosna i Hercegovina","Novine"],"inLanguage":"bs-BA","potentialAction":[{"@type":"CommentAction","name":"Comment","target":["https:\/\/sandzakpress.net\/arhiva\/sramota-oskrnavljena-dzamija-u-livnu-kuran-bacen-na-pod-ispisani-grafiti\/#respond"]}]},{"@type":"WebPage","@id":"https:\/\/sandzakpress.net\/arhiva\/sramota-oskrnavljena-dzamija-u-livnu-kuran-bacen-na-pod-ispisani-grafiti\/","url":"https:\/\/sandzakpress.net\/arhiva\/sramota-oskrnavljena-dzamija-u-livnu-kuran-bacen-na-pod-ispisani-grafiti\/","name":"SRAMOTA: Oskrnavljena d\u017eamija u Livnu - Kur`an ba\u010den na pod, ispisani grafiti","isPartOf":{"@id":"https:\/\/sandzakpress.net\/arhiva\/#website"},"primaryImageOfPage":{"@id":"https:\/\/sandzakpress.net\/arhiva\/sramota-oskrnavljena-dzamija-u-livnu-kuran-bacen-na-pod-ispisani-grafiti\/#primaryimage"},"image":{"@id":"https:\/\/sandzakpress.net\/arhiva\/sramota-oskrnavljena-dzamija-u-livnu-kuran-bacen-na-pod-ispisani-grafiti\/#primaryimage"},"thumbnailUrl":"https:\/\/sandzakpress.net\/arhiva\/wp-content\/uploads\/2014\/06\/dzamija-livno5.jpg","datePublished":"2014-06-16T15:16:30+00:00","dateModified":"2014-06-16T16:20:41+00:00","breadcrumb":{"@id":"https:\/\/sandzakpress.net\/arhiva\/sramota-oskrnavljena-dzamija-u-livnu-kuran-bacen-na-pod-ispisani-grafiti\/#breadcrumb"},"inLanguage":"bs-BA","potentialAction":[{"@type":"ReadAction","target":["https:\/\/sandzakpress.net\/arhiva\/sramota-oskrnavljena-dzamija-u-livnu-kuran-bacen-na-pod-ispisani-grafiti\/"]}]},{"@type":"ImageObject","inLanguage":"bs-BA","@id":"https:\/\/sandzakpress.net\/arhiva\/sramota-oskrnavljena-dzamija-u-livnu-kuran-bacen-na-pod-ispisani-grafiti\/#primaryimage","url":"https:\/\/sandzakpress.net\/arhiva\/wp-content\/uploads\/2014\/06\/dzamija-livno5.jpg","contentUrl":"https:\/\/sandzakpress.net\/arhiva\/wp-content\/uploads\/2014\/06\/dzamija-livno5.jpg","width":690,"height":400},{"@type":"BreadcrumbList","@id":"https:\/\/sandzakpress.net\/arhiva\/sramota-oskrnavljena-dzamija-u-livnu-kuran-bacen-na-pod-ispisani-grafiti\/#breadcrumb","itemListElement":[{"@type":"ListItem","position":1,"name":"Home","item":"https:\/\/sandzakpress.net\/arhiva\/"},{"@type":"ListItem","position":2,"name":"SRAMOTA: Oskrnavljena d\u017eamija u Livnu &#8211; Kur`an ba\u010den na pod, ispisani grafiti"}]},{"@type":"WebSite","@id":"https:\/\/sandzakpress.net\/arhiva\/#website","url":"https:\/\/sandzakpress.net\/arhiva\/","name":"Sand\u017eak PRESS","description":"Prve elektronske novine u Sand\u017eaku","publisher":{"@id":"https:\/\/sandzakpress.net\/arhiva\/#\/schema\/person\/6e72b67d6e51910a1117b3b483ba20bd"},"potentialAction":[{"@type":"SearchAction","target":{"@type":"EntryPoint","urlTemplate":"https:\/\/sandzakpress.net\/arhiva\/?s={search_term_string}"},"query-input":{"@type":"PropertyValueSpecification","valueRequired":true,"valueName":"search_term_string"}}],"inLanguage":"bs-BA"},{"@type":["Person","Organization"],"@id":"https:\/\/sandzakpress.net\/arhiva\/#\/schema\/person\/6e72b67d6e51910a1117b3b483ba20bd","name":"Kul","image":{"@type":"ImageObject","inLanguage":"bs-BA","@id":"https:\/\/sandzakpress.net\/arhiva\/#\/schema\/person\/image\/","url":"https:\/\/secure.gravatar.com\/avatar\/42263f39aa27ac04c43cab85c280eb2e?s=96&d=mm&r=pg","contentUrl":"https:\/\/secure.gravatar.com\/avatar\/42263f39aa27ac04c43cab85c280eb2e?s=96&d=mm&r=pg","caption":"Kul"},"logo":{"@id":"https:\/\/sandzakpress.net\/arhiva\/#\/schema\/person\/image\/"}},{"@type":"Person","@id":"https:\/\/sandzakpress.net\/arhiva\/#\/schema\/person\/c8baee722073534b583ea7bdb2e36c02","name":"bosniak","image":{"@type":"ImageObject","inLanguage":"bs-BA","@id":"https:\/\/sandzakpress.net\/arhiva\/#\/schema\/person\/image\/","url":"https:\/\/secure.gravatar.com\/avatar\/a04fd330bfe3a36a72a0ad4a6d89fca7?s=96&d=mm&r=pg","contentUrl":"https:\/\/secure.gravatar.com\/avatar\/a04fd330bfe3a36a72a0ad4a6d89fca7?s=96&d=mm&r=pg","caption":"bosniak"},"url":"https:\/\/sandzakpress.net\/arhiva\/author\/bosniak\/"}]}},"_links":{"self":[{"href":"https:\/\/sandzakpress.net\/arhiva\/wp-json\/wp\/v2\/posts\/107405"}],"collection":[{"href":"https:\/\/sandzakpress.net\/arhiva\/wp-json\/wp\/v2\/posts"}],"about":[{"href":"https:\/\/sandzakpress.net\/arhiva\/wp-json\/wp\/v2\/types\/post"}],"author":[{"embeddable":true,"href":"https:\/\/sandzakpress.net\/arhiva\/wp-json\/wp\/v2\/users\/83"}],"replies":[{"embeddable":true,"href":"https:\/\/sandzakpress.net\/arhiva\/wp-json\/wp\/v2\/comments?post=107405"}],"version-history":[{"count":0,"href":"https:\/\/sandzakpress.net\/arhiva\/wp-json\/wp\/v2\/posts\/107405\/revisions"}],"wp:featuredmedia":[{"embeddable":true,"href":"https:\/\/sandzakpress.net\/arhiva\/wp-json\/wp\/v2\/media\/107406"}],"wp:attachment":[{"href":"https:\/\/sandzakpress.net\/arhiva\/wp-json\/wp\/v2\/media?parent=107405"}],"wp:term":[{"taxonomy":"category","embeddable":true,"href":"https:\/\/sandzakpress.net\/arhiva\/wp-json\/wp\/v2\/categories?post=107405"},{"taxonomy":"post_tag","embeddable":true,"href":"https:\/\/sandzakpress.net\/arhiva\/wp-json\/wp\/v2\/tags?post=107405"}],"curies":[{"name":"wp","href":"https:\/\/api.w.org\/{rel}","templated":true}]}}