{"id":107340,"date":"2014-06-14T17:22:27","date_gmt":"2014-06-14T15:22:27","guid":{"rendered":"https:\/\/sandzakpress.net\/arhiva\/?p=107340"},"modified":"2014-06-14T19:12:01","modified_gmt":"2014-06-14T17:12:01","slug":"idis-ev-paradoks-u-siriji-ratuju-protiv-al-kaide-u-iraku-zajedno-sa-naksibendijama","status":"publish","type":"post","link":"https:\/\/sandzakpress.net\/arhiva\/idis-ev-paradoks-u-siriji-ratuju-protiv-al-kaide-u-iraku-zajedno-sa-naksibendijama\/","title":{"rendered":"IDI\u0160-ev paradoks &#8211; U Siriji ratuje protiv Al Kaide, u Iraku zajedno sa Nak\u0161ibendijama"},"content":{"rendered":"<p style=\"color: #323232;\"><img decoding=\"async\" src=\"http:\/\/rack.1.mshcdn.com\/media\/ZgkyMDE0LzA2LzEyL2JjL0lTSUxQaG90by43ZjViMy5qcGcKcAl0aHVtYgkxMjAweDk2MDA-\/3a15dfab\/d5a\/ISILPhoto.jpg\" alt=\"\" \/><\/p>\n<p style=\"color: #323232;\"><strong>Sirija, Irak &#8211; Kako pi\u0161e za Al Jazeera Imran Khan,\u00a0do sada su mnogi ve\u0107 vidjeli slike. Kamioneti u konvoju, mu\u0161karci s crnim \u0161alovima omotanim oko lica. Pu\u0161ke visoko u zraku. Iza njih visoko se vijori crna zastava Islamske dr\u017eave\u00a0Irak\u00a0i Levant.<\/strong><\/p>\n<p style=\"color: #323232;\">Ovo je javna slika Islamske dr\u017eave Irak i Levant (kod nas poznata kao IDI\u0160 o.p.). U zadnjih nekoliko dana na\u0161li su se na brojnim naslovnicama kao velika vijest, ali ko su, zapravo, oni malo je kompliciranije objasniti.<\/p>\n<p style=\"color: #323232;\">IDI\u0160\u00a0je postao poput brenda, ime oko kojeg se skupljaju oni koji se \u017eele boriti, kako neki smatraju. Sa'ad Ma'an je glasnogovornik Ministarstva unutra\u0161njih poslova Iraka. U aprilu smo raspravljali o kampanji njegove Vlade protiv IDI\u0160\u00a0-a, koja i danas traje. Pitao sam ga ko su oni. &#8220;Oni su medijska kreacija, kreacija iza koje se kriju teroristi.&#8221;<\/p>\n<p style=\"color: #323232;\">Sve je vi\u0161e onih koji vjeruju da je to ta\u010dno. U Iraku je mu\u0161karac pod imenom Ezzat Ibrahim al-Douri jo\u0161 u bijegu. Nakon invazije na Irak 2003. godine, ameri\u010dke snage su svojim vojnicima dijelile \u0161pil karata s najtra\u017eenijim licima u Iraku. Douri je bio &#8220;kralj tref&#8221;. On je jedini vi\u0161i zapovjednik lojalan Saddamu Husseinu koji je jo\u0161 u bijegu.<\/p>\n<p style=\"color: #323232;\">Iako je sada starac, postao je duhovni vo\u0111a utjecajne milicije pod nazivom Naqshbandi, grupe koja se oslanja na ideologiju Ba'th partije i \u010desto je mije\u0161a s islamskom sufijskom ideologijom. Oni su okorjeli borci koje su predvodili biv\u0161i Saddamovi vonici i koji su obu\u010dili mla\u0111u generaciju za borbu.<\/p>\n<p style=\"color: #323232;\">Kao biv\u0161i vojnici, dobro poznaju Irak. Mnogi smatraju da su oni, zajedno s IDI\u0160\u00a0-om bili, u stanju zauzeti Mosul. U zadnjih nekoliko dana razgovarao sam s nekoliko ljudi u Mosulu, koji su mi rekli da ve\u0107inu boraca pod zastavom IDI\u0160\u00a0-a \u010dine Ira\u010dani. Iako to nije iznena\u0111enje, jer smo ipak u Iraku, to dosta govori.<\/p>\n<p style=\"color: #323232;\">U Mosulu je, po svemu sude\u0107i, mirno. Borci su uklonili punktove, ra\u0161\u010distili barijere i zidove za za\u0161titu od eksplozija. Ohrabrivali su ljude da iza\u0111u na ulice. Jedan od mojih kontakata mi je rekao: &#8220;Prema nama se odnose s po\u0161tovanjem. Pla\u0161im ih se, ali nisu nam naudili.&#8221;<\/p>\n<p style=\"color: #323232;\">Borci IDI\u0160\u00a0-a su, tako\u0111er, zatra\u017eili od vlasnika trgovina i kompanija da ponovo po\u010dnu raditi i da se ljudi vrate na posao. Takva interakcija s borcima navela je ljude u Mosulu koje sam kontaktirao da sugeriraju da su umjereniji nego \u0161to su mnogi smatrali.<\/p>\n<p style=\"color: #323232;\">Onda su u \u010detvrtak procurile vijesti da je do\u0161lo do razila\u017eenja u mi\u0161ljenjima me\u0111u frakcijama IDI\u0160\u00a0-a i da grupa Naqshbandi zagovara odlazak u Bagdad zbog &#8220;promjene re\u017eima&#8221;. To ih dovodi u sukob s ciljevima IDI\u0160\u00a0-a o uspostavljanju islamskog halifata u Iraku i Siriji. Grupa Naqshbandi bi, ako je vjerovati njihovim izjavama u javnosti, bila sretna da skine sa vlasti Vladu Nourija al-Malikija i zauzme Irak.<\/p>\n<p style=\"color: #323232;\">IDI\u0160\u00a0je postao utjecajan ve\u0107im dijelom zahvaljuju\u0107i hrabrim napadima i svom vo\u0111i Abu Bakru al-Baghdadiju, koji se postavio kao sljede\u0107i Osama bin Laden. Njegove javne izjave \u010dak sugeriraju da \u017eeli preuzeti vo\u0111stvo Al-Kaide. On je u Siriji u ratu protiv D\u017eabhatu Nusre koja predstavlja ogranak Al Kaide, kao i protiv umjerenih islamskih grupacija kao \u0161to je Islamski front. Protiv njih je po\u010dinjen niz masakara nakon \u0161to su progla\u0161eni za otpadnike.<\/p>\n<p style=\"color: #323232;\">U Siriji, kako isti\u010du pojedini izvori, sprema se velika akcija IDI\u0160-a\u00a0u provincijama Deir el Zor i Hasaka protiv formacija Nusre i Islamskog fronta.<\/p>\n<p style=\"color: #323232;\">U ratu se de\u0161avaju neobi\u010dna savezni\u0161tva. IDI\u0160\u00a0zasigurno nije homogena grupa koju smo imali priliku vidjeti tokom zadnjih godinu dana. \u0160to vi\u0161e pobjeda ostvari, to \u0107e ve\u0107i broj grupa pohrliti pod njegovu zastavu. Iako to mo\u017ee biti korisno u vojnom pogledu, velike ideolo\u0161ke razlike ne\u0107e mo\u0107i dugoro\u010dno dr\u017eati sve grupe zajedno.<\/p>\n<h3 style=\"color: #323232; text-align: center;\">U Siriji trenutno borbu protiv Asada najintenzivnije vodi Islamski front u saradnji sa Nusrom, Slobodnom vojskom Sirije i ostalim grupacijama<\/h3>\n<p>https:\/\/www.youtube.com\/watch?v=8TuAxu40BOk<\/p>\n<h3 style=\"color: #323232; text-align: center;\"><\/h3>\n<h3 style=\"color: #323232; text-align: center;\">POGLEDAJTE RASPORED SNAGA ZA SIRIJU\u00a0<span style=\"color: #ff0000;\"><a href=\"http:\/\/en.wikipedia.org\/wiki\/Template:Syrian_civil_war_detailed_map\"><span style=\"color: #ff0000;\">OVDJE<\/span><\/a><\/span><\/h3>\n<h3 style=\"color: #323232; text-align: center;\">POGLEDAJTE RASPORED SNAGA ZA IRAK\u00a0<span style=\"color: #ff0000;\"><a href=\"http:\/\/en.wikipedia.org\/wiki\/Template:Iraq_war_detailed_map\"><span style=\"color: #ff0000;\">OVDJE<\/span><\/a><\/span><\/h3>\n<p>&nbsp;<\/p>\n<h3 style=\"color: #323232; text-align: center;\">Formacije Nak\u0161ibendijskog sufijskog tarikata u Iraku &#8211; Saveznici IDI\u0160-a<\/h3>\n<p style=\"color: #323232;\"><img loading=\"lazy\" decoding=\"async\" class=\"aligncenter size-full wp-image-107341\" src=\"https:\/\/sandzakpress.net\/arhiva\/wp-content\/uploads\/2014\/06\/Army_of_the_Men_of_the_Naqshbandi_Order_Fighters.jpg\" alt=\"Army_of_the_Men_of_the_Naqshbandi_Order_Fighters\" width=\"768\" height=\"576\" srcset=\"https:\/\/sandzakpress.net\/arhiva\/wp-content\/uploads\/2014\/06\/Army_of_the_Men_of_the_Naqshbandi_Order_Fighters.jpg 768w, https:\/\/sandzakpress.net\/arhiva\/wp-content\/uploads\/2014\/06\/Army_of_the_Men_of_the_Naqshbandi_Order_Fighters-616x462.jpg 616w\" sizes=\"(max-width: 768px) 100vw, 768px\" \/><\/p>\n<h3 style=\"color: #323232; text-align: center;\">Hiljade pripadnika Al Kaide i Islamskog fronta je ubijeno od ruku IDI\u0160-a u Siriji<\/h3>\n<p style=\"text-align: center;\">Na slici: Pripadnik IDI\u0160-a osdjekao 5 glava pripadnika Al Kaide i Islamskog fronta u Siriji<\/p>\n<p style=\"color: #323232;\"><img decoding=\"async\" src=\"http:\/\/i2.wp.com\/www.putvjernika.com\/wp-content\/uploads\/2014\/03\/Ebu-Abdurahman-Iraqi-sa-trofejima1.jpg?w=700\" alt=\"\" \/><\/p>\n","protected":false},"excerpt":{"rendered":"<p>Detaljnija analiza de\u0161avanja u Siriji i Iraku<\/p>\n","protected":false},"author":83,"featured_media":107343,"comment_status":"open","ping_status":"open","sticky":false,"template":"","format":"standard","meta":{"footnotes":""},"categories":[9,8957],"tags":[10225,10453],"class_list":{"0":"post-107340","1":"post","2":"type-post","3":"status-publish","4":"format-standard","5":"has-post-thumbnail","7":"category-svijet","8":"category-vijesti-dana","9":"tag-sirija","10":"tag-irak"},"yoast_head":"<!-- This site is optimized with the Yoast SEO Premium plugin v23.1 (Yoast SEO v24.9) - https:\/\/yoast.com\/wordpress\/plugins\/seo\/ -->\n<title>IDI\u0160-ev paradoks - U Siriji ratuje protiv Al Kaide, u Iraku zajedno sa Nak\u0161ibendijama<\/title>\n<meta name=\"robots\" content=\"index, follow, max-snippet:-1, max-image-preview:large, max-video-preview:-1\" \/>\n<link rel=\"canonical\" href=\"https:\/\/sandzakpress.net\/arhiva\/idis-ev-paradoks-u-siriji-ratuju-protiv-al-kaide-u-iraku-zajedno-sa-naksibendijama\/\" \/>\n<meta property=\"og:locale\" content=\"bs_BA\" \/>\n<meta property=\"og:type\" content=\"article\" \/>\n<meta property=\"og:title\" content=\"IDI\u0160-ev paradoks - U Siriji ratuje protiv Al Kaide, u Iraku zajedno sa Nak\u0161ibendijama\" \/>\n<meta property=\"og:description\" content=\"Detaljnija analiza de\u0161avanja u Siriji i Iraku\" \/>\n<meta property=\"og:url\" content=\"https:\/\/sandzakpress.net\/arhiva\/idis-ev-paradoks-u-siriji-ratuju-protiv-al-kaide-u-iraku-zajedno-sa-naksibendijama\/\" \/>\n<meta property=\"og:site_name\" content=\"Sand\u017eak PRESS\" \/>\n<meta property=\"article:published_time\" content=\"2014-06-14T15:22:27+00:00\" \/>\n<meta property=\"article:modified_time\" content=\"2014-06-14T17:12:01+00:00\" \/>\n<meta property=\"og:image\" content=\"https:\/\/sandzakpress.net\/arhiva\/wp-content\/uploads\/2014\/06\/ISILPhoto.jpg\" \/>\n\t<meta property=\"og:image:width\" content=\"1200\" \/>\n\t<meta property=\"og:image:height\" content=\"675\" \/>\n\t<meta property=\"og:image:type\" content=\"image\/jpeg\" \/>\n<meta name=\"author\" content=\"bosniak\" \/>\n<meta name=\"twitter:card\" content=\"summary_large_image\" \/>\n<meta name=\"twitter:label1\" content=\"Written by\" \/>\n\t<meta name=\"twitter:data1\" content=\"bosniak\" \/>\n\t<meta name=\"twitter:label2\" content=\"Est. reading time\" \/>\n\t<meta name=\"twitter:data2\" content=\"4 minute\" \/>\n<script type=\"application\/ld+json\" class=\"yoast-schema-graph\">{\"@context\":\"https:\/\/schema.org\",\"@graph\":[{\"@type\":\"Article\",\"@id\":\"https:\/\/sandzakpress.net\/arhiva\/idis-ev-paradoks-u-siriji-ratuju-protiv-al-kaide-u-iraku-zajedno-sa-naksibendijama\/#article\",\"isPartOf\":{\"@id\":\"https:\/\/sandzakpress.net\/arhiva\/idis-ev-paradoks-u-siriji-ratuju-protiv-al-kaide-u-iraku-zajedno-sa-naksibendijama\/\"},\"author\":{\"name\":\"bosniak\",\"@id\":\"https:\/\/sandzakpress.net\/arhiva\/#\/schema\/person\/c8baee722073534b583ea7bdb2e36c02\"},\"headline\":\"IDI\u0160-ev paradoks &#8211; U Siriji ratuje protiv Al Kaide, u Iraku zajedno sa Nak\u0161ibendijama\",\"datePublished\":\"2014-06-14T15:22:27+00:00\",\"dateModified\":\"2014-06-14T17:12:01+00:00\",\"mainEntityOfPage\":{\"@id\":\"https:\/\/sandzakpress.net\/arhiva\/idis-ev-paradoks-u-siriji-ratuju-protiv-al-kaide-u-iraku-zajedno-sa-naksibendijama\/\"},\"wordCount\":759,\"commentCount\":4,\"publisher\":{\"@id\":\"https:\/\/sandzakpress.net\/arhiva\/#\/schema\/person\/6e72b67d6e51910a1117b3b483ba20bd\"},\"image\":{\"@id\":\"https:\/\/sandzakpress.net\/arhiva\/idis-ev-paradoks-u-siriji-ratuju-protiv-al-kaide-u-iraku-zajedno-sa-naksibendijama\/#primaryimage\"},\"thumbnailUrl\":\"https:\/\/sandzakpress.net\/arhiva\/wp-content\/uploads\/2014\/06\/ISILPhoto.jpg\",\"keywords\":[\"Sirija\",\"Irak\"],\"articleSection\":[\"Svijet\",\"VIJESTI DANA\"],\"inLanguage\":\"bs-BA\",\"potentialAction\":[{\"@type\":\"CommentAction\",\"name\":\"Comment\",\"target\":[\"https:\/\/sandzakpress.net\/arhiva\/idis-ev-paradoks-u-siriji-ratuju-protiv-al-kaide-u-iraku-zajedno-sa-naksibendijama\/#respond\"]}]},{\"@type\":\"WebPage\",\"@id\":\"https:\/\/sandzakpress.net\/arhiva\/idis-ev-paradoks-u-siriji-ratuju-protiv-al-kaide-u-iraku-zajedno-sa-naksibendijama\/\",\"url\":\"https:\/\/sandzakpress.net\/arhiva\/idis-ev-paradoks-u-siriji-ratuju-protiv-al-kaide-u-iraku-zajedno-sa-naksibendijama\/\",\"name\":\"IDI\u0160-ev paradoks - U Siriji ratuje protiv Al Kaide, u Iraku zajedno sa Nak\u0161ibendijama\",\"isPartOf\":{\"@id\":\"https:\/\/sandzakpress.net\/arhiva\/#website\"},\"primaryImageOfPage\":{\"@id\":\"https:\/\/sandzakpress.net\/arhiva\/idis-ev-paradoks-u-siriji-ratuju-protiv-al-kaide-u-iraku-zajedno-sa-naksibendijama\/#primaryimage\"},\"image\":{\"@id\":\"https:\/\/sandzakpress.net\/arhiva\/idis-ev-paradoks-u-siriji-ratuju-protiv-al-kaide-u-iraku-zajedno-sa-naksibendijama\/#primaryimage\"},\"thumbnailUrl\":\"https:\/\/sandzakpress.net\/arhiva\/wp-content\/uploads\/2014\/06\/ISILPhoto.jpg\",\"datePublished\":\"2014-06-14T15:22:27+00:00\",\"dateModified\":\"2014-06-14T17:12:01+00:00\",\"breadcrumb\":{\"@id\":\"https:\/\/sandzakpress.net\/arhiva\/idis-ev-paradoks-u-siriji-ratuju-protiv-al-kaide-u-iraku-zajedno-sa-naksibendijama\/#breadcrumb\"},\"inLanguage\":\"bs-BA\",\"potentialAction\":[{\"@type\":\"ReadAction\",\"target\":[\"https:\/\/sandzakpress.net\/arhiva\/idis-ev-paradoks-u-siriji-ratuju-protiv-al-kaide-u-iraku-zajedno-sa-naksibendijama\/\"]}]},{\"@type\":\"ImageObject\",\"inLanguage\":\"bs-BA\",\"@id\":\"https:\/\/sandzakpress.net\/arhiva\/idis-ev-paradoks-u-siriji-ratuju-protiv-al-kaide-u-iraku-zajedno-sa-naksibendijama\/#primaryimage\",\"url\":\"https:\/\/sandzakpress.net\/arhiva\/wp-content\/uploads\/2014\/06\/ISILPhoto.jpg\",\"contentUrl\":\"https:\/\/sandzakpress.net\/arhiva\/wp-content\/uploads\/2014\/06\/ISILPhoto.jpg\",\"width\":1200,\"height\":675},{\"@type\":\"BreadcrumbList\",\"@id\":\"https:\/\/sandzakpress.net\/arhiva\/idis-ev-paradoks-u-siriji-ratuju-protiv-al-kaide-u-iraku-zajedno-sa-naksibendijama\/#breadcrumb\",\"itemListElement\":[{\"@type\":\"ListItem\",\"position\":1,\"name\":\"Home\",\"item\":\"https:\/\/sandzakpress.net\/arhiva\/\"},{\"@type\":\"ListItem\",\"position\":2,\"name\":\"IDI\u0160-ev paradoks &#8211; U Siriji ratuje protiv Al Kaide, u Iraku zajedno sa Nak\u0161ibendijama\"}]},{\"@type\":\"WebSite\",\"@id\":\"https:\/\/sandzakpress.net\/arhiva\/#website\",\"url\":\"https:\/\/sandzakpress.net\/arhiva\/\",\"name\":\"Sand\u017eak PRESS\",\"description\":\"Prve elektronske novine u Sand\u017eaku\",\"publisher\":{\"@id\":\"https:\/\/sandzakpress.net\/arhiva\/#\/schema\/person\/6e72b67d6e51910a1117b3b483ba20bd\"},\"potentialAction\":[{\"@type\":\"SearchAction\",\"target\":{\"@type\":\"EntryPoint\",\"urlTemplate\":\"https:\/\/sandzakpress.net\/arhiva\/?s={search_term_string}\"},\"query-input\":{\"@type\":\"PropertyValueSpecification\",\"valueRequired\":true,\"valueName\":\"search_term_string\"}}],\"inLanguage\":\"bs-BA\"},{\"@type\":[\"Person\",\"Organization\"],\"@id\":\"https:\/\/sandzakpress.net\/arhiva\/#\/schema\/person\/6e72b67d6e51910a1117b3b483ba20bd\",\"name\":\"Kul\",\"image\":{\"@type\":\"ImageObject\",\"inLanguage\":\"bs-BA\",\"@id\":\"https:\/\/sandzakpress.net\/arhiva\/#\/schema\/person\/image\/\",\"url\":\"https:\/\/secure.gravatar.com\/avatar\/42263f39aa27ac04c43cab85c280eb2e?s=96&d=mm&r=pg\",\"contentUrl\":\"https:\/\/secure.gravatar.com\/avatar\/42263f39aa27ac04c43cab85c280eb2e?s=96&d=mm&r=pg\",\"caption\":\"Kul\"},\"logo\":{\"@id\":\"https:\/\/sandzakpress.net\/arhiva\/#\/schema\/person\/image\/\"}},{\"@type\":\"Person\",\"@id\":\"https:\/\/sandzakpress.net\/arhiva\/#\/schema\/person\/c8baee722073534b583ea7bdb2e36c02\",\"name\":\"bosniak\",\"image\":{\"@type\":\"ImageObject\",\"inLanguage\":\"bs-BA\",\"@id\":\"https:\/\/sandzakpress.net\/arhiva\/#\/schema\/person\/image\/\",\"url\":\"https:\/\/secure.gravatar.com\/avatar\/a04fd330bfe3a36a72a0ad4a6d89fca7?s=96&d=mm&r=pg\",\"contentUrl\":\"https:\/\/secure.gravatar.com\/avatar\/a04fd330bfe3a36a72a0ad4a6d89fca7?s=96&d=mm&r=pg\",\"caption\":\"bosniak\"},\"url\":\"https:\/\/sandzakpress.net\/arhiva\/author\/bosniak\/\"}]}<\/script>\n<!-- \/ Yoast SEO Premium plugin. -->","yoast_head_json":{"title":"IDI\u0160-ev paradoks - U Siriji ratuje protiv Al Kaide, u Iraku zajedno sa Nak\u0161ibendijama","robots":{"index":"index","follow":"follow","max-snippet":"max-snippet:-1","max-image-preview":"max-image-preview:large","max-video-preview":"max-video-preview:-1"},"canonical":"https:\/\/sandzakpress.net\/arhiva\/idis-ev-paradoks-u-siriji-ratuju-protiv-al-kaide-u-iraku-zajedno-sa-naksibendijama\/","og_locale":"bs_BA","og_type":"article","og_title":"IDI\u0160-ev paradoks - U Siriji ratuje protiv Al Kaide, u Iraku zajedno sa Nak\u0161ibendijama","og_description":"Detaljnija analiza de\u0161avanja u Siriji i Iraku","og_url":"https:\/\/sandzakpress.net\/arhiva\/idis-ev-paradoks-u-siriji-ratuju-protiv-al-kaide-u-iraku-zajedno-sa-naksibendijama\/","og_site_name":"Sand\u017eak PRESS","article_published_time":"2014-06-14T15:22:27+00:00","article_modified_time":"2014-06-14T17:12:01+00:00","og_image":[{"width":1200,"height":675,"url":"https:\/\/sandzakpress.net\/arhiva\/wp-content\/uploads\/2014\/06\/ISILPhoto.jpg","type":"image\/jpeg"}],"author":"bosniak","twitter_card":"summary_large_image","twitter_misc":{"Written by":"bosniak","Est. reading time":"4 minute"},"schema":{"@context":"https:\/\/schema.org","@graph":[{"@type":"Article","@id":"https:\/\/sandzakpress.net\/arhiva\/idis-ev-paradoks-u-siriji-ratuju-protiv-al-kaide-u-iraku-zajedno-sa-naksibendijama\/#article","isPartOf":{"@id":"https:\/\/sandzakpress.net\/arhiva\/idis-ev-paradoks-u-siriji-ratuju-protiv-al-kaide-u-iraku-zajedno-sa-naksibendijama\/"},"author":{"name":"bosniak","@id":"https:\/\/sandzakpress.net\/arhiva\/#\/schema\/person\/c8baee722073534b583ea7bdb2e36c02"},"headline":"IDI\u0160-ev paradoks &#8211; U Siriji ratuje protiv Al Kaide, u Iraku zajedno sa Nak\u0161ibendijama","datePublished":"2014-06-14T15:22:27+00:00","dateModified":"2014-06-14T17:12:01+00:00","mainEntityOfPage":{"@id":"https:\/\/sandzakpress.net\/arhiva\/idis-ev-paradoks-u-siriji-ratuju-protiv-al-kaide-u-iraku-zajedno-sa-naksibendijama\/"},"wordCount":759,"commentCount":4,"publisher":{"@id":"https:\/\/sandzakpress.net\/arhiva\/#\/schema\/person\/6e72b67d6e51910a1117b3b483ba20bd"},"image":{"@id":"https:\/\/sandzakpress.net\/arhiva\/idis-ev-paradoks-u-siriji-ratuju-protiv-al-kaide-u-iraku-zajedno-sa-naksibendijama\/#primaryimage"},"thumbnailUrl":"https:\/\/sandzakpress.net\/arhiva\/wp-content\/uploads\/2014\/06\/ISILPhoto.jpg","keywords":["Sirija","Irak"],"articleSection":["Svijet","VIJESTI DANA"],"inLanguage":"bs-BA","potentialAction":[{"@type":"CommentAction","name":"Comment","target":["https:\/\/sandzakpress.net\/arhiva\/idis-ev-paradoks-u-siriji-ratuju-protiv-al-kaide-u-iraku-zajedno-sa-naksibendijama\/#respond"]}]},{"@type":"WebPage","@id":"https:\/\/sandzakpress.net\/arhiva\/idis-ev-paradoks-u-siriji-ratuju-protiv-al-kaide-u-iraku-zajedno-sa-naksibendijama\/","url":"https:\/\/sandzakpress.net\/arhiva\/idis-ev-paradoks-u-siriji-ratuju-protiv-al-kaide-u-iraku-zajedno-sa-naksibendijama\/","name":"IDI\u0160-ev paradoks - U Siriji ratuje protiv Al Kaide, u Iraku zajedno sa Nak\u0161ibendijama","isPartOf":{"@id":"https:\/\/sandzakpress.net\/arhiva\/#website"},"primaryImageOfPage":{"@id":"https:\/\/sandzakpress.net\/arhiva\/idis-ev-paradoks-u-siriji-ratuju-protiv-al-kaide-u-iraku-zajedno-sa-naksibendijama\/#primaryimage"},"image":{"@id":"https:\/\/sandzakpress.net\/arhiva\/idis-ev-paradoks-u-siriji-ratuju-protiv-al-kaide-u-iraku-zajedno-sa-naksibendijama\/#primaryimage"},"thumbnailUrl":"https:\/\/sandzakpress.net\/arhiva\/wp-content\/uploads\/2014\/06\/ISILPhoto.jpg","datePublished":"2014-06-14T15:22:27+00:00","dateModified":"2014-06-14T17:12:01+00:00","breadcrumb":{"@id":"https:\/\/sandzakpress.net\/arhiva\/idis-ev-paradoks-u-siriji-ratuju-protiv-al-kaide-u-iraku-zajedno-sa-naksibendijama\/#breadcrumb"},"inLanguage":"bs-BA","potentialAction":[{"@type":"ReadAction","target":["https:\/\/sandzakpress.net\/arhiva\/idis-ev-paradoks-u-siriji-ratuju-protiv-al-kaide-u-iraku-zajedno-sa-naksibendijama\/"]}]},{"@type":"ImageObject","inLanguage":"bs-BA","@id":"https:\/\/sandzakpress.net\/arhiva\/idis-ev-paradoks-u-siriji-ratuju-protiv-al-kaide-u-iraku-zajedno-sa-naksibendijama\/#primaryimage","url":"https:\/\/sandzakpress.net\/arhiva\/wp-content\/uploads\/2014\/06\/ISILPhoto.jpg","contentUrl":"https:\/\/sandzakpress.net\/arhiva\/wp-content\/uploads\/2014\/06\/ISILPhoto.jpg","width":1200,"height":675},{"@type":"BreadcrumbList","@id":"https:\/\/sandzakpress.net\/arhiva\/idis-ev-paradoks-u-siriji-ratuju-protiv-al-kaide-u-iraku-zajedno-sa-naksibendijama\/#breadcrumb","itemListElement":[{"@type":"ListItem","position":1,"name":"Home","item":"https:\/\/sandzakpress.net\/arhiva\/"},{"@type":"ListItem","position":2,"name":"IDI\u0160-ev paradoks &#8211; U Siriji ratuje protiv Al Kaide, u Iraku zajedno sa Nak\u0161ibendijama"}]},{"@type":"WebSite","@id":"https:\/\/sandzakpress.net\/arhiva\/#website","url":"https:\/\/sandzakpress.net\/arhiva\/","name":"Sand\u017eak PRESS","description":"Prve elektronske novine u Sand\u017eaku","publisher":{"@id":"https:\/\/sandzakpress.net\/arhiva\/#\/schema\/person\/6e72b67d6e51910a1117b3b483ba20bd"},"potentialAction":[{"@type":"SearchAction","target":{"@type":"EntryPoint","urlTemplate":"https:\/\/sandzakpress.net\/arhiva\/?s={search_term_string}"},"query-input":{"@type":"PropertyValueSpecification","valueRequired":true,"valueName":"search_term_string"}}],"inLanguage":"bs-BA"},{"@type":["Person","Organization"],"@id":"https:\/\/sandzakpress.net\/arhiva\/#\/schema\/person\/6e72b67d6e51910a1117b3b483ba20bd","name":"Kul","image":{"@type":"ImageObject","inLanguage":"bs-BA","@id":"https:\/\/sandzakpress.net\/arhiva\/#\/schema\/person\/image\/","url":"https:\/\/secure.gravatar.com\/avatar\/42263f39aa27ac04c43cab85c280eb2e?s=96&d=mm&r=pg","contentUrl":"https:\/\/secure.gravatar.com\/avatar\/42263f39aa27ac04c43cab85c280eb2e?s=96&d=mm&r=pg","caption":"Kul"},"logo":{"@id":"https:\/\/sandzakpress.net\/arhiva\/#\/schema\/person\/image\/"}},{"@type":"Person","@id":"https:\/\/sandzakpress.net\/arhiva\/#\/schema\/person\/c8baee722073534b583ea7bdb2e36c02","name":"bosniak","image":{"@type":"ImageObject","inLanguage":"bs-BA","@id":"https:\/\/sandzakpress.net\/arhiva\/#\/schema\/person\/image\/","url":"https:\/\/secure.gravatar.com\/avatar\/a04fd330bfe3a36a72a0ad4a6d89fca7?s=96&d=mm&r=pg","contentUrl":"https:\/\/secure.gravatar.com\/avatar\/a04fd330bfe3a36a72a0ad4a6d89fca7?s=96&d=mm&r=pg","caption":"bosniak"},"url":"https:\/\/sandzakpress.net\/arhiva\/author\/bosniak\/"}]}},"_links":{"self":[{"href":"https:\/\/sandzakpress.net\/arhiva\/wp-json\/wp\/v2\/posts\/107340"}],"collection":[{"href":"https:\/\/sandzakpress.net\/arhiva\/wp-json\/wp\/v2\/posts"}],"about":[{"href":"https:\/\/sandzakpress.net\/arhiva\/wp-json\/wp\/v2\/types\/post"}],"author":[{"embeddable":true,"href":"https:\/\/sandzakpress.net\/arhiva\/wp-json\/wp\/v2\/users\/83"}],"replies":[{"embeddable":true,"href":"https:\/\/sandzakpress.net\/arhiva\/wp-json\/wp\/v2\/comments?post=107340"}],"version-history":[{"count":0,"href":"https:\/\/sandzakpress.net\/arhiva\/wp-json\/wp\/v2\/posts\/107340\/revisions"}],"wp:featuredmedia":[{"embeddable":true,"href":"https:\/\/sandzakpress.net\/arhiva\/wp-json\/wp\/v2\/media\/107343"}],"wp:attachment":[{"href":"https:\/\/sandzakpress.net\/arhiva\/wp-json\/wp\/v2\/media?parent=107340"}],"wp:term":[{"taxonomy":"category","embeddable":true,"href":"https:\/\/sandzakpress.net\/arhiva\/wp-json\/wp\/v2\/categories?post=107340"},{"taxonomy":"post_tag","embeddable":true,"href":"https:\/\/sandzakpress.net\/arhiva\/wp-json\/wp\/v2\/tags?post=107340"}],"curies":[{"name":"wp","href":"https:\/\/api.w.org\/{rel}","templated":true}]}}