{"id":107089,"date":"2014-06-07T15:19:17","date_gmt":"2014-06-07T13:19:17","guid":{"rendered":"https:\/\/sandzakpress.net\/arhiva\/?p=107089"},"modified":"2014-06-07T15:19:17","modified_gmt":"2014-06-07T13:19:17","slug":"sarajevo-mirna-setnja-za-kuds","status":"publish","type":"post","link":"https:\/\/sandzakpress.net\/arhiva\/sarajevo-mirna-setnja-za-kuds\/","title":{"rendered":"Sarajevo: Mirna \u0161etnja za Kuds"},"content":{"rendered":"<p style=\"color: #000000;\"><img decoding=\"async\" src=\"http:\/\/www.akos.ba\/media\/k2\/items\/cache\/346105db695a4e91238ac325bdb10ed6_XL.jpg\" alt=\"U subotu u Sarajevu mirna \u0161etnja za Quds: &amp;quot;Sloboda nije privilegija&amp;quot;\" \/><\/p>\n<p style=\"color: #000000;\"><strong>BiH, Palestina &#8211; Mirna \u0161etnja od Sebilja do BBI centra u Sarajevu ove subote bit \u0107e organizirana kao znak izra\u017eavanja nezadovoljstva protiv nepravde koja se nanosi palestinskom narodu, javlja bh. novinska agencija Patria.<\/strong><\/p>\n<p style=\"color: #000000;\">Iz Udru\u017eenja \u201ePalestinska dijaspora u BiH\u201c, \u201eSvitanje\u201c i \u201ePalestinian Cultural Club\u201c koji organiziraju protestnu \u0161etnju, pozivaju gra\u0111ane da im se pridru\u017ee kako bi dali podr\u0161ku Palestincima nad kojim Izral decenijama vr\u0161i nepravdu.<\/p>\n<p style=\"color: #000000;\">Pro\u0161li je mjesec navr\u0161eno 66 godina otkako je zapo\u010delo masovno etni\u010dko \u010di\u0161\u0107enje Palestinaca sa njihove zemlje od strane cionisti\u010dkih sila. Taj dana, koji se obilje\u017eava 15. maja, nazvan je Dan katastrofe (Nakba).<br \/>\n\u010cak 66 godina kasnije, na o\u010di svjetske javnosti, izraelski vojnici svakodnevno ubijaju palestinske civile i njihovu djecu.<\/p>\n<p style=\"color: #000000;\">Krajem &#8216;40-ih godina s podru\u010dja Palestine protjerano je 800.000 Palestinaca od ukupno njih 1.400.000, a u njihove ku\u0107e, imanja i poslovne zgrade uselili su se doseljeni jevreji iz cijeloga svijeta.<\/p>\n<p style=\"color: #000000;\">Palestinci su istjerani iz svojih domova i protjerani na Zapadnu obalu i u podru\u010dje Gaze, a veliki broj njih protjeran je u Libanon, Jordan i Siriju \u2013 na Golan.<\/p>\n<p style=\"color: #000000;\">Godine 1918. u Palestini je bilo svega 8% jevreja od ukupnog broja stanovnika, a danas, na podru\u010dju historijske Palestine, od 11,8 miliona ljudi koji \u017eive tamo, njih oko \u0161est miliona su jevreji, ili oko 51 %. Tih 51 % \u00a0jevreja posjeduje \u010dak 85 % povr\u0161ine te zemlje.<\/p>\n<p style=\"color: #000000;\">U ponedjeljak, 2. juna je u Ramallahu na Zapadnoj Obali inaugurirana nova palestinska vlada, sastavljena od nezavisnih uglednika i tehnokrata, koju podr\u017eava i Hamas.<\/p>\n<p style=\"color: #000000;\">Njeno formiranje pozdravili su Evropska unija, Rusija, Ujedinjeni narodi i Sjedinjene Ameri\u010dke Dr\u017eave. No, to je\u00a0izazvalo\u00a0ogor\u010denje Izraela.<\/p>\n<p style=\"color: #000000;\">Izraelski premijer Benjamin Netanyahu izjavio je u utorak da je &#8220;duboko uznemiren&#8221; zbog odluke SAD-a da ne prekida odnose sa novom palestinskom vladom, koja ima podr\u0161ku Hamasa.<\/p>\n<p style=\"color: #000000;\">nap.ba<\/p>\n","protected":false},"excerpt":{"rendered":"<p>Tre\u0107i sveti grad svih muslimana svijeta znatno ugro\u017een<\/p>\n","protected":false},"author":83,"featured_media":107091,"comment_status":"open","ping_status":"open","sticky":false,"template":"","format":"standard","meta":{"footnotes":""},"categories":[9,8957],"tags":[10249],"class_list":{"0":"post-107089","1":"post","2":"type-post","3":"status-publish","4":"format-standard","5":"has-post-thumbnail","7":"category-svijet","8":"category-vijesti-dana","9":"tag-palestina"},"yoast_head":"<!-- This site is optimized with the Yoast SEO Premium plugin v23.1 (Yoast SEO v24.9) - https:\/\/yoast.com\/wordpress\/plugins\/seo\/ -->\n<title>Sarajevo: Mirna \u0161etnja za Kuds<\/title>\n<meta name=\"robots\" content=\"index, follow, max-snippet:-1, max-image-preview:large, max-video-preview:-1\" \/>\n<link rel=\"canonical\" href=\"https:\/\/sandzakpress.net\/arhiva\/sarajevo-mirna-setnja-za-kuds\/\" \/>\n<meta property=\"og:locale\" content=\"bs_BA\" \/>\n<meta property=\"og:type\" content=\"article\" \/>\n<meta property=\"og:title\" content=\"Sarajevo: Mirna \u0161etnja za Kuds\" \/>\n<meta property=\"og:description\" content=\"Tre\u0107i sveti grad svih muslimana svijeta znatno ugro\u017een\" \/>\n<meta property=\"og:url\" content=\"https:\/\/sandzakpress.net\/arhiva\/sarajevo-mirna-setnja-za-kuds\/\" \/>\n<meta property=\"og:site_name\" content=\"Sand\u017eak PRESS\" \/>\n<meta property=\"article:published_time\" content=\"2014-06-07T13:19:17+00:00\" \/>\n<meta property=\"og:image\" content=\"https:\/\/sandzakpress.net\/arhiva\/wp-content\/uploads\/2014\/06\/346105db695a4e91238ac325bdb10ed6_XL.jpg\" \/>\n\t<meta property=\"og:image:width\" content=\"647\" \/>\n\t<meta property=\"og:image:height\" content=\"431\" \/>\n\t<meta property=\"og:image:type\" content=\"image\/jpeg\" \/>\n<meta name=\"author\" content=\"bosniak\" \/>\n<meta name=\"twitter:card\" content=\"summary_large_image\" \/>\n<meta name=\"twitter:label1\" content=\"Written by\" \/>\n\t<meta name=\"twitter:data1\" content=\"bosniak\" \/>\n\t<meta name=\"twitter:label2\" content=\"Est. reading time\" \/>\n\t<meta name=\"twitter:data2\" content=\"2 minute\" \/>\n<script type=\"application\/ld+json\" class=\"yoast-schema-graph\">{\"@context\":\"https:\/\/schema.org\",\"@graph\":[{\"@type\":\"Article\",\"@id\":\"https:\/\/sandzakpress.net\/arhiva\/sarajevo-mirna-setnja-za-kuds\/#article\",\"isPartOf\":{\"@id\":\"https:\/\/sandzakpress.net\/arhiva\/sarajevo-mirna-setnja-za-kuds\/\"},\"author\":{\"name\":\"bosniak\",\"@id\":\"https:\/\/sandzakpress.net\/arhiva\/#\/schema\/person\/c8baee722073534b583ea7bdb2e36c02\"},\"headline\":\"Sarajevo: Mirna \u0161etnja za Kuds\",\"datePublished\":\"2014-06-07T13:19:17+00:00\",\"mainEntityOfPage\":{\"@id\":\"https:\/\/sandzakpress.net\/arhiva\/sarajevo-mirna-setnja-za-kuds\/\"},\"wordCount\":305,\"commentCount\":4,\"publisher\":{\"@id\":\"https:\/\/sandzakpress.net\/arhiva\/#\/schema\/person\/6e72b67d6e51910a1117b3b483ba20bd\"},\"image\":{\"@id\":\"https:\/\/sandzakpress.net\/arhiva\/sarajevo-mirna-setnja-za-kuds\/#primaryimage\"},\"thumbnailUrl\":\"https:\/\/sandzakpress.net\/arhiva\/wp-content\/uploads\/2014\/06\/346105db695a4e91238ac325bdb10ed6_XL.jpg\",\"keywords\":[\"Palestina\"],\"articleSection\":[\"Svijet\",\"VIJESTI DANA\"],\"inLanguage\":\"bs-BA\",\"potentialAction\":[{\"@type\":\"CommentAction\",\"name\":\"Comment\",\"target\":[\"https:\/\/sandzakpress.net\/arhiva\/sarajevo-mirna-setnja-za-kuds\/#respond\"]}]},{\"@type\":\"WebPage\",\"@id\":\"https:\/\/sandzakpress.net\/arhiva\/sarajevo-mirna-setnja-za-kuds\/\",\"url\":\"https:\/\/sandzakpress.net\/arhiva\/sarajevo-mirna-setnja-za-kuds\/\",\"name\":\"Sarajevo: Mirna \u0161etnja za Kuds\",\"isPartOf\":{\"@id\":\"https:\/\/sandzakpress.net\/arhiva\/#website\"},\"primaryImageOfPage\":{\"@id\":\"https:\/\/sandzakpress.net\/arhiva\/sarajevo-mirna-setnja-za-kuds\/#primaryimage\"},\"image\":{\"@id\":\"https:\/\/sandzakpress.net\/arhiva\/sarajevo-mirna-setnja-za-kuds\/#primaryimage\"},\"thumbnailUrl\":\"https:\/\/sandzakpress.net\/arhiva\/wp-content\/uploads\/2014\/06\/346105db695a4e91238ac325bdb10ed6_XL.jpg\",\"datePublished\":\"2014-06-07T13:19:17+00:00\",\"breadcrumb\":{\"@id\":\"https:\/\/sandzakpress.net\/arhiva\/sarajevo-mirna-setnja-za-kuds\/#breadcrumb\"},\"inLanguage\":\"bs-BA\",\"potentialAction\":[{\"@type\":\"ReadAction\",\"target\":[\"https:\/\/sandzakpress.net\/arhiva\/sarajevo-mirna-setnja-za-kuds\/\"]}]},{\"@type\":\"ImageObject\",\"inLanguage\":\"bs-BA\",\"@id\":\"https:\/\/sandzakpress.net\/arhiva\/sarajevo-mirna-setnja-za-kuds\/#primaryimage\",\"url\":\"https:\/\/sandzakpress.net\/arhiva\/wp-content\/uploads\/2014\/06\/346105db695a4e91238ac325bdb10ed6_XL.jpg\",\"contentUrl\":\"https:\/\/sandzakpress.net\/arhiva\/wp-content\/uploads\/2014\/06\/346105db695a4e91238ac325bdb10ed6_XL.jpg\",\"width\":647,\"height\":431},{\"@type\":\"BreadcrumbList\",\"@id\":\"https:\/\/sandzakpress.net\/arhiva\/sarajevo-mirna-setnja-za-kuds\/#breadcrumb\",\"itemListElement\":[{\"@type\":\"ListItem\",\"position\":1,\"name\":\"Home\",\"item\":\"https:\/\/sandzakpress.net\/arhiva\/\"},{\"@type\":\"ListItem\",\"position\":2,\"name\":\"Sarajevo: Mirna \u0161etnja za Kuds\"}]},{\"@type\":\"WebSite\",\"@id\":\"https:\/\/sandzakpress.net\/arhiva\/#website\",\"url\":\"https:\/\/sandzakpress.net\/arhiva\/\",\"name\":\"Sand\u017eak PRESS\",\"description\":\"Prve elektronske novine u Sand\u017eaku\",\"publisher\":{\"@id\":\"https:\/\/sandzakpress.net\/arhiva\/#\/schema\/person\/6e72b67d6e51910a1117b3b483ba20bd\"},\"potentialAction\":[{\"@type\":\"SearchAction\",\"target\":{\"@type\":\"EntryPoint\",\"urlTemplate\":\"https:\/\/sandzakpress.net\/arhiva\/?s={search_term_string}\"},\"query-input\":{\"@type\":\"PropertyValueSpecification\",\"valueRequired\":true,\"valueName\":\"search_term_string\"}}],\"inLanguage\":\"bs-BA\"},{\"@type\":[\"Person\",\"Organization\"],\"@id\":\"https:\/\/sandzakpress.net\/arhiva\/#\/schema\/person\/6e72b67d6e51910a1117b3b483ba20bd\",\"name\":\"Kul\",\"image\":{\"@type\":\"ImageObject\",\"inLanguage\":\"bs-BA\",\"@id\":\"https:\/\/sandzakpress.net\/arhiva\/#\/schema\/person\/image\/\",\"url\":\"https:\/\/secure.gravatar.com\/avatar\/42263f39aa27ac04c43cab85c280eb2e?s=96&d=mm&r=pg\",\"contentUrl\":\"https:\/\/secure.gravatar.com\/avatar\/42263f39aa27ac04c43cab85c280eb2e?s=96&d=mm&r=pg\",\"caption\":\"Kul\"},\"logo\":{\"@id\":\"https:\/\/sandzakpress.net\/arhiva\/#\/schema\/person\/image\/\"}},{\"@type\":\"Person\",\"@id\":\"https:\/\/sandzakpress.net\/arhiva\/#\/schema\/person\/c8baee722073534b583ea7bdb2e36c02\",\"name\":\"bosniak\",\"image\":{\"@type\":\"ImageObject\",\"inLanguage\":\"bs-BA\",\"@id\":\"https:\/\/sandzakpress.net\/arhiva\/#\/schema\/person\/image\/\",\"url\":\"https:\/\/secure.gravatar.com\/avatar\/a04fd330bfe3a36a72a0ad4a6d89fca7?s=96&d=mm&r=pg\",\"contentUrl\":\"https:\/\/secure.gravatar.com\/avatar\/a04fd330bfe3a36a72a0ad4a6d89fca7?s=96&d=mm&r=pg\",\"caption\":\"bosniak\"},\"url\":\"https:\/\/sandzakpress.net\/arhiva\/author\/bosniak\/\"}]}<\/script>\n<!-- \/ Yoast SEO Premium plugin. -->","yoast_head_json":{"title":"Sarajevo: Mirna \u0161etnja za Kuds","robots":{"index":"index","follow":"follow","max-snippet":"max-snippet:-1","max-image-preview":"max-image-preview:large","max-video-preview":"max-video-preview:-1"},"canonical":"https:\/\/sandzakpress.net\/arhiva\/sarajevo-mirna-setnja-za-kuds\/","og_locale":"bs_BA","og_type":"article","og_title":"Sarajevo: Mirna \u0161etnja za Kuds","og_description":"Tre\u0107i sveti grad svih muslimana svijeta znatno ugro\u017een","og_url":"https:\/\/sandzakpress.net\/arhiva\/sarajevo-mirna-setnja-za-kuds\/","og_site_name":"Sand\u017eak PRESS","article_published_time":"2014-06-07T13:19:17+00:00","og_image":[{"width":647,"height":431,"url":"https:\/\/sandzakpress.net\/arhiva\/wp-content\/uploads\/2014\/06\/346105db695a4e91238ac325bdb10ed6_XL.jpg","type":"image\/jpeg"}],"author":"bosniak","twitter_card":"summary_large_image","twitter_misc":{"Written by":"bosniak","Est. reading time":"2 minute"},"schema":{"@context":"https:\/\/schema.org","@graph":[{"@type":"Article","@id":"https:\/\/sandzakpress.net\/arhiva\/sarajevo-mirna-setnja-za-kuds\/#article","isPartOf":{"@id":"https:\/\/sandzakpress.net\/arhiva\/sarajevo-mirna-setnja-za-kuds\/"},"author":{"name":"bosniak","@id":"https:\/\/sandzakpress.net\/arhiva\/#\/schema\/person\/c8baee722073534b583ea7bdb2e36c02"},"headline":"Sarajevo: Mirna \u0161etnja za Kuds","datePublished":"2014-06-07T13:19:17+00:00","mainEntityOfPage":{"@id":"https:\/\/sandzakpress.net\/arhiva\/sarajevo-mirna-setnja-za-kuds\/"},"wordCount":305,"commentCount":4,"publisher":{"@id":"https:\/\/sandzakpress.net\/arhiva\/#\/schema\/person\/6e72b67d6e51910a1117b3b483ba20bd"},"image":{"@id":"https:\/\/sandzakpress.net\/arhiva\/sarajevo-mirna-setnja-za-kuds\/#primaryimage"},"thumbnailUrl":"https:\/\/sandzakpress.net\/arhiva\/wp-content\/uploads\/2014\/06\/346105db695a4e91238ac325bdb10ed6_XL.jpg","keywords":["Palestina"],"articleSection":["Svijet","VIJESTI DANA"],"inLanguage":"bs-BA","potentialAction":[{"@type":"CommentAction","name":"Comment","target":["https:\/\/sandzakpress.net\/arhiva\/sarajevo-mirna-setnja-za-kuds\/#respond"]}]},{"@type":"WebPage","@id":"https:\/\/sandzakpress.net\/arhiva\/sarajevo-mirna-setnja-za-kuds\/","url":"https:\/\/sandzakpress.net\/arhiva\/sarajevo-mirna-setnja-za-kuds\/","name":"Sarajevo: Mirna \u0161etnja za Kuds","isPartOf":{"@id":"https:\/\/sandzakpress.net\/arhiva\/#website"},"primaryImageOfPage":{"@id":"https:\/\/sandzakpress.net\/arhiva\/sarajevo-mirna-setnja-za-kuds\/#primaryimage"},"image":{"@id":"https:\/\/sandzakpress.net\/arhiva\/sarajevo-mirna-setnja-za-kuds\/#primaryimage"},"thumbnailUrl":"https:\/\/sandzakpress.net\/arhiva\/wp-content\/uploads\/2014\/06\/346105db695a4e91238ac325bdb10ed6_XL.jpg","datePublished":"2014-06-07T13:19:17+00:00","breadcrumb":{"@id":"https:\/\/sandzakpress.net\/arhiva\/sarajevo-mirna-setnja-za-kuds\/#breadcrumb"},"inLanguage":"bs-BA","potentialAction":[{"@type":"ReadAction","target":["https:\/\/sandzakpress.net\/arhiva\/sarajevo-mirna-setnja-za-kuds\/"]}]},{"@type":"ImageObject","inLanguage":"bs-BA","@id":"https:\/\/sandzakpress.net\/arhiva\/sarajevo-mirna-setnja-za-kuds\/#primaryimage","url":"https:\/\/sandzakpress.net\/arhiva\/wp-content\/uploads\/2014\/06\/346105db695a4e91238ac325bdb10ed6_XL.jpg","contentUrl":"https:\/\/sandzakpress.net\/arhiva\/wp-content\/uploads\/2014\/06\/346105db695a4e91238ac325bdb10ed6_XL.jpg","width":647,"height":431},{"@type":"BreadcrumbList","@id":"https:\/\/sandzakpress.net\/arhiva\/sarajevo-mirna-setnja-za-kuds\/#breadcrumb","itemListElement":[{"@type":"ListItem","position":1,"name":"Home","item":"https:\/\/sandzakpress.net\/arhiva\/"},{"@type":"ListItem","position":2,"name":"Sarajevo: Mirna \u0161etnja za Kuds"}]},{"@type":"WebSite","@id":"https:\/\/sandzakpress.net\/arhiva\/#website","url":"https:\/\/sandzakpress.net\/arhiva\/","name":"Sand\u017eak PRESS","description":"Prve elektronske novine u Sand\u017eaku","publisher":{"@id":"https:\/\/sandzakpress.net\/arhiva\/#\/schema\/person\/6e72b67d6e51910a1117b3b483ba20bd"},"potentialAction":[{"@type":"SearchAction","target":{"@type":"EntryPoint","urlTemplate":"https:\/\/sandzakpress.net\/arhiva\/?s={search_term_string}"},"query-input":{"@type":"PropertyValueSpecification","valueRequired":true,"valueName":"search_term_string"}}],"inLanguage":"bs-BA"},{"@type":["Person","Organization"],"@id":"https:\/\/sandzakpress.net\/arhiva\/#\/schema\/person\/6e72b67d6e51910a1117b3b483ba20bd","name":"Kul","image":{"@type":"ImageObject","inLanguage":"bs-BA","@id":"https:\/\/sandzakpress.net\/arhiva\/#\/schema\/person\/image\/","url":"https:\/\/secure.gravatar.com\/avatar\/42263f39aa27ac04c43cab85c280eb2e?s=96&d=mm&r=pg","contentUrl":"https:\/\/secure.gravatar.com\/avatar\/42263f39aa27ac04c43cab85c280eb2e?s=96&d=mm&r=pg","caption":"Kul"},"logo":{"@id":"https:\/\/sandzakpress.net\/arhiva\/#\/schema\/person\/image\/"}},{"@type":"Person","@id":"https:\/\/sandzakpress.net\/arhiva\/#\/schema\/person\/c8baee722073534b583ea7bdb2e36c02","name":"bosniak","image":{"@type":"ImageObject","inLanguage":"bs-BA","@id":"https:\/\/sandzakpress.net\/arhiva\/#\/schema\/person\/image\/","url":"https:\/\/secure.gravatar.com\/avatar\/a04fd330bfe3a36a72a0ad4a6d89fca7?s=96&d=mm&r=pg","contentUrl":"https:\/\/secure.gravatar.com\/avatar\/a04fd330bfe3a36a72a0ad4a6d89fca7?s=96&d=mm&r=pg","caption":"bosniak"},"url":"https:\/\/sandzakpress.net\/arhiva\/author\/bosniak\/"}]}},"_links":{"self":[{"href":"https:\/\/sandzakpress.net\/arhiva\/wp-json\/wp\/v2\/posts\/107089"}],"collection":[{"href":"https:\/\/sandzakpress.net\/arhiva\/wp-json\/wp\/v2\/posts"}],"about":[{"href":"https:\/\/sandzakpress.net\/arhiva\/wp-json\/wp\/v2\/types\/post"}],"author":[{"embeddable":true,"href":"https:\/\/sandzakpress.net\/arhiva\/wp-json\/wp\/v2\/users\/83"}],"replies":[{"embeddable":true,"href":"https:\/\/sandzakpress.net\/arhiva\/wp-json\/wp\/v2\/comments?post=107089"}],"version-history":[{"count":0,"href":"https:\/\/sandzakpress.net\/arhiva\/wp-json\/wp\/v2\/posts\/107089\/revisions"}],"wp:featuredmedia":[{"embeddable":true,"href":"https:\/\/sandzakpress.net\/arhiva\/wp-json\/wp\/v2\/media\/107091"}],"wp:attachment":[{"href":"https:\/\/sandzakpress.net\/arhiva\/wp-json\/wp\/v2\/media?parent=107089"}],"wp:term":[{"taxonomy":"category","embeddable":true,"href":"https:\/\/sandzakpress.net\/arhiva\/wp-json\/wp\/v2\/categories?post=107089"},{"taxonomy":"post_tag","embeddable":true,"href":"https:\/\/sandzakpress.net\/arhiva\/wp-json\/wp\/v2\/tags?post=107089"}],"curies":[{"name":"wp","href":"https:\/\/api.w.org\/{rel}","templated":true}]}}