{"id":107012,"date":"2014-06-05T20:46:54","date_gmt":"2014-06-05T18:46:54","guid":{"rendered":"https:\/\/sandzakpress.net\/arhiva\/?p=107012"},"modified":"2014-06-05T20:46:54","modified_gmt":"2014-06-05T18:46:54","slug":"berane-rjesava-problem-sa-otpadom","status":"publish","type":"post","link":"https:\/\/sandzakpress.net\/arhiva\/berane-rjesava-problem-sa-otpadom\/","title":{"rendered":"Berane rje\u0161ava problem sa otpadom"},"content":{"rendered":"<p><img loading=\"lazy\" decoding=\"async\" class=\"aligncenter\" src=\"http:\/\/static.mondo.me\/Picture\/12120\/jpeg\/Berane111.jpg\" alt=\"Berane\" width=\"610\" height=\"343\" \/><\/p>\n<p><strong>Berane &#8211;\u00a0<span style=\"color: #343434;\">Iz beranske Op\u0161tine naveli su da \u0107e primjenom plana za upravljanje otpadom biti ispunjen njihov \u017eeljeni cilj \u2013 upravljanje otpadom na zakonom zasnovan na\u010din.<\/span><\/strong><br style=\"color: #343434;\" \/><br style=\"color: #343434;\" \/><span style=\"color: #343434;\">Koordinator za poslove upravljanja otpadom<\/span>\u00a0Rita Barjaktarovi\u0107<span style=\"color: #343434;\">\u00a0kazala je da je pitanje otpada prioritet za novo rukovodstvo op\u0161tine Berane, jer je, kako je navela, to goru\u0107i problem.\u00a0<\/span><br style=\"color: #343434;\" \/><br style=\"color: #343434;\" \/><span style=\"color: #343434;\">Ona je podsjetila da je jedna od prvih preduzetih aktivnosti bio rad na definisanju koncepta kojim \u0107e se upravljati otpadom u narednom periodu, a koji podrazumijeva definisanje privremenog odlagali\u0161ta \u010dvrstog komunalnog otpada u skladu sa \u010dlanom 78 Zakona o upravljanju otpadom.<\/span><br style=\"color: #343434;\" \/><br style=\"color: #343434;\" \/><span style=\"color: #343434;\">Zakon, kako je dodala, podrazujeva i uspostavljanje sistema selektivnog odlaganja otpada i recikla\u017eu, sanaciju odlagali\u0161ta na Vasovim vodama, kao i pronala\u017eenje trajnog rje\u0161enja kada je rije\u010d o integrisanom upravljanju otpadom za cio Sjever Crne Gore.<\/span><br style=\"color: #343434;\" \/><br style=\"color: #343434;\" \/><span style=\"color: #343434;\">\u201e<\/span>Kako bi sve prethodno navedene aktivnosti bile realizovane u skladu sa nacionalnim, ali i evropskim zakonodavstvom, tokom ove godine bi\u0107e izra\u0111en lokalni plan upravljanja otpadom, \u010dijom implementacijom \u0107emo do\u0107i do \u017eeljenog cilja \u2013 upravljanje otpadom na yakonom zasnovan na\u010din, a na zadovoljstvo svih gra\u0111ana Berana<span style=\"color: #343434;\">\u201c, kazala je Barjaktarovi\u0107.<\/span><br style=\"color: #343434;\" \/><br style=\"color: #343434;\" \/><span style=\"color: #343434;\">Prema njenim rije\u010dima, pitanje odlaganja otpada je vi\u0161egodi\u0161nji problem i toliko kompleksan da se nije mogao rije\u0161iti ni tokom posljednjih osam godina.\u00a0<\/span><br style=\"color: #343434;\" \/><br style=\"color: #343434;\" \/><span style=\"color: #343434;\">\u201e<\/span>Stoga je potrebno pru\u017eiti \u0161ansu novom timu, u koji su uklju\u010deni i ljudi sa zavidnim referencama, da rije\u0161e ovo pitanje. Jer, smatramo da \u0107e se svi dobronamjerni gra\u0111ani na\u0161e op\u0161tine, pa i \u0161ire, slo\u017eiti sa \u010dinjenicom da su dva mjeseca veoma malo da se bilo \u0161to konkretnije uradi, osim definisanja vizije u kom pravcu treba i\u0107i kada je u pitanju politika upravljanja otpadom na lokalnom nivou<span style=\"color: #343434;\">\u201c, smatra Barjaktarovi\u0107.\u00a0<\/span><br style=\"color: #343434;\" \/><br style=\"color: #343434;\" \/><span style=\"color: #343434;\">Ona je navela da je grad \u010distiji nego prije tri mjeseca i da u periodu dok se ne odredi lokacija za privremeno odlaganje \u010dvrstog komunalnog otpada, njega Komunalno preduze\u0107e, uz finansijsku podr\u0161ku Op\u0161tine Berane, odvozi i odla\u017ee na Zakonom predvi\u0111en na\u010din.<\/span><br style=\"color: #343434;\" \/><br style=\"color: #343434;\" \/><span style=\"color: #343434;\">Barjaktarovi\u0107 smatra da \u0107e Berane, kao Op\u0161tina dr\u017eave kandidata za \u010dlanstvo u Evropskoj uniji, imati pravo na podr\u0161ku Vlade Crne Gore, i svih relevantnih ministarstava prilikom uspostavljanja navedenog koncepta.<\/span><br style=\"color: #343434;\" \/><br style=\"color: #343434;\" \/><span style=\"color: #343434;\">\u201e<\/span>Za novo rukovodstvo Op\u0161tine i tim koji radi na ovim poslovima, ovo je \u017eivotno pitanje, pitanje koje se ti\u010de svih gra\u0111ana Berana Iz tog razloga ne \u017eelimo da ga rje\u0161avamo kroz politi\u010dku prizmu, ve\u0107 to prepu\u0161tamo onima koji na takav na\u010din posmatraju ovaj problem<span style=\"color: #343434;\">\u201c, poru\u010dila je Barjaktarovi\u0107.<\/span><\/p>\n<p>(mondo)<\/p>\n","protected":false},"excerpt":{"rendered":"<p>Berane &#8211;\u00a0Iz beranske Op\u0161tine naveli su da \u0107e primjenom plana za upravljanje otpadom biti ispunjen njihov \u017eeljeni cilj \u2013 upravljanje otpadom na zakonom zasnovan na\u010din.Koordinator za poslove upravljanja otpadom\u00a0Rita Barjaktarovi\u0107\u00a0kazala je da je pitanje otpada prioritet za novo rukovodstvo op\u0161tine Berane, jer je, kako je navela, to goru\u0107i problem.\u00a0Ona je podsjetila da je jedna od [&hellip;]<\/p>\n","protected":false},"author":83,"featured_media":107013,"comment_status":"open","ping_status":"open","sticky":false,"template":"","format":"standard","meta":{"footnotes":""},"categories":[397,3],"tags":[],"class_list":{"0":"post-107012","1":"post","2":"type-post","3":"status-publish","4":"format-standard","5":"has-post-thumbnail","7":"category-berane","8":"category-privreda"},"yoast_head":"<!-- This site is optimized with the Yoast SEO Premium plugin v23.1 (Yoast SEO v24.9) - https:\/\/yoast.com\/wordpress\/plugins\/seo\/ -->\n<title>Berane rje\u0161ava problem sa otpadom<\/title>\n<meta name=\"robots\" content=\"index, follow, max-snippet:-1, max-image-preview:large, max-video-preview:-1\" \/>\n<link rel=\"canonical\" href=\"https:\/\/sandzakpress.net\/arhiva\/berane-rjesava-problem-sa-otpadom\/\" \/>\n<meta property=\"og:locale\" content=\"bs_BA\" \/>\n<meta property=\"og:type\" content=\"article\" \/>\n<meta property=\"og:title\" content=\"Berane rje\u0161ava problem sa otpadom\" \/>\n<meta property=\"og:description\" content=\"Berane &#8211;\u00a0Iz beranske Op\u0161tine naveli su da \u0107e primjenom plana za upravljanje otpadom biti ispunjen njihov \u017eeljeni cilj \u2013 upravljanje otpadom na zakonom zasnovan na\u010din.Koordinator za poslove upravljanja otpadom\u00a0Rita Barjaktarovi\u0107\u00a0kazala je da je pitanje otpada prioritet za novo rukovodstvo op\u0161tine Berane, jer je, kako je navela, to goru\u0107i problem.\u00a0Ona je podsjetila da je jedna od [&hellip;]\" \/>\n<meta property=\"og:url\" content=\"https:\/\/sandzakpress.net\/arhiva\/berane-rjesava-problem-sa-otpadom\/\" \/>\n<meta property=\"og:site_name\" content=\"Sand\u017eak PRESS\" \/>\n<meta property=\"article:published_time\" content=\"2014-06-05T18:46:54+00:00\" \/>\n<meta property=\"og:image\" content=\"https:\/\/sandzakpress.net\/arhiva\/wp-content\/uploads\/2014\/06\/Berane111.jpg\" \/>\n\t<meta property=\"og:image:width\" content=\"610\" \/>\n\t<meta property=\"og:image:height\" content=\"343\" \/>\n\t<meta property=\"og:image:type\" content=\"image\/jpeg\" \/>\n<meta name=\"author\" content=\"bosniak\" \/>\n<meta name=\"twitter:card\" content=\"summary_large_image\" \/>\n<meta name=\"twitter:label1\" content=\"Written by\" \/>\n\t<meta name=\"twitter:data1\" content=\"bosniak\" \/>\n\t<meta name=\"twitter:label2\" content=\"Est. reading time\" \/>\n\t<meta name=\"twitter:data2\" content=\"2 minute\" \/>\n<script type=\"application\/ld+json\" class=\"yoast-schema-graph\">{\"@context\":\"https:\/\/schema.org\",\"@graph\":[{\"@type\":\"Article\",\"@id\":\"https:\/\/sandzakpress.net\/arhiva\/berane-rjesava-problem-sa-otpadom\/#article\",\"isPartOf\":{\"@id\":\"https:\/\/sandzakpress.net\/arhiva\/berane-rjesava-problem-sa-otpadom\/\"},\"author\":{\"name\":\"bosniak\",\"@id\":\"https:\/\/sandzakpress.net\/arhiva\/#\/schema\/person\/c8baee722073534b583ea7bdb2e36c02\"},\"headline\":\"Berane rje\u0161ava problem sa otpadom\",\"datePublished\":\"2014-06-05T18:46:54+00:00\",\"mainEntityOfPage\":{\"@id\":\"https:\/\/sandzakpress.net\/arhiva\/berane-rjesava-problem-sa-otpadom\/\"},\"wordCount\":431,\"commentCount\":0,\"publisher\":{\"@id\":\"https:\/\/sandzakpress.net\/arhiva\/#\/schema\/person\/6e72b67d6e51910a1117b3b483ba20bd\"},\"image\":{\"@id\":\"https:\/\/sandzakpress.net\/arhiva\/berane-rjesava-problem-sa-otpadom\/#primaryimage\"},\"thumbnailUrl\":\"https:\/\/sandzakpress.net\/arhiva\/wp-content\/uploads\/2014\/06\/Berane111.jpg\",\"articleSection\":[\"Berane\",\"Privreda\"],\"inLanguage\":\"bs-BA\",\"potentialAction\":[{\"@type\":\"CommentAction\",\"name\":\"Comment\",\"target\":[\"https:\/\/sandzakpress.net\/arhiva\/berane-rjesava-problem-sa-otpadom\/#respond\"]}]},{\"@type\":\"WebPage\",\"@id\":\"https:\/\/sandzakpress.net\/arhiva\/berane-rjesava-problem-sa-otpadom\/\",\"url\":\"https:\/\/sandzakpress.net\/arhiva\/berane-rjesava-problem-sa-otpadom\/\",\"name\":\"Berane rje\u0161ava problem sa otpadom\",\"isPartOf\":{\"@id\":\"https:\/\/sandzakpress.net\/arhiva\/#website\"},\"primaryImageOfPage\":{\"@id\":\"https:\/\/sandzakpress.net\/arhiva\/berane-rjesava-problem-sa-otpadom\/#primaryimage\"},\"image\":{\"@id\":\"https:\/\/sandzakpress.net\/arhiva\/berane-rjesava-problem-sa-otpadom\/#primaryimage\"},\"thumbnailUrl\":\"https:\/\/sandzakpress.net\/arhiva\/wp-content\/uploads\/2014\/06\/Berane111.jpg\",\"datePublished\":\"2014-06-05T18:46:54+00:00\",\"breadcrumb\":{\"@id\":\"https:\/\/sandzakpress.net\/arhiva\/berane-rjesava-problem-sa-otpadom\/#breadcrumb\"},\"inLanguage\":\"bs-BA\",\"potentialAction\":[{\"@type\":\"ReadAction\",\"target\":[\"https:\/\/sandzakpress.net\/arhiva\/berane-rjesava-problem-sa-otpadom\/\"]}]},{\"@type\":\"ImageObject\",\"inLanguage\":\"bs-BA\",\"@id\":\"https:\/\/sandzakpress.net\/arhiva\/berane-rjesava-problem-sa-otpadom\/#primaryimage\",\"url\":\"https:\/\/sandzakpress.net\/arhiva\/wp-content\/uploads\/2014\/06\/Berane111.jpg\",\"contentUrl\":\"https:\/\/sandzakpress.net\/arhiva\/wp-content\/uploads\/2014\/06\/Berane111.jpg\",\"width\":610,\"height\":343},{\"@type\":\"BreadcrumbList\",\"@id\":\"https:\/\/sandzakpress.net\/arhiva\/berane-rjesava-problem-sa-otpadom\/#breadcrumb\",\"itemListElement\":[{\"@type\":\"ListItem\",\"position\":1,\"name\":\"Home\",\"item\":\"https:\/\/sandzakpress.net\/arhiva\/\"},{\"@type\":\"ListItem\",\"position\":2,\"name\":\"Berane rje\u0161ava problem sa otpadom\"}]},{\"@type\":\"WebSite\",\"@id\":\"https:\/\/sandzakpress.net\/arhiva\/#website\",\"url\":\"https:\/\/sandzakpress.net\/arhiva\/\",\"name\":\"Sand\u017eak PRESS\",\"description\":\"Prve elektronske novine u Sand\u017eaku\",\"publisher\":{\"@id\":\"https:\/\/sandzakpress.net\/arhiva\/#\/schema\/person\/6e72b67d6e51910a1117b3b483ba20bd\"},\"potentialAction\":[{\"@type\":\"SearchAction\",\"target\":{\"@type\":\"EntryPoint\",\"urlTemplate\":\"https:\/\/sandzakpress.net\/arhiva\/?s={search_term_string}\"},\"query-input\":{\"@type\":\"PropertyValueSpecification\",\"valueRequired\":true,\"valueName\":\"search_term_string\"}}],\"inLanguage\":\"bs-BA\"},{\"@type\":[\"Person\",\"Organization\"],\"@id\":\"https:\/\/sandzakpress.net\/arhiva\/#\/schema\/person\/6e72b67d6e51910a1117b3b483ba20bd\",\"name\":\"Kul\",\"image\":{\"@type\":\"ImageObject\",\"inLanguage\":\"bs-BA\",\"@id\":\"https:\/\/sandzakpress.net\/arhiva\/#\/schema\/person\/image\/\",\"url\":\"https:\/\/secure.gravatar.com\/avatar\/42263f39aa27ac04c43cab85c280eb2e?s=96&d=mm&r=pg\",\"contentUrl\":\"https:\/\/secure.gravatar.com\/avatar\/42263f39aa27ac04c43cab85c280eb2e?s=96&d=mm&r=pg\",\"caption\":\"Kul\"},\"logo\":{\"@id\":\"https:\/\/sandzakpress.net\/arhiva\/#\/schema\/person\/image\/\"}},{\"@type\":\"Person\",\"@id\":\"https:\/\/sandzakpress.net\/arhiva\/#\/schema\/person\/c8baee722073534b583ea7bdb2e36c02\",\"name\":\"bosniak\",\"image\":{\"@type\":\"ImageObject\",\"inLanguage\":\"bs-BA\",\"@id\":\"https:\/\/sandzakpress.net\/arhiva\/#\/schema\/person\/image\/\",\"url\":\"https:\/\/secure.gravatar.com\/avatar\/a04fd330bfe3a36a72a0ad4a6d89fca7?s=96&d=mm&r=pg\",\"contentUrl\":\"https:\/\/secure.gravatar.com\/avatar\/a04fd330bfe3a36a72a0ad4a6d89fca7?s=96&d=mm&r=pg\",\"caption\":\"bosniak\"},\"url\":\"https:\/\/sandzakpress.net\/arhiva\/author\/bosniak\/\"}]}<\/script>\n<!-- \/ Yoast SEO Premium plugin. -->","yoast_head_json":{"title":"Berane rje\u0161ava problem sa otpadom","robots":{"index":"index","follow":"follow","max-snippet":"max-snippet:-1","max-image-preview":"max-image-preview:large","max-video-preview":"max-video-preview:-1"},"canonical":"https:\/\/sandzakpress.net\/arhiva\/berane-rjesava-problem-sa-otpadom\/","og_locale":"bs_BA","og_type":"article","og_title":"Berane rje\u0161ava problem sa otpadom","og_description":"Berane &#8211;\u00a0Iz beranske Op\u0161tine naveli su da \u0107e primjenom plana za upravljanje otpadom biti ispunjen njihov \u017eeljeni cilj \u2013 upravljanje otpadom na zakonom zasnovan na\u010din.Koordinator za poslove upravljanja otpadom\u00a0Rita Barjaktarovi\u0107\u00a0kazala je da je pitanje otpada prioritet za novo rukovodstvo op\u0161tine Berane, jer je, kako je navela, to goru\u0107i problem.\u00a0Ona je podsjetila da je jedna od [&hellip;]","og_url":"https:\/\/sandzakpress.net\/arhiva\/berane-rjesava-problem-sa-otpadom\/","og_site_name":"Sand\u017eak PRESS","article_published_time":"2014-06-05T18:46:54+00:00","og_image":[{"width":610,"height":343,"url":"https:\/\/sandzakpress.net\/arhiva\/wp-content\/uploads\/2014\/06\/Berane111.jpg","type":"image\/jpeg"}],"author":"bosniak","twitter_card":"summary_large_image","twitter_misc":{"Written by":"bosniak","Est. reading time":"2 minute"},"schema":{"@context":"https:\/\/schema.org","@graph":[{"@type":"Article","@id":"https:\/\/sandzakpress.net\/arhiva\/berane-rjesava-problem-sa-otpadom\/#article","isPartOf":{"@id":"https:\/\/sandzakpress.net\/arhiva\/berane-rjesava-problem-sa-otpadom\/"},"author":{"name":"bosniak","@id":"https:\/\/sandzakpress.net\/arhiva\/#\/schema\/person\/c8baee722073534b583ea7bdb2e36c02"},"headline":"Berane rje\u0161ava problem sa otpadom","datePublished":"2014-06-05T18:46:54+00:00","mainEntityOfPage":{"@id":"https:\/\/sandzakpress.net\/arhiva\/berane-rjesava-problem-sa-otpadom\/"},"wordCount":431,"commentCount":0,"publisher":{"@id":"https:\/\/sandzakpress.net\/arhiva\/#\/schema\/person\/6e72b67d6e51910a1117b3b483ba20bd"},"image":{"@id":"https:\/\/sandzakpress.net\/arhiva\/berane-rjesava-problem-sa-otpadom\/#primaryimage"},"thumbnailUrl":"https:\/\/sandzakpress.net\/arhiva\/wp-content\/uploads\/2014\/06\/Berane111.jpg","articleSection":["Berane","Privreda"],"inLanguage":"bs-BA","potentialAction":[{"@type":"CommentAction","name":"Comment","target":["https:\/\/sandzakpress.net\/arhiva\/berane-rjesava-problem-sa-otpadom\/#respond"]}]},{"@type":"WebPage","@id":"https:\/\/sandzakpress.net\/arhiva\/berane-rjesava-problem-sa-otpadom\/","url":"https:\/\/sandzakpress.net\/arhiva\/berane-rjesava-problem-sa-otpadom\/","name":"Berane rje\u0161ava problem sa otpadom","isPartOf":{"@id":"https:\/\/sandzakpress.net\/arhiva\/#website"},"primaryImageOfPage":{"@id":"https:\/\/sandzakpress.net\/arhiva\/berane-rjesava-problem-sa-otpadom\/#primaryimage"},"image":{"@id":"https:\/\/sandzakpress.net\/arhiva\/berane-rjesava-problem-sa-otpadom\/#primaryimage"},"thumbnailUrl":"https:\/\/sandzakpress.net\/arhiva\/wp-content\/uploads\/2014\/06\/Berane111.jpg","datePublished":"2014-06-05T18:46:54+00:00","breadcrumb":{"@id":"https:\/\/sandzakpress.net\/arhiva\/berane-rjesava-problem-sa-otpadom\/#breadcrumb"},"inLanguage":"bs-BA","potentialAction":[{"@type":"ReadAction","target":["https:\/\/sandzakpress.net\/arhiva\/berane-rjesava-problem-sa-otpadom\/"]}]},{"@type":"ImageObject","inLanguage":"bs-BA","@id":"https:\/\/sandzakpress.net\/arhiva\/berane-rjesava-problem-sa-otpadom\/#primaryimage","url":"https:\/\/sandzakpress.net\/arhiva\/wp-content\/uploads\/2014\/06\/Berane111.jpg","contentUrl":"https:\/\/sandzakpress.net\/arhiva\/wp-content\/uploads\/2014\/06\/Berane111.jpg","width":610,"height":343},{"@type":"BreadcrumbList","@id":"https:\/\/sandzakpress.net\/arhiva\/berane-rjesava-problem-sa-otpadom\/#breadcrumb","itemListElement":[{"@type":"ListItem","position":1,"name":"Home","item":"https:\/\/sandzakpress.net\/arhiva\/"},{"@type":"ListItem","position":2,"name":"Berane rje\u0161ava problem sa otpadom"}]},{"@type":"WebSite","@id":"https:\/\/sandzakpress.net\/arhiva\/#website","url":"https:\/\/sandzakpress.net\/arhiva\/","name":"Sand\u017eak PRESS","description":"Prve elektronske novine u Sand\u017eaku","publisher":{"@id":"https:\/\/sandzakpress.net\/arhiva\/#\/schema\/person\/6e72b67d6e51910a1117b3b483ba20bd"},"potentialAction":[{"@type":"SearchAction","target":{"@type":"EntryPoint","urlTemplate":"https:\/\/sandzakpress.net\/arhiva\/?s={search_term_string}"},"query-input":{"@type":"PropertyValueSpecification","valueRequired":true,"valueName":"search_term_string"}}],"inLanguage":"bs-BA"},{"@type":["Person","Organization"],"@id":"https:\/\/sandzakpress.net\/arhiva\/#\/schema\/person\/6e72b67d6e51910a1117b3b483ba20bd","name":"Kul","image":{"@type":"ImageObject","inLanguage":"bs-BA","@id":"https:\/\/sandzakpress.net\/arhiva\/#\/schema\/person\/image\/","url":"https:\/\/secure.gravatar.com\/avatar\/42263f39aa27ac04c43cab85c280eb2e?s=96&d=mm&r=pg","contentUrl":"https:\/\/secure.gravatar.com\/avatar\/42263f39aa27ac04c43cab85c280eb2e?s=96&d=mm&r=pg","caption":"Kul"},"logo":{"@id":"https:\/\/sandzakpress.net\/arhiva\/#\/schema\/person\/image\/"}},{"@type":"Person","@id":"https:\/\/sandzakpress.net\/arhiva\/#\/schema\/person\/c8baee722073534b583ea7bdb2e36c02","name":"bosniak","image":{"@type":"ImageObject","inLanguage":"bs-BA","@id":"https:\/\/sandzakpress.net\/arhiva\/#\/schema\/person\/image\/","url":"https:\/\/secure.gravatar.com\/avatar\/a04fd330bfe3a36a72a0ad4a6d89fca7?s=96&d=mm&r=pg","contentUrl":"https:\/\/secure.gravatar.com\/avatar\/a04fd330bfe3a36a72a0ad4a6d89fca7?s=96&d=mm&r=pg","caption":"bosniak"},"url":"https:\/\/sandzakpress.net\/arhiva\/author\/bosniak\/"}]}},"_links":{"self":[{"href":"https:\/\/sandzakpress.net\/arhiva\/wp-json\/wp\/v2\/posts\/107012"}],"collection":[{"href":"https:\/\/sandzakpress.net\/arhiva\/wp-json\/wp\/v2\/posts"}],"about":[{"href":"https:\/\/sandzakpress.net\/arhiva\/wp-json\/wp\/v2\/types\/post"}],"author":[{"embeddable":true,"href":"https:\/\/sandzakpress.net\/arhiva\/wp-json\/wp\/v2\/users\/83"}],"replies":[{"embeddable":true,"href":"https:\/\/sandzakpress.net\/arhiva\/wp-json\/wp\/v2\/comments?post=107012"}],"version-history":[{"count":0,"href":"https:\/\/sandzakpress.net\/arhiva\/wp-json\/wp\/v2\/posts\/107012\/revisions"}],"wp:featuredmedia":[{"embeddable":true,"href":"https:\/\/sandzakpress.net\/arhiva\/wp-json\/wp\/v2\/media\/107013"}],"wp:attachment":[{"href":"https:\/\/sandzakpress.net\/arhiva\/wp-json\/wp\/v2\/media?parent=107012"}],"wp:term":[{"taxonomy":"category","embeddable":true,"href":"https:\/\/sandzakpress.net\/arhiva\/wp-json\/wp\/v2\/categories?post=107012"},{"taxonomy":"post_tag","embeddable":true,"href":"https:\/\/sandzakpress.net\/arhiva\/wp-json\/wp\/v2\/tags?post=107012"}],"curies":[{"name":"wp","href":"https:\/\/api.w.org\/{rel}","templated":true}]}}