{"id":106985,"date":"2014-06-05T15:01:35","date_gmt":"2014-06-05T13:01:35","guid":{"rendered":"https:\/\/sandzakpress.net\/arhiva\/?p=106985"},"modified":"2014-06-05T15:01:35","modified_gmt":"2014-06-05T13:01:35","slug":"apel-bkz-kosova-pred-predstojece-parlamentarne-izbore","status":"publish","type":"post","link":"https:\/\/sandzakpress.net\/arhiva\/apel-bkz-kosova-pred-predstojece-parlamentarne-izbore\/","title":{"rendered":"Apel BKZ Kosova pred predstoje\u0107e parlamentarne izbore"},"content":{"rendered":"<p style=\"color: #222222;\"><img decoding=\"async\" src=\"https:\/\/sandzakpress.net\/arhiva\/wp-content\/uploads\/2012\/10\/aLogo-BOSNJACKA-KULTURNA-ZAJEDNICA-Kosovo.jpg\" alt=\"\" \/><\/p>\n<p style=\"color: #222222;\">Dragi bo\u0161njaci i bo\u0161njakinje<\/p>\n<p style=\"color: #222222;\">Zavr\u0161ava predizborna kampanja Parlamentarnih izbora na Kosovu, i nalazimo se pred samu PREDIZBORNU \u0160UTNJU kada \u0107ete barem jo\u0161 jednom promisliti o svemu te definitivno se opredijelit za neku od politi\u010dkih opcija i pojedinih kandidata sa tih izbornih listi.<\/p>\n<p style=\"color: #222222;\">Bo\u0161nja\u010dka javnost je i na ovim izborima bila prebukirana raznim pritiscima.<\/p>\n<p style=\"color: #222222;\">Kandidati politi\u010dki subjekti iz ve\u0107inske zajednice na Kosovu su vrbovali bo\u0161nja\u010dko glasa\u010dko tijelo mame\u0107i im preusmjeravanje glasova za njih i njihove politi\u010dke subjekte uz izgovor da su bo\u0161nja\u010dka poslani\u010dka mjesta zagarantirana i samim time sigurna. To je ta\u010dno, ali je tako\u0111er i veoma bitno to tko \u0107e vas sa tih istih listi predstavljati na dr\u017eavnoj razini!<\/p>\n<p style=\"color: #222222;\">Ja\u010da i opasnija, te dugoro\u010dno \u0161tetnija propaganda Bo\u0161njacima na Kosovu dolazi od strane slu\u017ebi srpsko-crnogorskih re\u017eima, a posredstvom op\u0107epoznatih poslu\u0161nika iz zemlje i inozemstva. Oni su u proteklom periodu svim raspolo\u017eivim sredstvima te dano-no\u0107no anatemisali istinske bo\u0161nja\u010dke patriote, bo\u0161nja\u0161tvo i vjeru bo\u0161njaka progla\u0161avali nazadnom i \u0161tetnom, a nerijetko beskrupulozno vrije\u0111ali posljednjeg bo\u017eijeg poslanika te \u010destiti Kur\u2019an.<\/p>\n<p style=\"color: #222222;\">Bo\u0161njaci i bo\u0161njakinje, bra\u0107o i sestre, u svoje osobno ime i ime Bo\u0161nja\u010dke Kulturne Zajednice na Kosovu apeliram da svi masovno izi\u0111ete na izbore i iskoristite svoje pravo na izbor pravih i \u010destitih zastupnika va\u0161ih interesa, svjesni da tako za \u010detverogodi\u0161nji period povjeravate svoju i sudbinu svojih najdra\u017eih te cijelog bo\u0161nja\u010dkog naroda u rukama po\u0161tenih, svjesnih i sposobnih predstavnika na\u0161eg naroda na Kosovu.<\/p>\n<p style=\"color: #222222;\">Sretno, i in \u0161aa Allah, neka to bude ona politi\u010dka opcija i kandidati kojih se ne\u0107ete nikada stidjeti zbog njihovog rada!<\/p>\n<p style=\"color: #222222;\">\n<p style=\"color: #222222;\">\n<p style=\"color: #222222;\">\n<p style=\"color: #222222;\" align=\"right\">Sahit Kandi\u0107, predsjednik<br \/>\nBo\u0161nja\u010dke kulturne zajednice na Kosovu<\/p>\n","protected":false},"excerpt":{"rendered":"<p>Dragi bo\u0161njaci i bo\u0161njakinje Zavr\u0161ava predizborna kampanja Parlamentarnih izbora na Kosovu, i nalazimo se pred samu PREDIZBORNU \u0160UTNJU kada \u0107ete barem jo\u0161 jednom promisliti o svemu te definitivno se opredijelit za neku od politi\u010dkih opcija i pojedinih kandidata sa tih izbornih listi. Bo\u0161nja\u010dka javnost je i na ovim izborima bila prebukirana raznim pritiscima. Kandidati politi\u010dki [&hellip;]<\/p>\n","protected":false},"author":83,"featured_media":53644,"comment_status":"open","ping_status":"open","sticky":false,"template":"","format":"standard","meta":{"footnotes":""},"categories":[800,2690,8957],"tags":[10240],"class_list":{"0":"post-106985","1":"post","2":"type-post","3":"status-publish","4":"format-standard","5":"has-post-thumbnail","7":"category-nacija","8":"category-kosovo-gradovi","9":"category-vijesti-dana","10":"tag-bkz"},"yoast_head":"<!-- This site is optimized with the Yoast SEO Premium plugin v23.1 (Yoast SEO v24.9) - https:\/\/yoast.com\/wordpress\/plugins\/seo\/ -->\n<title>Apel BKZ Kosova pred predstoje\u0107e parlamentarne izbore<\/title>\n<meta name=\"robots\" content=\"index, follow, max-snippet:-1, max-image-preview:large, max-video-preview:-1\" \/>\n<link rel=\"canonical\" href=\"https:\/\/sandzakpress.net\/arhiva\/apel-bkz-kosova-pred-predstojece-parlamentarne-izbore\/\" \/>\n<meta property=\"og:locale\" content=\"bs_BA\" \/>\n<meta property=\"og:type\" content=\"article\" \/>\n<meta property=\"og:title\" content=\"Apel BKZ Kosova pred predstoje\u0107e parlamentarne izbore\" \/>\n<meta property=\"og:description\" content=\"Dragi bo\u0161njaci i bo\u0161njakinje Zavr\u0161ava predizborna kampanja Parlamentarnih izbora na Kosovu, i nalazimo se pred samu PREDIZBORNU \u0160UTNJU kada \u0107ete barem jo\u0161 jednom promisliti o svemu te definitivno se opredijelit za neku od politi\u010dkih opcija i pojedinih kandidata sa tih izbornih listi. Bo\u0161nja\u010dka javnost je i na ovim izborima bila prebukirana raznim pritiscima. Kandidati politi\u010dki [&hellip;]\" \/>\n<meta property=\"og:url\" content=\"https:\/\/sandzakpress.net\/arhiva\/apel-bkz-kosova-pred-predstojece-parlamentarne-izbore\/\" \/>\n<meta property=\"og:site_name\" content=\"Sand\u017eak PRESS\" \/>\n<meta property=\"article:published_time\" content=\"2014-06-05T13:01:35+00:00\" \/>\n<meta property=\"og:image\" content=\"https:\/\/sandzakpress.net\/arhiva\/wp-content\/uploads\/2012\/10\/aLogo-BOSNJACKA-KULTURNA-ZAJEDNICA-Kosovo.jpg\" \/>\n\t<meta property=\"og:image:width\" content=\"616\" \/>\n\t<meta property=\"og:image:height\" content=\"347\" \/>\n\t<meta property=\"og:image:type\" content=\"image\/jpeg\" \/>\n<meta name=\"author\" content=\"bosniak\" \/>\n<meta name=\"twitter:card\" content=\"summary_large_image\" \/>\n<meta name=\"twitter:label1\" content=\"Written by\" \/>\n\t<meta name=\"twitter:data1\" content=\"bosniak\" \/>\n\t<meta name=\"twitter:label2\" content=\"Est. reading time\" \/>\n\t<meta name=\"twitter:data2\" content=\"2 minute\" \/>\n<script type=\"application\/ld+json\" class=\"yoast-schema-graph\">{\"@context\":\"https:\/\/schema.org\",\"@graph\":[{\"@type\":\"Article\",\"@id\":\"https:\/\/sandzakpress.net\/arhiva\/apel-bkz-kosova-pred-predstojece-parlamentarne-izbore\/#article\",\"isPartOf\":{\"@id\":\"https:\/\/sandzakpress.net\/arhiva\/apel-bkz-kosova-pred-predstojece-parlamentarne-izbore\/\"},\"author\":{\"name\":\"bosniak\",\"@id\":\"https:\/\/sandzakpress.net\/arhiva\/#\/schema\/person\/c8baee722073534b583ea7bdb2e36c02\"},\"headline\":\"Apel BKZ Kosova pred predstoje\u0107e parlamentarne izbore\",\"datePublished\":\"2014-06-05T13:01:35+00:00\",\"mainEntityOfPage\":{\"@id\":\"https:\/\/sandzakpress.net\/arhiva\/apel-bkz-kosova-pred-predstojece-parlamentarne-izbore\/\"},\"wordCount\":319,\"commentCount\":0,\"publisher\":{\"@id\":\"https:\/\/sandzakpress.net\/arhiva\/#\/schema\/person\/6e72b67d6e51910a1117b3b483ba20bd\"},\"image\":{\"@id\":\"https:\/\/sandzakpress.net\/arhiva\/apel-bkz-kosova-pred-predstojece-parlamentarne-izbore\/#primaryimage\"},\"thumbnailUrl\":\"https:\/\/sandzakpress.net\/arhiva\/wp-content\/uploads\/2012\/10\/aLogo-BOSNJACKA-KULTURNA-ZAJEDNICA-Kosovo.jpg\",\"keywords\":[\"BKZ\"],\"articleSection\":[\"Nacija\",\"Kosovo\",\"VIJESTI DANA\"],\"inLanguage\":\"bs-BA\",\"potentialAction\":[{\"@type\":\"CommentAction\",\"name\":\"Comment\",\"target\":[\"https:\/\/sandzakpress.net\/arhiva\/apel-bkz-kosova-pred-predstojece-parlamentarne-izbore\/#respond\"]}]},{\"@type\":\"WebPage\",\"@id\":\"https:\/\/sandzakpress.net\/arhiva\/apel-bkz-kosova-pred-predstojece-parlamentarne-izbore\/\",\"url\":\"https:\/\/sandzakpress.net\/arhiva\/apel-bkz-kosova-pred-predstojece-parlamentarne-izbore\/\",\"name\":\"Apel BKZ Kosova pred predstoje\u0107e parlamentarne izbore\",\"isPartOf\":{\"@id\":\"https:\/\/sandzakpress.net\/arhiva\/#website\"},\"primaryImageOfPage\":{\"@id\":\"https:\/\/sandzakpress.net\/arhiva\/apel-bkz-kosova-pred-predstojece-parlamentarne-izbore\/#primaryimage\"},\"image\":{\"@id\":\"https:\/\/sandzakpress.net\/arhiva\/apel-bkz-kosova-pred-predstojece-parlamentarne-izbore\/#primaryimage\"},\"thumbnailUrl\":\"https:\/\/sandzakpress.net\/arhiva\/wp-content\/uploads\/2012\/10\/aLogo-BOSNJACKA-KULTURNA-ZAJEDNICA-Kosovo.jpg\",\"datePublished\":\"2014-06-05T13:01:35+00:00\",\"breadcrumb\":{\"@id\":\"https:\/\/sandzakpress.net\/arhiva\/apel-bkz-kosova-pred-predstojece-parlamentarne-izbore\/#breadcrumb\"},\"inLanguage\":\"bs-BA\",\"potentialAction\":[{\"@type\":\"ReadAction\",\"target\":[\"https:\/\/sandzakpress.net\/arhiva\/apel-bkz-kosova-pred-predstojece-parlamentarne-izbore\/\"]}]},{\"@type\":\"ImageObject\",\"inLanguage\":\"bs-BA\",\"@id\":\"https:\/\/sandzakpress.net\/arhiva\/apel-bkz-kosova-pred-predstojece-parlamentarne-izbore\/#primaryimage\",\"url\":\"https:\/\/sandzakpress.net\/arhiva\/wp-content\/uploads\/2012\/10\/aLogo-BOSNJACKA-KULTURNA-ZAJEDNICA-Kosovo.jpg\",\"contentUrl\":\"https:\/\/sandzakpress.net\/arhiva\/wp-content\/uploads\/2012\/10\/aLogo-BOSNJACKA-KULTURNA-ZAJEDNICA-Kosovo.jpg\",\"width\":616,\"height\":347},{\"@type\":\"BreadcrumbList\",\"@id\":\"https:\/\/sandzakpress.net\/arhiva\/apel-bkz-kosova-pred-predstojece-parlamentarne-izbore\/#breadcrumb\",\"itemListElement\":[{\"@type\":\"ListItem\",\"position\":1,\"name\":\"Home\",\"item\":\"https:\/\/sandzakpress.net\/arhiva\/\"},{\"@type\":\"ListItem\",\"position\":2,\"name\":\"Apel BKZ Kosova pred predstoje\u0107e parlamentarne izbore\"}]},{\"@type\":\"WebSite\",\"@id\":\"https:\/\/sandzakpress.net\/arhiva\/#website\",\"url\":\"https:\/\/sandzakpress.net\/arhiva\/\",\"name\":\"Sand\u017eak PRESS\",\"description\":\"Prve elektronske novine u Sand\u017eaku\",\"publisher\":{\"@id\":\"https:\/\/sandzakpress.net\/arhiva\/#\/schema\/person\/6e72b67d6e51910a1117b3b483ba20bd\"},\"potentialAction\":[{\"@type\":\"SearchAction\",\"target\":{\"@type\":\"EntryPoint\",\"urlTemplate\":\"https:\/\/sandzakpress.net\/arhiva\/?s={search_term_string}\"},\"query-input\":{\"@type\":\"PropertyValueSpecification\",\"valueRequired\":true,\"valueName\":\"search_term_string\"}}],\"inLanguage\":\"bs-BA\"},{\"@type\":[\"Person\",\"Organization\"],\"@id\":\"https:\/\/sandzakpress.net\/arhiva\/#\/schema\/person\/6e72b67d6e51910a1117b3b483ba20bd\",\"name\":\"Kul\",\"image\":{\"@type\":\"ImageObject\",\"inLanguage\":\"bs-BA\",\"@id\":\"https:\/\/sandzakpress.net\/arhiva\/#\/schema\/person\/image\/\",\"url\":\"https:\/\/secure.gravatar.com\/avatar\/42263f39aa27ac04c43cab85c280eb2e?s=96&d=mm&r=pg\",\"contentUrl\":\"https:\/\/secure.gravatar.com\/avatar\/42263f39aa27ac04c43cab85c280eb2e?s=96&d=mm&r=pg\",\"caption\":\"Kul\"},\"logo\":{\"@id\":\"https:\/\/sandzakpress.net\/arhiva\/#\/schema\/person\/image\/\"}},{\"@type\":\"Person\",\"@id\":\"https:\/\/sandzakpress.net\/arhiva\/#\/schema\/person\/c8baee722073534b583ea7bdb2e36c02\",\"name\":\"bosniak\",\"image\":{\"@type\":\"ImageObject\",\"inLanguage\":\"bs-BA\",\"@id\":\"https:\/\/sandzakpress.net\/arhiva\/#\/schema\/person\/image\/\",\"url\":\"https:\/\/secure.gravatar.com\/avatar\/a04fd330bfe3a36a72a0ad4a6d89fca7?s=96&d=mm&r=pg\",\"contentUrl\":\"https:\/\/secure.gravatar.com\/avatar\/a04fd330bfe3a36a72a0ad4a6d89fca7?s=96&d=mm&r=pg\",\"caption\":\"bosniak\"},\"url\":\"https:\/\/sandzakpress.net\/arhiva\/author\/bosniak\/\"}]}<\/script>\n<!-- \/ Yoast SEO Premium plugin. -->","yoast_head_json":{"title":"Apel BKZ Kosova pred predstoje\u0107e parlamentarne izbore","robots":{"index":"index","follow":"follow","max-snippet":"max-snippet:-1","max-image-preview":"max-image-preview:large","max-video-preview":"max-video-preview:-1"},"canonical":"https:\/\/sandzakpress.net\/arhiva\/apel-bkz-kosova-pred-predstojece-parlamentarne-izbore\/","og_locale":"bs_BA","og_type":"article","og_title":"Apel BKZ Kosova pred predstoje\u0107e parlamentarne izbore","og_description":"Dragi bo\u0161njaci i bo\u0161njakinje Zavr\u0161ava predizborna kampanja Parlamentarnih izbora na Kosovu, i nalazimo se pred samu PREDIZBORNU \u0160UTNJU kada \u0107ete barem jo\u0161 jednom promisliti o svemu te definitivno se opredijelit za neku od politi\u010dkih opcija i pojedinih kandidata sa tih izbornih listi. Bo\u0161nja\u010dka javnost je i na ovim izborima bila prebukirana raznim pritiscima. Kandidati politi\u010dki [&hellip;]","og_url":"https:\/\/sandzakpress.net\/arhiva\/apel-bkz-kosova-pred-predstojece-parlamentarne-izbore\/","og_site_name":"Sand\u017eak PRESS","article_published_time":"2014-06-05T13:01:35+00:00","og_image":[{"width":616,"height":347,"url":"https:\/\/sandzakpress.net\/arhiva\/wp-content\/uploads\/2012\/10\/aLogo-BOSNJACKA-KULTURNA-ZAJEDNICA-Kosovo.jpg","type":"image\/jpeg"}],"author":"bosniak","twitter_card":"summary_large_image","twitter_misc":{"Written by":"bosniak","Est. reading time":"2 minute"},"schema":{"@context":"https:\/\/schema.org","@graph":[{"@type":"Article","@id":"https:\/\/sandzakpress.net\/arhiva\/apel-bkz-kosova-pred-predstojece-parlamentarne-izbore\/#article","isPartOf":{"@id":"https:\/\/sandzakpress.net\/arhiva\/apel-bkz-kosova-pred-predstojece-parlamentarne-izbore\/"},"author":{"name":"bosniak","@id":"https:\/\/sandzakpress.net\/arhiva\/#\/schema\/person\/c8baee722073534b583ea7bdb2e36c02"},"headline":"Apel BKZ Kosova pred predstoje\u0107e parlamentarne izbore","datePublished":"2014-06-05T13:01:35+00:00","mainEntityOfPage":{"@id":"https:\/\/sandzakpress.net\/arhiva\/apel-bkz-kosova-pred-predstojece-parlamentarne-izbore\/"},"wordCount":319,"commentCount":0,"publisher":{"@id":"https:\/\/sandzakpress.net\/arhiva\/#\/schema\/person\/6e72b67d6e51910a1117b3b483ba20bd"},"image":{"@id":"https:\/\/sandzakpress.net\/arhiva\/apel-bkz-kosova-pred-predstojece-parlamentarne-izbore\/#primaryimage"},"thumbnailUrl":"https:\/\/sandzakpress.net\/arhiva\/wp-content\/uploads\/2012\/10\/aLogo-BOSNJACKA-KULTURNA-ZAJEDNICA-Kosovo.jpg","keywords":["BKZ"],"articleSection":["Nacija","Kosovo","VIJESTI DANA"],"inLanguage":"bs-BA","potentialAction":[{"@type":"CommentAction","name":"Comment","target":["https:\/\/sandzakpress.net\/arhiva\/apel-bkz-kosova-pred-predstojece-parlamentarne-izbore\/#respond"]}]},{"@type":"WebPage","@id":"https:\/\/sandzakpress.net\/arhiva\/apel-bkz-kosova-pred-predstojece-parlamentarne-izbore\/","url":"https:\/\/sandzakpress.net\/arhiva\/apel-bkz-kosova-pred-predstojece-parlamentarne-izbore\/","name":"Apel BKZ Kosova pred predstoje\u0107e parlamentarne izbore","isPartOf":{"@id":"https:\/\/sandzakpress.net\/arhiva\/#website"},"primaryImageOfPage":{"@id":"https:\/\/sandzakpress.net\/arhiva\/apel-bkz-kosova-pred-predstojece-parlamentarne-izbore\/#primaryimage"},"image":{"@id":"https:\/\/sandzakpress.net\/arhiva\/apel-bkz-kosova-pred-predstojece-parlamentarne-izbore\/#primaryimage"},"thumbnailUrl":"https:\/\/sandzakpress.net\/arhiva\/wp-content\/uploads\/2012\/10\/aLogo-BOSNJACKA-KULTURNA-ZAJEDNICA-Kosovo.jpg","datePublished":"2014-06-05T13:01:35+00:00","breadcrumb":{"@id":"https:\/\/sandzakpress.net\/arhiva\/apel-bkz-kosova-pred-predstojece-parlamentarne-izbore\/#breadcrumb"},"inLanguage":"bs-BA","potentialAction":[{"@type":"ReadAction","target":["https:\/\/sandzakpress.net\/arhiva\/apel-bkz-kosova-pred-predstojece-parlamentarne-izbore\/"]}]},{"@type":"ImageObject","inLanguage":"bs-BA","@id":"https:\/\/sandzakpress.net\/arhiva\/apel-bkz-kosova-pred-predstojece-parlamentarne-izbore\/#primaryimage","url":"https:\/\/sandzakpress.net\/arhiva\/wp-content\/uploads\/2012\/10\/aLogo-BOSNJACKA-KULTURNA-ZAJEDNICA-Kosovo.jpg","contentUrl":"https:\/\/sandzakpress.net\/arhiva\/wp-content\/uploads\/2012\/10\/aLogo-BOSNJACKA-KULTURNA-ZAJEDNICA-Kosovo.jpg","width":616,"height":347},{"@type":"BreadcrumbList","@id":"https:\/\/sandzakpress.net\/arhiva\/apel-bkz-kosova-pred-predstojece-parlamentarne-izbore\/#breadcrumb","itemListElement":[{"@type":"ListItem","position":1,"name":"Home","item":"https:\/\/sandzakpress.net\/arhiva\/"},{"@type":"ListItem","position":2,"name":"Apel BKZ Kosova pred predstoje\u0107e parlamentarne izbore"}]},{"@type":"WebSite","@id":"https:\/\/sandzakpress.net\/arhiva\/#website","url":"https:\/\/sandzakpress.net\/arhiva\/","name":"Sand\u017eak PRESS","description":"Prve elektronske novine u Sand\u017eaku","publisher":{"@id":"https:\/\/sandzakpress.net\/arhiva\/#\/schema\/person\/6e72b67d6e51910a1117b3b483ba20bd"},"potentialAction":[{"@type":"SearchAction","target":{"@type":"EntryPoint","urlTemplate":"https:\/\/sandzakpress.net\/arhiva\/?s={search_term_string}"},"query-input":{"@type":"PropertyValueSpecification","valueRequired":true,"valueName":"search_term_string"}}],"inLanguage":"bs-BA"},{"@type":["Person","Organization"],"@id":"https:\/\/sandzakpress.net\/arhiva\/#\/schema\/person\/6e72b67d6e51910a1117b3b483ba20bd","name":"Kul","image":{"@type":"ImageObject","inLanguage":"bs-BA","@id":"https:\/\/sandzakpress.net\/arhiva\/#\/schema\/person\/image\/","url":"https:\/\/secure.gravatar.com\/avatar\/42263f39aa27ac04c43cab85c280eb2e?s=96&d=mm&r=pg","contentUrl":"https:\/\/secure.gravatar.com\/avatar\/42263f39aa27ac04c43cab85c280eb2e?s=96&d=mm&r=pg","caption":"Kul"},"logo":{"@id":"https:\/\/sandzakpress.net\/arhiva\/#\/schema\/person\/image\/"}},{"@type":"Person","@id":"https:\/\/sandzakpress.net\/arhiva\/#\/schema\/person\/c8baee722073534b583ea7bdb2e36c02","name":"bosniak","image":{"@type":"ImageObject","inLanguage":"bs-BA","@id":"https:\/\/sandzakpress.net\/arhiva\/#\/schema\/person\/image\/","url":"https:\/\/secure.gravatar.com\/avatar\/a04fd330bfe3a36a72a0ad4a6d89fca7?s=96&d=mm&r=pg","contentUrl":"https:\/\/secure.gravatar.com\/avatar\/a04fd330bfe3a36a72a0ad4a6d89fca7?s=96&d=mm&r=pg","caption":"bosniak"},"url":"https:\/\/sandzakpress.net\/arhiva\/author\/bosniak\/"}]}},"_links":{"self":[{"href":"https:\/\/sandzakpress.net\/arhiva\/wp-json\/wp\/v2\/posts\/106985"}],"collection":[{"href":"https:\/\/sandzakpress.net\/arhiva\/wp-json\/wp\/v2\/posts"}],"about":[{"href":"https:\/\/sandzakpress.net\/arhiva\/wp-json\/wp\/v2\/types\/post"}],"author":[{"embeddable":true,"href":"https:\/\/sandzakpress.net\/arhiva\/wp-json\/wp\/v2\/users\/83"}],"replies":[{"embeddable":true,"href":"https:\/\/sandzakpress.net\/arhiva\/wp-json\/wp\/v2\/comments?post=106985"}],"version-history":[{"count":0,"href":"https:\/\/sandzakpress.net\/arhiva\/wp-json\/wp\/v2\/posts\/106985\/revisions"}],"wp:featuredmedia":[{"embeddable":true,"href":"https:\/\/sandzakpress.net\/arhiva\/wp-json\/wp\/v2\/media\/53644"}],"wp:attachment":[{"href":"https:\/\/sandzakpress.net\/arhiva\/wp-json\/wp\/v2\/media?parent=106985"}],"wp:term":[{"taxonomy":"category","embeddable":true,"href":"https:\/\/sandzakpress.net\/arhiva\/wp-json\/wp\/v2\/categories?post=106985"},{"taxonomy":"post_tag","embeddable":true,"href":"https:\/\/sandzakpress.net\/arhiva\/wp-json\/wp\/v2\/tags?post=106985"}],"curies":[{"name":"wp","href":"https:\/\/api.w.org\/{rel}","templated":true}]}}