{"id":10682,"date":"2010-12-18T17:30:13","date_gmt":"2010-12-18T16:30:13","guid":{"rendered":"https:\/\/sandzakpress.net\/arhiva\/?p=10682"},"modified":"2010-12-18T17:30:13","modified_gmt":"2010-12-18T16:30:13","slug":"amfilohije-artemijevci-su-sekta","status":"publish","type":"post","link":"https:\/\/sandzakpress.net\/arhiva\/amfilohije-artemijevci-su-sekta\/","title":{"rendered":"Amfilohije: Artemijevci su sekta!"},"content":{"rendered":"<p><strong><a href=\"https:\/\/sandzakpress.net\/arhiva\/wp-content\/uploads\/2010\/12\/amfilohije-v.jpg\"><img loading=\"lazy\" decoding=\"async\" class=\"alignleft size-medium wp-image-10683\" title=\"amfilohije-v\" src=\"https:\/\/sandzakpress.net\/arhiva\/wp-content\/uploads\/2010\/12\/amfilohije-v-300x182.jpg\" alt=\"\" width=\"300\" height=\"182\" \/><\/a>Novi Pazar,\u00a0 Tutin &#8211; Mitropolit crnogorsko-primorski Amfilohije upozorio je vjernike da ne prisustvuju liturgijama ra\u0161\u010dinjenog vladike Artemija i da se kod njega \u201ene vjen\u010davaju, kr\u0161tavaju niti pri\u010de\u0161\u0107uju jer je rije\u010d o sekta\u0161koj organizaciji\u201c.<\/strong><\/p>\n<p>Mitropolit je manastirima u Ra\u0161ko-prizrenskoj eparhiji zabranio da Artemija i njegove monahe pu\u0161taju na svoj posjed.<br \/>\nU dva dokumenta koje je Amfilohije potpisao kao \u201eprinudni upravnik\u201c Ra\u0161ko-prizrenske eparhije navodi se da jedan dio Artemijevih pristalica nije vi\u0161e u sve\u0161tenom i mona\u0161kom \u010dinu, ali da i dalje zloupotrebljavaju mona\u0161ki lik i ode\u0107u slede\u0107i u anticrkvenoj aktivnosti ra\u0161\u010dinjenom vladici Artemiju.<br \/>\n\u201eNjegova \u201aliturgija\u2018 nije vi\u0161e liturgija crkve Hristove; ko prima njegovo i njegovih ra\u0161\u010dinjenih sljedbenika \u201apri\u010de\u0161\u0107e\u2018, ne prima blagoslov za spasenje nego na sud i osudu i prokletstvo, njegove \u201atajne\u2018 vi\u0161e nisu tajne crkve bo\u017eje &#8211; kr\u0161tenje nije kr\u0161tenje, vjen\u010danje nije vjen\u010danje; njegova \u201aeparhija\u2018 nije vi\u0161e episkopija svetosavske crkve ve\u0107 sekta\u0161ka zajednica artemijevaca\u201c, stoji u Amfilohijevom pismu.<\/p>\n<p>Naum Mirkovi\u0107, jedan od najbli\u017eih Artemijevih saradnika, koga je Veliki crkveni sud ra\u0161\u010dinio, ka\u017ee za \u201eAlo!\u201c da to \u0161to je ve\u0107ina u SPC stala uz odluke Sinoda ni\u0161ta ne zna\u010di po\u0161to oni i dalje smatraju da predstavljaju Eparhiju ra\u0161ko-prizrensku.<br \/>\n&#8211; Sve \u0161to su uradili je zbog politi\u010dke pripadnosti i pritisaka zapada i Rima. \u010covek koji pali svije\u0107e na jevrejskom vjerskom obredu ne mo\u017ee biti na\u0161 patrijarh. Ako to bezakonje podr\u017eava ve\u0107ina, ne zna\u010di da su oni u pravu &#8211; tvrdi ra\u0161\u010dinjeni monah.<\/p>\n<p>Izvor: <strong>Alo.rs<\/strong><\/p>\n","protected":false},"excerpt":{"rendered":"<p>Novi Pazar,\u00a0 Tutin &#8211; Mitropolit crnogorsko-primorski Amfilohije upozorio je vjernike da ne prisustvuju liturgijama ra\u0161\u010dinjenog vladike Artemija i da se kod njega \u201ene vjen\u010davaju, kr\u0161tavaju niti pri\u010de\u0161\u0107uju jer je rije\u010d o sekta\u0161koj organizaciji\u201c. Mitropolit je manastirima u Ra\u0161ko-prizrenskoj eparhiji zabranio da Artemija i njegove monahe pu\u0161taju na svoj posjed. U dva dokumenta koje je Amfilohije [&hellip;]<\/p>\n","protected":false},"author":83,"featured_media":10683,"comment_status":"open","ping_status":"open","sticky":false,"template":"","format":"standard","meta":{"footnotes":""},"categories":[72,327,5],"tags":[],"class_list":{"0":"post-10682","1":"post","2":"type-post","3":"status-publish","4":"format-standard","5":"has-post-thumbnail","7":"category-novi-pazar","8":"category-tutin","9":"category-drustvo"},"yoast_head":"<!-- This site is optimized with the Yoast SEO Premium plugin v23.1 (Yoast SEO v24.9) - https:\/\/yoast.com\/wordpress\/plugins\/seo\/ -->\n<title>Amfilohije: Artemijevci su sekta!<\/title>\n<meta name=\"robots\" content=\"index, follow, max-snippet:-1, max-image-preview:large, max-video-preview:-1\" \/>\n<link rel=\"canonical\" href=\"https:\/\/sandzakpress.net\/arhiva\/amfilohije-artemijevci-su-sekta\/\" \/>\n<meta property=\"og:locale\" content=\"bs_BA\" \/>\n<meta property=\"og:type\" content=\"article\" \/>\n<meta property=\"og:title\" content=\"Amfilohije: Artemijevci su sekta!\" \/>\n<meta property=\"og:description\" content=\"Novi Pazar,\u00a0 Tutin &#8211; Mitropolit crnogorsko-primorski Amfilohije upozorio je vjernike da ne prisustvuju liturgijama ra\u0161\u010dinjenog vladike Artemija i da se kod njega \u201ene vjen\u010davaju, kr\u0161tavaju niti pri\u010de\u0161\u0107uju jer je rije\u010d o sekta\u0161koj organizaciji\u201c. Mitropolit je manastirima u Ra\u0161ko-prizrenskoj eparhiji zabranio da Artemija i njegove monahe pu\u0161taju na svoj posjed. U dva dokumenta koje je Amfilohije [&hellip;]\" \/>\n<meta property=\"og:url\" content=\"https:\/\/sandzakpress.net\/arhiva\/amfilohije-artemijevci-su-sekta\/\" \/>\n<meta property=\"og:site_name\" content=\"Sand\u017eak PRESS\" \/>\n<meta property=\"article:published_time\" content=\"2010-12-18T16:30:13+00:00\" \/>\n<meta property=\"og:image\" content=\"https:\/\/sandzakpress.net\/arhiva\/wp-content\/uploads\/2010\/12\/amfilohije-v.jpg\" \/>\n\t<meta property=\"og:image:width\" content=\"460\" \/>\n\t<meta property=\"og:image:height\" content=\"280\" \/>\n\t<meta property=\"og:image:type\" content=\"image\/jpeg\" \/>\n<meta name=\"author\" content=\"bosniak\" \/>\n<meta name=\"twitter:card\" content=\"summary_large_image\" \/>\n<meta name=\"twitter:label1\" content=\"Written by\" \/>\n\t<meta name=\"twitter:data1\" content=\"bosniak\" \/>\n\t<meta name=\"twitter:label2\" content=\"Est. reading time\" \/>\n\t<meta name=\"twitter:data2\" content=\"1 minuta\" \/>\n<script type=\"application\/ld+json\" class=\"yoast-schema-graph\">{\"@context\":\"https:\/\/schema.org\",\"@graph\":[{\"@type\":\"Article\",\"@id\":\"https:\/\/sandzakpress.net\/arhiva\/amfilohije-artemijevci-su-sekta\/#article\",\"isPartOf\":{\"@id\":\"https:\/\/sandzakpress.net\/arhiva\/amfilohije-artemijevci-su-sekta\/\"},\"author\":{\"name\":\"bosniak\",\"@id\":\"https:\/\/sandzakpress.net\/arhiva\/#\/schema\/person\/c8baee722073534b583ea7bdb2e36c02\"},\"headline\":\"Amfilohije: Artemijevci su sekta!\",\"datePublished\":\"2010-12-18T16:30:13+00:00\",\"mainEntityOfPage\":{\"@id\":\"https:\/\/sandzakpress.net\/arhiva\/amfilohije-artemijevci-su-sekta\/\"},\"wordCount\":279,\"commentCount\":1,\"publisher\":{\"@id\":\"https:\/\/sandzakpress.net\/arhiva\/#\/schema\/person\/6e72b67d6e51910a1117b3b483ba20bd\"},\"image\":{\"@id\":\"https:\/\/sandzakpress.net\/arhiva\/amfilohije-artemijevci-su-sekta\/#primaryimage\"},\"thumbnailUrl\":\"https:\/\/sandzakpress.net\/arhiva\/wp-content\/uploads\/2010\/12\/amfilohije-v.jpg\",\"articleSection\":[\"Novi Pazar\",\"Tutin\",\"Dru\u0161tvo\"],\"inLanguage\":\"bs-BA\",\"potentialAction\":[{\"@type\":\"CommentAction\",\"name\":\"Comment\",\"target\":[\"https:\/\/sandzakpress.net\/arhiva\/amfilohije-artemijevci-su-sekta\/#respond\"]}]},{\"@type\":\"WebPage\",\"@id\":\"https:\/\/sandzakpress.net\/arhiva\/amfilohije-artemijevci-su-sekta\/\",\"url\":\"https:\/\/sandzakpress.net\/arhiva\/amfilohije-artemijevci-su-sekta\/\",\"name\":\"Amfilohije: Artemijevci su sekta!\",\"isPartOf\":{\"@id\":\"https:\/\/sandzakpress.net\/arhiva\/#website\"},\"primaryImageOfPage\":{\"@id\":\"https:\/\/sandzakpress.net\/arhiva\/amfilohije-artemijevci-su-sekta\/#primaryimage\"},\"image\":{\"@id\":\"https:\/\/sandzakpress.net\/arhiva\/amfilohije-artemijevci-su-sekta\/#primaryimage\"},\"thumbnailUrl\":\"https:\/\/sandzakpress.net\/arhiva\/wp-content\/uploads\/2010\/12\/amfilohije-v.jpg\",\"datePublished\":\"2010-12-18T16:30:13+00:00\",\"breadcrumb\":{\"@id\":\"https:\/\/sandzakpress.net\/arhiva\/amfilohije-artemijevci-su-sekta\/#breadcrumb\"},\"inLanguage\":\"bs-BA\",\"potentialAction\":[{\"@type\":\"ReadAction\",\"target\":[\"https:\/\/sandzakpress.net\/arhiva\/amfilohije-artemijevci-su-sekta\/\"]}]},{\"@type\":\"ImageObject\",\"inLanguage\":\"bs-BA\",\"@id\":\"https:\/\/sandzakpress.net\/arhiva\/amfilohije-artemijevci-su-sekta\/#primaryimage\",\"url\":\"https:\/\/sandzakpress.net\/arhiva\/wp-content\/uploads\/2010\/12\/amfilohije-v.jpg\",\"contentUrl\":\"https:\/\/sandzakpress.net\/arhiva\/wp-content\/uploads\/2010\/12\/amfilohije-v.jpg\",\"width\":460,\"height\":280},{\"@type\":\"BreadcrumbList\",\"@id\":\"https:\/\/sandzakpress.net\/arhiva\/amfilohije-artemijevci-su-sekta\/#breadcrumb\",\"itemListElement\":[{\"@type\":\"ListItem\",\"position\":1,\"name\":\"Home\",\"item\":\"https:\/\/sandzakpress.net\/arhiva\/\"},{\"@type\":\"ListItem\",\"position\":2,\"name\":\"Amfilohije: Artemijevci su sekta!\"}]},{\"@type\":\"WebSite\",\"@id\":\"https:\/\/sandzakpress.net\/arhiva\/#website\",\"url\":\"https:\/\/sandzakpress.net\/arhiva\/\",\"name\":\"Sand\u017eak PRESS\",\"description\":\"Prve elektronske novine u Sand\u017eaku\",\"publisher\":{\"@id\":\"https:\/\/sandzakpress.net\/arhiva\/#\/schema\/person\/6e72b67d6e51910a1117b3b483ba20bd\"},\"potentialAction\":[{\"@type\":\"SearchAction\",\"target\":{\"@type\":\"EntryPoint\",\"urlTemplate\":\"https:\/\/sandzakpress.net\/arhiva\/?s={search_term_string}\"},\"query-input\":{\"@type\":\"PropertyValueSpecification\",\"valueRequired\":true,\"valueName\":\"search_term_string\"}}],\"inLanguage\":\"bs-BA\"},{\"@type\":[\"Person\",\"Organization\"],\"@id\":\"https:\/\/sandzakpress.net\/arhiva\/#\/schema\/person\/6e72b67d6e51910a1117b3b483ba20bd\",\"name\":\"Kul\",\"image\":{\"@type\":\"ImageObject\",\"inLanguage\":\"bs-BA\",\"@id\":\"https:\/\/sandzakpress.net\/arhiva\/#\/schema\/person\/image\/\",\"url\":\"https:\/\/secure.gravatar.com\/avatar\/42263f39aa27ac04c43cab85c280eb2e?s=96&d=mm&r=pg\",\"contentUrl\":\"https:\/\/secure.gravatar.com\/avatar\/42263f39aa27ac04c43cab85c280eb2e?s=96&d=mm&r=pg\",\"caption\":\"Kul\"},\"logo\":{\"@id\":\"https:\/\/sandzakpress.net\/arhiva\/#\/schema\/person\/image\/\"}},{\"@type\":\"Person\",\"@id\":\"https:\/\/sandzakpress.net\/arhiva\/#\/schema\/person\/c8baee722073534b583ea7bdb2e36c02\",\"name\":\"bosniak\",\"image\":{\"@type\":\"ImageObject\",\"inLanguage\":\"bs-BA\",\"@id\":\"https:\/\/sandzakpress.net\/arhiva\/#\/schema\/person\/image\/\",\"url\":\"https:\/\/secure.gravatar.com\/avatar\/a04fd330bfe3a36a72a0ad4a6d89fca7?s=96&d=mm&r=pg\",\"contentUrl\":\"https:\/\/secure.gravatar.com\/avatar\/a04fd330bfe3a36a72a0ad4a6d89fca7?s=96&d=mm&r=pg\",\"caption\":\"bosniak\"},\"url\":\"https:\/\/sandzakpress.net\/arhiva\/author\/bosniak\/\"}]}<\/script>\n<!-- \/ Yoast SEO Premium plugin. -->","yoast_head_json":{"title":"Amfilohije: Artemijevci su sekta!","robots":{"index":"index","follow":"follow","max-snippet":"max-snippet:-1","max-image-preview":"max-image-preview:large","max-video-preview":"max-video-preview:-1"},"canonical":"https:\/\/sandzakpress.net\/arhiva\/amfilohije-artemijevci-su-sekta\/","og_locale":"bs_BA","og_type":"article","og_title":"Amfilohije: Artemijevci su sekta!","og_description":"Novi Pazar,\u00a0 Tutin &#8211; Mitropolit crnogorsko-primorski Amfilohije upozorio je vjernike da ne prisustvuju liturgijama ra\u0161\u010dinjenog vladike Artemija i da se kod njega \u201ene vjen\u010davaju, kr\u0161tavaju niti pri\u010de\u0161\u0107uju jer je rije\u010d o sekta\u0161koj organizaciji\u201c. Mitropolit je manastirima u Ra\u0161ko-prizrenskoj eparhiji zabranio da Artemija i njegove monahe pu\u0161taju na svoj posjed. U dva dokumenta koje je Amfilohije [&hellip;]","og_url":"https:\/\/sandzakpress.net\/arhiva\/amfilohije-artemijevci-su-sekta\/","og_site_name":"Sand\u017eak PRESS","article_published_time":"2010-12-18T16:30:13+00:00","og_image":[{"width":460,"height":280,"url":"https:\/\/sandzakpress.net\/arhiva\/wp-content\/uploads\/2010\/12\/amfilohije-v.jpg","type":"image\/jpeg"}],"author":"bosniak","twitter_card":"summary_large_image","twitter_misc":{"Written by":"bosniak","Est. reading time":"1 minuta"},"schema":{"@context":"https:\/\/schema.org","@graph":[{"@type":"Article","@id":"https:\/\/sandzakpress.net\/arhiva\/amfilohije-artemijevci-su-sekta\/#article","isPartOf":{"@id":"https:\/\/sandzakpress.net\/arhiva\/amfilohije-artemijevci-su-sekta\/"},"author":{"name":"bosniak","@id":"https:\/\/sandzakpress.net\/arhiva\/#\/schema\/person\/c8baee722073534b583ea7bdb2e36c02"},"headline":"Amfilohije: Artemijevci su sekta!","datePublished":"2010-12-18T16:30:13+00:00","mainEntityOfPage":{"@id":"https:\/\/sandzakpress.net\/arhiva\/amfilohije-artemijevci-su-sekta\/"},"wordCount":279,"commentCount":1,"publisher":{"@id":"https:\/\/sandzakpress.net\/arhiva\/#\/schema\/person\/6e72b67d6e51910a1117b3b483ba20bd"},"image":{"@id":"https:\/\/sandzakpress.net\/arhiva\/amfilohije-artemijevci-su-sekta\/#primaryimage"},"thumbnailUrl":"https:\/\/sandzakpress.net\/arhiva\/wp-content\/uploads\/2010\/12\/amfilohije-v.jpg","articleSection":["Novi Pazar","Tutin","Dru\u0161tvo"],"inLanguage":"bs-BA","potentialAction":[{"@type":"CommentAction","name":"Comment","target":["https:\/\/sandzakpress.net\/arhiva\/amfilohije-artemijevci-su-sekta\/#respond"]}]},{"@type":"WebPage","@id":"https:\/\/sandzakpress.net\/arhiva\/amfilohije-artemijevci-su-sekta\/","url":"https:\/\/sandzakpress.net\/arhiva\/amfilohije-artemijevci-su-sekta\/","name":"Amfilohije: Artemijevci su sekta!","isPartOf":{"@id":"https:\/\/sandzakpress.net\/arhiva\/#website"},"primaryImageOfPage":{"@id":"https:\/\/sandzakpress.net\/arhiva\/amfilohije-artemijevci-su-sekta\/#primaryimage"},"image":{"@id":"https:\/\/sandzakpress.net\/arhiva\/amfilohije-artemijevci-su-sekta\/#primaryimage"},"thumbnailUrl":"https:\/\/sandzakpress.net\/arhiva\/wp-content\/uploads\/2010\/12\/amfilohije-v.jpg","datePublished":"2010-12-18T16:30:13+00:00","breadcrumb":{"@id":"https:\/\/sandzakpress.net\/arhiva\/amfilohije-artemijevci-su-sekta\/#breadcrumb"},"inLanguage":"bs-BA","potentialAction":[{"@type":"ReadAction","target":["https:\/\/sandzakpress.net\/arhiva\/amfilohije-artemijevci-su-sekta\/"]}]},{"@type":"ImageObject","inLanguage":"bs-BA","@id":"https:\/\/sandzakpress.net\/arhiva\/amfilohije-artemijevci-su-sekta\/#primaryimage","url":"https:\/\/sandzakpress.net\/arhiva\/wp-content\/uploads\/2010\/12\/amfilohije-v.jpg","contentUrl":"https:\/\/sandzakpress.net\/arhiva\/wp-content\/uploads\/2010\/12\/amfilohije-v.jpg","width":460,"height":280},{"@type":"BreadcrumbList","@id":"https:\/\/sandzakpress.net\/arhiva\/amfilohije-artemijevci-su-sekta\/#breadcrumb","itemListElement":[{"@type":"ListItem","position":1,"name":"Home","item":"https:\/\/sandzakpress.net\/arhiva\/"},{"@type":"ListItem","position":2,"name":"Amfilohije: Artemijevci su sekta!"}]},{"@type":"WebSite","@id":"https:\/\/sandzakpress.net\/arhiva\/#website","url":"https:\/\/sandzakpress.net\/arhiva\/","name":"Sand\u017eak PRESS","description":"Prve elektronske novine u Sand\u017eaku","publisher":{"@id":"https:\/\/sandzakpress.net\/arhiva\/#\/schema\/person\/6e72b67d6e51910a1117b3b483ba20bd"},"potentialAction":[{"@type":"SearchAction","target":{"@type":"EntryPoint","urlTemplate":"https:\/\/sandzakpress.net\/arhiva\/?s={search_term_string}"},"query-input":{"@type":"PropertyValueSpecification","valueRequired":true,"valueName":"search_term_string"}}],"inLanguage":"bs-BA"},{"@type":["Person","Organization"],"@id":"https:\/\/sandzakpress.net\/arhiva\/#\/schema\/person\/6e72b67d6e51910a1117b3b483ba20bd","name":"Kul","image":{"@type":"ImageObject","inLanguage":"bs-BA","@id":"https:\/\/sandzakpress.net\/arhiva\/#\/schema\/person\/image\/","url":"https:\/\/secure.gravatar.com\/avatar\/42263f39aa27ac04c43cab85c280eb2e?s=96&d=mm&r=pg","contentUrl":"https:\/\/secure.gravatar.com\/avatar\/42263f39aa27ac04c43cab85c280eb2e?s=96&d=mm&r=pg","caption":"Kul"},"logo":{"@id":"https:\/\/sandzakpress.net\/arhiva\/#\/schema\/person\/image\/"}},{"@type":"Person","@id":"https:\/\/sandzakpress.net\/arhiva\/#\/schema\/person\/c8baee722073534b583ea7bdb2e36c02","name":"bosniak","image":{"@type":"ImageObject","inLanguage":"bs-BA","@id":"https:\/\/sandzakpress.net\/arhiva\/#\/schema\/person\/image\/","url":"https:\/\/secure.gravatar.com\/avatar\/a04fd330bfe3a36a72a0ad4a6d89fca7?s=96&d=mm&r=pg","contentUrl":"https:\/\/secure.gravatar.com\/avatar\/a04fd330bfe3a36a72a0ad4a6d89fca7?s=96&d=mm&r=pg","caption":"bosniak"},"url":"https:\/\/sandzakpress.net\/arhiva\/author\/bosniak\/"}]}},"_links":{"self":[{"href":"https:\/\/sandzakpress.net\/arhiva\/wp-json\/wp\/v2\/posts\/10682"}],"collection":[{"href":"https:\/\/sandzakpress.net\/arhiva\/wp-json\/wp\/v2\/posts"}],"about":[{"href":"https:\/\/sandzakpress.net\/arhiva\/wp-json\/wp\/v2\/types\/post"}],"author":[{"embeddable":true,"href":"https:\/\/sandzakpress.net\/arhiva\/wp-json\/wp\/v2\/users\/83"}],"replies":[{"embeddable":true,"href":"https:\/\/sandzakpress.net\/arhiva\/wp-json\/wp\/v2\/comments?post=10682"}],"version-history":[{"count":0,"href":"https:\/\/sandzakpress.net\/arhiva\/wp-json\/wp\/v2\/posts\/10682\/revisions"}],"wp:featuredmedia":[{"embeddable":true,"href":"https:\/\/sandzakpress.net\/arhiva\/wp-json\/wp\/v2\/media\/10683"}],"wp:attachment":[{"href":"https:\/\/sandzakpress.net\/arhiva\/wp-json\/wp\/v2\/media?parent=10682"}],"wp:term":[{"taxonomy":"category","embeddable":true,"href":"https:\/\/sandzakpress.net\/arhiva\/wp-json\/wp\/v2\/categories?post=10682"},{"taxonomy":"post_tag","embeddable":true,"href":"https:\/\/sandzakpress.net\/arhiva\/wp-json\/wp\/v2\/tags?post=10682"}],"curies":[{"name":"wp","href":"https:\/\/api.w.org\/{rel}","templated":true}]}}