{"id":106803,"date":"2014-06-02T22:00:56","date_gmt":"2014-06-02T20:00:56","guid":{"rendered":"https:\/\/sandzakpress.net\/arhiva\/?p=106803"},"modified":"2014-06-02T22:07:22","modified_gmt":"2014-06-02T20:07:22","slug":"jusufspahic-na-rts-u-ispricao-uvredljiv-vic-na-racun-genocida-nad-muslimanima","status":"publish","type":"post","link":"https:\/\/sandzakpress.net\/arhiva\/jusufspahic-na-rts-u-ispricao-uvredljiv-vic-na-racun-genocida-nad-muslimanima\/","title":{"rendered":"Jusufspahi\u0107 na RTS-u ispri\u010dao uvredljiv vic na ra\u010dun genocida nad muslimanima"},"content":{"rendered":"<p><iframe loading=\"lazy\" title=\"Muhamed Jusufspahic na RTS u   Jutarnji program 31 01 2013\" width=\"696\" height=\"522\" src=\"https:\/\/www.youtube.com\/embed\/yyoxmYr19ug?start=570&#038;feature=oembed\" frameborder=\"0\" allow=\"accelerometer; autoplay; encrypted-media; gyroscope; picture-in-picture\" allowfullscreen><\/iframe><\/p>\n<p><strong>Srbija &#8211; Poznato je da je od strane Beograda krunisani &#8220;muftija&#8221; Muhamed Jusufspahi\u0107 prosrpski orijentisan, ali ovako ru\u017ean vic na ra\u010dun muslimana ispri\u010dati na televiziji stvarno je nedopustivo, poni\u017eavaju\u0107e i uvredljivo.<\/strong><\/p>\n<p>Ka\u017ee Jusufpahi\u0107 \u201cu toku rata \u010detnici uhvatili muslimana u \u0161umu i pitaju ga \u0161ta je ovo, a on ka\u017ee nadam se skrivena kamera\u201d.<\/p>\n<p>Jusufspahi\u0107 bi trebao znati da je ovako po\u010dinjen genocid nad Bo\u0161njacima.<\/p>\n<p><span style=\"color: #000000;\">Glupost koju je ispri\u010dao mo\u017eete vidjeti u ovom video prilogu negdje oko 9:47 minuta.<\/span><\/p>\n","protected":false},"excerpt":{"rendered":"<p>Ka\u017ee Jusufpahi\u0107 \u201cu toku rata \u010detnici uhvatili muslimana u \u0161umu i pitaju ga \u0161ta je ovo, a on ka\u017ee nadam se skrivena kamera\u201d.<\/p>\n","protected":false},"author":83,"featured_media":106804,"comment_status":"open","ping_status":"open","sticky":false,"template":"","format":"standard","meta":{"footnotes":""},"categories":[72,1,52,327,10307,8957],"tags":[10197],"class_list":{"0":"post-106803","1":"post","2":"type-post","3":"status-publish","4":"format-standard","5":"has-post-thumbnail","7":"category-novi-pazar","8":"category-politika","9":"category-sjenica","10":"category-tutin","11":"category-srbija","12":"category-vijesti-dana","13":"tag-muhamed-jusufspahic"},"yoast_head":"<!-- This site is optimized with the Yoast SEO Premium plugin v23.1 (Yoast SEO v24.9) - https:\/\/yoast.com\/wordpress\/plugins\/seo\/ -->\n<title>Jusufspahi\u0107 na RTS-u ispri\u010dao uvredljiv vic na ra\u010dun genocida nad muslimanima<\/title>\n<meta name=\"robots\" content=\"index, follow, max-snippet:-1, max-image-preview:large, max-video-preview:-1\" \/>\n<link rel=\"canonical\" href=\"https:\/\/sandzakpress.net\/arhiva\/jusufspahic-na-rts-u-ispricao-uvredljiv-vic-na-racun-genocida-nad-muslimanima\/\" \/>\n<meta property=\"og:locale\" content=\"bs_BA\" \/>\n<meta property=\"og:type\" content=\"article\" \/>\n<meta property=\"og:title\" content=\"Jusufspahi\u0107 na RTS-u ispri\u010dao uvredljiv vic na ra\u010dun genocida nad muslimanima\" \/>\n<meta property=\"og:description\" content=\"Ka\u017ee Jusufpahi\u0107 \u201cu toku rata \u010detnici uhvatili muslimana u \u0161umu i pitaju ga \u0161ta je ovo, a on ka\u017ee nadam se skrivena kamera\u201d.\" \/>\n<meta property=\"og:url\" content=\"https:\/\/sandzakpress.net\/arhiva\/jusufspahic-na-rts-u-ispricao-uvredljiv-vic-na-racun-genocida-nad-muslimanima\/\" \/>\n<meta property=\"og:site_name\" content=\"Sand\u017eak PRESS\" \/>\n<meta property=\"article:published_time\" content=\"2014-06-02T20:00:56+00:00\" \/>\n<meta property=\"article:modified_time\" content=\"2014-06-02T20:07:22+00:00\" \/>\n<meta property=\"og:image\" content=\"https:\/\/sandzakpress.net\/arhiva\/wp-content\/uploads\/2014\/06\/0.jpg\" \/>\n\t<meta property=\"og:image:width\" content=\"480\" \/>\n\t<meta property=\"og:image:height\" content=\"360\" \/>\n\t<meta property=\"og:image:type\" content=\"image\/jpeg\" \/>\n<meta name=\"author\" content=\"bosniak\" \/>\n<meta name=\"twitter:card\" content=\"summary_large_image\" \/>\n<meta name=\"twitter:label1\" content=\"Written by\" \/>\n\t<meta name=\"twitter:data1\" content=\"bosniak\" \/>\n<script type=\"application\/ld+json\" class=\"yoast-schema-graph\">{\"@context\":\"https:\/\/schema.org\",\"@graph\":[{\"@type\":\"Article\",\"@id\":\"https:\/\/sandzakpress.net\/arhiva\/jusufspahic-na-rts-u-ispricao-uvredljiv-vic-na-racun-genocida-nad-muslimanima\/#article\",\"isPartOf\":{\"@id\":\"https:\/\/sandzakpress.net\/arhiva\/jusufspahic-na-rts-u-ispricao-uvredljiv-vic-na-racun-genocida-nad-muslimanima\/\"},\"author\":{\"name\":\"bosniak\",\"@id\":\"https:\/\/sandzakpress.net\/arhiva\/#\/schema\/person\/c8baee722073534b583ea7bdb2e36c02\"},\"headline\":\"Jusufspahi\u0107 na RTS-u ispri\u010dao uvredljiv vic na ra\u010dun genocida nad muslimanima\",\"datePublished\":\"2014-06-02T20:00:56+00:00\",\"dateModified\":\"2014-06-02T20:07:22+00:00\",\"mainEntityOfPage\":{\"@id\":\"https:\/\/sandzakpress.net\/arhiva\/jusufspahic-na-rts-u-ispricao-uvredljiv-vic-na-racun-genocida-nad-muslimanima\/\"},\"wordCount\":110,\"commentCount\":36,\"publisher\":{\"@id\":\"https:\/\/sandzakpress.net\/arhiva\/#\/schema\/person\/6e72b67d6e51910a1117b3b483ba20bd\"},\"image\":{\"@id\":\"https:\/\/sandzakpress.net\/arhiva\/jusufspahic-na-rts-u-ispricao-uvredljiv-vic-na-racun-genocida-nad-muslimanima\/#primaryimage\"},\"thumbnailUrl\":\"https:\/\/sandzakpress.net\/arhiva\/wp-content\/uploads\/2014\/06\/0.jpg\",\"keywords\":[\"Muhamed Jusufspahi\u0107\"],\"articleSection\":[\"Novi Pazar\",\"Politika\",\"Sjenica\",\"Tutin\",\"Srbija\",\"VIJESTI DANA\"],\"inLanguage\":\"bs-BA\",\"potentialAction\":[{\"@type\":\"CommentAction\",\"name\":\"Comment\",\"target\":[\"https:\/\/sandzakpress.net\/arhiva\/jusufspahic-na-rts-u-ispricao-uvredljiv-vic-na-racun-genocida-nad-muslimanima\/#respond\"]}]},{\"@type\":\"WebPage\",\"@id\":\"https:\/\/sandzakpress.net\/arhiva\/jusufspahic-na-rts-u-ispricao-uvredljiv-vic-na-racun-genocida-nad-muslimanima\/\",\"url\":\"https:\/\/sandzakpress.net\/arhiva\/jusufspahic-na-rts-u-ispricao-uvredljiv-vic-na-racun-genocida-nad-muslimanima\/\",\"name\":\"Jusufspahi\u0107 na RTS-u ispri\u010dao uvredljiv vic na ra\u010dun genocida nad muslimanima\",\"isPartOf\":{\"@id\":\"https:\/\/sandzakpress.net\/arhiva\/#website\"},\"primaryImageOfPage\":{\"@id\":\"https:\/\/sandzakpress.net\/arhiva\/jusufspahic-na-rts-u-ispricao-uvredljiv-vic-na-racun-genocida-nad-muslimanima\/#primaryimage\"},\"image\":{\"@id\":\"https:\/\/sandzakpress.net\/arhiva\/jusufspahic-na-rts-u-ispricao-uvredljiv-vic-na-racun-genocida-nad-muslimanima\/#primaryimage\"},\"thumbnailUrl\":\"https:\/\/sandzakpress.net\/arhiva\/wp-content\/uploads\/2014\/06\/0.jpg\",\"datePublished\":\"2014-06-02T20:00:56+00:00\",\"dateModified\":\"2014-06-02T20:07:22+00:00\",\"breadcrumb\":{\"@id\":\"https:\/\/sandzakpress.net\/arhiva\/jusufspahic-na-rts-u-ispricao-uvredljiv-vic-na-racun-genocida-nad-muslimanima\/#breadcrumb\"},\"inLanguage\":\"bs-BA\",\"potentialAction\":[{\"@type\":\"ReadAction\",\"target\":[\"https:\/\/sandzakpress.net\/arhiva\/jusufspahic-na-rts-u-ispricao-uvredljiv-vic-na-racun-genocida-nad-muslimanima\/\"]}]},{\"@type\":\"ImageObject\",\"inLanguage\":\"bs-BA\",\"@id\":\"https:\/\/sandzakpress.net\/arhiva\/jusufspahic-na-rts-u-ispricao-uvredljiv-vic-na-racun-genocida-nad-muslimanima\/#primaryimage\",\"url\":\"https:\/\/sandzakpress.net\/arhiva\/wp-content\/uploads\/2014\/06\/0.jpg\",\"contentUrl\":\"https:\/\/sandzakpress.net\/arhiva\/wp-content\/uploads\/2014\/06\/0.jpg\",\"width\":480,\"height\":360},{\"@type\":\"BreadcrumbList\",\"@id\":\"https:\/\/sandzakpress.net\/arhiva\/jusufspahic-na-rts-u-ispricao-uvredljiv-vic-na-racun-genocida-nad-muslimanima\/#breadcrumb\",\"itemListElement\":[{\"@type\":\"ListItem\",\"position\":1,\"name\":\"Home\",\"item\":\"https:\/\/sandzakpress.net\/arhiva\/\"},{\"@type\":\"ListItem\",\"position\":2,\"name\":\"Jusufspahi\u0107 na RTS-u ispri\u010dao uvredljiv vic na ra\u010dun genocida nad muslimanima\"}]},{\"@type\":\"WebSite\",\"@id\":\"https:\/\/sandzakpress.net\/arhiva\/#website\",\"url\":\"https:\/\/sandzakpress.net\/arhiva\/\",\"name\":\"Sand\u017eak PRESS\",\"description\":\"Prve elektronske novine u Sand\u017eaku\",\"publisher\":{\"@id\":\"https:\/\/sandzakpress.net\/arhiva\/#\/schema\/person\/6e72b67d6e51910a1117b3b483ba20bd\"},\"potentialAction\":[{\"@type\":\"SearchAction\",\"target\":{\"@type\":\"EntryPoint\",\"urlTemplate\":\"https:\/\/sandzakpress.net\/arhiva\/?s={search_term_string}\"},\"query-input\":{\"@type\":\"PropertyValueSpecification\",\"valueRequired\":true,\"valueName\":\"search_term_string\"}}],\"inLanguage\":\"bs-BA\"},{\"@type\":[\"Person\",\"Organization\"],\"@id\":\"https:\/\/sandzakpress.net\/arhiva\/#\/schema\/person\/6e72b67d6e51910a1117b3b483ba20bd\",\"name\":\"Kul\",\"image\":{\"@type\":\"ImageObject\",\"inLanguage\":\"bs-BA\",\"@id\":\"https:\/\/sandzakpress.net\/arhiva\/#\/schema\/person\/image\/\",\"url\":\"https:\/\/secure.gravatar.com\/avatar\/42263f39aa27ac04c43cab85c280eb2e?s=96&d=mm&r=pg\",\"contentUrl\":\"https:\/\/secure.gravatar.com\/avatar\/42263f39aa27ac04c43cab85c280eb2e?s=96&d=mm&r=pg\",\"caption\":\"Kul\"},\"logo\":{\"@id\":\"https:\/\/sandzakpress.net\/arhiva\/#\/schema\/person\/image\/\"}},{\"@type\":\"Person\",\"@id\":\"https:\/\/sandzakpress.net\/arhiva\/#\/schema\/person\/c8baee722073534b583ea7bdb2e36c02\",\"name\":\"bosniak\",\"image\":{\"@type\":\"ImageObject\",\"inLanguage\":\"bs-BA\",\"@id\":\"https:\/\/sandzakpress.net\/arhiva\/#\/schema\/person\/image\/\",\"url\":\"https:\/\/secure.gravatar.com\/avatar\/a04fd330bfe3a36a72a0ad4a6d89fca7?s=96&d=mm&r=pg\",\"contentUrl\":\"https:\/\/secure.gravatar.com\/avatar\/a04fd330bfe3a36a72a0ad4a6d89fca7?s=96&d=mm&r=pg\",\"caption\":\"bosniak\"},\"url\":\"https:\/\/sandzakpress.net\/arhiva\/author\/bosniak\/\"}]}<\/script>\n<!-- \/ Yoast SEO Premium plugin. -->","yoast_head_json":{"title":"Jusufspahi\u0107 na RTS-u ispri\u010dao uvredljiv vic na ra\u010dun genocida nad muslimanima","robots":{"index":"index","follow":"follow","max-snippet":"max-snippet:-1","max-image-preview":"max-image-preview:large","max-video-preview":"max-video-preview:-1"},"canonical":"https:\/\/sandzakpress.net\/arhiva\/jusufspahic-na-rts-u-ispricao-uvredljiv-vic-na-racun-genocida-nad-muslimanima\/","og_locale":"bs_BA","og_type":"article","og_title":"Jusufspahi\u0107 na RTS-u ispri\u010dao uvredljiv vic na ra\u010dun genocida nad muslimanima","og_description":"Ka\u017ee Jusufpahi\u0107 \u201cu toku rata \u010detnici uhvatili muslimana u \u0161umu i pitaju ga \u0161ta je ovo, a on ka\u017ee nadam se skrivena kamera\u201d.","og_url":"https:\/\/sandzakpress.net\/arhiva\/jusufspahic-na-rts-u-ispricao-uvredljiv-vic-na-racun-genocida-nad-muslimanima\/","og_site_name":"Sand\u017eak PRESS","article_published_time":"2014-06-02T20:00:56+00:00","article_modified_time":"2014-06-02T20:07:22+00:00","og_image":[{"width":480,"height":360,"url":"https:\/\/sandzakpress.net\/arhiva\/wp-content\/uploads\/2014\/06\/0.jpg","type":"image\/jpeg"}],"author":"bosniak","twitter_card":"summary_large_image","twitter_misc":{"Written by":"bosniak"},"schema":{"@context":"https:\/\/schema.org","@graph":[{"@type":"Article","@id":"https:\/\/sandzakpress.net\/arhiva\/jusufspahic-na-rts-u-ispricao-uvredljiv-vic-na-racun-genocida-nad-muslimanima\/#article","isPartOf":{"@id":"https:\/\/sandzakpress.net\/arhiva\/jusufspahic-na-rts-u-ispricao-uvredljiv-vic-na-racun-genocida-nad-muslimanima\/"},"author":{"name":"bosniak","@id":"https:\/\/sandzakpress.net\/arhiva\/#\/schema\/person\/c8baee722073534b583ea7bdb2e36c02"},"headline":"Jusufspahi\u0107 na RTS-u ispri\u010dao uvredljiv vic na ra\u010dun genocida nad muslimanima","datePublished":"2014-06-02T20:00:56+00:00","dateModified":"2014-06-02T20:07:22+00:00","mainEntityOfPage":{"@id":"https:\/\/sandzakpress.net\/arhiva\/jusufspahic-na-rts-u-ispricao-uvredljiv-vic-na-racun-genocida-nad-muslimanima\/"},"wordCount":110,"commentCount":36,"publisher":{"@id":"https:\/\/sandzakpress.net\/arhiva\/#\/schema\/person\/6e72b67d6e51910a1117b3b483ba20bd"},"image":{"@id":"https:\/\/sandzakpress.net\/arhiva\/jusufspahic-na-rts-u-ispricao-uvredljiv-vic-na-racun-genocida-nad-muslimanima\/#primaryimage"},"thumbnailUrl":"https:\/\/sandzakpress.net\/arhiva\/wp-content\/uploads\/2014\/06\/0.jpg","keywords":["Muhamed Jusufspahi\u0107"],"articleSection":["Novi Pazar","Politika","Sjenica","Tutin","Srbija","VIJESTI DANA"],"inLanguage":"bs-BA","potentialAction":[{"@type":"CommentAction","name":"Comment","target":["https:\/\/sandzakpress.net\/arhiva\/jusufspahic-na-rts-u-ispricao-uvredljiv-vic-na-racun-genocida-nad-muslimanima\/#respond"]}]},{"@type":"WebPage","@id":"https:\/\/sandzakpress.net\/arhiva\/jusufspahic-na-rts-u-ispricao-uvredljiv-vic-na-racun-genocida-nad-muslimanima\/","url":"https:\/\/sandzakpress.net\/arhiva\/jusufspahic-na-rts-u-ispricao-uvredljiv-vic-na-racun-genocida-nad-muslimanima\/","name":"Jusufspahi\u0107 na RTS-u ispri\u010dao uvredljiv vic na ra\u010dun genocida nad muslimanima","isPartOf":{"@id":"https:\/\/sandzakpress.net\/arhiva\/#website"},"primaryImageOfPage":{"@id":"https:\/\/sandzakpress.net\/arhiva\/jusufspahic-na-rts-u-ispricao-uvredljiv-vic-na-racun-genocida-nad-muslimanima\/#primaryimage"},"image":{"@id":"https:\/\/sandzakpress.net\/arhiva\/jusufspahic-na-rts-u-ispricao-uvredljiv-vic-na-racun-genocida-nad-muslimanima\/#primaryimage"},"thumbnailUrl":"https:\/\/sandzakpress.net\/arhiva\/wp-content\/uploads\/2014\/06\/0.jpg","datePublished":"2014-06-02T20:00:56+00:00","dateModified":"2014-06-02T20:07:22+00:00","breadcrumb":{"@id":"https:\/\/sandzakpress.net\/arhiva\/jusufspahic-na-rts-u-ispricao-uvredljiv-vic-na-racun-genocida-nad-muslimanima\/#breadcrumb"},"inLanguage":"bs-BA","potentialAction":[{"@type":"ReadAction","target":["https:\/\/sandzakpress.net\/arhiva\/jusufspahic-na-rts-u-ispricao-uvredljiv-vic-na-racun-genocida-nad-muslimanima\/"]}]},{"@type":"ImageObject","inLanguage":"bs-BA","@id":"https:\/\/sandzakpress.net\/arhiva\/jusufspahic-na-rts-u-ispricao-uvredljiv-vic-na-racun-genocida-nad-muslimanima\/#primaryimage","url":"https:\/\/sandzakpress.net\/arhiva\/wp-content\/uploads\/2014\/06\/0.jpg","contentUrl":"https:\/\/sandzakpress.net\/arhiva\/wp-content\/uploads\/2014\/06\/0.jpg","width":480,"height":360},{"@type":"BreadcrumbList","@id":"https:\/\/sandzakpress.net\/arhiva\/jusufspahic-na-rts-u-ispricao-uvredljiv-vic-na-racun-genocida-nad-muslimanima\/#breadcrumb","itemListElement":[{"@type":"ListItem","position":1,"name":"Home","item":"https:\/\/sandzakpress.net\/arhiva\/"},{"@type":"ListItem","position":2,"name":"Jusufspahi\u0107 na RTS-u ispri\u010dao uvredljiv vic na ra\u010dun genocida nad muslimanima"}]},{"@type":"WebSite","@id":"https:\/\/sandzakpress.net\/arhiva\/#website","url":"https:\/\/sandzakpress.net\/arhiva\/","name":"Sand\u017eak PRESS","description":"Prve elektronske novine u Sand\u017eaku","publisher":{"@id":"https:\/\/sandzakpress.net\/arhiva\/#\/schema\/person\/6e72b67d6e51910a1117b3b483ba20bd"},"potentialAction":[{"@type":"SearchAction","target":{"@type":"EntryPoint","urlTemplate":"https:\/\/sandzakpress.net\/arhiva\/?s={search_term_string}"},"query-input":{"@type":"PropertyValueSpecification","valueRequired":true,"valueName":"search_term_string"}}],"inLanguage":"bs-BA"},{"@type":["Person","Organization"],"@id":"https:\/\/sandzakpress.net\/arhiva\/#\/schema\/person\/6e72b67d6e51910a1117b3b483ba20bd","name":"Kul","image":{"@type":"ImageObject","inLanguage":"bs-BA","@id":"https:\/\/sandzakpress.net\/arhiva\/#\/schema\/person\/image\/","url":"https:\/\/secure.gravatar.com\/avatar\/42263f39aa27ac04c43cab85c280eb2e?s=96&d=mm&r=pg","contentUrl":"https:\/\/secure.gravatar.com\/avatar\/42263f39aa27ac04c43cab85c280eb2e?s=96&d=mm&r=pg","caption":"Kul"},"logo":{"@id":"https:\/\/sandzakpress.net\/arhiva\/#\/schema\/person\/image\/"}},{"@type":"Person","@id":"https:\/\/sandzakpress.net\/arhiva\/#\/schema\/person\/c8baee722073534b583ea7bdb2e36c02","name":"bosniak","image":{"@type":"ImageObject","inLanguage":"bs-BA","@id":"https:\/\/sandzakpress.net\/arhiva\/#\/schema\/person\/image\/","url":"https:\/\/secure.gravatar.com\/avatar\/a04fd330bfe3a36a72a0ad4a6d89fca7?s=96&d=mm&r=pg","contentUrl":"https:\/\/secure.gravatar.com\/avatar\/a04fd330bfe3a36a72a0ad4a6d89fca7?s=96&d=mm&r=pg","caption":"bosniak"},"url":"https:\/\/sandzakpress.net\/arhiva\/author\/bosniak\/"}]}},"_links":{"self":[{"href":"https:\/\/sandzakpress.net\/arhiva\/wp-json\/wp\/v2\/posts\/106803"}],"collection":[{"href":"https:\/\/sandzakpress.net\/arhiva\/wp-json\/wp\/v2\/posts"}],"about":[{"href":"https:\/\/sandzakpress.net\/arhiva\/wp-json\/wp\/v2\/types\/post"}],"author":[{"embeddable":true,"href":"https:\/\/sandzakpress.net\/arhiva\/wp-json\/wp\/v2\/users\/83"}],"replies":[{"embeddable":true,"href":"https:\/\/sandzakpress.net\/arhiva\/wp-json\/wp\/v2\/comments?post=106803"}],"version-history":[{"count":0,"href":"https:\/\/sandzakpress.net\/arhiva\/wp-json\/wp\/v2\/posts\/106803\/revisions"}],"wp:featuredmedia":[{"embeddable":true,"href":"https:\/\/sandzakpress.net\/arhiva\/wp-json\/wp\/v2\/media\/106804"}],"wp:attachment":[{"href":"https:\/\/sandzakpress.net\/arhiva\/wp-json\/wp\/v2\/media?parent=106803"}],"wp:term":[{"taxonomy":"category","embeddable":true,"href":"https:\/\/sandzakpress.net\/arhiva\/wp-json\/wp\/v2\/categories?post=106803"},{"taxonomy":"post_tag","embeddable":true,"href":"https:\/\/sandzakpress.net\/arhiva\/wp-json\/wp\/v2\/tags?post=106803"}],"curies":[{"name":"wp","href":"https:\/\/api.w.org\/{rel}","templated":true}]}}