{"id":10679,"date":"2010-12-18T17:27:36","date_gmt":"2010-12-18T16:27:36","guid":{"rendered":"https:\/\/sandzakpress.net\/arhiva\/?p=10679"},"modified":"2010-12-18T17:27:36","modified_gmt":"2010-12-18T16:27:36","slug":"tesko-povrijeden-desetogodisnjak-u-sjenici","status":"publish","type":"post","link":"https:\/\/sandzakpress.net\/arhiva\/tesko-povrijeden-desetogodisnjak-u-sjenici\/","title":{"rendered":"Te\u0161ko povrije\u0111en desetogodi\u0161njak u Sjenici"},"content":{"rendered":"<p><strong><a href=\"https:\/\/sandzakpress.net\/arhiva\/wp-content\/uploads\/2010\/12\/pretuceni-1.jpg\"><img loading=\"lazy\" decoding=\"async\" class=\"alignleft size-medium wp-image-10680\" title=\"pretuceni-1\" src=\"https:\/\/sandzakpress.net\/arhiva\/wp-content\/uploads\/2010\/12\/pretuceni-1-300x247.jpg\" alt=\"\" width=\"161\" height=\"132\" \/><\/a>Sjenica &#8211; Desetogodi\u0161nji B.N. iz Sjenice te\u0161ko je povrije\u0111en u centru ove op\u0161tine jer mu je na glavu pao komad fasade sa jedne stambene zgrade, pored koje je prolazio sa majkom.<\/strong><\/p>\n<p>Besim D\u017eigal, pedijatar sjeni\u010dkog Doma zdravlja ka\u017ee da je dje\u010dak zadobio te\u0161ke povrede glave, kao i povredu lobanje.<\/p>\n<p>\u201cDje\u010dak je u te\u0161kom stanju upu\u0107en na dalje lije\u010denje u U\u017eice, a zatim u Beograd na Neurohiru\u0161ki klini\u010dki centar, gdje se nalazi na odjeljenju intenzivne njege\u201c, ka\u017ee D\u017eigal.<\/p>\n<p>Sjeni\u010dka policija je izvr\u0161ila uvi\u0111aj, a cio slu\u010daj, kako najavljuju, bi\u0107e predat Tu\u017eila\u0161tvu.<\/p>\n<p>Izvor: <strong>RadioStoPlus.com<\/strong><\/p>\n","protected":false},"excerpt":{"rendered":"<p>Sjenica &#8211; Desetogodi\u0161nji B.N. iz Sjenice te\u0161ko je povrije\u0111en u centru ove op\u0161tine jer mu je na glavu pao komad fasade sa jedne stambene zgrade, pored koje je prolazio sa majkom. Besim D\u017eigal, pedijatar sjeni\u010dkog Doma zdravlja ka\u017ee da je dje\u010dak zadobio te\u0161ke povrede glave, kao i povredu lobanje. \u201cDje\u010dak je u te\u0161kom stanju upu\u0107en [&hellip;]<\/p>\n","protected":false},"author":83,"featured_media":10680,"comment_status":"open","ping_status":"open","sticky":false,"template":"","format":"standard","meta":{"footnotes":""},"categories":[52,801],"tags":[],"class_list":{"0":"post-10679","1":"post","2":"type-post","3":"status-publish","4":"format-standard","5":"has-post-thumbnail","7":"category-sjenica","8":"category-crna_hronika"},"yoast_head":"<!-- This site is optimized with the Yoast SEO Premium plugin v23.1 (Yoast SEO v24.9) - https:\/\/yoast.com\/wordpress\/plugins\/seo\/ -->\n<title>Te\u0161ko povrije\u0111en desetogodi\u0161njak u Sjenici<\/title>\n<meta name=\"robots\" content=\"index, follow, max-snippet:-1, max-image-preview:large, max-video-preview:-1\" \/>\n<link rel=\"canonical\" href=\"https:\/\/sandzakpress.net\/arhiva\/tesko-povrijeden-desetogodisnjak-u-sjenici\/\" \/>\n<meta property=\"og:locale\" content=\"bs_BA\" \/>\n<meta property=\"og:type\" content=\"article\" \/>\n<meta property=\"og:title\" content=\"Te\u0161ko povrije\u0111en desetogodi\u0161njak u Sjenici\" \/>\n<meta property=\"og:description\" content=\"Sjenica &#8211; Desetogodi\u0161nji B.N. iz Sjenice te\u0161ko je povrije\u0111en u centru ove op\u0161tine jer mu je na glavu pao komad fasade sa jedne stambene zgrade, pored koje je prolazio sa majkom. Besim D\u017eigal, pedijatar sjeni\u010dkog Doma zdravlja ka\u017ee da je dje\u010dak zadobio te\u0161ke povrede glave, kao i povredu lobanje. \u201cDje\u010dak je u te\u0161kom stanju upu\u0107en [&hellip;]\" \/>\n<meta property=\"og:url\" content=\"https:\/\/sandzakpress.net\/arhiva\/tesko-povrijeden-desetogodisnjak-u-sjenici\/\" \/>\n<meta property=\"og:site_name\" content=\"Sand\u017eak PRESS\" \/>\n<meta property=\"article:published_time\" content=\"2010-12-18T16:27:36+00:00\" \/>\n<meta property=\"og:image\" content=\"https:\/\/sandzakpress.net\/arhiva\/wp-content\/uploads\/2010\/12\/pretuceni-1.jpg\" \/>\n\t<meta property=\"og:image:width\" content=\"400\" \/>\n\t<meta property=\"og:image:height\" content=\"330\" \/>\n\t<meta property=\"og:image:type\" content=\"image\/jpeg\" \/>\n<meta name=\"author\" content=\"bosniak\" \/>\n<meta name=\"twitter:card\" content=\"summary_large_image\" \/>\n<meta name=\"twitter:label1\" content=\"Written by\" \/>\n\t<meta name=\"twitter:data1\" content=\"bosniak\" \/>\n\t<meta name=\"twitter:label2\" content=\"Est. reading time\" \/>\n\t<meta name=\"twitter:data2\" content=\"1 minuta\" \/>\n<script type=\"application\/ld+json\" class=\"yoast-schema-graph\">{\"@context\":\"https:\/\/schema.org\",\"@graph\":[{\"@type\":\"Article\",\"@id\":\"https:\/\/sandzakpress.net\/arhiva\/tesko-povrijeden-desetogodisnjak-u-sjenici\/#article\",\"isPartOf\":{\"@id\":\"https:\/\/sandzakpress.net\/arhiva\/tesko-povrijeden-desetogodisnjak-u-sjenici\/\"},\"author\":{\"name\":\"bosniak\",\"@id\":\"https:\/\/sandzakpress.net\/arhiva\/#\/schema\/person\/c8baee722073534b583ea7bdb2e36c02\"},\"headline\":\"Te\u0161ko povrije\u0111en desetogodi\u0161njak u Sjenici\",\"datePublished\":\"2010-12-18T16:27:36+00:00\",\"mainEntityOfPage\":{\"@id\":\"https:\/\/sandzakpress.net\/arhiva\/tesko-povrijeden-desetogodisnjak-u-sjenici\/\"},\"wordCount\":127,\"commentCount\":4,\"publisher\":{\"@id\":\"https:\/\/sandzakpress.net\/arhiva\/#\/schema\/person\/6e72b67d6e51910a1117b3b483ba20bd\"},\"image\":{\"@id\":\"https:\/\/sandzakpress.net\/arhiva\/tesko-povrijeden-desetogodisnjak-u-sjenici\/#primaryimage\"},\"thumbnailUrl\":\"https:\/\/sandzakpress.net\/arhiva\/wp-content\/uploads\/2010\/12\/pretuceni-1.jpg\",\"articleSection\":[\"Sjenica\",\"Hronika\"],\"inLanguage\":\"bs-BA\",\"potentialAction\":[{\"@type\":\"CommentAction\",\"name\":\"Comment\",\"target\":[\"https:\/\/sandzakpress.net\/arhiva\/tesko-povrijeden-desetogodisnjak-u-sjenici\/#respond\"]}]},{\"@type\":\"WebPage\",\"@id\":\"https:\/\/sandzakpress.net\/arhiva\/tesko-povrijeden-desetogodisnjak-u-sjenici\/\",\"url\":\"https:\/\/sandzakpress.net\/arhiva\/tesko-povrijeden-desetogodisnjak-u-sjenici\/\",\"name\":\"Te\u0161ko povrije\u0111en desetogodi\u0161njak u Sjenici\",\"isPartOf\":{\"@id\":\"https:\/\/sandzakpress.net\/arhiva\/#website\"},\"primaryImageOfPage\":{\"@id\":\"https:\/\/sandzakpress.net\/arhiva\/tesko-povrijeden-desetogodisnjak-u-sjenici\/#primaryimage\"},\"image\":{\"@id\":\"https:\/\/sandzakpress.net\/arhiva\/tesko-povrijeden-desetogodisnjak-u-sjenici\/#primaryimage\"},\"thumbnailUrl\":\"https:\/\/sandzakpress.net\/arhiva\/wp-content\/uploads\/2010\/12\/pretuceni-1.jpg\",\"datePublished\":\"2010-12-18T16:27:36+00:00\",\"breadcrumb\":{\"@id\":\"https:\/\/sandzakpress.net\/arhiva\/tesko-povrijeden-desetogodisnjak-u-sjenici\/#breadcrumb\"},\"inLanguage\":\"bs-BA\",\"potentialAction\":[{\"@type\":\"ReadAction\",\"target\":[\"https:\/\/sandzakpress.net\/arhiva\/tesko-povrijeden-desetogodisnjak-u-sjenici\/\"]}]},{\"@type\":\"ImageObject\",\"inLanguage\":\"bs-BA\",\"@id\":\"https:\/\/sandzakpress.net\/arhiva\/tesko-povrijeden-desetogodisnjak-u-sjenici\/#primaryimage\",\"url\":\"https:\/\/sandzakpress.net\/arhiva\/wp-content\/uploads\/2010\/12\/pretuceni-1.jpg\",\"contentUrl\":\"https:\/\/sandzakpress.net\/arhiva\/wp-content\/uploads\/2010\/12\/pretuceni-1.jpg\",\"width\":400,\"height\":330},{\"@type\":\"BreadcrumbList\",\"@id\":\"https:\/\/sandzakpress.net\/arhiva\/tesko-povrijeden-desetogodisnjak-u-sjenici\/#breadcrumb\",\"itemListElement\":[{\"@type\":\"ListItem\",\"position\":1,\"name\":\"Home\",\"item\":\"https:\/\/sandzakpress.net\/arhiva\/\"},{\"@type\":\"ListItem\",\"position\":2,\"name\":\"Te\u0161ko povrije\u0111en desetogodi\u0161njak u Sjenici\"}]},{\"@type\":\"WebSite\",\"@id\":\"https:\/\/sandzakpress.net\/arhiva\/#website\",\"url\":\"https:\/\/sandzakpress.net\/arhiva\/\",\"name\":\"Sand\u017eak PRESS\",\"description\":\"Prve elektronske novine u Sand\u017eaku\",\"publisher\":{\"@id\":\"https:\/\/sandzakpress.net\/arhiva\/#\/schema\/person\/6e72b67d6e51910a1117b3b483ba20bd\"},\"potentialAction\":[{\"@type\":\"SearchAction\",\"target\":{\"@type\":\"EntryPoint\",\"urlTemplate\":\"https:\/\/sandzakpress.net\/arhiva\/?s={search_term_string}\"},\"query-input\":{\"@type\":\"PropertyValueSpecification\",\"valueRequired\":true,\"valueName\":\"search_term_string\"}}],\"inLanguage\":\"bs-BA\"},{\"@type\":[\"Person\",\"Organization\"],\"@id\":\"https:\/\/sandzakpress.net\/arhiva\/#\/schema\/person\/6e72b67d6e51910a1117b3b483ba20bd\",\"name\":\"Kul\",\"image\":{\"@type\":\"ImageObject\",\"inLanguage\":\"bs-BA\",\"@id\":\"https:\/\/sandzakpress.net\/arhiva\/#\/schema\/person\/image\/\",\"url\":\"https:\/\/secure.gravatar.com\/avatar\/42263f39aa27ac04c43cab85c280eb2e?s=96&d=mm&r=pg\",\"contentUrl\":\"https:\/\/secure.gravatar.com\/avatar\/42263f39aa27ac04c43cab85c280eb2e?s=96&d=mm&r=pg\",\"caption\":\"Kul\"},\"logo\":{\"@id\":\"https:\/\/sandzakpress.net\/arhiva\/#\/schema\/person\/image\/\"}},{\"@type\":\"Person\",\"@id\":\"https:\/\/sandzakpress.net\/arhiva\/#\/schema\/person\/c8baee722073534b583ea7bdb2e36c02\",\"name\":\"bosniak\",\"image\":{\"@type\":\"ImageObject\",\"inLanguage\":\"bs-BA\",\"@id\":\"https:\/\/sandzakpress.net\/arhiva\/#\/schema\/person\/image\/\",\"url\":\"https:\/\/secure.gravatar.com\/avatar\/a04fd330bfe3a36a72a0ad4a6d89fca7?s=96&d=mm&r=pg\",\"contentUrl\":\"https:\/\/secure.gravatar.com\/avatar\/a04fd330bfe3a36a72a0ad4a6d89fca7?s=96&d=mm&r=pg\",\"caption\":\"bosniak\"},\"url\":\"https:\/\/sandzakpress.net\/arhiva\/author\/bosniak\/\"}]}<\/script>\n<!-- \/ Yoast SEO Premium plugin. -->","yoast_head_json":{"title":"Te\u0161ko povrije\u0111en desetogodi\u0161njak u Sjenici","robots":{"index":"index","follow":"follow","max-snippet":"max-snippet:-1","max-image-preview":"max-image-preview:large","max-video-preview":"max-video-preview:-1"},"canonical":"https:\/\/sandzakpress.net\/arhiva\/tesko-povrijeden-desetogodisnjak-u-sjenici\/","og_locale":"bs_BA","og_type":"article","og_title":"Te\u0161ko povrije\u0111en desetogodi\u0161njak u Sjenici","og_description":"Sjenica &#8211; Desetogodi\u0161nji B.N. iz Sjenice te\u0161ko je povrije\u0111en u centru ove op\u0161tine jer mu je na glavu pao komad fasade sa jedne stambene zgrade, pored koje je prolazio sa majkom. Besim D\u017eigal, pedijatar sjeni\u010dkog Doma zdravlja ka\u017ee da je dje\u010dak zadobio te\u0161ke povrede glave, kao i povredu lobanje. \u201cDje\u010dak je u te\u0161kom stanju upu\u0107en [&hellip;]","og_url":"https:\/\/sandzakpress.net\/arhiva\/tesko-povrijeden-desetogodisnjak-u-sjenici\/","og_site_name":"Sand\u017eak PRESS","article_published_time":"2010-12-18T16:27:36+00:00","og_image":[{"width":400,"height":330,"url":"https:\/\/sandzakpress.net\/arhiva\/wp-content\/uploads\/2010\/12\/pretuceni-1.jpg","type":"image\/jpeg"}],"author":"bosniak","twitter_card":"summary_large_image","twitter_misc":{"Written by":"bosniak","Est. reading time":"1 minuta"},"schema":{"@context":"https:\/\/schema.org","@graph":[{"@type":"Article","@id":"https:\/\/sandzakpress.net\/arhiva\/tesko-povrijeden-desetogodisnjak-u-sjenici\/#article","isPartOf":{"@id":"https:\/\/sandzakpress.net\/arhiva\/tesko-povrijeden-desetogodisnjak-u-sjenici\/"},"author":{"name":"bosniak","@id":"https:\/\/sandzakpress.net\/arhiva\/#\/schema\/person\/c8baee722073534b583ea7bdb2e36c02"},"headline":"Te\u0161ko povrije\u0111en desetogodi\u0161njak u Sjenici","datePublished":"2010-12-18T16:27:36+00:00","mainEntityOfPage":{"@id":"https:\/\/sandzakpress.net\/arhiva\/tesko-povrijeden-desetogodisnjak-u-sjenici\/"},"wordCount":127,"commentCount":4,"publisher":{"@id":"https:\/\/sandzakpress.net\/arhiva\/#\/schema\/person\/6e72b67d6e51910a1117b3b483ba20bd"},"image":{"@id":"https:\/\/sandzakpress.net\/arhiva\/tesko-povrijeden-desetogodisnjak-u-sjenici\/#primaryimage"},"thumbnailUrl":"https:\/\/sandzakpress.net\/arhiva\/wp-content\/uploads\/2010\/12\/pretuceni-1.jpg","articleSection":["Sjenica","Hronika"],"inLanguage":"bs-BA","potentialAction":[{"@type":"CommentAction","name":"Comment","target":["https:\/\/sandzakpress.net\/arhiva\/tesko-povrijeden-desetogodisnjak-u-sjenici\/#respond"]}]},{"@type":"WebPage","@id":"https:\/\/sandzakpress.net\/arhiva\/tesko-povrijeden-desetogodisnjak-u-sjenici\/","url":"https:\/\/sandzakpress.net\/arhiva\/tesko-povrijeden-desetogodisnjak-u-sjenici\/","name":"Te\u0161ko povrije\u0111en desetogodi\u0161njak u Sjenici","isPartOf":{"@id":"https:\/\/sandzakpress.net\/arhiva\/#website"},"primaryImageOfPage":{"@id":"https:\/\/sandzakpress.net\/arhiva\/tesko-povrijeden-desetogodisnjak-u-sjenici\/#primaryimage"},"image":{"@id":"https:\/\/sandzakpress.net\/arhiva\/tesko-povrijeden-desetogodisnjak-u-sjenici\/#primaryimage"},"thumbnailUrl":"https:\/\/sandzakpress.net\/arhiva\/wp-content\/uploads\/2010\/12\/pretuceni-1.jpg","datePublished":"2010-12-18T16:27:36+00:00","breadcrumb":{"@id":"https:\/\/sandzakpress.net\/arhiva\/tesko-povrijeden-desetogodisnjak-u-sjenici\/#breadcrumb"},"inLanguage":"bs-BA","potentialAction":[{"@type":"ReadAction","target":["https:\/\/sandzakpress.net\/arhiva\/tesko-povrijeden-desetogodisnjak-u-sjenici\/"]}]},{"@type":"ImageObject","inLanguage":"bs-BA","@id":"https:\/\/sandzakpress.net\/arhiva\/tesko-povrijeden-desetogodisnjak-u-sjenici\/#primaryimage","url":"https:\/\/sandzakpress.net\/arhiva\/wp-content\/uploads\/2010\/12\/pretuceni-1.jpg","contentUrl":"https:\/\/sandzakpress.net\/arhiva\/wp-content\/uploads\/2010\/12\/pretuceni-1.jpg","width":400,"height":330},{"@type":"BreadcrumbList","@id":"https:\/\/sandzakpress.net\/arhiva\/tesko-povrijeden-desetogodisnjak-u-sjenici\/#breadcrumb","itemListElement":[{"@type":"ListItem","position":1,"name":"Home","item":"https:\/\/sandzakpress.net\/arhiva\/"},{"@type":"ListItem","position":2,"name":"Te\u0161ko povrije\u0111en desetogodi\u0161njak u Sjenici"}]},{"@type":"WebSite","@id":"https:\/\/sandzakpress.net\/arhiva\/#website","url":"https:\/\/sandzakpress.net\/arhiva\/","name":"Sand\u017eak PRESS","description":"Prve elektronske novine u Sand\u017eaku","publisher":{"@id":"https:\/\/sandzakpress.net\/arhiva\/#\/schema\/person\/6e72b67d6e51910a1117b3b483ba20bd"},"potentialAction":[{"@type":"SearchAction","target":{"@type":"EntryPoint","urlTemplate":"https:\/\/sandzakpress.net\/arhiva\/?s={search_term_string}"},"query-input":{"@type":"PropertyValueSpecification","valueRequired":true,"valueName":"search_term_string"}}],"inLanguage":"bs-BA"},{"@type":["Person","Organization"],"@id":"https:\/\/sandzakpress.net\/arhiva\/#\/schema\/person\/6e72b67d6e51910a1117b3b483ba20bd","name":"Kul","image":{"@type":"ImageObject","inLanguage":"bs-BA","@id":"https:\/\/sandzakpress.net\/arhiva\/#\/schema\/person\/image\/","url":"https:\/\/secure.gravatar.com\/avatar\/42263f39aa27ac04c43cab85c280eb2e?s=96&d=mm&r=pg","contentUrl":"https:\/\/secure.gravatar.com\/avatar\/42263f39aa27ac04c43cab85c280eb2e?s=96&d=mm&r=pg","caption":"Kul"},"logo":{"@id":"https:\/\/sandzakpress.net\/arhiva\/#\/schema\/person\/image\/"}},{"@type":"Person","@id":"https:\/\/sandzakpress.net\/arhiva\/#\/schema\/person\/c8baee722073534b583ea7bdb2e36c02","name":"bosniak","image":{"@type":"ImageObject","inLanguage":"bs-BA","@id":"https:\/\/sandzakpress.net\/arhiva\/#\/schema\/person\/image\/","url":"https:\/\/secure.gravatar.com\/avatar\/a04fd330bfe3a36a72a0ad4a6d89fca7?s=96&d=mm&r=pg","contentUrl":"https:\/\/secure.gravatar.com\/avatar\/a04fd330bfe3a36a72a0ad4a6d89fca7?s=96&d=mm&r=pg","caption":"bosniak"},"url":"https:\/\/sandzakpress.net\/arhiva\/author\/bosniak\/"}]}},"_links":{"self":[{"href":"https:\/\/sandzakpress.net\/arhiva\/wp-json\/wp\/v2\/posts\/10679"}],"collection":[{"href":"https:\/\/sandzakpress.net\/arhiva\/wp-json\/wp\/v2\/posts"}],"about":[{"href":"https:\/\/sandzakpress.net\/arhiva\/wp-json\/wp\/v2\/types\/post"}],"author":[{"embeddable":true,"href":"https:\/\/sandzakpress.net\/arhiva\/wp-json\/wp\/v2\/users\/83"}],"replies":[{"embeddable":true,"href":"https:\/\/sandzakpress.net\/arhiva\/wp-json\/wp\/v2\/comments?post=10679"}],"version-history":[{"count":0,"href":"https:\/\/sandzakpress.net\/arhiva\/wp-json\/wp\/v2\/posts\/10679\/revisions"}],"wp:featuredmedia":[{"embeddable":true,"href":"https:\/\/sandzakpress.net\/arhiva\/wp-json\/wp\/v2\/media\/10680"}],"wp:attachment":[{"href":"https:\/\/sandzakpress.net\/arhiva\/wp-json\/wp\/v2\/media?parent=10679"}],"wp:term":[{"taxonomy":"category","embeddable":true,"href":"https:\/\/sandzakpress.net\/arhiva\/wp-json\/wp\/v2\/categories?post=10679"},{"taxonomy":"post_tag","embeddable":true,"href":"https:\/\/sandzakpress.net\/arhiva\/wp-json\/wp\/v2\/tags?post=10679"}],"curies":[{"name":"wp","href":"https:\/\/api.w.org\/{rel}","templated":true}]}}