{"id":106764,"date":"2014-05-31T22:04:20","date_gmt":"2014-05-31T20:04:20","guid":{"rendered":"https:\/\/sandzakpress.net\/arhiva\/?p=106764"},"modified":"2014-05-31T22:04:20","modified_gmt":"2014-05-31T20:04:20","slug":"u-srebrenici-i-dalje-aktivna-klizista","status":"publish","type":"post","link":"https:\/\/sandzakpress.net\/arhiva\/u-srebrenici-i-dalje-aktivna-klizista\/","title":{"rendered":"U Srebrenici i dalje aktivna klizi\u0161ta"},"content":{"rendered":"<p><img loading=\"lazy\" decoding=\"async\" class=\"alignleft\" src=\"http:\/\/bosnapress.co\/wp-content\/uploads\/2014\/05\/index23.jpg\" alt=\"\" width=\"299\" height=\"168\" \/><\/p>\n<p><strong>BiH &#8211;\u00a0<\/strong><strong style=\"font-style: inherit;\">Jo\u0161 je dosta\u00a0<span style=\"font-style: inherit;\">sela<\/span>\u00a0koja su blokirana zbog nedostatka mehanizacije. Slu\u017ebenici civilne za\u0161tite su slali dopis ambasadama da pomognu, a pomo\u0107 koja je nephodna je gorivo da bi mogli da rade na blokadi puteva.<\/strong><\/p>\n<p><span style=\"font-style: inherit; font-weight: inherit;\">\u201cOru\u017eane snage BiH su dostavile jednu ma\u0161inu, a drugu \u0107emo dobiti sutra. Na podru\u010dju na\u0161e op\u0107ine je regristrovano vi\u0161e od 150 klizi\u0161ta, a siguran\u00a0<span style=\"font-style: inherit;\">sam<\/span>\u00a0da ih ima oko 200, jer nisu sva evidentirana i pojedina klizi\u0161ta su i dalje aktivna\u201d, izjavio je za Agenciju Fena Bego Bekti\u0107, \u0161ef Kriznog \u0161taba Civilne za\u0161tite Op\u0107ine Srebrenica.<\/span><\/p>\n<p><span style=\"font-style: inherit; font-weight: inherit;\">Najkriti\u010dnija lokacija putnih pravaca su Skenderovi\u0107i, Su\u0107eska i Sase, a trenutno nema opasnosti od neeskplodiranih sredstava, ali ipak iz Civilne za\u0161tite apeluju na gra\u0111ane da budu oprezni prilikom \u010di\u0161\u0107enja.<\/span><\/p>\n<p><span style=\"font-style: inherit; font-weight: inherit;\">Komisija za procjenu \u0161tete na poljoprivredni nakon poplava je na terenu i prikupljaju informacije i \u0161tete koje su nastale na usijevima, a rezultati \u0107e\u00a0<span style=\"font-style: inherit;\">se<\/span>\u00a0znati naredne sedmice.<\/span><\/p>\n<p><span style=\"font-style: inherit; font-weight: inherit;\">(Isto\u010dna Bosna)<\/span><\/p>\n","protected":false},"excerpt":{"rendered":"<p>BiH &#8211;\u00a0Jo\u0161 je dosta\u00a0sela\u00a0koja su blokirana zbog nedostatka mehanizacije. Slu\u017ebenici civilne za\u0161tite su slali dopis ambasadama da pomognu, a pomo\u0107 koja je nephodna je gorivo da bi mogli da rade na blokadi puteva. \u201cOru\u017eane snage BiH su dostavile jednu ma\u0161inu, a drugu \u0107emo dobiti sutra. Na podru\u010dju na\u0161e op\u0107ine je regristrovano vi\u0161e od 150 klizi\u0161ta, [&hellip;]<\/p>\n","protected":false},"author":83,"featured_media":106765,"comment_status":"open","ping_status":"open","sticky":false,"template":"","format":"standard","meta":{"footnotes":""},"categories":[2860,801],"tags":[],"class_list":{"0":"post-106764","1":"post","2":"type-post","3":"status-publish","4":"format-standard","5":"has-post-thumbnail","7":"category-bosna-i-hercegovina-gradovi","8":"category-crna_hronika"},"yoast_head":"<!-- This site is optimized with the Yoast SEO Premium plugin v23.1 (Yoast SEO v24.9) - https:\/\/yoast.com\/wordpress\/plugins\/seo\/ -->\n<title>U Srebrenici i dalje aktivna klizi\u0161ta<\/title>\n<meta name=\"robots\" content=\"index, follow, max-snippet:-1, max-image-preview:large, max-video-preview:-1\" \/>\n<link rel=\"canonical\" href=\"https:\/\/sandzakpress.net\/arhiva\/u-srebrenici-i-dalje-aktivna-klizista\/\" \/>\n<meta property=\"og:locale\" content=\"bs_BA\" \/>\n<meta property=\"og:type\" content=\"article\" \/>\n<meta property=\"og:title\" content=\"U Srebrenici i dalje aktivna klizi\u0161ta\" \/>\n<meta property=\"og:description\" content=\"BiH &#8211;\u00a0Jo\u0161 je dosta\u00a0sela\u00a0koja su blokirana zbog nedostatka mehanizacije. Slu\u017ebenici civilne za\u0161tite su slali dopis ambasadama da pomognu, a pomo\u0107 koja je nephodna je gorivo da bi mogli da rade na blokadi puteva. \u201cOru\u017eane snage BiH su dostavile jednu ma\u0161inu, a drugu \u0107emo dobiti sutra. Na podru\u010dju na\u0161e op\u0107ine je regristrovano vi\u0161e od 150 klizi\u0161ta, [&hellip;]\" \/>\n<meta property=\"og:url\" content=\"https:\/\/sandzakpress.net\/arhiva\/u-srebrenici-i-dalje-aktivna-klizista\/\" \/>\n<meta property=\"og:site_name\" content=\"Sand\u017eak PRESS\" \/>\n<meta property=\"article:published_time\" content=\"2014-05-31T20:04:20+00:00\" \/>\n<meta property=\"og:image\" content=\"https:\/\/sandzakpress.net\/arhiva\/wp-content\/uploads\/2014\/05\/index23.jpg\" \/>\n\t<meta property=\"og:image:width\" content=\"299\" \/>\n\t<meta property=\"og:image:height\" content=\"168\" \/>\n\t<meta property=\"og:image:type\" content=\"image\/jpeg\" \/>\n<meta name=\"author\" content=\"bosniak\" \/>\n<meta name=\"twitter:card\" content=\"summary_large_image\" \/>\n<meta name=\"twitter:label1\" content=\"Written by\" \/>\n\t<meta name=\"twitter:data1\" content=\"bosniak\" \/>\n\t<meta name=\"twitter:label2\" content=\"Est. reading time\" \/>\n\t<meta name=\"twitter:data2\" content=\"1 minuta\" \/>\n<script type=\"application\/ld+json\" class=\"yoast-schema-graph\">{\"@context\":\"https:\/\/schema.org\",\"@graph\":[{\"@type\":\"Article\",\"@id\":\"https:\/\/sandzakpress.net\/arhiva\/u-srebrenici-i-dalje-aktivna-klizista\/#article\",\"isPartOf\":{\"@id\":\"https:\/\/sandzakpress.net\/arhiva\/u-srebrenici-i-dalje-aktivna-klizista\/\"},\"author\":{\"name\":\"bosniak\",\"@id\":\"https:\/\/sandzakpress.net\/arhiva\/#\/schema\/person\/c8baee722073534b583ea7bdb2e36c02\"},\"headline\":\"U Srebrenici i dalje aktivna klizi\u0161ta\",\"datePublished\":\"2014-05-31T20:04:20+00:00\",\"mainEntityOfPage\":{\"@id\":\"https:\/\/sandzakpress.net\/arhiva\/u-srebrenici-i-dalje-aktivna-klizista\/\"},\"wordCount\":174,\"commentCount\":0,\"publisher\":{\"@id\":\"https:\/\/sandzakpress.net\/arhiva\/#\/schema\/person\/6e72b67d6e51910a1117b3b483ba20bd\"},\"image\":{\"@id\":\"https:\/\/sandzakpress.net\/arhiva\/u-srebrenici-i-dalje-aktivna-klizista\/#primaryimage\"},\"thumbnailUrl\":\"https:\/\/sandzakpress.net\/arhiva\/wp-content\/uploads\/2014\/05\/index23.jpg\",\"articleSection\":[\"Bosna i Hercegovina\",\"Hronika\"],\"inLanguage\":\"bs-BA\",\"potentialAction\":[{\"@type\":\"CommentAction\",\"name\":\"Comment\",\"target\":[\"https:\/\/sandzakpress.net\/arhiva\/u-srebrenici-i-dalje-aktivna-klizista\/#respond\"]}]},{\"@type\":\"WebPage\",\"@id\":\"https:\/\/sandzakpress.net\/arhiva\/u-srebrenici-i-dalje-aktivna-klizista\/\",\"url\":\"https:\/\/sandzakpress.net\/arhiva\/u-srebrenici-i-dalje-aktivna-klizista\/\",\"name\":\"U Srebrenici i dalje aktivna klizi\u0161ta\",\"isPartOf\":{\"@id\":\"https:\/\/sandzakpress.net\/arhiva\/#website\"},\"primaryImageOfPage\":{\"@id\":\"https:\/\/sandzakpress.net\/arhiva\/u-srebrenici-i-dalje-aktivna-klizista\/#primaryimage\"},\"image\":{\"@id\":\"https:\/\/sandzakpress.net\/arhiva\/u-srebrenici-i-dalje-aktivna-klizista\/#primaryimage\"},\"thumbnailUrl\":\"https:\/\/sandzakpress.net\/arhiva\/wp-content\/uploads\/2014\/05\/index23.jpg\",\"datePublished\":\"2014-05-31T20:04:20+00:00\",\"breadcrumb\":{\"@id\":\"https:\/\/sandzakpress.net\/arhiva\/u-srebrenici-i-dalje-aktivna-klizista\/#breadcrumb\"},\"inLanguage\":\"bs-BA\",\"potentialAction\":[{\"@type\":\"ReadAction\",\"target\":[\"https:\/\/sandzakpress.net\/arhiva\/u-srebrenici-i-dalje-aktivna-klizista\/\"]}]},{\"@type\":\"ImageObject\",\"inLanguage\":\"bs-BA\",\"@id\":\"https:\/\/sandzakpress.net\/arhiva\/u-srebrenici-i-dalje-aktivna-klizista\/#primaryimage\",\"url\":\"https:\/\/sandzakpress.net\/arhiva\/wp-content\/uploads\/2014\/05\/index23.jpg\",\"contentUrl\":\"https:\/\/sandzakpress.net\/arhiva\/wp-content\/uploads\/2014\/05\/index23.jpg\",\"width\":299,\"height\":168},{\"@type\":\"BreadcrumbList\",\"@id\":\"https:\/\/sandzakpress.net\/arhiva\/u-srebrenici-i-dalje-aktivna-klizista\/#breadcrumb\",\"itemListElement\":[{\"@type\":\"ListItem\",\"position\":1,\"name\":\"Home\",\"item\":\"https:\/\/sandzakpress.net\/arhiva\/\"},{\"@type\":\"ListItem\",\"position\":2,\"name\":\"U Srebrenici i dalje aktivna klizi\u0161ta\"}]},{\"@type\":\"WebSite\",\"@id\":\"https:\/\/sandzakpress.net\/arhiva\/#website\",\"url\":\"https:\/\/sandzakpress.net\/arhiva\/\",\"name\":\"Sand\u017eak PRESS\",\"description\":\"Prve elektronske novine u Sand\u017eaku\",\"publisher\":{\"@id\":\"https:\/\/sandzakpress.net\/arhiva\/#\/schema\/person\/6e72b67d6e51910a1117b3b483ba20bd\"},\"potentialAction\":[{\"@type\":\"SearchAction\",\"target\":{\"@type\":\"EntryPoint\",\"urlTemplate\":\"https:\/\/sandzakpress.net\/arhiva\/?s={search_term_string}\"},\"query-input\":{\"@type\":\"PropertyValueSpecification\",\"valueRequired\":true,\"valueName\":\"search_term_string\"}}],\"inLanguage\":\"bs-BA\"},{\"@type\":[\"Person\",\"Organization\"],\"@id\":\"https:\/\/sandzakpress.net\/arhiva\/#\/schema\/person\/6e72b67d6e51910a1117b3b483ba20bd\",\"name\":\"Kul\",\"image\":{\"@type\":\"ImageObject\",\"inLanguage\":\"bs-BA\",\"@id\":\"https:\/\/sandzakpress.net\/arhiva\/#\/schema\/person\/image\/\",\"url\":\"https:\/\/secure.gravatar.com\/avatar\/42263f39aa27ac04c43cab85c280eb2e?s=96&d=mm&r=pg\",\"contentUrl\":\"https:\/\/secure.gravatar.com\/avatar\/42263f39aa27ac04c43cab85c280eb2e?s=96&d=mm&r=pg\",\"caption\":\"Kul\"},\"logo\":{\"@id\":\"https:\/\/sandzakpress.net\/arhiva\/#\/schema\/person\/image\/\"}},{\"@type\":\"Person\",\"@id\":\"https:\/\/sandzakpress.net\/arhiva\/#\/schema\/person\/c8baee722073534b583ea7bdb2e36c02\",\"name\":\"bosniak\",\"image\":{\"@type\":\"ImageObject\",\"inLanguage\":\"bs-BA\",\"@id\":\"https:\/\/sandzakpress.net\/arhiva\/#\/schema\/person\/image\/\",\"url\":\"https:\/\/secure.gravatar.com\/avatar\/a04fd330bfe3a36a72a0ad4a6d89fca7?s=96&d=mm&r=pg\",\"contentUrl\":\"https:\/\/secure.gravatar.com\/avatar\/a04fd330bfe3a36a72a0ad4a6d89fca7?s=96&d=mm&r=pg\",\"caption\":\"bosniak\"},\"url\":\"https:\/\/sandzakpress.net\/arhiva\/author\/bosniak\/\"}]}<\/script>\n<!-- \/ Yoast SEO Premium plugin. -->","yoast_head_json":{"title":"U Srebrenici i dalje aktivna klizi\u0161ta","robots":{"index":"index","follow":"follow","max-snippet":"max-snippet:-1","max-image-preview":"max-image-preview:large","max-video-preview":"max-video-preview:-1"},"canonical":"https:\/\/sandzakpress.net\/arhiva\/u-srebrenici-i-dalje-aktivna-klizista\/","og_locale":"bs_BA","og_type":"article","og_title":"U Srebrenici i dalje aktivna klizi\u0161ta","og_description":"BiH &#8211;\u00a0Jo\u0161 je dosta\u00a0sela\u00a0koja su blokirana zbog nedostatka mehanizacije. Slu\u017ebenici civilne za\u0161tite su slali dopis ambasadama da pomognu, a pomo\u0107 koja je nephodna je gorivo da bi mogli da rade na blokadi puteva. \u201cOru\u017eane snage BiH su dostavile jednu ma\u0161inu, a drugu \u0107emo dobiti sutra. Na podru\u010dju na\u0161e op\u0107ine je regristrovano vi\u0161e od 150 klizi\u0161ta, [&hellip;]","og_url":"https:\/\/sandzakpress.net\/arhiva\/u-srebrenici-i-dalje-aktivna-klizista\/","og_site_name":"Sand\u017eak PRESS","article_published_time":"2014-05-31T20:04:20+00:00","og_image":[{"width":299,"height":168,"url":"https:\/\/sandzakpress.net\/arhiva\/wp-content\/uploads\/2014\/05\/index23.jpg","type":"image\/jpeg"}],"author":"bosniak","twitter_card":"summary_large_image","twitter_misc":{"Written by":"bosniak","Est. reading time":"1 minuta"},"schema":{"@context":"https:\/\/schema.org","@graph":[{"@type":"Article","@id":"https:\/\/sandzakpress.net\/arhiva\/u-srebrenici-i-dalje-aktivna-klizista\/#article","isPartOf":{"@id":"https:\/\/sandzakpress.net\/arhiva\/u-srebrenici-i-dalje-aktivna-klizista\/"},"author":{"name":"bosniak","@id":"https:\/\/sandzakpress.net\/arhiva\/#\/schema\/person\/c8baee722073534b583ea7bdb2e36c02"},"headline":"U Srebrenici i dalje aktivna klizi\u0161ta","datePublished":"2014-05-31T20:04:20+00:00","mainEntityOfPage":{"@id":"https:\/\/sandzakpress.net\/arhiva\/u-srebrenici-i-dalje-aktivna-klizista\/"},"wordCount":174,"commentCount":0,"publisher":{"@id":"https:\/\/sandzakpress.net\/arhiva\/#\/schema\/person\/6e72b67d6e51910a1117b3b483ba20bd"},"image":{"@id":"https:\/\/sandzakpress.net\/arhiva\/u-srebrenici-i-dalje-aktivna-klizista\/#primaryimage"},"thumbnailUrl":"https:\/\/sandzakpress.net\/arhiva\/wp-content\/uploads\/2014\/05\/index23.jpg","articleSection":["Bosna i Hercegovina","Hronika"],"inLanguage":"bs-BA","potentialAction":[{"@type":"CommentAction","name":"Comment","target":["https:\/\/sandzakpress.net\/arhiva\/u-srebrenici-i-dalje-aktivna-klizista\/#respond"]}]},{"@type":"WebPage","@id":"https:\/\/sandzakpress.net\/arhiva\/u-srebrenici-i-dalje-aktivna-klizista\/","url":"https:\/\/sandzakpress.net\/arhiva\/u-srebrenici-i-dalje-aktivna-klizista\/","name":"U Srebrenici i dalje aktivna klizi\u0161ta","isPartOf":{"@id":"https:\/\/sandzakpress.net\/arhiva\/#website"},"primaryImageOfPage":{"@id":"https:\/\/sandzakpress.net\/arhiva\/u-srebrenici-i-dalje-aktivna-klizista\/#primaryimage"},"image":{"@id":"https:\/\/sandzakpress.net\/arhiva\/u-srebrenici-i-dalje-aktivna-klizista\/#primaryimage"},"thumbnailUrl":"https:\/\/sandzakpress.net\/arhiva\/wp-content\/uploads\/2014\/05\/index23.jpg","datePublished":"2014-05-31T20:04:20+00:00","breadcrumb":{"@id":"https:\/\/sandzakpress.net\/arhiva\/u-srebrenici-i-dalje-aktivna-klizista\/#breadcrumb"},"inLanguage":"bs-BA","potentialAction":[{"@type":"ReadAction","target":["https:\/\/sandzakpress.net\/arhiva\/u-srebrenici-i-dalje-aktivna-klizista\/"]}]},{"@type":"ImageObject","inLanguage":"bs-BA","@id":"https:\/\/sandzakpress.net\/arhiva\/u-srebrenici-i-dalje-aktivna-klizista\/#primaryimage","url":"https:\/\/sandzakpress.net\/arhiva\/wp-content\/uploads\/2014\/05\/index23.jpg","contentUrl":"https:\/\/sandzakpress.net\/arhiva\/wp-content\/uploads\/2014\/05\/index23.jpg","width":299,"height":168},{"@type":"BreadcrumbList","@id":"https:\/\/sandzakpress.net\/arhiva\/u-srebrenici-i-dalje-aktivna-klizista\/#breadcrumb","itemListElement":[{"@type":"ListItem","position":1,"name":"Home","item":"https:\/\/sandzakpress.net\/arhiva\/"},{"@type":"ListItem","position":2,"name":"U Srebrenici i dalje aktivna klizi\u0161ta"}]},{"@type":"WebSite","@id":"https:\/\/sandzakpress.net\/arhiva\/#website","url":"https:\/\/sandzakpress.net\/arhiva\/","name":"Sand\u017eak PRESS","description":"Prve elektronske novine u Sand\u017eaku","publisher":{"@id":"https:\/\/sandzakpress.net\/arhiva\/#\/schema\/person\/6e72b67d6e51910a1117b3b483ba20bd"},"potentialAction":[{"@type":"SearchAction","target":{"@type":"EntryPoint","urlTemplate":"https:\/\/sandzakpress.net\/arhiva\/?s={search_term_string}"},"query-input":{"@type":"PropertyValueSpecification","valueRequired":true,"valueName":"search_term_string"}}],"inLanguage":"bs-BA"},{"@type":["Person","Organization"],"@id":"https:\/\/sandzakpress.net\/arhiva\/#\/schema\/person\/6e72b67d6e51910a1117b3b483ba20bd","name":"Kul","image":{"@type":"ImageObject","inLanguage":"bs-BA","@id":"https:\/\/sandzakpress.net\/arhiva\/#\/schema\/person\/image\/","url":"https:\/\/secure.gravatar.com\/avatar\/42263f39aa27ac04c43cab85c280eb2e?s=96&d=mm&r=pg","contentUrl":"https:\/\/secure.gravatar.com\/avatar\/42263f39aa27ac04c43cab85c280eb2e?s=96&d=mm&r=pg","caption":"Kul"},"logo":{"@id":"https:\/\/sandzakpress.net\/arhiva\/#\/schema\/person\/image\/"}},{"@type":"Person","@id":"https:\/\/sandzakpress.net\/arhiva\/#\/schema\/person\/c8baee722073534b583ea7bdb2e36c02","name":"bosniak","image":{"@type":"ImageObject","inLanguage":"bs-BA","@id":"https:\/\/sandzakpress.net\/arhiva\/#\/schema\/person\/image\/","url":"https:\/\/secure.gravatar.com\/avatar\/a04fd330bfe3a36a72a0ad4a6d89fca7?s=96&d=mm&r=pg","contentUrl":"https:\/\/secure.gravatar.com\/avatar\/a04fd330bfe3a36a72a0ad4a6d89fca7?s=96&d=mm&r=pg","caption":"bosniak"},"url":"https:\/\/sandzakpress.net\/arhiva\/author\/bosniak\/"}]}},"_links":{"self":[{"href":"https:\/\/sandzakpress.net\/arhiva\/wp-json\/wp\/v2\/posts\/106764"}],"collection":[{"href":"https:\/\/sandzakpress.net\/arhiva\/wp-json\/wp\/v2\/posts"}],"about":[{"href":"https:\/\/sandzakpress.net\/arhiva\/wp-json\/wp\/v2\/types\/post"}],"author":[{"embeddable":true,"href":"https:\/\/sandzakpress.net\/arhiva\/wp-json\/wp\/v2\/users\/83"}],"replies":[{"embeddable":true,"href":"https:\/\/sandzakpress.net\/arhiva\/wp-json\/wp\/v2\/comments?post=106764"}],"version-history":[{"count":0,"href":"https:\/\/sandzakpress.net\/arhiva\/wp-json\/wp\/v2\/posts\/106764\/revisions"}],"wp:featuredmedia":[{"embeddable":true,"href":"https:\/\/sandzakpress.net\/arhiva\/wp-json\/wp\/v2\/media\/106765"}],"wp:attachment":[{"href":"https:\/\/sandzakpress.net\/arhiva\/wp-json\/wp\/v2\/media?parent=106764"}],"wp:term":[{"taxonomy":"category","embeddable":true,"href":"https:\/\/sandzakpress.net\/arhiva\/wp-json\/wp\/v2\/categories?post=106764"},{"taxonomy":"post_tag","embeddable":true,"href":"https:\/\/sandzakpress.net\/arhiva\/wp-json\/wp\/v2\/tags?post=106764"}],"curies":[{"name":"wp","href":"https:\/\/api.w.org\/{rel}","templated":true}]}}