{"id":106665,"date":"2014-05-30T03:24:17","date_gmt":"2014-05-30T01:24:17","guid":{"rendered":"https:\/\/sandzakpress.net\/arhiva\/?p=106665"},"modified":"2014-05-30T03:26:22","modified_gmt":"2014-05-30T01:26:22","slug":"obiljezena-561-godisnjica-osvajanja-istanbula","status":"publish","type":"post","link":"https:\/\/sandzakpress.net\/arhiva\/obiljezena-561-godisnjica-osvajanja-istanbula\/","title":{"rendered":"Obilje\u017eena 561. godi\u0161njica osvajanja Istanbula"},"content":{"rendered":"<p><strong><img loading=\"lazy\" decoding=\"async\" class=\"alignleft\" src=\"http:\/\/www.trtbosanski.com\/fotograf\/haberler\/detay\/obiljezavanje-561-godisnjice-osvajanja-istanbula_trt-bosanski-27614.jpg\" alt=\"obiljezavanje-561-godisnjice-osvajanja-istanbula\" width=\"311\" height=\"188\" \/>Turska &#8211;\u00a0Ove godine je obilje\u017eena\u00a0561. godi\u0161njica osvajanja Istanbula. Dr\u017eavne institucije i nevladine organizacije su organizovale brojne manifestacije u kojima se isti\u010de &#8220;va\u017enost osvajanja&#8221;.<\/strong><\/p>\n<p style=\"color: #414141;\">U povodu obilje\u017eavanja godi\u0161njice, posje\u0107en je mezar Fatiha Sultana Mehmeda smje\u0161ten u istanbulskoj d\u017eamiji Fatih.<\/p>\n<p style=\"color: #414141;\">U toku programa, kojem je prisustvovao guverner Istanbula Huseyin Avni Mutlu. gradona\u010delnik Istanbula Kadir Topba\u0161 i \u0161ef Policijske uprave Selami Altinok, glavni imam d\u017eamije Fatih Osman \u0160ahin prou\u010dio je suru El-Feth. \u00a0Nakon u\u010denja Kur'ana, u dvori\u0161tu ispred d\u017eamije prisutni su po\u010da\u0161\u0107eni osmanskim \u0161erbetom.<\/p>\n<div style=\"color: #414141;\">(trtbosanski)<\/div>\n","protected":false},"excerpt":{"rendered":"<p>Turska &#8211;\u00a0Ove godine je obilje\u017eena\u00a0561. godi\u0161njica osvajanja Istanbula. Dr\u017eavne institucije i nevladine organizacije su organizovale brojne manifestacije u kojima se isti\u010de &#8220;va\u017enost osvajanja&#8221;. U povodu obilje\u017eavanja godi\u0161njice, posje\u0107en je mezar Fatiha Sultana Mehmeda smje\u0161ten u istanbulskoj d\u017eamiji Fatih. U toku programa, kojem je prisustvovao guverner Istanbula Huseyin Avni Mutlu. gradona\u010delnik Istanbula Kadir Topba\u0161 i \u0161ef [&hellip;]<\/p>\n","protected":false},"author":83,"featured_media":106666,"comment_status":"open","ping_status":"open","sticky":false,"template":"","format":"standard","meta":{"footnotes":""},"categories":[9,2692],"tags":[],"class_list":{"0":"post-106665","1":"post","2":"type-post","3":"status-publish","4":"format-standard","5":"has-post-thumbnail","7":"category-svijet","8":"category-turska-gradovi"},"yoast_head":"<!-- This site is optimized with the Yoast SEO Premium plugin v23.1 (Yoast SEO v24.9) - https:\/\/yoast.com\/wordpress\/plugins\/seo\/ -->\n<title>Obilje\u017eena 561. godi\u0161njica osvajanja Istanbula<\/title>\n<meta name=\"robots\" content=\"index, follow, max-snippet:-1, max-image-preview:large, max-video-preview:-1\" \/>\n<link rel=\"canonical\" href=\"https:\/\/sandzakpress.net\/arhiva\/obiljezena-561-godisnjica-osvajanja-istanbula\/\" \/>\n<meta property=\"og:locale\" content=\"bs_BA\" \/>\n<meta property=\"og:type\" content=\"article\" \/>\n<meta property=\"og:title\" content=\"Obilje\u017eena 561. godi\u0161njica osvajanja Istanbula\" \/>\n<meta property=\"og:description\" content=\"Turska &#8211;\u00a0Ove godine je obilje\u017eena\u00a0561. godi\u0161njica osvajanja Istanbula. Dr\u017eavne institucije i nevladine organizacije su organizovale brojne manifestacije u kojima se isti\u010de &#8220;va\u017enost osvajanja&#8221;. U povodu obilje\u017eavanja godi\u0161njice, posje\u0107en je mezar Fatiha Sultana Mehmeda smje\u0161ten u istanbulskoj d\u017eamiji Fatih. U toku programa, kojem je prisustvovao guverner Istanbula Huseyin Avni Mutlu. gradona\u010delnik Istanbula Kadir Topba\u0161 i \u0161ef [&hellip;]\" \/>\n<meta property=\"og:url\" content=\"https:\/\/sandzakpress.net\/arhiva\/obiljezena-561-godisnjica-osvajanja-istanbula\/\" \/>\n<meta property=\"og:site_name\" content=\"Sand\u017eak PRESS\" \/>\n<meta property=\"article:published_time\" content=\"2014-05-30T01:24:17+00:00\" \/>\n<meta property=\"article:modified_time\" content=\"2014-05-30T01:26:22+00:00\" \/>\n<meta property=\"og:image\" content=\"https:\/\/sandzakpress.net\/arhiva\/wp-content\/uploads\/2014\/05\/obiljezavanje-561-godisnjice-osvajanja-istanbula_trt-bosanski-27614.jpg\" \/>\n\t<meta property=\"og:image:width\" content=\"600\" \/>\n\t<meta property=\"og:image:height\" content=\"363\" \/>\n\t<meta property=\"og:image:type\" content=\"image\/jpeg\" \/>\n<meta name=\"author\" content=\"bosniak\" \/>\n<meta name=\"twitter:card\" content=\"summary_large_image\" \/>\n<meta name=\"twitter:label1\" content=\"Written by\" \/>\n\t<meta name=\"twitter:data1\" content=\"bosniak\" \/>\n\t<meta name=\"twitter:label2\" content=\"Est. reading time\" \/>\n\t<meta name=\"twitter:data2\" content=\"1 minuta\" \/>\n<script type=\"application\/ld+json\" class=\"yoast-schema-graph\">{\"@context\":\"https:\/\/schema.org\",\"@graph\":[{\"@type\":\"Article\",\"@id\":\"https:\/\/sandzakpress.net\/arhiva\/obiljezena-561-godisnjica-osvajanja-istanbula\/#article\",\"isPartOf\":{\"@id\":\"https:\/\/sandzakpress.net\/arhiva\/obiljezena-561-godisnjica-osvajanja-istanbula\/\"},\"author\":{\"name\":\"bosniak\",\"@id\":\"https:\/\/sandzakpress.net\/arhiva\/#\/schema\/person\/c8baee722073534b583ea7bdb2e36c02\"},\"headline\":\"Obilje\u017eena 561. godi\u0161njica osvajanja Istanbula\",\"datePublished\":\"2014-05-30T01:24:17+00:00\",\"dateModified\":\"2014-05-30T01:26:22+00:00\",\"mainEntityOfPage\":{\"@id\":\"https:\/\/sandzakpress.net\/arhiva\/obiljezena-561-godisnjica-osvajanja-istanbula\/\"},\"wordCount\":108,\"commentCount\":7,\"publisher\":{\"@id\":\"https:\/\/sandzakpress.net\/arhiva\/#\/schema\/person\/6e72b67d6e51910a1117b3b483ba20bd\"},\"image\":{\"@id\":\"https:\/\/sandzakpress.net\/arhiva\/obiljezena-561-godisnjica-osvajanja-istanbula\/#primaryimage\"},\"thumbnailUrl\":\"https:\/\/sandzakpress.net\/arhiva\/wp-content\/uploads\/2014\/05\/obiljezavanje-561-godisnjice-osvajanja-istanbula_trt-bosanski-27614.jpg\",\"articleSection\":[\"Svijet\",\"Turska\"],\"inLanguage\":\"bs-BA\",\"potentialAction\":[{\"@type\":\"CommentAction\",\"name\":\"Comment\",\"target\":[\"https:\/\/sandzakpress.net\/arhiva\/obiljezena-561-godisnjica-osvajanja-istanbula\/#respond\"]}]},{\"@type\":\"WebPage\",\"@id\":\"https:\/\/sandzakpress.net\/arhiva\/obiljezena-561-godisnjica-osvajanja-istanbula\/\",\"url\":\"https:\/\/sandzakpress.net\/arhiva\/obiljezena-561-godisnjica-osvajanja-istanbula\/\",\"name\":\"Obilje\u017eena 561. godi\u0161njica osvajanja Istanbula\",\"isPartOf\":{\"@id\":\"https:\/\/sandzakpress.net\/arhiva\/#website\"},\"primaryImageOfPage\":{\"@id\":\"https:\/\/sandzakpress.net\/arhiva\/obiljezena-561-godisnjica-osvajanja-istanbula\/#primaryimage\"},\"image\":{\"@id\":\"https:\/\/sandzakpress.net\/arhiva\/obiljezena-561-godisnjica-osvajanja-istanbula\/#primaryimage\"},\"thumbnailUrl\":\"https:\/\/sandzakpress.net\/arhiva\/wp-content\/uploads\/2014\/05\/obiljezavanje-561-godisnjice-osvajanja-istanbula_trt-bosanski-27614.jpg\",\"datePublished\":\"2014-05-30T01:24:17+00:00\",\"dateModified\":\"2014-05-30T01:26:22+00:00\",\"breadcrumb\":{\"@id\":\"https:\/\/sandzakpress.net\/arhiva\/obiljezena-561-godisnjica-osvajanja-istanbula\/#breadcrumb\"},\"inLanguage\":\"bs-BA\",\"potentialAction\":[{\"@type\":\"ReadAction\",\"target\":[\"https:\/\/sandzakpress.net\/arhiva\/obiljezena-561-godisnjica-osvajanja-istanbula\/\"]}]},{\"@type\":\"ImageObject\",\"inLanguage\":\"bs-BA\",\"@id\":\"https:\/\/sandzakpress.net\/arhiva\/obiljezena-561-godisnjica-osvajanja-istanbula\/#primaryimage\",\"url\":\"https:\/\/sandzakpress.net\/arhiva\/wp-content\/uploads\/2014\/05\/obiljezavanje-561-godisnjice-osvajanja-istanbula_trt-bosanski-27614.jpg\",\"contentUrl\":\"https:\/\/sandzakpress.net\/arhiva\/wp-content\/uploads\/2014\/05\/obiljezavanje-561-godisnjice-osvajanja-istanbula_trt-bosanski-27614.jpg\",\"width\":600,\"height\":363},{\"@type\":\"BreadcrumbList\",\"@id\":\"https:\/\/sandzakpress.net\/arhiva\/obiljezena-561-godisnjica-osvajanja-istanbula\/#breadcrumb\",\"itemListElement\":[{\"@type\":\"ListItem\",\"position\":1,\"name\":\"Home\",\"item\":\"https:\/\/sandzakpress.net\/arhiva\/\"},{\"@type\":\"ListItem\",\"position\":2,\"name\":\"Obilje\u017eena 561. godi\u0161njica osvajanja Istanbula\"}]},{\"@type\":\"WebSite\",\"@id\":\"https:\/\/sandzakpress.net\/arhiva\/#website\",\"url\":\"https:\/\/sandzakpress.net\/arhiva\/\",\"name\":\"Sand\u017eak PRESS\",\"description\":\"Prve elektronske novine u Sand\u017eaku\",\"publisher\":{\"@id\":\"https:\/\/sandzakpress.net\/arhiva\/#\/schema\/person\/6e72b67d6e51910a1117b3b483ba20bd\"},\"potentialAction\":[{\"@type\":\"SearchAction\",\"target\":{\"@type\":\"EntryPoint\",\"urlTemplate\":\"https:\/\/sandzakpress.net\/arhiva\/?s={search_term_string}\"},\"query-input\":{\"@type\":\"PropertyValueSpecification\",\"valueRequired\":true,\"valueName\":\"search_term_string\"}}],\"inLanguage\":\"bs-BA\"},{\"@type\":[\"Person\",\"Organization\"],\"@id\":\"https:\/\/sandzakpress.net\/arhiva\/#\/schema\/person\/6e72b67d6e51910a1117b3b483ba20bd\",\"name\":\"Kul\",\"image\":{\"@type\":\"ImageObject\",\"inLanguage\":\"bs-BA\",\"@id\":\"https:\/\/sandzakpress.net\/arhiva\/#\/schema\/person\/image\/\",\"url\":\"https:\/\/secure.gravatar.com\/avatar\/42263f39aa27ac04c43cab85c280eb2e?s=96&d=mm&r=pg\",\"contentUrl\":\"https:\/\/secure.gravatar.com\/avatar\/42263f39aa27ac04c43cab85c280eb2e?s=96&d=mm&r=pg\",\"caption\":\"Kul\"},\"logo\":{\"@id\":\"https:\/\/sandzakpress.net\/arhiva\/#\/schema\/person\/image\/\"}},{\"@type\":\"Person\",\"@id\":\"https:\/\/sandzakpress.net\/arhiva\/#\/schema\/person\/c8baee722073534b583ea7bdb2e36c02\",\"name\":\"bosniak\",\"image\":{\"@type\":\"ImageObject\",\"inLanguage\":\"bs-BA\",\"@id\":\"https:\/\/sandzakpress.net\/arhiva\/#\/schema\/person\/image\/\",\"url\":\"https:\/\/secure.gravatar.com\/avatar\/a04fd330bfe3a36a72a0ad4a6d89fca7?s=96&d=mm&r=pg\",\"contentUrl\":\"https:\/\/secure.gravatar.com\/avatar\/a04fd330bfe3a36a72a0ad4a6d89fca7?s=96&d=mm&r=pg\",\"caption\":\"bosniak\"},\"url\":\"https:\/\/sandzakpress.net\/arhiva\/author\/bosniak\/\"}]}<\/script>\n<!-- \/ Yoast SEO Premium plugin. -->","yoast_head_json":{"title":"Obilje\u017eena 561. godi\u0161njica osvajanja Istanbula","robots":{"index":"index","follow":"follow","max-snippet":"max-snippet:-1","max-image-preview":"max-image-preview:large","max-video-preview":"max-video-preview:-1"},"canonical":"https:\/\/sandzakpress.net\/arhiva\/obiljezena-561-godisnjica-osvajanja-istanbula\/","og_locale":"bs_BA","og_type":"article","og_title":"Obilje\u017eena 561. godi\u0161njica osvajanja Istanbula","og_description":"Turska &#8211;\u00a0Ove godine je obilje\u017eena\u00a0561. godi\u0161njica osvajanja Istanbula. Dr\u017eavne institucije i nevladine organizacije su organizovale brojne manifestacije u kojima se isti\u010de &#8220;va\u017enost osvajanja&#8221;. U povodu obilje\u017eavanja godi\u0161njice, posje\u0107en je mezar Fatiha Sultana Mehmeda smje\u0161ten u istanbulskoj d\u017eamiji Fatih. U toku programa, kojem je prisustvovao guverner Istanbula Huseyin Avni Mutlu. gradona\u010delnik Istanbula Kadir Topba\u0161 i \u0161ef [&hellip;]","og_url":"https:\/\/sandzakpress.net\/arhiva\/obiljezena-561-godisnjica-osvajanja-istanbula\/","og_site_name":"Sand\u017eak PRESS","article_published_time":"2014-05-30T01:24:17+00:00","article_modified_time":"2014-05-30T01:26:22+00:00","og_image":[{"width":600,"height":363,"url":"https:\/\/sandzakpress.net\/arhiva\/wp-content\/uploads\/2014\/05\/obiljezavanje-561-godisnjice-osvajanja-istanbula_trt-bosanski-27614.jpg","type":"image\/jpeg"}],"author":"bosniak","twitter_card":"summary_large_image","twitter_misc":{"Written by":"bosniak","Est. reading time":"1 minuta"},"schema":{"@context":"https:\/\/schema.org","@graph":[{"@type":"Article","@id":"https:\/\/sandzakpress.net\/arhiva\/obiljezena-561-godisnjica-osvajanja-istanbula\/#article","isPartOf":{"@id":"https:\/\/sandzakpress.net\/arhiva\/obiljezena-561-godisnjica-osvajanja-istanbula\/"},"author":{"name":"bosniak","@id":"https:\/\/sandzakpress.net\/arhiva\/#\/schema\/person\/c8baee722073534b583ea7bdb2e36c02"},"headline":"Obilje\u017eena 561. godi\u0161njica osvajanja Istanbula","datePublished":"2014-05-30T01:24:17+00:00","dateModified":"2014-05-30T01:26:22+00:00","mainEntityOfPage":{"@id":"https:\/\/sandzakpress.net\/arhiva\/obiljezena-561-godisnjica-osvajanja-istanbula\/"},"wordCount":108,"commentCount":7,"publisher":{"@id":"https:\/\/sandzakpress.net\/arhiva\/#\/schema\/person\/6e72b67d6e51910a1117b3b483ba20bd"},"image":{"@id":"https:\/\/sandzakpress.net\/arhiva\/obiljezena-561-godisnjica-osvajanja-istanbula\/#primaryimage"},"thumbnailUrl":"https:\/\/sandzakpress.net\/arhiva\/wp-content\/uploads\/2014\/05\/obiljezavanje-561-godisnjice-osvajanja-istanbula_trt-bosanski-27614.jpg","articleSection":["Svijet","Turska"],"inLanguage":"bs-BA","potentialAction":[{"@type":"CommentAction","name":"Comment","target":["https:\/\/sandzakpress.net\/arhiva\/obiljezena-561-godisnjica-osvajanja-istanbula\/#respond"]}]},{"@type":"WebPage","@id":"https:\/\/sandzakpress.net\/arhiva\/obiljezena-561-godisnjica-osvajanja-istanbula\/","url":"https:\/\/sandzakpress.net\/arhiva\/obiljezena-561-godisnjica-osvajanja-istanbula\/","name":"Obilje\u017eena 561. godi\u0161njica osvajanja Istanbula","isPartOf":{"@id":"https:\/\/sandzakpress.net\/arhiva\/#website"},"primaryImageOfPage":{"@id":"https:\/\/sandzakpress.net\/arhiva\/obiljezena-561-godisnjica-osvajanja-istanbula\/#primaryimage"},"image":{"@id":"https:\/\/sandzakpress.net\/arhiva\/obiljezena-561-godisnjica-osvajanja-istanbula\/#primaryimage"},"thumbnailUrl":"https:\/\/sandzakpress.net\/arhiva\/wp-content\/uploads\/2014\/05\/obiljezavanje-561-godisnjice-osvajanja-istanbula_trt-bosanski-27614.jpg","datePublished":"2014-05-30T01:24:17+00:00","dateModified":"2014-05-30T01:26:22+00:00","breadcrumb":{"@id":"https:\/\/sandzakpress.net\/arhiva\/obiljezena-561-godisnjica-osvajanja-istanbula\/#breadcrumb"},"inLanguage":"bs-BA","potentialAction":[{"@type":"ReadAction","target":["https:\/\/sandzakpress.net\/arhiva\/obiljezena-561-godisnjica-osvajanja-istanbula\/"]}]},{"@type":"ImageObject","inLanguage":"bs-BA","@id":"https:\/\/sandzakpress.net\/arhiva\/obiljezena-561-godisnjica-osvajanja-istanbula\/#primaryimage","url":"https:\/\/sandzakpress.net\/arhiva\/wp-content\/uploads\/2014\/05\/obiljezavanje-561-godisnjice-osvajanja-istanbula_trt-bosanski-27614.jpg","contentUrl":"https:\/\/sandzakpress.net\/arhiva\/wp-content\/uploads\/2014\/05\/obiljezavanje-561-godisnjice-osvajanja-istanbula_trt-bosanski-27614.jpg","width":600,"height":363},{"@type":"BreadcrumbList","@id":"https:\/\/sandzakpress.net\/arhiva\/obiljezena-561-godisnjica-osvajanja-istanbula\/#breadcrumb","itemListElement":[{"@type":"ListItem","position":1,"name":"Home","item":"https:\/\/sandzakpress.net\/arhiva\/"},{"@type":"ListItem","position":2,"name":"Obilje\u017eena 561. godi\u0161njica osvajanja Istanbula"}]},{"@type":"WebSite","@id":"https:\/\/sandzakpress.net\/arhiva\/#website","url":"https:\/\/sandzakpress.net\/arhiva\/","name":"Sand\u017eak PRESS","description":"Prve elektronske novine u Sand\u017eaku","publisher":{"@id":"https:\/\/sandzakpress.net\/arhiva\/#\/schema\/person\/6e72b67d6e51910a1117b3b483ba20bd"},"potentialAction":[{"@type":"SearchAction","target":{"@type":"EntryPoint","urlTemplate":"https:\/\/sandzakpress.net\/arhiva\/?s={search_term_string}"},"query-input":{"@type":"PropertyValueSpecification","valueRequired":true,"valueName":"search_term_string"}}],"inLanguage":"bs-BA"},{"@type":["Person","Organization"],"@id":"https:\/\/sandzakpress.net\/arhiva\/#\/schema\/person\/6e72b67d6e51910a1117b3b483ba20bd","name":"Kul","image":{"@type":"ImageObject","inLanguage":"bs-BA","@id":"https:\/\/sandzakpress.net\/arhiva\/#\/schema\/person\/image\/","url":"https:\/\/secure.gravatar.com\/avatar\/42263f39aa27ac04c43cab85c280eb2e?s=96&d=mm&r=pg","contentUrl":"https:\/\/secure.gravatar.com\/avatar\/42263f39aa27ac04c43cab85c280eb2e?s=96&d=mm&r=pg","caption":"Kul"},"logo":{"@id":"https:\/\/sandzakpress.net\/arhiva\/#\/schema\/person\/image\/"}},{"@type":"Person","@id":"https:\/\/sandzakpress.net\/arhiva\/#\/schema\/person\/c8baee722073534b583ea7bdb2e36c02","name":"bosniak","image":{"@type":"ImageObject","inLanguage":"bs-BA","@id":"https:\/\/sandzakpress.net\/arhiva\/#\/schema\/person\/image\/","url":"https:\/\/secure.gravatar.com\/avatar\/a04fd330bfe3a36a72a0ad4a6d89fca7?s=96&d=mm&r=pg","contentUrl":"https:\/\/secure.gravatar.com\/avatar\/a04fd330bfe3a36a72a0ad4a6d89fca7?s=96&d=mm&r=pg","caption":"bosniak"},"url":"https:\/\/sandzakpress.net\/arhiva\/author\/bosniak\/"}]}},"_links":{"self":[{"href":"https:\/\/sandzakpress.net\/arhiva\/wp-json\/wp\/v2\/posts\/106665"}],"collection":[{"href":"https:\/\/sandzakpress.net\/arhiva\/wp-json\/wp\/v2\/posts"}],"about":[{"href":"https:\/\/sandzakpress.net\/arhiva\/wp-json\/wp\/v2\/types\/post"}],"author":[{"embeddable":true,"href":"https:\/\/sandzakpress.net\/arhiva\/wp-json\/wp\/v2\/users\/83"}],"replies":[{"embeddable":true,"href":"https:\/\/sandzakpress.net\/arhiva\/wp-json\/wp\/v2\/comments?post=106665"}],"version-history":[{"count":0,"href":"https:\/\/sandzakpress.net\/arhiva\/wp-json\/wp\/v2\/posts\/106665\/revisions"}],"wp:featuredmedia":[{"embeddable":true,"href":"https:\/\/sandzakpress.net\/arhiva\/wp-json\/wp\/v2\/media\/106666"}],"wp:attachment":[{"href":"https:\/\/sandzakpress.net\/arhiva\/wp-json\/wp\/v2\/media?parent=106665"}],"wp:term":[{"taxonomy":"category","embeddable":true,"href":"https:\/\/sandzakpress.net\/arhiva\/wp-json\/wp\/v2\/categories?post=106665"},{"taxonomy":"post_tag","embeddable":true,"href":"https:\/\/sandzakpress.net\/arhiva\/wp-json\/wp\/v2\/tags?post=106665"}],"curies":[{"name":"wp","href":"https:\/\/api.w.org\/{rel}","templated":true}]}}