{"id":10665,"date":"2010-12-17T01:59:49","date_gmt":"2010-12-17T00:59:49","guid":{"rendered":"https:\/\/sandzakpress.net\/arhiva\/?p=10665"},"modified":"2010-12-17T02:08:22","modified_gmt":"2010-12-17T01:08:22","slug":"fehratovic-novi-predsjednik-bkz-a","status":"publish","type":"post","link":"https:\/\/sandzakpress.net\/arhiva\/fehratovic-novi-predsjednik-bkz-a\/","title":{"rendered":"Fehratovi\u0107 novi predsjednik BKZ-a"},"content":{"rendered":"<p><strong><a href=\"https:\/\/sandzakpress.net\/arhiva\/wp-content\/uploads\/2010\/12\/Jahja-Fehratovic-fotos.jpg\"><img loading=\"lazy\" decoding=\"async\" class=\"alignleft size-full wp-image-10666\" title=\"Jahja Fehratovic fotos\" src=\"https:\/\/sandzakpress.net\/arhiva\/wp-content\/uploads\/2010\/12\/Jahja-Fehratovic-fotos.jpg\" alt=\"\" width=\"158\" height=\"117\" \/><\/a>Sjeverni Sand\u017eak &#8211; Na sjednici Predsjedni\u0161tva za novog predsjednika BKZ izabran je mladi knji\u017eevnik iz Novog Pazara Jahja Fehratovi\u0107 umjesto dosada\u0161njeg predsjednika dr. Mevluda Dudi\u0107a, a na mjesto sekretara BKZ imenovan je Salahudin Feti\u0107.<\/strong><\/p>\n<p>Jahja Fehratovi\u0107 je profesor bosanskog jezika i knji\u017eevnosti na Internacionalnom univerzitetu u Novom Pazaru. U BKZ-u je do sada djelovao kao predsjednik resora za knji\u017eevnost.<\/p>\n<p><strong>Izvor: SandzakPRESS.net<br \/>\n<\/strong><\/p>\n","protected":false},"excerpt":{"rendered":"<p>Sjeverni Sand\u017eak &#8211; Na sjednici Predsjedni\u0161tva za novog predsjednika BKZ izabran je mladi knji\u017eevnik iz Novog Pazara Jahja Fehratovi\u0107 umjesto dosada\u0161njeg predsjednika dr. Mevluda Dudi\u0107a, a na mjesto sekretara BKZ imenovan je Salahudin Feti\u0107. Jahja Fehratovi\u0107 je profesor bosanskog jezika i knji\u017eevnosti na Internacionalnom univerzitetu u Novom Pazaru. U BKZ-u je do sada djelovao kao [&hellip;]<\/p>\n","protected":false},"author":83,"featured_media":10666,"comment_status":"open","ping_status":"open","sticky":false,"template":"","format":"standard","meta":{"footnotes":""},"categories":[72,800,52,327,392,393,394],"tags":[],"class_list":{"0":"post-10665","1":"post","2":"type-post","3":"status-publish","4":"format-standard","5":"has-post-thumbnail","7":"category-novi-pazar","8":"category-nacija","9":"category-sjenica","10":"category-tutin","11":"category-prijepolje_","12":"category-priboj","13":"category-nova-varos"},"yoast_head":"<!-- This site is optimized with the Yoast SEO Premium plugin v23.1 (Yoast SEO v24.9) - https:\/\/yoast.com\/wordpress\/plugins\/seo\/ -->\n<title>Fehratovi\u0107 novi predsjednik BKZ-a<\/title>\n<meta name=\"robots\" content=\"index, follow, max-snippet:-1, max-image-preview:large, max-video-preview:-1\" \/>\n<link rel=\"canonical\" href=\"https:\/\/sandzakpress.net\/arhiva\/fehratovic-novi-predsjednik-bkz-a\/\" \/>\n<meta property=\"og:locale\" content=\"bs_BA\" \/>\n<meta property=\"og:type\" content=\"article\" \/>\n<meta property=\"og:title\" content=\"Fehratovi\u0107 novi predsjednik BKZ-a\" \/>\n<meta property=\"og:description\" content=\"Sjeverni Sand\u017eak &#8211; Na sjednici Predsjedni\u0161tva za novog predsjednika BKZ izabran je mladi knji\u017eevnik iz Novog Pazara Jahja Fehratovi\u0107 umjesto dosada\u0161njeg predsjednika dr. Mevluda Dudi\u0107a, a na mjesto sekretara BKZ imenovan je Salahudin Feti\u0107. Jahja Fehratovi\u0107 je profesor bosanskog jezika i knji\u017eevnosti na Internacionalnom univerzitetu u Novom Pazaru. U BKZ-u je do sada djelovao kao [&hellip;]\" \/>\n<meta property=\"og:url\" content=\"https:\/\/sandzakpress.net\/arhiva\/fehratovic-novi-predsjednik-bkz-a\/\" \/>\n<meta property=\"og:site_name\" content=\"Sand\u017eak PRESS\" \/>\n<meta property=\"article:published_time\" content=\"2010-12-17T00:59:49+00:00\" \/>\n<meta property=\"article:modified_time\" content=\"2010-12-17T01:08:22+00:00\" \/>\n<meta property=\"og:image\" content=\"https:\/\/sandzakpress.net\/arhiva\/wp-content\/uploads\/2010\/12\/Jahja-Fehratovic-fotos.jpg\" \/>\n\t<meta property=\"og:image:width\" content=\"200\" \/>\n\t<meta property=\"og:image:height\" content=\"150\" \/>\n\t<meta property=\"og:image:type\" content=\"image\/jpeg\" \/>\n<meta name=\"author\" content=\"bosniak\" \/>\n<meta name=\"twitter:card\" content=\"summary_large_image\" \/>\n<meta name=\"twitter:label1\" content=\"Written by\" \/>\n\t<meta name=\"twitter:data1\" content=\"bosniak\" \/>\n<script type=\"application\/ld+json\" class=\"yoast-schema-graph\">{\"@context\":\"https:\/\/schema.org\",\"@graph\":[{\"@type\":\"Article\",\"@id\":\"https:\/\/sandzakpress.net\/arhiva\/fehratovic-novi-predsjednik-bkz-a\/#article\",\"isPartOf\":{\"@id\":\"https:\/\/sandzakpress.net\/arhiva\/fehratovic-novi-predsjednik-bkz-a\/\"},\"author\":{\"name\":\"bosniak\",\"@id\":\"https:\/\/sandzakpress.net\/arhiva\/#\/schema\/person\/c8baee722073534b583ea7bdb2e36c02\"},\"headline\":\"Fehratovi\u0107 novi predsjednik BKZ-a\",\"datePublished\":\"2010-12-17T00:59:49+00:00\",\"dateModified\":\"2010-12-17T01:08:22+00:00\",\"mainEntityOfPage\":{\"@id\":\"https:\/\/sandzakpress.net\/arhiva\/fehratovic-novi-predsjednik-bkz-a\/\"},\"wordCount\":73,\"commentCount\":9,\"publisher\":{\"@id\":\"https:\/\/sandzakpress.net\/arhiva\/#\/schema\/person\/6e72b67d6e51910a1117b3b483ba20bd\"},\"image\":{\"@id\":\"https:\/\/sandzakpress.net\/arhiva\/fehratovic-novi-predsjednik-bkz-a\/#primaryimage\"},\"thumbnailUrl\":\"https:\/\/sandzakpress.net\/arhiva\/wp-content\/uploads\/2010\/12\/Jahja-Fehratovic-fotos.jpg\",\"articleSection\":[\"Novi Pazar\",\"Nacija\",\"Sjenica\",\"Tutin\",\"Prijepolje\",\"Priboj\",\"Nova Varo\u0161\"],\"inLanguage\":\"bs-BA\",\"potentialAction\":[{\"@type\":\"CommentAction\",\"name\":\"Comment\",\"target\":[\"https:\/\/sandzakpress.net\/arhiva\/fehratovic-novi-predsjednik-bkz-a\/#respond\"]}]},{\"@type\":\"WebPage\",\"@id\":\"https:\/\/sandzakpress.net\/arhiva\/fehratovic-novi-predsjednik-bkz-a\/\",\"url\":\"https:\/\/sandzakpress.net\/arhiva\/fehratovic-novi-predsjednik-bkz-a\/\",\"name\":\"Fehratovi\u0107 novi predsjednik BKZ-a\",\"isPartOf\":{\"@id\":\"https:\/\/sandzakpress.net\/arhiva\/#website\"},\"primaryImageOfPage\":{\"@id\":\"https:\/\/sandzakpress.net\/arhiva\/fehratovic-novi-predsjednik-bkz-a\/#primaryimage\"},\"image\":{\"@id\":\"https:\/\/sandzakpress.net\/arhiva\/fehratovic-novi-predsjednik-bkz-a\/#primaryimage\"},\"thumbnailUrl\":\"https:\/\/sandzakpress.net\/arhiva\/wp-content\/uploads\/2010\/12\/Jahja-Fehratovic-fotos.jpg\",\"datePublished\":\"2010-12-17T00:59:49+00:00\",\"dateModified\":\"2010-12-17T01:08:22+00:00\",\"breadcrumb\":{\"@id\":\"https:\/\/sandzakpress.net\/arhiva\/fehratovic-novi-predsjednik-bkz-a\/#breadcrumb\"},\"inLanguage\":\"bs-BA\",\"potentialAction\":[{\"@type\":\"ReadAction\",\"target\":[\"https:\/\/sandzakpress.net\/arhiva\/fehratovic-novi-predsjednik-bkz-a\/\"]}]},{\"@type\":\"ImageObject\",\"inLanguage\":\"bs-BA\",\"@id\":\"https:\/\/sandzakpress.net\/arhiva\/fehratovic-novi-predsjednik-bkz-a\/#primaryimage\",\"url\":\"https:\/\/sandzakpress.net\/arhiva\/wp-content\/uploads\/2010\/12\/Jahja-Fehratovic-fotos.jpg\",\"contentUrl\":\"https:\/\/sandzakpress.net\/arhiva\/wp-content\/uploads\/2010\/12\/Jahja-Fehratovic-fotos.jpg\",\"width\":200,\"height\":150},{\"@type\":\"BreadcrumbList\",\"@id\":\"https:\/\/sandzakpress.net\/arhiva\/fehratovic-novi-predsjednik-bkz-a\/#breadcrumb\",\"itemListElement\":[{\"@type\":\"ListItem\",\"position\":1,\"name\":\"Home\",\"item\":\"https:\/\/sandzakpress.net\/arhiva\/\"},{\"@type\":\"ListItem\",\"position\":2,\"name\":\"Fehratovi\u0107 novi predsjednik BKZ-a\"}]},{\"@type\":\"WebSite\",\"@id\":\"https:\/\/sandzakpress.net\/arhiva\/#website\",\"url\":\"https:\/\/sandzakpress.net\/arhiva\/\",\"name\":\"Sand\u017eak PRESS\",\"description\":\"Prve elektronske novine u Sand\u017eaku\",\"publisher\":{\"@id\":\"https:\/\/sandzakpress.net\/arhiva\/#\/schema\/person\/6e72b67d6e51910a1117b3b483ba20bd\"},\"potentialAction\":[{\"@type\":\"SearchAction\",\"target\":{\"@type\":\"EntryPoint\",\"urlTemplate\":\"https:\/\/sandzakpress.net\/arhiva\/?s={search_term_string}\"},\"query-input\":{\"@type\":\"PropertyValueSpecification\",\"valueRequired\":true,\"valueName\":\"search_term_string\"}}],\"inLanguage\":\"bs-BA\"},{\"@type\":[\"Person\",\"Organization\"],\"@id\":\"https:\/\/sandzakpress.net\/arhiva\/#\/schema\/person\/6e72b67d6e51910a1117b3b483ba20bd\",\"name\":\"Kul\",\"image\":{\"@type\":\"ImageObject\",\"inLanguage\":\"bs-BA\",\"@id\":\"https:\/\/sandzakpress.net\/arhiva\/#\/schema\/person\/image\/\",\"url\":\"https:\/\/secure.gravatar.com\/avatar\/42263f39aa27ac04c43cab85c280eb2e?s=96&d=mm&r=pg\",\"contentUrl\":\"https:\/\/secure.gravatar.com\/avatar\/42263f39aa27ac04c43cab85c280eb2e?s=96&d=mm&r=pg\",\"caption\":\"Kul\"},\"logo\":{\"@id\":\"https:\/\/sandzakpress.net\/arhiva\/#\/schema\/person\/image\/\"}},{\"@type\":\"Person\",\"@id\":\"https:\/\/sandzakpress.net\/arhiva\/#\/schema\/person\/c8baee722073534b583ea7bdb2e36c02\",\"name\":\"bosniak\",\"image\":{\"@type\":\"ImageObject\",\"inLanguage\":\"bs-BA\",\"@id\":\"https:\/\/sandzakpress.net\/arhiva\/#\/schema\/person\/image\/\",\"url\":\"https:\/\/secure.gravatar.com\/avatar\/a04fd330bfe3a36a72a0ad4a6d89fca7?s=96&d=mm&r=pg\",\"contentUrl\":\"https:\/\/secure.gravatar.com\/avatar\/a04fd330bfe3a36a72a0ad4a6d89fca7?s=96&d=mm&r=pg\",\"caption\":\"bosniak\"},\"url\":\"https:\/\/sandzakpress.net\/arhiva\/author\/bosniak\/\"}]}<\/script>\n<!-- \/ Yoast SEO Premium plugin. -->","yoast_head_json":{"title":"Fehratovi\u0107 novi predsjednik BKZ-a","robots":{"index":"index","follow":"follow","max-snippet":"max-snippet:-1","max-image-preview":"max-image-preview:large","max-video-preview":"max-video-preview:-1"},"canonical":"https:\/\/sandzakpress.net\/arhiva\/fehratovic-novi-predsjednik-bkz-a\/","og_locale":"bs_BA","og_type":"article","og_title":"Fehratovi\u0107 novi predsjednik BKZ-a","og_description":"Sjeverni Sand\u017eak &#8211; Na sjednici Predsjedni\u0161tva za novog predsjednika BKZ izabran je mladi knji\u017eevnik iz Novog Pazara Jahja Fehratovi\u0107 umjesto dosada\u0161njeg predsjednika dr. Mevluda Dudi\u0107a, a na mjesto sekretara BKZ imenovan je Salahudin Feti\u0107. Jahja Fehratovi\u0107 je profesor bosanskog jezika i knji\u017eevnosti na Internacionalnom univerzitetu u Novom Pazaru. U BKZ-u je do sada djelovao kao [&hellip;]","og_url":"https:\/\/sandzakpress.net\/arhiva\/fehratovic-novi-predsjednik-bkz-a\/","og_site_name":"Sand\u017eak PRESS","article_published_time":"2010-12-17T00:59:49+00:00","article_modified_time":"2010-12-17T01:08:22+00:00","og_image":[{"width":200,"height":150,"url":"https:\/\/sandzakpress.net\/arhiva\/wp-content\/uploads\/2010\/12\/Jahja-Fehratovic-fotos.jpg","type":"image\/jpeg"}],"author":"bosniak","twitter_card":"summary_large_image","twitter_misc":{"Written by":"bosniak"},"schema":{"@context":"https:\/\/schema.org","@graph":[{"@type":"Article","@id":"https:\/\/sandzakpress.net\/arhiva\/fehratovic-novi-predsjednik-bkz-a\/#article","isPartOf":{"@id":"https:\/\/sandzakpress.net\/arhiva\/fehratovic-novi-predsjednik-bkz-a\/"},"author":{"name":"bosniak","@id":"https:\/\/sandzakpress.net\/arhiva\/#\/schema\/person\/c8baee722073534b583ea7bdb2e36c02"},"headline":"Fehratovi\u0107 novi predsjednik BKZ-a","datePublished":"2010-12-17T00:59:49+00:00","dateModified":"2010-12-17T01:08:22+00:00","mainEntityOfPage":{"@id":"https:\/\/sandzakpress.net\/arhiva\/fehratovic-novi-predsjednik-bkz-a\/"},"wordCount":73,"commentCount":9,"publisher":{"@id":"https:\/\/sandzakpress.net\/arhiva\/#\/schema\/person\/6e72b67d6e51910a1117b3b483ba20bd"},"image":{"@id":"https:\/\/sandzakpress.net\/arhiva\/fehratovic-novi-predsjednik-bkz-a\/#primaryimage"},"thumbnailUrl":"https:\/\/sandzakpress.net\/arhiva\/wp-content\/uploads\/2010\/12\/Jahja-Fehratovic-fotos.jpg","articleSection":["Novi Pazar","Nacija","Sjenica","Tutin","Prijepolje","Priboj","Nova Varo\u0161"],"inLanguage":"bs-BA","potentialAction":[{"@type":"CommentAction","name":"Comment","target":["https:\/\/sandzakpress.net\/arhiva\/fehratovic-novi-predsjednik-bkz-a\/#respond"]}]},{"@type":"WebPage","@id":"https:\/\/sandzakpress.net\/arhiva\/fehratovic-novi-predsjednik-bkz-a\/","url":"https:\/\/sandzakpress.net\/arhiva\/fehratovic-novi-predsjednik-bkz-a\/","name":"Fehratovi\u0107 novi predsjednik BKZ-a","isPartOf":{"@id":"https:\/\/sandzakpress.net\/arhiva\/#website"},"primaryImageOfPage":{"@id":"https:\/\/sandzakpress.net\/arhiva\/fehratovic-novi-predsjednik-bkz-a\/#primaryimage"},"image":{"@id":"https:\/\/sandzakpress.net\/arhiva\/fehratovic-novi-predsjednik-bkz-a\/#primaryimage"},"thumbnailUrl":"https:\/\/sandzakpress.net\/arhiva\/wp-content\/uploads\/2010\/12\/Jahja-Fehratovic-fotos.jpg","datePublished":"2010-12-17T00:59:49+00:00","dateModified":"2010-12-17T01:08:22+00:00","breadcrumb":{"@id":"https:\/\/sandzakpress.net\/arhiva\/fehratovic-novi-predsjednik-bkz-a\/#breadcrumb"},"inLanguage":"bs-BA","potentialAction":[{"@type":"ReadAction","target":["https:\/\/sandzakpress.net\/arhiva\/fehratovic-novi-predsjednik-bkz-a\/"]}]},{"@type":"ImageObject","inLanguage":"bs-BA","@id":"https:\/\/sandzakpress.net\/arhiva\/fehratovic-novi-predsjednik-bkz-a\/#primaryimage","url":"https:\/\/sandzakpress.net\/arhiva\/wp-content\/uploads\/2010\/12\/Jahja-Fehratovic-fotos.jpg","contentUrl":"https:\/\/sandzakpress.net\/arhiva\/wp-content\/uploads\/2010\/12\/Jahja-Fehratovic-fotos.jpg","width":200,"height":150},{"@type":"BreadcrumbList","@id":"https:\/\/sandzakpress.net\/arhiva\/fehratovic-novi-predsjednik-bkz-a\/#breadcrumb","itemListElement":[{"@type":"ListItem","position":1,"name":"Home","item":"https:\/\/sandzakpress.net\/arhiva\/"},{"@type":"ListItem","position":2,"name":"Fehratovi\u0107 novi predsjednik BKZ-a"}]},{"@type":"WebSite","@id":"https:\/\/sandzakpress.net\/arhiva\/#website","url":"https:\/\/sandzakpress.net\/arhiva\/","name":"Sand\u017eak PRESS","description":"Prve elektronske novine u Sand\u017eaku","publisher":{"@id":"https:\/\/sandzakpress.net\/arhiva\/#\/schema\/person\/6e72b67d6e51910a1117b3b483ba20bd"},"potentialAction":[{"@type":"SearchAction","target":{"@type":"EntryPoint","urlTemplate":"https:\/\/sandzakpress.net\/arhiva\/?s={search_term_string}"},"query-input":{"@type":"PropertyValueSpecification","valueRequired":true,"valueName":"search_term_string"}}],"inLanguage":"bs-BA"},{"@type":["Person","Organization"],"@id":"https:\/\/sandzakpress.net\/arhiva\/#\/schema\/person\/6e72b67d6e51910a1117b3b483ba20bd","name":"Kul","image":{"@type":"ImageObject","inLanguage":"bs-BA","@id":"https:\/\/sandzakpress.net\/arhiva\/#\/schema\/person\/image\/","url":"https:\/\/secure.gravatar.com\/avatar\/42263f39aa27ac04c43cab85c280eb2e?s=96&d=mm&r=pg","contentUrl":"https:\/\/secure.gravatar.com\/avatar\/42263f39aa27ac04c43cab85c280eb2e?s=96&d=mm&r=pg","caption":"Kul"},"logo":{"@id":"https:\/\/sandzakpress.net\/arhiva\/#\/schema\/person\/image\/"}},{"@type":"Person","@id":"https:\/\/sandzakpress.net\/arhiva\/#\/schema\/person\/c8baee722073534b583ea7bdb2e36c02","name":"bosniak","image":{"@type":"ImageObject","inLanguage":"bs-BA","@id":"https:\/\/sandzakpress.net\/arhiva\/#\/schema\/person\/image\/","url":"https:\/\/secure.gravatar.com\/avatar\/a04fd330bfe3a36a72a0ad4a6d89fca7?s=96&d=mm&r=pg","contentUrl":"https:\/\/secure.gravatar.com\/avatar\/a04fd330bfe3a36a72a0ad4a6d89fca7?s=96&d=mm&r=pg","caption":"bosniak"},"url":"https:\/\/sandzakpress.net\/arhiva\/author\/bosniak\/"}]}},"_links":{"self":[{"href":"https:\/\/sandzakpress.net\/arhiva\/wp-json\/wp\/v2\/posts\/10665"}],"collection":[{"href":"https:\/\/sandzakpress.net\/arhiva\/wp-json\/wp\/v2\/posts"}],"about":[{"href":"https:\/\/sandzakpress.net\/arhiva\/wp-json\/wp\/v2\/types\/post"}],"author":[{"embeddable":true,"href":"https:\/\/sandzakpress.net\/arhiva\/wp-json\/wp\/v2\/users\/83"}],"replies":[{"embeddable":true,"href":"https:\/\/sandzakpress.net\/arhiva\/wp-json\/wp\/v2\/comments?post=10665"}],"version-history":[{"count":0,"href":"https:\/\/sandzakpress.net\/arhiva\/wp-json\/wp\/v2\/posts\/10665\/revisions"}],"wp:featuredmedia":[{"embeddable":true,"href":"https:\/\/sandzakpress.net\/arhiva\/wp-json\/wp\/v2\/media\/10666"}],"wp:attachment":[{"href":"https:\/\/sandzakpress.net\/arhiva\/wp-json\/wp\/v2\/media?parent=10665"}],"wp:term":[{"taxonomy":"category","embeddable":true,"href":"https:\/\/sandzakpress.net\/arhiva\/wp-json\/wp\/v2\/categories?post=10665"},{"taxonomy":"post_tag","embeddable":true,"href":"https:\/\/sandzakpress.net\/arhiva\/wp-json\/wp\/v2\/tags?post=10665"}],"curies":[{"name":"wp","href":"https:\/\/api.w.org\/{rel}","templated":true}]}}